{"id":226238,"date":"2025-10-14T14:04:37","date_gmt":"2025-10-14T21:04:37","guid":{"rendered":"https:\/\/www.sonoraenequipo.com.mx\/?p=226238"},"modified":"2025-10-14T14:04:37","modified_gmt":"2025-10-14T21:04:37","slug":"inicia-xx-edicion-del-congreso-estudiantil-de-biologia-en-la-unison","status":"publish","type":"post","link":"https:\/\/www.sonoraenequipo.com.mx\/inicia-xx-edicion-del-congreso-estudiantil-de-biologia-en-la-unison\/","title":{"rendered":"Inicia XX edici\u00f3n del Congreso Estudiantil de Biolog\u00eda en la Unison"},"content":{"rendered":"<p><strong>HERMOSILLO, SONORA, MX.<\/strong> \u2014 Hoy inici\u00f3 en la Universidad de Sonora el Congreso Estudiantil de Biolog\u00eda, Cebio XX: Simbiosis, organizado por el Departamento de Investigaciones Cient\u00edficas y Tecnol\u00f3gicas (Dictus) y la Licenciatura en Biolog\u00eda.<\/p>\n<p>&nbsp;<\/p>\n<p>El programa acad\u00e9mico, que se extiende hasta el viernes 17 de octubre, est\u00e1 cimentado en una serie de conferencias magistrales impartidas por investigadores de gran trayectoria.<\/p>\n<p>&nbsp;<\/p>\n<p>La inauguraci\u00f3n estuvo a cargo de la rectora Dena Mar\u00eda Camarena G\u00f3mez, quien destac\u00f3 que se llega a dos d\u00e9cadas con este congreso que se ha convertido en uno de los m\u00e1s importantes de la regi\u00f3n y del pa\u00eds, que enorgullece a la Unison como instituci\u00f3n y refrenda la esperanza de que m\u00e1s j\u00f3venes lo seguir\u00e1n impulsando.<\/p>\n<p>&nbsp;<\/p>\n<p>\u201cEste evento es fruto del esfuerzo que representa todo un c\u00famulo de experiencias compartidas, de historias personales, de intercambio de conocimiento y de experiencias que se fortalecieron gradualmente.<\/p>\n<p>&nbsp;<\/p>\n<p>\u201cEstoy segura de que en el transcurso de estas dos d\u00e9cadas tambi\u00e9n se trazaron rutas acad\u00e9micas que hoy son realidades: intercambios, propuestas de trabajo para ampliar la visi\u00f3n profesional de decenas de estudiantes y egresados de la Licenciatura en Biolog\u00eda de la Universidad de Sonora\u201d, comparti\u00f3 Camarena G\u00f3mez, en el Sal\u00f3n de Convenciones del Centro de las Artes.<\/p>\n<p>&nbsp;<\/p>\n<p>El programa incluye a especialistas como \u00d3scar Eduardo Hern\u00e1ndez Navarro, Luis C\u00e1rdenas Torres, Rodrigo Medell\u00edn Legorreta, Ver\u00f3nica Mata Haro y Julio Adolfo Acosta Calder\u00f3n, quienes abordar\u00e1n temas de relevancia cient\u00edfica que van desde la ecolog\u00eda de las interacciones biol\u00f3gicas complejas hasta la conservaci\u00f3n, el manejo de fauna y la modulaci\u00f3n de la respuesta inmune, garantizando un an\u00e1lisis de los avances m\u00e1s recientes en biolog\u00eda.<\/p>\n<p>&nbsp;<\/p>\n<p>El eje central del Cebio es la divulgaci\u00f3n de la investigaci\u00f3n generada por la comunidad estudiantil, la cual se manifiesta en 18 ponencias orales que demuestran la amplitud y diversidad de los proyectos de la Licenciatura.<\/p>\n<p>&nbsp;<\/p>\n<p>Complementando las sesiones orales, el congreso incorpora la presentaci\u00f3n de carteles y exposici\u00f3n de dibujos y fotograf\u00edas, as\u00ed como la impartici\u00f3n de diversos talleres especializados.<\/p>\n<p><strong>Simbiosis<\/strong><\/p>\n<p>El tema de esta edici\u00f3n es la simbiosis. Al respecto, la coordinadora del programa de Licenciatura en Biolog\u00eda, Perla Urqu\u00eddez Bejarano, explic\u00f3 que es un concepto que permite entender la interacci\u00f3n entre especies, la cual puede dar lugar a resultados beneficiosos, neutrales o perjudiciales; por lo que ha inspirado soluciones en \u00e1reas como la medicina, la ecolog\u00eda y la biotecnolog\u00eda.<\/p>\n<p>&nbsp;<\/p>\n<p>\u201cDesde la asociaci\u00f3n mutualista entre algas y corales, hasta la asociaci\u00f3n de parasitismo que alberga la salud humana, todos estos conceptos son temas relacionados con la biolog\u00eda, los cuales nos concierne estudiar\u201d, asegur\u00f3.<\/p>\n<p>&nbsp;<\/p>\n<p>Por su parte, la presidenta del comit\u00e9 organizador del Cebio XX, Mahli Jasm\u00edn Soto L\u00f3pez, consider\u00f3 que la simbiosis es una idea que recuerda que la cooperaci\u00f3n, la interconexi\u00f3n y las alianzas son las que permiten que los sistemas complejos y las comunidades cient\u00edficas prosperen y evolucionen.<\/p>\n<p>&nbsp;<\/p>\n<p>\u201cAs\u00ed como los organismos se unen para crear algo m\u00e1s grande que la suma de sus partes, nosotros nos unimos hoy para compartir conocimiento, crear lazos y avanzar juntos\u201d, comparti\u00f3.<\/p>\n<p>&nbsp;<\/p>\n<p>Durante el inicio oficial de actividades estuvieron presentes en el pres\u00eddium el director administrativo del Campus Hermosillo, Juan Carlos G\u00e1lvez Ruiz; el encargado de la Coordinaci\u00f3n General de la Facultad Interdisciplinaria de Ciencias Biol\u00f3gicas y de la Salud, Eduardo Ruiz Bustos; y el jefe del Departamento de Investigaciones Cient\u00edficas y Tecnol\u00f3gicas, Enrique de la Re Vega.<\/p>\n<p>&nbsp;<\/p>\n<p>El programa completo puede consultarse aqu\u00ed:<\/p>\n<p><a href=\"http:\/\/www.dictus.uson.mx\/xx-cebio-del-14-al-17-de-octubre-de-2025\/\">http:\/\/www.dictus.uson.mx\/xx-cebio-del-14-al-17-de-octubre-de-2025\/<\/a><\/p>\n<p><strong>Fecha de publicaci\u00f3n martes 14 de octubre de 2025<\/strong><\/p>\n","protected":false},"excerpt":{"rendered":"<p>HERMOSILLO, SONORA, MX. \u2014 Hoy inici\u00f3 en la Universidad de Sonora el Congreso Estudiantil de&#8230;<\/p>\n","protected":false},"author":1,"featured_media":226239,"comment_status":"open","ping_status":"open","sticky":false,"template":"","format":"standard","meta":{"_monsterinsights_skip_tracking":false,"_monsterinsights_sitenote_active":false,"_monsterinsights_sitenote_note":"","_monsterinsights_sitenote_category":0,"footnotes":""},"categories":[2216],"tags":[7112,1248,63],"class_list":["post"],"yoast_head":" \n<title>Sonora en Equipo. Inicia XX edici\u00f3n del Congreso Estudiantil de Biolog\u00eda en la Unison Ciencia y Tecnolog\u00eda<\/title>\n<meta name=\"description\" content=\"HERMOSILLO, SONORA, MX. \u2014 Hoy inici\u00f3 en la Universidad de Sonora el Congreso Estudiantil de Biolog\u00eda, Cebio XX: Simbiosis, organizado por el Departamento En Sonora en Equipo publicamos toda la informaci\u00f3n de Sonora, M\u00e9xico y el Mundo de manera oportuna y busca que la libertad de expresi\u00f3n sea real. Visita nuestro medio informativo publicado desde Hermosillo, Sonora. %\" \/>\n<meta name=\"robots\" content=\"index, follow, max-snippet:-1, max-image-preview:large, max-video-preview:-1\" \/>\n<link rel=\"canonical\" href=\"https:\/\/www.sonoraenequipo.com.mx\/inicia-xx-edicion-del-congreso-estudiantil-de-biologia-en-la-unison\/\" \/>\n<meta property=\"og:locale\" content=\"es_ES\" \/>\n<meta property=\"og:type\" content=\"article\" \/>\n<meta property=\"og:title\" content=\"Sonora en Equipo. Inicia XX edici\u00f3n del Congreso Estudiantil de Biolog\u00eda en la Unison Ciencia y Tecnolog\u00eda\" \/>\n<meta property=\"og:description\" content=\"HERMOSILLO, SONORA, MX. \u2014 Hoy inici\u00f3 en la Universidad de Sonora el Congreso Estudiantil de Biolog\u00eda, Cebio XX: Simbiosis, organizado por el Departamento En Sonora en Equipo publicamos toda la informaci\u00f3n de Sonora, M\u00e9xico y el Mundo de manera oportuna y busca que la libertad de expresi\u00f3n sea real. Visita nuestro medio informativo publicado desde Hermosillo, Sonora. %\" \/>\n<meta property=\"og:url\" content=\"https:\/\/www.sonoraenequipo.com.mx\/inicia-xx-edicion-del-congreso-estudiantil-de-biologia-en-la-unison\/\" \/>\n<meta property=\"og:site_name\" content=\"Sonora en Equipo.\" \/>\n<meta property=\"article:publisher\" content=\"https:\/\/www.facebook.com\/SonoraEE\/\" \/>\n<meta property=\"article:author\" content=\"https:\/\/www.facebook.com\/SonoraEE\" \/>\n<meta property=\"article:published_time\" content=\"2025-10-14T21:04:37+00:00\" \/>\n<meta property=\"og:image\" content=\"https:\/\/www.sonoraenequipo.com.mx\/storage\/2025\/10\/foro-bioogia-unison.jpg\" \/>\n\t<meta property=\"og:image:width\" content=\"600\" \/>\n\t<meta property=\"og:image:height\" content=\"400\" \/>\n\t<meta property=\"og:image:type\" content=\"image\/jpeg\" \/>\n<meta name=\"author\" content=\"enequipo\" \/>\n<meta name=\"twitter:card\" content=\"summary_large_image\" \/>\n<meta name=\"twitter:creator\" content=\"@sonoraenequipo\" \/>\n<meta name=\"twitter:site\" content=\"@sonoraenequipo\" \/>\n<meta name=\"twitter:label1\" content=\"Escrito por\" \/>\n\t<meta name=\"twitter:data1\" content=\"enequipo\" \/>\n\t<meta name=\"twitter:label2\" content=\"Tiempo de lectura\" \/>\n\t<meta name=\"twitter:data2\" content=\"3 minutos\" \/>\n<script type=\"application\/ld+json\" class=\"yoast-schema-graph\">{\"@context\":\"https:\/\/schema.org\",\"@graph\":[{\"@type\":\"Article\",\"@id\":\"https:\/\/www.sonoraenequipo.com.mx\/inicia-xx-edicion-del-congreso-estudiantil-de-biologia-en-la-unison\/#article\",\"isPartOf\":{\"@id\":\"https:\/\/www.sonoraenequipo.com.mx\/inicia-xx-edicion-del-congreso-estudiantil-de-biologia-en-la-unison\/\"},\"author\":{\"name\":\"enequipo\",\"@id\":\"https:\/\/www.sonoraenequipo.com.mx\/#\/schema\/person\/50102df0fb23a8fa9e8effad8fa81386\"},\"headline\":\"Inicia XX edici\u00f3n del Congreso Estudiantil de Biolog\u00eda en la Unison\",\"datePublished\":\"2025-10-14T21:04:37+00:00\",\"mainEntityOfPage\":{\"@id\":\"https:\/\/www.sonoraenequipo.com.mx\/inicia-xx-edicion-del-congreso-estudiantil-de-biologia-en-la-unison\/\"},\"wordCount\":664,\"commentCount\":0,\"publisher\":{\"@id\":\"https:\/\/www.sonoraenequipo.com.mx\/#organization\"},\"image\":{\"@id\":\"https:\/\/www.sonoraenequipo.com.mx\/inicia-xx-edicion-del-congreso-estudiantil-de-biologia-en-la-unison\/#primaryimage\"},\"thumbnailUrl\":\"https:\/\/www.sonoraenequipo.com.mx\/storage\/2025\/10\/foro-bioogia-unison.jpg\",\"keywords\":[\"biolog\u00eda\",\"CONGRESO\",\"UniSon\"],\"articleSection\":[\"Ciencia y Tecnolog\u00eda\"],\"inLanguage\":\"es\",\"potentialAction\":[{\"@type\":\"CommentAction\",\"name\":\"Comment\",\"target\":[\"https:\/\/www.sonoraenequipo.com.mx\/inicia-xx-edicion-del-congreso-estudiantil-de-biologia-en-la-unison\/#respond\"]}]},{\"@type\":\"WebPage\",\"@id\":\"https:\/\/www.sonoraenequipo.com.mx\/inicia-xx-edicion-del-congreso-estudiantil-de-biologia-en-la-unison\/\",\"url\":\"https:\/\/www.sonoraenequipo.com.mx\/inicia-xx-edicion-del-congreso-estudiantil-de-biologia-en-la-unison\/\",\"name\":\"Sonora en Equipo. Inicia XX edici\u00f3n del Congreso Estudiantil de Biolog\u00eda en la Unison Ciencia y Tecnolog\u00eda\",\"isPartOf\":{\"@id\":\"https:\/\/www.sonoraenequipo.com.mx\/#website\"},\"primaryImageOfPage\":{\"@id\":\"https:\/\/www.sonoraenequipo.com.mx\/inicia-xx-edicion-del-congreso-estudiantil-de-biologia-en-la-unison\/#primaryimage\"},\"image\":{\"@id\":\"https:\/\/www.sonoraenequipo.com.mx\/inicia-xx-edicion-del-congreso-estudiantil-de-biologia-en-la-unison\/#primaryimage\"},\"thumbnailUrl\":\"https:\/\/www.sonoraenequipo.com.mx\/storage\/2025\/10\/foro-bioogia-unison.jpg\",\"datePublished\":\"2025-10-14T21:04:37+00:00\",\"description\":\"HERMOSILLO, SONORA, MX. \u2014 Hoy inici\u00f3 en la Universidad de Sonora el Congreso Estudiantil de Biolog\u00eda, Cebio XX: Simbiosis, organizado por el Departamento En Sonora en Equipo publicamos toda la informaci\u00f3n de Sonora, M\u00e9xico y el Mundo de manera oportuna y busca que la libertad de expresi\u00f3n sea real. Visita nuestro medio informativo publicado desde Hermosillo, Sonora. %\",\"breadcrumb\":{\"@id\":\"https:\/\/www.sonoraenequipo.com.mx\/inicia-xx-edicion-del-congreso-estudiantil-de-biologia-en-la-unison\/#breadcrumb\"},\"inLanguage\":\"es\",\"potentialAction\":[{\"@type\":\"ReadAction\",\"target\":[\"https:\/\/www.sonoraenequipo.com.mx\/inicia-xx-edicion-del-congreso-estudiantil-de-biologia-en-la-unison\/\"]}]},{\"@type\":\"ImageObject\",\"inLanguage\":\"es\",\"@id\":\"https:\/\/www.sonoraenequipo.com.mx\/inicia-xx-edicion-del-congreso-estudiantil-de-biologia-en-la-unison\/#primaryimage\",\"url\":\"https:\/\/www.sonoraenequipo.com.mx\/storage\/2025\/10\/foro-bioogia-unison.jpg\",\"contentUrl\":\"https:\/\/www.sonoraenequipo.com.mx\/storage\/2025\/10\/foro-bioogia-unison.jpg\",\"width\":600,\"height\":400},{\"@type\":\"BreadcrumbList\",\"@id\":\"https:\/\/www.sonoraenequipo.com.mx\/inicia-xx-edicion-del-congreso-estudiantil-de-biologia-en-la-unison\/#breadcrumb\",\"itemListElement\":[{\"@type\":\"ListItem\",\"position\":1,\"name\":\"Portada\",\"item\":\"https:\/\/www.sonoraenequipo.com.mx\/\"},{\"@type\":\"ListItem\",\"position\":2,\"name\":\"Inicia XX edici\u00f3n del Congreso Estudiantil de Biolog\u00eda en la Unison\"}]},{\"@type\":\"WebSite\",\"@id\":\"https:\/\/www.sonoraenequipo.com.mx\/#website\",\"url\":\"https:\/\/www.sonoraenequipo.com.mx\/\",\"name\":\"Sonora en Equipo.\",\"description\":\"Diario en l\u00ednea con Noticias desde Hermosillo, Sonora\",\"publisher\":{\"@id\":\"https:\/\/www.sonoraenequipo.com.mx\/#organization\"},\"potentialAction\":[{\"@type\":\"SearchAction\",\"target\":{\"@type\":\"EntryPoint\",\"urlTemplate\":\"https:\/\/www.sonoraenequipo.com.mx\/?s={search_term_string}\"},\"query-input\":{\"@type\":\"PropertyValueSpecification\",\"valueRequired\":true,\"valueName\":\"search_term_string\"}}],\"inLanguage\":\"es\"},{\"@type\":\"Organization\",\"@id\":\"https:\/\/www.sonoraenequipo.com.mx\/#organization\",\"name\":\"Sonoraenequipo.com.mx\",\"url\":\"https:\/\/www.sonoraenequipo.com.mx\/\",\"logo\":{\"@type\":\"ImageObject\",\"inLanguage\":\"es\",\"@id\":\"https:\/\/www.sonoraenequipo.com.mx\/#\/schema\/logo\/image\/\",\"url\":\"https:\/\/www.sonoraenequipo.com.mx\/storage\/2019\/01\/sonoraenequipo_opt.png\",\"contentUrl\":\"https:\/\/www.sonoraenequipo.com.mx\/storage\/2019\/01\/sonoraenequipo_opt.png\",\"width\":375,\"height\":125,\"caption\":\"Sonoraenequipo.com.mx\"},\"image\":{\"@id\":\"https:\/\/www.sonoraenequipo.com.mx\/#\/schema\/logo\/image\/\"},\"sameAs\":[\"https:\/\/www.facebook.com\/SonoraEE\/\",\"https:\/\/x.com\/sonoraenequipo\",\"https:\/\/www.youtube.com\/channel\/UC338nW-lPEYmJQs4ZABQ1SQ\"]},{\"@type\":\"Person\",\"@id\":\"https:\/\/www.sonoraenequipo.com.mx\/#\/schema\/person\/50102df0fb23a8fa9e8effad8fa81386\",\"name\":\"enequipo\",\"image\":{\"@type\":\"ImageObject\",\"inLanguage\":\"es\",\"@id\":\"https:\/\/www.sonoraenequipo.com.mx\/#\/schema\/person\/image\/\",\"url\":\"https:\/\/secure.gravatar.com\/avatar\/049821681b589dabc0bc20695993ccebb09f5b5d4d790cd9251b97faac7c652b?s=96&d=blank&r=g\",\"contentUrl\":\"https:\/\/secure.gravatar.com\/avatar\/049821681b589dabc0bc20695993ccebb09f5b5d4d790cd9251b97faac7c652b?s=96&d=blank&r=g\",\"caption\":\"enequipo\"},\"sameAs\":[\"https:\/\/www.facebook.com\/SonoraEE\"]}]}<\/script>\n ","yoast_head_json":{"title":"Sonora en Equipo. Inicia XX edici\u00f3n del Congreso Estudiantil de Biolog\u00eda en la Unison Ciencia y Tecnolog\u00eda","description":"HERMOSILLO, SONORA, MX. \u2014 Hoy inici\u00f3 en la Universidad de Sonora el Congreso Estudiantil de Biolog\u00eda, Cebio XX: Simbiosis, organizado por el Departamento En Sonora en Equipo publicamos toda la informaci\u00f3n de Sonora, M\u00e9xico y el Mundo de manera oportuna y busca que la libertad de expresi\u00f3n sea real. Visita nuestro medio informativo publicado desde Hermosillo, Sonora. %","robots":{"index":"index","follow":"follow","max-snippet":"max-snippet:-1","max-image-preview":"max-image-preview:large","max-video-preview":"max-video-preview:-1"},"canonical":"https:\/\/www.sonoraenequipo.com.mx\/inicia-xx-edicion-del-congreso-estudiantil-de-biologia-en-la-unison\/","og_locale":"es_ES","og_type":"article","og_title":"Sonora en Equipo. Inicia XX edici\u00f3n del Congreso Estudiantil de Biolog\u00eda en la Unison Ciencia y Tecnolog\u00eda","og_description":"HERMOSILLO, SONORA, MX. \u2014 Hoy inici\u00f3 en la Universidad de Sonora el Congreso Estudiantil de Biolog\u00eda, Cebio XX: Simbiosis, organizado por el Departamento En Sonora en Equipo publicamos toda la informaci\u00f3n de Sonora, M\u00e9xico y el Mundo de manera oportuna y busca que la libertad de expresi\u00f3n sea real. Visita nuestro medio informativo publicado desde Hermosillo, Sonora. %","og_url":"https:\/\/www.sonoraenequipo.com.mx\/inicia-xx-edicion-del-congreso-estudiantil-de-biologia-en-la-unison\/","og_site_name":"Sonora en Equipo.","article_publisher":"https:\/\/www.facebook.com\/SonoraEE\/","article_author":"https:\/\/www.facebook.com\/SonoraEE","article_published_time":"2025-10-14T21:04:37+00:00","og_image":[{"width":600,"height":400,"url":"https:\/\/www.sonoraenequipo.com.mx\/storage\/2025\/10\/foro-bioogia-unison.jpg","type":"image\/jpeg"}],"author":"enequipo","twitter_card":"summary_large_image","twitter_creator":"@sonoraenequipo","twitter_site":"@sonoraenequipo","twitter_misc":{"Escrito por":"enequipo","Tiempo de lectura":"3 minutos"},"schema":{"@context":"https:\/\/schema.org","@graph":[{"@type":"Article","@id":"https:\/\/www.sonoraenequipo.com.mx\/inicia-xx-edicion-del-congreso-estudiantil-de-biologia-en-la-unison\/#article","isPartOf":{"@id":"https:\/\/www.sonoraenequipo.com.mx\/inicia-xx-edicion-del-congreso-estudiantil-de-biologia-en-la-unison\/"},"author":{"name":"enequipo","@id":"https:\/\/www.sonoraenequipo.com.mx\/#\/schema\/person\/50102df0fb23a8fa9e8effad8fa81386"},"headline":"Inicia XX edici\u00f3n del Congreso Estudiantil de Biolog\u00eda en la Unison","datePublished":"2025-10-14T21:04:37+00:00","mainEntityOfPage":{"@id":"https:\/\/www.sonoraenequipo.com.mx\/inicia-xx-edicion-del-congreso-estudiantil-de-biologia-en-la-unison\/"},"wordCount":664,"commentCount":0,"publisher":{"@id":"https:\/\/www.sonoraenequipo.com.mx\/#organization"},"image":{"@id":"https:\/\/www.sonoraenequipo.com.mx\/inicia-xx-edicion-del-congreso-estudiantil-de-biologia-en-la-unison\/#primaryimage"},"thumbnailUrl":"https:\/\/www.sonoraenequipo.com.mx\/storage\/2025\/10\/foro-bioogia-unison.jpg","keywords":["biolog\u00eda","CONGRESO","UniSon"],"articleSection":["Ciencia y Tecnolog\u00eda"],"inLanguage":"es","potentialAction":[{"@type":"CommentAction","name":"Comment","target":["https:\/\/www.sonoraenequipo.com.mx\/inicia-xx-edicion-del-congreso-estudiantil-de-biologia-en-la-unison\/#respond"]}]},{"@type":"WebPage","@id":"https:\/\/www.sonoraenequipo.com.mx\/inicia-xx-edicion-del-congreso-estudiantil-de-biologia-en-la-unison\/","url":"https:\/\/www.sonoraenequipo.com.mx\/inicia-xx-edicion-del-congreso-estudiantil-de-biologia-en-la-unison\/","name":"Sonora en Equipo. Inicia XX edici\u00f3n del Congreso Estudiantil de Biolog\u00eda en la Unison Ciencia y Tecnolog\u00eda","isPartOf":{"@id":"https:\/\/www.sonoraenequipo.com.mx\/#website"},"primaryImageOfPage":{"@id":"https:\/\/www.sonoraenequipo.com.mx\/inicia-xx-edicion-del-congreso-estudiantil-de-biologia-en-la-unison\/#primaryimage"},"image":{"@id":"https:\/\/www.sonoraenequipo.com.mx\/inicia-xx-edicion-del-congreso-estudiantil-de-biologia-en-la-unison\/#primaryimage"},"thumbnailUrl":"https:\/\/www.sonoraenequipo.com.mx\/storage\/2025\/10\/foro-bioogia-unison.jpg","datePublished":"2025-10-14T21:04:37+00:00","description":"HERMOSILLO, SONORA, MX. \u2014 Hoy inici\u00f3 en la Universidad de Sonora el Congreso Estudiantil de Biolog\u00eda, Cebio XX: Simbiosis, organizado por el Departamento En Sonora en Equipo publicamos toda la informaci\u00f3n de Sonora, M\u00e9xico y el Mundo de manera oportuna y busca que la libertad de expresi\u00f3n sea real. Visita nuestro medio informativo publicado desde Hermosillo, Sonora. %","breadcrumb":{"@id":"https:\/\/www.sonoraenequipo.com.mx\/inicia-xx-edicion-del-congreso-estudiantil-de-biologia-en-la-unison\/#breadcrumb"},"inLanguage":"es","potentialAction":[{"@type":"ReadAction","target":["https:\/\/www.sonoraenequipo.com.mx\/inicia-xx-edicion-del-congreso-estudiantil-de-biologia-en-la-unison\/"]}]},{"@type":"ImageObject","inLanguage":"es","@id":"https:\/\/www.sonoraenequipo.com.mx\/inicia-xx-edicion-del-congreso-estudiantil-de-biologia-en-la-unison\/#primaryimage","url":"https:\/\/www.sonoraenequipo.com.mx\/storage\/2025\/10\/foro-bioogia-unison.jpg","contentUrl":"https:\/\/www.sonoraenequipo.com.mx\/storage\/2025\/10\/foro-bioogia-unison.jpg","width":600,"height":400},{"@type":"BreadcrumbList","@id":"https:\/\/www.sonoraenequipo.com.mx\/inicia-xx-edicion-del-congreso-estudiantil-de-biologia-en-la-unison\/#breadcrumb","itemListElement":[{"@type":"ListItem","position":1,"name":"Portada","item":"https:\/\/www.sonoraenequipo.com.mx\/"},{"@type":"ListItem","position":2,"name":"Inicia XX edici\u00f3n del Congreso Estudiantil de Biolog\u00eda en la Unison"}]},{"@type":"WebSite","@id":"https:\/\/www.sonoraenequipo.com.mx\/#website","url":"https:\/\/www.sonoraenequipo.com.mx\/","name":"Sonora en Equipo.","description":"Diario en l\u00ednea con Noticias desde Hermosillo, Sonora","publisher":{"@id":"https:\/\/www.sonoraenequipo.com.mx\/#organization"},"potentialAction":[{"@type":"SearchAction","target":{"@type":"EntryPoint","urlTemplate":"https:\/\/www.sonoraenequipo.com.mx\/?s={search_term_string}"},"query-input":{"@type":"PropertyValueSpecification","valueRequired":true,"valueName":"search_term_string"}}],"inLanguage":"es"},{"@type":"Organization","@id":"https:\/\/www.sonoraenequipo.com.mx\/#organization","name":"Sonoraenequipo.com.mx","url":"https:\/\/www.sonoraenequipo.com.mx\/","logo":{"@type":"ImageObject","inLanguage":"es","@id":"https:\/\/www.sonoraenequipo.com.mx\/#\/schema\/logo\/image\/","url":"https:\/\/www.sonoraenequipo.com.mx\/storage\/2019\/01\/sonoraenequipo_opt.png","contentUrl":"https:\/\/www.sonoraenequipo.com.mx\/storage\/2019\/01\/sonoraenequipo_opt.png","width":375,"height":125,"caption":"Sonoraenequipo.com.mx"},"image":{"@id":"https:\/\/www.sonoraenequipo.com.mx\/#\/schema\/logo\/image\/"},"sameAs":["https:\/\/www.facebook.com\/SonoraEE\/","https:\/\/x.com\/sonoraenequipo","https:\/\/www.youtube.com\/channel\/UC338nW-lPEYmJQs4ZABQ1SQ"]},{"@type":"Person","@id":"https:\/\/www.sonoraenequipo.com.mx\/#\/schema\/person\/50102df0fb23a8fa9e8effad8fa81386","name":"enequipo","image":{"@type":"ImageObject","inLanguage":"es","@id":"https:\/\/www.sonoraenequipo.com.mx\/#\/schema\/person\/image\/","url":"https:\/\/secure.gravatar.com\/avatar\/049821681b589dabc0bc20695993ccebb09f5b5d4d790cd9251b97faac7c652b?s=96&d=blank&r=g","contentUrl":"https:\/\/secure.gravatar.com\/avatar\/049821681b589dabc0bc20695993ccebb09f5b5d4d790cd9251b97faac7c652b?s=96&d=blank&r=g","caption":"enequipo"},"sameAs":["https:\/\/www.facebook.com\/SonoraEE"]}]}},"jetpack_featured_media_url":"https:\/\/www.sonoraenequipo.com.mx\/storage\/2025\/10\/foro-bioogia-unison.jpg","_links":{"self":[{"href":"https:\/\/www.sonoraenequipo.com.mx\/api\/wp\/v2\/posts\/226238","targetHints":{"allow":["GET"]}}],"collection":[{"href":"https:\/\/www.sonoraenequipo.com.mx\/api\/wp\/v2\/posts"}],"about":[{"href":"https:\/\/www.sonoraenequipo.com.mx\/api\/wp\/v2\/types\/post"}],"author":[{"embeddable":true,"href":"https:\/\/www.sonoraenequipo.com.mx\/api\/wp\/v2\/users\/1"}],"replies":[{"embeddable":true,"href":"https:\/\/www.sonoraenequipo.com.mx\/api\/wp\/v2\/comments?post=226238"}],"version-history":[{"count":1,"href":"https:\/\/www.sonoraenequipo.com.mx\/api\/wp\/v2\/posts\/226238\/revisions"}],"predecessor-version":[{"id":226240,"href":"https:\/\/www.sonoraenequipo.com.mx\/api\/wp\/v2\/posts\/226238\/revisions\/226240"}],"wp:featuredmedia":[{"embeddable":true,"href":"https:\/\/www.sonoraenequipo.com.mx\/api\/wp\/v2\/media\/226239"}],"wp:attachment":[{"href":"https:\/\/www.sonoraenequipo.com.mx\/api\/wp\/v2\/media?parent=226238"}],"wp:term":[{"taxonomy":"category","embeddable":true,"href":"https:\/\/www.sonoraenequipo.com.mx\/api\/wp\/v2\/categories?post=226238"},{"taxonomy":"post_tag","embeddable":true,"href":"https:\/\/www.sonoraenequipo.com.mx\/api\/wp\/v2\/tags?post=226238"}],"curies":[{"name":"wp","href":"https:\/\/api.w.org\/{rel}","templated":true}]}}