{"id":226254,"date":"2025-10-14T12:38:38","date_gmt":"2025-10-14T19:38:38","guid":{"rendered":"https:\/\/www.sonoraenequipo.com.mx\/?p=226254"},"modified":"2025-10-14T14:39:02","modified_gmt":"2025-10-14T21:39:02","slug":"fortalece-gobernador-durazo-educacion-superior-con-nueva-unidad-academica-de-la-uts-en-bacum","status":"publish","type":"post","link":"https:\/\/www.sonoraenequipo.com.mx\/fortalece-gobernador-durazo-educacion-superior-con-nueva-unidad-academica-de-la-uts-en-bacum\/","title":{"rendered":"Fortalece Gobernador Durazo educaci\u00f3n superior con nueva unidad acad\u00e9mica de la UTS en B\u00e1cum"},"content":{"rendered":"<p><b>B\u00c1CUM, SONORA.MX. \u2014 <\/b>Como parte del compromiso del gobernador Alfonso Durazo de fortalecer la educaci\u00f3n superior en todas las regiones de la entidad y facilitar el acceso de los j\u00f3venes a los estudios, la Universidad Tecnol\u00f3gica del Sur de Sonora (UTS) inici\u00f3 operaciones de su unidad acad\u00e9mica en B\u00e1cum.<\/p>\n<p>&nbsp;<\/p>\n<p>&nbsp;<\/p>\n<p>&nbsp;<\/p>\n<p> <\/p>\n<p>El primer grupo de la carrera de Licenciatura en Administraci\u00f3n comenz\u00f3 su formaci\u00f3n profesional al conformar la primera generaci\u00f3n en dicha unidad, la cual opera en el Ejido Francisco Javier Mina (Campo 60) en la zona norponiente del municipio.<\/p>\n<p>&nbsp;<\/p>\n<p>&nbsp;<\/p>\n<p>Sergio Pablo Mariscal Alvarado, rector de la UTS, destac\u00f3 que la apertura de esta nueva sede es resultado del trabajo coordinado con el Gobierno Municipal de B\u00e1cum, con el cual se estableci\u00f3 previamente un convenio interinstitucional.<\/p>\n<p>&nbsp;<\/p>\n<p>&nbsp;<\/p>\n<p>La primera clase fue impartida por el docente Carlos Eduardo Ubamea Torres, de la asignatura \u201cIntroducci\u00f3n a las Tecnolog\u00edas de la Informaci\u00f3n y la Comunicaci\u00f3n\u201d, quien encabez\u00f3 las actividades acad\u00e9micas en las instalaciones del Colegio de Estudios Cient\u00edficos y Tecnol\u00f3gicos del Estado de Sonora (Cecyte), plantel Francisco Javier Mina.<\/p>\n<p>&nbsp;<\/p>\n<p>&nbsp;<\/p>\n<p><img loading=\"lazy\" decoding=\"async\" class=\"x-center size-full \" src=\"https:\/\/www.sonoraenequipo.com.mx\/storage\/2025\/10\/educacion-superior-con-nueva-unidad-academica-de-la-UTS-en-Bacum-min-1.jpg\" alt=\"\" width=\"1000\" height=\"750\" \/><\/p>\n<p>La creaci\u00f3n de la unidad acad\u00e9mica en el municipio de B\u00e1cum tiene como antecedente un trabajo de vinculaci\u00f3n en esa zona y forma parte de un proceso y estrategia en curso para ampliar la cobertura educativa y fortalecer el crecimiento de la matr\u00edcula en los planes y programas educativos de vanguardia que ofrece la UTS.<\/p>\n<p>&nbsp;<\/p>\n<p>&nbsp;<\/p>\n<p>Reafirm\u00f3 el compromiso del Gobierno de Sonora de brindar nuevas oportunidades de crecimiento profesional a j\u00f3venes y adultos de la regi\u00f3n, a trav\u00e9s de sus instituciones, por lo que inform\u00f3 que el proceso de inscripci\u00f3n contin\u00faa abierto.<\/p>\n<p>&nbsp;<\/p>\n<p>&nbsp;<\/p>\n<p>PUBLICADO EL 14 DE OCTUBRE DE 2025 Con informaci\u00f3n de GOBSON 1025\/153)<\/p>\n","protected":false},"excerpt":{"rendered":"<p>B\u00c1CUM, SONORA.MX. \u2014 Como parte del compromiso del gobernador Alfonso Durazo de fortalecer la educaci\u00f3n&#8230;<\/p>\n","protected":false},"author":1,"featured_media":226249,"comment_status":"open","ping_status":"open","sticky":false,"template":"","format":"standard","meta":{"_monsterinsights_skip_tracking":false,"_monsterinsights_sitenote_active":false,"_monsterinsights_sitenote_note":"","_monsterinsights_sitenote_category":0,"footnotes":""},"categories":[22],"tags":[],"class_list":["post"],"yoast_head":" \n<title>Sonora en Equipo. Fortalece Gobernador Durazo educaci\u00f3n superior con nueva unidad acad\u00e9mica de la UTS en B\u00e1cum Sonora<\/title>\n<meta name=\"description\" content=\"B\u00c1CUM, SONORA.MX. \u2014 Como parte del compromiso del gobernador Alfonso Durazo de fortalecer la educaci\u00f3n superior en todas las regiones de la entidad y En Sonora en Equipo publicamos toda la informaci\u00f3n de Sonora, M\u00e9xico y el Mundo de manera oportuna y busca que la libertad de expresi\u00f3n sea real. Visita nuestro medio informativo publicado desde Hermosillo, Sonora. %\" \/>\n<meta name=\"robots\" content=\"index, follow, max-snippet:-1, max-image-preview:large, max-video-preview:-1\" \/>\n<link rel=\"canonical\" href=\"https:\/\/www.sonoraenequipo.com.mx\/fortalece-gobernador-durazo-educacion-superior-con-nueva-unidad-academica-de-la-uts-en-bacum\/\" \/>\n<meta property=\"og:locale\" content=\"es_ES\" \/>\n<meta property=\"og:type\" content=\"article\" \/>\n<meta property=\"og:title\" content=\"Sonora en Equipo. Fortalece Gobernador Durazo educaci\u00f3n superior con nueva unidad acad\u00e9mica de la UTS en B\u00e1cum Sonora\" \/>\n<meta property=\"og:description\" content=\"B\u00c1CUM, SONORA.MX. \u2014 Como parte del compromiso del gobernador Alfonso Durazo de fortalecer la educaci\u00f3n superior en todas las regiones de la entidad y En Sonora en Equipo publicamos toda la informaci\u00f3n de Sonora, M\u00e9xico y el Mundo de manera oportuna y busca que la libertad de expresi\u00f3n sea real. Visita nuestro medio informativo publicado desde Hermosillo, Sonora. %\" \/>\n<meta property=\"og:url\" content=\"https:\/\/www.sonoraenequipo.com.mx\/fortalece-gobernador-durazo-educacion-superior-con-nueva-unidad-academica-de-la-uts-en-bacum\/\" \/>\n<meta property=\"og:site_name\" content=\"Sonora en Equipo.\" \/>\n<meta property=\"article:publisher\" content=\"https:\/\/www.facebook.com\/SonoraEE\/\" \/>\n<meta property=\"article:author\" content=\"https:\/\/www.facebook.com\/SonoraEE\" \/>\n<meta property=\"article:published_time\" content=\"2025-10-14T19:38:38+00:00\" \/>\n<meta property=\"article:modified_time\" content=\"2025-10-14T21:39:02+00:00\" \/>\n<meta property=\"og:image\" content=\"https:\/\/www.sonoraenequipo.com.mx\/storage\/2025\/10\/educacion-superior-con-nueva-unidad-academica-de-la-UTS-en-Bacum2-min.jpg\" \/>\n\t<meta property=\"og:image:width\" content=\"1000\" \/>\n\t<meta property=\"og:image:height\" content=\"691\" \/>\n\t<meta property=\"og:image:type\" content=\"image\/jpeg\" \/>\n<meta name=\"author\" content=\"enequipo\" \/>\n<meta name=\"twitter:card\" content=\"summary_large_image\" \/>\n<meta name=\"twitter:creator\" content=\"@sonoraenequipo\" \/>\n<meta name=\"twitter:site\" content=\"@sonoraenequipo\" \/>\n<meta name=\"twitter:label1\" content=\"Escrito por\" \/>\n\t<meta name=\"twitter:data1\" content=\"enequipo\" \/>\n\t<meta name=\"twitter:label2\" content=\"Tiempo de lectura\" \/>\n\t<meta name=\"twitter:data2\" content=\"2 minutos\" \/>\n<script type=\"application\/ld+json\" class=\"yoast-schema-graph\">{\"@context\":\"https:\/\/schema.org\",\"@graph\":[{\"@type\":\"Article\",\"@id\":\"https:\/\/www.sonoraenequipo.com.mx\/fortalece-gobernador-durazo-educacion-superior-con-nueva-unidad-academica-de-la-uts-en-bacum\/#article\",\"isPartOf\":{\"@id\":\"https:\/\/www.sonoraenequipo.com.mx\/fortalece-gobernador-durazo-educacion-superior-con-nueva-unidad-academica-de-la-uts-en-bacum\/\"},\"author\":{\"name\":\"enequipo\",\"@id\":\"https:\/\/www.sonoraenequipo.com.mx\/#\/schema\/person\/50102df0fb23a8fa9e8effad8fa81386\"},\"headline\":\"Fortalece Gobernador Durazo educaci\u00f3n superior con nueva unidad acad\u00e9mica de la UTS en B\u00e1cum\",\"datePublished\":\"2025-10-14T19:38:38+00:00\",\"dateModified\":\"2025-10-14T21:39:02+00:00\",\"mainEntityOfPage\":{\"@id\":\"https:\/\/www.sonoraenequipo.com.mx\/fortalece-gobernador-durazo-educacion-superior-con-nueva-unidad-academica-de-la-uts-en-bacum\/\"},\"wordCount\":331,\"commentCount\":0,\"publisher\":{\"@id\":\"https:\/\/www.sonoraenequipo.com.mx\/#organization\"},\"image\":{\"@id\":\"https:\/\/www.sonoraenequipo.com.mx\/fortalece-gobernador-durazo-educacion-superior-con-nueva-unidad-academica-de-la-uts-en-bacum\/#primaryimage\"},\"thumbnailUrl\":\"https:\/\/www.sonoraenequipo.com.mx\/storage\/2025\/10\/educacion-superior-con-nueva-unidad-academica-de-la-UTS-en-Bacum2-min.jpg\",\"articleSection\":[\"Sonora\"],\"inLanguage\":\"es\",\"potentialAction\":[{\"@type\":\"CommentAction\",\"name\":\"Comment\",\"target\":[\"https:\/\/www.sonoraenequipo.com.mx\/fortalece-gobernador-durazo-educacion-superior-con-nueva-unidad-academica-de-la-uts-en-bacum\/#respond\"]}]},{\"@type\":\"WebPage\",\"@id\":\"https:\/\/www.sonoraenequipo.com.mx\/fortalece-gobernador-durazo-educacion-superior-con-nueva-unidad-academica-de-la-uts-en-bacum\/\",\"url\":\"https:\/\/www.sonoraenequipo.com.mx\/fortalece-gobernador-durazo-educacion-superior-con-nueva-unidad-academica-de-la-uts-en-bacum\/\",\"name\":\"Sonora en Equipo. Fortalece Gobernador Durazo educaci\u00f3n superior con nueva unidad acad\u00e9mica de la UTS en B\u00e1cum Sonora\",\"isPartOf\":{\"@id\":\"https:\/\/www.sonoraenequipo.com.mx\/#website\"},\"primaryImageOfPage\":{\"@id\":\"https:\/\/www.sonoraenequipo.com.mx\/fortalece-gobernador-durazo-educacion-superior-con-nueva-unidad-academica-de-la-uts-en-bacum\/#primaryimage\"},\"image\":{\"@id\":\"https:\/\/www.sonoraenequipo.com.mx\/fortalece-gobernador-durazo-educacion-superior-con-nueva-unidad-academica-de-la-uts-en-bacum\/#primaryimage\"},\"thumbnailUrl\":\"https:\/\/www.sonoraenequipo.com.mx\/storage\/2025\/10\/educacion-superior-con-nueva-unidad-academica-de-la-UTS-en-Bacum2-min.jpg\",\"datePublished\":\"2025-10-14T19:38:38+00:00\",\"dateModified\":\"2025-10-14T21:39:02+00:00\",\"description\":\"B\u00c1CUM, SONORA.MX. \u2014 Como parte del compromiso del gobernador Alfonso Durazo de fortalecer la educaci\u00f3n superior en todas las regiones de la entidad y En Sonora en Equipo publicamos toda la informaci\u00f3n de Sonora, M\u00e9xico y el Mundo de manera oportuna y busca que la libertad de expresi\u00f3n sea real. Visita nuestro medio informativo publicado desde Hermosillo, Sonora. %\",\"breadcrumb\":{\"@id\":\"https:\/\/www.sonoraenequipo.com.mx\/fortalece-gobernador-durazo-educacion-superior-con-nueva-unidad-academica-de-la-uts-en-bacum\/#breadcrumb\"},\"inLanguage\":\"es\",\"potentialAction\":[{\"@type\":\"ReadAction\",\"target\":[\"https:\/\/www.sonoraenequipo.com.mx\/fortalece-gobernador-durazo-educacion-superior-con-nueva-unidad-academica-de-la-uts-en-bacum\/\"]}]},{\"@type\":\"ImageObject\",\"inLanguage\":\"es\",\"@id\":\"https:\/\/www.sonoraenequipo.com.mx\/fortalece-gobernador-durazo-educacion-superior-con-nueva-unidad-academica-de-la-uts-en-bacum\/#primaryimage\",\"url\":\"https:\/\/www.sonoraenequipo.com.mx\/storage\/2025\/10\/educacion-superior-con-nueva-unidad-academica-de-la-UTS-en-Bacum2-min.jpg\",\"contentUrl\":\"https:\/\/www.sonoraenequipo.com.mx\/storage\/2025\/10\/educacion-superior-con-nueva-unidad-academica-de-la-UTS-en-Bacum2-min.jpg\",\"width\":1000,\"height\":691},{\"@type\":\"BreadcrumbList\",\"@id\":\"https:\/\/www.sonoraenequipo.com.mx\/fortalece-gobernador-durazo-educacion-superior-con-nueva-unidad-academica-de-la-uts-en-bacum\/#breadcrumb\",\"itemListElement\":[{\"@type\":\"ListItem\",\"position\":1,\"name\":\"Portada\",\"item\":\"https:\/\/www.sonoraenequipo.com.mx\/\"},{\"@type\":\"ListItem\",\"position\":2,\"name\":\"Fortalece Gobernador Durazo educaci\u00f3n superior con nueva unidad acad\u00e9mica de la UTS en B\u00e1cum\"}]},{\"@type\":\"WebSite\",\"@id\":\"https:\/\/www.sonoraenequipo.com.mx\/#website\",\"url\":\"https:\/\/www.sonoraenequipo.com.mx\/\",\"name\":\"Sonora en Equipo.\",\"description\":\"Diario en l\u00ednea con Noticias desde Hermosillo, Sonora\",\"publisher\":{\"@id\":\"https:\/\/www.sonoraenequipo.com.mx\/#organization\"},\"potentialAction\":[{\"@type\":\"SearchAction\",\"target\":{\"@type\":\"EntryPoint\",\"urlTemplate\":\"https:\/\/www.sonoraenequipo.com.mx\/?s={search_term_string}\"},\"query-input\":{\"@type\":\"PropertyValueSpecification\",\"valueRequired\":true,\"valueName\":\"search_term_string\"}}],\"inLanguage\":\"es\"},{\"@type\":\"Organization\",\"@id\":\"https:\/\/www.sonoraenequipo.com.mx\/#organization\",\"name\":\"Sonoraenequipo.com.mx\",\"url\":\"https:\/\/www.sonoraenequipo.com.mx\/\",\"logo\":{\"@type\":\"ImageObject\",\"inLanguage\":\"es\",\"@id\":\"https:\/\/www.sonoraenequipo.com.mx\/#\/schema\/logo\/image\/\",\"url\":\"https:\/\/www.sonoraenequipo.com.mx\/storage\/2019\/01\/sonoraenequipo_opt.png\",\"contentUrl\":\"https:\/\/www.sonoraenequipo.com.mx\/storage\/2019\/01\/sonoraenequipo_opt.png\",\"width\":375,\"height\":125,\"caption\":\"Sonoraenequipo.com.mx\"},\"image\":{\"@id\":\"https:\/\/www.sonoraenequipo.com.mx\/#\/schema\/logo\/image\/\"},\"sameAs\":[\"https:\/\/www.facebook.com\/SonoraEE\/\",\"https:\/\/x.com\/sonoraenequipo\",\"https:\/\/www.youtube.com\/channel\/UC338nW-lPEYmJQs4ZABQ1SQ\"]},{\"@type\":\"Person\",\"@id\":\"https:\/\/www.sonoraenequipo.com.mx\/#\/schema\/person\/50102df0fb23a8fa9e8effad8fa81386\",\"name\":\"enequipo\",\"image\":{\"@type\":\"ImageObject\",\"inLanguage\":\"es\",\"@id\":\"https:\/\/www.sonoraenequipo.com.mx\/#\/schema\/person\/image\/\",\"url\":\"https:\/\/secure.gravatar.com\/avatar\/049821681b589dabc0bc20695993ccebb09f5b5d4d790cd9251b97faac7c652b?s=96&d=blank&r=g\",\"contentUrl\":\"https:\/\/secure.gravatar.com\/avatar\/049821681b589dabc0bc20695993ccebb09f5b5d4d790cd9251b97faac7c652b?s=96&d=blank&r=g\",\"caption\":\"enequipo\"},\"sameAs\":[\"https:\/\/www.facebook.com\/SonoraEE\"]}]}<\/script>\n ","yoast_head_json":{"title":"Sonora en Equipo. Fortalece Gobernador Durazo educaci\u00f3n superior con nueva unidad acad\u00e9mica de la UTS en B\u00e1cum Sonora","description":"B\u00c1CUM, SONORA.MX. \u2014 Como parte del compromiso del gobernador Alfonso Durazo de fortalecer la educaci\u00f3n superior en todas las regiones de la entidad y En Sonora en Equipo publicamos toda la informaci\u00f3n de Sonora, M\u00e9xico y el Mundo de manera oportuna y busca que la libertad de expresi\u00f3n sea real. Visita nuestro medio informativo publicado desde Hermosillo, Sonora. %","robots":{"index":"index","follow":"follow","max-snippet":"max-snippet:-1","max-image-preview":"max-image-preview:large","max-video-preview":"max-video-preview:-1"},"canonical":"https:\/\/www.sonoraenequipo.com.mx\/fortalece-gobernador-durazo-educacion-superior-con-nueva-unidad-academica-de-la-uts-en-bacum\/","og_locale":"es_ES","og_type":"article","og_title":"Sonora en Equipo. Fortalece Gobernador Durazo educaci\u00f3n superior con nueva unidad acad\u00e9mica de la UTS en B\u00e1cum Sonora","og_description":"B\u00c1CUM, SONORA.MX. \u2014 Como parte del compromiso del gobernador Alfonso Durazo de fortalecer la educaci\u00f3n superior en todas las regiones de la entidad y En Sonora en Equipo publicamos toda la informaci\u00f3n de Sonora, M\u00e9xico y el Mundo de manera oportuna y busca que la libertad de expresi\u00f3n sea real. Visita nuestro medio informativo publicado desde Hermosillo, Sonora. %","og_url":"https:\/\/www.sonoraenequipo.com.mx\/fortalece-gobernador-durazo-educacion-superior-con-nueva-unidad-academica-de-la-uts-en-bacum\/","og_site_name":"Sonora en Equipo.","article_publisher":"https:\/\/www.facebook.com\/SonoraEE\/","article_author":"https:\/\/www.facebook.com\/SonoraEE","article_published_time":"2025-10-14T19:38:38+00:00","article_modified_time":"2025-10-14T21:39:02+00:00","og_image":[{"width":1000,"height":691,"url":"https:\/\/www.sonoraenequipo.com.mx\/storage\/2025\/10\/educacion-superior-con-nueva-unidad-academica-de-la-UTS-en-Bacum2-min.jpg","type":"image\/jpeg"}],"author":"enequipo","twitter_card":"summary_large_image","twitter_creator":"@sonoraenequipo","twitter_site":"@sonoraenequipo","twitter_misc":{"Escrito por":"enequipo","Tiempo de lectura":"2 minutos"},"schema":{"@context":"https:\/\/schema.org","@graph":[{"@type":"Article","@id":"https:\/\/www.sonoraenequipo.com.mx\/fortalece-gobernador-durazo-educacion-superior-con-nueva-unidad-academica-de-la-uts-en-bacum\/#article","isPartOf":{"@id":"https:\/\/www.sonoraenequipo.com.mx\/fortalece-gobernador-durazo-educacion-superior-con-nueva-unidad-academica-de-la-uts-en-bacum\/"},"author":{"name":"enequipo","@id":"https:\/\/www.sonoraenequipo.com.mx\/#\/schema\/person\/50102df0fb23a8fa9e8effad8fa81386"},"headline":"Fortalece Gobernador Durazo educaci\u00f3n superior con nueva unidad acad\u00e9mica de la UTS en B\u00e1cum","datePublished":"2025-10-14T19:38:38+00:00","dateModified":"2025-10-14T21:39:02+00:00","mainEntityOfPage":{"@id":"https:\/\/www.sonoraenequipo.com.mx\/fortalece-gobernador-durazo-educacion-superior-con-nueva-unidad-academica-de-la-uts-en-bacum\/"},"wordCount":331,"commentCount":0,"publisher":{"@id":"https:\/\/www.sonoraenequipo.com.mx\/#organization"},"image":{"@id":"https:\/\/www.sonoraenequipo.com.mx\/fortalece-gobernador-durazo-educacion-superior-con-nueva-unidad-academica-de-la-uts-en-bacum\/#primaryimage"},"thumbnailUrl":"https:\/\/www.sonoraenequipo.com.mx\/storage\/2025\/10\/educacion-superior-con-nueva-unidad-academica-de-la-UTS-en-Bacum2-min.jpg","articleSection":["Sonora"],"inLanguage":"es","potentialAction":[{"@type":"CommentAction","name":"Comment","target":["https:\/\/www.sonoraenequipo.com.mx\/fortalece-gobernador-durazo-educacion-superior-con-nueva-unidad-academica-de-la-uts-en-bacum\/#respond"]}]},{"@type":"WebPage","@id":"https:\/\/www.sonoraenequipo.com.mx\/fortalece-gobernador-durazo-educacion-superior-con-nueva-unidad-academica-de-la-uts-en-bacum\/","url":"https:\/\/www.sonoraenequipo.com.mx\/fortalece-gobernador-durazo-educacion-superior-con-nueva-unidad-academica-de-la-uts-en-bacum\/","name":"Sonora en Equipo. Fortalece Gobernador Durazo educaci\u00f3n superior con nueva unidad acad\u00e9mica de la UTS en B\u00e1cum Sonora","isPartOf":{"@id":"https:\/\/www.sonoraenequipo.com.mx\/#website"},"primaryImageOfPage":{"@id":"https:\/\/www.sonoraenequipo.com.mx\/fortalece-gobernador-durazo-educacion-superior-con-nueva-unidad-academica-de-la-uts-en-bacum\/#primaryimage"},"image":{"@id":"https:\/\/www.sonoraenequipo.com.mx\/fortalece-gobernador-durazo-educacion-superior-con-nueva-unidad-academica-de-la-uts-en-bacum\/#primaryimage"},"thumbnailUrl":"https:\/\/www.sonoraenequipo.com.mx\/storage\/2025\/10\/educacion-superior-con-nueva-unidad-academica-de-la-UTS-en-Bacum2-min.jpg","datePublished":"2025-10-14T19:38:38+00:00","dateModified":"2025-10-14T21:39:02+00:00","description":"B\u00c1CUM, SONORA.MX. \u2014 Como parte del compromiso del gobernador Alfonso Durazo de fortalecer la educaci\u00f3n superior en todas las regiones de la entidad y En Sonora en Equipo publicamos toda la informaci\u00f3n de Sonora, M\u00e9xico y el Mundo de manera oportuna y busca que la libertad de expresi\u00f3n sea real. Visita nuestro medio informativo publicado desde Hermosillo, Sonora. %","breadcrumb":{"@id":"https:\/\/www.sonoraenequipo.com.mx\/fortalece-gobernador-durazo-educacion-superior-con-nueva-unidad-academica-de-la-uts-en-bacum\/#breadcrumb"},"inLanguage":"es","potentialAction":[{"@type":"ReadAction","target":["https:\/\/www.sonoraenequipo.com.mx\/fortalece-gobernador-durazo-educacion-superior-con-nueva-unidad-academica-de-la-uts-en-bacum\/"]}]},{"@type":"ImageObject","inLanguage":"es","@id":"https:\/\/www.sonoraenequipo.com.mx\/fortalece-gobernador-durazo-educacion-superior-con-nueva-unidad-academica-de-la-uts-en-bacum\/#primaryimage","url":"https:\/\/www.sonoraenequipo.com.mx\/storage\/2025\/10\/educacion-superior-con-nueva-unidad-academica-de-la-UTS-en-Bacum2-min.jpg","contentUrl":"https:\/\/www.sonoraenequipo.com.mx\/storage\/2025\/10\/educacion-superior-con-nueva-unidad-academica-de-la-UTS-en-Bacum2-min.jpg","width":1000,"height":691},{"@type":"BreadcrumbList","@id":"https:\/\/www.sonoraenequipo.com.mx\/fortalece-gobernador-durazo-educacion-superior-con-nueva-unidad-academica-de-la-uts-en-bacum\/#breadcrumb","itemListElement":[{"@type":"ListItem","position":1,"name":"Portada","item":"https:\/\/www.sonoraenequipo.com.mx\/"},{"@type":"ListItem","position":2,"name":"Fortalece Gobernador Durazo educaci\u00f3n superior con nueva unidad acad\u00e9mica de la UTS en B\u00e1cum"}]},{"@type":"WebSite","@id":"https:\/\/www.sonoraenequipo.com.mx\/#website","url":"https:\/\/www.sonoraenequipo.com.mx\/","name":"Sonora en Equipo.","description":"Diario en l\u00ednea con Noticias desde Hermosillo, Sonora","publisher":{"@id":"https:\/\/www.sonoraenequipo.com.mx\/#organization"},"potentialAction":[{"@type":"SearchAction","target":{"@type":"EntryPoint","urlTemplate":"https:\/\/www.sonoraenequipo.com.mx\/?s={search_term_string}"},"query-input":{"@type":"PropertyValueSpecification","valueRequired":true,"valueName":"search_term_string"}}],"inLanguage":"es"},{"@type":"Organization","@id":"https:\/\/www.sonoraenequipo.com.mx\/#organization","name":"Sonoraenequipo.com.mx","url":"https:\/\/www.sonoraenequipo.com.mx\/","logo":{"@type":"ImageObject","inLanguage":"es","@id":"https:\/\/www.sonoraenequipo.com.mx\/#\/schema\/logo\/image\/","url":"https:\/\/www.sonoraenequipo.com.mx\/storage\/2019\/01\/sonoraenequipo_opt.png","contentUrl":"https:\/\/www.sonoraenequipo.com.mx\/storage\/2019\/01\/sonoraenequipo_opt.png","width":375,"height":125,"caption":"Sonoraenequipo.com.mx"},"image":{"@id":"https:\/\/www.sonoraenequipo.com.mx\/#\/schema\/logo\/image\/"},"sameAs":["https:\/\/www.facebook.com\/SonoraEE\/","https:\/\/x.com\/sonoraenequipo","https:\/\/www.youtube.com\/channel\/UC338nW-lPEYmJQs4ZABQ1SQ"]},{"@type":"Person","@id":"https:\/\/www.sonoraenequipo.com.mx\/#\/schema\/person\/50102df0fb23a8fa9e8effad8fa81386","name":"enequipo","image":{"@type":"ImageObject","inLanguage":"es","@id":"https:\/\/www.sonoraenequipo.com.mx\/#\/schema\/person\/image\/","url":"https:\/\/secure.gravatar.com\/avatar\/049821681b589dabc0bc20695993ccebb09f5b5d4d790cd9251b97faac7c652b?s=96&d=blank&r=g","contentUrl":"https:\/\/secure.gravatar.com\/avatar\/049821681b589dabc0bc20695993ccebb09f5b5d4d790cd9251b97faac7c652b?s=96&d=blank&r=g","caption":"enequipo"},"sameAs":["https:\/\/www.facebook.com\/SonoraEE"]}]}},"jetpack_featured_media_url":"https:\/\/www.sonoraenequipo.com.mx\/storage\/2025\/10\/educacion-superior-con-nueva-unidad-academica-de-la-UTS-en-Bacum2-min.jpg","_links":{"self":[{"href":"https:\/\/www.sonoraenequipo.com.mx\/api\/wp\/v2\/posts\/226254","targetHints":{"allow":["GET"]}}],"collection":[{"href":"https:\/\/www.sonoraenequipo.com.mx\/api\/wp\/v2\/posts"}],"about":[{"href":"https:\/\/www.sonoraenequipo.com.mx\/api\/wp\/v2\/types\/post"}],"author":[{"embeddable":true,"href":"https:\/\/www.sonoraenequipo.com.mx\/api\/wp\/v2\/users\/1"}],"replies":[{"embeddable":true,"href":"https:\/\/www.sonoraenequipo.com.mx\/api\/wp\/v2\/comments?post=226254"}],"version-history":[{"count":1,"href":"https:\/\/www.sonoraenequipo.com.mx\/api\/wp\/v2\/posts\/226254\/revisions"}],"predecessor-version":[{"id":226255,"href":"https:\/\/www.sonoraenequipo.com.mx\/api\/wp\/v2\/posts\/226254\/revisions\/226255"}],"wp:featuredmedia":[{"embeddable":true,"href":"https:\/\/www.sonoraenequipo.com.mx\/api\/wp\/v2\/media\/226249"}],"wp:attachment":[{"href":"https:\/\/www.sonoraenequipo.com.mx\/api\/wp\/v2\/media?parent=226254"}],"wp:term":[{"taxonomy":"category","embeddable":true,"href":"https:\/\/www.sonoraenequipo.com.mx\/api\/wp\/v2\/categories?post=226254"},{"taxonomy":"post_tag","embeddable":true,"href":"https:\/\/www.sonoraenequipo.com.mx\/api\/wp\/v2\/tags?post=226254"}],"curies":[{"name":"wp","href":"https:\/\/api.w.org\/{rel}","templated":true}]}}