{"id":226257,"date":"2025-10-14T17:10:09","date_gmt":"2025-10-15T00:10:09","guid":{"rendered":"https:\/\/www.sonoraenequipo.com.mx\/?p=226257"},"modified":"2025-10-14T16:36:56","modified_gmt":"2025-10-14T23:36:56","slug":"eu-revoca-visas-a-6-extranjeros-por-discurso-relacionado-con-charlie-kirk-uno-es-mexicano","status":"publish","type":"post","link":"https:\/\/www.sonoraenequipo.com.mx\/eu-revoca-visas-a-6-extranjeros-por-discurso-relacionado-con-charlie-kirk-uno-es-mexicano\/","title":{"rendered":"EU revoca visas a 6 extranjeros por discurso relacionado con Charlie Kirk; uno es mexicano"},"content":{"rendered":"<p><strong>WASHINGTON, ESTADOS UNIDOS DEL NORTE DE AM\u00c9RICA. \u2014<\/strong> El gobierno de Trump revoc\u00f3 las visas de seis extranjeros este martes que, de acuerdo con funcionarios estadunidenses, hicieron comentarios burlones o restaron importancia al asesinato del activista conservador Charlie Kirk ocurrido el mes pasado.<\/p>\n<p>&nbsp;<\/p>\n<p>&nbsp;<\/p>\n<p> <\/p>\n<p>El Departamento de Estado determin\u00f3 que seis usuarios for\u00e1neos deber\u00edan perder sus visas despu\u00e9s de revisar sus publicaciones en las redes sociales y clips sobre Kirk, quien fue asesinado mientras hablaba en un campus universitario de Utah el pasado 10 de septiembre. Los seis extranjeros cuyas visas fueron revocadas eran de Argentina, Brasil, Alemania, M\u00e9xico, Paraguay y Sud\u00e1frica. No fueron identificados.<\/p>\n<p>&nbsp;<\/p>\n<p>&nbsp;<\/p>\n<p>El anuncio se produjo mientras el presidente Donald Trump le otorg\u00f3 p\u00f3stumamente el mayor honor civil de Estados Unidos: la Medalla Presidencial de la Libertad. En su funeral , celebrado en septiembre, Trump lo calific\u00f3 de \u201c<em><strong>gran h\u00e9roe estadounidense\u201d y \u201cm\u00e1rtir\u201d<\/strong> <\/em>de la libertad.<\/p>\n<p>&nbsp;<\/p>\n<p>&nbsp;<\/p>\n<p>&nbsp;<\/p>\n<p>La administraci\u00f3n y sus partidarios atacaron a personas por sus comentarios sobre Kirk, lo que llev\u00f3 a despidos y otras medidas disciplinarias contra periodistas, profesores y otros, y suscit\u00f3 preocupaciones sobre la libertad de expresi\u00f3n.<\/p>\n<p>&nbsp;<\/p>\n<p>&nbsp;<\/p>\n<p>Trump y el secretario de Estado, Marco Rubio, <em><strong>\u201cdefender\u00e1n nuestras fronteras, nuestra cultura y a nuestros ciudadanos haciendo cumplir nuestras leyes de inmigraci\u00f3n\u201d,<\/strong> <\/em>declar\u00f3 el Departamento de Estado. \u201c<strong><em>Los extranjeros que se aprovechen de la hospitalidad estadunidense mientras celebran el asesinato de los nuestros ser\u00e1n expulsados\u201d.<\/em><\/strong><\/p>\n<p>&nbsp;<\/p>\n<p>&nbsp;<\/p>\n<p>PUBLICADO EL 14 DE OCTUBRE DE 2025 Con informaci\u00f3n de AP)<\/p>\n","protected":false},"excerpt":{"rendered":"<p>WASHINGTON, ESTADOS UNIDOS DEL NORTE DE AM\u00c9RICA. \u2014 El gobierno de Trump revoc\u00f3 las visas&#8230;<\/p>\n","protected":false},"author":1,"featured_media":226265,"comment_status":"open","ping_status":"open","sticky":false,"template":"","format":"standard","meta":{"_monsterinsights_skip_tracking":false,"_monsterinsights_sitenote_active":false,"_monsterinsights_sitenote_note":"","_monsterinsights_sitenote_category":0,"footnotes":""},"categories":[3],"tags":[],"class_list":["post"],"yoast_head":" \n<title>Sonora en Equipo. EU revoca visas a 6 extranjeros por discurso relacionado con Charlie Kirk; uno es mexicano MUNDO<\/title>\n<meta name=\"description\" content=\"WASHINGTON, ESTADOS UNIDOS DEL NORTE DE AM\u00c9RICA. \u2014 El gobierno de Trump revoc\u00f3 las visas de seis extranjeros este martes que, de acuerdo con funcionarios En Sonora en Equipo publicamos toda la informaci\u00f3n de Sonora, M\u00e9xico y el Mundo de manera oportuna y busca que la libertad de expresi\u00f3n sea real. Visita nuestro medio informativo publicado desde Hermosillo, Sonora. %\" \/>\n<meta name=\"robots\" content=\"index, follow, max-snippet:-1, max-image-preview:large, max-video-preview:-1\" \/>\n<link rel=\"canonical\" href=\"https:\/\/www.sonoraenequipo.com.mx\/eu-revoca-visas-a-6-extranjeros-por-discurso-relacionado-con-charlie-kirk-uno-es-mexicano\/\" \/>\n<meta property=\"og:locale\" content=\"es_ES\" \/>\n<meta property=\"og:type\" content=\"article\" \/>\n<meta property=\"og:title\" content=\"Sonora en Equipo. EU revoca visas a 6 extranjeros por discurso relacionado con Charlie Kirk; uno es mexicano MUNDO\" \/>\n<meta property=\"og:description\" content=\"WASHINGTON, ESTADOS UNIDOS DEL NORTE DE AM\u00c9RICA. \u2014 El gobierno de Trump revoc\u00f3 las visas de seis extranjeros este martes que, de acuerdo con funcionarios En Sonora en Equipo publicamos toda la informaci\u00f3n de Sonora, M\u00e9xico y el Mundo de manera oportuna y busca que la libertad de expresi\u00f3n sea real. Visita nuestro medio informativo publicado desde Hermosillo, Sonora. %\" \/>\n<meta property=\"og:url\" content=\"https:\/\/www.sonoraenequipo.com.mx\/eu-revoca-visas-a-6-extranjeros-por-discurso-relacionado-con-charlie-kirk-uno-es-mexicano\/\" \/>\n<meta property=\"og:site_name\" content=\"Sonora en Equipo.\" \/>\n<meta property=\"article:publisher\" content=\"https:\/\/www.facebook.com\/SonoraEE\/\" \/>\n<meta property=\"article:author\" content=\"https:\/\/www.facebook.com\/SonoraEE\" \/>\n<meta property=\"article:published_time\" content=\"2025-10-15T00:10:09+00:00\" \/>\n<meta property=\"og:image\" content=\"https:\/\/www.sonoraenequipo.com.mx\/storage\/2025\/10\/charlie-Kirk.-ultraderecha-min.jpg\" \/>\n\t<meta property=\"og:image:width\" content=\"1052\" \/>\n\t<meta property=\"og:image:height\" content=\"620\" \/>\n\t<meta property=\"og:image:type\" content=\"image\/jpeg\" \/>\n<meta name=\"author\" content=\"enequipo\" \/>\n<meta name=\"twitter:card\" content=\"summary_large_image\" \/>\n<meta name=\"twitter:creator\" content=\"@sonoraenequipo\" \/>\n<meta name=\"twitter:site\" content=\"@sonoraenequipo\" \/>\n<meta name=\"twitter:label1\" content=\"Escrito por\" \/>\n\t<meta name=\"twitter:data1\" content=\"enequipo\" \/>\n\t<meta name=\"twitter:label2\" content=\"Tiempo de lectura\" \/>\n\t<meta name=\"twitter:data2\" content=\"1 minuto\" \/>\n<script type=\"application\/ld+json\" class=\"yoast-schema-graph\">{\"@context\":\"https:\/\/schema.org\",\"@graph\":[{\"@type\":\"Article\",\"@id\":\"https:\/\/www.sonoraenequipo.com.mx\/eu-revoca-visas-a-6-extranjeros-por-discurso-relacionado-con-charlie-kirk-uno-es-mexicano\/#article\",\"isPartOf\":{\"@id\":\"https:\/\/www.sonoraenequipo.com.mx\/eu-revoca-visas-a-6-extranjeros-por-discurso-relacionado-con-charlie-kirk-uno-es-mexicano\/\"},\"author\":{\"name\":\"enequipo\",\"@id\":\"https:\/\/www.sonoraenequipo.com.mx\/#\/schema\/person\/50102df0fb23a8fa9e8effad8fa81386\"},\"headline\":\"EU revoca visas a 6 extranjeros por discurso relacionado con Charlie Kirk; uno es mexicano\",\"datePublished\":\"2025-10-15T00:10:09+00:00\",\"mainEntityOfPage\":{\"@id\":\"https:\/\/www.sonoraenequipo.com.mx\/eu-revoca-visas-a-6-extranjeros-por-discurso-relacionado-con-charlie-kirk-uno-es-mexicano\/\"},\"wordCount\":275,\"commentCount\":0,\"publisher\":{\"@id\":\"https:\/\/www.sonoraenequipo.com.mx\/#organization\"},\"image\":{\"@id\":\"https:\/\/www.sonoraenequipo.com.mx\/eu-revoca-visas-a-6-extranjeros-por-discurso-relacionado-con-charlie-kirk-uno-es-mexicano\/#primaryimage\"},\"thumbnailUrl\":\"https:\/\/www.sonoraenequipo.com.mx\/storage\/2025\/10\/charlie-Kirk.-ultraderecha-min.jpg\",\"articleSection\":[\"MUNDO\"],\"inLanguage\":\"es\",\"potentialAction\":[{\"@type\":\"CommentAction\",\"name\":\"Comment\",\"target\":[\"https:\/\/www.sonoraenequipo.com.mx\/eu-revoca-visas-a-6-extranjeros-por-discurso-relacionado-con-charlie-kirk-uno-es-mexicano\/#respond\"]}]},{\"@type\":\"WebPage\",\"@id\":\"https:\/\/www.sonoraenequipo.com.mx\/eu-revoca-visas-a-6-extranjeros-por-discurso-relacionado-con-charlie-kirk-uno-es-mexicano\/\",\"url\":\"https:\/\/www.sonoraenequipo.com.mx\/eu-revoca-visas-a-6-extranjeros-por-discurso-relacionado-con-charlie-kirk-uno-es-mexicano\/\",\"name\":\"Sonora en Equipo. EU revoca visas a 6 extranjeros por discurso relacionado con Charlie Kirk; uno es mexicano MUNDO\",\"isPartOf\":{\"@id\":\"https:\/\/www.sonoraenequipo.com.mx\/#website\"},\"primaryImageOfPage\":{\"@id\":\"https:\/\/www.sonoraenequipo.com.mx\/eu-revoca-visas-a-6-extranjeros-por-discurso-relacionado-con-charlie-kirk-uno-es-mexicano\/#primaryimage\"},\"image\":{\"@id\":\"https:\/\/www.sonoraenequipo.com.mx\/eu-revoca-visas-a-6-extranjeros-por-discurso-relacionado-con-charlie-kirk-uno-es-mexicano\/#primaryimage\"},\"thumbnailUrl\":\"https:\/\/www.sonoraenequipo.com.mx\/storage\/2025\/10\/charlie-Kirk.-ultraderecha-min.jpg\",\"datePublished\":\"2025-10-15T00:10:09+00:00\",\"description\":\"WASHINGTON, ESTADOS UNIDOS DEL NORTE DE AM\u00c9RICA. \u2014 El gobierno de Trump revoc\u00f3 las visas de seis extranjeros este martes que, de acuerdo con funcionarios En Sonora en Equipo publicamos toda la informaci\u00f3n de Sonora, M\u00e9xico y el Mundo de manera oportuna y busca que la libertad de expresi\u00f3n sea real. Visita nuestro medio informativo publicado desde Hermosillo, Sonora. %\",\"breadcrumb\":{\"@id\":\"https:\/\/www.sonoraenequipo.com.mx\/eu-revoca-visas-a-6-extranjeros-por-discurso-relacionado-con-charlie-kirk-uno-es-mexicano\/#breadcrumb\"},\"inLanguage\":\"es\",\"potentialAction\":[{\"@type\":\"ReadAction\",\"target\":[\"https:\/\/www.sonoraenequipo.com.mx\/eu-revoca-visas-a-6-extranjeros-por-discurso-relacionado-con-charlie-kirk-uno-es-mexicano\/\"]}]},{\"@type\":\"ImageObject\",\"inLanguage\":\"es\",\"@id\":\"https:\/\/www.sonoraenequipo.com.mx\/eu-revoca-visas-a-6-extranjeros-por-discurso-relacionado-con-charlie-kirk-uno-es-mexicano\/#primaryimage\",\"url\":\"https:\/\/www.sonoraenequipo.com.mx\/storage\/2025\/10\/charlie-Kirk.-ultraderecha-min.jpg\",\"contentUrl\":\"https:\/\/www.sonoraenequipo.com.mx\/storage\/2025\/10\/charlie-Kirk.-ultraderecha-min.jpg\",\"width\":1052,\"height\":620},{\"@type\":\"BreadcrumbList\",\"@id\":\"https:\/\/www.sonoraenequipo.com.mx\/eu-revoca-visas-a-6-extranjeros-por-discurso-relacionado-con-charlie-kirk-uno-es-mexicano\/#breadcrumb\",\"itemListElement\":[{\"@type\":\"ListItem\",\"position\":1,\"name\":\"Portada\",\"item\":\"https:\/\/www.sonoraenequipo.com.mx\/\"},{\"@type\":\"ListItem\",\"position\":2,\"name\":\"EU revoca visas a 6 extranjeros por discurso relacionado con Charlie Kirk; uno es mexicano\"}]},{\"@type\":\"WebSite\",\"@id\":\"https:\/\/www.sonoraenequipo.com.mx\/#website\",\"url\":\"https:\/\/www.sonoraenequipo.com.mx\/\",\"name\":\"Sonora en Equipo.\",\"description\":\"Diario en l\u00ednea con Noticias desde Hermosillo, Sonora\",\"publisher\":{\"@id\":\"https:\/\/www.sonoraenequipo.com.mx\/#organization\"},\"potentialAction\":[{\"@type\":\"SearchAction\",\"target\":{\"@type\":\"EntryPoint\",\"urlTemplate\":\"https:\/\/www.sonoraenequipo.com.mx\/?s={search_term_string}\"},\"query-input\":{\"@type\":\"PropertyValueSpecification\",\"valueRequired\":true,\"valueName\":\"search_term_string\"}}],\"inLanguage\":\"es\"},{\"@type\":\"Organization\",\"@id\":\"https:\/\/www.sonoraenequipo.com.mx\/#organization\",\"name\":\"Sonoraenequipo.com.mx\",\"url\":\"https:\/\/www.sonoraenequipo.com.mx\/\",\"logo\":{\"@type\":\"ImageObject\",\"inLanguage\":\"es\",\"@id\":\"https:\/\/www.sonoraenequipo.com.mx\/#\/schema\/logo\/image\/\",\"url\":\"https:\/\/www.sonoraenequipo.com.mx\/storage\/2019\/01\/sonoraenequipo_opt.png\",\"contentUrl\":\"https:\/\/www.sonoraenequipo.com.mx\/storage\/2019\/01\/sonoraenequipo_opt.png\",\"width\":375,\"height\":125,\"caption\":\"Sonoraenequipo.com.mx\"},\"image\":{\"@id\":\"https:\/\/www.sonoraenequipo.com.mx\/#\/schema\/logo\/image\/\"},\"sameAs\":[\"https:\/\/www.facebook.com\/SonoraEE\/\",\"https:\/\/x.com\/sonoraenequipo\",\"https:\/\/www.youtube.com\/channel\/UC338nW-lPEYmJQs4ZABQ1SQ\"]},{\"@type\":\"Person\",\"@id\":\"https:\/\/www.sonoraenequipo.com.mx\/#\/schema\/person\/50102df0fb23a8fa9e8effad8fa81386\",\"name\":\"enequipo\",\"image\":{\"@type\":\"ImageObject\",\"inLanguage\":\"es\",\"@id\":\"https:\/\/www.sonoraenequipo.com.mx\/#\/schema\/person\/image\/\",\"url\":\"https:\/\/secure.gravatar.com\/avatar\/049821681b589dabc0bc20695993ccebb09f5b5d4d790cd9251b97faac7c652b?s=96&d=blank&r=g\",\"contentUrl\":\"https:\/\/secure.gravatar.com\/avatar\/049821681b589dabc0bc20695993ccebb09f5b5d4d790cd9251b97faac7c652b?s=96&d=blank&r=g\",\"caption\":\"enequipo\"},\"sameAs\":[\"https:\/\/www.facebook.com\/SonoraEE\"]}]}<\/script>\n ","yoast_head_json":{"title":"Sonora en Equipo. EU revoca visas a 6 extranjeros por discurso relacionado con Charlie Kirk; uno es mexicano MUNDO","description":"WASHINGTON, ESTADOS UNIDOS DEL NORTE DE AM\u00c9RICA. \u2014 El gobierno de Trump revoc\u00f3 las visas de seis extranjeros este martes que, de acuerdo con funcionarios En Sonora en Equipo publicamos toda la informaci\u00f3n de Sonora, M\u00e9xico y el Mundo de manera oportuna y busca que la libertad de expresi\u00f3n sea real. Visita nuestro medio informativo publicado desde Hermosillo, Sonora. %","robots":{"index":"index","follow":"follow","max-snippet":"max-snippet:-1","max-image-preview":"max-image-preview:large","max-video-preview":"max-video-preview:-1"},"canonical":"https:\/\/www.sonoraenequipo.com.mx\/eu-revoca-visas-a-6-extranjeros-por-discurso-relacionado-con-charlie-kirk-uno-es-mexicano\/","og_locale":"es_ES","og_type":"article","og_title":"Sonora en Equipo. EU revoca visas a 6 extranjeros por discurso relacionado con Charlie Kirk; uno es mexicano MUNDO","og_description":"WASHINGTON, ESTADOS UNIDOS DEL NORTE DE AM\u00c9RICA. \u2014 El gobierno de Trump revoc\u00f3 las visas de seis extranjeros este martes que, de acuerdo con funcionarios En Sonora en Equipo publicamos toda la informaci\u00f3n de Sonora, M\u00e9xico y el Mundo de manera oportuna y busca que la libertad de expresi\u00f3n sea real. Visita nuestro medio informativo publicado desde Hermosillo, Sonora. %","og_url":"https:\/\/www.sonoraenequipo.com.mx\/eu-revoca-visas-a-6-extranjeros-por-discurso-relacionado-con-charlie-kirk-uno-es-mexicano\/","og_site_name":"Sonora en Equipo.","article_publisher":"https:\/\/www.facebook.com\/SonoraEE\/","article_author":"https:\/\/www.facebook.com\/SonoraEE","article_published_time":"2025-10-15T00:10:09+00:00","og_image":[{"width":1052,"height":620,"url":"https:\/\/www.sonoraenequipo.com.mx\/storage\/2025\/10\/charlie-Kirk.-ultraderecha-min.jpg","type":"image\/jpeg"}],"author":"enequipo","twitter_card":"summary_large_image","twitter_creator":"@sonoraenequipo","twitter_site":"@sonoraenequipo","twitter_misc":{"Escrito por":"enequipo","Tiempo de lectura":"1 minuto"},"schema":{"@context":"https:\/\/schema.org","@graph":[{"@type":"Article","@id":"https:\/\/www.sonoraenequipo.com.mx\/eu-revoca-visas-a-6-extranjeros-por-discurso-relacionado-con-charlie-kirk-uno-es-mexicano\/#article","isPartOf":{"@id":"https:\/\/www.sonoraenequipo.com.mx\/eu-revoca-visas-a-6-extranjeros-por-discurso-relacionado-con-charlie-kirk-uno-es-mexicano\/"},"author":{"name":"enequipo","@id":"https:\/\/www.sonoraenequipo.com.mx\/#\/schema\/person\/50102df0fb23a8fa9e8effad8fa81386"},"headline":"EU revoca visas a 6 extranjeros por discurso relacionado con Charlie Kirk; uno es mexicano","datePublished":"2025-10-15T00:10:09+00:00","mainEntityOfPage":{"@id":"https:\/\/www.sonoraenequipo.com.mx\/eu-revoca-visas-a-6-extranjeros-por-discurso-relacionado-con-charlie-kirk-uno-es-mexicano\/"},"wordCount":275,"commentCount":0,"publisher":{"@id":"https:\/\/www.sonoraenequipo.com.mx\/#organization"},"image":{"@id":"https:\/\/www.sonoraenequipo.com.mx\/eu-revoca-visas-a-6-extranjeros-por-discurso-relacionado-con-charlie-kirk-uno-es-mexicano\/#primaryimage"},"thumbnailUrl":"https:\/\/www.sonoraenequipo.com.mx\/storage\/2025\/10\/charlie-Kirk.-ultraderecha-min.jpg","articleSection":["MUNDO"],"inLanguage":"es","potentialAction":[{"@type":"CommentAction","name":"Comment","target":["https:\/\/www.sonoraenequipo.com.mx\/eu-revoca-visas-a-6-extranjeros-por-discurso-relacionado-con-charlie-kirk-uno-es-mexicano\/#respond"]}]},{"@type":"WebPage","@id":"https:\/\/www.sonoraenequipo.com.mx\/eu-revoca-visas-a-6-extranjeros-por-discurso-relacionado-con-charlie-kirk-uno-es-mexicano\/","url":"https:\/\/www.sonoraenequipo.com.mx\/eu-revoca-visas-a-6-extranjeros-por-discurso-relacionado-con-charlie-kirk-uno-es-mexicano\/","name":"Sonora en Equipo. EU revoca visas a 6 extranjeros por discurso relacionado con Charlie Kirk; uno es mexicano MUNDO","isPartOf":{"@id":"https:\/\/www.sonoraenequipo.com.mx\/#website"},"primaryImageOfPage":{"@id":"https:\/\/www.sonoraenequipo.com.mx\/eu-revoca-visas-a-6-extranjeros-por-discurso-relacionado-con-charlie-kirk-uno-es-mexicano\/#primaryimage"},"image":{"@id":"https:\/\/www.sonoraenequipo.com.mx\/eu-revoca-visas-a-6-extranjeros-por-discurso-relacionado-con-charlie-kirk-uno-es-mexicano\/#primaryimage"},"thumbnailUrl":"https:\/\/www.sonoraenequipo.com.mx\/storage\/2025\/10\/charlie-Kirk.-ultraderecha-min.jpg","datePublished":"2025-10-15T00:10:09+00:00","description":"WASHINGTON, ESTADOS UNIDOS DEL NORTE DE AM\u00c9RICA. \u2014 El gobierno de Trump revoc\u00f3 las visas de seis extranjeros este martes que, de acuerdo con funcionarios En Sonora en Equipo publicamos toda la informaci\u00f3n de Sonora, M\u00e9xico y el Mundo de manera oportuna y busca que la libertad de expresi\u00f3n sea real. Visita nuestro medio informativo publicado desde Hermosillo, Sonora. %","breadcrumb":{"@id":"https:\/\/www.sonoraenequipo.com.mx\/eu-revoca-visas-a-6-extranjeros-por-discurso-relacionado-con-charlie-kirk-uno-es-mexicano\/#breadcrumb"},"inLanguage":"es","potentialAction":[{"@type":"ReadAction","target":["https:\/\/www.sonoraenequipo.com.mx\/eu-revoca-visas-a-6-extranjeros-por-discurso-relacionado-con-charlie-kirk-uno-es-mexicano\/"]}]},{"@type":"ImageObject","inLanguage":"es","@id":"https:\/\/www.sonoraenequipo.com.mx\/eu-revoca-visas-a-6-extranjeros-por-discurso-relacionado-con-charlie-kirk-uno-es-mexicano\/#primaryimage","url":"https:\/\/www.sonoraenequipo.com.mx\/storage\/2025\/10\/charlie-Kirk.-ultraderecha-min.jpg","contentUrl":"https:\/\/www.sonoraenequipo.com.mx\/storage\/2025\/10\/charlie-Kirk.-ultraderecha-min.jpg","width":1052,"height":620},{"@type":"BreadcrumbList","@id":"https:\/\/www.sonoraenequipo.com.mx\/eu-revoca-visas-a-6-extranjeros-por-discurso-relacionado-con-charlie-kirk-uno-es-mexicano\/#breadcrumb","itemListElement":[{"@type":"ListItem","position":1,"name":"Portada","item":"https:\/\/www.sonoraenequipo.com.mx\/"},{"@type":"ListItem","position":2,"name":"EU revoca visas a 6 extranjeros por discurso relacionado con Charlie Kirk; uno es mexicano"}]},{"@type":"WebSite","@id":"https:\/\/www.sonoraenequipo.com.mx\/#website","url":"https:\/\/www.sonoraenequipo.com.mx\/","name":"Sonora en Equipo.","description":"Diario en l\u00ednea con Noticias desde Hermosillo, Sonora","publisher":{"@id":"https:\/\/www.sonoraenequipo.com.mx\/#organization"},"potentialAction":[{"@type":"SearchAction","target":{"@type":"EntryPoint","urlTemplate":"https:\/\/www.sonoraenequipo.com.mx\/?s={search_term_string}"},"query-input":{"@type":"PropertyValueSpecification","valueRequired":true,"valueName":"search_term_string"}}],"inLanguage":"es"},{"@type":"Organization","@id":"https:\/\/www.sonoraenequipo.com.mx\/#organization","name":"Sonoraenequipo.com.mx","url":"https:\/\/www.sonoraenequipo.com.mx\/","logo":{"@type":"ImageObject","inLanguage":"es","@id":"https:\/\/www.sonoraenequipo.com.mx\/#\/schema\/logo\/image\/","url":"https:\/\/www.sonoraenequipo.com.mx\/storage\/2019\/01\/sonoraenequipo_opt.png","contentUrl":"https:\/\/www.sonoraenequipo.com.mx\/storage\/2019\/01\/sonoraenequipo_opt.png","width":375,"height":125,"caption":"Sonoraenequipo.com.mx"},"image":{"@id":"https:\/\/www.sonoraenequipo.com.mx\/#\/schema\/logo\/image\/"},"sameAs":["https:\/\/www.facebook.com\/SonoraEE\/","https:\/\/x.com\/sonoraenequipo","https:\/\/www.youtube.com\/channel\/UC338nW-lPEYmJQs4ZABQ1SQ"]},{"@type":"Person","@id":"https:\/\/www.sonoraenequipo.com.mx\/#\/schema\/person\/50102df0fb23a8fa9e8effad8fa81386","name":"enequipo","image":{"@type":"ImageObject","inLanguage":"es","@id":"https:\/\/www.sonoraenequipo.com.mx\/#\/schema\/person\/image\/","url":"https:\/\/secure.gravatar.com\/avatar\/049821681b589dabc0bc20695993ccebb09f5b5d4d790cd9251b97faac7c652b?s=96&d=blank&r=g","contentUrl":"https:\/\/secure.gravatar.com\/avatar\/049821681b589dabc0bc20695993ccebb09f5b5d4d790cd9251b97faac7c652b?s=96&d=blank&r=g","caption":"enequipo"},"sameAs":["https:\/\/www.facebook.com\/SonoraEE"]}]}},"jetpack_featured_media_url":"https:\/\/www.sonoraenequipo.com.mx\/storage\/2025\/10\/charlie-Kirk.-ultraderecha-min.jpg","_links":{"self":[{"href":"https:\/\/www.sonoraenequipo.com.mx\/api\/wp\/v2\/posts\/226257","targetHints":{"allow":["GET"]}}],"collection":[{"href":"https:\/\/www.sonoraenequipo.com.mx\/api\/wp\/v2\/posts"}],"about":[{"href":"https:\/\/www.sonoraenequipo.com.mx\/api\/wp\/v2\/types\/post"}],"author":[{"embeddable":true,"href":"https:\/\/www.sonoraenequipo.com.mx\/api\/wp\/v2\/users\/1"}],"replies":[{"embeddable":true,"href":"https:\/\/www.sonoraenequipo.com.mx\/api\/wp\/v2\/comments?post=226257"}],"version-history":[{"count":1,"href":"https:\/\/www.sonoraenequipo.com.mx\/api\/wp\/v2\/posts\/226257\/revisions"}],"predecessor-version":[{"id":226266,"href":"https:\/\/www.sonoraenequipo.com.mx\/api\/wp\/v2\/posts\/226257\/revisions\/226266"}],"wp:featuredmedia":[{"embeddable":true,"href":"https:\/\/www.sonoraenequipo.com.mx\/api\/wp\/v2\/media\/226265"}],"wp:attachment":[{"href":"https:\/\/www.sonoraenequipo.com.mx\/api\/wp\/v2\/media?parent=226257"}],"wp:term":[{"taxonomy":"category","embeddable":true,"href":"https:\/\/www.sonoraenequipo.com.mx\/api\/wp\/v2\/categories?post=226257"},{"taxonomy":"post_tag","embeddable":true,"href":"https:\/\/www.sonoraenequipo.com.mx\/api\/wp\/v2\/tags?post=226257"}],"curies":[{"name":"wp","href":"https:\/\/api.w.org\/{rel}","templated":true}]}}