{"id":226259,"date":"2025-10-14T15:52:26","date_gmt":"2025-10-14T22:52:26","guid":{"rendered":"https:\/\/www.sonoraenequipo.com.mx\/?p=226259"},"modified":"2025-10-14T15:53:05","modified_gmt":"2025-10-14T22:53:05","slug":"invita-gobierno-de-sonora-al-gran-festival-de-dia-de-muertos-en-hermosillo-sec","status":"publish","type":"post","link":"https:\/\/www.sonoraenequipo.com.mx\/invita-gobierno-de-sonora-al-gran-festival-de-dia-de-muertos-en-hermosillo-sec\/","title":{"rendered":"Invita Gobierno de Sonora al Gran Festival de D\u00eda de Muertos en Hermosillo: SEC"},"content":{"rendered":"<p><strong>HERMOSILLO, SONORA, MX.<\/strong> \u2014 El Gobierno de Sonora, a trav\u00e9s de la Secretar\u00eda de Educaci\u00f3n y Cultura (SEC), el Sistema para el Desarrollo Integral de la Familia en el Estado de Sonora (DIF), el Instituto Sonorense de Cultura (ISC), Radio Sonora y Bosque Urbano La Sauceda invita a la comunidad en general a participar en el Gran Festival de D\u00eda de Muertos \u201cTradici\u00f3n que nos une\u201d.<\/p>\n<p>&nbsp;<\/p>\n<p>&nbsp;<\/p>\n<p>&nbsp;<\/p>\n<p>En conferencia de prensa en la Cineteca Sonora, el titular de la SEC, Froyl\u00e1n G\u00e1mez Gamboa, acompa\u00f1ado de Beatriz Aldaco Encinas, directora general del ISC; Jes\u00fas Madrid Del R\u00edo, director general del Bosque Urbano La Sauceda, as\u00ed como de las representantes de DIF Sonora y Radio Sonora, anunci\u00f3 las actividades.<\/p>\n<p>&nbsp;<\/p>\n<p>&nbsp;<\/p>\n<p>&nbsp;<\/p>\n<p>Los funcionarios revelaron que la edici\u00f3n de este a\u00f1o contar\u00e1 con un programa de varios d\u00edas en distintas sedes de la capital sonorense:<\/p>\n<p>&nbsp;<\/p>\n<ul>\n<li>*Del 7 al 31 de octubre*: Ciclo de Cine de Terror en la Cineteca Sonora con funciones gratuitas a las 18 h y 20 h.<\/li>\n<\/ul>\n<p>&nbsp;<\/p>\n<ul>\n<li>*Viernes 31 de octubre*: Concursos de catrinas y catrines, y de altares de muertos, con m\u00fasica en vivo en el Parque Infantil a las 17 h.<\/li>\n<\/ul>\n<p>&nbsp;<\/p>\n<ul>\n<li>*S\u00e1bado 1 de noviembre*: Concierto \u201cTerror Sinf\u00f3nico\u201d de la Banda Sinf\u00f3nica del Estado de Sonora y una exposici\u00f3n de calaveras de cart\u00f3n en el Bosque Urbano La Sauceda a las 19 h.<\/li>\n<\/ul>\n<p>&nbsp;<\/p>\n<ul>\n<li>*Domingo 2 de noviembre*: Altar colectivo, pinta catrinas, un recorrido de la Comparsa Sonora y el espect\u00e1culo \u201cEntre sombras y leyendas\u201d por Skydance Circus Academy en el Bosque Urbano La Sauceda desde las 16 h.<\/li>\n<\/ul>\n<p>&nbsp;<\/p>\n<ul>\n<li>*Martes 4 de noviembre*: Procesi\u00f3n del D\u00eda de Muertos desde el Barrio M\u00e1gico de Villa de Seris hasta la Casa de la Cultura de Sonora con un colorido programa art\u00edstico a las 17:30 h.<\/li>\n<\/ul>\n<p>&nbsp;<\/p>\n<p>&nbsp;<\/p>\n<p>&nbsp;<\/p>\n<p>Indic\u00f3 que el evento principal se realizar\u00e1 el viernes 31 de octubre, a partir de las 17:00 horas, en el Parque Infantil DIF Sonora en Hermosillo y contar\u00e1 con concurso de altares, catrinas y catrines, as\u00ed como m\u00fasica en vivo para el deleite de los asistentes, quienes podr\u00e1n acceder al parque de forma gratuita.<\/p>\n<p>&nbsp;<\/p>\n<p>&nbsp;<\/p>\n<p>&nbsp;<\/p>\n<p>Explic\u00f3 que en esta celebraci\u00f3n se premiar\u00e1 a las y los participantes de las Convocatorias de Catrinas y Catrines, as\u00ed como de Altares 2025, dirigidas a la sociedad en general, por lo que invit\u00f3 a consultar las bases de cada una en el portal educaci\u00f3n.sonora.gob.mx as\u00ed como en las p\u00e1ginas electr\u00f3nicas de las instituciones participantes.<\/p>\n<p>&nbsp;<\/p>\n<p>&nbsp;<\/p>\n<p>&nbsp;<\/p>\n<p>La diversidad de propuestas del Gran Festival de D\u00eda de Muertos 2025 permitir\u00e1 a los asistentes disfrutar de experiencias culturales \u00fanicas, descubrir la riqueza de esta tradici\u00f3n y la creatividad local, fomentando la identidad y la uni\u00f3n comunitaria en cada espacio de la ciudad.<\/p>\n<p><strong>Fecha de publicaci\u00f3n martes 14 de octubre de 2025<\/strong><\/p>\n<p>&nbsp;<\/p>\n","protected":false},"excerpt":{"rendered":"<p>HERMOSILLO, SONORA, MX. \u2014 El Gobierno de Sonora, a trav\u00e9s de la Secretar\u00eda de Educaci\u00f3n&#8230;<\/p>\n","protected":false},"author":1,"featured_media":226260,"comment_status":"open","ping_status":"open","sticky":false,"template":"","format":"standard","meta":{"_monsterinsights_skip_tracking":false,"_monsterinsights_sitenote_active":false,"_monsterinsights_sitenote_note":"","_monsterinsights_sitenote_category":0,"footnotes":""},"categories":[22],"tags":[10342,3712],"class_list":["post"],"yoast_head":" \n<title>Sonora en Equipo. Invita Gobierno de Sonora al Gran Festival de D\u00eda de Muertos en Hermosillo: SEC Sonora<\/title>\n<meta name=\"description\" content=\"HERMOSILLO, SONORA, MX. \u2014 El Gobierno de Sonora, a trav\u00e9s de la Secretar\u00eda de Educaci\u00f3n y Cultura (SEC), el Sistema para el Desarrollo Integral de la En Sonora en Equipo publicamos toda la informaci\u00f3n de Sonora, M\u00e9xico y el Mundo de manera oportuna y busca que la libertad de expresi\u00f3n sea real. Visita nuestro medio informativo publicado desde Hermosillo, Sonora. %\" \/>\n<meta name=\"robots\" content=\"index, follow, max-snippet:-1, max-image-preview:large, max-video-preview:-1\" \/>\n<link rel=\"canonical\" href=\"https:\/\/www.sonoraenequipo.com.mx\/invita-gobierno-de-sonora-al-gran-festival-de-dia-de-muertos-en-hermosillo-sec\/\" \/>\n<meta property=\"og:locale\" content=\"es_ES\" \/>\n<meta property=\"og:type\" content=\"article\" \/>\n<meta property=\"og:title\" content=\"Sonora en Equipo. Invita Gobierno de Sonora al Gran Festival de D\u00eda de Muertos en Hermosillo: SEC Sonora\" \/>\n<meta property=\"og:description\" content=\"HERMOSILLO, SONORA, MX. \u2014 El Gobierno de Sonora, a trav\u00e9s de la Secretar\u00eda de Educaci\u00f3n y Cultura (SEC), el Sistema para el Desarrollo Integral de la En Sonora en Equipo publicamos toda la informaci\u00f3n de Sonora, M\u00e9xico y el Mundo de manera oportuna y busca que la libertad de expresi\u00f3n sea real. Visita nuestro medio informativo publicado desde Hermosillo, Sonora. %\" \/>\n<meta property=\"og:url\" content=\"https:\/\/www.sonoraenequipo.com.mx\/invita-gobierno-de-sonora-al-gran-festival-de-dia-de-muertos-en-hermosillo-sec\/\" \/>\n<meta property=\"og:site_name\" content=\"Sonora en Equipo.\" \/>\n<meta property=\"article:publisher\" content=\"https:\/\/www.facebook.com\/SonoraEE\/\" \/>\n<meta property=\"article:author\" content=\"https:\/\/www.facebook.com\/SonoraEE\" \/>\n<meta property=\"article:published_time\" content=\"2025-10-14T22:52:26+00:00\" \/>\n<meta property=\"article:modified_time\" content=\"2025-10-14T22:53:05+00:00\" \/>\n<meta property=\"og:image\" content=\"https:\/\/www.sonoraenequipo.com.mx\/storage\/2025\/10\/festival-muertos.jpg\" \/>\n\t<meta property=\"og:image:width\" content=\"600\" \/>\n\t<meta property=\"og:image:height\" content=\"400\" \/>\n\t<meta property=\"og:image:type\" content=\"image\/jpeg\" \/>\n<meta name=\"author\" content=\"enequipo\" \/>\n<meta name=\"twitter:card\" content=\"summary_large_image\" \/>\n<meta name=\"twitter:creator\" content=\"@sonoraenequipo\" \/>\n<meta name=\"twitter:site\" content=\"@sonoraenequipo\" \/>\n<meta name=\"twitter:label1\" content=\"Escrito por\" \/>\n\t<meta name=\"twitter:data1\" content=\"enequipo\" \/>\n\t<meta name=\"twitter:label2\" content=\"Tiempo de lectura\" \/>\n\t<meta name=\"twitter:data2\" content=\"2 minutos\" \/>\n<script type=\"application\/ld+json\" class=\"yoast-schema-graph\">{\"@context\":\"https:\/\/schema.org\",\"@graph\":[{\"@type\":\"Article\",\"@id\":\"https:\/\/www.sonoraenequipo.com.mx\/invita-gobierno-de-sonora-al-gran-festival-de-dia-de-muertos-en-hermosillo-sec\/#article\",\"isPartOf\":{\"@id\":\"https:\/\/www.sonoraenequipo.com.mx\/invita-gobierno-de-sonora-al-gran-festival-de-dia-de-muertos-en-hermosillo-sec\/\"},\"author\":{\"name\":\"enequipo\",\"@id\":\"https:\/\/www.sonoraenequipo.com.mx\/#\/schema\/person\/50102df0fb23a8fa9e8effad8fa81386\"},\"headline\":\"Invita Gobierno de Sonora al Gran Festival de D\u00eda de Muertos en Hermosillo: SEC\",\"datePublished\":\"2025-10-14T22:52:26+00:00\",\"dateModified\":\"2025-10-14T22:53:05+00:00\",\"mainEntityOfPage\":{\"@id\":\"https:\/\/www.sonoraenequipo.com.mx\/invita-gobierno-de-sonora-al-gran-festival-de-dia-de-muertos-en-hermosillo-sec\/\"},\"wordCount\":507,\"commentCount\":0,\"publisher\":{\"@id\":\"https:\/\/www.sonoraenequipo.com.mx\/#organization\"},\"image\":{\"@id\":\"https:\/\/www.sonoraenequipo.com.mx\/invita-gobierno-de-sonora-al-gran-festival-de-dia-de-muertos-en-hermosillo-sec\/#primaryimage\"},\"thumbnailUrl\":\"https:\/\/www.sonoraenequipo.com.mx\/storage\/2025\/10\/festival-muertos.jpg\",\"keywords\":[\"2025\",\"dia de muertos\"],\"articleSection\":[\"Sonora\"],\"inLanguage\":\"es\",\"potentialAction\":[{\"@type\":\"CommentAction\",\"name\":\"Comment\",\"target\":[\"https:\/\/www.sonoraenequipo.com.mx\/invita-gobierno-de-sonora-al-gran-festival-de-dia-de-muertos-en-hermosillo-sec\/#respond\"]}]},{\"@type\":\"WebPage\",\"@id\":\"https:\/\/www.sonoraenequipo.com.mx\/invita-gobierno-de-sonora-al-gran-festival-de-dia-de-muertos-en-hermosillo-sec\/\",\"url\":\"https:\/\/www.sonoraenequipo.com.mx\/invita-gobierno-de-sonora-al-gran-festival-de-dia-de-muertos-en-hermosillo-sec\/\",\"name\":\"Sonora en Equipo. Invita Gobierno de Sonora al Gran Festival de D\u00eda de Muertos en Hermosillo: SEC Sonora\",\"isPartOf\":{\"@id\":\"https:\/\/www.sonoraenequipo.com.mx\/#website\"},\"primaryImageOfPage\":{\"@id\":\"https:\/\/www.sonoraenequipo.com.mx\/invita-gobierno-de-sonora-al-gran-festival-de-dia-de-muertos-en-hermosillo-sec\/#primaryimage\"},\"image\":{\"@id\":\"https:\/\/www.sonoraenequipo.com.mx\/invita-gobierno-de-sonora-al-gran-festival-de-dia-de-muertos-en-hermosillo-sec\/#primaryimage\"},\"thumbnailUrl\":\"https:\/\/www.sonoraenequipo.com.mx\/storage\/2025\/10\/festival-muertos.jpg\",\"datePublished\":\"2025-10-14T22:52:26+00:00\",\"dateModified\":\"2025-10-14T22:53:05+00:00\",\"description\":\"HERMOSILLO, SONORA, MX. \u2014 El Gobierno de Sonora, a trav\u00e9s de la Secretar\u00eda de Educaci\u00f3n y Cultura (SEC), el Sistema para el Desarrollo Integral de la En Sonora en Equipo publicamos toda la informaci\u00f3n de Sonora, M\u00e9xico y el Mundo de manera oportuna y busca que la libertad de expresi\u00f3n sea real. Visita nuestro medio informativo publicado desde Hermosillo, Sonora. %\",\"breadcrumb\":{\"@id\":\"https:\/\/www.sonoraenequipo.com.mx\/invita-gobierno-de-sonora-al-gran-festival-de-dia-de-muertos-en-hermosillo-sec\/#breadcrumb\"},\"inLanguage\":\"es\",\"potentialAction\":[{\"@type\":\"ReadAction\",\"target\":[\"https:\/\/www.sonoraenequipo.com.mx\/invita-gobierno-de-sonora-al-gran-festival-de-dia-de-muertos-en-hermosillo-sec\/\"]}]},{\"@type\":\"ImageObject\",\"inLanguage\":\"es\",\"@id\":\"https:\/\/www.sonoraenequipo.com.mx\/invita-gobierno-de-sonora-al-gran-festival-de-dia-de-muertos-en-hermosillo-sec\/#primaryimage\",\"url\":\"https:\/\/www.sonoraenequipo.com.mx\/storage\/2025\/10\/festival-muertos.jpg\",\"contentUrl\":\"https:\/\/www.sonoraenequipo.com.mx\/storage\/2025\/10\/festival-muertos.jpg\",\"width\":600,\"height\":400},{\"@type\":\"BreadcrumbList\",\"@id\":\"https:\/\/www.sonoraenequipo.com.mx\/invita-gobierno-de-sonora-al-gran-festival-de-dia-de-muertos-en-hermosillo-sec\/#breadcrumb\",\"itemListElement\":[{\"@type\":\"ListItem\",\"position\":1,\"name\":\"Portada\",\"item\":\"https:\/\/www.sonoraenequipo.com.mx\/\"},{\"@type\":\"ListItem\",\"position\":2,\"name\":\"Invita Gobierno de Sonora al Gran Festival de D\u00eda de Muertos en Hermosillo: SEC\"}]},{\"@type\":\"WebSite\",\"@id\":\"https:\/\/www.sonoraenequipo.com.mx\/#website\",\"url\":\"https:\/\/www.sonoraenequipo.com.mx\/\",\"name\":\"Sonora en Equipo.\",\"description\":\"Diario en l\u00ednea con Noticias desde Hermosillo, Sonora\",\"publisher\":{\"@id\":\"https:\/\/www.sonoraenequipo.com.mx\/#organization\"},\"potentialAction\":[{\"@type\":\"SearchAction\",\"target\":{\"@type\":\"EntryPoint\",\"urlTemplate\":\"https:\/\/www.sonoraenequipo.com.mx\/?s={search_term_string}\"},\"query-input\":{\"@type\":\"PropertyValueSpecification\",\"valueRequired\":true,\"valueName\":\"search_term_string\"}}],\"inLanguage\":\"es\"},{\"@type\":\"Organization\",\"@id\":\"https:\/\/www.sonoraenequipo.com.mx\/#organization\",\"name\":\"Sonoraenequipo.com.mx\",\"url\":\"https:\/\/www.sonoraenequipo.com.mx\/\",\"logo\":{\"@type\":\"ImageObject\",\"inLanguage\":\"es\",\"@id\":\"https:\/\/www.sonoraenequipo.com.mx\/#\/schema\/logo\/image\/\",\"url\":\"https:\/\/www.sonoraenequipo.com.mx\/storage\/2019\/01\/sonoraenequipo_opt.png\",\"contentUrl\":\"https:\/\/www.sonoraenequipo.com.mx\/storage\/2019\/01\/sonoraenequipo_opt.png\",\"width\":375,\"height\":125,\"caption\":\"Sonoraenequipo.com.mx\"},\"image\":{\"@id\":\"https:\/\/www.sonoraenequipo.com.mx\/#\/schema\/logo\/image\/\"},\"sameAs\":[\"https:\/\/www.facebook.com\/SonoraEE\/\",\"https:\/\/x.com\/sonoraenequipo\",\"https:\/\/www.youtube.com\/channel\/UC338nW-lPEYmJQs4ZABQ1SQ\"]},{\"@type\":\"Person\",\"@id\":\"https:\/\/www.sonoraenequipo.com.mx\/#\/schema\/person\/50102df0fb23a8fa9e8effad8fa81386\",\"name\":\"enequipo\",\"image\":{\"@type\":\"ImageObject\",\"inLanguage\":\"es\",\"@id\":\"https:\/\/www.sonoraenequipo.com.mx\/#\/schema\/person\/image\/\",\"url\":\"https:\/\/secure.gravatar.com\/avatar\/049821681b589dabc0bc20695993ccebb09f5b5d4d790cd9251b97faac7c652b?s=96&d=blank&r=g\",\"contentUrl\":\"https:\/\/secure.gravatar.com\/avatar\/049821681b589dabc0bc20695993ccebb09f5b5d4d790cd9251b97faac7c652b?s=96&d=blank&r=g\",\"caption\":\"enequipo\"},\"sameAs\":[\"https:\/\/www.facebook.com\/SonoraEE\"]}]}<\/script>\n ","yoast_head_json":{"title":"Sonora en Equipo. Invita Gobierno de Sonora al Gran Festival de D\u00eda de Muertos en Hermosillo: SEC Sonora","description":"HERMOSILLO, SONORA, MX. \u2014 El Gobierno de Sonora, a trav\u00e9s de la Secretar\u00eda de Educaci\u00f3n y Cultura (SEC), el Sistema para el Desarrollo Integral de la En Sonora en Equipo publicamos toda la informaci\u00f3n de Sonora, M\u00e9xico y el Mundo de manera oportuna y busca que la libertad de expresi\u00f3n sea real. Visita nuestro medio informativo publicado desde Hermosillo, Sonora. %","robots":{"index":"index","follow":"follow","max-snippet":"max-snippet:-1","max-image-preview":"max-image-preview:large","max-video-preview":"max-video-preview:-1"},"canonical":"https:\/\/www.sonoraenequipo.com.mx\/invita-gobierno-de-sonora-al-gran-festival-de-dia-de-muertos-en-hermosillo-sec\/","og_locale":"es_ES","og_type":"article","og_title":"Sonora en Equipo. Invita Gobierno de Sonora al Gran Festival de D\u00eda de Muertos en Hermosillo: SEC Sonora","og_description":"HERMOSILLO, SONORA, MX. \u2014 El Gobierno de Sonora, a trav\u00e9s de la Secretar\u00eda de Educaci\u00f3n y Cultura (SEC), el Sistema para el Desarrollo Integral de la En Sonora en Equipo publicamos toda la informaci\u00f3n de Sonora, M\u00e9xico y el Mundo de manera oportuna y busca que la libertad de expresi\u00f3n sea real. Visita nuestro medio informativo publicado desde Hermosillo, Sonora. %","og_url":"https:\/\/www.sonoraenequipo.com.mx\/invita-gobierno-de-sonora-al-gran-festival-de-dia-de-muertos-en-hermosillo-sec\/","og_site_name":"Sonora en Equipo.","article_publisher":"https:\/\/www.facebook.com\/SonoraEE\/","article_author":"https:\/\/www.facebook.com\/SonoraEE","article_published_time":"2025-10-14T22:52:26+00:00","article_modified_time":"2025-10-14T22:53:05+00:00","og_image":[{"width":600,"height":400,"url":"https:\/\/www.sonoraenequipo.com.mx\/storage\/2025\/10\/festival-muertos.jpg","type":"image\/jpeg"}],"author":"enequipo","twitter_card":"summary_large_image","twitter_creator":"@sonoraenequipo","twitter_site":"@sonoraenequipo","twitter_misc":{"Escrito por":"enequipo","Tiempo de lectura":"2 minutos"},"schema":{"@context":"https:\/\/schema.org","@graph":[{"@type":"Article","@id":"https:\/\/www.sonoraenequipo.com.mx\/invita-gobierno-de-sonora-al-gran-festival-de-dia-de-muertos-en-hermosillo-sec\/#article","isPartOf":{"@id":"https:\/\/www.sonoraenequipo.com.mx\/invita-gobierno-de-sonora-al-gran-festival-de-dia-de-muertos-en-hermosillo-sec\/"},"author":{"name":"enequipo","@id":"https:\/\/www.sonoraenequipo.com.mx\/#\/schema\/person\/50102df0fb23a8fa9e8effad8fa81386"},"headline":"Invita Gobierno de Sonora al Gran Festival de D\u00eda de Muertos en Hermosillo: SEC","datePublished":"2025-10-14T22:52:26+00:00","dateModified":"2025-10-14T22:53:05+00:00","mainEntityOfPage":{"@id":"https:\/\/www.sonoraenequipo.com.mx\/invita-gobierno-de-sonora-al-gran-festival-de-dia-de-muertos-en-hermosillo-sec\/"},"wordCount":507,"commentCount":0,"publisher":{"@id":"https:\/\/www.sonoraenequipo.com.mx\/#organization"},"image":{"@id":"https:\/\/www.sonoraenequipo.com.mx\/invita-gobierno-de-sonora-al-gran-festival-de-dia-de-muertos-en-hermosillo-sec\/#primaryimage"},"thumbnailUrl":"https:\/\/www.sonoraenequipo.com.mx\/storage\/2025\/10\/festival-muertos.jpg","keywords":["2025","dia de muertos"],"articleSection":["Sonora"],"inLanguage":"es","potentialAction":[{"@type":"CommentAction","name":"Comment","target":["https:\/\/www.sonoraenequipo.com.mx\/invita-gobierno-de-sonora-al-gran-festival-de-dia-de-muertos-en-hermosillo-sec\/#respond"]}]},{"@type":"WebPage","@id":"https:\/\/www.sonoraenequipo.com.mx\/invita-gobierno-de-sonora-al-gran-festival-de-dia-de-muertos-en-hermosillo-sec\/","url":"https:\/\/www.sonoraenequipo.com.mx\/invita-gobierno-de-sonora-al-gran-festival-de-dia-de-muertos-en-hermosillo-sec\/","name":"Sonora en Equipo. Invita Gobierno de Sonora al Gran Festival de D\u00eda de Muertos en Hermosillo: SEC Sonora","isPartOf":{"@id":"https:\/\/www.sonoraenequipo.com.mx\/#website"},"primaryImageOfPage":{"@id":"https:\/\/www.sonoraenequipo.com.mx\/invita-gobierno-de-sonora-al-gran-festival-de-dia-de-muertos-en-hermosillo-sec\/#primaryimage"},"image":{"@id":"https:\/\/www.sonoraenequipo.com.mx\/invita-gobierno-de-sonora-al-gran-festival-de-dia-de-muertos-en-hermosillo-sec\/#primaryimage"},"thumbnailUrl":"https:\/\/www.sonoraenequipo.com.mx\/storage\/2025\/10\/festival-muertos.jpg","datePublished":"2025-10-14T22:52:26+00:00","dateModified":"2025-10-14T22:53:05+00:00","description":"HERMOSILLO, SONORA, MX. \u2014 El Gobierno de Sonora, a trav\u00e9s de la Secretar\u00eda de Educaci\u00f3n y Cultura (SEC), el Sistema para el Desarrollo Integral de la En Sonora en Equipo publicamos toda la informaci\u00f3n de Sonora, M\u00e9xico y el Mundo de manera oportuna y busca que la libertad de expresi\u00f3n sea real. Visita nuestro medio informativo publicado desde Hermosillo, Sonora. %","breadcrumb":{"@id":"https:\/\/www.sonoraenequipo.com.mx\/invita-gobierno-de-sonora-al-gran-festival-de-dia-de-muertos-en-hermosillo-sec\/#breadcrumb"},"inLanguage":"es","potentialAction":[{"@type":"ReadAction","target":["https:\/\/www.sonoraenequipo.com.mx\/invita-gobierno-de-sonora-al-gran-festival-de-dia-de-muertos-en-hermosillo-sec\/"]}]},{"@type":"ImageObject","inLanguage":"es","@id":"https:\/\/www.sonoraenequipo.com.mx\/invita-gobierno-de-sonora-al-gran-festival-de-dia-de-muertos-en-hermosillo-sec\/#primaryimage","url":"https:\/\/www.sonoraenequipo.com.mx\/storage\/2025\/10\/festival-muertos.jpg","contentUrl":"https:\/\/www.sonoraenequipo.com.mx\/storage\/2025\/10\/festival-muertos.jpg","width":600,"height":400},{"@type":"BreadcrumbList","@id":"https:\/\/www.sonoraenequipo.com.mx\/invita-gobierno-de-sonora-al-gran-festival-de-dia-de-muertos-en-hermosillo-sec\/#breadcrumb","itemListElement":[{"@type":"ListItem","position":1,"name":"Portada","item":"https:\/\/www.sonoraenequipo.com.mx\/"},{"@type":"ListItem","position":2,"name":"Invita Gobierno de Sonora al Gran Festival de D\u00eda de Muertos en Hermosillo: SEC"}]},{"@type":"WebSite","@id":"https:\/\/www.sonoraenequipo.com.mx\/#website","url":"https:\/\/www.sonoraenequipo.com.mx\/","name":"Sonora en Equipo.","description":"Diario en l\u00ednea con Noticias desde Hermosillo, Sonora","publisher":{"@id":"https:\/\/www.sonoraenequipo.com.mx\/#organization"},"potentialAction":[{"@type":"SearchAction","target":{"@type":"EntryPoint","urlTemplate":"https:\/\/www.sonoraenequipo.com.mx\/?s={search_term_string}"},"query-input":{"@type":"PropertyValueSpecification","valueRequired":true,"valueName":"search_term_string"}}],"inLanguage":"es"},{"@type":"Organization","@id":"https:\/\/www.sonoraenequipo.com.mx\/#organization","name":"Sonoraenequipo.com.mx","url":"https:\/\/www.sonoraenequipo.com.mx\/","logo":{"@type":"ImageObject","inLanguage":"es","@id":"https:\/\/www.sonoraenequipo.com.mx\/#\/schema\/logo\/image\/","url":"https:\/\/www.sonoraenequipo.com.mx\/storage\/2019\/01\/sonoraenequipo_opt.png","contentUrl":"https:\/\/www.sonoraenequipo.com.mx\/storage\/2019\/01\/sonoraenequipo_opt.png","width":375,"height":125,"caption":"Sonoraenequipo.com.mx"},"image":{"@id":"https:\/\/www.sonoraenequipo.com.mx\/#\/schema\/logo\/image\/"},"sameAs":["https:\/\/www.facebook.com\/SonoraEE\/","https:\/\/x.com\/sonoraenequipo","https:\/\/www.youtube.com\/channel\/UC338nW-lPEYmJQs4ZABQ1SQ"]},{"@type":"Person","@id":"https:\/\/www.sonoraenequipo.com.mx\/#\/schema\/person\/50102df0fb23a8fa9e8effad8fa81386","name":"enequipo","image":{"@type":"ImageObject","inLanguage":"es","@id":"https:\/\/www.sonoraenequipo.com.mx\/#\/schema\/person\/image\/","url":"https:\/\/secure.gravatar.com\/avatar\/049821681b589dabc0bc20695993ccebb09f5b5d4d790cd9251b97faac7c652b?s=96&d=blank&r=g","contentUrl":"https:\/\/secure.gravatar.com\/avatar\/049821681b589dabc0bc20695993ccebb09f5b5d4d790cd9251b97faac7c652b?s=96&d=blank&r=g","caption":"enequipo"},"sameAs":["https:\/\/www.facebook.com\/SonoraEE"]}]}},"jetpack_featured_media_url":"https:\/\/www.sonoraenequipo.com.mx\/storage\/2025\/10\/festival-muertos.jpg","_links":{"self":[{"href":"https:\/\/www.sonoraenequipo.com.mx\/api\/wp\/v2\/posts\/226259","targetHints":{"allow":["GET"]}}],"collection":[{"href":"https:\/\/www.sonoraenequipo.com.mx\/api\/wp\/v2\/posts"}],"about":[{"href":"https:\/\/www.sonoraenequipo.com.mx\/api\/wp\/v2\/types\/post"}],"author":[{"embeddable":true,"href":"https:\/\/www.sonoraenequipo.com.mx\/api\/wp\/v2\/users\/1"}],"replies":[{"embeddable":true,"href":"https:\/\/www.sonoraenequipo.com.mx\/api\/wp\/v2\/comments?post=226259"}],"version-history":[{"count":1,"href":"https:\/\/www.sonoraenequipo.com.mx\/api\/wp\/v2\/posts\/226259\/revisions"}],"predecessor-version":[{"id":226261,"href":"https:\/\/www.sonoraenequipo.com.mx\/api\/wp\/v2\/posts\/226259\/revisions\/226261"}],"wp:featuredmedia":[{"embeddable":true,"href":"https:\/\/www.sonoraenequipo.com.mx\/api\/wp\/v2\/media\/226260"}],"wp:attachment":[{"href":"https:\/\/www.sonoraenequipo.com.mx\/api\/wp\/v2\/media?parent=226259"}],"wp:term":[{"taxonomy":"category","embeddable":true,"href":"https:\/\/www.sonoraenequipo.com.mx\/api\/wp\/v2\/categories?post=226259"},{"taxonomy":"post_tag","embeddable":true,"href":"https:\/\/www.sonoraenequipo.com.mx\/api\/wp\/v2\/tags?post=226259"}],"curies":[{"name":"wp","href":"https:\/\/api.w.org\/{rel}","templated":true}]}}