{"id":226268,"date":"2025-10-14T16:57:44","date_gmt":"2025-10-14T23:57:44","guid":{"rendered":"https:\/\/www.sonoraenequipo.com.mx\/?p=226268"},"modified":"2025-10-14T16:58:32","modified_gmt":"2025-10-14T23:58:32","slug":"diputados-aprueban-en-lo-general-la-ley-de-amparo-preven-tres-modificaciones-a-minuta-del-senado","status":"publish","type":"post","link":"https:\/\/www.sonoraenequipo.com.mx\/diputados-aprueban-en-lo-general-la-ley-de-amparo-preven-tres-modificaciones-a-minuta-del-senado\/","title":{"rendered":"Diputados aprueban en lo general la Ley de Amparo; prev\u00e9n tres modificaciones a minuta del Senado"},"content":{"rendered":"<p><strong>CIUDAD DE M\u00c9XICO. MX. \u2014 La<\/strong>\u00a0C\u00e1mara de Diputados aprob\u00f3 esta tarde en lo general la reforma a la Ley de Amparo y entr\u00f3 a una larga discusi\u00f3n en lo particular, donde se prev\u00e9 aceptar s\u00f3lo tres cambios a la minuta del Senado, de las 309 reservas enlistadas en la sesi\u00f3n.<\/p>\n<p>&nbsp;<\/p>\n<p>&nbsp;<\/p>\n<p>&nbsp;<\/p>\n<p> <\/p>\n<p>El dictamen de las Comisiones unidas de Justicia y de Hacienda se valid\u00f3 con 345 votos de Morena y sus aliados y 131 votos en contra de la oposici\u00f3n, que insisti\u00f3 en el retroceso de la figura del amparo en detrimento de los intereses sociales.<\/p>\n<p>&nbsp;<\/p>\n<p>&nbsp;<\/p>\n<p>La ministra en retiro y diputada de Morena, Olga S\u00e1nchez Cordero (Morena), vot\u00f3 en abstenci\u00f3n, al igual que los diputados del PT, Greycy Dur\u00e1n y Javier V\u00e1zquez Calixto. Asimismo, votaron en contra Ana \u00c9rika Santana (PVEM), y Martha Aracely Cruz Jim\u00e9nez (PT), vot\u00f3 en contra.<\/p>\n<p>&nbsp;<\/p>\n<p>&nbsp;<\/p>\n<p>La legisladora mixe explic\u00f3 que su voto se explica porque la reforma afectar\u00e1 el inter\u00e9s colectivo y ello tendr\u00e1 impacto negativo en los pueblos ind\u00edgenas.<\/p>\n<p>&nbsp;<\/p>\n<p>&nbsp;<\/p>\n<p>Cruz Jim\u00e9nez present\u00f3 una reserva en ese sentido, para recuperar el derecho de las comunidades a interponer amparos cuando los actos reclamados produzcan un beneficio cierto, directo \u201c<em><strong>o indirecto, individual o colectivo, en la tutela de los derechos humanos de la persona quejosa o de la colectividad a la que pertenece, sin que sea necesario demostrar la titularidad exclusiva de un derecho subjetivo\u201d.<\/strong><\/em><\/p>\n<p>&nbsp;<\/p>\n<p>&nbsp;<\/p>\n<p>Uno de los cambios obedece, explic\u00f3 el coordinador de Morena, Ricardo Monreal \u00c1vila, a las cr\u00edticas en contra de los requisitos que las personas deber\u00e1n cumplir para solicitar un amparo.<\/p>\n<p>&nbsp;<\/p>\n<p>&nbsp;<\/p>\n<p>De esta manera, Morena propondr\u00e1 que se suprima la obligaci\u00f3n del juez de verificar que, \u201c<em><strong>de ejecutarse el acto (reclamado) se puedan causar da\u00f1os de dif\u00edcil reparaci\u00f3n\u201d.<\/strong><\/em><\/p>\n<p>&nbsp;<\/p>\n<p>&nbsp;<\/p>\n<p>&nbsp;<\/p>\n<p>El otro cambio tiene que ver con la interpretaci\u00f3n del momento procesal en que los asuntos en proceso ya no podr\u00e1n resolverse bajo el r\u00e9gimen legal anterior, sino bajo las nuevas disposiciones.<\/p>\n<p>&nbsp;<\/p>\n<p>&nbsp;<\/p>\n<p>&nbsp;<\/p>\n<p>Una tercera, que se vot\u00f3 al inicio de la discusi\u00f3n, la presentaron de manera conjunta Monreal y Ricardo Mej\u00eda Berdeja (PT), para precisar que, trat\u00e1ndose de permisos, autorizaciones o concesiones del gobierno federal, existe un derecho adquirido y no est\u00e1 sujeto a revocaci\u00f3n o a que se deje sin efecto.<\/p>\n<p>&nbsp;<\/p>\n<p>&nbsp;<\/p>\n<p>&nbsp;<\/p>\n<p>En la tribuna, Mej\u00eda Berdeja explic\u00f3 que la redacci\u00f3n del dictamen en la fracci\u00f3n XVI del art\u00edculo 129 prev\u00e9 que se considerar\u00e1 que habr\u00eda un perjuicio al inter\u00e9s social o se contravienen disposiciones de orden p\u00fablico, si al concederse la suspensi\u00f3n en el juicio de amparo, se contin\u00faa con la realizaci\u00f3n de actividades o prestaci\u00f3n de servicios que requieran dichos permisos y no se cuenta con ellos, hayan sido revocados o dejados sin efecto.<\/p>\n<p>&nbsp;<\/p>\n<p>&nbsp;<\/p>\n<p>Por ello se propuso suprimir la segunda parte de dicha fracci\u00f3n, \u201c<em><strong>porque no es el mismo supuesto cuando alguien acude a una ventanilla del gobierno, le niegan el permiso y luego, como pasa hoy, se promueve un amparo y se otorga la suspensi\u00f3n y empiezan a operar sin contar con permiso y autorizaci\u00f3n\u201d.<\/strong><\/em><\/p>\n<p>&nbsp;<\/p>\n<p>&nbsp;<\/p>\n<p>&nbsp;<\/p>\n<p>La modificaci\u00f3n, que \u201c<strong><em>beneficiar\u00e1 a millones es que, cuando ya se tenga el permiso, la concesi\u00f3n o la autorizaci\u00f3n, es derecho adquirido y viene una revocaci\u00f3n o se deja sin efectos, ah\u00ed s\u00ed se puede hacer valer en el juicio de amparo en la suspensi\u00f3n provisional. Es muy diferente a no tener y tenerlo y que lo revoquen\u201d.<\/em><\/strong><\/p>\n<p>&nbsp;<\/p>\n<p>&nbsp;<\/p>\n<p>Se\u00f1al\u00f3 que, tal como estaba esa fracci\u00f3n podr\u00eda afectarse al sector transportista, que ya tiene sus permisos de operaci\u00f3n, y \u201c<em><strong>si lo dejamos como est\u00e1 y le revocan el permiso, ese transportista no tendr\u00eda derecho a la suspensi\u00f3n provisional y tendr\u00eda una afectaci\u00f3n\u201d.<\/strong><\/em><\/p>\n<p>&nbsp;<\/p>\n<p>&nbsp;<\/p>\n<p>PUBLICADO EL 14 DE OCTUBRE DE 2025 Con informaci\u00f3n de Enrique M\u00e9ndez y N\u00e9stor Jim\u00e9nez)<\/p>\n","protected":false},"excerpt":{"rendered":"<p>CIUDAD DE M\u00c9XICO. MX. \u2014 La\u00a0C\u00e1mara de Diputados aprob\u00f3 esta tarde en lo general la&#8230;<\/p>\n","protected":false},"author":1,"featured_media":226269,"comment_status":"open","ping_status":"open","sticky":false,"template":"","format":"standard","meta":{"_monsterinsights_skip_tracking":false,"_monsterinsights_sitenote_active":false,"_monsterinsights_sitenote_note":"","_monsterinsights_sitenote_category":0,"footnotes":""},"categories":[5],"tags":[],"class_list":["post"],"yoast_head":" \n<title>Sonora en Equipo. Diputados aprueban en lo general la Ley de Amparo; prev\u00e9n tres modificaciones a minuta del Senado Rep\u00fablica<\/title>\n<meta name=\"description\" content=\"CIUDAD DE M\u00c9XICO. MX. \u2014 La\u00a0C\u00e1mara de Diputados aprob\u00f3 esta tarde en lo general la reforma a la Ley de Amparo y entr\u00f3 a una larga discusi\u00f3n en lo En Sonora en Equipo publicamos toda la informaci\u00f3n de Sonora, M\u00e9xico y el Mundo de manera oportuna y busca que la libertad de expresi\u00f3n sea real. Visita nuestro medio informativo publicado desde Hermosillo, Sonora. %\" \/>\n<meta name=\"robots\" content=\"index, follow, max-snippet:-1, max-image-preview:large, max-video-preview:-1\" \/>\n<link rel=\"canonical\" href=\"https:\/\/www.sonoraenequipo.com.mx\/diputados-aprueban-en-lo-general-la-ley-de-amparo-preven-tres-modificaciones-a-minuta-del-senado\/\" \/>\n<meta property=\"og:locale\" content=\"es_ES\" \/>\n<meta property=\"og:type\" content=\"article\" \/>\n<meta property=\"og:title\" content=\"Sonora en Equipo. Diputados aprueban en lo general la Ley de Amparo; prev\u00e9n tres modificaciones a minuta del Senado Rep\u00fablica\" \/>\n<meta property=\"og:description\" content=\"CIUDAD DE M\u00c9XICO. MX. \u2014 La\u00a0C\u00e1mara de Diputados aprob\u00f3 esta tarde en lo general la reforma a la Ley de Amparo y entr\u00f3 a una larga discusi\u00f3n en lo En Sonora en Equipo publicamos toda la informaci\u00f3n de Sonora, M\u00e9xico y el Mundo de manera oportuna y busca que la libertad de expresi\u00f3n sea real. Visita nuestro medio informativo publicado desde Hermosillo, Sonora. %\" \/>\n<meta property=\"og:url\" content=\"https:\/\/www.sonoraenequipo.com.mx\/diputados-aprueban-en-lo-general-la-ley-de-amparo-preven-tres-modificaciones-a-minuta-del-senado\/\" \/>\n<meta property=\"og:site_name\" content=\"Sonora en Equipo.\" \/>\n<meta property=\"article:publisher\" content=\"https:\/\/www.facebook.com\/SonoraEE\/\" \/>\n<meta property=\"article:author\" content=\"https:\/\/www.facebook.com\/SonoraEE\" \/>\n<meta property=\"article:published_time\" content=\"2025-10-14T23:57:44+00:00\" \/>\n<meta property=\"article:modified_time\" content=\"2025-10-14T23:58:32+00:00\" \/>\n<meta property=\"og:image\" content=\"https:\/\/www.sonoraenequipo.com.mx\/storage\/2025\/10\/Diputados-aprueban-en-lo-general-la-Ley-de-Amparo-min.jpg\" \/>\n\t<meta property=\"og:image:width\" content=\"1000\" \/>\n\t<meta property=\"og:image:height\" content=\"525\" \/>\n\t<meta property=\"og:image:type\" content=\"image\/jpeg\" \/>\n<meta name=\"author\" content=\"enequipo\" \/>\n<meta name=\"twitter:card\" content=\"summary_large_image\" \/>\n<meta name=\"twitter:creator\" content=\"@sonoraenequipo\" \/>\n<meta name=\"twitter:site\" content=\"@sonoraenequipo\" \/>\n<meta name=\"twitter:label1\" content=\"Escrito por\" \/>\n\t<meta name=\"twitter:data1\" content=\"enequipo\" \/>\n\t<meta name=\"twitter:label2\" content=\"Tiempo de lectura\" \/>\n\t<meta name=\"twitter:data2\" content=\"3 minutos\" \/>\n<script type=\"application\/ld+json\" class=\"yoast-schema-graph\">{\"@context\":\"https:\/\/schema.org\",\"@graph\":[{\"@type\":\"Article\",\"@id\":\"https:\/\/www.sonoraenequipo.com.mx\/diputados-aprueban-en-lo-general-la-ley-de-amparo-preven-tres-modificaciones-a-minuta-del-senado\/#article\",\"isPartOf\":{\"@id\":\"https:\/\/www.sonoraenequipo.com.mx\/diputados-aprueban-en-lo-general-la-ley-de-amparo-preven-tres-modificaciones-a-minuta-del-senado\/\"},\"author\":{\"name\":\"enequipo\",\"@id\":\"https:\/\/www.sonoraenequipo.com.mx\/#\/schema\/person\/50102df0fb23a8fa9e8effad8fa81386\"},\"headline\":\"Diputados aprueban en lo general la Ley de Amparo; prev\u00e9n tres modificaciones a minuta del Senado\",\"datePublished\":\"2025-10-14T23:57:44+00:00\",\"dateModified\":\"2025-10-14T23:58:32+00:00\",\"mainEntityOfPage\":{\"@id\":\"https:\/\/www.sonoraenequipo.com.mx\/diputados-aprueban-en-lo-general-la-ley-de-amparo-preven-tres-modificaciones-a-minuta-del-senado\/\"},\"wordCount\":710,\"commentCount\":0,\"publisher\":{\"@id\":\"https:\/\/www.sonoraenequipo.com.mx\/#organization\"},\"image\":{\"@id\":\"https:\/\/www.sonoraenequipo.com.mx\/diputados-aprueban-en-lo-general-la-ley-de-amparo-preven-tres-modificaciones-a-minuta-del-senado\/#primaryimage\"},\"thumbnailUrl\":\"https:\/\/www.sonoraenequipo.com.mx\/storage\/2025\/10\/Diputados-aprueban-en-lo-general-la-Ley-de-Amparo-min.jpg\",\"articleSection\":[\"Rep\u00fablica\"],\"inLanguage\":\"es\",\"potentialAction\":[{\"@type\":\"CommentAction\",\"name\":\"Comment\",\"target\":[\"https:\/\/www.sonoraenequipo.com.mx\/diputados-aprueban-en-lo-general-la-ley-de-amparo-preven-tres-modificaciones-a-minuta-del-senado\/#respond\"]}]},{\"@type\":\"WebPage\",\"@id\":\"https:\/\/www.sonoraenequipo.com.mx\/diputados-aprueban-en-lo-general-la-ley-de-amparo-preven-tres-modificaciones-a-minuta-del-senado\/\",\"url\":\"https:\/\/www.sonoraenequipo.com.mx\/diputados-aprueban-en-lo-general-la-ley-de-amparo-preven-tres-modificaciones-a-minuta-del-senado\/\",\"name\":\"Sonora en Equipo. Diputados aprueban en lo general la Ley de Amparo; prev\u00e9n tres modificaciones a minuta del Senado Rep\u00fablica\",\"isPartOf\":{\"@id\":\"https:\/\/www.sonoraenequipo.com.mx\/#website\"},\"primaryImageOfPage\":{\"@id\":\"https:\/\/www.sonoraenequipo.com.mx\/diputados-aprueban-en-lo-general-la-ley-de-amparo-preven-tres-modificaciones-a-minuta-del-senado\/#primaryimage\"},\"image\":{\"@id\":\"https:\/\/www.sonoraenequipo.com.mx\/diputados-aprueban-en-lo-general-la-ley-de-amparo-preven-tres-modificaciones-a-minuta-del-senado\/#primaryimage\"},\"thumbnailUrl\":\"https:\/\/www.sonoraenequipo.com.mx\/storage\/2025\/10\/Diputados-aprueban-en-lo-general-la-Ley-de-Amparo-min.jpg\",\"datePublished\":\"2025-10-14T23:57:44+00:00\",\"dateModified\":\"2025-10-14T23:58:32+00:00\",\"description\":\"CIUDAD DE M\u00c9XICO. MX. \u2014 La\u00a0C\u00e1mara de Diputados aprob\u00f3 esta tarde en lo general la reforma a la Ley de Amparo y entr\u00f3 a una larga discusi\u00f3n en lo En Sonora en Equipo publicamos toda la informaci\u00f3n de Sonora, M\u00e9xico y el Mundo de manera oportuna y busca que la libertad de expresi\u00f3n sea real. Visita nuestro medio informativo publicado desde Hermosillo, Sonora. %\",\"breadcrumb\":{\"@id\":\"https:\/\/www.sonoraenequipo.com.mx\/diputados-aprueban-en-lo-general-la-ley-de-amparo-preven-tres-modificaciones-a-minuta-del-senado\/#breadcrumb\"},\"inLanguage\":\"es\",\"potentialAction\":[{\"@type\":\"ReadAction\",\"target\":[\"https:\/\/www.sonoraenequipo.com.mx\/diputados-aprueban-en-lo-general-la-ley-de-amparo-preven-tres-modificaciones-a-minuta-del-senado\/\"]}]},{\"@type\":\"ImageObject\",\"inLanguage\":\"es\",\"@id\":\"https:\/\/www.sonoraenequipo.com.mx\/diputados-aprueban-en-lo-general-la-ley-de-amparo-preven-tres-modificaciones-a-minuta-del-senado\/#primaryimage\",\"url\":\"https:\/\/www.sonoraenequipo.com.mx\/storage\/2025\/10\/Diputados-aprueban-en-lo-general-la-Ley-de-Amparo-min.jpg\",\"contentUrl\":\"https:\/\/www.sonoraenequipo.com.mx\/storage\/2025\/10\/Diputados-aprueban-en-lo-general-la-Ley-de-Amparo-min.jpg\",\"width\":1000,\"height\":525},{\"@type\":\"BreadcrumbList\",\"@id\":\"https:\/\/www.sonoraenequipo.com.mx\/diputados-aprueban-en-lo-general-la-ley-de-amparo-preven-tres-modificaciones-a-minuta-del-senado\/#breadcrumb\",\"itemListElement\":[{\"@type\":\"ListItem\",\"position\":1,\"name\":\"Portada\",\"item\":\"https:\/\/www.sonoraenequipo.com.mx\/\"},{\"@type\":\"ListItem\",\"position\":2,\"name\":\"Diputados aprueban en lo general la Ley de Amparo; prev\u00e9n tres modificaciones a minuta del Senado\"}]},{\"@type\":\"WebSite\",\"@id\":\"https:\/\/www.sonoraenequipo.com.mx\/#website\",\"url\":\"https:\/\/www.sonoraenequipo.com.mx\/\",\"name\":\"Sonora en Equipo.\",\"description\":\"Diario en l\u00ednea con Noticias desde Hermosillo, Sonora\",\"publisher\":{\"@id\":\"https:\/\/www.sonoraenequipo.com.mx\/#organization\"},\"potentialAction\":[{\"@type\":\"SearchAction\",\"target\":{\"@type\":\"EntryPoint\",\"urlTemplate\":\"https:\/\/www.sonoraenequipo.com.mx\/?s={search_term_string}\"},\"query-input\":{\"@type\":\"PropertyValueSpecification\",\"valueRequired\":true,\"valueName\":\"search_term_string\"}}],\"inLanguage\":\"es\"},{\"@type\":\"Organization\",\"@id\":\"https:\/\/www.sonoraenequipo.com.mx\/#organization\",\"name\":\"Sonoraenequipo.com.mx\",\"url\":\"https:\/\/www.sonoraenequipo.com.mx\/\",\"logo\":{\"@type\":\"ImageObject\",\"inLanguage\":\"es\",\"@id\":\"https:\/\/www.sonoraenequipo.com.mx\/#\/schema\/logo\/image\/\",\"url\":\"https:\/\/www.sonoraenequipo.com.mx\/storage\/2019\/01\/sonoraenequipo_opt.png\",\"contentUrl\":\"https:\/\/www.sonoraenequipo.com.mx\/storage\/2019\/01\/sonoraenequipo_opt.png\",\"width\":375,\"height\":125,\"caption\":\"Sonoraenequipo.com.mx\"},\"image\":{\"@id\":\"https:\/\/www.sonoraenequipo.com.mx\/#\/schema\/logo\/image\/\"},\"sameAs\":[\"https:\/\/www.facebook.com\/SonoraEE\/\",\"https:\/\/x.com\/sonoraenequipo\",\"https:\/\/www.youtube.com\/channel\/UC338nW-lPEYmJQs4ZABQ1SQ\"]},{\"@type\":\"Person\",\"@id\":\"https:\/\/www.sonoraenequipo.com.mx\/#\/schema\/person\/50102df0fb23a8fa9e8effad8fa81386\",\"name\":\"enequipo\",\"image\":{\"@type\":\"ImageObject\",\"inLanguage\":\"es\",\"@id\":\"https:\/\/www.sonoraenequipo.com.mx\/#\/schema\/person\/image\/\",\"url\":\"https:\/\/secure.gravatar.com\/avatar\/049821681b589dabc0bc20695993ccebb09f5b5d4d790cd9251b97faac7c652b?s=96&d=blank&r=g\",\"contentUrl\":\"https:\/\/secure.gravatar.com\/avatar\/049821681b589dabc0bc20695993ccebb09f5b5d4d790cd9251b97faac7c652b?s=96&d=blank&r=g\",\"caption\":\"enequipo\"},\"sameAs\":[\"https:\/\/www.facebook.com\/SonoraEE\"]}]}<\/script>\n ","yoast_head_json":{"title":"Sonora en Equipo. Diputados aprueban en lo general la Ley de Amparo; prev\u00e9n tres modificaciones a minuta del Senado Rep\u00fablica","description":"CIUDAD DE M\u00c9XICO. MX. \u2014 La\u00a0C\u00e1mara de Diputados aprob\u00f3 esta tarde en lo general la reforma a la Ley de Amparo y entr\u00f3 a una larga discusi\u00f3n en lo En Sonora en Equipo publicamos toda la informaci\u00f3n de Sonora, M\u00e9xico y el Mundo de manera oportuna y busca que la libertad de expresi\u00f3n sea real. Visita nuestro medio informativo publicado desde Hermosillo, Sonora. %","robots":{"index":"index","follow":"follow","max-snippet":"max-snippet:-1","max-image-preview":"max-image-preview:large","max-video-preview":"max-video-preview:-1"},"canonical":"https:\/\/www.sonoraenequipo.com.mx\/diputados-aprueban-en-lo-general-la-ley-de-amparo-preven-tres-modificaciones-a-minuta-del-senado\/","og_locale":"es_ES","og_type":"article","og_title":"Sonora en Equipo. Diputados aprueban en lo general la Ley de Amparo; prev\u00e9n tres modificaciones a minuta del Senado Rep\u00fablica","og_description":"CIUDAD DE M\u00c9XICO. MX. \u2014 La\u00a0C\u00e1mara de Diputados aprob\u00f3 esta tarde en lo general la reforma a la Ley de Amparo y entr\u00f3 a una larga discusi\u00f3n en lo En Sonora en Equipo publicamos toda la informaci\u00f3n de Sonora, M\u00e9xico y el Mundo de manera oportuna y busca que la libertad de expresi\u00f3n sea real. Visita nuestro medio informativo publicado desde Hermosillo, Sonora. %","og_url":"https:\/\/www.sonoraenequipo.com.mx\/diputados-aprueban-en-lo-general-la-ley-de-amparo-preven-tres-modificaciones-a-minuta-del-senado\/","og_site_name":"Sonora en Equipo.","article_publisher":"https:\/\/www.facebook.com\/SonoraEE\/","article_author":"https:\/\/www.facebook.com\/SonoraEE","article_published_time":"2025-10-14T23:57:44+00:00","article_modified_time":"2025-10-14T23:58:32+00:00","og_image":[{"width":1000,"height":525,"url":"https:\/\/www.sonoraenequipo.com.mx\/storage\/2025\/10\/Diputados-aprueban-en-lo-general-la-Ley-de-Amparo-min.jpg","type":"image\/jpeg"}],"author":"enequipo","twitter_card":"summary_large_image","twitter_creator":"@sonoraenequipo","twitter_site":"@sonoraenequipo","twitter_misc":{"Escrito por":"enequipo","Tiempo de lectura":"3 minutos"},"schema":{"@context":"https:\/\/schema.org","@graph":[{"@type":"Article","@id":"https:\/\/www.sonoraenequipo.com.mx\/diputados-aprueban-en-lo-general-la-ley-de-amparo-preven-tres-modificaciones-a-minuta-del-senado\/#article","isPartOf":{"@id":"https:\/\/www.sonoraenequipo.com.mx\/diputados-aprueban-en-lo-general-la-ley-de-amparo-preven-tres-modificaciones-a-minuta-del-senado\/"},"author":{"name":"enequipo","@id":"https:\/\/www.sonoraenequipo.com.mx\/#\/schema\/person\/50102df0fb23a8fa9e8effad8fa81386"},"headline":"Diputados aprueban en lo general la Ley de Amparo; prev\u00e9n tres modificaciones a minuta del Senado","datePublished":"2025-10-14T23:57:44+00:00","dateModified":"2025-10-14T23:58:32+00:00","mainEntityOfPage":{"@id":"https:\/\/www.sonoraenequipo.com.mx\/diputados-aprueban-en-lo-general-la-ley-de-amparo-preven-tres-modificaciones-a-minuta-del-senado\/"},"wordCount":710,"commentCount":0,"publisher":{"@id":"https:\/\/www.sonoraenequipo.com.mx\/#organization"},"image":{"@id":"https:\/\/www.sonoraenequipo.com.mx\/diputados-aprueban-en-lo-general-la-ley-de-amparo-preven-tres-modificaciones-a-minuta-del-senado\/#primaryimage"},"thumbnailUrl":"https:\/\/www.sonoraenequipo.com.mx\/storage\/2025\/10\/Diputados-aprueban-en-lo-general-la-Ley-de-Amparo-min.jpg","articleSection":["Rep\u00fablica"],"inLanguage":"es","potentialAction":[{"@type":"CommentAction","name":"Comment","target":["https:\/\/www.sonoraenequipo.com.mx\/diputados-aprueban-en-lo-general-la-ley-de-amparo-preven-tres-modificaciones-a-minuta-del-senado\/#respond"]}]},{"@type":"WebPage","@id":"https:\/\/www.sonoraenequipo.com.mx\/diputados-aprueban-en-lo-general-la-ley-de-amparo-preven-tres-modificaciones-a-minuta-del-senado\/","url":"https:\/\/www.sonoraenequipo.com.mx\/diputados-aprueban-en-lo-general-la-ley-de-amparo-preven-tres-modificaciones-a-minuta-del-senado\/","name":"Sonora en Equipo. Diputados aprueban en lo general la Ley de Amparo; prev\u00e9n tres modificaciones a minuta del Senado Rep\u00fablica","isPartOf":{"@id":"https:\/\/www.sonoraenequipo.com.mx\/#website"},"primaryImageOfPage":{"@id":"https:\/\/www.sonoraenequipo.com.mx\/diputados-aprueban-en-lo-general-la-ley-de-amparo-preven-tres-modificaciones-a-minuta-del-senado\/#primaryimage"},"image":{"@id":"https:\/\/www.sonoraenequipo.com.mx\/diputados-aprueban-en-lo-general-la-ley-de-amparo-preven-tres-modificaciones-a-minuta-del-senado\/#primaryimage"},"thumbnailUrl":"https:\/\/www.sonoraenequipo.com.mx\/storage\/2025\/10\/Diputados-aprueban-en-lo-general-la-Ley-de-Amparo-min.jpg","datePublished":"2025-10-14T23:57:44+00:00","dateModified":"2025-10-14T23:58:32+00:00","description":"CIUDAD DE M\u00c9XICO. MX. \u2014 La\u00a0C\u00e1mara de Diputados aprob\u00f3 esta tarde en lo general la reforma a la Ley de Amparo y entr\u00f3 a una larga discusi\u00f3n en lo En Sonora en Equipo publicamos toda la informaci\u00f3n de Sonora, M\u00e9xico y el Mundo de manera oportuna y busca que la libertad de expresi\u00f3n sea real. Visita nuestro medio informativo publicado desde Hermosillo, Sonora. %","breadcrumb":{"@id":"https:\/\/www.sonoraenequipo.com.mx\/diputados-aprueban-en-lo-general-la-ley-de-amparo-preven-tres-modificaciones-a-minuta-del-senado\/#breadcrumb"},"inLanguage":"es","potentialAction":[{"@type":"ReadAction","target":["https:\/\/www.sonoraenequipo.com.mx\/diputados-aprueban-en-lo-general-la-ley-de-amparo-preven-tres-modificaciones-a-minuta-del-senado\/"]}]},{"@type":"ImageObject","inLanguage":"es","@id":"https:\/\/www.sonoraenequipo.com.mx\/diputados-aprueban-en-lo-general-la-ley-de-amparo-preven-tres-modificaciones-a-minuta-del-senado\/#primaryimage","url":"https:\/\/www.sonoraenequipo.com.mx\/storage\/2025\/10\/Diputados-aprueban-en-lo-general-la-Ley-de-Amparo-min.jpg","contentUrl":"https:\/\/www.sonoraenequipo.com.mx\/storage\/2025\/10\/Diputados-aprueban-en-lo-general-la-Ley-de-Amparo-min.jpg","width":1000,"height":525},{"@type":"BreadcrumbList","@id":"https:\/\/www.sonoraenequipo.com.mx\/diputados-aprueban-en-lo-general-la-ley-de-amparo-preven-tres-modificaciones-a-minuta-del-senado\/#breadcrumb","itemListElement":[{"@type":"ListItem","position":1,"name":"Portada","item":"https:\/\/www.sonoraenequipo.com.mx\/"},{"@type":"ListItem","position":2,"name":"Diputados aprueban en lo general la Ley de Amparo; prev\u00e9n tres modificaciones a minuta del Senado"}]},{"@type":"WebSite","@id":"https:\/\/www.sonoraenequipo.com.mx\/#website","url":"https:\/\/www.sonoraenequipo.com.mx\/","name":"Sonora en Equipo.","description":"Diario en l\u00ednea con Noticias desde Hermosillo, Sonora","publisher":{"@id":"https:\/\/www.sonoraenequipo.com.mx\/#organization"},"potentialAction":[{"@type":"SearchAction","target":{"@type":"EntryPoint","urlTemplate":"https:\/\/www.sonoraenequipo.com.mx\/?s={search_term_string}"},"query-input":{"@type":"PropertyValueSpecification","valueRequired":true,"valueName":"search_term_string"}}],"inLanguage":"es"},{"@type":"Organization","@id":"https:\/\/www.sonoraenequipo.com.mx\/#organization","name":"Sonoraenequipo.com.mx","url":"https:\/\/www.sonoraenequipo.com.mx\/","logo":{"@type":"ImageObject","inLanguage":"es","@id":"https:\/\/www.sonoraenequipo.com.mx\/#\/schema\/logo\/image\/","url":"https:\/\/www.sonoraenequipo.com.mx\/storage\/2019\/01\/sonoraenequipo_opt.png","contentUrl":"https:\/\/www.sonoraenequipo.com.mx\/storage\/2019\/01\/sonoraenequipo_opt.png","width":375,"height":125,"caption":"Sonoraenequipo.com.mx"},"image":{"@id":"https:\/\/www.sonoraenequipo.com.mx\/#\/schema\/logo\/image\/"},"sameAs":["https:\/\/www.facebook.com\/SonoraEE\/","https:\/\/x.com\/sonoraenequipo","https:\/\/www.youtube.com\/channel\/UC338nW-lPEYmJQs4ZABQ1SQ"]},{"@type":"Person","@id":"https:\/\/www.sonoraenequipo.com.mx\/#\/schema\/person\/50102df0fb23a8fa9e8effad8fa81386","name":"enequipo","image":{"@type":"ImageObject","inLanguage":"es","@id":"https:\/\/www.sonoraenequipo.com.mx\/#\/schema\/person\/image\/","url":"https:\/\/secure.gravatar.com\/avatar\/049821681b589dabc0bc20695993ccebb09f5b5d4d790cd9251b97faac7c652b?s=96&d=blank&r=g","contentUrl":"https:\/\/secure.gravatar.com\/avatar\/049821681b589dabc0bc20695993ccebb09f5b5d4d790cd9251b97faac7c652b?s=96&d=blank&r=g","caption":"enequipo"},"sameAs":["https:\/\/www.facebook.com\/SonoraEE"]}]}},"jetpack_featured_media_url":"https:\/\/www.sonoraenequipo.com.mx\/storage\/2025\/10\/Diputados-aprueban-en-lo-general-la-Ley-de-Amparo-min.jpg","_links":{"self":[{"href":"https:\/\/www.sonoraenequipo.com.mx\/api\/wp\/v2\/posts\/226268","targetHints":{"allow":["GET"]}}],"collection":[{"href":"https:\/\/www.sonoraenequipo.com.mx\/api\/wp\/v2\/posts"}],"about":[{"href":"https:\/\/www.sonoraenequipo.com.mx\/api\/wp\/v2\/types\/post"}],"author":[{"embeddable":true,"href":"https:\/\/www.sonoraenequipo.com.mx\/api\/wp\/v2\/users\/1"}],"replies":[{"embeddable":true,"href":"https:\/\/www.sonoraenequipo.com.mx\/api\/wp\/v2\/comments?post=226268"}],"version-history":[{"count":1,"href":"https:\/\/www.sonoraenequipo.com.mx\/api\/wp\/v2\/posts\/226268\/revisions"}],"predecessor-version":[{"id":226270,"href":"https:\/\/www.sonoraenequipo.com.mx\/api\/wp\/v2\/posts\/226268\/revisions\/226270"}],"wp:featuredmedia":[{"embeddable":true,"href":"https:\/\/www.sonoraenequipo.com.mx\/api\/wp\/v2\/media\/226269"}],"wp:attachment":[{"href":"https:\/\/www.sonoraenequipo.com.mx\/api\/wp\/v2\/media?parent=226268"}],"wp:term":[{"taxonomy":"category","embeddable":true,"href":"https:\/\/www.sonoraenequipo.com.mx\/api\/wp\/v2\/categories?post=226268"},{"taxonomy":"post_tag","embeddable":true,"href":"https:\/\/www.sonoraenequipo.com.mx\/api\/wp\/v2\/tags?post=226268"}],"curies":[{"name":"wp","href":"https:\/\/api.w.org\/{rel}","templated":true}]}}