{"id":226283,"date":"2025-10-14T18:09:26","date_gmt":"2025-10-15T01:09:26","guid":{"rendered":"https:\/\/www.sonoraenequipo.com.mx\/?p=226283"},"modified":"2025-10-14T18:09:26","modified_gmt":"2025-10-15T01:09:26","slug":"gabriela-felix-llama-a-revisar-a-fondo-el-plan-hidrico-de-sonora","status":"publish","type":"post","link":"https:\/\/www.sonoraenequipo.com.mx\/gabriela-felix-llama-a-revisar-a-fondo-el-plan-hidrico-de-sonora\/","title":{"rendered":"Gabriela F\u00e9lix llama a revisar a fondo el Plan H\u00eddrico de Sonora"},"content":{"rendered":"<p><strong>HERMOSILLO, SONORA, MX.<\/strong> \u2014 Durante la sesi\u00f3n de este jueves en el Congreso del Estado, la diputada Gabriela F\u00e9lix se\u00f1al\u00f3 que el Plan H\u00eddrico de Sonora sigue dejando sin respuesta temas fundamentales sobre su viabilidad t\u00e9cnica, ambiental y econ\u00f3mica.<\/p>\n<p>&nbsp;<\/p>\n<p>La diputada record\u00f3 que, aun cuando el documento fue publicado, persisten dudas que deben ser aclaradas antes de comprometer una inversi\u00f3n de 7 mil 500 millones de pesos, monto que podr\u00eda destinarse a resolver los problemas estructurales del sistema de agua potable en la entidad.<\/p>\n<p>&nbsp;<\/p>\n<p>\u201cAntes de construir nuevas presas, debemos atender la red hidr\u00e1ulica que hoy pierde el 50% del agua potable\u201d, expres\u00f3.<\/p>\n<p>&nbsp;<\/p>\n<p>La legisladora advirti\u00f3 que la mitad del agua que se distribuye en el estado se desperdicia por fugas, mientras que el tratamiento de aguas residuales es pr\u00e1cticamente inexistente en varios municipios. Agreg\u00f3 que las lagunas de oxidaci\u00f3n saturadas y los basurones a cielo abierto contin\u00faan contaminando el aire, el suelo y las fuentes de agua, sin que existan soluciones de fondo.<\/p>\n<p>&nbsp;<\/p>\n<p>Gabriela F\u00e9lix enfatiz\u00f3 que, m\u00e1s all\u00e1 de la publicaci\u00f3n del documento, el Gobierno del Estado debe transparentar informaci\u00f3n clave: qu\u00e9 tipo de presas se pretenden construir, cu\u00e1l ser\u00e1 su capacidad de almacenamiento, el tama\u00f1o de las cortinas, la extensi\u00f3n de las \u00e1reas de inundaci\u00f3n y los posibles impactos ambientales y sociales. Tambi\u00e9n cuestion\u00f3 en qu\u00e9 estudios hidrol\u00f3gicos se sustenta la promesa de que el r\u00edo Sonora correr\u00e1 de manera permanente, pues, asegur\u00f3, se trata de una afirmaci\u00f3n que genera m\u00e1s dudas que certezas.<\/p>\n<p>&nbsp;<\/p>\n<p>\u201cEste plan sigue siendo un cheque en blanco. No lo digo solo yo, sino expertos e investigadores que han se\u00f1alado p\u00fablicamente las mismas preocupaciones. Es momento de hablar con claridad y de apostar por soluciones integrales que garanticen agua para las familias y un futuro sustentable para Sonora\u201d, concluy\u00f3 la diputada.<\/p>\n<p><strong>Fecha de publicaci\u00f3n martes 14 de octubre de 2025<\/strong><\/p>\n","protected":false},"excerpt":{"rendered":"<p>HERMOSILLO, SONORA, MX. \u2014 Durante la sesi\u00f3n de este jueves en el Congreso del Estado,&#8230;<\/p>\n","protected":false},"author":1,"featured_media":226284,"comment_status":"open","ping_status":"open","sticky":false,"template":"","format":"standard","meta":{"_monsterinsights_skip_tracking":false,"_monsterinsights_sitenote_active":false,"_monsterinsights_sitenote_note":"","_monsterinsights_sitenote_category":0,"footnotes":""},"categories":[1],"tags":[9558,15],"class_list":["post"],"yoast_head":" \n<title>Sonora en Equipo. Gabriela F\u00e9lix llama a revisar a fondo el Plan H\u00eddrico de Sonora<\/title>\n<meta name=\"description\" content=\"HERMOSILLO, SONORA, MX. \u2014 Durante la sesi\u00f3n de este jueves en el Congreso del Estado, la diputada Gabriela F\u00e9lix se\u00f1al\u00f3 que el Plan H\u00eddrico de Sonora En Sonora en Equipo publicamos toda la informaci\u00f3n de Sonora, M\u00e9xico y el Mundo de manera oportuna y busca que la libertad de expresi\u00f3n sea real. Visita nuestro medio informativo publicado desde Hermosillo, Sonora. %\" \/>\n<meta name=\"robots\" content=\"index, follow, max-snippet:-1, max-image-preview:large, max-video-preview:-1\" \/>\n<link rel=\"canonical\" href=\"https:\/\/www.sonoraenequipo.com.mx\/gabriela-felix-llama-a-revisar-a-fondo-el-plan-hidrico-de-sonora\/\" \/>\n<meta property=\"og:locale\" content=\"es_ES\" \/>\n<meta property=\"og:type\" content=\"article\" \/>\n<meta property=\"og:title\" content=\"Sonora en Equipo. Gabriela F\u00e9lix llama a revisar a fondo el Plan H\u00eddrico de Sonora\" \/>\n<meta property=\"og:description\" content=\"HERMOSILLO, SONORA, MX. \u2014 Durante la sesi\u00f3n de este jueves en el Congreso del Estado, la diputada Gabriela F\u00e9lix se\u00f1al\u00f3 que el Plan H\u00eddrico de Sonora En Sonora en Equipo publicamos toda la informaci\u00f3n de Sonora, M\u00e9xico y el Mundo de manera oportuna y busca que la libertad de expresi\u00f3n sea real. Visita nuestro medio informativo publicado desde Hermosillo, Sonora. %\" \/>\n<meta property=\"og:url\" content=\"https:\/\/www.sonoraenequipo.com.mx\/gabriela-felix-llama-a-revisar-a-fondo-el-plan-hidrico-de-sonora\/\" \/>\n<meta property=\"og:site_name\" content=\"Sonora en Equipo.\" \/>\n<meta property=\"article:publisher\" content=\"https:\/\/www.facebook.com\/SonoraEE\/\" \/>\n<meta property=\"article:author\" content=\"https:\/\/www.facebook.com\/SonoraEE\" \/>\n<meta property=\"article:published_time\" content=\"2025-10-15T01:09:26+00:00\" \/>\n<meta property=\"og:image\" content=\"https:\/\/www.sonoraenequipo.com.mx\/storage\/2025\/10\/gaby-felix.jpg\" \/>\n\t<meta property=\"og:image:width\" content=\"600\" \/>\n\t<meta property=\"og:image:height\" content=\"400\" \/>\n\t<meta property=\"og:image:type\" content=\"image\/jpeg\" \/>\n<meta name=\"author\" content=\"enequipo\" \/>\n<meta name=\"twitter:card\" content=\"summary_large_image\" \/>\n<meta name=\"twitter:creator\" content=\"@sonoraenequipo\" \/>\n<meta name=\"twitter:site\" content=\"@sonoraenequipo\" \/>\n<meta name=\"twitter:label1\" content=\"Escrito por\" \/>\n\t<meta name=\"twitter:data1\" content=\"enequipo\" \/>\n\t<meta name=\"twitter:label2\" content=\"Tiempo de lectura\" \/>\n\t<meta name=\"twitter:data2\" content=\"2 minutos\" \/>\n<script type=\"application\/ld+json\" class=\"yoast-schema-graph\">{\"@context\":\"https:\/\/schema.org\",\"@graph\":[{\"@type\":\"Article\",\"@id\":\"https:\/\/www.sonoraenequipo.com.mx\/gabriela-felix-llama-a-revisar-a-fondo-el-plan-hidrico-de-sonora\/#article\",\"isPartOf\":{\"@id\":\"https:\/\/www.sonoraenequipo.com.mx\/gabriela-felix-llama-a-revisar-a-fondo-el-plan-hidrico-de-sonora\/\"},\"author\":{\"name\":\"enequipo\",\"@id\":\"https:\/\/www.sonoraenequipo.com.mx\/#\/schema\/person\/50102df0fb23a8fa9e8effad8fa81386\"},\"headline\":\"Gabriela F\u00e9lix llama a revisar a fondo el Plan H\u00eddrico de Sonora\",\"datePublished\":\"2025-10-15T01:09:26+00:00\",\"mainEntityOfPage\":{\"@id\":\"https:\/\/www.sonoraenequipo.com.mx\/gabriela-felix-llama-a-revisar-a-fondo-el-plan-hidrico-de-sonora\/\"},\"wordCount\":348,\"commentCount\":0,\"publisher\":{\"@id\":\"https:\/\/www.sonoraenequipo.com.mx\/#organization\"},\"image\":{\"@id\":\"https:\/\/www.sonoraenequipo.com.mx\/gabriela-felix-llama-a-revisar-a-fondo-el-plan-hidrico-de-sonora\/#primaryimage\"},\"thumbnailUrl\":\"https:\/\/www.sonoraenequipo.com.mx\/storage\/2025\/10\/gaby-felix.jpg\",\"keywords\":[\"plan hidrico\",\"Sonora\"],\"articleSection\":[\"Sin categorizar\"],\"inLanguage\":\"es\",\"potentialAction\":[{\"@type\":\"CommentAction\",\"name\":\"Comment\",\"target\":[\"https:\/\/www.sonoraenequipo.com.mx\/gabriela-felix-llama-a-revisar-a-fondo-el-plan-hidrico-de-sonora\/#respond\"]}]},{\"@type\":\"WebPage\",\"@id\":\"https:\/\/www.sonoraenequipo.com.mx\/gabriela-felix-llama-a-revisar-a-fondo-el-plan-hidrico-de-sonora\/\",\"url\":\"https:\/\/www.sonoraenequipo.com.mx\/gabriela-felix-llama-a-revisar-a-fondo-el-plan-hidrico-de-sonora\/\",\"name\":\"Sonora en Equipo. Gabriela F\u00e9lix llama a revisar a fondo el Plan H\u00eddrico de Sonora\",\"isPartOf\":{\"@id\":\"https:\/\/www.sonoraenequipo.com.mx\/#website\"},\"primaryImageOfPage\":{\"@id\":\"https:\/\/www.sonoraenequipo.com.mx\/gabriela-felix-llama-a-revisar-a-fondo-el-plan-hidrico-de-sonora\/#primaryimage\"},\"image\":{\"@id\":\"https:\/\/www.sonoraenequipo.com.mx\/gabriela-felix-llama-a-revisar-a-fondo-el-plan-hidrico-de-sonora\/#primaryimage\"},\"thumbnailUrl\":\"https:\/\/www.sonoraenequipo.com.mx\/storage\/2025\/10\/gaby-felix.jpg\",\"datePublished\":\"2025-10-15T01:09:26+00:00\",\"description\":\"HERMOSILLO, SONORA, MX. \u2014 Durante la sesi\u00f3n de este jueves en el Congreso del Estado, la diputada Gabriela F\u00e9lix se\u00f1al\u00f3 que el Plan H\u00eddrico de Sonora En Sonora en Equipo publicamos toda la informaci\u00f3n de Sonora, M\u00e9xico y el Mundo de manera oportuna y busca que la libertad de expresi\u00f3n sea real. Visita nuestro medio informativo publicado desde Hermosillo, Sonora. %\",\"breadcrumb\":{\"@id\":\"https:\/\/www.sonoraenequipo.com.mx\/gabriela-felix-llama-a-revisar-a-fondo-el-plan-hidrico-de-sonora\/#breadcrumb\"},\"inLanguage\":\"es\",\"potentialAction\":[{\"@type\":\"ReadAction\",\"target\":[\"https:\/\/www.sonoraenequipo.com.mx\/gabriela-felix-llama-a-revisar-a-fondo-el-plan-hidrico-de-sonora\/\"]}]},{\"@type\":\"ImageObject\",\"inLanguage\":\"es\",\"@id\":\"https:\/\/www.sonoraenequipo.com.mx\/gabriela-felix-llama-a-revisar-a-fondo-el-plan-hidrico-de-sonora\/#primaryimage\",\"url\":\"https:\/\/www.sonoraenequipo.com.mx\/storage\/2025\/10\/gaby-felix.jpg\",\"contentUrl\":\"https:\/\/www.sonoraenequipo.com.mx\/storage\/2025\/10\/gaby-felix.jpg\",\"width\":600,\"height\":400},{\"@type\":\"BreadcrumbList\",\"@id\":\"https:\/\/www.sonoraenequipo.com.mx\/gabriela-felix-llama-a-revisar-a-fondo-el-plan-hidrico-de-sonora\/#breadcrumb\",\"itemListElement\":[{\"@type\":\"ListItem\",\"position\":1,\"name\":\"Portada\",\"item\":\"https:\/\/www.sonoraenequipo.com.mx\/\"},{\"@type\":\"ListItem\",\"position\":2,\"name\":\"Gabriela F\u00e9lix llama a revisar a fondo el Plan H\u00eddrico de Sonora\"}]},{\"@type\":\"WebSite\",\"@id\":\"https:\/\/www.sonoraenequipo.com.mx\/#website\",\"url\":\"https:\/\/www.sonoraenequipo.com.mx\/\",\"name\":\"Sonora en Equipo.\",\"description\":\"Diario en l\u00ednea con Noticias desde Hermosillo, Sonora\",\"publisher\":{\"@id\":\"https:\/\/www.sonoraenequipo.com.mx\/#organization\"},\"potentialAction\":[{\"@type\":\"SearchAction\",\"target\":{\"@type\":\"EntryPoint\",\"urlTemplate\":\"https:\/\/www.sonoraenequipo.com.mx\/?s={search_term_string}\"},\"query-input\":{\"@type\":\"PropertyValueSpecification\",\"valueRequired\":true,\"valueName\":\"search_term_string\"}}],\"inLanguage\":\"es\"},{\"@type\":\"Organization\",\"@id\":\"https:\/\/www.sonoraenequipo.com.mx\/#organization\",\"name\":\"Sonoraenequipo.com.mx\",\"url\":\"https:\/\/www.sonoraenequipo.com.mx\/\",\"logo\":{\"@type\":\"ImageObject\",\"inLanguage\":\"es\",\"@id\":\"https:\/\/www.sonoraenequipo.com.mx\/#\/schema\/logo\/image\/\",\"url\":\"https:\/\/www.sonoraenequipo.com.mx\/storage\/2019\/01\/sonoraenequipo_opt.png\",\"contentUrl\":\"https:\/\/www.sonoraenequipo.com.mx\/storage\/2019\/01\/sonoraenequipo_opt.png\",\"width\":375,\"height\":125,\"caption\":\"Sonoraenequipo.com.mx\"},\"image\":{\"@id\":\"https:\/\/www.sonoraenequipo.com.mx\/#\/schema\/logo\/image\/\"},\"sameAs\":[\"https:\/\/www.facebook.com\/SonoraEE\/\",\"https:\/\/x.com\/sonoraenequipo\",\"https:\/\/www.youtube.com\/channel\/UC338nW-lPEYmJQs4ZABQ1SQ\"]},{\"@type\":\"Person\",\"@id\":\"https:\/\/www.sonoraenequipo.com.mx\/#\/schema\/person\/50102df0fb23a8fa9e8effad8fa81386\",\"name\":\"enequipo\",\"image\":{\"@type\":\"ImageObject\",\"inLanguage\":\"es\",\"@id\":\"https:\/\/www.sonoraenequipo.com.mx\/#\/schema\/person\/image\/\",\"url\":\"https:\/\/secure.gravatar.com\/avatar\/049821681b589dabc0bc20695993ccebb09f5b5d4d790cd9251b97faac7c652b?s=96&d=blank&r=g\",\"contentUrl\":\"https:\/\/secure.gravatar.com\/avatar\/049821681b589dabc0bc20695993ccebb09f5b5d4d790cd9251b97faac7c652b?s=96&d=blank&r=g\",\"caption\":\"enequipo\"},\"sameAs\":[\"https:\/\/www.facebook.com\/SonoraEE\"]}]}<\/script>\n ","yoast_head_json":{"title":"Sonora en Equipo. Gabriela F\u00e9lix llama a revisar a fondo el Plan H\u00eddrico de Sonora","description":"HERMOSILLO, SONORA, MX. \u2014 Durante la sesi\u00f3n de este jueves en el Congreso del Estado, la diputada Gabriela F\u00e9lix se\u00f1al\u00f3 que el Plan H\u00eddrico de Sonora En Sonora en Equipo publicamos toda la informaci\u00f3n de Sonora, M\u00e9xico y el Mundo de manera oportuna y busca que la libertad de expresi\u00f3n sea real. Visita nuestro medio informativo publicado desde Hermosillo, Sonora. %","robots":{"index":"index","follow":"follow","max-snippet":"max-snippet:-1","max-image-preview":"max-image-preview:large","max-video-preview":"max-video-preview:-1"},"canonical":"https:\/\/www.sonoraenequipo.com.mx\/gabriela-felix-llama-a-revisar-a-fondo-el-plan-hidrico-de-sonora\/","og_locale":"es_ES","og_type":"article","og_title":"Sonora en Equipo. Gabriela F\u00e9lix llama a revisar a fondo el Plan H\u00eddrico de Sonora","og_description":"HERMOSILLO, SONORA, MX. \u2014 Durante la sesi\u00f3n de este jueves en el Congreso del Estado, la diputada Gabriela F\u00e9lix se\u00f1al\u00f3 que el Plan H\u00eddrico de Sonora En Sonora en Equipo publicamos toda la informaci\u00f3n de Sonora, M\u00e9xico y el Mundo de manera oportuna y busca que la libertad de expresi\u00f3n sea real. Visita nuestro medio informativo publicado desde Hermosillo, Sonora. %","og_url":"https:\/\/www.sonoraenequipo.com.mx\/gabriela-felix-llama-a-revisar-a-fondo-el-plan-hidrico-de-sonora\/","og_site_name":"Sonora en Equipo.","article_publisher":"https:\/\/www.facebook.com\/SonoraEE\/","article_author":"https:\/\/www.facebook.com\/SonoraEE","article_published_time":"2025-10-15T01:09:26+00:00","og_image":[{"width":600,"height":400,"url":"https:\/\/www.sonoraenequipo.com.mx\/storage\/2025\/10\/gaby-felix.jpg","type":"image\/jpeg"}],"author":"enequipo","twitter_card":"summary_large_image","twitter_creator":"@sonoraenequipo","twitter_site":"@sonoraenequipo","twitter_misc":{"Escrito por":"enequipo","Tiempo de lectura":"2 minutos"},"schema":{"@context":"https:\/\/schema.org","@graph":[{"@type":"Article","@id":"https:\/\/www.sonoraenequipo.com.mx\/gabriela-felix-llama-a-revisar-a-fondo-el-plan-hidrico-de-sonora\/#article","isPartOf":{"@id":"https:\/\/www.sonoraenequipo.com.mx\/gabriela-felix-llama-a-revisar-a-fondo-el-plan-hidrico-de-sonora\/"},"author":{"name":"enequipo","@id":"https:\/\/www.sonoraenequipo.com.mx\/#\/schema\/person\/50102df0fb23a8fa9e8effad8fa81386"},"headline":"Gabriela F\u00e9lix llama a revisar a fondo el Plan H\u00eddrico de Sonora","datePublished":"2025-10-15T01:09:26+00:00","mainEntityOfPage":{"@id":"https:\/\/www.sonoraenequipo.com.mx\/gabriela-felix-llama-a-revisar-a-fondo-el-plan-hidrico-de-sonora\/"},"wordCount":348,"commentCount":0,"publisher":{"@id":"https:\/\/www.sonoraenequipo.com.mx\/#organization"},"image":{"@id":"https:\/\/www.sonoraenequipo.com.mx\/gabriela-felix-llama-a-revisar-a-fondo-el-plan-hidrico-de-sonora\/#primaryimage"},"thumbnailUrl":"https:\/\/www.sonoraenequipo.com.mx\/storage\/2025\/10\/gaby-felix.jpg","keywords":["plan hidrico","Sonora"],"articleSection":["Sin categorizar"],"inLanguage":"es","potentialAction":[{"@type":"CommentAction","name":"Comment","target":["https:\/\/www.sonoraenequipo.com.mx\/gabriela-felix-llama-a-revisar-a-fondo-el-plan-hidrico-de-sonora\/#respond"]}]},{"@type":"WebPage","@id":"https:\/\/www.sonoraenequipo.com.mx\/gabriela-felix-llama-a-revisar-a-fondo-el-plan-hidrico-de-sonora\/","url":"https:\/\/www.sonoraenequipo.com.mx\/gabriela-felix-llama-a-revisar-a-fondo-el-plan-hidrico-de-sonora\/","name":"Sonora en Equipo. Gabriela F\u00e9lix llama a revisar a fondo el Plan H\u00eddrico de Sonora","isPartOf":{"@id":"https:\/\/www.sonoraenequipo.com.mx\/#website"},"primaryImageOfPage":{"@id":"https:\/\/www.sonoraenequipo.com.mx\/gabriela-felix-llama-a-revisar-a-fondo-el-plan-hidrico-de-sonora\/#primaryimage"},"image":{"@id":"https:\/\/www.sonoraenequipo.com.mx\/gabriela-felix-llama-a-revisar-a-fondo-el-plan-hidrico-de-sonora\/#primaryimage"},"thumbnailUrl":"https:\/\/www.sonoraenequipo.com.mx\/storage\/2025\/10\/gaby-felix.jpg","datePublished":"2025-10-15T01:09:26+00:00","description":"HERMOSILLO, SONORA, MX. \u2014 Durante la sesi\u00f3n de este jueves en el Congreso del Estado, la diputada Gabriela F\u00e9lix se\u00f1al\u00f3 que el Plan H\u00eddrico de Sonora En Sonora en Equipo publicamos toda la informaci\u00f3n de Sonora, M\u00e9xico y el Mundo de manera oportuna y busca que la libertad de expresi\u00f3n sea real. Visita nuestro medio informativo publicado desde Hermosillo, Sonora. %","breadcrumb":{"@id":"https:\/\/www.sonoraenequipo.com.mx\/gabriela-felix-llama-a-revisar-a-fondo-el-plan-hidrico-de-sonora\/#breadcrumb"},"inLanguage":"es","potentialAction":[{"@type":"ReadAction","target":["https:\/\/www.sonoraenequipo.com.mx\/gabriela-felix-llama-a-revisar-a-fondo-el-plan-hidrico-de-sonora\/"]}]},{"@type":"ImageObject","inLanguage":"es","@id":"https:\/\/www.sonoraenequipo.com.mx\/gabriela-felix-llama-a-revisar-a-fondo-el-plan-hidrico-de-sonora\/#primaryimage","url":"https:\/\/www.sonoraenequipo.com.mx\/storage\/2025\/10\/gaby-felix.jpg","contentUrl":"https:\/\/www.sonoraenequipo.com.mx\/storage\/2025\/10\/gaby-felix.jpg","width":600,"height":400},{"@type":"BreadcrumbList","@id":"https:\/\/www.sonoraenequipo.com.mx\/gabriela-felix-llama-a-revisar-a-fondo-el-plan-hidrico-de-sonora\/#breadcrumb","itemListElement":[{"@type":"ListItem","position":1,"name":"Portada","item":"https:\/\/www.sonoraenequipo.com.mx\/"},{"@type":"ListItem","position":2,"name":"Gabriela F\u00e9lix llama a revisar a fondo el Plan H\u00eddrico de Sonora"}]},{"@type":"WebSite","@id":"https:\/\/www.sonoraenequipo.com.mx\/#website","url":"https:\/\/www.sonoraenequipo.com.mx\/","name":"Sonora en Equipo.","description":"Diario en l\u00ednea con Noticias desde Hermosillo, Sonora","publisher":{"@id":"https:\/\/www.sonoraenequipo.com.mx\/#organization"},"potentialAction":[{"@type":"SearchAction","target":{"@type":"EntryPoint","urlTemplate":"https:\/\/www.sonoraenequipo.com.mx\/?s={search_term_string}"},"query-input":{"@type":"PropertyValueSpecification","valueRequired":true,"valueName":"search_term_string"}}],"inLanguage":"es"},{"@type":"Organization","@id":"https:\/\/www.sonoraenequipo.com.mx\/#organization","name":"Sonoraenequipo.com.mx","url":"https:\/\/www.sonoraenequipo.com.mx\/","logo":{"@type":"ImageObject","inLanguage":"es","@id":"https:\/\/www.sonoraenequipo.com.mx\/#\/schema\/logo\/image\/","url":"https:\/\/www.sonoraenequipo.com.mx\/storage\/2019\/01\/sonoraenequipo_opt.png","contentUrl":"https:\/\/www.sonoraenequipo.com.mx\/storage\/2019\/01\/sonoraenequipo_opt.png","width":375,"height":125,"caption":"Sonoraenequipo.com.mx"},"image":{"@id":"https:\/\/www.sonoraenequipo.com.mx\/#\/schema\/logo\/image\/"},"sameAs":["https:\/\/www.facebook.com\/SonoraEE\/","https:\/\/x.com\/sonoraenequipo","https:\/\/www.youtube.com\/channel\/UC338nW-lPEYmJQs4ZABQ1SQ"]},{"@type":"Person","@id":"https:\/\/www.sonoraenequipo.com.mx\/#\/schema\/person\/50102df0fb23a8fa9e8effad8fa81386","name":"enequipo","image":{"@type":"ImageObject","inLanguage":"es","@id":"https:\/\/www.sonoraenequipo.com.mx\/#\/schema\/person\/image\/","url":"https:\/\/secure.gravatar.com\/avatar\/049821681b589dabc0bc20695993ccebb09f5b5d4d790cd9251b97faac7c652b?s=96&d=blank&r=g","contentUrl":"https:\/\/secure.gravatar.com\/avatar\/049821681b589dabc0bc20695993ccebb09f5b5d4d790cd9251b97faac7c652b?s=96&d=blank&r=g","caption":"enequipo"},"sameAs":["https:\/\/www.facebook.com\/SonoraEE"]}]}},"jetpack_featured_media_url":"https:\/\/www.sonoraenequipo.com.mx\/storage\/2025\/10\/gaby-felix.jpg","_links":{"self":[{"href":"https:\/\/www.sonoraenequipo.com.mx\/api\/wp\/v2\/posts\/226283","targetHints":{"allow":["GET"]}}],"collection":[{"href":"https:\/\/www.sonoraenequipo.com.mx\/api\/wp\/v2\/posts"}],"about":[{"href":"https:\/\/www.sonoraenequipo.com.mx\/api\/wp\/v2\/types\/post"}],"author":[{"embeddable":true,"href":"https:\/\/www.sonoraenequipo.com.mx\/api\/wp\/v2\/users\/1"}],"replies":[{"embeddable":true,"href":"https:\/\/www.sonoraenequipo.com.mx\/api\/wp\/v2\/comments?post=226283"}],"version-history":[{"count":1,"href":"https:\/\/www.sonoraenequipo.com.mx\/api\/wp\/v2\/posts\/226283\/revisions"}],"predecessor-version":[{"id":226285,"href":"https:\/\/www.sonoraenequipo.com.mx\/api\/wp\/v2\/posts\/226283\/revisions\/226285"}],"wp:featuredmedia":[{"embeddable":true,"href":"https:\/\/www.sonoraenequipo.com.mx\/api\/wp\/v2\/media\/226284"}],"wp:attachment":[{"href":"https:\/\/www.sonoraenequipo.com.mx\/api\/wp\/v2\/media?parent=226283"}],"wp:term":[{"taxonomy":"category","embeddable":true,"href":"https:\/\/www.sonoraenequipo.com.mx\/api\/wp\/v2\/categories?post=226283"},{"taxonomy":"post_tag","embeddable":true,"href":"https:\/\/www.sonoraenequipo.com.mx\/api\/wp\/v2\/tags?post=226283"}],"curies":[{"name":"wp","href":"https:\/\/api.w.org\/{rel}","templated":true}]}}