{"id":226299,"date":"2025-10-15T10:34:29","date_gmt":"2025-10-15T17:34:29","guid":{"rendered":"https:\/\/www.sonoraenequipo.com.mx\/?p=226299"},"modified":"2025-10-15T11:55:42","modified_gmt":"2025-10-15T18:55:42","slug":"inegi-estima-que-el-consumo-privado-no-presentara-cambio-en-agosto-y-un-aumento-de-0-6-para-septiembre","status":"publish","type":"post","link":"https:\/\/www.sonoraenequipo.com.mx\/inegi-estima-que-el-consumo-privado-no-presentara-cambio-en-agosto-y-un-aumento-de-0-6-para-septiembre\/","title":{"rendered":"\u00a0INEGI anticipa aumento del consumo privado del 0.6 % en septiembre de 2025"},"content":{"rendered":"<p><strong>CIUDAD DE M\u00c9XICO.<\/strong><strong> \u0336 \u0336 \u00a0<\/strong>El Instituto Nacional de Estad\u00edstica Geograf\u00eda e inform\u00e1tica (INEGI) Indicador Oportuno del Consumo Privado (IOCP) presenta una estimaci\u00f3n adelantada del Indicador Mensual del Consumo Privado (IMCP). Mientras que el IMCP se publica<\/p>\n<p>Nueve semanas despu\u00e9s del mes de referencia, el IOCP presenta una primera estimaci\u00f3n en dos semanas y una segunda, m\u00e1s precisa, en seis semanas.<\/p>\n<p>&nbsp;<\/p>\n<p>Para agosto de 2025, el IOCP anticipa que el IMCP se mantendr\u00e1 sin variaci\u00f3n en comparaci\u00f3n con el mismo mes del a\u00f1o anterior y espera un incremento de 0.6\u2009% para septiembre. En\u2009t\u00e9rminos mensuales, se prev\u00e9 un alza de 0.2\u2009% en agosto y de 0.1\u2009%, en septiembre. El\u2009IOCP\u2009(base 2018=100) se\u00f1ala que el IMCP tendr\u00e1 un nivel de 111.5 puntos, en agosto y en septiembre de este\u2009a\u00f1o. Las estimaciones presentan sus respectivos intervalos de confianza a 95.0\u2009% y corresponden a cifras desestacionalizadas.<\/p>\n<p><strong>Fecha de publicaci\u00f3n mi\u00e9rcoles 15 de octubre de 2025<\/strong><\/p>\n<p>&nbsp;<\/p>\n<p>&nbsp;<\/p>\n","protected":false},"excerpt":{"rendered":"<p>CIUDAD DE M\u00c9XICO. \u0336 \u0336 \u00a0El Instituto Nacional de Estad\u00edstica Geograf\u00eda e inform\u00e1tica (INEGI) Indicador&#8230;<\/p>\n","protected":false},"author":1,"featured_media":70660,"comment_status":"open","ping_status":"open","sticky":false,"template":"","format":"standard","meta":{"_monsterinsights_skip_tracking":false,"_monsterinsights_sitenote_active":false,"_monsterinsights_sitenote_note":"","_monsterinsights_sitenote_category":0,"footnotes":""},"categories":[6493],"tags":[],"class_list":["post"],"yoast_head":" \n<title>Sonora en Equipo. \u00a0INEGI anticipa aumento del consumo privado del 0.6 % en septiembre de 2025 PALABRAS Y N\u00daMEROS<\/title>\n<meta name=\"description\" content=\"CIUDAD DE M\u00c9XICO. \u0336 \u0336 \u00a0El Instituto Nacional de Estad\u00edstica Geograf\u00eda e inform\u00e1tica (INEGI) Indicador Oportuno del Consumo Privado (IOCP) presenta una En Sonora en Equipo publicamos toda la informaci\u00f3n de Sonora, M\u00e9xico y el Mundo de manera oportuna y busca que la libertad de expresi\u00f3n sea real. Visita nuestro medio informativo publicado desde Hermosillo, Sonora. %\" \/>\n<meta name=\"robots\" content=\"index, follow, max-snippet:-1, max-image-preview:large, max-video-preview:-1\" \/>\n<link rel=\"canonical\" href=\"https:\/\/www.sonoraenequipo.com.mx\/inegi-estima-que-el-consumo-privado-no-presentara-cambio-en-agosto-y-un-aumento-de-0-6-para-septiembre\/\" \/>\n<meta property=\"og:locale\" content=\"es_ES\" \/>\n<meta property=\"og:type\" content=\"article\" \/>\n<meta property=\"og:title\" content=\"Sonora en Equipo. \u00a0INEGI anticipa aumento del consumo privado del 0.6 % en septiembre de 2025 PALABRAS Y N\u00daMEROS\" \/>\n<meta property=\"og:description\" content=\"CIUDAD DE M\u00c9XICO. \u0336 \u0336 \u00a0El Instituto Nacional de Estad\u00edstica Geograf\u00eda e inform\u00e1tica (INEGI) Indicador Oportuno del Consumo Privado (IOCP) presenta una En Sonora en Equipo publicamos toda la informaci\u00f3n de Sonora, M\u00e9xico y el Mundo de manera oportuna y busca que la libertad de expresi\u00f3n sea real. Visita nuestro medio informativo publicado desde Hermosillo, Sonora. %\" \/>\n<meta property=\"og:url\" content=\"https:\/\/www.sonoraenequipo.com.mx\/inegi-estima-que-el-consumo-privado-no-presentara-cambio-en-agosto-y-un-aumento-de-0-6-para-septiembre\/\" \/>\n<meta property=\"og:site_name\" content=\"Sonora en Equipo.\" \/>\n<meta property=\"article:publisher\" content=\"https:\/\/www.facebook.com\/SonoraEE\/\" \/>\n<meta property=\"article:author\" content=\"https:\/\/www.facebook.com\/SonoraEE\" \/>\n<meta property=\"article:published_time\" content=\"2025-10-15T17:34:29+00:00\" \/>\n<meta property=\"article:modified_time\" content=\"2025-10-15T18:55:42+00:00\" \/>\n<meta property=\"og:image\" content=\"https:\/\/www.sonoraenequipo.com.mx\/storage\/2019\/11\/consumo_opt.jpg\" \/>\n\t<meta property=\"og:image:width\" content=\"641\" \/>\n\t<meta property=\"og:image:height\" content=\"400\" \/>\n\t<meta property=\"og:image:type\" content=\"image\/jpeg\" \/>\n<meta name=\"author\" content=\"enequipo\" \/>\n<meta name=\"twitter:card\" content=\"summary_large_image\" \/>\n<meta name=\"twitter:creator\" content=\"@sonoraenequipo\" \/>\n<meta name=\"twitter:site\" content=\"@sonoraenequipo\" \/>\n<meta name=\"twitter:label1\" content=\"Escrito por\" \/>\n\t<meta name=\"twitter:data1\" content=\"enequipo\" \/>\n\t<meta name=\"twitter:label2\" content=\"Tiempo de lectura\" \/>\n\t<meta name=\"twitter:data2\" content=\"1 minuto\" \/>\n<script type=\"application\/ld+json\" class=\"yoast-schema-graph\">{\"@context\":\"https:\/\/schema.org\",\"@graph\":[{\"@type\":\"Article\",\"@id\":\"https:\/\/www.sonoraenequipo.com.mx\/inegi-estima-que-el-consumo-privado-no-presentara-cambio-en-agosto-y-un-aumento-de-0-6-para-septiembre\/#article\",\"isPartOf\":{\"@id\":\"https:\/\/www.sonoraenequipo.com.mx\/inegi-estima-que-el-consumo-privado-no-presentara-cambio-en-agosto-y-un-aumento-de-0-6-para-septiembre\/\"},\"author\":{\"name\":\"enequipo\",\"@id\":\"https:\/\/www.sonoraenequipo.com.mx\/#\/schema\/person\/50102df0fb23a8fa9e8effad8fa81386\"},\"headline\":\"\u00a0INEGI anticipa aumento del consumo privado del 0.6 % en septiembre de 2025\",\"datePublished\":\"2025-10-15T17:34:29+00:00\",\"dateModified\":\"2025-10-15T18:55:42+00:00\",\"mainEntityOfPage\":{\"@id\":\"https:\/\/www.sonoraenequipo.com.mx\/inegi-estima-que-el-consumo-privado-no-presentara-cambio-en-agosto-y-un-aumento-de-0-6-para-septiembre\/\"},\"wordCount\":172,\"commentCount\":0,\"publisher\":{\"@id\":\"https:\/\/www.sonoraenequipo.com.mx\/#organization\"},\"image\":{\"@id\":\"https:\/\/www.sonoraenequipo.com.mx\/inegi-estima-que-el-consumo-privado-no-presentara-cambio-en-agosto-y-un-aumento-de-0-6-para-septiembre\/#primaryimage\"},\"thumbnailUrl\":\"https:\/\/www.sonoraenequipo.com.mx\/storage\/2019\/11\/consumo_opt.jpg\",\"articleSection\":[\"PALABRAS Y N\u00daMEROS\"],\"inLanguage\":\"es\",\"potentialAction\":[{\"@type\":\"CommentAction\",\"name\":\"Comment\",\"target\":[\"https:\/\/www.sonoraenequipo.com.mx\/inegi-estima-que-el-consumo-privado-no-presentara-cambio-en-agosto-y-un-aumento-de-0-6-para-septiembre\/#respond\"]}]},{\"@type\":\"WebPage\",\"@id\":\"https:\/\/www.sonoraenequipo.com.mx\/inegi-estima-que-el-consumo-privado-no-presentara-cambio-en-agosto-y-un-aumento-de-0-6-para-septiembre\/\",\"url\":\"https:\/\/www.sonoraenequipo.com.mx\/inegi-estima-que-el-consumo-privado-no-presentara-cambio-en-agosto-y-un-aumento-de-0-6-para-septiembre\/\",\"name\":\"Sonora en Equipo. \u00a0INEGI anticipa aumento del consumo privado del 0.6 % en septiembre de 2025 PALABRAS Y N\u00daMEROS\",\"isPartOf\":{\"@id\":\"https:\/\/www.sonoraenequipo.com.mx\/#website\"},\"primaryImageOfPage\":{\"@id\":\"https:\/\/www.sonoraenequipo.com.mx\/inegi-estima-que-el-consumo-privado-no-presentara-cambio-en-agosto-y-un-aumento-de-0-6-para-septiembre\/#primaryimage\"},\"image\":{\"@id\":\"https:\/\/www.sonoraenequipo.com.mx\/inegi-estima-que-el-consumo-privado-no-presentara-cambio-en-agosto-y-un-aumento-de-0-6-para-septiembre\/#primaryimage\"},\"thumbnailUrl\":\"https:\/\/www.sonoraenequipo.com.mx\/storage\/2019\/11\/consumo_opt.jpg\",\"datePublished\":\"2025-10-15T17:34:29+00:00\",\"dateModified\":\"2025-10-15T18:55:42+00:00\",\"description\":\"CIUDAD DE M\u00c9XICO. \u0336 \u0336 \u00a0El Instituto Nacional de Estad\u00edstica Geograf\u00eda e inform\u00e1tica (INEGI) Indicador Oportuno del Consumo Privado (IOCP) presenta una En Sonora en Equipo publicamos toda la informaci\u00f3n de Sonora, M\u00e9xico y el Mundo de manera oportuna y busca que la libertad de expresi\u00f3n sea real. Visita nuestro medio informativo publicado desde Hermosillo, Sonora. %\",\"breadcrumb\":{\"@id\":\"https:\/\/www.sonoraenequipo.com.mx\/inegi-estima-que-el-consumo-privado-no-presentara-cambio-en-agosto-y-un-aumento-de-0-6-para-septiembre\/#breadcrumb\"},\"inLanguage\":\"es\",\"potentialAction\":[{\"@type\":\"ReadAction\",\"target\":[\"https:\/\/www.sonoraenequipo.com.mx\/inegi-estima-que-el-consumo-privado-no-presentara-cambio-en-agosto-y-un-aumento-de-0-6-para-septiembre\/\"]}]},{\"@type\":\"ImageObject\",\"inLanguage\":\"es\",\"@id\":\"https:\/\/www.sonoraenequipo.com.mx\/inegi-estima-que-el-consumo-privado-no-presentara-cambio-en-agosto-y-un-aumento-de-0-6-para-septiembre\/#primaryimage\",\"url\":\"https:\/\/www.sonoraenequipo.com.mx\/storage\/2019\/11\/consumo_opt.jpg\",\"contentUrl\":\"https:\/\/www.sonoraenequipo.com.mx\/storage\/2019\/11\/consumo_opt.jpg\",\"width\":641,\"height\":400},{\"@type\":\"BreadcrumbList\",\"@id\":\"https:\/\/www.sonoraenequipo.com.mx\/inegi-estima-que-el-consumo-privado-no-presentara-cambio-en-agosto-y-un-aumento-de-0-6-para-septiembre\/#breadcrumb\",\"itemListElement\":[{\"@type\":\"ListItem\",\"position\":1,\"name\":\"Portada\",\"item\":\"https:\/\/www.sonoraenequipo.com.mx\/\"},{\"@type\":\"ListItem\",\"position\":2,\"name\":\"\u00a0INEGI anticipa aumento del consumo privado del 0.6 % en septiembre de 2025\"}]},{\"@type\":\"WebSite\",\"@id\":\"https:\/\/www.sonoraenequipo.com.mx\/#website\",\"url\":\"https:\/\/www.sonoraenequipo.com.mx\/\",\"name\":\"Sonora en Equipo.\",\"description\":\"Diario en l\u00ednea con Noticias desde Hermosillo, Sonora\",\"publisher\":{\"@id\":\"https:\/\/www.sonoraenequipo.com.mx\/#organization\"},\"potentialAction\":[{\"@type\":\"SearchAction\",\"target\":{\"@type\":\"EntryPoint\",\"urlTemplate\":\"https:\/\/www.sonoraenequipo.com.mx\/?s={search_term_string}\"},\"query-input\":{\"@type\":\"PropertyValueSpecification\",\"valueRequired\":true,\"valueName\":\"search_term_string\"}}],\"inLanguage\":\"es\"},{\"@type\":\"Organization\",\"@id\":\"https:\/\/www.sonoraenequipo.com.mx\/#organization\",\"name\":\"Sonoraenequipo.com.mx\",\"url\":\"https:\/\/www.sonoraenequipo.com.mx\/\",\"logo\":{\"@type\":\"ImageObject\",\"inLanguage\":\"es\",\"@id\":\"https:\/\/www.sonoraenequipo.com.mx\/#\/schema\/logo\/image\/\",\"url\":\"https:\/\/www.sonoraenequipo.com.mx\/storage\/2019\/01\/sonoraenequipo_opt.png\",\"contentUrl\":\"https:\/\/www.sonoraenequipo.com.mx\/storage\/2019\/01\/sonoraenequipo_opt.png\",\"width\":375,\"height\":125,\"caption\":\"Sonoraenequipo.com.mx\"},\"image\":{\"@id\":\"https:\/\/www.sonoraenequipo.com.mx\/#\/schema\/logo\/image\/\"},\"sameAs\":[\"https:\/\/www.facebook.com\/SonoraEE\/\",\"https:\/\/x.com\/sonoraenequipo\",\"https:\/\/www.youtube.com\/channel\/UC338nW-lPEYmJQs4ZABQ1SQ\"]},{\"@type\":\"Person\",\"@id\":\"https:\/\/www.sonoraenequipo.com.mx\/#\/schema\/person\/50102df0fb23a8fa9e8effad8fa81386\",\"name\":\"enequipo\",\"image\":{\"@type\":\"ImageObject\",\"inLanguage\":\"es\",\"@id\":\"https:\/\/www.sonoraenequipo.com.mx\/#\/schema\/person\/image\/\",\"url\":\"https:\/\/secure.gravatar.com\/avatar\/049821681b589dabc0bc20695993ccebb09f5b5d4d790cd9251b97faac7c652b?s=96&d=blank&r=g\",\"contentUrl\":\"https:\/\/secure.gravatar.com\/avatar\/049821681b589dabc0bc20695993ccebb09f5b5d4d790cd9251b97faac7c652b?s=96&d=blank&r=g\",\"caption\":\"enequipo\"},\"sameAs\":[\"https:\/\/www.facebook.com\/SonoraEE\"]}]}<\/script>\n ","yoast_head_json":{"title":"Sonora en Equipo. \u00a0INEGI anticipa aumento del consumo privado del 0.6 % en septiembre de 2025 PALABRAS Y N\u00daMEROS","description":"CIUDAD DE M\u00c9XICO. \u0336 \u0336 \u00a0El Instituto Nacional de Estad\u00edstica Geograf\u00eda e inform\u00e1tica (INEGI) Indicador Oportuno del Consumo Privado (IOCP) presenta una En Sonora en Equipo publicamos toda la informaci\u00f3n de Sonora, M\u00e9xico y el Mundo de manera oportuna y busca que la libertad de expresi\u00f3n sea real. Visita nuestro medio informativo publicado desde Hermosillo, Sonora. %","robots":{"index":"index","follow":"follow","max-snippet":"max-snippet:-1","max-image-preview":"max-image-preview:large","max-video-preview":"max-video-preview:-1"},"canonical":"https:\/\/www.sonoraenequipo.com.mx\/inegi-estima-que-el-consumo-privado-no-presentara-cambio-en-agosto-y-un-aumento-de-0-6-para-septiembre\/","og_locale":"es_ES","og_type":"article","og_title":"Sonora en Equipo. \u00a0INEGI anticipa aumento del consumo privado del 0.6 % en septiembre de 2025 PALABRAS Y N\u00daMEROS","og_description":"CIUDAD DE M\u00c9XICO. \u0336 \u0336 \u00a0El Instituto Nacional de Estad\u00edstica Geograf\u00eda e inform\u00e1tica (INEGI) Indicador Oportuno del Consumo Privado (IOCP) presenta una En Sonora en Equipo publicamos toda la informaci\u00f3n de Sonora, M\u00e9xico y el Mundo de manera oportuna y busca que la libertad de expresi\u00f3n sea real. Visita nuestro medio informativo publicado desde Hermosillo, Sonora. %","og_url":"https:\/\/www.sonoraenequipo.com.mx\/inegi-estima-que-el-consumo-privado-no-presentara-cambio-en-agosto-y-un-aumento-de-0-6-para-septiembre\/","og_site_name":"Sonora en Equipo.","article_publisher":"https:\/\/www.facebook.com\/SonoraEE\/","article_author":"https:\/\/www.facebook.com\/SonoraEE","article_published_time":"2025-10-15T17:34:29+00:00","article_modified_time":"2025-10-15T18:55:42+00:00","og_image":[{"width":641,"height":400,"url":"https:\/\/www.sonoraenequipo.com.mx\/storage\/2019\/11\/consumo_opt.jpg","type":"image\/jpeg"}],"author":"enequipo","twitter_card":"summary_large_image","twitter_creator":"@sonoraenequipo","twitter_site":"@sonoraenequipo","twitter_misc":{"Escrito por":"enequipo","Tiempo de lectura":"1 minuto"},"schema":{"@context":"https:\/\/schema.org","@graph":[{"@type":"Article","@id":"https:\/\/www.sonoraenequipo.com.mx\/inegi-estima-que-el-consumo-privado-no-presentara-cambio-en-agosto-y-un-aumento-de-0-6-para-septiembre\/#article","isPartOf":{"@id":"https:\/\/www.sonoraenequipo.com.mx\/inegi-estima-que-el-consumo-privado-no-presentara-cambio-en-agosto-y-un-aumento-de-0-6-para-septiembre\/"},"author":{"name":"enequipo","@id":"https:\/\/www.sonoraenequipo.com.mx\/#\/schema\/person\/50102df0fb23a8fa9e8effad8fa81386"},"headline":"\u00a0INEGI anticipa aumento del consumo privado del 0.6 % en septiembre de 2025","datePublished":"2025-10-15T17:34:29+00:00","dateModified":"2025-10-15T18:55:42+00:00","mainEntityOfPage":{"@id":"https:\/\/www.sonoraenequipo.com.mx\/inegi-estima-que-el-consumo-privado-no-presentara-cambio-en-agosto-y-un-aumento-de-0-6-para-septiembre\/"},"wordCount":172,"commentCount":0,"publisher":{"@id":"https:\/\/www.sonoraenequipo.com.mx\/#organization"},"image":{"@id":"https:\/\/www.sonoraenequipo.com.mx\/inegi-estima-que-el-consumo-privado-no-presentara-cambio-en-agosto-y-un-aumento-de-0-6-para-septiembre\/#primaryimage"},"thumbnailUrl":"https:\/\/www.sonoraenequipo.com.mx\/storage\/2019\/11\/consumo_opt.jpg","articleSection":["PALABRAS Y N\u00daMEROS"],"inLanguage":"es","potentialAction":[{"@type":"CommentAction","name":"Comment","target":["https:\/\/www.sonoraenequipo.com.mx\/inegi-estima-que-el-consumo-privado-no-presentara-cambio-en-agosto-y-un-aumento-de-0-6-para-septiembre\/#respond"]}]},{"@type":"WebPage","@id":"https:\/\/www.sonoraenequipo.com.mx\/inegi-estima-que-el-consumo-privado-no-presentara-cambio-en-agosto-y-un-aumento-de-0-6-para-septiembre\/","url":"https:\/\/www.sonoraenequipo.com.mx\/inegi-estima-que-el-consumo-privado-no-presentara-cambio-en-agosto-y-un-aumento-de-0-6-para-septiembre\/","name":"Sonora en Equipo. \u00a0INEGI anticipa aumento del consumo privado del 0.6 % en septiembre de 2025 PALABRAS Y N\u00daMEROS","isPartOf":{"@id":"https:\/\/www.sonoraenequipo.com.mx\/#website"},"primaryImageOfPage":{"@id":"https:\/\/www.sonoraenequipo.com.mx\/inegi-estima-que-el-consumo-privado-no-presentara-cambio-en-agosto-y-un-aumento-de-0-6-para-septiembre\/#primaryimage"},"image":{"@id":"https:\/\/www.sonoraenequipo.com.mx\/inegi-estima-que-el-consumo-privado-no-presentara-cambio-en-agosto-y-un-aumento-de-0-6-para-septiembre\/#primaryimage"},"thumbnailUrl":"https:\/\/www.sonoraenequipo.com.mx\/storage\/2019\/11\/consumo_opt.jpg","datePublished":"2025-10-15T17:34:29+00:00","dateModified":"2025-10-15T18:55:42+00:00","description":"CIUDAD DE M\u00c9XICO. \u0336 \u0336 \u00a0El Instituto Nacional de Estad\u00edstica Geograf\u00eda e inform\u00e1tica (INEGI) Indicador Oportuno del Consumo Privado (IOCP) presenta una En Sonora en Equipo publicamos toda la informaci\u00f3n de Sonora, M\u00e9xico y el Mundo de manera oportuna y busca que la libertad de expresi\u00f3n sea real. Visita nuestro medio informativo publicado desde Hermosillo, Sonora. %","breadcrumb":{"@id":"https:\/\/www.sonoraenequipo.com.mx\/inegi-estima-que-el-consumo-privado-no-presentara-cambio-en-agosto-y-un-aumento-de-0-6-para-septiembre\/#breadcrumb"},"inLanguage":"es","potentialAction":[{"@type":"ReadAction","target":["https:\/\/www.sonoraenequipo.com.mx\/inegi-estima-que-el-consumo-privado-no-presentara-cambio-en-agosto-y-un-aumento-de-0-6-para-septiembre\/"]}]},{"@type":"ImageObject","inLanguage":"es","@id":"https:\/\/www.sonoraenequipo.com.mx\/inegi-estima-que-el-consumo-privado-no-presentara-cambio-en-agosto-y-un-aumento-de-0-6-para-septiembre\/#primaryimage","url":"https:\/\/www.sonoraenequipo.com.mx\/storage\/2019\/11\/consumo_opt.jpg","contentUrl":"https:\/\/www.sonoraenequipo.com.mx\/storage\/2019\/11\/consumo_opt.jpg","width":641,"height":400},{"@type":"BreadcrumbList","@id":"https:\/\/www.sonoraenequipo.com.mx\/inegi-estima-que-el-consumo-privado-no-presentara-cambio-en-agosto-y-un-aumento-de-0-6-para-septiembre\/#breadcrumb","itemListElement":[{"@type":"ListItem","position":1,"name":"Portada","item":"https:\/\/www.sonoraenequipo.com.mx\/"},{"@type":"ListItem","position":2,"name":"\u00a0INEGI anticipa aumento del consumo privado del 0.6 % en septiembre de 2025"}]},{"@type":"WebSite","@id":"https:\/\/www.sonoraenequipo.com.mx\/#website","url":"https:\/\/www.sonoraenequipo.com.mx\/","name":"Sonora en Equipo.","description":"Diario en l\u00ednea con Noticias desde Hermosillo, Sonora","publisher":{"@id":"https:\/\/www.sonoraenequipo.com.mx\/#organization"},"potentialAction":[{"@type":"SearchAction","target":{"@type":"EntryPoint","urlTemplate":"https:\/\/www.sonoraenequipo.com.mx\/?s={search_term_string}"},"query-input":{"@type":"PropertyValueSpecification","valueRequired":true,"valueName":"search_term_string"}}],"inLanguage":"es"},{"@type":"Organization","@id":"https:\/\/www.sonoraenequipo.com.mx\/#organization","name":"Sonoraenequipo.com.mx","url":"https:\/\/www.sonoraenequipo.com.mx\/","logo":{"@type":"ImageObject","inLanguage":"es","@id":"https:\/\/www.sonoraenequipo.com.mx\/#\/schema\/logo\/image\/","url":"https:\/\/www.sonoraenequipo.com.mx\/storage\/2019\/01\/sonoraenequipo_opt.png","contentUrl":"https:\/\/www.sonoraenequipo.com.mx\/storage\/2019\/01\/sonoraenequipo_opt.png","width":375,"height":125,"caption":"Sonoraenequipo.com.mx"},"image":{"@id":"https:\/\/www.sonoraenequipo.com.mx\/#\/schema\/logo\/image\/"},"sameAs":["https:\/\/www.facebook.com\/SonoraEE\/","https:\/\/x.com\/sonoraenequipo","https:\/\/www.youtube.com\/channel\/UC338nW-lPEYmJQs4ZABQ1SQ"]},{"@type":"Person","@id":"https:\/\/www.sonoraenequipo.com.mx\/#\/schema\/person\/50102df0fb23a8fa9e8effad8fa81386","name":"enequipo","image":{"@type":"ImageObject","inLanguage":"es","@id":"https:\/\/www.sonoraenequipo.com.mx\/#\/schema\/person\/image\/","url":"https:\/\/secure.gravatar.com\/avatar\/049821681b589dabc0bc20695993ccebb09f5b5d4d790cd9251b97faac7c652b?s=96&d=blank&r=g","contentUrl":"https:\/\/secure.gravatar.com\/avatar\/049821681b589dabc0bc20695993ccebb09f5b5d4d790cd9251b97faac7c652b?s=96&d=blank&r=g","caption":"enequipo"},"sameAs":["https:\/\/www.facebook.com\/SonoraEE"]}]}},"jetpack_featured_media_url":"https:\/\/www.sonoraenequipo.com.mx\/storage\/2019\/11\/consumo_opt.jpg","_links":{"self":[{"href":"https:\/\/www.sonoraenequipo.com.mx\/api\/wp\/v2\/posts\/226299","targetHints":{"allow":["GET"]}}],"collection":[{"href":"https:\/\/www.sonoraenequipo.com.mx\/api\/wp\/v2\/posts"}],"about":[{"href":"https:\/\/www.sonoraenequipo.com.mx\/api\/wp\/v2\/types\/post"}],"author":[{"embeddable":true,"href":"https:\/\/www.sonoraenequipo.com.mx\/api\/wp\/v2\/users\/1"}],"replies":[{"embeddable":true,"href":"https:\/\/www.sonoraenequipo.com.mx\/api\/wp\/v2\/comments?post=226299"}],"version-history":[{"count":3,"href":"https:\/\/www.sonoraenequipo.com.mx\/api\/wp\/v2\/posts\/226299\/revisions"}],"predecessor-version":[{"id":226325,"href":"https:\/\/www.sonoraenequipo.com.mx\/api\/wp\/v2\/posts\/226299\/revisions\/226325"}],"wp:featuredmedia":[{"embeddable":true,"href":"https:\/\/www.sonoraenequipo.com.mx\/api\/wp\/v2\/media\/70660"}],"wp:attachment":[{"href":"https:\/\/www.sonoraenequipo.com.mx\/api\/wp\/v2\/media?parent=226299"}],"wp:term":[{"taxonomy":"category","embeddable":true,"href":"https:\/\/www.sonoraenequipo.com.mx\/api\/wp\/v2\/categories?post=226299"},{"taxonomy":"post_tag","embeddable":true,"href":"https:\/\/www.sonoraenequipo.com.mx\/api\/wp\/v2\/tags?post=226299"}],"curies":[{"name":"wp","href":"https:\/\/api.w.org\/{rel}","templated":true}]}}