{"id":226307,"date":"2025-10-15T11:11:56","date_gmt":"2025-10-15T18:11:56","guid":{"rendered":"https:\/\/www.sonoraenequipo.com.mx\/?p=226307"},"modified":"2025-10-15T11:11:56","modified_gmt":"2025-10-15T18:11:56","slug":"presenta-imca-programa-del-vii-festival-tradicional-de-dia-de-muertos","status":"publish","type":"post","link":"https:\/\/www.sonoraenequipo.com.mx\/presenta-imca-programa-del-vii-festival-tradicional-de-dia-de-muertos\/","title":{"rendered":"Presenta IMCA programa del VII Festival Tradicional de D\u00eda de Muertos"},"content":{"rendered":"<p><strong>HERMOSILLO, SONORA, MX.<\/strong> \u2014 La directora general del Instituto Municipal de Cultura y Arte (IMCA), Marianna Gonz\u00e1lez Gast\u00e9lum, acompa\u00f1ada del personaje Trina, Catrina present\u00f3 el programa del VII Festival Tradicional del D\u00eda de Muertos, que se celebrar\u00e1 del 31 de octubre al 2 de noviembre y llenar\u00e1 de color arte, m\u00fasica y tradici\u00f3n al Centro Hist\u00f3rico de la ciudad, con una gran variedad de actividades para todas las familias.<\/p>\n<p>&nbsp;<\/p>\n<p>&nbsp;<\/p>\n<p>&nbsp;<\/p>\n<p>\u201cAqu\u00ed en M\u00e9xico honramos a nuestros seres queridos, a quienes no est\u00e1n, con un festival y ahora en Hermosillo celebramos esa tradici\u00f3n no s\u00f3lo como un acto cultural, sino como un s\u00edmbolo de identidad que nos invita a seguir construyendo juntos una ciudad que vive, siente y recuerda. Todas las actividades se pueden consultar en las redes de IMCA del Ayuntamiento de Hermosillo y en la p\u00e1gina <a href=\"https:\/\/imca.hermosillo.gob.mx\/\">https:\/\/imca.hermosillo.gob.mx\/<\/a> , expres\u00f3.<\/p>\n<p>&nbsp;<\/p>\n<p>&nbsp;<\/p>\n<p>&nbsp;<\/p>\n<p>Gonz\u00e1lez Gast\u00e9lum mencion\u00f3 que adem\u00e1s de la Marcha de las Catrinas que se realizar\u00e1 el s\u00e1bado primero de noviembre, este a\u00f1o lanzan la convocatoria de elaboraci\u00f3n de tapetes tradicionales, a la que invitan a escuelas y academias como de pintura y de artes pl\u00e1sticas a participar dise\u00f1ando su tapete con elementos representativos del D\u00eda de Muertos.<\/p>\n<p>&nbsp;<\/p>\n<p>&nbsp;<\/p>\n<p>&nbsp;<\/p>\n<p>\u201cComo novedad vamos a tener instalada una catrina monumental que elaborar\u00e1 el artista Giezy Cordero, experto en la t\u00e9cnica del papel mach\u00e9, ser\u00e1 una pieza de alrededor de 4 metros de altura\u201d, expuso.<\/p>\n<p>&nbsp;<\/p>\n<p>&nbsp;<\/p>\n<p>&nbsp;<\/p>\n<p>La funcionaria agreg\u00f3 que, en la Plaza Alonso Vidal, los tres d\u00edas del festival podr\u00e1n disfrutar de una funci\u00f3n de cine para las infancias. Tambi\u00e9n en el Callej\u00f3n Velasco, montar\u00e1n la Gran Ofrenda en esta ocasi\u00f3n dedicada a la maestra Martha Bracho, quien fue una bailarina pionera de la danza moderna en Sonora y en M\u00e9xico.<\/p>\n<p>&nbsp;<\/p>\n<p>&nbsp;<\/p>\n<p>&nbsp;<\/p>\n<p>El altar del IMCA, que se instala en el Kiosco de la Plaza Zaragoza, estar\u00e1 dedicado este a\u00f1o a Bill Mel\u00e9ndez fue un personaje hermosillense muy importante para el desarrollo de las artes visuales a nivel internacional. Fue director, productor y animador de Snoopy.<\/p>\n<p>&nbsp;<\/p>\n<p>&nbsp;<\/p>\n<p>&nbsp;<\/p>\n<p>Para la Marchas de las Catrinas se invita a participar en el concurso en donde tambi\u00e9n las mascotas pueden participar. El registro ser\u00e1 en la Plaza de los 100 a\u00f1os el d\u00eda s\u00e1bado 1 de noviembre a las 17:00 horas.<\/p>\n<p>&nbsp;<\/p>\n<p>&nbsp;<\/p>\n<p>&nbsp;<\/p>\n<p>&nbsp;<\/p>\n<p>&nbsp;<\/p>\n<p>Convocatorias<\/p>\n<p>&nbsp;<\/p>\n<p>&nbsp;<\/p>\n<p>&nbsp;<\/p>\n<p>La Marcha de las Catrinas:<\/p>\n<p>&nbsp;<\/p>\n<p>&nbsp;<\/p>\n<p>&nbsp;<\/p>\n<p>Categor\u00eda infantil femenil y varonil, de 3 a 17 a\u00f1os de edad, los ganadores recibir\u00e1n 3 mil pesos cada uno.<\/p>\n<p>&nbsp;<\/p>\n<p>Categor\u00eda adultos femenil y varonil, de 18 a\u00f1os en adelante, los ganadores recibir\u00e1n 4 mil pesos cada uno.<\/p>\n<p>&nbsp;<\/p>\n<p>Catridog- que puede ser cualquier mascota disfrazada- el ganador recibir\u00e1 2 mil pesos.<\/p>\n<p>&nbsp;<\/p>\n<p>Categor\u00eda Academia Art\u00edstica ser\u00e1 premiada el contingente de mejor caracterizado, que recibir\u00e1 un trofeo para que la Academia se lo lleve con orgullo.<\/p>\n<p>&nbsp;<\/p>\n<p>&nbsp;<\/p>\n<p>&nbsp;<\/p>\n<p>Tapetes Tradicionales:<\/p>\n<p>&nbsp;<\/p>\n<p>&nbsp;<\/p>\n<p>&nbsp;<\/p>\n<p>La academia o escuela ganadora obtendr\u00e1 un servicio de hot dogs para que una convivencia de 50 personas.<\/p>\n<p>&nbsp;<\/p>\n<p>&nbsp;<\/p>\n<p>&nbsp;<\/p>\n<p>El programa completo de todo el festival se encuentra en la p\u00e1gina: <a href=\"https:\/\/imca.hermosillo.gob.mx\/\">https:\/\/imca.hermosillo.gob.mx\/<\/a><\/p>\n<p><strong>Fecha de publicaci\u00f3n mi\u00e9rcoles 15 de octubre de 2025<\/strong><\/p>\n","protected":false},"excerpt":{"rendered":"<p>HERMOSILLO, SONORA, MX. \u2014 La directora general del Instituto Municipal de Cultura y Arte (IMCA),&#8230;<\/p>\n","protected":false},"author":1,"featured_media":226308,"comment_status":"open","ping_status":"open","sticky":false,"template":"","format":"standard","meta":{"_monsterinsights_skip_tracking":false,"_monsterinsights_sitenote_active":false,"_monsterinsights_sitenote_note":"","_monsterinsights_sitenote_category":0,"footnotes":""},"categories":[4],"tags":[10342,3712],"class_list":["post"],"yoast_head":" \n<title>Sonora en Equipo. Presenta IMCA programa del VII Festival Tradicional de D\u00eda de Muertos Municipios<\/title>\n<meta name=\"description\" content=\"HERMOSILLO, SONORA, MX. \u2014 La directora general del Instituto Municipal de Cultura y Arte (IMCA), Marianna Gonz\u00e1lez Gast\u00e9lum, acompa\u00f1ada del personaje En Sonora en Equipo publicamos toda la informaci\u00f3n de Sonora, M\u00e9xico y el Mundo de manera oportuna y busca que la libertad de expresi\u00f3n sea real. Visita nuestro medio informativo publicado desde Hermosillo, Sonora. %\" \/>\n<meta name=\"robots\" content=\"index, follow, max-snippet:-1, max-image-preview:large, max-video-preview:-1\" \/>\n<link rel=\"canonical\" href=\"https:\/\/www.sonoraenequipo.com.mx\/presenta-imca-programa-del-vii-festival-tradicional-de-dia-de-muertos\/\" \/>\n<meta property=\"og:locale\" content=\"es_ES\" \/>\n<meta property=\"og:type\" content=\"article\" \/>\n<meta property=\"og:title\" content=\"Sonora en Equipo. Presenta IMCA programa del VII Festival Tradicional de D\u00eda de Muertos Municipios\" \/>\n<meta property=\"og:description\" content=\"HERMOSILLO, SONORA, MX. \u2014 La directora general del Instituto Municipal de Cultura y Arte (IMCA), Marianna Gonz\u00e1lez Gast\u00e9lum, acompa\u00f1ada del personaje En Sonora en Equipo publicamos toda la informaci\u00f3n de Sonora, M\u00e9xico y el Mundo de manera oportuna y busca que la libertad de expresi\u00f3n sea real. Visita nuestro medio informativo publicado desde Hermosillo, Sonora. %\" \/>\n<meta property=\"og:url\" content=\"https:\/\/www.sonoraenequipo.com.mx\/presenta-imca-programa-del-vii-festival-tradicional-de-dia-de-muertos\/\" \/>\n<meta property=\"og:site_name\" content=\"Sonora en Equipo.\" \/>\n<meta property=\"article:publisher\" content=\"https:\/\/www.facebook.com\/SonoraEE\/\" \/>\n<meta property=\"article:author\" content=\"https:\/\/www.facebook.com\/SonoraEE\" \/>\n<meta property=\"article:published_time\" content=\"2025-10-15T18:11:56+00:00\" \/>\n<meta property=\"og:image\" content=\"https:\/\/www.sonoraenequipo.com.mx\/storage\/2025\/10\/festival-muertos-hmo.jpg\" \/>\n\t<meta property=\"og:image:width\" content=\"600\" \/>\n\t<meta property=\"og:image:height\" content=\"400\" \/>\n\t<meta property=\"og:image:type\" content=\"image\/jpeg\" \/>\n<meta name=\"author\" content=\"enequipo\" \/>\n<meta name=\"twitter:card\" content=\"summary_large_image\" \/>\n<meta name=\"twitter:creator\" content=\"@sonoraenequipo\" \/>\n<meta name=\"twitter:site\" content=\"@sonoraenequipo\" \/>\n<meta name=\"twitter:label1\" content=\"Escrito por\" \/>\n\t<meta name=\"twitter:data1\" content=\"enequipo\" \/>\n\t<meta name=\"twitter:label2\" content=\"Tiempo de lectura\" \/>\n\t<meta name=\"twitter:data2\" content=\"3 minutos\" \/>\n<script type=\"application\/ld+json\" class=\"yoast-schema-graph\">{\"@context\":\"https:\/\/schema.org\",\"@graph\":[{\"@type\":\"Article\",\"@id\":\"https:\/\/www.sonoraenequipo.com.mx\/presenta-imca-programa-del-vii-festival-tradicional-de-dia-de-muertos\/#article\",\"isPartOf\":{\"@id\":\"https:\/\/www.sonoraenequipo.com.mx\/presenta-imca-programa-del-vii-festival-tradicional-de-dia-de-muertos\/\"},\"author\":{\"name\":\"enequipo\",\"@id\":\"https:\/\/www.sonoraenequipo.com.mx\/#\/schema\/person\/50102df0fb23a8fa9e8effad8fa81386\"},\"headline\":\"Presenta IMCA programa del VII Festival Tradicional de D\u00eda de Muertos\",\"datePublished\":\"2025-10-15T18:11:56+00:00\",\"mainEntityOfPage\":{\"@id\":\"https:\/\/www.sonoraenequipo.com.mx\/presenta-imca-programa-del-vii-festival-tradicional-de-dia-de-muertos\/\"},\"wordCount\":582,\"commentCount\":0,\"publisher\":{\"@id\":\"https:\/\/www.sonoraenequipo.com.mx\/#organization\"},\"image\":{\"@id\":\"https:\/\/www.sonoraenequipo.com.mx\/presenta-imca-programa-del-vii-festival-tradicional-de-dia-de-muertos\/#primaryimage\"},\"thumbnailUrl\":\"https:\/\/www.sonoraenequipo.com.mx\/storage\/2025\/10\/festival-muertos-hmo.jpg\",\"keywords\":[\"2025\",\"dia de muertos\"],\"articleSection\":[\"Municipios\"],\"inLanguage\":\"es\",\"potentialAction\":[{\"@type\":\"CommentAction\",\"name\":\"Comment\",\"target\":[\"https:\/\/www.sonoraenequipo.com.mx\/presenta-imca-programa-del-vii-festival-tradicional-de-dia-de-muertos\/#respond\"]}]},{\"@type\":\"WebPage\",\"@id\":\"https:\/\/www.sonoraenequipo.com.mx\/presenta-imca-programa-del-vii-festival-tradicional-de-dia-de-muertos\/\",\"url\":\"https:\/\/www.sonoraenequipo.com.mx\/presenta-imca-programa-del-vii-festival-tradicional-de-dia-de-muertos\/\",\"name\":\"Sonora en Equipo. Presenta IMCA programa del VII Festival Tradicional de D\u00eda de Muertos Municipios\",\"isPartOf\":{\"@id\":\"https:\/\/www.sonoraenequipo.com.mx\/#website\"},\"primaryImageOfPage\":{\"@id\":\"https:\/\/www.sonoraenequipo.com.mx\/presenta-imca-programa-del-vii-festival-tradicional-de-dia-de-muertos\/#primaryimage\"},\"image\":{\"@id\":\"https:\/\/www.sonoraenequipo.com.mx\/presenta-imca-programa-del-vii-festival-tradicional-de-dia-de-muertos\/#primaryimage\"},\"thumbnailUrl\":\"https:\/\/www.sonoraenequipo.com.mx\/storage\/2025\/10\/festival-muertos-hmo.jpg\",\"datePublished\":\"2025-10-15T18:11:56+00:00\",\"description\":\"HERMOSILLO, SONORA, MX. \u2014 La directora general del Instituto Municipal de Cultura y Arte (IMCA), Marianna Gonz\u00e1lez Gast\u00e9lum, acompa\u00f1ada del personaje En Sonora en Equipo publicamos toda la informaci\u00f3n de Sonora, M\u00e9xico y el Mundo de manera oportuna y busca que la libertad de expresi\u00f3n sea real. Visita nuestro medio informativo publicado desde Hermosillo, Sonora. %\",\"breadcrumb\":{\"@id\":\"https:\/\/www.sonoraenequipo.com.mx\/presenta-imca-programa-del-vii-festival-tradicional-de-dia-de-muertos\/#breadcrumb\"},\"inLanguage\":\"es\",\"potentialAction\":[{\"@type\":\"ReadAction\",\"target\":[\"https:\/\/www.sonoraenequipo.com.mx\/presenta-imca-programa-del-vii-festival-tradicional-de-dia-de-muertos\/\"]}]},{\"@type\":\"ImageObject\",\"inLanguage\":\"es\",\"@id\":\"https:\/\/www.sonoraenequipo.com.mx\/presenta-imca-programa-del-vii-festival-tradicional-de-dia-de-muertos\/#primaryimage\",\"url\":\"https:\/\/www.sonoraenequipo.com.mx\/storage\/2025\/10\/festival-muertos-hmo.jpg\",\"contentUrl\":\"https:\/\/www.sonoraenequipo.com.mx\/storage\/2025\/10\/festival-muertos-hmo.jpg\",\"width\":600,\"height\":400},{\"@type\":\"BreadcrumbList\",\"@id\":\"https:\/\/www.sonoraenequipo.com.mx\/presenta-imca-programa-del-vii-festival-tradicional-de-dia-de-muertos\/#breadcrumb\",\"itemListElement\":[{\"@type\":\"ListItem\",\"position\":1,\"name\":\"Portada\",\"item\":\"https:\/\/www.sonoraenequipo.com.mx\/\"},{\"@type\":\"ListItem\",\"position\":2,\"name\":\"Presenta IMCA programa del VII Festival Tradicional de D\u00eda de Muertos\"}]},{\"@type\":\"WebSite\",\"@id\":\"https:\/\/www.sonoraenequipo.com.mx\/#website\",\"url\":\"https:\/\/www.sonoraenequipo.com.mx\/\",\"name\":\"Sonora en Equipo.\",\"description\":\"Diario en l\u00ednea con Noticias desde Hermosillo, Sonora\",\"publisher\":{\"@id\":\"https:\/\/www.sonoraenequipo.com.mx\/#organization\"},\"potentialAction\":[{\"@type\":\"SearchAction\",\"target\":{\"@type\":\"EntryPoint\",\"urlTemplate\":\"https:\/\/www.sonoraenequipo.com.mx\/?s={search_term_string}\"},\"query-input\":{\"@type\":\"PropertyValueSpecification\",\"valueRequired\":true,\"valueName\":\"search_term_string\"}}],\"inLanguage\":\"es\"},{\"@type\":\"Organization\",\"@id\":\"https:\/\/www.sonoraenequipo.com.mx\/#organization\",\"name\":\"Sonoraenequipo.com.mx\",\"url\":\"https:\/\/www.sonoraenequipo.com.mx\/\",\"logo\":{\"@type\":\"ImageObject\",\"inLanguage\":\"es\",\"@id\":\"https:\/\/www.sonoraenequipo.com.mx\/#\/schema\/logo\/image\/\",\"url\":\"https:\/\/www.sonoraenequipo.com.mx\/storage\/2019\/01\/sonoraenequipo_opt.png\",\"contentUrl\":\"https:\/\/www.sonoraenequipo.com.mx\/storage\/2019\/01\/sonoraenequipo_opt.png\",\"width\":375,\"height\":125,\"caption\":\"Sonoraenequipo.com.mx\"},\"image\":{\"@id\":\"https:\/\/www.sonoraenequipo.com.mx\/#\/schema\/logo\/image\/\"},\"sameAs\":[\"https:\/\/www.facebook.com\/SonoraEE\/\",\"https:\/\/x.com\/sonoraenequipo\",\"https:\/\/www.youtube.com\/channel\/UC338nW-lPEYmJQs4ZABQ1SQ\"]},{\"@type\":\"Person\",\"@id\":\"https:\/\/www.sonoraenequipo.com.mx\/#\/schema\/person\/50102df0fb23a8fa9e8effad8fa81386\",\"name\":\"enequipo\",\"image\":{\"@type\":\"ImageObject\",\"inLanguage\":\"es\",\"@id\":\"https:\/\/www.sonoraenequipo.com.mx\/#\/schema\/person\/image\/\",\"url\":\"https:\/\/secure.gravatar.com\/avatar\/049821681b589dabc0bc20695993ccebb09f5b5d4d790cd9251b97faac7c652b?s=96&d=blank&r=g\",\"contentUrl\":\"https:\/\/secure.gravatar.com\/avatar\/049821681b589dabc0bc20695993ccebb09f5b5d4d790cd9251b97faac7c652b?s=96&d=blank&r=g\",\"caption\":\"enequipo\"},\"sameAs\":[\"https:\/\/www.facebook.com\/SonoraEE\"]}]}<\/script>\n ","yoast_head_json":{"title":"Sonora en Equipo. Presenta IMCA programa del VII Festival Tradicional de D\u00eda de Muertos Municipios","description":"HERMOSILLO, SONORA, MX. \u2014 La directora general del Instituto Municipal de Cultura y Arte (IMCA), Marianna Gonz\u00e1lez Gast\u00e9lum, acompa\u00f1ada del personaje En Sonora en Equipo publicamos toda la informaci\u00f3n de Sonora, M\u00e9xico y el Mundo de manera oportuna y busca que la libertad de expresi\u00f3n sea real. Visita nuestro medio informativo publicado desde Hermosillo, Sonora. %","robots":{"index":"index","follow":"follow","max-snippet":"max-snippet:-1","max-image-preview":"max-image-preview:large","max-video-preview":"max-video-preview:-1"},"canonical":"https:\/\/www.sonoraenequipo.com.mx\/presenta-imca-programa-del-vii-festival-tradicional-de-dia-de-muertos\/","og_locale":"es_ES","og_type":"article","og_title":"Sonora en Equipo. Presenta IMCA programa del VII Festival Tradicional de D\u00eda de Muertos Municipios","og_description":"HERMOSILLO, SONORA, MX. \u2014 La directora general del Instituto Municipal de Cultura y Arte (IMCA), Marianna Gonz\u00e1lez Gast\u00e9lum, acompa\u00f1ada del personaje En Sonora en Equipo publicamos toda la informaci\u00f3n de Sonora, M\u00e9xico y el Mundo de manera oportuna y busca que la libertad de expresi\u00f3n sea real. Visita nuestro medio informativo publicado desde Hermosillo, Sonora. %","og_url":"https:\/\/www.sonoraenequipo.com.mx\/presenta-imca-programa-del-vii-festival-tradicional-de-dia-de-muertos\/","og_site_name":"Sonora en Equipo.","article_publisher":"https:\/\/www.facebook.com\/SonoraEE\/","article_author":"https:\/\/www.facebook.com\/SonoraEE","article_published_time":"2025-10-15T18:11:56+00:00","og_image":[{"width":600,"height":400,"url":"https:\/\/www.sonoraenequipo.com.mx\/storage\/2025\/10\/festival-muertos-hmo.jpg","type":"image\/jpeg"}],"author":"enequipo","twitter_card":"summary_large_image","twitter_creator":"@sonoraenequipo","twitter_site":"@sonoraenequipo","twitter_misc":{"Escrito por":"enequipo","Tiempo de lectura":"3 minutos"},"schema":{"@context":"https:\/\/schema.org","@graph":[{"@type":"Article","@id":"https:\/\/www.sonoraenequipo.com.mx\/presenta-imca-programa-del-vii-festival-tradicional-de-dia-de-muertos\/#article","isPartOf":{"@id":"https:\/\/www.sonoraenequipo.com.mx\/presenta-imca-programa-del-vii-festival-tradicional-de-dia-de-muertos\/"},"author":{"name":"enequipo","@id":"https:\/\/www.sonoraenequipo.com.mx\/#\/schema\/person\/50102df0fb23a8fa9e8effad8fa81386"},"headline":"Presenta IMCA programa del VII Festival Tradicional de D\u00eda de Muertos","datePublished":"2025-10-15T18:11:56+00:00","mainEntityOfPage":{"@id":"https:\/\/www.sonoraenequipo.com.mx\/presenta-imca-programa-del-vii-festival-tradicional-de-dia-de-muertos\/"},"wordCount":582,"commentCount":0,"publisher":{"@id":"https:\/\/www.sonoraenequipo.com.mx\/#organization"},"image":{"@id":"https:\/\/www.sonoraenequipo.com.mx\/presenta-imca-programa-del-vii-festival-tradicional-de-dia-de-muertos\/#primaryimage"},"thumbnailUrl":"https:\/\/www.sonoraenequipo.com.mx\/storage\/2025\/10\/festival-muertos-hmo.jpg","keywords":["2025","dia de muertos"],"articleSection":["Municipios"],"inLanguage":"es","potentialAction":[{"@type":"CommentAction","name":"Comment","target":["https:\/\/www.sonoraenequipo.com.mx\/presenta-imca-programa-del-vii-festival-tradicional-de-dia-de-muertos\/#respond"]}]},{"@type":"WebPage","@id":"https:\/\/www.sonoraenequipo.com.mx\/presenta-imca-programa-del-vii-festival-tradicional-de-dia-de-muertos\/","url":"https:\/\/www.sonoraenequipo.com.mx\/presenta-imca-programa-del-vii-festival-tradicional-de-dia-de-muertos\/","name":"Sonora en Equipo. Presenta IMCA programa del VII Festival Tradicional de D\u00eda de Muertos Municipios","isPartOf":{"@id":"https:\/\/www.sonoraenequipo.com.mx\/#website"},"primaryImageOfPage":{"@id":"https:\/\/www.sonoraenequipo.com.mx\/presenta-imca-programa-del-vii-festival-tradicional-de-dia-de-muertos\/#primaryimage"},"image":{"@id":"https:\/\/www.sonoraenequipo.com.mx\/presenta-imca-programa-del-vii-festival-tradicional-de-dia-de-muertos\/#primaryimage"},"thumbnailUrl":"https:\/\/www.sonoraenequipo.com.mx\/storage\/2025\/10\/festival-muertos-hmo.jpg","datePublished":"2025-10-15T18:11:56+00:00","description":"HERMOSILLO, SONORA, MX. \u2014 La directora general del Instituto Municipal de Cultura y Arte (IMCA), Marianna Gonz\u00e1lez Gast\u00e9lum, acompa\u00f1ada del personaje En Sonora en Equipo publicamos toda la informaci\u00f3n de Sonora, M\u00e9xico y el Mundo de manera oportuna y busca que la libertad de expresi\u00f3n sea real. Visita nuestro medio informativo publicado desde Hermosillo, Sonora. %","breadcrumb":{"@id":"https:\/\/www.sonoraenequipo.com.mx\/presenta-imca-programa-del-vii-festival-tradicional-de-dia-de-muertos\/#breadcrumb"},"inLanguage":"es","potentialAction":[{"@type":"ReadAction","target":["https:\/\/www.sonoraenequipo.com.mx\/presenta-imca-programa-del-vii-festival-tradicional-de-dia-de-muertos\/"]}]},{"@type":"ImageObject","inLanguage":"es","@id":"https:\/\/www.sonoraenequipo.com.mx\/presenta-imca-programa-del-vii-festival-tradicional-de-dia-de-muertos\/#primaryimage","url":"https:\/\/www.sonoraenequipo.com.mx\/storage\/2025\/10\/festival-muertos-hmo.jpg","contentUrl":"https:\/\/www.sonoraenequipo.com.mx\/storage\/2025\/10\/festival-muertos-hmo.jpg","width":600,"height":400},{"@type":"BreadcrumbList","@id":"https:\/\/www.sonoraenequipo.com.mx\/presenta-imca-programa-del-vii-festival-tradicional-de-dia-de-muertos\/#breadcrumb","itemListElement":[{"@type":"ListItem","position":1,"name":"Portada","item":"https:\/\/www.sonoraenequipo.com.mx\/"},{"@type":"ListItem","position":2,"name":"Presenta IMCA programa del VII Festival Tradicional de D\u00eda de Muertos"}]},{"@type":"WebSite","@id":"https:\/\/www.sonoraenequipo.com.mx\/#website","url":"https:\/\/www.sonoraenequipo.com.mx\/","name":"Sonora en Equipo.","description":"Diario en l\u00ednea con Noticias desde Hermosillo, Sonora","publisher":{"@id":"https:\/\/www.sonoraenequipo.com.mx\/#organization"},"potentialAction":[{"@type":"SearchAction","target":{"@type":"EntryPoint","urlTemplate":"https:\/\/www.sonoraenequipo.com.mx\/?s={search_term_string}"},"query-input":{"@type":"PropertyValueSpecification","valueRequired":true,"valueName":"search_term_string"}}],"inLanguage":"es"},{"@type":"Organization","@id":"https:\/\/www.sonoraenequipo.com.mx\/#organization","name":"Sonoraenequipo.com.mx","url":"https:\/\/www.sonoraenequipo.com.mx\/","logo":{"@type":"ImageObject","inLanguage":"es","@id":"https:\/\/www.sonoraenequipo.com.mx\/#\/schema\/logo\/image\/","url":"https:\/\/www.sonoraenequipo.com.mx\/storage\/2019\/01\/sonoraenequipo_opt.png","contentUrl":"https:\/\/www.sonoraenequipo.com.mx\/storage\/2019\/01\/sonoraenequipo_opt.png","width":375,"height":125,"caption":"Sonoraenequipo.com.mx"},"image":{"@id":"https:\/\/www.sonoraenequipo.com.mx\/#\/schema\/logo\/image\/"},"sameAs":["https:\/\/www.facebook.com\/SonoraEE\/","https:\/\/x.com\/sonoraenequipo","https:\/\/www.youtube.com\/channel\/UC338nW-lPEYmJQs4ZABQ1SQ"]},{"@type":"Person","@id":"https:\/\/www.sonoraenequipo.com.mx\/#\/schema\/person\/50102df0fb23a8fa9e8effad8fa81386","name":"enequipo","image":{"@type":"ImageObject","inLanguage":"es","@id":"https:\/\/www.sonoraenequipo.com.mx\/#\/schema\/person\/image\/","url":"https:\/\/secure.gravatar.com\/avatar\/049821681b589dabc0bc20695993ccebb09f5b5d4d790cd9251b97faac7c652b?s=96&d=blank&r=g","contentUrl":"https:\/\/secure.gravatar.com\/avatar\/049821681b589dabc0bc20695993ccebb09f5b5d4d790cd9251b97faac7c652b?s=96&d=blank&r=g","caption":"enequipo"},"sameAs":["https:\/\/www.facebook.com\/SonoraEE"]}]}},"jetpack_featured_media_url":"https:\/\/www.sonoraenequipo.com.mx\/storage\/2025\/10\/festival-muertos-hmo.jpg","_links":{"self":[{"href":"https:\/\/www.sonoraenequipo.com.mx\/api\/wp\/v2\/posts\/226307","targetHints":{"allow":["GET"]}}],"collection":[{"href":"https:\/\/www.sonoraenequipo.com.mx\/api\/wp\/v2\/posts"}],"about":[{"href":"https:\/\/www.sonoraenequipo.com.mx\/api\/wp\/v2\/types\/post"}],"author":[{"embeddable":true,"href":"https:\/\/www.sonoraenequipo.com.mx\/api\/wp\/v2\/users\/1"}],"replies":[{"embeddable":true,"href":"https:\/\/www.sonoraenequipo.com.mx\/api\/wp\/v2\/comments?post=226307"}],"version-history":[{"count":1,"href":"https:\/\/www.sonoraenequipo.com.mx\/api\/wp\/v2\/posts\/226307\/revisions"}],"predecessor-version":[{"id":226309,"href":"https:\/\/www.sonoraenequipo.com.mx\/api\/wp\/v2\/posts\/226307\/revisions\/226309"}],"wp:featuredmedia":[{"embeddable":true,"href":"https:\/\/www.sonoraenequipo.com.mx\/api\/wp\/v2\/media\/226308"}],"wp:attachment":[{"href":"https:\/\/www.sonoraenequipo.com.mx\/api\/wp\/v2\/media?parent=226307"}],"wp:term":[{"taxonomy":"category","embeddable":true,"href":"https:\/\/www.sonoraenequipo.com.mx\/api\/wp\/v2\/categories?post=226307"},{"taxonomy":"post_tag","embeddable":true,"href":"https:\/\/www.sonoraenequipo.com.mx\/api\/wp\/v2\/tags?post=226307"}],"curies":[{"name":"wp","href":"https:\/\/api.w.org\/{rel}","templated":true}]}}