{"id":226310,"date":"2025-10-15T11:23:24","date_gmt":"2025-10-15T18:23:24","guid":{"rendered":"https:\/\/www.sonoraenequipo.com.mx\/?p=226310"},"modified":"2025-10-15T11:31:10","modified_gmt":"2025-10-15T18:31:10","slug":"hermosillo-comuna-realizara-jornada-de-regularizacion-de-licencias-para-comercios","status":"publish","type":"post","link":"https:\/\/www.sonoraenequipo.com.mx\/hermosillo-comuna-realizara-jornada-de-regularizacion-de-licencias-para-comercios\/","title":{"rendered":"HERMOSILLO. Comuna realizar\u00e1 jornada de regularizaci\u00f3n  de licencias para comercios"},"content":{"rendered":"<p><strong>HERMOSILLO, SONORA, MX.<\/strong> \u2014 El Gobierno de Hermosillo realizar\u00e1 una jornada dirigida a todos los afiliados a la CANACO y a la CANACOPE donde se reunir\u00e1n todas las dependencias involucradas para que puedan obtener su licencia de funcionamiento, en la que Tesorer\u00eda Municipal ofrecer\u00e1 el descuento del 100 % en la regularizaci\u00f3n.<\/p>\n<p>&nbsp;<\/p>\n<p>&nbsp;<\/p>\n<p>&nbsp;<\/p>\n<p>La tesorera municipal, Flor Ayala Robles Linares, inform\u00f3 que esta jornada se llevar\u00e1 a cabo del 20 al 24 de octubre en las instalaciones de CANACO Hermosillo, en Avenida Gast\u00f3n Madrid 31, en la colonia Centro, de las 8:00 a las 18:00 horas.<\/p>\n<p>&nbsp;<\/p>\n<p>&nbsp;<\/p>\n<p>&nbsp;<\/p>\n<p>\u201cEl municipio de Hermosillo pondr\u00e1 a todas las dependencias involucradas en estos tr\u00e1mites en un s\u00f3lo lugar; al final del d\u00eda este tipo de acciones beneficia a la ciudad y a todos como ciudadanos, porque es poner orden en los negocios y que estos tengan todas las licencias, todos los permisos y toda la seguridad que se requiere\u201d, coment\u00f3.<\/p>\n<p>&nbsp;<\/p>\n<p>&nbsp;<\/p>\n<p>&nbsp;<\/p>\n<p>Precis\u00f3, se trata de facilitar cualquier tr\u00e1mite para obtener la licencia de funcionamiento, como permiso de construcci\u00f3n, dictamen de protecci\u00f3n civil, licencia ambiental, entre otros, ofreciendo tambi\u00e9n los descuentos necesarios para que el comercio se sienta invitado a que se regularice.<\/p>\n<p>&nbsp;<\/p>\n<p>&nbsp;<\/p>\n<p>&nbsp;<\/p>\n<p>\u00d3scar Gast\u00e9lum, director de la Agencia Municipal de Desarrollo Econ\u00f3mico, coment\u00f3 que tendr\u00e1n personal para dar asesor\u00edas de c\u00f3mo usar la plataforma H Digital, que ya tiene 102 tr\u00e1mites que se pueden realizar en l\u00ednea, del total de 217 que ofrece el Ayuntamiento.<\/p>\n<p>&nbsp;<\/p>\n<p>&nbsp;<\/p>\n<p>&nbsp;<\/p>\n<p>Javier Moreno, presidente de CANACO Hermosillo, enfatiz\u00f3 que la idea es que la gente salga con su licencia de funcionamiento y que van a aprovechar las alianzas que tienen con diferentes empresarios como, por ejemplo, en el \u00e1rea de los electricistas para sacar el dictamen el\u00e9ctrico, que es uno de los requisitos, para que sea m\u00e1s accesible para el comerciante.<\/p>\n<p>&nbsp;<\/p>\n<p>&nbsp;<\/p>\n<p>&nbsp;<\/p>\n<p>Tambi\u00e9n invit\u00f3 a los comerciantes a afiliarse a las c\u00e1maras para que accedan a los beneficios de las licencias de funcionamiento con todas las facilidades que ofrece el Gobierno Municipal.<\/p>\n<p>&nbsp;<\/p>\n<p>&nbsp;<\/p>\n<p>&nbsp;<\/p>\n<p>Mart\u00edn Salazar, presidente de CANACOPE, agradeci\u00f3 al presidente Antonio Astiazar\u00e1n por hacer este esfuerzo, primeramente, en beneficio de los afiliados a sus c\u00e1maras, que finalmente son los que m\u00e1s se benefician.<\/p>\n<p><strong>Fecha de publicaci\u00f3n mi\u00e9rcoles 15 de octubre de 2025<\/strong><\/p>\n","protected":false},"excerpt":{"rendered":"<p>HERMOSILLO, SONORA, MX. \u2014 El Gobierno de Hermosillo realizar\u00e1 una jornada dirigida a todos los&#8230;<\/p>\n","protected":false},"author":1,"featured_media":226311,"comment_status":"open","ping_status":"open","sticky":false,"template":"","format":"standard","meta":{"_monsterinsights_skip_tracking":false,"_monsterinsights_sitenote_active":false,"_monsterinsights_sitenote_note":"","_monsterinsights_sitenote_category":0,"footnotes":""},"categories":[4],"tags":[11921,6694],"class_list":["post"],"yoast_head":" \n<title>Sonora en Equipo. HERMOSILLO. Comuna realizar\u00e1 jornada de regularizaci\u00f3n de licencias para comercios Municipios<\/title>\n<meta name=\"description\" content=\"HERMOSILLO, SONORA, MX. \u2014 El Gobierno de Hermosillo realizar\u00e1 una jornada dirigida a todos los afiliados a la CANACO y a la CANACOPE donde se reunir\u00e1n En Sonora en Equipo publicamos toda la informaci\u00f3n de Sonora, M\u00e9xico y el Mundo de manera oportuna y busca que la libertad de expresi\u00f3n sea real. Visita nuestro medio informativo publicado desde Hermosillo, Sonora. %\" \/>\n<meta name=\"robots\" content=\"index, follow, max-snippet:-1, max-image-preview:large, max-video-preview:-1\" \/>\n<link rel=\"canonical\" href=\"https:\/\/www.sonoraenequipo.com.mx\/hermosillo-comuna-realizara-jornada-de-regularizacion-de-licencias-para-comercios\/\" \/>\n<meta property=\"og:locale\" content=\"es_ES\" \/>\n<meta property=\"og:type\" content=\"article\" \/>\n<meta property=\"og:title\" content=\"Sonora en Equipo. HERMOSILLO. Comuna realizar\u00e1 jornada de regularizaci\u00f3n de licencias para comercios Municipios\" \/>\n<meta property=\"og:description\" content=\"HERMOSILLO, SONORA, MX. \u2014 El Gobierno de Hermosillo realizar\u00e1 una jornada dirigida a todos los afiliados a la CANACO y a la CANACOPE donde se reunir\u00e1n En Sonora en Equipo publicamos toda la informaci\u00f3n de Sonora, M\u00e9xico y el Mundo de manera oportuna y busca que la libertad de expresi\u00f3n sea real. Visita nuestro medio informativo publicado desde Hermosillo, Sonora. %\" \/>\n<meta property=\"og:url\" content=\"https:\/\/www.sonoraenequipo.com.mx\/hermosillo-comuna-realizara-jornada-de-regularizacion-de-licencias-para-comercios\/\" \/>\n<meta property=\"og:site_name\" content=\"Sonora en Equipo.\" \/>\n<meta property=\"article:publisher\" content=\"https:\/\/www.facebook.com\/SonoraEE\/\" \/>\n<meta property=\"article:author\" content=\"https:\/\/www.facebook.com\/SonoraEE\" \/>\n<meta property=\"article:published_time\" content=\"2025-10-15T18:23:24+00:00\" \/>\n<meta property=\"article:modified_time\" content=\"2025-10-15T18:31:10+00:00\" \/>\n<meta property=\"og:image\" content=\"https:\/\/www.sonoraenequipo.com.mx\/storage\/2025\/10\/hmo-comercios.jpg\" \/>\n\t<meta property=\"og:image:width\" content=\"600\" \/>\n\t<meta property=\"og:image:height\" content=\"400\" \/>\n\t<meta property=\"og:image:type\" content=\"image\/jpeg\" \/>\n<meta name=\"author\" content=\"enequipo\" \/>\n<meta name=\"twitter:card\" content=\"summary_large_image\" \/>\n<meta name=\"twitter:creator\" content=\"@sonoraenequipo\" \/>\n<meta name=\"twitter:site\" content=\"@sonoraenequipo\" \/>\n<meta name=\"twitter:label1\" content=\"Escrito por\" \/>\n\t<meta name=\"twitter:data1\" content=\"enequipo\" \/>\n\t<meta name=\"twitter:label2\" content=\"Tiempo de lectura\" \/>\n\t<meta name=\"twitter:data2\" content=\"2 minutos\" \/>\n<script type=\"application\/ld+json\" class=\"yoast-schema-graph\">{\"@context\":\"https:\/\/schema.org\",\"@graph\":[{\"@type\":\"Article\",\"@id\":\"https:\/\/www.sonoraenequipo.com.mx\/hermosillo-comuna-realizara-jornada-de-regularizacion-de-licencias-para-comercios\/#article\",\"isPartOf\":{\"@id\":\"https:\/\/www.sonoraenequipo.com.mx\/hermosillo-comuna-realizara-jornada-de-regularizacion-de-licencias-para-comercios\/\"},\"author\":{\"name\":\"enequipo\",\"@id\":\"https:\/\/www.sonoraenequipo.com.mx\/#\/schema\/person\/50102df0fb23a8fa9e8effad8fa81386\"},\"headline\":\"HERMOSILLO. Comuna realizar\u00e1 jornada de regularizaci\u00f3n de licencias para comercios\",\"datePublished\":\"2025-10-15T18:23:24+00:00\",\"dateModified\":\"2025-10-15T18:31:10+00:00\",\"mainEntityOfPage\":{\"@id\":\"https:\/\/www.sonoraenequipo.com.mx\/hermosillo-comuna-realizara-jornada-de-regularizacion-de-licencias-para-comercios\/\"},\"wordCount\":416,\"commentCount\":0,\"publisher\":{\"@id\":\"https:\/\/www.sonoraenequipo.com.mx\/#organization\"},\"image\":{\"@id\":\"https:\/\/www.sonoraenequipo.com.mx\/hermosillo-comuna-realizara-jornada-de-regularizacion-de-licencias-para-comercios\/#primaryimage\"},\"thumbnailUrl\":\"https:\/\/www.sonoraenequipo.com.mx\/storage\/2025\/10\/hmo-comercios.jpg\",\"keywords\":[\"comercios\",\"regularizaci\u00f3n\"],\"articleSection\":[\"Municipios\"],\"inLanguage\":\"es\",\"potentialAction\":[{\"@type\":\"CommentAction\",\"name\":\"Comment\",\"target\":[\"https:\/\/www.sonoraenequipo.com.mx\/hermosillo-comuna-realizara-jornada-de-regularizacion-de-licencias-para-comercios\/#respond\"]}]},{\"@type\":\"WebPage\",\"@id\":\"https:\/\/www.sonoraenequipo.com.mx\/hermosillo-comuna-realizara-jornada-de-regularizacion-de-licencias-para-comercios\/\",\"url\":\"https:\/\/www.sonoraenequipo.com.mx\/hermosillo-comuna-realizara-jornada-de-regularizacion-de-licencias-para-comercios\/\",\"name\":\"Sonora en Equipo. HERMOSILLO. Comuna realizar\u00e1 jornada de regularizaci\u00f3n de licencias para comercios Municipios\",\"isPartOf\":{\"@id\":\"https:\/\/www.sonoraenequipo.com.mx\/#website\"},\"primaryImageOfPage\":{\"@id\":\"https:\/\/www.sonoraenequipo.com.mx\/hermosillo-comuna-realizara-jornada-de-regularizacion-de-licencias-para-comercios\/#primaryimage\"},\"image\":{\"@id\":\"https:\/\/www.sonoraenequipo.com.mx\/hermosillo-comuna-realizara-jornada-de-regularizacion-de-licencias-para-comercios\/#primaryimage\"},\"thumbnailUrl\":\"https:\/\/www.sonoraenequipo.com.mx\/storage\/2025\/10\/hmo-comercios.jpg\",\"datePublished\":\"2025-10-15T18:23:24+00:00\",\"dateModified\":\"2025-10-15T18:31:10+00:00\",\"description\":\"HERMOSILLO, SONORA, MX. \u2014 El Gobierno de Hermosillo realizar\u00e1 una jornada dirigida a todos los afiliados a la CANACO y a la CANACOPE donde se reunir\u00e1n En Sonora en Equipo publicamos toda la informaci\u00f3n de Sonora, M\u00e9xico y el Mundo de manera oportuna y busca que la libertad de expresi\u00f3n sea real. Visita nuestro medio informativo publicado desde Hermosillo, Sonora. %\",\"breadcrumb\":{\"@id\":\"https:\/\/www.sonoraenequipo.com.mx\/hermosillo-comuna-realizara-jornada-de-regularizacion-de-licencias-para-comercios\/#breadcrumb\"},\"inLanguage\":\"es\",\"potentialAction\":[{\"@type\":\"ReadAction\",\"target\":[\"https:\/\/www.sonoraenequipo.com.mx\/hermosillo-comuna-realizara-jornada-de-regularizacion-de-licencias-para-comercios\/\"]}]},{\"@type\":\"ImageObject\",\"inLanguage\":\"es\",\"@id\":\"https:\/\/www.sonoraenequipo.com.mx\/hermosillo-comuna-realizara-jornada-de-regularizacion-de-licencias-para-comercios\/#primaryimage\",\"url\":\"https:\/\/www.sonoraenequipo.com.mx\/storage\/2025\/10\/hmo-comercios.jpg\",\"contentUrl\":\"https:\/\/www.sonoraenequipo.com.mx\/storage\/2025\/10\/hmo-comercios.jpg\",\"width\":600,\"height\":400},{\"@type\":\"BreadcrumbList\",\"@id\":\"https:\/\/www.sonoraenequipo.com.mx\/hermosillo-comuna-realizara-jornada-de-regularizacion-de-licencias-para-comercios\/#breadcrumb\",\"itemListElement\":[{\"@type\":\"ListItem\",\"position\":1,\"name\":\"Portada\",\"item\":\"https:\/\/www.sonoraenequipo.com.mx\/\"},{\"@type\":\"ListItem\",\"position\":2,\"name\":\"HERMOSILLO. Comuna realizar\u00e1 jornada de regularizaci\u00f3n de licencias para comercios\"}]},{\"@type\":\"WebSite\",\"@id\":\"https:\/\/www.sonoraenequipo.com.mx\/#website\",\"url\":\"https:\/\/www.sonoraenequipo.com.mx\/\",\"name\":\"Sonora en Equipo.\",\"description\":\"Diario en l\u00ednea con Noticias desde Hermosillo, Sonora\",\"publisher\":{\"@id\":\"https:\/\/www.sonoraenequipo.com.mx\/#organization\"},\"potentialAction\":[{\"@type\":\"SearchAction\",\"target\":{\"@type\":\"EntryPoint\",\"urlTemplate\":\"https:\/\/www.sonoraenequipo.com.mx\/?s={search_term_string}\"},\"query-input\":{\"@type\":\"PropertyValueSpecification\",\"valueRequired\":true,\"valueName\":\"search_term_string\"}}],\"inLanguage\":\"es\"},{\"@type\":\"Organization\",\"@id\":\"https:\/\/www.sonoraenequipo.com.mx\/#organization\",\"name\":\"Sonoraenequipo.com.mx\",\"url\":\"https:\/\/www.sonoraenequipo.com.mx\/\",\"logo\":{\"@type\":\"ImageObject\",\"inLanguage\":\"es\",\"@id\":\"https:\/\/www.sonoraenequipo.com.mx\/#\/schema\/logo\/image\/\",\"url\":\"https:\/\/www.sonoraenequipo.com.mx\/storage\/2019\/01\/sonoraenequipo_opt.png\",\"contentUrl\":\"https:\/\/www.sonoraenequipo.com.mx\/storage\/2019\/01\/sonoraenequipo_opt.png\",\"width\":375,\"height\":125,\"caption\":\"Sonoraenequipo.com.mx\"},\"image\":{\"@id\":\"https:\/\/www.sonoraenequipo.com.mx\/#\/schema\/logo\/image\/\"},\"sameAs\":[\"https:\/\/www.facebook.com\/SonoraEE\/\",\"https:\/\/x.com\/sonoraenequipo\",\"https:\/\/www.youtube.com\/channel\/UC338nW-lPEYmJQs4ZABQ1SQ\"]},{\"@type\":\"Person\",\"@id\":\"https:\/\/www.sonoraenequipo.com.mx\/#\/schema\/person\/50102df0fb23a8fa9e8effad8fa81386\",\"name\":\"enequipo\",\"image\":{\"@type\":\"ImageObject\",\"inLanguage\":\"es\",\"@id\":\"https:\/\/www.sonoraenequipo.com.mx\/#\/schema\/person\/image\/\",\"url\":\"https:\/\/secure.gravatar.com\/avatar\/049821681b589dabc0bc20695993ccebb09f5b5d4d790cd9251b97faac7c652b?s=96&d=blank&r=g\",\"contentUrl\":\"https:\/\/secure.gravatar.com\/avatar\/049821681b589dabc0bc20695993ccebb09f5b5d4d790cd9251b97faac7c652b?s=96&d=blank&r=g\",\"caption\":\"enequipo\"},\"sameAs\":[\"https:\/\/www.facebook.com\/SonoraEE\"]}]}<\/script>\n ","yoast_head_json":{"title":"Sonora en Equipo. HERMOSILLO. Comuna realizar\u00e1 jornada de regularizaci\u00f3n de licencias para comercios Municipios","description":"HERMOSILLO, SONORA, MX. \u2014 El Gobierno de Hermosillo realizar\u00e1 una jornada dirigida a todos los afiliados a la CANACO y a la CANACOPE donde se reunir\u00e1n En Sonora en Equipo publicamos toda la informaci\u00f3n de Sonora, M\u00e9xico y el Mundo de manera oportuna y busca que la libertad de expresi\u00f3n sea real. Visita nuestro medio informativo publicado desde Hermosillo, Sonora. %","robots":{"index":"index","follow":"follow","max-snippet":"max-snippet:-1","max-image-preview":"max-image-preview:large","max-video-preview":"max-video-preview:-1"},"canonical":"https:\/\/www.sonoraenequipo.com.mx\/hermosillo-comuna-realizara-jornada-de-regularizacion-de-licencias-para-comercios\/","og_locale":"es_ES","og_type":"article","og_title":"Sonora en Equipo. HERMOSILLO. Comuna realizar\u00e1 jornada de regularizaci\u00f3n de licencias para comercios Municipios","og_description":"HERMOSILLO, SONORA, MX. \u2014 El Gobierno de Hermosillo realizar\u00e1 una jornada dirigida a todos los afiliados a la CANACO y a la CANACOPE donde se reunir\u00e1n En Sonora en Equipo publicamos toda la informaci\u00f3n de Sonora, M\u00e9xico y el Mundo de manera oportuna y busca que la libertad de expresi\u00f3n sea real. Visita nuestro medio informativo publicado desde Hermosillo, Sonora. %","og_url":"https:\/\/www.sonoraenequipo.com.mx\/hermosillo-comuna-realizara-jornada-de-regularizacion-de-licencias-para-comercios\/","og_site_name":"Sonora en Equipo.","article_publisher":"https:\/\/www.facebook.com\/SonoraEE\/","article_author":"https:\/\/www.facebook.com\/SonoraEE","article_published_time":"2025-10-15T18:23:24+00:00","article_modified_time":"2025-10-15T18:31:10+00:00","og_image":[{"width":600,"height":400,"url":"https:\/\/www.sonoraenequipo.com.mx\/storage\/2025\/10\/hmo-comercios.jpg","type":"image\/jpeg"}],"author":"enequipo","twitter_card":"summary_large_image","twitter_creator":"@sonoraenequipo","twitter_site":"@sonoraenequipo","twitter_misc":{"Escrito por":"enequipo","Tiempo de lectura":"2 minutos"},"schema":{"@context":"https:\/\/schema.org","@graph":[{"@type":"Article","@id":"https:\/\/www.sonoraenequipo.com.mx\/hermosillo-comuna-realizara-jornada-de-regularizacion-de-licencias-para-comercios\/#article","isPartOf":{"@id":"https:\/\/www.sonoraenequipo.com.mx\/hermosillo-comuna-realizara-jornada-de-regularizacion-de-licencias-para-comercios\/"},"author":{"name":"enequipo","@id":"https:\/\/www.sonoraenequipo.com.mx\/#\/schema\/person\/50102df0fb23a8fa9e8effad8fa81386"},"headline":"HERMOSILLO. Comuna realizar\u00e1 jornada de regularizaci\u00f3n de licencias para comercios","datePublished":"2025-10-15T18:23:24+00:00","dateModified":"2025-10-15T18:31:10+00:00","mainEntityOfPage":{"@id":"https:\/\/www.sonoraenequipo.com.mx\/hermosillo-comuna-realizara-jornada-de-regularizacion-de-licencias-para-comercios\/"},"wordCount":416,"commentCount":0,"publisher":{"@id":"https:\/\/www.sonoraenequipo.com.mx\/#organization"},"image":{"@id":"https:\/\/www.sonoraenequipo.com.mx\/hermosillo-comuna-realizara-jornada-de-regularizacion-de-licencias-para-comercios\/#primaryimage"},"thumbnailUrl":"https:\/\/www.sonoraenequipo.com.mx\/storage\/2025\/10\/hmo-comercios.jpg","keywords":["comercios","regularizaci\u00f3n"],"articleSection":["Municipios"],"inLanguage":"es","potentialAction":[{"@type":"CommentAction","name":"Comment","target":["https:\/\/www.sonoraenequipo.com.mx\/hermosillo-comuna-realizara-jornada-de-regularizacion-de-licencias-para-comercios\/#respond"]}]},{"@type":"WebPage","@id":"https:\/\/www.sonoraenequipo.com.mx\/hermosillo-comuna-realizara-jornada-de-regularizacion-de-licencias-para-comercios\/","url":"https:\/\/www.sonoraenequipo.com.mx\/hermosillo-comuna-realizara-jornada-de-regularizacion-de-licencias-para-comercios\/","name":"Sonora en Equipo. HERMOSILLO. Comuna realizar\u00e1 jornada de regularizaci\u00f3n de licencias para comercios Municipios","isPartOf":{"@id":"https:\/\/www.sonoraenequipo.com.mx\/#website"},"primaryImageOfPage":{"@id":"https:\/\/www.sonoraenequipo.com.mx\/hermosillo-comuna-realizara-jornada-de-regularizacion-de-licencias-para-comercios\/#primaryimage"},"image":{"@id":"https:\/\/www.sonoraenequipo.com.mx\/hermosillo-comuna-realizara-jornada-de-regularizacion-de-licencias-para-comercios\/#primaryimage"},"thumbnailUrl":"https:\/\/www.sonoraenequipo.com.mx\/storage\/2025\/10\/hmo-comercios.jpg","datePublished":"2025-10-15T18:23:24+00:00","dateModified":"2025-10-15T18:31:10+00:00","description":"HERMOSILLO, SONORA, MX. \u2014 El Gobierno de Hermosillo realizar\u00e1 una jornada dirigida a todos los afiliados a la CANACO y a la CANACOPE donde se reunir\u00e1n En Sonora en Equipo publicamos toda la informaci\u00f3n de Sonora, M\u00e9xico y el Mundo de manera oportuna y busca que la libertad de expresi\u00f3n sea real. Visita nuestro medio informativo publicado desde Hermosillo, Sonora. %","breadcrumb":{"@id":"https:\/\/www.sonoraenequipo.com.mx\/hermosillo-comuna-realizara-jornada-de-regularizacion-de-licencias-para-comercios\/#breadcrumb"},"inLanguage":"es","potentialAction":[{"@type":"ReadAction","target":["https:\/\/www.sonoraenequipo.com.mx\/hermosillo-comuna-realizara-jornada-de-regularizacion-de-licencias-para-comercios\/"]}]},{"@type":"ImageObject","inLanguage":"es","@id":"https:\/\/www.sonoraenequipo.com.mx\/hermosillo-comuna-realizara-jornada-de-regularizacion-de-licencias-para-comercios\/#primaryimage","url":"https:\/\/www.sonoraenequipo.com.mx\/storage\/2025\/10\/hmo-comercios.jpg","contentUrl":"https:\/\/www.sonoraenequipo.com.mx\/storage\/2025\/10\/hmo-comercios.jpg","width":600,"height":400},{"@type":"BreadcrumbList","@id":"https:\/\/www.sonoraenequipo.com.mx\/hermosillo-comuna-realizara-jornada-de-regularizacion-de-licencias-para-comercios\/#breadcrumb","itemListElement":[{"@type":"ListItem","position":1,"name":"Portada","item":"https:\/\/www.sonoraenequipo.com.mx\/"},{"@type":"ListItem","position":2,"name":"HERMOSILLO. Comuna realizar\u00e1 jornada de regularizaci\u00f3n de licencias para comercios"}]},{"@type":"WebSite","@id":"https:\/\/www.sonoraenequipo.com.mx\/#website","url":"https:\/\/www.sonoraenequipo.com.mx\/","name":"Sonora en Equipo.","description":"Diario en l\u00ednea con Noticias desde Hermosillo, Sonora","publisher":{"@id":"https:\/\/www.sonoraenequipo.com.mx\/#organization"},"potentialAction":[{"@type":"SearchAction","target":{"@type":"EntryPoint","urlTemplate":"https:\/\/www.sonoraenequipo.com.mx\/?s={search_term_string}"},"query-input":{"@type":"PropertyValueSpecification","valueRequired":true,"valueName":"search_term_string"}}],"inLanguage":"es"},{"@type":"Organization","@id":"https:\/\/www.sonoraenequipo.com.mx\/#organization","name":"Sonoraenequipo.com.mx","url":"https:\/\/www.sonoraenequipo.com.mx\/","logo":{"@type":"ImageObject","inLanguage":"es","@id":"https:\/\/www.sonoraenequipo.com.mx\/#\/schema\/logo\/image\/","url":"https:\/\/www.sonoraenequipo.com.mx\/storage\/2019\/01\/sonoraenequipo_opt.png","contentUrl":"https:\/\/www.sonoraenequipo.com.mx\/storage\/2019\/01\/sonoraenequipo_opt.png","width":375,"height":125,"caption":"Sonoraenequipo.com.mx"},"image":{"@id":"https:\/\/www.sonoraenequipo.com.mx\/#\/schema\/logo\/image\/"},"sameAs":["https:\/\/www.facebook.com\/SonoraEE\/","https:\/\/x.com\/sonoraenequipo","https:\/\/www.youtube.com\/channel\/UC338nW-lPEYmJQs4ZABQ1SQ"]},{"@type":"Person","@id":"https:\/\/www.sonoraenequipo.com.mx\/#\/schema\/person\/50102df0fb23a8fa9e8effad8fa81386","name":"enequipo","image":{"@type":"ImageObject","inLanguage":"es","@id":"https:\/\/www.sonoraenequipo.com.mx\/#\/schema\/person\/image\/","url":"https:\/\/secure.gravatar.com\/avatar\/049821681b589dabc0bc20695993ccebb09f5b5d4d790cd9251b97faac7c652b?s=96&d=blank&r=g","contentUrl":"https:\/\/secure.gravatar.com\/avatar\/049821681b589dabc0bc20695993ccebb09f5b5d4d790cd9251b97faac7c652b?s=96&d=blank&r=g","caption":"enequipo"},"sameAs":["https:\/\/www.facebook.com\/SonoraEE"]}]}},"jetpack_featured_media_url":"https:\/\/www.sonoraenequipo.com.mx\/storage\/2025\/10\/hmo-comercios.jpg","_links":{"self":[{"href":"https:\/\/www.sonoraenequipo.com.mx\/api\/wp\/v2\/posts\/226310","targetHints":{"allow":["GET"]}}],"collection":[{"href":"https:\/\/www.sonoraenequipo.com.mx\/api\/wp\/v2\/posts"}],"about":[{"href":"https:\/\/www.sonoraenequipo.com.mx\/api\/wp\/v2\/types\/post"}],"author":[{"embeddable":true,"href":"https:\/\/www.sonoraenequipo.com.mx\/api\/wp\/v2\/users\/1"}],"replies":[{"embeddable":true,"href":"https:\/\/www.sonoraenequipo.com.mx\/api\/wp\/v2\/comments?post=226310"}],"version-history":[{"count":3,"href":"https:\/\/www.sonoraenequipo.com.mx\/api\/wp\/v2\/posts\/226310\/revisions"}],"predecessor-version":[{"id":226314,"href":"https:\/\/www.sonoraenequipo.com.mx\/api\/wp\/v2\/posts\/226310\/revisions\/226314"}],"wp:featuredmedia":[{"embeddable":true,"href":"https:\/\/www.sonoraenequipo.com.mx\/api\/wp\/v2\/media\/226311"}],"wp:attachment":[{"href":"https:\/\/www.sonoraenequipo.com.mx\/api\/wp\/v2\/media?parent=226310"}],"wp:term":[{"taxonomy":"category","embeddable":true,"href":"https:\/\/www.sonoraenequipo.com.mx\/api\/wp\/v2\/categories?post=226310"},{"taxonomy":"post_tag","embeddable":true,"href":"https:\/\/www.sonoraenequipo.com.mx\/api\/wp\/v2\/tags?post=226310"}],"curies":[{"name":"wp","href":"https:\/\/api.w.org\/{rel}","templated":true}]}}