{"id":226316,"date":"2025-10-15T11:35:25","date_gmt":"2025-10-15T18:35:25","guid":{"rendered":"https:\/\/www.sonoraenequipo.com.mx\/?p=226316"},"modified":"2025-10-15T11:35:58","modified_gmt":"2025-10-15T18:35:58","slug":"dubier-paredes-obtiene-pase-individual-hacia-el-campeonato-mundial-de-boccia","status":"publish","type":"post","link":"https:\/\/www.sonoraenequipo.com.mx\/dubier-paredes-obtiene-pase-individual-hacia-el-campeonato-mundial-de-boccia\/","title":{"rendered":"Dubier Paredes obtiene pase individual hacia el Campeonato Mundial de Boccia"},"content":{"rendered":"<p><strong>HERMOSILLO,SONORA. MX. \u2014 <\/strong>\u00a0El paratleta sonorense Dubier Paredes se coron\u00f3 campe\u00f3n en la modalidad Individual de la categor\u00eda BC2 en el World Boccia Americas Regional Championship, que tuvo lugar en Cali, Colombia, por lo tanto, esa medalla de oro le entreg\u00f3 el pase directo al Campeonato Mundial a realizarse el a\u00f1o entrante en Se\u00fal, Corea del Sur.<\/p>\n<p>&nbsp;<\/p>\n<p>&nbsp;<\/p>\n<p>&nbsp;<\/p>\n<p> <\/p>\n<p>En total, la selecci\u00f3n nacional logr\u00f3 cuatro preseas (un oro, dos platas y un bronce) y el mismo n\u00famero de plazas hacia la cita mundialista, tomando en cuenta que la de Paredes Moroyoqui es la \u00fanica nominal, pues las otras tres habr\u00e1n de definirse por medio de criterios nacionales.<\/p>\n<p>&nbsp;<\/p>\n<p>&nbsp;<\/p>\n<p>&nbsp;<\/p>\n<p>La actuaci\u00f3n de Paredes Moroyoqui result\u00f3 memorable pues derrot\u00f3 al primer lugar del ranking mundial, el brasile\u00f1o Maciel Santos -medallista de Juegos Paral\u00edmpicos y tres veces campe\u00f3n panamericano-, en la fase de semifinales, para propinarle su primera derrota de por vida en un evento continental.<\/p>\n<p>&nbsp;<\/p>\n<p>&nbsp;<\/p>\n<p>&nbsp;<\/p>\n<p>Posteriormente el sonorense venci\u00f3 en la disputa del oro al salvadore\u00f1o Mario Ernesto Sayes para llevarse la presea del m\u00e1ximo color y acceder al que ser\u00e1 su segundo Campeonato Mundial; su debut lo tuvo en la pasada edici\u00f3n celebrada el 2022 en R\u00edo de Janeiro, Brasil, ah\u00ed termin\u00f3 en la octava posici\u00f3n.<\/p>\n<p>&nbsp;<\/p>\n<p>&nbsp;<\/p>\n<p>&nbsp;<\/p>\n<p>Adem\u00e1s de ganar el oro de manera individual, Dubier Antonio tambi\u00e9n form\u00f3 parte de la terna que obtuvo plata en Equipos BC1-BC2, al lado de Karina Mart\u00ednez y Eduardo S\u00e1nchez, con lo cual M\u00e9xico asegur\u00f3 el boleto en dicha modalidad y categor\u00eda. En el torneo actuaron diez naciones: M\u00e9xico, Colombia, Estados Unidos, Brasil, Chile, Per\u00fa, Canad\u00e1, El Salvador, Bermudas y Puerto Rico.<\/p>\n<p>&nbsp;<\/p>\n<p>&nbsp;<\/p>\n<p>&nbsp;<\/p>\n<p>Asimismo, en el plano individual, la bajacaliforniana Mart\u00ednez consigui\u00f3 plata en BC2 y el jalisciense S\u00e1nchez logr\u00f3 bronce en BC1; de tal manera, esos dos lugares tambi\u00e9n los amarr\u00f3 M\u00e9xico para el Mundial, aunque, igualmente, deber\u00e1n determinarse pr\u00f3ximamente, ya que solamente las medallas de oro entregaron cuotas nominales.<\/p>\n<p>&nbsp;<\/p>\n<p>&nbsp;<\/p>\n<p>&nbsp;<\/p>\n<p>En la selecci\u00f3n \u201cTricolor\u201d que particip\u00f3 en el World Boccia Americas Regional Championship, compitieron dos sonorenses, el otro fue Addiel Ocampo, quien termin\u00f3 en el octavo sitio de la modalidad Individual BC4. Cabe destacar que el entrenador de Sonora, Carlos Antulio Gonz\u00e1lez, form\u00f3 parte del cuerpo t\u00e9cnico mexicano.<\/p>\n<p>&nbsp;<\/p>\n<p>&nbsp;<\/p>\n<p>&nbsp;<\/p>\n<p>PUBLICADO EL 15 DE OCTUBRE DE 2025 Con informaci\u00f3n de GOBSON 1025\/162)<\/p>\n","protected":false},"excerpt":{"rendered":"<p>HERMOSILLO,SONORA. MX. \u2014 \u00a0El paratleta sonorense Dubier Paredes se coron\u00f3 campe\u00f3n en la modalidad Individual&#8230;<\/p>\n","protected":false},"author":1,"featured_media":226317,"comment_status":"open","ping_status":"open","sticky":false,"template":"","format":"standard","meta":{"_monsterinsights_skip_tracking":false,"_monsterinsights_sitenote_active":false,"_monsterinsights_sitenote_note":"","_monsterinsights_sitenote_category":0,"footnotes":""},"categories":[10],"tags":[],"class_list":["post"],"yoast_head":" \n<title>Sonora en Equipo. Dubier Paredes obtiene pase individual hacia el Campeonato Mundial de Boccia Deportes<\/title>\n<meta name=\"description\" content=\"HERMOSILLO,SONORA. MX. \u2014 \u00a0El paratleta sonorense Dubier Paredes se coron\u00f3 campe\u00f3n en la modalidad Individual de la categor\u00eda BC2 en el World Boccia En Sonora en Equipo publicamos toda la informaci\u00f3n de Sonora, M\u00e9xico y el Mundo de manera oportuna y busca que la libertad de expresi\u00f3n sea real. Visita nuestro medio informativo publicado desde Hermosillo, Sonora. %\" \/>\n<meta name=\"robots\" content=\"index, follow, max-snippet:-1, max-image-preview:large, max-video-preview:-1\" \/>\n<link rel=\"canonical\" href=\"https:\/\/www.sonoraenequipo.com.mx\/dubier-paredes-obtiene-pase-individual-hacia-el-campeonato-mundial-de-boccia\/\" \/>\n<meta property=\"og:locale\" content=\"es_ES\" \/>\n<meta property=\"og:type\" content=\"article\" \/>\n<meta property=\"og:title\" content=\"Sonora en Equipo. Dubier Paredes obtiene pase individual hacia el Campeonato Mundial de Boccia Deportes\" \/>\n<meta property=\"og:description\" content=\"HERMOSILLO,SONORA. MX. \u2014 \u00a0El paratleta sonorense Dubier Paredes se coron\u00f3 campe\u00f3n en la modalidad Individual de la categor\u00eda BC2 en el World Boccia En Sonora en Equipo publicamos toda la informaci\u00f3n de Sonora, M\u00e9xico y el Mundo de manera oportuna y busca que la libertad de expresi\u00f3n sea real. Visita nuestro medio informativo publicado desde Hermosillo, Sonora. %\" \/>\n<meta property=\"og:url\" content=\"https:\/\/www.sonoraenequipo.com.mx\/dubier-paredes-obtiene-pase-individual-hacia-el-campeonato-mundial-de-boccia\/\" \/>\n<meta property=\"og:site_name\" content=\"Sonora en Equipo.\" \/>\n<meta property=\"article:publisher\" content=\"https:\/\/www.facebook.com\/SonoraEE\/\" \/>\n<meta property=\"article:author\" content=\"https:\/\/www.facebook.com\/SonoraEE\" \/>\n<meta property=\"article:published_time\" content=\"2025-10-15T18:35:25+00:00\" \/>\n<meta property=\"article:modified_time\" content=\"2025-10-15T18:35:58+00:00\" \/>\n<meta property=\"og:image\" content=\"https:\/\/www.sonoraenequipo.com.mx\/storage\/2025\/10\/Dubier-Paredes-obtiene-pase-individual-hacia-el-Campeonato-Mundial-de-Boccia.jpg\" \/>\n\t<meta property=\"og:image:width\" content=\"1200\" \/>\n\t<meta property=\"og:image:height\" content=\"900\" \/>\n\t<meta property=\"og:image:type\" content=\"image\/jpeg\" \/>\n<meta name=\"author\" content=\"enequipo\" \/>\n<meta name=\"twitter:card\" content=\"summary_large_image\" \/>\n<meta name=\"twitter:creator\" content=\"@sonoraenequipo\" \/>\n<meta name=\"twitter:site\" content=\"@sonoraenequipo\" \/>\n<meta name=\"twitter:label1\" content=\"Escrito por\" \/>\n\t<meta name=\"twitter:data1\" content=\"enequipo\" \/>\n\t<meta name=\"twitter:label2\" content=\"Tiempo de lectura\" \/>\n\t<meta name=\"twitter:data2\" content=\"2 minutos\" \/>\n<script type=\"application\/ld+json\" class=\"yoast-schema-graph\">{\"@context\":\"https:\/\/schema.org\",\"@graph\":[{\"@type\":\"Article\",\"@id\":\"https:\/\/www.sonoraenequipo.com.mx\/dubier-paredes-obtiene-pase-individual-hacia-el-campeonato-mundial-de-boccia\/#article\",\"isPartOf\":{\"@id\":\"https:\/\/www.sonoraenequipo.com.mx\/dubier-paredes-obtiene-pase-individual-hacia-el-campeonato-mundial-de-boccia\/\"},\"author\":{\"name\":\"enequipo\",\"@id\":\"https:\/\/www.sonoraenequipo.com.mx\/#\/schema\/person\/50102df0fb23a8fa9e8effad8fa81386\"},\"headline\":\"Dubier Paredes obtiene pase individual hacia el Campeonato Mundial de Boccia\",\"datePublished\":\"2025-10-15T18:35:25+00:00\",\"dateModified\":\"2025-10-15T18:35:58+00:00\",\"mainEntityOfPage\":{\"@id\":\"https:\/\/www.sonoraenequipo.com.mx\/dubier-paredes-obtiene-pase-individual-hacia-el-campeonato-mundial-de-boccia\/\"},\"wordCount\":435,\"commentCount\":0,\"publisher\":{\"@id\":\"https:\/\/www.sonoraenequipo.com.mx\/#organization\"},\"image\":{\"@id\":\"https:\/\/www.sonoraenequipo.com.mx\/dubier-paredes-obtiene-pase-individual-hacia-el-campeonato-mundial-de-boccia\/#primaryimage\"},\"thumbnailUrl\":\"https:\/\/www.sonoraenequipo.com.mx\/storage\/2025\/10\/Dubier-Paredes-obtiene-pase-individual-hacia-el-Campeonato-Mundial-de-Boccia.jpg\",\"articleSection\":[\"Deportes\"],\"inLanguage\":\"es\",\"potentialAction\":[{\"@type\":\"CommentAction\",\"name\":\"Comment\",\"target\":[\"https:\/\/www.sonoraenequipo.com.mx\/dubier-paredes-obtiene-pase-individual-hacia-el-campeonato-mundial-de-boccia\/#respond\"]}]},{\"@type\":\"WebPage\",\"@id\":\"https:\/\/www.sonoraenequipo.com.mx\/dubier-paredes-obtiene-pase-individual-hacia-el-campeonato-mundial-de-boccia\/\",\"url\":\"https:\/\/www.sonoraenequipo.com.mx\/dubier-paredes-obtiene-pase-individual-hacia-el-campeonato-mundial-de-boccia\/\",\"name\":\"Sonora en Equipo. Dubier Paredes obtiene pase individual hacia el Campeonato Mundial de Boccia Deportes\",\"isPartOf\":{\"@id\":\"https:\/\/www.sonoraenequipo.com.mx\/#website\"},\"primaryImageOfPage\":{\"@id\":\"https:\/\/www.sonoraenequipo.com.mx\/dubier-paredes-obtiene-pase-individual-hacia-el-campeonato-mundial-de-boccia\/#primaryimage\"},\"image\":{\"@id\":\"https:\/\/www.sonoraenequipo.com.mx\/dubier-paredes-obtiene-pase-individual-hacia-el-campeonato-mundial-de-boccia\/#primaryimage\"},\"thumbnailUrl\":\"https:\/\/www.sonoraenequipo.com.mx\/storage\/2025\/10\/Dubier-Paredes-obtiene-pase-individual-hacia-el-Campeonato-Mundial-de-Boccia.jpg\",\"datePublished\":\"2025-10-15T18:35:25+00:00\",\"dateModified\":\"2025-10-15T18:35:58+00:00\",\"description\":\"HERMOSILLO,SONORA. MX. \u2014 \u00a0El paratleta sonorense Dubier Paredes se coron\u00f3 campe\u00f3n en la modalidad Individual de la categor\u00eda BC2 en el World Boccia En Sonora en Equipo publicamos toda la informaci\u00f3n de Sonora, M\u00e9xico y el Mundo de manera oportuna y busca que la libertad de expresi\u00f3n sea real. Visita nuestro medio informativo publicado desde Hermosillo, Sonora. %\",\"breadcrumb\":{\"@id\":\"https:\/\/www.sonoraenequipo.com.mx\/dubier-paredes-obtiene-pase-individual-hacia-el-campeonato-mundial-de-boccia\/#breadcrumb\"},\"inLanguage\":\"es\",\"potentialAction\":[{\"@type\":\"ReadAction\",\"target\":[\"https:\/\/www.sonoraenequipo.com.mx\/dubier-paredes-obtiene-pase-individual-hacia-el-campeonato-mundial-de-boccia\/\"]}]},{\"@type\":\"ImageObject\",\"inLanguage\":\"es\",\"@id\":\"https:\/\/www.sonoraenequipo.com.mx\/dubier-paredes-obtiene-pase-individual-hacia-el-campeonato-mundial-de-boccia\/#primaryimage\",\"url\":\"https:\/\/www.sonoraenequipo.com.mx\/storage\/2025\/10\/Dubier-Paredes-obtiene-pase-individual-hacia-el-Campeonato-Mundial-de-Boccia.jpg\",\"contentUrl\":\"https:\/\/www.sonoraenequipo.com.mx\/storage\/2025\/10\/Dubier-Paredes-obtiene-pase-individual-hacia-el-Campeonato-Mundial-de-Boccia.jpg\",\"width\":1200,\"height\":900},{\"@type\":\"BreadcrumbList\",\"@id\":\"https:\/\/www.sonoraenequipo.com.mx\/dubier-paredes-obtiene-pase-individual-hacia-el-campeonato-mundial-de-boccia\/#breadcrumb\",\"itemListElement\":[{\"@type\":\"ListItem\",\"position\":1,\"name\":\"Portada\",\"item\":\"https:\/\/www.sonoraenequipo.com.mx\/\"},{\"@type\":\"ListItem\",\"position\":2,\"name\":\"Dubier Paredes obtiene pase individual hacia el Campeonato Mundial de Boccia\"}]},{\"@type\":\"WebSite\",\"@id\":\"https:\/\/www.sonoraenequipo.com.mx\/#website\",\"url\":\"https:\/\/www.sonoraenequipo.com.mx\/\",\"name\":\"Sonora en Equipo.\",\"description\":\"Diario en l\u00ednea con Noticias desde Hermosillo, Sonora\",\"publisher\":{\"@id\":\"https:\/\/www.sonoraenequipo.com.mx\/#organization\"},\"potentialAction\":[{\"@type\":\"SearchAction\",\"target\":{\"@type\":\"EntryPoint\",\"urlTemplate\":\"https:\/\/www.sonoraenequipo.com.mx\/?s={search_term_string}\"},\"query-input\":{\"@type\":\"PropertyValueSpecification\",\"valueRequired\":true,\"valueName\":\"search_term_string\"}}],\"inLanguage\":\"es\"},{\"@type\":\"Organization\",\"@id\":\"https:\/\/www.sonoraenequipo.com.mx\/#organization\",\"name\":\"Sonoraenequipo.com.mx\",\"url\":\"https:\/\/www.sonoraenequipo.com.mx\/\",\"logo\":{\"@type\":\"ImageObject\",\"inLanguage\":\"es\",\"@id\":\"https:\/\/www.sonoraenequipo.com.mx\/#\/schema\/logo\/image\/\",\"url\":\"https:\/\/www.sonoraenequipo.com.mx\/storage\/2019\/01\/sonoraenequipo_opt.png\",\"contentUrl\":\"https:\/\/www.sonoraenequipo.com.mx\/storage\/2019\/01\/sonoraenequipo_opt.png\",\"width\":375,\"height\":125,\"caption\":\"Sonoraenequipo.com.mx\"},\"image\":{\"@id\":\"https:\/\/www.sonoraenequipo.com.mx\/#\/schema\/logo\/image\/\"},\"sameAs\":[\"https:\/\/www.facebook.com\/SonoraEE\/\",\"https:\/\/x.com\/sonoraenequipo\",\"https:\/\/www.youtube.com\/channel\/UC338nW-lPEYmJQs4ZABQ1SQ\"]},{\"@type\":\"Person\",\"@id\":\"https:\/\/www.sonoraenequipo.com.mx\/#\/schema\/person\/50102df0fb23a8fa9e8effad8fa81386\",\"name\":\"enequipo\",\"image\":{\"@type\":\"ImageObject\",\"inLanguage\":\"es\",\"@id\":\"https:\/\/www.sonoraenequipo.com.mx\/#\/schema\/person\/image\/\",\"url\":\"https:\/\/secure.gravatar.com\/avatar\/049821681b589dabc0bc20695993ccebb09f5b5d4d790cd9251b97faac7c652b?s=96&d=blank&r=g\",\"contentUrl\":\"https:\/\/secure.gravatar.com\/avatar\/049821681b589dabc0bc20695993ccebb09f5b5d4d790cd9251b97faac7c652b?s=96&d=blank&r=g\",\"caption\":\"enequipo\"},\"sameAs\":[\"https:\/\/www.facebook.com\/SonoraEE\"]}]}<\/script>\n ","yoast_head_json":{"title":"Sonora en Equipo. Dubier Paredes obtiene pase individual hacia el Campeonato Mundial de Boccia Deportes","description":"HERMOSILLO,SONORA. MX. \u2014 \u00a0El paratleta sonorense Dubier Paredes se coron\u00f3 campe\u00f3n en la modalidad Individual de la categor\u00eda BC2 en el World Boccia En Sonora en Equipo publicamos toda la informaci\u00f3n de Sonora, M\u00e9xico y el Mundo de manera oportuna y busca que la libertad de expresi\u00f3n sea real. Visita nuestro medio informativo publicado desde Hermosillo, Sonora. %","robots":{"index":"index","follow":"follow","max-snippet":"max-snippet:-1","max-image-preview":"max-image-preview:large","max-video-preview":"max-video-preview:-1"},"canonical":"https:\/\/www.sonoraenequipo.com.mx\/dubier-paredes-obtiene-pase-individual-hacia-el-campeonato-mundial-de-boccia\/","og_locale":"es_ES","og_type":"article","og_title":"Sonora en Equipo. Dubier Paredes obtiene pase individual hacia el Campeonato Mundial de Boccia Deportes","og_description":"HERMOSILLO,SONORA. MX. \u2014 \u00a0El paratleta sonorense Dubier Paredes se coron\u00f3 campe\u00f3n en la modalidad Individual de la categor\u00eda BC2 en el World Boccia En Sonora en Equipo publicamos toda la informaci\u00f3n de Sonora, M\u00e9xico y el Mundo de manera oportuna y busca que la libertad de expresi\u00f3n sea real. Visita nuestro medio informativo publicado desde Hermosillo, Sonora. %","og_url":"https:\/\/www.sonoraenequipo.com.mx\/dubier-paredes-obtiene-pase-individual-hacia-el-campeonato-mundial-de-boccia\/","og_site_name":"Sonora en Equipo.","article_publisher":"https:\/\/www.facebook.com\/SonoraEE\/","article_author":"https:\/\/www.facebook.com\/SonoraEE","article_published_time":"2025-10-15T18:35:25+00:00","article_modified_time":"2025-10-15T18:35:58+00:00","og_image":[{"width":1200,"height":900,"url":"https:\/\/www.sonoraenequipo.com.mx\/storage\/2025\/10\/Dubier-Paredes-obtiene-pase-individual-hacia-el-Campeonato-Mundial-de-Boccia.jpg","type":"image\/jpeg"}],"author":"enequipo","twitter_card":"summary_large_image","twitter_creator":"@sonoraenequipo","twitter_site":"@sonoraenequipo","twitter_misc":{"Escrito por":"enequipo","Tiempo de lectura":"2 minutos"},"schema":{"@context":"https:\/\/schema.org","@graph":[{"@type":"Article","@id":"https:\/\/www.sonoraenequipo.com.mx\/dubier-paredes-obtiene-pase-individual-hacia-el-campeonato-mundial-de-boccia\/#article","isPartOf":{"@id":"https:\/\/www.sonoraenequipo.com.mx\/dubier-paredes-obtiene-pase-individual-hacia-el-campeonato-mundial-de-boccia\/"},"author":{"name":"enequipo","@id":"https:\/\/www.sonoraenequipo.com.mx\/#\/schema\/person\/50102df0fb23a8fa9e8effad8fa81386"},"headline":"Dubier Paredes obtiene pase individual hacia el Campeonato Mundial de Boccia","datePublished":"2025-10-15T18:35:25+00:00","dateModified":"2025-10-15T18:35:58+00:00","mainEntityOfPage":{"@id":"https:\/\/www.sonoraenequipo.com.mx\/dubier-paredes-obtiene-pase-individual-hacia-el-campeonato-mundial-de-boccia\/"},"wordCount":435,"commentCount":0,"publisher":{"@id":"https:\/\/www.sonoraenequipo.com.mx\/#organization"},"image":{"@id":"https:\/\/www.sonoraenequipo.com.mx\/dubier-paredes-obtiene-pase-individual-hacia-el-campeonato-mundial-de-boccia\/#primaryimage"},"thumbnailUrl":"https:\/\/www.sonoraenequipo.com.mx\/storage\/2025\/10\/Dubier-Paredes-obtiene-pase-individual-hacia-el-Campeonato-Mundial-de-Boccia.jpg","articleSection":["Deportes"],"inLanguage":"es","potentialAction":[{"@type":"CommentAction","name":"Comment","target":["https:\/\/www.sonoraenequipo.com.mx\/dubier-paredes-obtiene-pase-individual-hacia-el-campeonato-mundial-de-boccia\/#respond"]}]},{"@type":"WebPage","@id":"https:\/\/www.sonoraenequipo.com.mx\/dubier-paredes-obtiene-pase-individual-hacia-el-campeonato-mundial-de-boccia\/","url":"https:\/\/www.sonoraenequipo.com.mx\/dubier-paredes-obtiene-pase-individual-hacia-el-campeonato-mundial-de-boccia\/","name":"Sonora en Equipo. Dubier Paredes obtiene pase individual hacia el Campeonato Mundial de Boccia Deportes","isPartOf":{"@id":"https:\/\/www.sonoraenequipo.com.mx\/#website"},"primaryImageOfPage":{"@id":"https:\/\/www.sonoraenequipo.com.mx\/dubier-paredes-obtiene-pase-individual-hacia-el-campeonato-mundial-de-boccia\/#primaryimage"},"image":{"@id":"https:\/\/www.sonoraenequipo.com.mx\/dubier-paredes-obtiene-pase-individual-hacia-el-campeonato-mundial-de-boccia\/#primaryimage"},"thumbnailUrl":"https:\/\/www.sonoraenequipo.com.mx\/storage\/2025\/10\/Dubier-Paredes-obtiene-pase-individual-hacia-el-Campeonato-Mundial-de-Boccia.jpg","datePublished":"2025-10-15T18:35:25+00:00","dateModified":"2025-10-15T18:35:58+00:00","description":"HERMOSILLO,SONORA. MX. \u2014 \u00a0El paratleta sonorense Dubier Paredes se coron\u00f3 campe\u00f3n en la modalidad Individual de la categor\u00eda BC2 en el World Boccia En Sonora en Equipo publicamos toda la informaci\u00f3n de Sonora, M\u00e9xico y el Mundo de manera oportuna y busca que la libertad de expresi\u00f3n sea real. Visita nuestro medio informativo publicado desde Hermosillo, Sonora. %","breadcrumb":{"@id":"https:\/\/www.sonoraenequipo.com.mx\/dubier-paredes-obtiene-pase-individual-hacia-el-campeonato-mundial-de-boccia\/#breadcrumb"},"inLanguage":"es","potentialAction":[{"@type":"ReadAction","target":["https:\/\/www.sonoraenequipo.com.mx\/dubier-paredes-obtiene-pase-individual-hacia-el-campeonato-mundial-de-boccia\/"]}]},{"@type":"ImageObject","inLanguage":"es","@id":"https:\/\/www.sonoraenequipo.com.mx\/dubier-paredes-obtiene-pase-individual-hacia-el-campeonato-mundial-de-boccia\/#primaryimage","url":"https:\/\/www.sonoraenequipo.com.mx\/storage\/2025\/10\/Dubier-Paredes-obtiene-pase-individual-hacia-el-Campeonato-Mundial-de-Boccia.jpg","contentUrl":"https:\/\/www.sonoraenequipo.com.mx\/storage\/2025\/10\/Dubier-Paredes-obtiene-pase-individual-hacia-el-Campeonato-Mundial-de-Boccia.jpg","width":1200,"height":900},{"@type":"BreadcrumbList","@id":"https:\/\/www.sonoraenequipo.com.mx\/dubier-paredes-obtiene-pase-individual-hacia-el-campeonato-mundial-de-boccia\/#breadcrumb","itemListElement":[{"@type":"ListItem","position":1,"name":"Portada","item":"https:\/\/www.sonoraenequipo.com.mx\/"},{"@type":"ListItem","position":2,"name":"Dubier Paredes obtiene pase individual hacia el Campeonato Mundial de Boccia"}]},{"@type":"WebSite","@id":"https:\/\/www.sonoraenequipo.com.mx\/#website","url":"https:\/\/www.sonoraenequipo.com.mx\/","name":"Sonora en Equipo.","description":"Diario en l\u00ednea con Noticias desde Hermosillo, Sonora","publisher":{"@id":"https:\/\/www.sonoraenequipo.com.mx\/#organization"},"potentialAction":[{"@type":"SearchAction","target":{"@type":"EntryPoint","urlTemplate":"https:\/\/www.sonoraenequipo.com.mx\/?s={search_term_string}"},"query-input":{"@type":"PropertyValueSpecification","valueRequired":true,"valueName":"search_term_string"}}],"inLanguage":"es"},{"@type":"Organization","@id":"https:\/\/www.sonoraenequipo.com.mx\/#organization","name":"Sonoraenequipo.com.mx","url":"https:\/\/www.sonoraenequipo.com.mx\/","logo":{"@type":"ImageObject","inLanguage":"es","@id":"https:\/\/www.sonoraenequipo.com.mx\/#\/schema\/logo\/image\/","url":"https:\/\/www.sonoraenequipo.com.mx\/storage\/2019\/01\/sonoraenequipo_opt.png","contentUrl":"https:\/\/www.sonoraenequipo.com.mx\/storage\/2019\/01\/sonoraenequipo_opt.png","width":375,"height":125,"caption":"Sonoraenequipo.com.mx"},"image":{"@id":"https:\/\/www.sonoraenequipo.com.mx\/#\/schema\/logo\/image\/"},"sameAs":["https:\/\/www.facebook.com\/SonoraEE\/","https:\/\/x.com\/sonoraenequipo","https:\/\/www.youtube.com\/channel\/UC338nW-lPEYmJQs4ZABQ1SQ"]},{"@type":"Person","@id":"https:\/\/www.sonoraenequipo.com.mx\/#\/schema\/person\/50102df0fb23a8fa9e8effad8fa81386","name":"enequipo","image":{"@type":"ImageObject","inLanguage":"es","@id":"https:\/\/www.sonoraenequipo.com.mx\/#\/schema\/person\/image\/","url":"https:\/\/secure.gravatar.com\/avatar\/049821681b589dabc0bc20695993ccebb09f5b5d4d790cd9251b97faac7c652b?s=96&d=blank&r=g","contentUrl":"https:\/\/secure.gravatar.com\/avatar\/049821681b589dabc0bc20695993ccebb09f5b5d4d790cd9251b97faac7c652b?s=96&d=blank&r=g","caption":"enequipo"},"sameAs":["https:\/\/www.facebook.com\/SonoraEE"]}]}},"jetpack_featured_media_url":"https:\/\/www.sonoraenequipo.com.mx\/storage\/2025\/10\/Dubier-Paredes-obtiene-pase-individual-hacia-el-Campeonato-Mundial-de-Boccia.jpg","_links":{"self":[{"href":"https:\/\/www.sonoraenequipo.com.mx\/api\/wp\/v2\/posts\/226316","targetHints":{"allow":["GET"]}}],"collection":[{"href":"https:\/\/www.sonoraenequipo.com.mx\/api\/wp\/v2\/posts"}],"about":[{"href":"https:\/\/www.sonoraenequipo.com.mx\/api\/wp\/v2\/types\/post"}],"author":[{"embeddable":true,"href":"https:\/\/www.sonoraenequipo.com.mx\/api\/wp\/v2\/users\/1"}],"replies":[{"embeddable":true,"href":"https:\/\/www.sonoraenequipo.com.mx\/api\/wp\/v2\/comments?post=226316"}],"version-history":[{"count":1,"href":"https:\/\/www.sonoraenequipo.com.mx\/api\/wp\/v2\/posts\/226316\/revisions"}],"predecessor-version":[{"id":226319,"href":"https:\/\/www.sonoraenequipo.com.mx\/api\/wp\/v2\/posts\/226316\/revisions\/226319"}],"wp:featuredmedia":[{"embeddable":true,"href":"https:\/\/www.sonoraenequipo.com.mx\/api\/wp\/v2\/media\/226317"}],"wp:attachment":[{"href":"https:\/\/www.sonoraenequipo.com.mx\/api\/wp\/v2\/media?parent=226316"}],"wp:term":[{"taxonomy":"category","embeddable":true,"href":"https:\/\/www.sonoraenequipo.com.mx\/api\/wp\/v2\/categories?post=226316"},{"taxonomy":"post_tag","embeddable":true,"href":"https:\/\/www.sonoraenequipo.com.mx\/api\/wp\/v2\/tags?post=226316"}],"curies":[{"name":"wp","href":"https:\/\/api.w.org\/{rel}","templated":true}]}}