{"id":226389,"date":"2025-10-16T11:17:35","date_gmt":"2025-10-16T18:17:35","guid":{"rendered":"https:\/\/www.sonoraenequipo.com.mx\/?p=226389"},"modified":"2025-10-16T11:17:35","modified_gmt":"2025-10-16T18:17:35","slug":"impulsa-gobierno-de-hermosillo-mercado-energetico-encuentro-de-negocios-b2b","status":"publish","type":"post","link":"https:\/\/www.sonoraenequipo.com.mx\/impulsa-gobierno-de-hermosillo-mercado-energetico-encuentro-de-negocios-b2b\/","title":{"rendered":"Impulsa Gobierno de Hermosillo Mercado Energ\u00e9tico: Encuentro de Negocios B2B"},"content":{"rendered":"<p><strong>HERMOSILLO, SONORA, MX.<\/strong> \u2014 Como parte de las actividades del Foro Mundial de Energ\u00eda Solar, el Gobierno Municipal que encabeza Antonio Astiazar\u00e1n impuls\u00f3 el Mercado Energ\u00e9tico: Encuentro de Negocios B2B, espacio dise\u00f1ado para conectar a empresas proveedoras con compradoras del sector energ\u00e9tico.<\/p>\n<p>&nbsp;<\/p>\n<p>&nbsp;<\/p>\n<p>&nbsp;<\/p>\n<p>La directora de la Agencia Municipal de Energ\u00eda y Cambio Clim\u00e1tico (AMECC), Carla Neudert C\u00f3rdova, inaugur\u00f3 formalmente la jornada organizada por el Cl\u00faster de Energ\u00eda Sonora, la cual tuvo una duraci\u00f3n de tres horas y reuni\u00f3 a 15 empresas compradoras.<\/p>\n<p>&nbsp;<\/p>\n<p>&nbsp;<\/p>\n<p>&nbsp;<\/p>\n<p>\u201cEs un encuentro de negocios lo que se le llama Bussines To Bussines (B2B) esta parte del evento lo organiza prioritariamente el Cl\u00faster de Energ\u00eda entre empresas que asisten al Foro y se espera que aqu\u00ed salgan negocios de empresas locales con visitantes tambi\u00e9n que nos est\u00e1n acompa\u00f1ando\u201d, agreg\u00f3.<\/p>\n<p>&nbsp;<\/p>\n<p>&nbsp;<\/p>\n<p>&nbsp;<\/p>\n<p>Fernando Rodr\u00edguez, director general del Cl\u00faster de Energ\u00eda Sonora, plataforma que cuenta con m\u00e1s de 100 miembros subray\u00f3 la relevancia de este tipo de encuentros para fortalecer la proveedur\u00eda en el sector.<\/p>\n<p>&nbsp;<\/p>\n<p>&nbsp;<\/p>\n<p>&nbsp;<\/p>\n<p>\u201cEs super amplio el tema de proveedur\u00eda energ\u00e9tica pero hablamos desde aquellos que ofrecen material de equipo el\u00e9ctrico, venta e instalaci\u00f3n de paneles solares, consultor\u00eda para eficiencia energ\u00e9tica, programas de reducci\u00f3n de costos de energ\u00eda, combustibles, gas natural, es decir todas las soluciones, tanto electricidad como de hidrocarburos las pueden encontrar aqu\u00ed\u201d, agreg\u00f3.<\/p>\n<p>&nbsp;<\/p>\n<p>&nbsp;<\/p>\n<p>&nbsp;<\/p>\n<p>La jornada cont\u00f3 con la presencia de Oscar Gast\u00e9lum Donnadieu, director general de la Agencia Municipal de Desarrollo Econ\u00f3mico (AMDE), dependencia que brind\u00f3 apoyo en la realizaci\u00f3n de dicho evento.<\/p>\n<p><strong>Fecha de publicaci\u00f3n jueves 16 de octubre de 2025<\/strong><\/p>\n","protected":false},"excerpt":{"rendered":"<p>HERMOSILLO, SONORA, MX. \u2014 Como parte de las actividades del Foro Mundial de Energ\u00eda Solar,&#8230;<\/p>\n","protected":false},"author":1,"featured_media":226390,"comment_status":"open","ping_status":"open","sticky":false,"template":"","format":"standard","meta":{"_monsterinsights_skip_tracking":false,"_monsterinsights_sitenote_active":false,"_monsterinsights_sitenote_note":"","_monsterinsights_sitenote_category":0,"footnotes":""},"categories":[4],"tags":[11928,35],"class_list":["post"],"yoast_head":" \n<title>Sonora en Equipo. Impulsa Gobierno de Hermosillo Mercado Energ\u00e9tico: Encuentro de Negocios B2B Municipios<\/title>\n<meta name=\"description\" content=\"HERMOSILLO, SONORA, MX. \u2014 Como parte de las actividades del Foro Mundial de Energ\u00eda Solar, el Gobierno Municipal que encabeza Antonio Astiazar\u00e1n impuls\u00f3 En Sonora en Equipo publicamos toda la informaci\u00f3n de Sonora, M\u00e9xico y el Mundo de manera oportuna y busca que la libertad de expresi\u00f3n sea real. Visita nuestro medio informativo publicado desde Hermosillo, Sonora. %\" \/>\n<meta name=\"robots\" content=\"index, follow, max-snippet:-1, max-image-preview:large, max-video-preview:-1\" \/>\n<link rel=\"canonical\" href=\"https:\/\/www.sonoraenequipo.com.mx\/impulsa-gobierno-de-hermosillo-mercado-energetico-encuentro-de-negocios-b2b\/\" \/>\n<meta property=\"og:locale\" content=\"es_ES\" \/>\n<meta property=\"og:type\" content=\"article\" \/>\n<meta property=\"og:title\" content=\"Sonora en Equipo. Impulsa Gobierno de Hermosillo Mercado Energ\u00e9tico: Encuentro de Negocios B2B Municipios\" \/>\n<meta property=\"og:description\" content=\"HERMOSILLO, SONORA, MX. \u2014 Como parte de las actividades del Foro Mundial de Energ\u00eda Solar, el Gobierno Municipal que encabeza Antonio Astiazar\u00e1n impuls\u00f3 En Sonora en Equipo publicamos toda la informaci\u00f3n de Sonora, M\u00e9xico y el Mundo de manera oportuna y busca que la libertad de expresi\u00f3n sea real. Visita nuestro medio informativo publicado desde Hermosillo, Sonora. %\" \/>\n<meta property=\"og:url\" content=\"https:\/\/www.sonoraenequipo.com.mx\/impulsa-gobierno-de-hermosillo-mercado-energetico-encuentro-de-negocios-b2b\/\" \/>\n<meta property=\"og:site_name\" content=\"Sonora en Equipo.\" \/>\n<meta property=\"article:publisher\" content=\"https:\/\/www.facebook.com\/SonoraEE\/\" \/>\n<meta property=\"article:author\" content=\"https:\/\/www.facebook.com\/SonoraEE\" \/>\n<meta property=\"article:published_time\" content=\"2025-10-16T18:17:35+00:00\" \/>\n<meta property=\"og:image\" content=\"https:\/\/www.sonoraenequipo.com.mx\/storage\/2025\/10\/hmo-b2b.jpg\" \/>\n\t<meta property=\"og:image:width\" content=\"600\" \/>\n\t<meta property=\"og:image:height\" content=\"400\" \/>\n\t<meta property=\"og:image:type\" content=\"image\/jpeg\" \/>\n<meta name=\"author\" content=\"enequipo\" \/>\n<meta name=\"twitter:card\" content=\"summary_large_image\" \/>\n<meta name=\"twitter:creator\" content=\"@sonoraenequipo\" \/>\n<meta name=\"twitter:site\" content=\"@sonoraenequipo\" \/>\n<meta name=\"twitter:label1\" content=\"Escrito por\" \/>\n\t<meta name=\"twitter:data1\" content=\"enequipo\" \/>\n\t<meta name=\"twitter:label2\" content=\"Tiempo de lectura\" \/>\n\t<meta name=\"twitter:data2\" content=\"2 minutos\" \/>\n<script type=\"application\/ld+json\" class=\"yoast-schema-graph\">{\"@context\":\"https:\/\/schema.org\",\"@graph\":[{\"@type\":\"Article\",\"@id\":\"https:\/\/www.sonoraenequipo.com.mx\/impulsa-gobierno-de-hermosillo-mercado-energetico-encuentro-de-negocios-b2b\/#article\",\"isPartOf\":{\"@id\":\"https:\/\/www.sonoraenequipo.com.mx\/impulsa-gobierno-de-hermosillo-mercado-energetico-encuentro-de-negocios-b2b\/\"},\"author\":{\"name\":\"enequipo\",\"@id\":\"https:\/\/www.sonoraenequipo.com.mx\/#\/schema\/person\/50102df0fb23a8fa9e8effad8fa81386\"},\"headline\":\"Impulsa Gobierno de Hermosillo Mercado Energ\u00e9tico: Encuentro de Negocios B2B\",\"datePublished\":\"2025-10-16T18:17:35+00:00\",\"mainEntityOfPage\":{\"@id\":\"https:\/\/www.sonoraenequipo.com.mx\/impulsa-gobierno-de-hermosillo-mercado-energetico-encuentro-de-negocios-b2b\/\"},\"wordCount\":312,\"commentCount\":0,\"publisher\":{\"@id\":\"https:\/\/www.sonoraenequipo.com.mx\/#organization\"},\"image\":{\"@id\":\"https:\/\/www.sonoraenequipo.com.mx\/impulsa-gobierno-de-hermosillo-mercado-energetico-encuentro-de-negocios-b2b\/#primaryimage\"},\"thumbnailUrl\":\"https:\/\/www.sonoraenequipo.com.mx\/storage\/2025\/10\/hmo-b2b.jpg\",\"keywords\":[\"B2B\",\"hermosillo\"],\"articleSection\":[\"Municipios\"],\"inLanguage\":\"es\",\"potentialAction\":[{\"@type\":\"CommentAction\",\"name\":\"Comment\",\"target\":[\"https:\/\/www.sonoraenequipo.com.mx\/impulsa-gobierno-de-hermosillo-mercado-energetico-encuentro-de-negocios-b2b\/#respond\"]}]},{\"@type\":\"WebPage\",\"@id\":\"https:\/\/www.sonoraenequipo.com.mx\/impulsa-gobierno-de-hermosillo-mercado-energetico-encuentro-de-negocios-b2b\/\",\"url\":\"https:\/\/www.sonoraenequipo.com.mx\/impulsa-gobierno-de-hermosillo-mercado-energetico-encuentro-de-negocios-b2b\/\",\"name\":\"Sonora en Equipo. Impulsa Gobierno de Hermosillo Mercado Energ\u00e9tico: Encuentro de Negocios B2B Municipios\",\"isPartOf\":{\"@id\":\"https:\/\/www.sonoraenequipo.com.mx\/#website\"},\"primaryImageOfPage\":{\"@id\":\"https:\/\/www.sonoraenequipo.com.mx\/impulsa-gobierno-de-hermosillo-mercado-energetico-encuentro-de-negocios-b2b\/#primaryimage\"},\"image\":{\"@id\":\"https:\/\/www.sonoraenequipo.com.mx\/impulsa-gobierno-de-hermosillo-mercado-energetico-encuentro-de-negocios-b2b\/#primaryimage\"},\"thumbnailUrl\":\"https:\/\/www.sonoraenequipo.com.mx\/storage\/2025\/10\/hmo-b2b.jpg\",\"datePublished\":\"2025-10-16T18:17:35+00:00\",\"description\":\"HERMOSILLO, SONORA, MX. \u2014 Como parte de las actividades del Foro Mundial de Energ\u00eda Solar, el Gobierno Municipal que encabeza Antonio Astiazar\u00e1n impuls\u00f3 En Sonora en Equipo publicamos toda la informaci\u00f3n de Sonora, M\u00e9xico y el Mundo de manera oportuna y busca que la libertad de expresi\u00f3n sea real. Visita nuestro medio informativo publicado desde Hermosillo, Sonora. %\",\"breadcrumb\":{\"@id\":\"https:\/\/www.sonoraenequipo.com.mx\/impulsa-gobierno-de-hermosillo-mercado-energetico-encuentro-de-negocios-b2b\/#breadcrumb\"},\"inLanguage\":\"es\",\"potentialAction\":[{\"@type\":\"ReadAction\",\"target\":[\"https:\/\/www.sonoraenequipo.com.mx\/impulsa-gobierno-de-hermosillo-mercado-energetico-encuentro-de-negocios-b2b\/\"]}]},{\"@type\":\"ImageObject\",\"inLanguage\":\"es\",\"@id\":\"https:\/\/www.sonoraenequipo.com.mx\/impulsa-gobierno-de-hermosillo-mercado-energetico-encuentro-de-negocios-b2b\/#primaryimage\",\"url\":\"https:\/\/www.sonoraenequipo.com.mx\/storage\/2025\/10\/hmo-b2b.jpg\",\"contentUrl\":\"https:\/\/www.sonoraenequipo.com.mx\/storage\/2025\/10\/hmo-b2b.jpg\",\"width\":600,\"height\":400},{\"@type\":\"BreadcrumbList\",\"@id\":\"https:\/\/www.sonoraenequipo.com.mx\/impulsa-gobierno-de-hermosillo-mercado-energetico-encuentro-de-negocios-b2b\/#breadcrumb\",\"itemListElement\":[{\"@type\":\"ListItem\",\"position\":1,\"name\":\"Portada\",\"item\":\"https:\/\/www.sonoraenequipo.com.mx\/\"},{\"@type\":\"ListItem\",\"position\":2,\"name\":\"Impulsa Gobierno de Hermosillo Mercado Energ\u00e9tico: Encuentro de Negocios B2B\"}]},{\"@type\":\"WebSite\",\"@id\":\"https:\/\/www.sonoraenequipo.com.mx\/#website\",\"url\":\"https:\/\/www.sonoraenequipo.com.mx\/\",\"name\":\"Sonora en Equipo.\",\"description\":\"Diario en l\u00ednea con Noticias desde Hermosillo, Sonora\",\"publisher\":{\"@id\":\"https:\/\/www.sonoraenequipo.com.mx\/#organization\"},\"potentialAction\":[{\"@type\":\"SearchAction\",\"target\":{\"@type\":\"EntryPoint\",\"urlTemplate\":\"https:\/\/www.sonoraenequipo.com.mx\/?s={search_term_string}\"},\"query-input\":{\"@type\":\"PropertyValueSpecification\",\"valueRequired\":true,\"valueName\":\"search_term_string\"}}],\"inLanguage\":\"es\"},{\"@type\":\"Organization\",\"@id\":\"https:\/\/www.sonoraenequipo.com.mx\/#organization\",\"name\":\"Sonoraenequipo.com.mx\",\"url\":\"https:\/\/www.sonoraenequipo.com.mx\/\",\"logo\":{\"@type\":\"ImageObject\",\"inLanguage\":\"es\",\"@id\":\"https:\/\/www.sonoraenequipo.com.mx\/#\/schema\/logo\/image\/\",\"url\":\"https:\/\/www.sonoraenequipo.com.mx\/storage\/2019\/01\/sonoraenequipo_opt.png\",\"contentUrl\":\"https:\/\/www.sonoraenequipo.com.mx\/storage\/2019\/01\/sonoraenequipo_opt.png\",\"width\":375,\"height\":125,\"caption\":\"Sonoraenequipo.com.mx\"},\"image\":{\"@id\":\"https:\/\/www.sonoraenequipo.com.mx\/#\/schema\/logo\/image\/\"},\"sameAs\":[\"https:\/\/www.facebook.com\/SonoraEE\/\",\"https:\/\/x.com\/sonoraenequipo\",\"https:\/\/www.youtube.com\/channel\/UC338nW-lPEYmJQs4ZABQ1SQ\"]},{\"@type\":\"Person\",\"@id\":\"https:\/\/www.sonoraenequipo.com.mx\/#\/schema\/person\/50102df0fb23a8fa9e8effad8fa81386\",\"name\":\"enequipo\",\"image\":{\"@type\":\"ImageObject\",\"inLanguage\":\"es\",\"@id\":\"https:\/\/www.sonoraenequipo.com.mx\/#\/schema\/person\/image\/\",\"url\":\"https:\/\/secure.gravatar.com\/avatar\/049821681b589dabc0bc20695993ccebb09f5b5d4d790cd9251b97faac7c652b?s=96&d=blank&r=g\",\"contentUrl\":\"https:\/\/secure.gravatar.com\/avatar\/049821681b589dabc0bc20695993ccebb09f5b5d4d790cd9251b97faac7c652b?s=96&d=blank&r=g\",\"caption\":\"enequipo\"},\"sameAs\":[\"https:\/\/www.facebook.com\/SonoraEE\"]}]}<\/script>\n ","yoast_head_json":{"title":"Sonora en Equipo. Impulsa Gobierno de Hermosillo Mercado Energ\u00e9tico: Encuentro de Negocios B2B Municipios","description":"HERMOSILLO, SONORA, MX. \u2014 Como parte de las actividades del Foro Mundial de Energ\u00eda Solar, el Gobierno Municipal que encabeza Antonio Astiazar\u00e1n impuls\u00f3 En Sonora en Equipo publicamos toda la informaci\u00f3n de Sonora, M\u00e9xico y el Mundo de manera oportuna y busca que la libertad de expresi\u00f3n sea real. Visita nuestro medio informativo publicado desde Hermosillo, Sonora. %","robots":{"index":"index","follow":"follow","max-snippet":"max-snippet:-1","max-image-preview":"max-image-preview:large","max-video-preview":"max-video-preview:-1"},"canonical":"https:\/\/www.sonoraenequipo.com.mx\/impulsa-gobierno-de-hermosillo-mercado-energetico-encuentro-de-negocios-b2b\/","og_locale":"es_ES","og_type":"article","og_title":"Sonora en Equipo. Impulsa Gobierno de Hermosillo Mercado Energ\u00e9tico: Encuentro de Negocios B2B Municipios","og_description":"HERMOSILLO, SONORA, MX. \u2014 Como parte de las actividades del Foro Mundial de Energ\u00eda Solar, el Gobierno Municipal que encabeza Antonio Astiazar\u00e1n impuls\u00f3 En Sonora en Equipo publicamos toda la informaci\u00f3n de Sonora, M\u00e9xico y el Mundo de manera oportuna y busca que la libertad de expresi\u00f3n sea real. Visita nuestro medio informativo publicado desde Hermosillo, Sonora. %","og_url":"https:\/\/www.sonoraenequipo.com.mx\/impulsa-gobierno-de-hermosillo-mercado-energetico-encuentro-de-negocios-b2b\/","og_site_name":"Sonora en Equipo.","article_publisher":"https:\/\/www.facebook.com\/SonoraEE\/","article_author":"https:\/\/www.facebook.com\/SonoraEE","article_published_time":"2025-10-16T18:17:35+00:00","og_image":[{"width":600,"height":400,"url":"https:\/\/www.sonoraenequipo.com.mx\/storage\/2025\/10\/hmo-b2b.jpg","type":"image\/jpeg"}],"author":"enequipo","twitter_card":"summary_large_image","twitter_creator":"@sonoraenequipo","twitter_site":"@sonoraenequipo","twitter_misc":{"Escrito por":"enequipo","Tiempo de lectura":"2 minutos"},"schema":{"@context":"https:\/\/schema.org","@graph":[{"@type":"Article","@id":"https:\/\/www.sonoraenequipo.com.mx\/impulsa-gobierno-de-hermosillo-mercado-energetico-encuentro-de-negocios-b2b\/#article","isPartOf":{"@id":"https:\/\/www.sonoraenequipo.com.mx\/impulsa-gobierno-de-hermosillo-mercado-energetico-encuentro-de-negocios-b2b\/"},"author":{"name":"enequipo","@id":"https:\/\/www.sonoraenequipo.com.mx\/#\/schema\/person\/50102df0fb23a8fa9e8effad8fa81386"},"headline":"Impulsa Gobierno de Hermosillo Mercado Energ\u00e9tico: Encuentro de Negocios B2B","datePublished":"2025-10-16T18:17:35+00:00","mainEntityOfPage":{"@id":"https:\/\/www.sonoraenequipo.com.mx\/impulsa-gobierno-de-hermosillo-mercado-energetico-encuentro-de-negocios-b2b\/"},"wordCount":312,"commentCount":0,"publisher":{"@id":"https:\/\/www.sonoraenequipo.com.mx\/#organization"},"image":{"@id":"https:\/\/www.sonoraenequipo.com.mx\/impulsa-gobierno-de-hermosillo-mercado-energetico-encuentro-de-negocios-b2b\/#primaryimage"},"thumbnailUrl":"https:\/\/www.sonoraenequipo.com.mx\/storage\/2025\/10\/hmo-b2b.jpg","keywords":["B2B","hermosillo"],"articleSection":["Municipios"],"inLanguage":"es","potentialAction":[{"@type":"CommentAction","name":"Comment","target":["https:\/\/www.sonoraenequipo.com.mx\/impulsa-gobierno-de-hermosillo-mercado-energetico-encuentro-de-negocios-b2b\/#respond"]}]},{"@type":"WebPage","@id":"https:\/\/www.sonoraenequipo.com.mx\/impulsa-gobierno-de-hermosillo-mercado-energetico-encuentro-de-negocios-b2b\/","url":"https:\/\/www.sonoraenequipo.com.mx\/impulsa-gobierno-de-hermosillo-mercado-energetico-encuentro-de-negocios-b2b\/","name":"Sonora en Equipo. Impulsa Gobierno de Hermosillo Mercado Energ\u00e9tico: Encuentro de Negocios B2B Municipios","isPartOf":{"@id":"https:\/\/www.sonoraenequipo.com.mx\/#website"},"primaryImageOfPage":{"@id":"https:\/\/www.sonoraenequipo.com.mx\/impulsa-gobierno-de-hermosillo-mercado-energetico-encuentro-de-negocios-b2b\/#primaryimage"},"image":{"@id":"https:\/\/www.sonoraenequipo.com.mx\/impulsa-gobierno-de-hermosillo-mercado-energetico-encuentro-de-negocios-b2b\/#primaryimage"},"thumbnailUrl":"https:\/\/www.sonoraenequipo.com.mx\/storage\/2025\/10\/hmo-b2b.jpg","datePublished":"2025-10-16T18:17:35+00:00","description":"HERMOSILLO, SONORA, MX. \u2014 Como parte de las actividades del Foro Mundial de Energ\u00eda Solar, el Gobierno Municipal que encabeza Antonio Astiazar\u00e1n impuls\u00f3 En Sonora en Equipo publicamos toda la informaci\u00f3n de Sonora, M\u00e9xico y el Mundo de manera oportuna y busca que la libertad de expresi\u00f3n sea real. Visita nuestro medio informativo publicado desde Hermosillo, Sonora. %","breadcrumb":{"@id":"https:\/\/www.sonoraenequipo.com.mx\/impulsa-gobierno-de-hermosillo-mercado-energetico-encuentro-de-negocios-b2b\/#breadcrumb"},"inLanguage":"es","potentialAction":[{"@type":"ReadAction","target":["https:\/\/www.sonoraenequipo.com.mx\/impulsa-gobierno-de-hermosillo-mercado-energetico-encuentro-de-negocios-b2b\/"]}]},{"@type":"ImageObject","inLanguage":"es","@id":"https:\/\/www.sonoraenequipo.com.mx\/impulsa-gobierno-de-hermosillo-mercado-energetico-encuentro-de-negocios-b2b\/#primaryimage","url":"https:\/\/www.sonoraenequipo.com.mx\/storage\/2025\/10\/hmo-b2b.jpg","contentUrl":"https:\/\/www.sonoraenequipo.com.mx\/storage\/2025\/10\/hmo-b2b.jpg","width":600,"height":400},{"@type":"BreadcrumbList","@id":"https:\/\/www.sonoraenequipo.com.mx\/impulsa-gobierno-de-hermosillo-mercado-energetico-encuentro-de-negocios-b2b\/#breadcrumb","itemListElement":[{"@type":"ListItem","position":1,"name":"Portada","item":"https:\/\/www.sonoraenequipo.com.mx\/"},{"@type":"ListItem","position":2,"name":"Impulsa Gobierno de Hermosillo Mercado Energ\u00e9tico: Encuentro de Negocios B2B"}]},{"@type":"WebSite","@id":"https:\/\/www.sonoraenequipo.com.mx\/#website","url":"https:\/\/www.sonoraenequipo.com.mx\/","name":"Sonora en Equipo.","description":"Diario en l\u00ednea con Noticias desde Hermosillo, Sonora","publisher":{"@id":"https:\/\/www.sonoraenequipo.com.mx\/#organization"},"potentialAction":[{"@type":"SearchAction","target":{"@type":"EntryPoint","urlTemplate":"https:\/\/www.sonoraenequipo.com.mx\/?s={search_term_string}"},"query-input":{"@type":"PropertyValueSpecification","valueRequired":true,"valueName":"search_term_string"}}],"inLanguage":"es"},{"@type":"Organization","@id":"https:\/\/www.sonoraenequipo.com.mx\/#organization","name":"Sonoraenequipo.com.mx","url":"https:\/\/www.sonoraenequipo.com.mx\/","logo":{"@type":"ImageObject","inLanguage":"es","@id":"https:\/\/www.sonoraenequipo.com.mx\/#\/schema\/logo\/image\/","url":"https:\/\/www.sonoraenequipo.com.mx\/storage\/2019\/01\/sonoraenequipo_opt.png","contentUrl":"https:\/\/www.sonoraenequipo.com.mx\/storage\/2019\/01\/sonoraenequipo_opt.png","width":375,"height":125,"caption":"Sonoraenequipo.com.mx"},"image":{"@id":"https:\/\/www.sonoraenequipo.com.mx\/#\/schema\/logo\/image\/"},"sameAs":["https:\/\/www.facebook.com\/SonoraEE\/","https:\/\/x.com\/sonoraenequipo","https:\/\/www.youtube.com\/channel\/UC338nW-lPEYmJQs4ZABQ1SQ"]},{"@type":"Person","@id":"https:\/\/www.sonoraenequipo.com.mx\/#\/schema\/person\/50102df0fb23a8fa9e8effad8fa81386","name":"enequipo","image":{"@type":"ImageObject","inLanguage":"es","@id":"https:\/\/www.sonoraenequipo.com.mx\/#\/schema\/person\/image\/","url":"https:\/\/secure.gravatar.com\/avatar\/049821681b589dabc0bc20695993ccebb09f5b5d4d790cd9251b97faac7c652b?s=96&d=blank&r=g","contentUrl":"https:\/\/secure.gravatar.com\/avatar\/049821681b589dabc0bc20695993ccebb09f5b5d4d790cd9251b97faac7c652b?s=96&d=blank&r=g","caption":"enequipo"},"sameAs":["https:\/\/www.facebook.com\/SonoraEE"]}]}},"jetpack_featured_media_url":"https:\/\/www.sonoraenequipo.com.mx\/storage\/2025\/10\/hmo-b2b.jpg","_links":{"self":[{"href":"https:\/\/www.sonoraenequipo.com.mx\/api\/wp\/v2\/posts\/226389","targetHints":{"allow":["GET"]}}],"collection":[{"href":"https:\/\/www.sonoraenequipo.com.mx\/api\/wp\/v2\/posts"}],"about":[{"href":"https:\/\/www.sonoraenequipo.com.mx\/api\/wp\/v2\/types\/post"}],"author":[{"embeddable":true,"href":"https:\/\/www.sonoraenequipo.com.mx\/api\/wp\/v2\/users\/1"}],"replies":[{"embeddable":true,"href":"https:\/\/www.sonoraenequipo.com.mx\/api\/wp\/v2\/comments?post=226389"}],"version-history":[{"count":1,"href":"https:\/\/www.sonoraenequipo.com.mx\/api\/wp\/v2\/posts\/226389\/revisions"}],"predecessor-version":[{"id":226391,"href":"https:\/\/www.sonoraenequipo.com.mx\/api\/wp\/v2\/posts\/226389\/revisions\/226391"}],"wp:featuredmedia":[{"embeddable":true,"href":"https:\/\/www.sonoraenequipo.com.mx\/api\/wp\/v2\/media\/226390"}],"wp:attachment":[{"href":"https:\/\/www.sonoraenequipo.com.mx\/api\/wp\/v2\/media?parent=226389"}],"wp:term":[{"taxonomy":"category","embeddable":true,"href":"https:\/\/www.sonoraenequipo.com.mx\/api\/wp\/v2\/categories?post=226389"},{"taxonomy":"post_tag","embeddable":true,"href":"https:\/\/www.sonoraenequipo.com.mx\/api\/wp\/v2\/tags?post=226389"}],"curies":[{"name":"wp","href":"https:\/\/api.w.org\/{rel}","templated":true}]}}