{"id":226466,"date":"2025-10-16T12:28:44","date_gmt":"2025-10-16T19:28:44","guid":{"rendered":"https:\/\/www.sonoraenequipo.com.mx\/?p=226466"},"modified":"2025-10-16T18:42:32","modified_gmt":"2025-10-17T01:42:32","slug":"no-hay-nada-de-que-preocuparse-gobierno-de-mexico-aclara-dudas-por-nueva-ley-de-amparo","status":"publish","type":"post","link":"https:\/\/www.sonoraenequipo.com.mx\/no-hay-nada-de-que-preocuparse-gobierno-de-mexico-aclara-dudas-por-nueva-ley-de-amparo\/","title":{"rendered":"\u201cNo Hay Nada de qu\u00e9 Preocuparse\u201d, Gobierno de M\u00e9xico Aclara Dudas por Nueva Ley de Amparo"},"content":{"rendered":"<p><strong>CIUDAD DE M\u00c9XICO. MX. \u2014<\/strong> Desde Palacio Nacional, el coordinador general de Pol\u00edtica y Gobierno, Arturo Zald\u00edvar, abord\u00f3 puntos de la reforma a la Ley de Amparo hoy, 16 de octubre de 2025, en la conferencia matutina de la presidenta Claudia Sheinbaum Pardo.<\/p>\n<p>&nbsp;<\/p>\n<p>&nbsp;<\/p>\n<p>&nbsp;<\/p>\n<p> <\/p>\n<p>Explic\u00f3 que en la reforma a la Ley de Amparo no hay retroactividad y aclar\u00f3 ciertos puntos debido a que consider\u00f3 que hay desinformaci\u00f3n.<\/p>\n<p>&nbsp;<\/p>\n<p>&nbsp;<\/p>\n<p>Estamos inmersos en una campa\u00f1a de desinformaci\u00f3n, en la que se busca hacer creer que las reformas a la ley de amparo recientemente aprobadas son recesivas.<\/p>\n<p>&nbsp;<\/p>\n<p>&nbsp;<\/p>\n<p>Cabe se\u00f1alar que el Senado de la Rep\u00fablica aprob\u00f3 la minuta enviada por la C\u00e1mara de Diputados con 81 votos a favor y 31 en contra, consider\u00e1ndola de urgente. La reforma fue discutida y votada en lo general y en lo particular el pasado mi\u00e9rcoles 15 de octubre de 2025 por la tarde.<\/p>\n<p>&nbsp;<\/p>\n<p>&nbsp;<\/p>\n<p>Previamente, la C\u00e1mara de Diputados aval\u00f3 el proyecto con 322 votos a favor, 128 en contra y 3 abstenciones, tras un largo debate. La iniciativa fue presentada por la presidenta Sheinbaum Pardo.<\/p>\n<p>&nbsp;<\/p>\n<p>&nbsp;<\/p>\n<h3>\u00bfQu\u00e9 plantea la reforma a la Ley de Amparo?<\/h3>\n<p>&nbsp;<\/p>\n<p>El exministro Arturo Zald\u00edvar aclar\u00f3 en qu\u00e9 consiste la nueva reforma a la Ley de Amparo y resalt\u00f3 los siguientes puntos:<\/p>\n<p>&nbsp;<\/p>\n<p>&nbsp;<\/p>\n<p><strong>Evitar la duplicidad de juicios, para reducir la carga procesal en los tribunales.<\/strong><\/p>\n<p><strong>Proteger de manera m\u00e1s eficaz los derechos humanos.<\/strong><\/p>\n<p>&nbsp;<\/p>\n<p><strong>Promover la digitalizaci\u00f3n judicial.<\/strong><\/p>\n<p><strong>Reducir la burocracia y los tiempos de resoluci\u00f3n, agilizando los procedimientos.<\/strong><\/p>\n<p><strong>Descartan retroactividad en la nueva reforma a la Ley de Amparo<\/strong><\/p>\n<p>&nbsp;<\/p>\n<p>&nbsp;<\/p>\n<p>El Gobierno Federal detall\u00f3 que en material procesal no hay retroactividad y que todas las etapas en los juicios de amparo que est\u00e1n en tr\u00e1mite, las que terminaron y haya una resoluci\u00f3n no \u00abse pueden tocar\u00bb.<\/p>\n<p>&nbsp;<\/p>\n<p>&nbsp;<\/p>\n<p>Por su parte, la titular del Ejecutivo Federal resalt\u00f3 que no hay suspensi\u00f3n provisional cuando la Corte haya tomado una decisi\u00f3n en temas de lavado de dinero, de deudores alimentarios y del fisco, sin embargo, tienen derecho a los procesos: \u00abS\u00ed tienen acceso despu\u00e9s siempre que depositen el recurso de garant\u00eda que deben\u00bb.<\/p>\n<p>&nbsp;<\/p>\n<p>&nbsp;<\/p>\n<p>PUBLICADO EL 16 DE OCTUBRE DE 2025 Con informaci\u00f3n de N+)<\/p>\n","protected":false},"excerpt":{"rendered":"<p>CIUDAD DE M\u00c9XICO. MX. \u2014 Desde Palacio Nacional, el coordinador general de Pol\u00edtica y Gobierno,&#8230;<\/p>\n","protected":false},"author":1,"featured_media":226418,"comment_status":"open","ping_status":"open","sticky":false,"template":"","format":"standard","meta":{"_monsterinsights_skip_tracking":false,"_monsterinsights_sitenote_active":false,"_monsterinsights_sitenote_note":"","_monsterinsights_sitenote_category":0,"footnotes":""},"categories":[5],"tags":[],"class_list":["post"],"yoast_head":" \n<title>Sonora en Equipo. \u201cNo Hay Nada de qu\u00e9 Preocuparse\u201d, Gobierno de M\u00e9xico Aclara Dudas por Nueva Ley de Amparo Rep\u00fablica<\/title>\n<meta name=\"description\" content=\"CIUDAD DE M\u00c9XICO. MX. \u2014 Desde Palacio Nacional, el coordinador general de Pol\u00edtica y Gobierno, Arturo Zald\u00edvar, abord\u00f3 puntos de la reforma a la Ley de En Sonora en Equipo publicamos toda la informaci\u00f3n de Sonora, M\u00e9xico y el Mundo de manera oportuna y busca que la libertad de expresi\u00f3n sea real. Visita nuestro medio informativo publicado desde Hermosillo, Sonora. %\" \/>\n<meta name=\"robots\" content=\"index, follow, max-snippet:-1, max-image-preview:large, max-video-preview:-1\" \/>\n<link rel=\"canonical\" href=\"https:\/\/www.sonoraenequipo.com.mx\/no-hay-nada-de-que-preocuparse-gobierno-de-mexico-aclara-dudas-por-nueva-ley-de-amparo\/\" \/>\n<meta property=\"og:locale\" content=\"es_ES\" \/>\n<meta property=\"og:type\" content=\"article\" \/>\n<meta property=\"og:title\" content=\"Sonora en Equipo. \u201cNo Hay Nada de qu\u00e9 Preocuparse\u201d, Gobierno de M\u00e9xico Aclara Dudas por Nueva Ley de Amparo Rep\u00fablica\" \/>\n<meta property=\"og:description\" content=\"CIUDAD DE M\u00c9XICO. MX. \u2014 Desde Palacio Nacional, el coordinador general de Pol\u00edtica y Gobierno, Arturo Zald\u00edvar, abord\u00f3 puntos de la reforma a la Ley de En Sonora en Equipo publicamos toda la informaci\u00f3n de Sonora, M\u00e9xico y el Mundo de manera oportuna y busca que la libertad de expresi\u00f3n sea real. Visita nuestro medio informativo publicado desde Hermosillo, Sonora. %\" \/>\n<meta property=\"og:url\" content=\"https:\/\/www.sonoraenequipo.com.mx\/no-hay-nada-de-que-preocuparse-gobierno-de-mexico-aclara-dudas-por-nueva-ley-de-amparo\/\" \/>\n<meta property=\"og:site_name\" content=\"Sonora en Equipo.\" \/>\n<meta property=\"article:publisher\" content=\"https:\/\/www.facebook.com\/SonoraEE\/\" \/>\n<meta property=\"article:author\" content=\"https:\/\/www.facebook.com\/SonoraEE\" \/>\n<meta property=\"article:published_time\" content=\"2025-10-16T19:28:44+00:00\" \/>\n<meta property=\"article:modified_time\" content=\"2025-10-17T01:42:32+00:00\" \/>\n<meta property=\"og:image\" content=\"https:\/\/www.sonoraenequipo.com.mx\/storage\/2025\/10\/zaldivar-explica-nueva-reforma-ley-amparo-maB1anera-hoy-min-1.jpg\" \/>\n\t<meta property=\"og:image:width\" content=\"1024\" \/>\n\t<meta property=\"og:image:height\" content=\"575\" \/>\n\t<meta property=\"og:image:type\" content=\"image\/jpeg\" \/>\n<meta name=\"author\" content=\"enequipo\" \/>\n<meta name=\"twitter:card\" content=\"summary_large_image\" \/>\n<meta name=\"twitter:creator\" content=\"@sonoraenequipo\" \/>\n<meta name=\"twitter:site\" content=\"@sonoraenequipo\" \/>\n<meta name=\"twitter:label1\" content=\"Escrito por\" \/>\n\t<meta name=\"twitter:data1\" content=\"enequipo\" \/>\n\t<meta name=\"twitter:label2\" content=\"Tiempo de lectura\" \/>\n\t<meta name=\"twitter:data2\" content=\"2 minutos\" \/>\n<script type=\"application\/ld+json\" class=\"yoast-schema-graph\">{\"@context\":\"https:\/\/schema.org\",\"@graph\":[{\"@type\":\"Article\",\"@id\":\"https:\/\/www.sonoraenequipo.com.mx\/no-hay-nada-de-que-preocuparse-gobierno-de-mexico-aclara-dudas-por-nueva-ley-de-amparo\/#article\",\"isPartOf\":{\"@id\":\"https:\/\/www.sonoraenequipo.com.mx\/no-hay-nada-de-que-preocuparse-gobierno-de-mexico-aclara-dudas-por-nueva-ley-de-amparo\/\"},\"author\":{\"name\":\"enequipo\",\"@id\":\"https:\/\/www.sonoraenequipo.com.mx\/#\/schema\/person\/50102df0fb23a8fa9e8effad8fa81386\"},\"headline\":\"\u201cNo Hay Nada de qu\u00e9 Preocuparse\u201d, Gobierno de M\u00e9xico Aclara Dudas por Nueva Ley de Amparo\",\"datePublished\":\"2025-10-16T19:28:44+00:00\",\"dateModified\":\"2025-10-17T01:42:32+00:00\",\"mainEntityOfPage\":{\"@id\":\"https:\/\/www.sonoraenequipo.com.mx\/no-hay-nada-de-que-preocuparse-gobierno-de-mexico-aclara-dudas-por-nueva-ley-de-amparo\/\"},\"wordCount\":405,\"commentCount\":0,\"publisher\":{\"@id\":\"https:\/\/www.sonoraenequipo.com.mx\/#organization\"},\"image\":{\"@id\":\"https:\/\/www.sonoraenequipo.com.mx\/no-hay-nada-de-que-preocuparse-gobierno-de-mexico-aclara-dudas-por-nueva-ley-de-amparo\/#primaryimage\"},\"thumbnailUrl\":\"https:\/\/www.sonoraenequipo.com.mx\/storage\/2025\/10\/zaldivar-explica-nueva-reforma-ley-amparo-maB1anera-hoy-min-1.jpg\",\"articleSection\":[\"Rep\u00fablica\"],\"inLanguage\":\"es\",\"potentialAction\":[{\"@type\":\"CommentAction\",\"name\":\"Comment\",\"target\":[\"https:\/\/www.sonoraenequipo.com.mx\/no-hay-nada-de-que-preocuparse-gobierno-de-mexico-aclara-dudas-por-nueva-ley-de-amparo\/#respond\"]}]},{\"@type\":\"WebPage\",\"@id\":\"https:\/\/www.sonoraenequipo.com.mx\/no-hay-nada-de-que-preocuparse-gobierno-de-mexico-aclara-dudas-por-nueva-ley-de-amparo\/\",\"url\":\"https:\/\/www.sonoraenequipo.com.mx\/no-hay-nada-de-que-preocuparse-gobierno-de-mexico-aclara-dudas-por-nueva-ley-de-amparo\/\",\"name\":\"Sonora en Equipo. \u201cNo Hay Nada de qu\u00e9 Preocuparse\u201d, Gobierno de M\u00e9xico Aclara Dudas por Nueva Ley de Amparo Rep\u00fablica\",\"isPartOf\":{\"@id\":\"https:\/\/www.sonoraenequipo.com.mx\/#website\"},\"primaryImageOfPage\":{\"@id\":\"https:\/\/www.sonoraenequipo.com.mx\/no-hay-nada-de-que-preocuparse-gobierno-de-mexico-aclara-dudas-por-nueva-ley-de-amparo\/#primaryimage\"},\"image\":{\"@id\":\"https:\/\/www.sonoraenequipo.com.mx\/no-hay-nada-de-que-preocuparse-gobierno-de-mexico-aclara-dudas-por-nueva-ley-de-amparo\/#primaryimage\"},\"thumbnailUrl\":\"https:\/\/www.sonoraenequipo.com.mx\/storage\/2025\/10\/zaldivar-explica-nueva-reforma-ley-amparo-maB1anera-hoy-min-1.jpg\",\"datePublished\":\"2025-10-16T19:28:44+00:00\",\"dateModified\":\"2025-10-17T01:42:32+00:00\",\"description\":\"CIUDAD DE M\u00c9XICO. MX. \u2014 Desde Palacio Nacional, el coordinador general de Pol\u00edtica y Gobierno, Arturo Zald\u00edvar, abord\u00f3 puntos de la reforma a la Ley de En Sonora en Equipo publicamos toda la informaci\u00f3n de Sonora, M\u00e9xico y el Mundo de manera oportuna y busca que la libertad de expresi\u00f3n sea real. Visita nuestro medio informativo publicado desde Hermosillo, Sonora. %\",\"breadcrumb\":{\"@id\":\"https:\/\/www.sonoraenequipo.com.mx\/no-hay-nada-de-que-preocuparse-gobierno-de-mexico-aclara-dudas-por-nueva-ley-de-amparo\/#breadcrumb\"},\"inLanguage\":\"es\",\"potentialAction\":[{\"@type\":\"ReadAction\",\"target\":[\"https:\/\/www.sonoraenequipo.com.mx\/no-hay-nada-de-que-preocuparse-gobierno-de-mexico-aclara-dudas-por-nueva-ley-de-amparo\/\"]}]},{\"@type\":\"ImageObject\",\"inLanguage\":\"es\",\"@id\":\"https:\/\/www.sonoraenequipo.com.mx\/no-hay-nada-de-que-preocuparse-gobierno-de-mexico-aclara-dudas-por-nueva-ley-de-amparo\/#primaryimage\",\"url\":\"https:\/\/www.sonoraenequipo.com.mx\/storage\/2025\/10\/zaldivar-explica-nueva-reforma-ley-amparo-maB1anera-hoy-min-1.jpg\",\"contentUrl\":\"https:\/\/www.sonoraenequipo.com.mx\/storage\/2025\/10\/zaldivar-explica-nueva-reforma-ley-amparo-maB1anera-hoy-min-1.jpg\",\"width\":1024,\"height\":575},{\"@type\":\"BreadcrumbList\",\"@id\":\"https:\/\/www.sonoraenequipo.com.mx\/no-hay-nada-de-que-preocuparse-gobierno-de-mexico-aclara-dudas-por-nueva-ley-de-amparo\/#breadcrumb\",\"itemListElement\":[{\"@type\":\"ListItem\",\"position\":1,\"name\":\"Portada\",\"item\":\"https:\/\/www.sonoraenequipo.com.mx\/\"},{\"@type\":\"ListItem\",\"position\":2,\"name\":\"\u201cNo Hay Nada de qu\u00e9 Preocuparse\u201d, Gobierno de M\u00e9xico Aclara Dudas por Nueva Ley de Amparo\"}]},{\"@type\":\"WebSite\",\"@id\":\"https:\/\/www.sonoraenequipo.com.mx\/#website\",\"url\":\"https:\/\/www.sonoraenequipo.com.mx\/\",\"name\":\"Sonora en Equipo.\",\"description\":\"Diario en l\u00ednea con Noticias desde Hermosillo, Sonora\",\"publisher\":{\"@id\":\"https:\/\/www.sonoraenequipo.com.mx\/#organization\"},\"potentialAction\":[{\"@type\":\"SearchAction\",\"target\":{\"@type\":\"EntryPoint\",\"urlTemplate\":\"https:\/\/www.sonoraenequipo.com.mx\/?s={search_term_string}\"},\"query-input\":{\"@type\":\"PropertyValueSpecification\",\"valueRequired\":true,\"valueName\":\"search_term_string\"}}],\"inLanguage\":\"es\"},{\"@type\":\"Organization\",\"@id\":\"https:\/\/www.sonoraenequipo.com.mx\/#organization\",\"name\":\"Sonoraenequipo.com.mx\",\"url\":\"https:\/\/www.sonoraenequipo.com.mx\/\",\"logo\":{\"@type\":\"ImageObject\",\"inLanguage\":\"es\",\"@id\":\"https:\/\/www.sonoraenequipo.com.mx\/#\/schema\/logo\/image\/\",\"url\":\"https:\/\/www.sonoraenequipo.com.mx\/storage\/2019\/01\/sonoraenequipo_opt.png\",\"contentUrl\":\"https:\/\/www.sonoraenequipo.com.mx\/storage\/2019\/01\/sonoraenequipo_opt.png\",\"width\":375,\"height\":125,\"caption\":\"Sonoraenequipo.com.mx\"},\"image\":{\"@id\":\"https:\/\/www.sonoraenequipo.com.mx\/#\/schema\/logo\/image\/\"},\"sameAs\":[\"https:\/\/www.facebook.com\/SonoraEE\/\",\"https:\/\/x.com\/sonoraenequipo\",\"https:\/\/www.youtube.com\/channel\/UC338nW-lPEYmJQs4ZABQ1SQ\"]},{\"@type\":\"Person\",\"@id\":\"https:\/\/www.sonoraenequipo.com.mx\/#\/schema\/person\/50102df0fb23a8fa9e8effad8fa81386\",\"name\":\"enequipo\",\"image\":{\"@type\":\"ImageObject\",\"inLanguage\":\"es\",\"@id\":\"https:\/\/www.sonoraenequipo.com.mx\/#\/schema\/person\/image\/\",\"url\":\"https:\/\/secure.gravatar.com\/avatar\/049821681b589dabc0bc20695993ccebb09f5b5d4d790cd9251b97faac7c652b?s=96&d=blank&r=g\",\"contentUrl\":\"https:\/\/secure.gravatar.com\/avatar\/049821681b589dabc0bc20695993ccebb09f5b5d4d790cd9251b97faac7c652b?s=96&d=blank&r=g\",\"caption\":\"enequipo\"},\"sameAs\":[\"https:\/\/www.facebook.com\/SonoraEE\"]}]}<\/script>\n ","yoast_head_json":{"title":"Sonora en Equipo. \u201cNo Hay Nada de qu\u00e9 Preocuparse\u201d, Gobierno de M\u00e9xico Aclara Dudas por Nueva Ley de Amparo Rep\u00fablica","description":"CIUDAD DE M\u00c9XICO. MX. \u2014 Desde Palacio Nacional, el coordinador general de Pol\u00edtica y Gobierno, Arturo Zald\u00edvar, abord\u00f3 puntos de la reforma a la Ley de En Sonora en Equipo publicamos toda la informaci\u00f3n de Sonora, M\u00e9xico y el Mundo de manera oportuna y busca que la libertad de expresi\u00f3n sea real. Visita nuestro medio informativo publicado desde Hermosillo, Sonora. %","robots":{"index":"index","follow":"follow","max-snippet":"max-snippet:-1","max-image-preview":"max-image-preview:large","max-video-preview":"max-video-preview:-1"},"canonical":"https:\/\/www.sonoraenequipo.com.mx\/no-hay-nada-de-que-preocuparse-gobierno-de-mexico-aclara-dudas-por-nueva-ley-de-amparo\/","og_locale":"es_ES","og_type":"article","og_title":"Sonora en Equipo. \u201cNo Hay Nada de qu\u00e9 Preocuparse\u201d, Gobierno de M\u00e9xico Aclara Dudas por Nueva Ley de Amparo Rep\u00fablica","og_description":"CIUDAD DE M\u00c9XICO. MX. \u2014 Desde Palacio Nacional, el coordinador general de Pol\u00edtica y Gobierno, Arturo Zald\u00edvar, abord\u00f3 puntos de la reforma a la Ley de En Sonora en Equipo publicamos toda la informaci\u00f3n de Sonora, M\u00e9xico y el Mundo de manera oportuna y busca que la libertad de expresi\u00f3n sea real. Visita nuestro medio informativo publicado desde Hermosillo, Sonora. %","og_url":"https:\/\/www.sonoraenequipo.com.mx\/no-hay-nada-de-que-preocuparse-gobierno-de-mexico-aclara-dudas-por-nueva-ley-de-amparo\/","og_site_name":"Sonora en Equipo.","article_publisher":"https:\/\/www.facebook.com\/SonoraEE\/","article_author":"https:\/\/www.facebook.com\/SonoraEE","article_published_time":"2025-10-16T19:28:44+00:00","article_modified_time":"2025-10-17T01:42:32+00:00","og_image":[{"width":1024,"height":575,"url":"https:\/\/www.sonoraenequipo.com.mx\/storage\/2025\/10\/zaldivar-explica-nueva-reforma-ley-amparo-maB1anera-hoy-min-1.jpg","type":"image\/jpeg"}],"author":"enequipo","twitter_card":"summary_large_image","twitter_creator":"@sonoraenequipo","twitter_site":"@sonoraenequipo","twitter_misc":{"Escrito por":"enequipo","Tiempo de lectura":"2 minutos"},"schema":{"@context":"https:\/\/schema.org","@graph":[{"@type":"Article","@id":"https:\/\/www.sonoraenequipo.com.mx\/no-hay-nada-de-que-preocuparse-gobierno-de-mexico-aclara-dudas-por-nueva-ley-de-amparo\/#article","isPartOf":{"@id":"https:\/\/www.sonoraenequipo.com.mx\/no-hay-nada-de-que-preocuparse-gobierno-de-mexico-aclara-dudas-por-nueva-ley-de-amparo\/"},"author":{"name":"enequipo","@id":"https:\/\/www.sonoraenequipo.com.mx\/#\/schema\/person\/50102df0fb23a8fa9e8effad8fa81386"},"headline":"\u201cNo Hay Nada de qu\u00e9 Preocuparse\u201d, Gobierno de M\u00e9xico Aclara Dudas por Nueva Ley de Amparo","datePublished":"2025-10-16T19:28:44+00:00","dateModified":"2025-10-17T01:42:32+00:00","mainEntityOfPage":{"@id":"https:\/\/www.sonoraenequipo.com.mx\/no-hay-nada-de-que-preocuparse-gobierno-de-mexico-aclara-dudas-por-nueva-ley-de-amparo\/"},"wordCount":405,"commentCount":0,"publisher":{"@id":"https:\/\/www.sonoraenequipo.com.mx\/#organization"},"image":{"@id":"https:\/\/www.sonoraenequipo.com.mx\/no-hay-nada-de-que-preocuparse-gobierno-de-mexico-aclara-dudas-por-nueva-ley-de-amparo\/#primaryimage"},"thumbnailUrl":"https:\/\/www.sonoraenequipo.com.mx\/storage\/2025\/10\/zaldivar-explica-nueva-reforma-ley-amparo-maB1anera-hoy-min-1.jpg","articleSection":["Rep\u00fablica"],"inLanguage":"es","potentialAction":[{"@type":"CommentAction","name":"Comment","target":["https:\/\/www.sonoraenequipo.com.mx\/no-hay-nada-de-que-preocuparse-gobierno-de-mexico-aclara-dudas-por-nueva-ley-de-amparo\/#respond"]}]},{"@type":"WebPage","@id":"https:\/\/www.sonoraenequipo.com.mx\/no-hay-nada-de-que-preocuparse-gobierno-de-mexico-aclara-dudas-por-nueva-ley-de-amparo\/","url":"https:\/\/www.sonoraenequipo.com.mx\/no-hay-nada-de-que-preocuparse-gobierno-de-mexico-aclara-dudas-por-nueva-ley-de-amparo\/","name":"Sonora en Equipo. \u201cNo Hay Nada de qu\u00e9 Preocuparse\u201d, Gobierno de M\u00e9xico Aclara Dudas por Nueva Ley de Amparo Rep\u00fablica","isPartOf":{"@id":"https:\/\/www.sonoraenequipo.com.mx\/#website"},"primaryImageOfPage":{"@id":"https:\/\/www.sonoraenequipo.com.mx\/no-hay-nada-de-que-preocuparse-gobierno-de-mexico-aclara-dudas-por-nueva-ley-de-amparo\/#primaryimage"},"image":{"@id":"https:\/\/www.sonoraenequipo.com.mx\/no-hay-nada-de-que-preocuparse-gobierno-de-mexico-aclara-dudas-por-nueva-ley-de-amparo\/#primaryimage"},"thumbnailUrl":"https:\/\/www.sonoraenequipo.com.mx\/storage\/2025\/10\/zaldivar-explica-nueva-reforma-ley-amparo-maB1anera-hoy-min-1.jpg","datePublished":"2025-10-16T19:28:44+00:00","dateModified":"2025-10-17T01:42:32+00:00","description":"CIUDAD DE M\u00c9XICO. MX. \u2014 Desde Palacio Nacional, el coordinador general de Pol\u00edtica y Gobierno, Arturo Zald\u00edvar, abord\u00f3 puntos de la reforma a la Ley de En Sonora en Equipo publicamos toda la informaci\u00f3n de Sonora, M\u00e9xico y el Mundo de manera oportuna y busca que la libertad de expresi\u00f3n sea real. Visita nuestro medio informativo publicado desde Hermosillo, Sonora. %","breadcrumb":{"@id":"https:\/\/www.sonoraenequipo.com.mx\/no-hay-nada-de-que-preocuparse-gobierno-de-mexico-aclara-dudas-por-nueva-ley-de-amparo\/#breadcrumb"},"inLanguage":"es","potentialAction":[{"@type":"ReadAction","target":["https:\/\/www.sonoraenequipo.com.mx\/no-hay-nada-de-que-preocuparse-gobierno-de-mexico-aclara-dudas-por-nueva-ley-de-amparo\/"]}]},{"@type":"ImageObject","inLanguage":"es","@id":"https:\/\/www.sonoraenequipo.com.mx\/no-hay-nada-de-que-preocuparse-gobierno-de-mexico-aclara-dudas-por-nueva-ley-de-amparo\/#primaryimage","url":"https:\/\/www.sonoraenequipo.com.mx\/storage\/2025\/10\/zaldivar-explica-nueva-reforma-ley-amparo-maB1anera-hoy-min-1.jpg","contentUrl":"https:\/\/www.sonoraenequipo.com.mx\/storage\/2025\/10\/zaldivar-explica-nueva-reforma-ley-amparo-maB1anera-hoy-min-1.jpg","width":1024,"height":575},{"@type":"BreadcrumbList","@id":"https:\/\/www.sonoraenequipo.com.mx\/no-hay-nada-de-que-preocuparse-gobierno-de-mexico-aclara-dudas-por-nueva-ley-de-amparo\/#breadcrumb","itemListElement":[{"@type":"ListItem","position":1,"name":"Portada","item":"https:\/\/www.sonoraenequipo.com.mx\/"},{"@type":"ListItem","position":2,"name":"\u201cNo Hay Nada de qu\u00e9 Preocuparse\u201d, Gobierno de M\u00e9xico Aclara Dudas por Nueva Ley de Amparo"}]},{"@type":"WebSite","@id":"https:\/\/www.sonoraenequipo.com.mx\/#website","url":"https:\/\/www.sonoraenequipo.com.mx\/","name":"Sonora en Equipo.","description":"Diario en l\u00ednea con Noticias desde Hermosillo, Sonora","publisher":{"@id":"https:\/\/www.sonoraenequipo.com.mx\/#organization"},"potentialAction":[{"@type":"SearchAction","target":{"@type":"EntryPoint","urlTemplate":"https:\/\/www.sonoraenequipo.com.mx\/?s={search_term_string}"},"query-input":{"@type":"PropertyValueSpecification","valueRequired":true,"valueName":"search_term_string"}}],"inLanguage":"es"},{"@type":"Organization","@id":"https:\/\/www.sonoraenequipo.com.mx\/#organization","name":"Sonoraenequipo.com.mx","url":"https:\/\/www.sonoraenequipo.com.mx\/","logo":{"@type":"ImageObject","inLanguage":"es","@id":"https:\/\/www.sonoraenequipo.com.mx\/#\/schema\/logo\/image\/","url":"https:\/\/www.sonoraenequipo.com.mx\/storage\/2019\/01\/sonoraenequipo_opt.png","contentUrl":"https:\/\/www.sonoraenequipo.com.mx\/storage\/2019\/01\/sonoraenequipo_opt.png","width":375,"height":125,"caption":"Sonoraenequipo.com.mx"},"image":{"@id":"https:\/\/www.sonoraenequipo.com.mx\/#\/schema\/logo\/image\/"},"sameAs":["https:\/\/www.facebook.com\/SonoraEE\/","https:\/\/x.com\/sonoraenequipo","https:\/\/www.youtube.com\/channel\/UC338nW-lPEYmJQs4ZABQ1SQ"]},{"@type":"Person","@id":"https:\/\/www.sonoraenequipo.com.mx\/#\/schema\/person\/50102df0fb23a8fa9e8effad8fa81386","name":"enequipo","image":{"@type":"ImageObject","inLanguage":"es","@id":"https:\/\/www.sonoraenequipo.com.mx\/#\/schema\/person\/image\/","url":"https:\/\/secure.gravatar.com\/avatar\/049821681b589dabc0bc20695993ccebb09f5b5d4d790cd9251b97faac7c652b?s=96&d=blank&r=g","contentUrl":"https:\/\/secure.gravatar.com\/avatar\/049821681b589dabc0bc20695993ccebb09f5b5d4d790cd9251b97faac7c652b?s=96&d=blank&r=g","caption":"enequipo"},"sameAs":["https:\/\/www.facebook.com\/SonoraEE"]}]}},"jetpack_featured_media_url":"https:\/\/www.sonoraenequipo.com.mx\/storage\/2025\/10\/zaldivar-explica-nueva-reforma-ley-amparo-maB1anera-hoy-min-1.jpg","_links":{"self":[{"href":"https:\/\/www.sonoraenequipo.com.mx\/api\/wp\/v2\/posts\/226466","targetHints":{"allow":["GET"]}}],"collection":[{"href":"https:\/\/www.sonoraenequipo.com.mx\/api\/wp\/v2\/posts"}],"about":[{"href":"https:\/\/www.sonoraenequipo.com.mx\/api\/wp\/v2\/types\/post"}],"author":[{"embeddable":true,"href":"https:\/\/www.sonoraenequipo.com.mx\/api\/wp\/v2\/users\/1"}],"replies":[{"embeddable":true,"href":"https:\/\/www.sonoraenequipo.com.mx\/api\/wp\/v2\/comments?post=226466"}],"version-history":[{"count":1,"href":"https:\/\/www.sonoraenequipo.com.mx\/api\/wp\/v2\/posts\/226466\/revisions"}],"predecessor-version":[{"id":226467,"href":"https:\/\/www.sonoraenequipo.com.mx\/api\/wp\/v2\/posts\/226466\/revisions\/226467"}],"wp:featuredmedia":[{"embeddable":true,"href":"https:\/\/www.sonoraenequipo.com.mx\/api\/wp\/v2\/media\/226418"}],"wp:attachment":[{"href":"https:\/\/www.sonoraenequipo.com.mx\/api\/wp\/v2\/media?parent=226466"}],"wp:term":[{"taxonomy":"category","embeddable":true,"href":"https:\/\/www.sonoraenequipo.com.mx\/api\/wp\/v2\/categories?post=226466"},{"taxonomy":"post_tag","embeddable":true,"href":"https:\/\/www.sonoraenequipo.com.mx\/api\/wp\/v2\/tags?post=226466"}],"curies":[{"name":"wp","href":"https:\/\/api.w.org\/{rel}","templated":true}]}}