{"id":226673,"date":"2025-10-19T18:59:17","date_gmt":"2025-10-20T01:59:17","guid":{"rendered":"https:\/\/www.sonoraenequipo.com.mx\/?p=226673"},"modified":"2025-10-19T19:02:57","modified_gmt":"2025-10-20T02:02:57","slug":"rodrigo-paz-gana-la-presidencia-de-bolivia-con-el-98-de-actas-computadas","status":"publish","type":"post","link":"https:\/\/www.sonoraenequipo.com.mx\/rodrigo-paz-gana-la-presidencia-de-bolivia-con-el-98-de-actas-computadas\/","title":{"rendered":"Rodrigo Paz gana la presidencia de Bolivia con el 98% de actas computadas"},"content":{"rendered":"<p><strong>LA PAZ, BOLIVIA. \u2014<\/strong> Una pantalla en el b\u00fanker de campa\u00f1a del candidato presidencial Jorge &#8216;Tuto&#8217; Quiroga lo muestra detr\u00e1s de Rodrigo Paz en los resultados preliminares de la segunda vuelta de las elecciones presidenciales en La Paz, Bolivia, el domingo 19 de octubre de 2025.<\/p>\n<p>&nbsp;<\/p>\n<p>&nbsp;<\/p>\n<p> <br \/>\nLa Paz. El conteo preliminar de votos en las elecciones presidenciales de este domingo en Bolivia mostraba una ventaja del senador de centro, Rodrigo Paz, al encabezar con 54 por ciento, respecto del ex mandatario conservador, Jorge Tuto Quiroga, que registraba 45 por ciento al computarse el 98 por ciento de las actas.<\/p>\n<p>&nbsp;<\/p>\n<p>&nbsp;<\/p>\n<p>El presidente del Tribunal Supremo Electoral (TSE), \u00d3scar Hassenteufel, declar\u00f3 que el c\u00f3mputo r\u00e1pido de la segunda vuelta muestra una <em><strong>\u201ctendencia que parece ser irreversible\u201d.<\/strong><\/em><\/p>\n<p>&nbsp;<\/p>\n<p>&nbsp;<\/p>\n<p>Paz, de 58 a\u00f1os, es hijo del ex presidente izquierdista, Jaime Paz Zamora (1989-1993). Esta es la primera vez que el senador se postula a la presidencia luego de una carrera de 20 a\u00f1os en pol\u00edtica como diputado, alcalde y gobernador de Tarija. Paz pudo captar el voto desencantado con el MAS y el apoyo de sectores moderados.<\/p>\n<p>&nbsp;<\/p>\n<p>&nbsp;<\/p>\n<p>Los comicios se celebraron en el marco de una crisis caracterizada por la escasez de combustible, la escalada del precio de los alimentos y la falta de empleo. De acuerdo con diversos sondeos, para el 80 por ciento de los bolivianos la principal preocupaci\u00f3n es la econom\u00eda.<\/p>\n<p>&nbsp;<\/p>\n<p>&nbsp;<\/p>\n<p>PUBLICADO EL 18 DE OCTUBRE DE 2025 Con informaci\u00f3n de La Jornaada\/AP)<\/p>\n","protected":false},"excerpt":{"rendered":"<p>LA PAZ, BOLIVIA. \u2014 Una pantalla en el b\u00fanker de campa\u00f1a del candidato presidencial Jorge&#8230;<\/p>\n","protected":false},"author":1,"featured_media":226674,"comment_status":"open","ping_status":"open","sticky":false,"template":"","format":"standard","meta":{"_monsterinsights_skip_tracking":false,"_monsterinsights_sitenote_active":false,"_monsterinsights_sitenote_note":"","_monsterinsights_sitenote_category":0,"footnotes":""},"categories":[3],"tags":[],"class_list":["post"],"yoast_head":" \n<title>Sonora en Equipo. Rodrigo Paz gana la presidencia de Bolivia con el 98% de actas computadas MUNDO<\/title>\n<meta name=\"description\" content=\"LA PAZ, BOLIVIA. \u2014 Una pantalla en el b\u00fanker de campa\u00f1a del candidato presidencial Jorge &#039;Tuto&#039; Quiroga lo muestra detr\u00e1s de Rodrigo Paz en los resultados En Sonora en Equipo publicamos toda la informaci\u00f3n de Sonora, M\u00e9xico y el Mundo de manera oportuna y busca que la libertad de expresi\u00f3n sea real. Visita nuestro medio informativo publicado desde Hermosillo, Sonora. %\" \/>\n<meta name=\"robots\" content=\"index, follow, max-snippet:-1, max-image-preview:large, max-video-preview:-1\" \/>\n<link rel=\"canonical\" href=\"https:\/\/www.sonoraenequipo.com.mx\/rodrigo-paz-gana-la-presidencia-de-bolivia-con-el-98-de-actas-computadas\/\" \/>\n<meta property=\"og:locale\" content=\"es_ES\" \/>\n<meta property=\"og:type\" content=\"article\" \/>\n<meta property=\"og:title\" content=\"Sonora en Equipo. Rodrigo Paz gana la presidencia de Bolivia con el 98% de actas computadas MUNDO\" \/>\n<meta property=\"og:description\" content=\"LA PAZ, BOLIVIA. \u2014 Una pantalla en el b\u00fanker de campa\u00f1a del candidato presidencial Jorge &#039;Tuto&#039; Quiroga lo muestra detr\u00e1s de Rodrigo Paz en los resultados En Sonora en Equipo publicamos toda la informaci\u00f3n de Sonora, M\u00e9xico y el Mundo de manera oportuna y busca que la libertad de expresi\u00f3n sea real. Visita nuestro medio informativo publicado desde Hermosillo, Sonora. %\" \/>\n<meta property=\"og:url\" content=\"https:\/\/www.sonoraenequipo.com.mx\/rodrigo-paz-gana-la-presidencia-de-bolivia-con-el-98-de-actas-computadas\/\" \/>\n<meta property=\"og:site_name\" content=\"Sonora en Equipo.\" \/>\n<meta property=\"article:publisher\" content=\"https:\/\/www.facebook.com\/SonoraEE\/\" \/>\n<meta property=\"article:author\" content=\"https:\/\/www.facebook.com\/SonoraEE\" \/>\n<meta property=\"article:published_time\" content=\"2025-10-20T01:59:17+00:00\" \/>\n<meta property=\"article:modified_time\" content=\"2025-10-20T02:02:57+00:00\" \/>\n<meta property=\"og:image\" content=\"https:\/\/www.sonoraenequipo.com.mx\/storage\/2025\/10\/rodrigo-paz-gana-la-presidencia-de-bolivia-con-el-98-de-actas-computadas.webp\" \/>\n\t<meta property=\"og:image:width\" content=\"1200\" \/>\n\t<meta property=\"og:image:height\" content=\"800\" \/>\n\t<meta property=\"og:image:type\" content=\"image\/webp\" \/>\n<meta name=\"author\" content=\"enequipo\" \/>\n<meta name=\"twitter:card\" content=\"summary_large_image\" \/>\n<meta name=\"twitter:creator\" content=\"@sonoraenequipo\" \/>\n<meta name=\"twitter:site\" content=\"@sonoraenequipo\" \/>\n<meta name=\"twitter:label1\" content=\"Escrito por\" \/>\n\t<meta name=\"twitter:data1\" content=\"enequipo\" \/>\n\t<meta name=\"twitter:label2\" content=\"Tiempo de lectura\" \/>\n\t<meta name=\"twitter:data2\" content=\"1 minuto\" \/>\n<script type=\"application\/ld+json\" class=\"yoast-schema-graph\">{\"@context\":\"https:\/\/schema.org\",\"@graph\":[{\"@type\":\"Article\",\"@id\":\"https:\/\/www.sonoraenequipo.com.mx\/rodrigo-paz-gana-la-presidencia-de-bolivia-con-el-98-de-actas-computadas\/#article\",\"isPartOf\":{\"@id\":\"https:\/\/www.sonoraenequipo.com.mx\/rodrigo-paz-gana-la-presidencia-de-bolivia-con-el-98-de-actas-computadas\/\"},\"author\":{\"name\":\"enequipo\",\"@id\":\"https:\/\/www.sonoraenequipo.com.mx\/#\/schema\/person\/50102df0fb23a8fa9e8effad8fa81386\"},\"headline\":\"Rodrigo Paz gana la presidencia de Bolivia con el 98% de actas computadas\",\"datePublished\":\"2025-10-20T01:59:17+00:00\",\"dateModified\":\"2025-10-20T02:02:57+00:00\",\"mainEntityOfPage\":{\"@id\":\"https:\/\/www.sonoraenequipo.com.mx\/rodrigo-paz-gana-la-presidencia-de-bolivia-con-el-98-de-actas-computadas\/\"},\"wordCount\":264,\"commentCount\":0,\"publisher\":{\"@id\":\"https:\/\/www.sonoraenequipo.com.mx\/#organization\"},\"image\":{\"@id\":\"https:\/\/www.sonoraenequipo.com.mx\/rodrigo-paz-gana-la-presidencia-de-bolivia-con-el-98-de-actas-computadas\/#primaryimage\"},\"thumbnailUrl\":\"https:\/\/www.sonoraenequipo.com.mx\/storage\/2025\/10\/rodrigo-paz-gana-la-presidencia-de-bolivia-con-el-98-de-actas-computadas.webp\",\"articleSection\":[\"MUNDO\"],\"inLanguage\":\"es\",\"potentialAction\":[{\"@type\":\"CommentAction\",\"name\":\"Comment\",\"target\":[\"https:\/\/www.sonoraenequipo.com.mx\/rodrigo-paz-gana-la-presidencia-de-bolivia-con-el-98-de-actas-computadas\/#respond\"]}]},{\"@type\":\"WebPage\",\"@id\":\"https:\/\/www.sonoraenequipo.com.mx\/rodrigo-paz-gana-la-presidencia-de-bolivia-con-el-98-de-actas-computadas\/\",\"url\":\"https:\/\/www.sonoraenequipo.com.mx\/rodrigo-paz-gana-la-presidencia-de-bolivia-con-el-98-de-actas-computadas\/\",\"name\":\"Sonora en Equipo. Rodrigo Paz gana la presidencia de Bolivia con el 98% de actas computadas MUNDO\",\"isPartOf\":{\"@id\":\"https:\/\/www.sonoraenequipo.com.mx\/#website\"},\"primaryImageOfPage\":{\"@id\":\"https:\/\/www.sonoraenequipo.com.mx\/rodrigo-paz-gana-la-presidencia-de-bolivia-con-el-98-de-actas-computadas\/#primaryimage\"},\"image\":{\"@id\":\"https:\/\/www.sonoraenequipo.com.mx\/rodrigo-paz-gana-la-presidencia-de-bolivia-con-el-98-de-actas-computadas\/#primaryimage\"},\"thumbnailUrl\":\"https:\/\/www.sonoraenequipo.com.mx\/storage\/2025\/10\/rodrigo-paz-gana-la-presidencia-de-bolivia-con-el-98-de-actas-computadas.webp\",\"datePublished\":\"2025-10-20T01:59:17+00:00\",\"dateModified\":\"2025-10-20T02:02:57+00:00\",\"description\":\"LA PAZ, BOLIVIA. \u2014 Una pantalla en el b\u00fanker de campa\u00f1a del candidato presidencial Jorge 'Tuto' Quiroga lo muestra detr\u00e1s de Rodrigo Paz en los resultados En Sonora en Equipo publicamos toda la informaci\u00f3n de Sonora, M\u00e9xico y el Mundo de manera oportuna y busca que la libertad de expresi\u00f3n sea real. Visita nuestro medio informativo publicado desde Hermosillo, Sonora. %\",\"breadcrumb\":{\"@id\":\"https:\/\/www.sonoraenequipo.com.mx\/rodrigo-paz-gana-la-presidencia-de-bolivia-con-el-98-de-actas-computadas\/#breadcrumb\"},\"inLanguage\":\"es\",\"potentialAction\":[{\"@type\":\"ReadAction\",\"target\":[\"https:\/\/www.sonoraenequipo.com.mx\/rodrigo-paz-gana-la-presidencia-de-bolivia-con-el-98-de-actas-computadas\/\"]}]},{\"@type\":\"ImageObject\",\"inLanguage\":\"es\",\"@id\":\"https:\/\/www.sonoraenequipo.com.mx\/rodrigo-paz-gana-la-presidencia-de-bolivia-con-el-98-de-actas-computadas\/#primaryimage\",\"url\":\"https:\/\/www.sonoraenequipo.com.mx\/storage\/2025\/10\/rodrigo-paz-gana-la-presidencia-de-bolivia-con-el-98-de-actas-computadas.webp\",\"contentUrl\":\"https:\/\/www.sonoraenequipo.com.mx\/storage\/2025\/10\/rodrigo-paz-gana-la-presidencia-de-bolivia-con-el-98-de-actas-computadas.webp\",\"width\":1200,\"height\":800},{\"@type\":\"BreadcrumbList\",\"@id\":\"https:\/\/www.sonoraenequipo.com.mx\/rodrigo-paz-gana-la-presidencia-de-bolivia-con-el-98-de-actas-computadas\/#breadcrumb\",\"itemListElement\":[{\"@type\":\"ListItem\",\"position\":1,\"name\":\"Portada\",\"item\":\"https:\/\/www.sonoraenequipo.com.mx\/\"},{\"@type\":\"ListItem\",\"position\":2,\"name\":\"Rodrigo Paz gana la presidencia de Bolivia con el 98% de actas computadas\"}]},{\"@type\":\"WebSite\",\"@id\":\"https:\/\/www.sonoraenequipo.com.mx\/#website\",\"url\":\"https:\/\/www.sonoraenequipo.com.mx\/\",\"name\":\"Sonora en Equipo.\",\"description\":\"Diario en l\u00ednea con Noticias desde Hermosillo, Sonora\",\"publisher\":{\"@id\":\"https:\/\/www.sonoraenequipo.com.mx\/#organization\"},\"potentialAction\":[{\"@type\":\"SearchAction\",\"target\":{\"@type\":\"EntryPoint\",\"urlTemplate\":\"https:\/\/www.sonoraenequipo.com.mx\/?s={search_term_string}\"},\"query-input\":{\"@type\":\"PropertyValueSpecification\",\"valueRequired\":true,\"valueName\":\"search_term_string\"}}],\"inLanguage\":\"es\"},{\"@type\":\"Organization\",\"@id\":\"https:\/\/www.sonoraenequipo.com.mx\/#organization\",\"name\":\"Sonoraenequipo.com.mx\",\"url\":\"https:\/\/www.sonoraenequipo.com.mx\/\",\"logo\":{\"@type\":\"ImageObject\",\"inLanguage\":\"es\",\"@id\":\"https:\/\/www.sonoraenequipo.com.mx\/#\/schema\/logo\/image\/\",\"url\":\"https:\/\/www.sonoraenequipo.com.mx\/storage\/2019\/01\/sonoraenequipo_opt.png\",\"contentUrl\":\"https:\/\/www.sonoraenequipo.com.mx\/storage\/2019\/01\/sonoraenequipo_opt.png\",\"width\":375,\"height\":125,\"caption\":\"Sonoraenequipo.com.mx\"},\"image\":{\"@id\":\"https:\/\/www.sonoraenequipo.com.mx\/#\/schema\/logo\/image\/\"},\"sameAs\":[\"https:\/\/www.facebook.com\/SonoraEE\/\",\"https:\/\/x.com\/sonoraenequipo\",\"https:\/\/www.youtube.com\/channel\/UC338nW-lPEYmJQs4ZABQ1SQ\"]},{\"@type\":\"Person\",\"@id\":\"https:\/\/www.sonoraenequipo.com.mx\/#\/schema\/person\/50102df0fb23a8fa9e8effad8fa81386\",\"name\":\"enequipo\",\"image\":{\"@type\":\"ImageObject\",\"inLanguage\":\"es\",\"@id\":\"https:\/\/www.sonoraenequipo.com.mx\/#\/schema\/person\/image\/\",\"url\":\"https:\/\/secure.gravatar.com\/avatar\/049821681b589dabc0bc20695993ccebb09f5b5d4d790cd9251b97faac7c652b?s=96&d=blank&r=g\",\"contentUrl\":\"https:\/\/secure.gravatar.com\/avatar\/049821681b589dabc0bc20695993ccebb09f5b5d4d790cd9251b97faac7c652b?s=96&d=blank&r=g\",\"caption\":\"enequipo\"},\"sameAs\":[\"https:\/\/www.facebook.com\/SonoraEE\"]}]}<\/script>\n ","yoast_head_json":{"title":"Sonora en Equipo. Rodrigo Paz gana la presidencia de Bolivia con el 98% de actas computadas MUNDO","description":"LA PAZ, BOLIVIA. \u2014 Una pantalla en el b\u00fanker de campa\u00f1a del candidato presidencial Jorge 'Tuto' Quiroga lo muestra detr\u00e1s de Rodrigo Paz en los resultados En Sonora en Equipo publicamos toda la informaci\u00f3n de Sonora, M\u00e9xico y el Mundo de manera oportuna y busca que la libertad de expresi\u00f3n sea real. Visita nuestro medio informativo publicado desde Hermosillo, Sonora. %","robots":{"index":"index","follow":"follow","max-snippet":"max-snippet:-1","max-image-preview":"max-image-preview:large","max-video-preview":"max-video-preview:-1"},"canonical":"https:\/\/www.sonoraenequipo.com.mx\/rodrigo-paz-gana-la-presidencia-de-bolivia-con-el-98-de-actas-computadas\/","og_locale":"es_ES","og_type":"article","og_title":"Sonora en Equipo. Rodrigo Paz gana la presidencia de Bolivia con el 98% de actas computadas MUNDO","og_description":"LA PAZ, BOLIVIA. \u2014 Una pantalla en el b\u00fanker de campa\u00f1a del candidato presidencial Jorge 'Tuto' Quiroga lo muestra detr\u00e1s de Rodrigo Paz en los resultados En Sonora en Equipo publicamos toda la informaci\u00f3n de Sonora, M\u00e9xico y el Mundo de manera oportuna y busca que la libertad de expresi\u00f3n sea real. Visita nuestro medio informativo publicado desde Hermosillo, Sonora. %","og_url":"https:\/\/www.sonoraenequipo.com.mx\/rodrigo-paz-gana-la-presidencia-de-bolivia-con-el-98-de-actas-computadas\/","og_site_name":"Sonora en Equipo.","article_publisher":"https:\/\/www.facebook.com\/SonoraEE\/","article_author":"https:\/\/www.facebook.com\/SonoraEE","article_published_time":"2025-10-20T01:59:17+00:00","article_modified_time":"2025-10-20T02:02:57+00:00","og_image":[{"width":1200,"height":800,"url":"https:\/\/www.sonoraenequipo.com.mx\/storage\/2025\/10\/rodrigo-paz-gana-la-presidencia-de-bolivia-con-el-98-de-actas-computadas.webp","type":"image\/webp"}],"author":"enequipo","twitter_card":"summary_large_image","twitter_creator":"@sonoraenequipo","twitter_site":"@sonoraenequipo","twitter_misc":{"Escrito por":"enequipo","Tiempo de lectura":"1 minuto"},"schema":{"@context":"https:\/\/schema.org","@graph":[{"@type":"Article","@id":"https:\/\/www.sonoraenequipo.com.mx\/rodrigo-paz-gana-la-presidencia-de-bolivia-con-el-98-de-actas-computadas\/#article","isPartOf":{"@id":"https:\/\/www.sonoraenequipo.com.mx\/rodrigo-paz-gana-la-presidencia-de-bolivia-con-el-98-de-actas-computadas\/"},"author":{"name":"enequipo","@id":"https:\/\/www.sonoraenequipo.com.mx\/#\/schema\/person\/50102df0fb23a8fa9e8effad8fa81386"},"headline":"Rodrigo Paz gana la presidencia de Bolivia con el 98% de actas computadas","datePublished":"2025-10-20T01:59:17+00:00","dateModified":"2025-10-20T02:02:57+00:00","mainEntityOfPage":{"@id":"https:\/\/www.sonoraenequipo.com.mx\/rodrigo-paz-gana-la-presidencia-de-bolivia-con-el-98-de-actas-computadas\/"},"wordCount":264,"commentCount":0,"publisher":{"@id":"https:\/\/www.sonoraenequipo.com.mx\/#organization"},"image":{"@id":"https:\/\/www.sonoraenequipo.com.mx\/rodrigo-paz-gana-la-presidencia-de-bolivia-con-el-98-de-actas-computadas\/#primaryimage"},"thumbnailUrl":"https:\/\/www.sonoraenequipo.com.mx\/storage\/2025\/10\/rodrigo-paz-gana-la-presidencia-de-bolivia-con-el-98-de-actas-computadas.webp","articleSection":["MUNDO"],"inLanguage":"es","potentialAction":[{"@type":"CommentAction","name":"Comment","target":["https:\/\/www.sonoraenequipo.com.mx\/rodrigo-paz-gana-la-presidencia-de-bolivia-con-el-98-de-actas-computadas\/#respond"]}]},{"@type":"WebPage","@id":"https:\/\/www.sonoraenequipo.com.mx\/rodrigo-paz-gana-la-presidencia-de-bolivia-con-el-98-de-actas-computadas\/","url":"https:\/\/www.sonoraenequipo.com.mx\/rodrigo-paz-gana-la-presidencia-de-bolivia-con-el-98-de-actas-computadas\/","name":"Sonora en Equipo. Rodrigo Paz gana la presidencia de Bolivia con el 98% de actas computadas MUNDO","isPartOf":{"@id":"https:\/\/www.sonoraenequipo.com.mx\/#website"},"primaryImageOfPage":{"@id":"https:\/\/www.sonoraenequipo.com.mx\/rodrigo-paz-gana-la-presidencia-de-bolivia-con-el-98-de-actas-computadas\/#primaryimage"},"image":{"@id":"https:\/\/www.sonoraenequipo.com.mx\/rodrigo-paz-gana-la-presidencia-de-bolivia-con-el-98-de-actas-computadas\/#primaryimage"},"thumbnailUrl":"https:\/\/www.sonoraenequipo.com.mx\/storage\/2025\/10\/rodrigo-paz-gana-la-presidencia-de-bolivia-con-el-98-de-actas-computadas.webp","datePublished":"2025-10-20T01:59:17+00:00","dateModified":"2025-10-20T02:02:57+00:00","description":"LA PAZ, BOLIVIA. \u2014 Una pantalla en el b\u00fanker de campa\u00f1a del candidato presidencial Jorge 'Tuto' Quiroga lo muestra detr\u00e1s de Rodrigo Paz en los resultados En Sonora en Equipo publicamos toda la informaci\u00f3n de Sonora, M\u00e9xico y el Mundo de manera oportuna y busca que la libertad de expresi\u00f3n sea real. Visita nuestro medio informativo publicado desde Hermosillo, Sonora. %","breadcrumb":{"@id":"https:\/\/www.sonoraenequipo.com.mx\/rodrigo-paz-gana-la-presidencia-de-bolivia-con-el-98-de-actas-computadas\/#breadcrumb"},"inLanguage":"es","potentialAction":[{"@type":"ReadAction","target":["https:\/\/www.sonoraenequipo.com.mx\/rodrigo-paz-gana-la-presidencia-de-bolivia-con-el-98-de-actas-computadas\/"]}]},{"@type":"ImageObject","inLanguage":"es","@id":"https:\/\/www.sonoraenequipo.com.mx\/rodrigo-paz-gana-la-presidencia-de-bolivia-con-el-98-de-actas-computadas\/#primaryimage","url":"https:\/\/www.sonoraenequipo.com.mx\/storage\/2025\/10\/rodrigo-paz-gana-la-presidencia-de-bolivia-con-el-98-de-actas-computadas.webp","contentUrl":"https:\/\/www.sonoraenequipo.com.mx\/storage\/2025\/10\/rodrigo-paz-gana-la-presidencia-de-bolivia-con-el-98-de-actas-computadas.webp","width":1200,"height":800},{"@type":"BreadcrumbList","@id":"https:\/\/www.sonoraenequipo.com.mx\/rodrigo-paz-gana-la-presidencia-de-bolivia-con-el-98-de-actas-computadas\/#breadcrumb","itemListElement":[{"@type":"ListItem","position":1,"name":"Portada","item":"https:\/\/www.sonoraenequipo.com.mx\/"},{"@type":"ListItem","position":2,"name":"Rodrigo Paz gana la presidencia de Bolivia con el 98% de actas computadas"}]},{"@type":"WebSite","@id":"https:\/\/www.sonoraenequipo.com.mx\/#website","url":"https:\/\/www.sonoraenequipo.com.mx\/","name":"Sonora en Equipo.","description":"Diario en l\u00ednea con Noticias desde Hermosillo, Sonora","publisher":{"@id":"https:\/\/www.sonoraenequipo.com.mx\/#organization"},"potentialAction":[{"@type":"SearchAction","target":{"@type":"EntryPoint","urlTemplate":"https:\/\/www.sonoraenequipo.com.mx\/?s={search_term_string}"},"query-input":{"@type":"PropertyValueSpecification","valueRequired":true,"valueName":"search_term_string"}}],"inLanguage":"es"},{"@type":"Organization","@id":"https:\/\/www.sonoraenequipo.com.mx\/#organization","name":"Sonoraenequipo.com.mx","url":"https:\/\/www.sonoraenequipo.com.mx\/","logo":{"@type":"ImageObject","inLanguage":"es","@id":"https:\/\/www.sonoraenequipo.com.mx\/#\/schema\/logo\/image\/","url":"https:\/\/www.sonoraenequipo.com.mx\/storage\/2019\/01\/sonoraenequipo_opt.png","contentUrl":"https:\/\/www.sonoraenequipo.com.mx\/storage\/2019\/01\/sonoraenequipo_opt.png","width":375,"height":125,"caption":"Sonoraenequipo.com.mx"},"image":{"@id":"https:\/\/www.sonoraenequipo.com.mx\/#\/schema\/logo\/image\/"},"sameAs":["https:\/\/www.facebook.com\/SonoraEE\/","https:\/\/x.com\/sonoraenequipo","https:\/\/www.youtube.com\/channel\/UC338nW-lPEYmJQs4ZABQ1SQ"]},{"@type":"Person","@id":"https:\/\/www.sonoraenequipo.com.mx\/#\/schema\/person\/50102df0fb23a8fa9e8effad8fa81386","name":"enequipo","image":{"@type":"ImageObject","inLanguage":"es","@id":"https:\/\/www.sonoraenequipo.com.mx\/#\/schema\/person\/image\/","url":"https:\/\/secure.gravatar.com\/avatar\/049821681b589dabc0bc20695993ccebb09f5b5d4d790cd9251b97faac7c652b?s=96&d=blank&r=g","contentUrl":"https:\/\/secure.gravatar.com\/avatar\/049821681b589dabc0bc20695993ccebb09f5b5d4d790cd9251b97faac7c652b?s=96&d=blank&r=g","caption":"enequipo"},"sameAs":["https:\/\/www.facebook.com\/SonoraEE"]}]}},"jetpack_featured_media_url":"https:\/\/www.sonoraenequipo.com.mx\/storage\/2025\/10\/rodrigo-paz-gana-la-presidencia-de-bolivia-con-el-98-de-actas-computadas.webp","_links":{"self":[{"href":"https:\/\/www.sonoraenequipo.com.mx\/api\/wp\/v2\/posts\/226673","targetHints":{"allow":["GET"]}}],"collection":[{"href":"https:\/\/www.sonoraenequipo.com.mx\/api\/wp\/v2\/posts"}],"about":[{"href":"https:\/\/www.sonoraenequipo.com.mx\/api\/wp\/v2\/types\/post"}],"author":[{"embeddable":true,"href":"https:\/\/www.sonoraenequipo.com.mx\/api\/wp\/v2\/users\/1"}],"replies":[{"embeddable":true,"href":"https:\/\/www.sonoraenequipo.com.mx\/api\/wp\/v2\/comments?post=226673"}],"version-history":[{"count":2,"href":"https:\/\/www.sonoraenequipo.com.mx\/api\/wp\/v2\/posts\/226673\/revisions"}],"predecessor-version":[{"id":226676,"href":"https:\/\/www.sonoraenequipo.com.mx\/api\/wp\/v2\/posts\/226673\/revisions\/226676"}],"wp:featuredmedia":[{"embeddable":true,"href":"https:\/\/www.sonoraenequipo.com.mx\/api\/wp\/v2\/media\/226674"}],"wp:attachment":[{"href":"https:\/\/www.sonoraenequipo.com.mx\/api\/wp\/v2\/media?parent=226673"}],"wp:term":[{"taxonomy":"category","embeddable":true,"href":"https:\/\/www.sonoraenequipo.com.mx\/api\/wp\/v2\/categories?post=226673"},{"taxonomy":"post_tag","embeddable":true,"href":"https:\/\/www.sonoraenequipo.com.mx\/api\/wp\/v2\/tags?post=226673"}],"curies":[{"name":"wp","href":"https:\/\/api.w.org\/{rel}","templated":true}]}}