{"id":226700,"date":"2025-10-19T20:25:35","date_gmt":"2025-10-20T03:25:35","guid":{"rendered":"https:\/\/www.sonoraenequipo.com.mx\/?p=226700"},"modified":"2025-10-19T21:22:24","modified_gmt":"2025-10-20T04:22:24","slug":"el-dia-21-y-22-de-octubre-habra-lluvia-de-estrellas-orionidas-en-mexico","status":"publish","type":"post","link":"https:\/\/www.sonoraenequipo.com.mx\/el-dia-21-y-22-de-octubre-habra-lluvia-de-estrellas-orionidas-en-mexico\/","title":{"rendered":"El d\u00eda 21 y 22 de octubre habr\u00e1 lluvia de estrellas Ori\u00f3nidas en M\u00e9xico"},"content":{"rendered":"<p><strong>CIUDAD DE M\u00c9XICO. MX. \u2014<\/strong>\u00a0 El universo es un lugar m\u00e1gico y misterioso que nos asombra constantemente con sus maravillas y fant\u00e1sticas vistas. Este mes de octubre no ser\u00e1 la excepci\u00f3n, pues durante las pr\u00f3ximas semanas el cielo nocturno nos regalar\u00e1 uno de los eventos m\u00e1s fascinantes de todos los tiempos: la lluvia de estrellas Ori\u00f3nidas.<\/p>\n<p>&nbsp;<\/p>\n<p>&nbsp;<\/p>\n<p> <\/p>\n<p>A diferencia de otras ocasiones, esta vez M\u00e9xico ser\u00e1 uno de los mejores lugares para observarlas. A continuaci\u00f3n, te compartimos todos los detalles que debes conocer para no perderte este monumental fen\u00f3meno.<\/p>\n<p>&nbsp;<\/p>\n<h3>\u00bfCu\u00e1ndo ser\u00e1 el pico de las Ori\u00f3nidas en M\u00e9xico?<\/h3>\n<p>&nbsp;<\/p>\n<p>El m\u00e1ximo de actividad de esta lluvia de estrellas se proyecta entre la noche del 21 al 22 de octubre.<\/p>\n<p>&nbsp;<\/p>\n<p>Durante ese periodo, ser\u00e1 posible ver hasta 10 20 meteoros por hora en cielos oscuros y sin interferencia lum\u00ednica, esto de acuerdo con Star Walk.<\/p>\n<h3><\/h3>\n<h3>\u00bfDurante qu\u00e9 horas conviene observarlas?<\/h3>\n<p>&nbsp;<\/p>\n<p>La ventana \u00f3ptima se ubica entre la 1:00 a.m. y las 5:30 a.m., con el momento ideal cercano a las 3:00\u20134:30 a.m., cuando el radiante de Ori\u00f3n alcanza altura suficiente.<\/p>\n<p>&nbsp;<\/p>\n<p>En estos horarios, el cielo ser\u00e1 m\u00e1s oscuro y la visibilidad mayor, siempre que no haya nubosidad ni contaminaci\u00f3n lum\u00ednica.<\/p>\n<p>&nbsp;<\/p>\n<h3>\u00bfDesde d\u00f3nde ver las Ori\u00f3nidas?<\/h3>\n<p>&nbsp;<\/p>\n<p>En M\u00e9xico, la lluvia de meteoros ser\u00e1 visible casi en todo el territorio, aunque el \u00e9xito de la observaci\u00f3n depende de elegir lugares con poca luz urbana.\u00a0 En la Ciudad de M\u00e9xico, zonas como el Ajusco o fragmentos rurales al poniente o oriente ser\u00e1n ideales.<\/p>\n<p>&nbsp;<\/p>\n<p>Aunque el radiante se localiza en la constelaci\u00f3n de Ori\u00f3n, los meteoros pueden aparecer en cualquier parte del cielo. Se sugiere no fijar la vista en un punto espec\u00edfico, sino contemplar un amplio sector del firmamento.<\/p>\n<h3><\/h3>\n<h3>\u00bfQu\u00e9 caracter\u00edsticas tienen las Ori\u00f3nidas?<\/h3>\n<p>Estos meteoros se originan en los restos del cometa Halley, que deja tras de s\u00ed part\u00edculas de polvo que impactan la atm\u00f3sfera terrestre y se desintegran en destellos luminosos. Viajan a una velocidad aproximada de 66 kil\u00f3metros por segundo.<\/p>\n<p>&nbsp;<\/p>\n<p>La fase lunar ser\u00e1 favorable: durante las noches del pico, la Luna estar\u00e1 casi nueva, lo que ayudar\u00e1 a mantener cielos oscuros y mejorar la visibilidad del fen\u00f3meno.<\/p>\n<p>&nbsp;<\/p>\n<p>&nbsp;<\/p>\n<p>PUBLICADO EL 19 DE OCTUBRE DE 2025 Con informaci\u00f3n de unotv y redes sociales)<\/p>\n","protected":false},"excerpt":{"rendered":"<p>CIUDAD DE M\u00c9XICO. MX. \u2014\u00a0 El universo es un lugar m\u00e1gico y misterioso que nos&#8230;<\/p>\n","protected":false},"author":1,"featured_media":226687,"comment_status":"open","ping_status":"open","sticky":false,"template":"","format":"standard","meta":{"_monsterinsights_skip_tracking":false,"_monsterinsights_sitenote_active":false,"_monsterinsights_sitenote_note":"","_monsterinsights_sitenote_category":0,"footnotes":""},"categories":[5],"tags":[],"class_list":["post"],"yoast_head":" \n<title>Sonora en Equipo. El d\u00eda 21 y 22 de octubre habr\u00e1 lluvia de estrellas Ori\u00f3nidas en M\u00e9xico Rep\u00fablica<\/title>\n<meta name=\"description\" content=\"CIUDAD DE M\u00c9XICO. MX. \u2014\u00a0 El universo es un lugar m\u00e1gico y misterioso que nos asombra constantemente con sus maravillas y fant\u00e1sticas vistas. Este mes de En Sonora en Equipo publicamos toda la informaci\u00f3n de Sonora, M\u00e9xico y el Mundo de manera oportuna y busca que la libertad de expresi\u00f3n sea real. Visita nuestro medio informativo publicado desde Hermosillo, Sonora. %\" \/>\n<meta name=\"robots\" content=\"index, follow, max-snippet:-1, max-image-preview:large, max-video-preview:-1\" \/>\n<link rel=\"canonical\" href=\"https:\/\/www.sonoraenequipo.com.mx\/el-dia-21-y-22-de-octubre-habra-lluvia-de-estrellas-orionidas-en-mexico\/\" \/>\n<meta property=\"og:locale\" content=\"es_ES\" \/>\n<meta property=\"og:type\" content=\"article\" \/>\n<meta property=\"og:title\" content=\"Sonora en Equipo. El d\u00eda 21 y 22 de octubre habr\u00e1 lluvia de estrellas Ori\u00f3nidas en M\u00e9xico Rep\u00fablica\" \/>\n<meta property=\"og:description\" content=\"CIUDAD DE M\u00c9XICO. MX. \u2014\u00a0 El universo es un lugar m\u00e1gico y misterioso que nos asombra constantemente con sus maravillas y fant\u00e1sticas vistas. Este mes de En Sonora en Equipo publicamos toda la informaci\u00f3n de Sonora, M\u00e9xico y el Mundo de manera oportuna y busca que la libertad de expresi\u00f3n sea real. Visita nuestro medio informativo publicado desde Hermosillo, Sonora. %\" \/>\n<meta property=\"og:url\" content=\"https:\/\/www.sonoraenequipo.com.mx\/el-dia-21-y-22-de-octubre-habra-lluvia-de-estrellas-orionidas-en-mexico\/\" \/>\n<meta property=\"og:site_name\" content=\"Sonora en Equipo.\" \/>\n<meta property=\"article:publisher\" content=\"https:\/\/www.facebook.com\/SonoraEE\/\" \/>\n<meta property=\"article:author\" content=\"https:\/\/www.facebook.com\/SonoraEE\" \/>\n<meta property=\"article:published_time\" content=\"2025-10-20T03:25:35+00:00\" \/>\n<meta property=\"article:modified_time\" content=\"2025-10-20T04:22:24+00:00\" \/>\n<meta property=\"og:image\" content=\"https:\/\/www.sonoraenequipo.com.mx\/storage\/2025\/10\/lluvia_de_estrellas_orixnidas-2025-min.jpg\" \/>\n\t<meta property=\"og:image:width\" content=\"1074\" \/>\n\t<meta property=\"og:image:height\" content=\"638\" \/>\n\t<meta property=\"og:image:type\" content=\"image\/jpeg\" \/>\n<meta name=\"author\" content=\"enequipo\" \/>\n<meta name=\"twitter:card\" content=\"summary_large_image\" \/>\n<meta name=\"twitter:creator\" content=\"@sonoraenequipo\" \/>\n<meta name=\"twitter:site\" content=\"@sonoraenequipo\" \/>\n<meta name=\"twitter:label1\" content=\"Escrito por\" \/>\n\t<meta name=\"twitter:data1\" content=\"enequipo\" \/>\n\t<meta name=\"twitter:label2\" content=\"Tiempo de lectura\" \/>\n\t<meta name=\"twitter:data2\" content=\"2 minutos\" \/>\n<script type=\"application\/ld+json\" class=\"yoast-schema-graph\">{\"@context\":\"https:\/\/schema.org\",\"@graph\":[{\"@type\":\"Article\",\"@id\":\"https:\/\/www.sonoraenequipo.com.mx\/el-dia-21-y-22-de-octubre-habra-lluvia-de-estrellas-orionidas-en-mexico\/#article\",\"isPartOf\":{\"@id\":\"https:\/\/www.sonoraenequipo.com.mx\/el-dia-21-y-22-de-octubre-habra-lluvia-de-estrellas-orionidas-en-mexico\/\"},\"author\":{\"name\":\"enequipo\",\"@id\":\"https:\/\/www.sonoraenequipo.com.mx\/#\/schema\/person\/50102df0fb23a8fa9e8effad8fa81386\"},\"headline\":\"El d\u00eda 21 y 22 de octubre habr\u00e1 lluvia de estrellas Ori\u00f3nidas en M\u00e9xico\",\"datePublished\":\"2025-10-20T03:25:35+00:00\",\"dateModified\":\"2025-10-20T04:22:24+00:00\",\"mainEntityOfPage\":{\"@id\":\"https:\/\/www.sonoraenequipo.com.mx\/el-dia-21-y-22-de-octubre-habra-lluvia-de-estrellas-orionidas-en-mexico\/\"},\"wordCount\":424,\"commentCount\":0,\"publisher\":{\"@id\":\"https:\/\/www.sonoraenequipo.com.mx\/#organization\"},\"image\":{\"@id\":\"https:\/\/www.sonoraenequipo.com.mx\/el-dia-21-y-22-de-octubre-habra-lluvia-de-estrellas-orionidas-en-mexico\/#primaryimage\"},\"thumbnailUrl\":\"https:\/\/www.sonoraenequipo.com.mx\/storage\/2025\/10\/lluvia_de_estrellas_orixnidas-2025-min.jpg\",\"articleSection\":[\"Rep\u00fablica\"],\"inLanguage\":\"es\",\"potentialAction\":[{\"@type\":\"CommentAction\",\"name\":\"Comment\",\"target\":[\"https:\/\/www.sonoraenequipo.com.mx\/el-dia-21-y-22-de-octubre-habra-lluvia-de-estrellas-orionidas-en-mexico\/#respond\"]}]},{\"@type\":\"WebPage\",\"@id\":\"https:\/\/www.sonoraenequipo.com.mx\/el-dia-21-y-22-de-octubre-habra-lluvia-de-estrellas-orionidas-en-mexico\/\",\"url\":\"https:\/\/www.sonoraenequipo.com.mx\/el-dia-21-y-22-de-octubre-habra-lluvia-de-estrellas-orionidas-en-mexico\/\",\"name\":\"Sonora en Equipo. El d\u00eda 21 y 22 de octubre habr\u00e1 lluvia de estrellas Ori\u00f3nidas en M\u00e9xico Rep\u00fablica\",\"isPartOf\":{\"@id\":\"https:\/\/www.sonoraenequipo.com.mx\/#website\"},\"primaryImageOfPage\":{\"@id\":\"https:\/\/www.sonoraenequipo.com.mx\/el-dia-21-y-22-de-octubre-habra-lluvia-de-estrellas-orionidas-en-mexico\/#primaryimage\"},\"image\":{\"@id\":\"https:\/\/www.sonoraenequipo.com.mx\/el-dia-21-y-22-de-octubre-habra-lluvia-de-estrellas-orionidas-en-mexico\/#primaryimage\"},\"thumbnailUrl\":\"https:\/\/www.sonoraenequipo.com.mx\/storage\/2025\/10\/lluvia_de_estrellas_orixnidas-2025-min.jpg\",\"datePublished\":\"2025-10-20T03:25:35+00:00\",\"dateModified\":\"2025-10-20T04:22:24+00:00\",\"description\":\"CIUDAD DE M\u00c9XICO. MX. \u2014\u00a0 El universo es un lugar m\u00e1gico y misterioso que nos asombra constantemente con sus maravillas y fant\u00e1sticas vistas. Este mes de En Sonora en Equipo publicamos toda la informaci\u00f3n de Sonora, M\u00e9xico y el Mundo de manera oportuna y busca que la libertad de expresi\u00f3n sea real. Visita nuestro medio informativo publicado desde Hermosillo, Sonora. %\",\"breadcrumb\":{\"@id\":\"https:\/\/www.sonoraenequipo.com.mx\/el-dia-21-y-22-de-octubre-habra-lluvia-de-estrellas-orionidas-en-mexico\/#breadcrumb\"},\"inLanguage\":\"es\",\"potentialAction\":[{\"@type\":\"ReadAction\",\"target\":[\"https:\/\/www.sonoraenequipo.com.mx\/el-dia-21-y-22-de-octubre-habra-lluvia-de-estrellas-orionidas-en-mexico\/\"]}]},{\"@type\":\"ImageObject\",\"inLanguage\":\"es\",\"@id\":\"https:\/\/www.sonoraenequipo.com.mx\/el-dia-21-y-22-de-octubre-habra-lluvia-de-estrellas-orionidas-en-mexico\/#primaryimage\",\"url\":\"https:\/\/www.sonoraenequipo.com.mx\/storage\/2025\/10\/lluvia_de_estrellas_orixnidas-2025-min.jpg\",\"contentUrl\":\"https:\/\/www.sonoraenequipo.com.mx\/storage\/2025\/10\/lluvia_de_estrellas_orixnidas-2025-min.jpg\",\"width\":1074,\"height\":638},{\"@type\":\"BreadcrumbList\",\"@id\":\"https:\/\/www.sonoraenequipo.com.mx\/el-dia-21-y-22-de-octubre-habra-lluvia-de-estrellas-orionidas-en-mexico\/#breadcrumb\",\"itemListElement\":[{\"@type\":\"ListItem\",\"position\":1,\"name\":\"Portada\",\"item\":\"https:\/\/www.sonoraenequipo.com.mx\/\"},{\"@type\":\"ListItem\",\"position\":2,\"name\":\"El d\u00eda 21 y 22 de octubre habr\u00e1 lluvia de estrellas Ori\u00f3nidas en M\u00e9xico\"}]},{\"@type\":\"WebSite\",\"@id\":\"https:\/\/www.sonoraenequipo.com.mx\/#website\",\"url\":\"https:\/\/www.sonoraenequipo.com.mx\/\",\"name\":\"Sonora en Equipo.\",\"description\":\"Diario en l\u00ednea con Noticias desde Hermosillo, Sonora\",\"publisher\":{\"@id\":\"https:\/\/www.sonoraenequipo.com.mx\/#organization\"},\"potentialAction\":[{\"@type\":\"SearchAction\",\"target\":{\"@type\":\"EntryPoint\",\"urlTemplate\":\"https:\/\/www.sonoraenequipo.com.mx\/?s={search_term_string}\"},\"query-input\":{\"@type\":\"PropertyValueSpecification\",\"valueRequired\":true,\"valueName\":\"search_term_string\"}}],\"inLanguage\":\"es\"},{\"@type\":\"Organization\",\"@id\":\"https:\/\/www.sonoraenequipo.com.mx\/#organization\",\"name\":\"Sonoraenequipo.com.mx\",\"url\":\"https:\/\/www.sonoraenequipo.com.mx\/\",\"logo\":{\"@type\":\"ImageObject\",\"inLanguage\":\"es\",\"@id\":\"https:\/\/www.sonoraenequipo.com.mx\/#\/schema\/logo\/image\/\",\"url\":\"https:\/\/www.sonoraenequipo.com.mx\/storage\/2019\/01\/sonoraenequipo_opt.png\",\"contentUrl\":\"https:\/\/www.sonoraenequipo.com.mx\/storage\/2019\/01\/sonoraenequipo_opt.png\",\"width\":375,\"height\":125,\"caption\":\"Sonoraenequipo.com.mx\"},\"image\":{\"@id\":\"https:\/\/www.sonoraenequipo.com.mx\/#\/schema\/logo\/image\/\"},\"sameAs\":[\"https:\/\/www.facebook.com\/SonoraEE\/\",\"https:\/\/x.com\/sonoraenequipo\",\"https:\/\/www.youtube.com\/channel\/UC338nW-lPEYmJQs4ZABQ1SQ\"]},{\"@type\":\"Person\",\"@id\":\"https:\/\/www.sonoraenequipo.com.mx\/#\/schema\/person\/50102df0fb23a8fa9e8effad8fa81386\",\"name\":\"enequipo\",\"image\":{\"@type\":\"ImageObject\",\"inLanguage\":\"es\",\"@id\":\"https:\/\/www.sonoraenequipo.com.mx\/#\/schema\/person\/image\/\",\"url\":\"https:\/\/secure.gravatar.com\/avatar\/049821681b589dabc0bc20695993ccebb09f5b5d4d790cd9251b97faac7c652b?s=96&d=blank&r=g\",\"contentUrl\":\"https:\/\/secure.gravatar.com\/avatar\/049821681b589dabc0bc20695993ccebb09f5b5d4d790cd9251b97faac7c652b?s=96&d=blank&r=g\",\"caption\":\"enequipo\"},\"sameAs\":[\"https:\/\/www.facebook.com\/SonoraEE\"]}]}<\/script>\n ","yoast_head_json":{"title":"Sonora en Equipo. El d\u00eda 21 y 22 de octubre habr\u00e1 lluvia de estrellas Ori\u00f3nidas en M\u00e9xico Rep\u00fablica","description":"CIUDAD DE M\u00c9XICO. MX. \u2014\u00a0 El universo es un lugar m\u00e1gico y misterioso que nos asombra constantemente con sus maravillas y fant\u00e1sticas vistas. Este mes de En Sonora en Equipo publicamos toda la informaci\u00f3n de Sonora, M\u00e9xico y el Mundo de manera oportuna y busca que la libertad de expresi\u00f3n sea real. Visita nuestro medio informativo publicado desde Hermosillo, Sonora. %","robots":{"index":"index","follow":"follow","max-snippet":"max-snippet:-1","max-image-preview":"max-image-preview:large","max-video-preview":"max-video-preview:-1"},"canonical":"https:\/\/www.sonoraenequipo.com.mx\/el-dia-21-y-22-de-octubre-habra-lluvia-de-estrellas-orionidas-en-mexico\/","og_locale":"es_ES","og_type":"article","og_title":"Sonora en Equipo. El d\u00eda 21 y 22 de octubre habr\u00e1 lluvia de estrellas Ori\u00f3nidas en M\u00e9xico Rep\u00fablica","og_description":"CIUDAD DE M\u00c9XICO. MX. \u2014\u00a0 El universo es un lugar m\u00e1gico y misterioso que nos asombra constantemente con sus maravillas y fant\u00e1sticas vistas. Este mes de En Sonora en Equipo publicamos toda la informaci\u00f3n de Sonora, M\u00e9xico y el Mundo de manera oportuna y busca que la libertad de expresi\u00f3n sea real. Visita nuestro medio informativo publicado desde Hermosillo, Sonora. %","og_url":"https:\/\/www.sonoraenequipo.com.mx\/el-dia-21-y-22-de-octubre-habra-lluvia-de-estrellas-orionidas-en-mexico\/","og_site_name":"Sonora en Equipo.","article_publisher":"https:\/\/www.facebook.com\/SonoraEE\/","article_author":"https:\/\/www.facebook.com\/SonoraEE","article_published_time":"2025-10-20T03:25:35+00:00","article_modified_time":"2025-10-20T04:22:24+00:00","og_image":[{"width":1074,"height":638,"url":"https:\/\/www.sonoraenequipo.com.mx\/storage\/2025\/10\/lluvia_de_estrellas_orixnidas-2025-min.jpg","type":"image\/jpeg"}],"author":"enequipo","twitter_card":"summary_large_image","twitter_creator":"@sonoraenequipo","twitter_site":"@sonoraenequipo","twitter_misc":{"Escrito por":"enequipo","Tiempo de lectura":"2 minutos"},"schema":{"@context":"https:\/\/schema.org","@graph":[{"@type":"Article","@id":"https:\/\/www.sonoraenequipo.com.mx\/el-dia-21-y-22-de-octubre-habra-lluvia-de-estrellas-orionidas-en-mexico\/#article","isPartOf":{"@id":"https:\/\/www.sonoraenequipo.com.mx\/el-dia-21-y-22-de-octubre-habra-lluvia-de-estrellas-orionidas-en-mexico\/"},"author":{"name":"enequipo","@id":"https:\/\/www.sonoraenequipo.com.mx\/#\/schema\/person\/50102df0fb23a8fa9e8effad8fa81386"},"headline":"El d\u00eda 21 y 22 de octubre habr\u00e1 lluvia de estrellas Ori\u00f3nidas en M\u00e9xico","datePublished":"2025-10-20T03:25:35+00:00","dateModified":"2025-10-20T04:22:24+00:00","mainEntityOfPage":{"@id":"https:\/\/www.sonoraenequipo.com.mx\/el-dia-21-y-22-de-octubre-habra-lluvia-de-estrellas-orionidas-en-mexico\/"},"wordCount":424,"commentCount":0,"publisher":{"@id":"https:\/\/www.sonoraenequipo.com.mx\/#organization"},"image":{"@id":"https:\/\/www.sonoraenequipo.com.mx\/el-dia-21-y-22-de-octubre-habra-lluvia-de-estrellas-orionidas-en-mexico\/#primaryimage"},"thumbnailUrl":"https:\/\/www.sonoraenequipo.com.mx\/storage\/2025\/10\/lluvia_de_estrellas_orixnidas-2025-min.jpg","articleSection":["Rep\u00fablica"],"inLanguage":"es","potentialAction":[{"@type":"CommentAction","name":"Comment","target":["https:\/\/www.sonoraenequipo.com.mx\/el-dia-21-y-22-de-octubre-habra-lluvia-de-estrellas-orionidas-en-mexico\/#respond"]}]},{"@type":"WebPage","@id":"https:\/\/www.sonoraenequipo.com.mx\/el-dia-21-y-22-de-octubre-habra-lluvia-de-estrellas-orionidas-en-mexico\/","url":"https:\/\/www.sonoraenequipo.com.mx\/el-dia-21-y-22-de-octubre-habra-lluvia-de-estrellas-orionidas-en-mexico\/","name":"Sonora en Equipo. El d\u00eda 21 y 22 de octubre habr\u00e1 lluvia de estrellas Ori\u00f3nidas en M\u00e9xico Rep\u00fablica","isPartOf":{"@id":"https:\/\/www.sonoraenequipo.com.mx\/#website"},"primaryImageOfPage":{"@id":"https:\/\/www.sonoraenequipo.com.mx\/el-dia-21-y-22-de-octubre-habra-lluvia-de-estrellas-orionidas-en-mexico\/#primaryimage"},"image":{"@id":"https:\/\/www.sonoraenequipo.com.mx\/el-dia-21-y-22-de-octubre-habra-lluvia-de-estrellas-orionidas-en-mexico\/#primaryimage"},"thumbnailUrl":"https:\/\/www.sonoraenequipo.com.mx\/storage\/2025\/10\/lluvia_de_estrellas_orixnidas-2025-min.jpg","datePublished":"2025-10-20T03:25:35+00:00","dateModified":"2025-10-20T04:22:24+00:00","description":"CIUDAD DE M\u00c9XICO. MX. \u2014\u00a0 El universo es un lugar m\u00e1gico y misterioso que nos asombra constantemente con sus maravillas y fant\u00e1sticas vistas. Este mes de En Sonora en Equipo publicamos toda la informaci\u00f3n de Sonora, M\u00e9xico y el Mundo de manera oportuna y busca que la libertad de expresi\u00f3n sea real. Visita nuestro medio informativo publicado desde Hermosillo, Sonora. %","breadcrumb":{"@id":"https:\/\/www.sonoraenequipo.com.mx\/el-dia-21-y-22-de-octubre-habra-lluvia-de-estrellas-orionidas-en-mexico\/#breadcrumb"},"inLanguage":"es","potentialAction":[{"@type":"ReadAction","target":["https:\/\/www.sonoraenequipo.com.mx\/el-dia-21-y-22-de-octubre-habra-lluvia-de-estrellas-orionidas-en-mexico\/"]}]},{"@type":"ImageObject","inLanguage":"es","@id":"https:\/\/www.sonoraenequipo.com.mx\/el-dia-21-y-22-de-octubre-habra-lluvia-de-estrellas-orionidas-en-mexico\/#primaryimage","url":"https:\/\/www.sonoraenequipo.com.mx\/storage\/2025\/10\/lluvia_de_estrellas_orixnidas-2025-min.jpg","contentUrl":"https:\/\/www.sonoraenequipo.com.mx\/storage\/2025\/10\/lluvia_de_estrellas_orixnidas-2025-min.jpg","width":1074,"height":638},{"@type":"BreadcrumbList","@id":"https:\/\/www.sonoraenequipo.com.mx\/el-dia-21-y-22-de-octubre-habra-lluvia-de-estrellas-orionidas-en-mexico\/#breadcrumb","itemListElement":[{"@type":"ListItem","position":1,"name":"Portada","item":"https:\/\/www.sonoraenequipo.com.mx\/"},{"@type":"ListItem","position":2,"name":"El d\u00eda 21 y 22 de octubre habr\u00e1 lluvia de estrellas Ori\u00f3nidas en M\u00e9xico"}]},{"@type":"WebSite","@id":"https:\/\/www.sonoraenequipo.com.mx\/#website","url":"https:\/\/www.sonoraenequipo.com.mx\/","name":"Sonora en Equipo.","description":"Diario en l\u00ednea con Noticias desde Hermosillo, Sonora","publisher":{"@id":"https:\/\/www.sonoraenequipo.com.mx\/#organization"},"potentialAction":[{"@type":"SearchAction","target":{"@type":"EntryPoint","urlTemplate":"https:\/\/www.sonoraenequipo.com.mx\/?s={search_term_string}"},"query-input":{"@type":"PropertyValueSpecification","valueRequired":true,"valueName":"search_term_string"}}],"inLanguage":"es"},{"@type":"Organization","@id":"https:\/\/www.sonoraenequipo.com.mx\/#organization","name":"Sonoraenequipo.com.mx","url":"https:\/\/www.sonoraenequipo.com.mx\/","logo":{"@type":"ImageObject","inLanguage":"es","@id":"https:\/\/www.sonoraenequipo.com.mx\/#\/schema\/logo\/image\/","url":"https:\/\/www.sonoraenequipo.com.mx\/storage\/2019\/01\/sonoraenequipo_opt.png","contentUrl":"https:\/\/www.sonoraenequipo.com.mx\/storage\/2019\/01\/sonoraenequipo_opt.png","width":375,"height":125,"caption":"Sonoraenequipo.com.mx"},"image":{"@id":"https:\/\/www.sonoraenequipo.com.mx\/#\/schema\/logo\/image\/"},"sameAs":["https:\/\/www.facebook.com\/SonoraEE\/","https:\/\/x.com\/sonoraenequipo","https:\/\/www.youtube.com\/channel\/UC338nW-lPEYmJQs4ZABQ1SQ"]},{"@type":"Person","@id":"https:\/\/www.sonoraenequipo.com.mx\/#\/schema\/person\/50102df0fb23a8fa9e8effad8fa81386","name":"enequipo","image":{"@type":"ImageObject","inLanguage":"es","@id":"https:\/\/www.sonoraenequipo.com.mx\/#\/schema\/person\/image\/","url":"https:\/\/secure.gravatar.com\/avatar\/049821681b589dabc0bc20695993ccebb09f5b5d4d790cd9251b97faac7c652b?s=96&d=blank&r=g","contentUrl":"https:\/\/secure.gravatar.com\/avatar\/049821681b589dabc0bc20695993ccebb09f5b5d4d790cd9251b97faac7c652b?s=96&d=blank&r=g","caption":"enequipo"},"sameAs":["https:\/\/www.facebook.com\/SonoraEE"]}]}},"jetpack_featured_media_url":"https:\/\/www.sonoraenequipo.com.mx\/storage\/2025\/10\/lluvia_de_estrellas_orixnidas-2025-min.jpg","_links":{"self":[{"href":"https:\/\/www.sonoraenequipo.com.mx\/api\/wp\/v2\/posts\/226700","targetHints":{"allow":["GET"]}}],"collection":[{"href":"https:\/\/www.sonoraenequipo.com.mx\/api\/wp\/v2\/posts"}],"about":[{"href":"https:\/\/www.sonoraenequipo.com.mx\/api\/wp\/v2\/types\/post"}],"author":[{"embeddable":true,"href":"https:\/\/www.sonoraenequipo.com.mx\/api\/wp\/v2\/users\/1"}],"replies":[{"embeddable":true,"href":"https:\/\/www.sonoraenequipo.com.mx\/api\/wp\/v2\/comments?post=226700"}],"version-history":[{"count":2,"href":"https:\/\/www.sonoraenequipo.com.mx\/api\/wp\/v2\/posts\/226700\/revisions"}],"predecessor-version":[{"id":226702,"href":"https:\/\/www.sonoraenequipo.com.mx\/api\/wp\/v2\/posts\/226700\/revisions\/226702"}],"wp:featuredmedia":[{"embeddable":true,"href":"https:\/\/www.sonoraenequipo.com.mx\/api\/wp\/v2\/media\/226687"}],"wp:attachment":[{"href":"https:\/\/www.sonoraenequipo.com.mx\/api\/wp\/v2\/media?parent=226700"}],"wp:term":[{"taxonomy":"category","embeddable":true,"href":"https:\/\/www.sonoraenequipo.com.mx\/api\/wp\/v2\/categories?post=226700"},{"taxonomy":"post_tag","embeddable":true,"href":"https:\/\/www.sonoraenequipo.com.mx\/api\/wp\/v2\/tags?post=226700"}],"curies":[{"name":"wp","href":"https:\/\/api.w.org\/{rel}","templated":true}]}}