{"id":226705,"date":"2025-10-19T21:39:16","date_gmt":"2025-10-20T04:39:16","guid":{"rendered":"https:\/\/www.sonoraenequipo.com.mx\/?p=226705"},"modified":"2025-10-19T21:45:52","modified_gmt":"2025-10-20T04:45:52","slug":"realiza-gobierno-de-sonora-caminata-conmemorativa-de-la-lucha-contra-el-cancer-de-mama","status":"publish","type":"post","link":"https:\/\/www.sonoraenequipo.com.mx\/realiza-gobierno-de-sonora-caminata-conmemorativa-de-la-lucha-contra-el-cancer-de-mama\/","title":{"rendered":"Realiza Gobierno de Sonora Caminata Conmemorativa de la Lucha Contra el C\u00e1ncer de Mama"},"content":{"rendered":"<p><strong>HERMOSILLO, SONORA.MX. \u2014\u00a0<\/strong> Con el prop\u00f3sito de promover la prevenci\u00f3n de enfermedades oncol\u00f3gicas en mujeres, adem\u00e1s de brindar un mensaje de esperanza, el Gobierno de Sonora, a trav\u00e9s de la Secretar\u00eda de Salud, llev\u00f3 a cabo la Caminata Conmemorativa de la Lucha Contra el C\u00e1ncer de Mama.<\/p>\n<p>&nbsp;<\/p>\n<p>&nbsp;<\/p>\n<p>&nbsp;<\/p>\n<p> <\/p>\n<p>El contingente, integrado por alrededor de 800 personas, inici\u00f3 el recorrido en la Plaza Emiliana de Zubeld\u00eda y descendi\u00f3 hacia el sur por la calle Rosales y el bulevar Vild\u00f3sola hasta llegar al Centro de Gobierno.<\/p>\n<p>&nbsp;<\/p>\n<p>&nbsp;<\/p>\n<p>El secretario de Salud, Jos\u00e9 Luis Alom\u00eda Zegarra, se dirigi\u00f3 a la multitud para ofrecer un mensaje de apoyo y concientizaci\u00f3n en el marco del Mes de Sensibilizaci\u00f3n sobre el C\u00e1ncer de Mama.<\/p>\n<p>&nbsp;<\/p>\n<p>&nbsp;<\/p>\n<p>&nbsp;<\/p>\n<p><em><strong>\u201cLa prevenci\u00f3n va de la mano de h\u00e1bitos saludables: lo que hicimos hoy, activaci\u00f3n f\u00edsica, generar una dieta balanceada, descansar adecuadamente y, por supuesto, la detecci\u00f3n oportuna, que es lo que todos juntos, como un gran equipo de salud, estamos promoviendo el d\u00eda de hoy\u201d,<\/strong><\/em> expres\u00f3.<\/p>\n<p>&nbsp;<\/p>\n<p><img loading=\"lazy\" decoding=\"async\" class=\"x-center size-full \" src=\"https:\/\/www.sonoraenequipo.com.mx\/storage\/2025\/10\/cander.-marcha-min.jpg\" alt=\"\" width=\"1200\" height=\"675\" \/><\/p>\n<p>De acuerdo con el titular de los Servicios de Salud, las mujeres deben iniciar la autoexploraci\u00f3n mamaria a partir de los 25 a\u00f1os de edad, continuar con revisiones peri\u00f3dicas realizadas por profesionales de la salud y, finalmente, a partir de los 40 a\u00f1os, realizarse una mastograf\u00eda al menos una vez cada dos a\u00f1os.<\/p>\n<p>&nbsp;<\/p>\n<p>&nbsp;<\/p>\n<p>&nbsp;<\/p>\n<p>Con estas acciones, el Gobierno de Sonora reafirma su solidaridad con las y los habitantes de la entidad, y especialmente con las mujeres que enfrentan una condici\u00f3n oncol\u00f3gica.<\/p>\n<p>&nbsp;<\/p>\n<p>&nbsp;<\/p>\n<p>&nbsp;<\/p>\n<p>PUBLICADO EL 19 DE OCTUBRE DE 2025 Con informaci\u00f3n de GOBSON 1025\/203)<\/p>\n","protected":false},"excerpt":{"rendered":"<p>HERMOSILLO, SONORA.MX. \u2014\u00a0 Con el prop\u00f3sito de promover la prevenci\u00f3n de enfermedades oncol\u00f3gicas en mujeres,&#8230;<\/p>\n","protected":false},"author":1,"featured_media":226706,"comment_status":"open","ping_status":"open","sticky":false,"template":"","format":"standard","meta":{"_monsterinsights_skip_tracking":false,"_monsterinsights_sitenote_active":false,"_monsterinsights_sitenote_note":"","_monsterinsights_sitenote_category":0,"footnotes":""},"categories":[22],"tags":[],"class_list":["post"],"yoast_head":" \n<title>Sonora en Equipo. Realiza Gobierno de Sonora Caminata Conmemorativa de la Lucha Contra el C\u00e1ncer de Mama Sonora<\/title>\n<meta name=\"description\" content=\"HERMOSILLO, SONORA.MX. \u2014\u00a0 Con el prop\u00f3sito de promover la prevenci\u00f3n de enfermedades oncol\u00f3gicas en mujeres, adem\u00e1s de brindar un mensaje de esperanza, el En Sonora en Equipo publicamos toda la informaci\u00f3n de Sonora, M\u00e9xico y el Mundo de manera oportuna y busca que la libertad de expresi\u00f3n sea real. Visita nuestro medio informativo publicado desde Hermosillo, Sonora. %\" \/>\n<meta name=\"robots\" content=\"index, follow, max-snippet:-1, max-image-preview:large, max-video-preview:-1\" \/>\n<link rel=\"canonical\" href=\"https:\/\/www.sonoraenequipo.com.mx\/realiza-gobierno-de-sonora-caminata-conmemorativa-de-la-lucha-contra-el-cancer-de-mama\/\" \/>\n<meta property=\"og:locale\" content=\"es_ES\" \/>\n<meta property=\"og:type\" content=\"article\" \/>\n<meta property=\"og:title\" content=\"Sonora en Equipo. Realiza Gobierno de Sonora Caminata Conmemorativa de la Lucha Contra el C\u00e1ncer de Mama Sonora\" \/>\n<meta property=\"og:description\" content=\"HERMOSILLO, SONORA.MX. \u2014\u00a0 Con el prop\u00f3sito de promover la prevenci\u00f3n de enfermedades oncol\u00f3gicas en mujeres, adem\u00e1s de brindar un mensaje de esperanza, el En Sonora en Equipo publicamos toda la informaci\u00f3n de Sonora, M\u00e9xico y el Mundo de manera oportuna y busca que la libertad de expresi\u00f3n sea real. Visita nuestro medio informativo publicado desde Hermosillo, Sonora. %\" \/>\n<meta property=\"og:url\" content=\"https:\/\/www.sonoraenequipo.com.mx\/realiza-gobierno-de-sonora-caminata-conmemorativa-de-la-lucha-contra-el-cancer-de-mama\/\" \/>\n<meta property=\"og:site_name\" content=\"Sonora en Equipo.\" \/>\n<meta property=\"article:publisher\" content=\"https:\/\/www.facebook.com\/SonoraEE\/\" \/>\n<meta property=\"article:author\" content=\"https:\/\/www.facebook.com\/SonoraEE\" \/>\n<meta property=\"article:published_time\" content=\"2025-10-20T04:39:16+00:00\" \/>\n<meta property=\"article:modified_time\" content=\"2025-10-20T04:45:52+00:00\" \/>\n<meta property=\"og:image\" content=\"https:\/\/www.sonoraenequipo.com.mx\/storage\/2025\/10\/unnamed-1-min.jpg\" \/>\n\t<meta property=\"og:image:width\" content=\"1200\" \/>\n\t<meta property=\"og:image:height\" content=\"606\" \/>\n\t<meta property=\"og:image:type\" content=\"image\/jpeg\" \/>\n<meta name=\"author\" content=\"enequipo\" \/>\n<meta name=\"twitter:card\" content=\"summary_large_image\" \/>\n<meta name=\"twitter:creator\" content=\"@sonoraenequipo\" \/>\n<meta name=\"twitter:site\" content=\"@sonoraenequipo\" \/>\n<meta name=\"twitter:label1\" content=\"Escrito por\" \/>\n\t<meta name=\"twitter:data1\" content=\"enequipo\" \/>\n\t<meta name=\"twitter:label2\" content=\"Tiempo de lectura\" \/>\n\t<meta name=\"twitter:data2\" content=\"1 minuto\" \/>\n<script type=\"application\/ld+json\" class=\"yoast-schema-graph\">{\"@context\":\"https:\/\/schema.org\",\"@graph\":[{\"@type\":\"Article\",\"@id\":\"https:\/\/www.sonoraenequipo.com.mx\/realiza-gobierno-de-sonora-caminata-conmemorativa-de-la-lucha-contra-el-cancer-de-mama\/#article\",\"isPartOf\":{\"@id\":\"https:\/\/www.sonoraenequipo.com.mx\/realiza-gobierno-de-sonora-caminata-conmemorativa-de-la-lucha-contra-el-cancer-de-mama\/\"},\"author\":{\"name\":\"enequipo\",\"@id\":\"https:\/\/www.sonoraenequipo.com.mx\/#\/schema\/person\/50102df0fb23a8fa9e8effad8fa81386\"},\"headline\":\"Realiza Gobierno de Sonora Caminata Conmemorativa de la Lucha Contra el C\u00e1ncer de Mama\",\"datePublished\":\"2025-10-20T04:39:16+00:00\",\"dateModified\":\"2025-10-20T04:45:52+00:00\",\"mainEntityOfPage\":{\"@id\":\"https:\/\/www.sonoraenequipo.com.mx\/realiza-gobierno-de-sonora-caminata-conmemorativa-de-la-lucha-contra-el-cancer-de-mama\/\"},\"wordCount\":307,\"commentCount\":0,\"publisher\":{\"@id\":\"https:\/\/www.sonoraenequipo.com.mx\/#organization\"},\"image\":{\"@id\":\"https:\/\/www.sonoraenequipo.com.mx\/realiza-gobierno-de-sonora-caminata-conmemorativa-de-la-lucha-contra-el-cancer-de-mama\/#primaryimage\"},\"thumbnailUrl\":\"https:\/\/www.sonoraenequipo.com.mx\/storage\/2025\/10\/unnamed-1-min.jpg\",\"articleSection\":[\"Sonora\"],\"inLanguage\":\"es\",\"potentialAction\":[{\"@type\":\"CommentAction\",\"name\":\"Comment\",\"target\":[\"https:\/\/www.sonoraenequipo.com.mx\/realiza-gobierno-de-sonora-caminata-conmemorativa-de-la-lucha-contra-el-cancer-de-mama\/#respond\"]}]},{\"@type\":\"WebPage\",\"@id\":\"https:\/\/www.sonoraenequipo.com.mx\/realiza-gobierno-de-sonora-caminata-conmemorativa-de-la-lucha-contra-el-cancer-de-mama\/\",\"url\":\"https:\/\/www.sonoraenequipo.com.mx\/realiza-gobierno-de-sonora-caminata-conmemorativa-de-la-lucha-contra-el-cancer-de-mama\/\",\"name\":\"Sonora en Equipo. Realiza Gobierno de Sonora Caminata Conmemorativa de la Lucha Contra el C\u00e1ncer de Mama Sonora\",\"isPartOf\":{\"@id\":\"https:\/\/www.sonoraenequipo.com.mx\/#website\"},\"primaryImageOfPage\":{\"@id\":\"https:\/\/www.sonoraenequipo.com.mx\/realiza-gobierno-de-sonora-caminata-conmemorativa-de-la-lucha-contra-el-cancer-de-mama\/#primaryimage\"},\"image\":{\"@id\":\"https:\/\/www.sonoraenequipo.com.mx\/realiza-gobierno-de-sonora-caminata-conmemorativa-de-la-lucha-contra-el-cancer-de-mama\/#primaryimage\"},\"thumbnailUrl\":\"https:\/\/www.sonoraenequipo.com.mx\/storage\/2025\/10\/unnamed-1-min.jpg\",\"datePublished\":\"2025-10-20T04:39:16+00:00\",\"dateModified\":\"2025-10-20T04:45:52+00:00\",\"description\":\"HERMOSILLO, SONORA.MX. \u2014\u00a0 Con el prop\u00f3sito de promover la prevenci\u00f3n de enfermedades oncol\u00f3gicas en mujeres, adem\u00e1s de brindar un mensaje de esperanza, el En Sonora en Equipo publicamos toda la informaci\u00f3n de Sonora, M\u00e9xico y el Mundo de manera oportuna y busca que la libertad de expresi\u00f3n sea real. Visita nuestro medio informativo publicado desde Hermosillo, Sonora. %\",\"breadcrumb\":{\"@id\":\"https:\/\/www.sonoraenequipo.com.mx\/realiza-gobierno-de-sonora-caminata-conmemorativa-de-la-lucha-contra-el-cancer-de-mama\/#breadcrumb\"},\"inLanguage\":\"es\",\"potentialAction\":[{\"@type\":\"ReadAction\",\"target\":[\"https:\/\/www.sonoraenequipo.com.mx\/realiza-gobierno-de-sonora-caminata-conmemorativa-de-la-lucha-contra-el-cancer-de-mama\/\"]}]},{\"@type\":\"ImageObject\",\"inLanguage\":\"es\",\"@id\":\"https:\/\/www.sonoraenequipo.com.mx\/realiza-gobierno-de-sonora-caminata-conmemorativa-de-la-lucha-contra-el-cancer-de-mama\/#primaryimage\",\"url\":\"https:\/\/www.sonoraenequipo.com.mx\/storage\/2025\/10\/unnamed-1-min.jpg\",\"contentUrl\":\"https:\/\/www.sonoraenequipo.com.mx\/storage\/2025\/10\/unnamed-1-min.jpg\",\"width\":1200,\"height\":606},{\"@type\":\"BreadcrumbList\",\"@id\":\"https:\/\/www.sonoraenequipo.com.mx\/realiza-gobierno-de-sonora-caminata-conmemorativa-de-la-lucha-contra-el-cancer-de-mama\/#breadcrumb\",\"itemListElement\":[{\"@type\":\"ListItem\",\"position\":1,\"name\":\"Portada\",\"item\":\"https:\/\/www.sonoraenequipo.com.mx\/\"},{\"@type\":\"ListItem\",\"position\":2,\"name\":\"Realiza Gobierno de Sonora Caminata Conmemorativa de la Lucha Contra el C\u00e1ncer de Mama\"}]},{\"@type\":\"WebSite\",\"@id\":\"https:\/\/www.sonoraenequipo.com.mx\/#website\",\"url\":\"https:\/\/www.sonoraenequipo.com.mx\/\",\"name\":\"Sonora en Equipo.\",\"description\":\"Diario en l\u00ednea con Noticias desde Hermosillo, Sonora\",\"publisher\":{\"@id\":\"https:\/\/www.sonoraenequipo.com.mx\/#organization\"},\"potentialAction\":[{\"@type\":\"SearchAction\",\"target\":{\"@type\":\"EntryPoint\",\"urlTemplate\":\"https:\/\/www.sonoraenequipo.com.mx\/?s={search_term_string}\"},\"query-input\":{\"@type\":\"PropertyValueSpecification\",\"valueRequired\":true,\"valueName\":\"search_term_string\"}}],\"inLanguage\":\"es\"},{\"@type\":\"Organization\",\"@id\":\"https:\/\/www.sonoraenequipo.com.mx\/#organization\",\"name\":\"Sonoraenequipo.com.mx\",\"url\":\"https:\/\/www.sonoraenequipo.com.mx\/\",\"logo\":{\"@type\":\"ImageObject\",\"inLanguage\":\"es\",\"@id\":\"https:\/\/www.sonoraenequipo.com.mx\/#\/schema\/logo\/image\/\",\"url\":\"https:\/\/www.sonoraenequipo.com.mx\/storage\/2019\/01\/sonoraenequipo_opt.png\",\"contentUrl\":\"https:\/\/www.sonoraenequipo.com.mx\/storage\/2019\/01\/sonoraenequipo_opt.png\",\"width\":375,\"height\":125,\"caption\":\"Sonoraenequipo.com.mx\"},\"image\":{\"@id\":\"https:\/\/www.sonoraenequipo.com.mx\/#\/schema\/logo\/image\/\"},\"sameAs\":[\"https:\/\/www.facebook.com\/SonoraEE\/\",\"https:\/\/x.com\/sonoraenequipo\",\"https:\/\/www.youtube.com\/channel\/UC338nW-lPEYmJQs4ZABQ1SQ\"]},{\"@type\":\"Person\",\"@id\":\"https:\/\/www.sonoraenequipo.com.mx\/#\/schema\/person\/50102df0fb23a8fa9e8effad8fa81386\",\"name\":\"enequipo\",\"image\":{\"@type\":\"ImageObject\",\"inLanguage\":\"es\",\"@id\":\"https:\/\/www.sonoraenequipo.com.mx\/#\/schema\/person\/image\/\",\"url\":\"https:\/\/secure.gravatar.com\/avatar\/049821681b589dabc0bc20695993ccebb09f5b5d4d790cd9251b97faac7c652b?s=96&d=blank&r=g\",\"contentUrl\":\"https:\/\/secure.gravatar.com\/avatar\/049821681b589dabc0bc20695993ccebb09f5b5d4d790cd9251b97faac7c652b?s=96&d=blank&r=g\",\"caption\":\"enequipo\"},\"sameAs\":[\"https:\/\/www.facebook.com\/SonoraEE\"]}]}<\/script>\n ","yoast_head_json":{"title":"Sonora en Equipo. Realiza Gobierno de Sonora Caminata Conmemorativa de la Lucha Contra el C\u00e1ncer de Mama Sonora","description":"HERMOSILLO, SONORA.MX. \u2014\u00a0 Con el prop\u00f3sito de promover la prevenci\u00f3n de enfermedades oncol\u00f3gicas en mujeres, adem\u00e1s de brindar un mensaje de esperanza, el En Sonora en Equipo publicamos toda la informaci\u00f3n de Sonora, M\u00e9xico y el Mundo de manera oportuna y busca que la libertad de expresi\u00f3n sea real. Visita nuestro medio informativo publicado desde Hermosillo, Sonora. %","robots":{"index":"index","follow":"follow","max-snippet":"max-snippet:-1","max-image-preview":"max-image-preview:large","max-video-preview":"max-video-preview:-1"},"canonical":"https:\/\/www.sonoraenequipo.com.mx\/realiza-gobierno-de-sonora-caminata-conmemorativa-de-la-lucha-contra-el-cancer-de-mama\/","og_locale":"es_ES","og_type":"article","og_title":"Sonora en Equipo. Realiza Gobierno de Sonora Caminata Conmemorativa de la Lucha Contra el C\u00e1ncer de Mama Sonora","og_description":"HERMOSILLO, SONORA.MX. \u2014\u00a0 Con el prop\u00f3sito de promover la prevenci\u00f3n de enfermedades oncol\u00f3gicas en mujeres, adem\u00e1s de brindar un mensaje de esperanza, el En Sonora en Equipo publicamos toda la informaci\u00f3n de Sonora, M\u00e9xico y el Mundo de manera oportuna y busca que la libertad de expresi\u00f3n sea real. Visita nuestro medio informativo publicado desde Hermosillo, Sonora. %","og_url":"https:\/\/www.sonoraenequipo.com.mx\/realiza-gobierno-de-sonora-caminata-conmemorativa-de-la-lucha-contra-el-cancer-de-mama\/","og_site_name":"Sonora en Equipo.","article_publisher":"https:\/\/www.facebook.com\/SonoraEE\/","article_author":"https:\/\/www.facebook.com\/SonoraEE","article_published_time":"2025-10-20T04:39:16+00:00","article_modified_time":"2025-10-20T04:45:52+00:00","og_image":[{"width":1200,"height":606,"url":"https:\/\/www.sonoraenequipo.com.mx\/storage\/2025\/10\/unnamed-1-min.jpg","type":"image\/jpeg"}],"author":"enequipo","twitter_card":"summary_large_image","twitter_creator":"@sonoraenequipo","twitter_site":"@sonoraenequipo","twitter_misc":{"Escrito por":"enequipo","Tiempo de lectura":"1 minuto"},"schema":{"@context":"https:\/\/schema.org","@graph":[{"@type":"Article","@id":"https:\/\/www.sonoraenequipo.com.mx\/realiza-gobierno-de-sonora-caminata-conmemorativa-de-la-lucha-contra-el-cancer-de-mama\/#article","isPartOf":{"@id":"https:\/\/www.sonoraenequipo.com.mx\/realiza-gobierno-de-sonora-caminata-conmemorativa-de-la-lucha-contra-el-cancer-de-mama\/"},"author":{"name":"enequipo","@id":"https:\/\/www.sonoraenequipo.com.mx\/#\/schema\/person\/50102df0fb23a8fa9e8effad8fa81386"},"headline":"Realiza Gobierno de Sonora Caminata Conmemorativa de la Lucha Contra el C\u00e1ncer de Mama","datePublished":"2025-10-20T04:39:16+00:00","dateModified":"2025-10-20T04:45:52+00:00","mainEntityOfPage":{"@id":"https:\/\/www.sonoraenequipo.com.mx\/realiza-gobierno-de-sonora-caminata-conmemorativa-de-la-lucha-contra-el-cancer-de-mama\/"},"wordCount":307,"commentCount":0,"publisher":{"@id":"https:\/\/www.sonoraenequipo.com.mx\/#organization"},"image":{"@id":"https:\/\/www.sonoraenequipo.com.mx\/realiza-gobierno-de-sonora-caminata-conmemorativa-de-la-lucha-contra-el-cancer-de-mama\/#primaryimage"},"thumbnailUrl":"https:\/\/www.sonoraenequipo.com.mx\/storage\/2025\/10\/unnamed-1-min.jpg","articleSection":["Sonora"],"inLanguage":"es","potentialAction":[{"@type":"CommentAction","name":"Comment","target":["https:\/\/www.sonoraenequipo.com.mx\/realiza-gobierno-de-sonora-caminata-conmemorativa-de-la-lucha-contra-el-cancer-de-mama\/#respond"]}]},{"@type":"WebPage","@id":"https:\/\/www.sonoraenequipo.com.mx\/realiza-gobierno-de-sonora-caminata-conmemorativa-de-la-lucha-contra-el-cancer-de-mama\/","url":"https:\/\/www.sonoraenequipo.com.mx\/realiza-gobierno-de-sonora-caminata-conmemorativa-de-la-lucha-contra-el-cancer-de-mama\/","name":"Sonora en Equipo. Realiza Gobierno de Sonora Caminata Conmemorativa de la Lucha Contra el C\u00e1ncer de Mama Sonora","isPartOf":{"@id":"https:\/\/www.sonoraenequipo.com.mx\/#website"},"primaryImageOfPage":{"@id":"https:\/\/www.sonoraenequipo.com.mx\/realiza-gobierno-de-sonora-caminata-conmemorativa-de-la-lucha-contra-el-cancer-de-mama\/#primaryimage"},"image":{"@id":"https:\/\/www.sonoraenequipo.com.mx\/realiza-gobierno-de-sonora-caminata-conmemorativa-de-la-lucha-contra-el-cancer-de-mama\/#primaryimage"},"thumbnailUrl":"https:\/\/www.sonoraenequipo.com.mx\/storage\/2025\/10\/unnamed-1-min.jpg","datePublished":"2025-10-20T04:39:16+00:00","dateModified":"2025-10-20T04:45:52+00:00","description":"HERMOSILLO, SONORA.MX. \u2014\u00a0 Con el prop\u00f3sito de promover la prevenci\u00f3n de enfermedades oncol\u00f3gicas en mujeres, adem\u00e1s de brindar un mensaje de esperanza, el En Sonora en Equipo publicamos toda la informaci\u00f3n de Sonora, M\u00e9xico y el Mundo de manera oportuna y busca que la libertad de expresi\u00f3n sea real. Visita nuestro medio informativo publicado desde Hermosillo, Sonora. %","breadcrumb":{"@id":"https:\/\/www.sonoraenequipo.com.mx\/realiza-gobierno-de-sonora-caminata-conmemorativa-de-la-lucha-contra-el-cancer-de-mama\/#breadcrumb"},"inLanguage":"es","potentialAction":[{"@type":"ReadAction","target":["https:\/\/www.sonoraenequipo.com.mx\/realiza-gobierno-de-sonora-caminata-conmemorativa-de-la-lucha-contra-el-cancer-de-mama\/"]}]},{"@type":"ImageObject","inLanguage":"es","@id":"https:\/\/www.sonoraenequipo.com.mx\/realiza-gobierno-de-sonora-caminata-conmemorativa-de-la-lucha-contra-el-cancer-de-mama\/#primaryimage","url":"https:\/\/www.sonoraenequipo.com.mx\/storage\/2025\/10\/unnamed-1-min.jpg","contentUrl":"https:\/\/www.sonoraenequipo.com.mx\/storage\/2025\/10\/unnamed-1-min.jpg","width":1200,"height":606},{"@type":"BreadcrumbList","@id":"https:\/\/www.sonoraenequipo.com.mx\/realiza-gobierno-de-sonora-caminata-conmemorativa-de-la-lucha-contra-el-cancer-de-mama\/#breadcrumb","itemListElement":[{"@type":"ListItem","position":1,"name":"Portada","item":"https:\/\/www.sonoraenequipo.com.mx\/"},{"@type":"ListItem","position":2,"name":"Realiza Gobierno de Sonora Caminata Conmemorativa de la Lucha Contra el C\u00e1ncer de Mama"}]},{"@type":"WebSite","@id":"https:\/\/www.sonoraenequipo.com.mx\/#website","url":"https:\/\/www.sonoraenequipo.com.mx\/","name":"Sonora en Equipo.","description":"Diario en l\u00ednea con Noticias desde Hermosillo, Sonora","publisher":{"@id":"https:\/\/www.sonoraenequipo.com.mx\/#organization"},"potentialAction":[{"@type":"SearchAction","target":{"@type":"EntryPoint","urlTemplate":"https:\/\/www.sonoraenequipo.com.mx\/?s={search_term_string}"},"query-input":{"@type":"PropertyValueSpecification","valueRequired":true,"valueName":"search_term_string"}}],"inLanguage":"es"},{"@type":"Organization","@id":"https:\/\/www.sonoraenequipo.com.mx\/#organization","name":"Sonoraenequipo.com.mx","url":"https:\/\/www.sonoraenequipo.com.mx\/","logo":{"@type":"ImageObject","inLanguage":"es","@id":"https:\/\/www.sonoraenequipo.com.mx\/#\/schema\/logo\/image\/","url":"https:\/\/www.sonoraenequipo.com.mx\/storage\/2019\/01\/sonoraenequipo_opt.png","contentUrl":"https:\/\/www.sonoraenequipo.com.mx\/storage\/2019\/01\/sonoraenequipo_opt.png","width":375,"height":125,"caption":"Sonoraenequipo.com.mx"},"image":{"@id":"https:\/\/www.sonoraenequipo.com.mx\/#\/schema\/logo\/image\/"},"sameAs":["https:\/\/www.facebook.com\/SonoraEE\/","https:\/\/x.com\/sonoraenequipo","https:\/\/www.youtube.com\/channel\/UC338nW-lPEYmJQs4ZABQ1SQ"]},{"@type":"Person","@id":"https:\/\/www.sonoraenequipo.com.mx\/#\/schema\/person\/50102df0fb23a8fa9e8effad8fa81386","name":"enequipo","image":{"@type":"ImageObject","inLanguage":"es","@id":"https:\/\/www.sonoraenequipo.com.mx\/#\/schema\/person\/image\/","url":"https:\/\/secure.gravatar.com\/avatar\/049821681b589dabc0bc20695993ccebb09f5b5d4d790cd9251b97faac7c652b?s=96&d=blank&r=g","contentUrl":"https:\/\/secure.gravatar.com\/avatar\/049821681b589dabc0bc20695993ccebb09f5b5d4d790cd9251b97faac7c652b?s=96&d=blank&r=g","caption":"enequipo"},"sameAs":["https:\/\/www.facebook.com\/SonoraEE"]}]}},"jetpack_featured_media_url":"https:\/\/www.sonoraenequipo.com.mx\/storage\/2025\/10\/unnamed-1-min.jpg","_links":{"self":[{"href":"https:\/\/www.sonoraenequipo.com.mx\/api\/wp\/v2\/posts\/226705","targetHints":{"allow":["GET"]}}],"collection":[{"href":"https:\/\/www.sonoraenequipo.com.mx\/api\/wp\/v2\/posts"}],"about":[{"href":"https:\/\/www.sonoraenequipo.com.mx\/api\/wp\/v2\/types\/post"}],"author":[{"embeddable":true,"href":"https:\/\/www.sonoraenequipo.com.mx\/api\/wp\/v2\/users\/1"}],"replies":[{"embeddable":true,"href":"https:\/\/www.sonoraenequipo.com.mx\/api\/wp\/v2\/comments?post=226705"}],"version-history":[{"count":1,"href":"https:\/\/www.sonoraenequipo.com.mx\/api\/wp\/v2\/posts\/226705\/revisions"}],"predecessor-version":[{"id":226709,"href":"https:\/\/www.sonoraenequipo.com.mx\/api\/wp\/v2\/posts\/226705\/revisions\/226709"}],"wp:featuredmedia":[{"embeddable":true,"href":"https:\/\/www.sonoraenequipo.com.mx\/api\/wp\/v2\/media\/226706"}],"wp:attachment":[{"href":"https:\/\/www.sonoraenequipo.com.mx\/api\/wp\/v2\/media?parent=226705"}],"wp:term":[{"taxonomy":"category","embeddable":true,"href":"https:\/\/www.sonoraenequipo.com.mx\/api\/wp\/v2\/categories?post=226705"},{"taxonomy":"post_tag","embeddable":true,"href":"https:\/\/www.sonoraenequipo.com.mx\/api\/wp\/v2\/tags?post=226705"}],"curies":[{"name":"wp","href":"https:\/\/api.w.org\/{rel}","templated":true}]}}