{"id":226722,"date":"2025-10-20T11:45:32","date_gmt":"2025-10-20T18:45:32","guid":{"rendered":"https:\/\/www.sonoraenequipo.com.mx\/?p=226722"},"modified":"2025-10-20T14:01:10","modified_gmt":"2025-10-20T21:01:10","slug":"las-joyas-robadas-en-el-louvre-incluyen-los-diamantes-del-cardenal-mazarino","status":"publish","type":"post","link":"https:\/\/www.sonoraenequipo.com.mx\/las-joyas-robadas-en-el-louvre-incluyen-los-diamantes-del-cardenal-mazarino\/","title":{"rendered":"Las joyas robadas en el Louvre incluyen los diamantes del cardenal Mazarino"},"content":{"rendered":"<p><strong>PAR\u00cdS, FRANCIA. \u2014<\/strong> El cardenal Mazarino sucedi\u00f3 en el poder al famoso cardenal Richelieu como ministro principal de Francia. El prelado regal\u00f3 al rey Luis XIV dos valiosos diamantes de la India. Las piedras preciosas formaron parte de las joyas de la corona, pero salieron al extranjero despu\u00e9s de la Revoluci\u00f3n Francesa.<\/p>\n<p>&nbsp;<\/p>\n<p>&nbsp;<\/p>\n<p>&nbsp;<\/p>\n<p> <\/p>\n<p>Napole\u00f3n III se empe\u00f1\u00f3 en recuperar los diamantes dispersos y lo consigui\u00f3. Esas piedras del siglo XVII volvieron a ser engarzadas en un broche relicario que el emperador regal\u00f3 a su esposa Eugenia de Montijo. Esa joya de valor incalculable forma parte del bot\u00edn que los ladrones se han llevado del Museo del Louvre en solo cuatro minutos.<\/p>\n<p>&nbsp;<\/p>\n<p>&nbsp;<\/p>\n<p>Los diamantes de Mazarino se exhibieron en p\u00fablico en la gran exposici\u00f3n universal de Par\u00eds de 1855 celebrada en el Campo de Marte. Dos de esas gemas forman parte de uno de los broches sustra\u00eddos, que destaca por el tama\u00f1o de las piedras, un trabajo de la joyer\u00eda Bapst, firma vinculada a la Casa Bonaparte.<\/p>\n<p>&nbsp;<\/p>\n<p>&nbsp;<\/p>\n<p><img loading=\"lazy\" decoding=\"async\" class=\"x-center  size-full\" src=\"https:\/\/www.sonoraenequipo.com.mx\/storage\/2025\/10\/Broche-relicario-robado-del-Louvre-con-los-diamantes-de-Mazarino.jpg\" alt=\"\" width=\"732\" height=\"1400\" \/><\/p>\n<h3>La corona de la emperatriz<\/h3>\n<p>&nbsp;<\/p>\n<p>&nbsp;<\/p>\n<p>La historiadora y experta en joyas hist\u00f3ricas de la Universidad Complutense de Madrid, Margarita P\u00e9rez Grande, se\u00f1ala a RTVE.es que el valor de la corona de la emperatriz espa\u00f1ola y esposa de Napole\u00f3n III, que los ladrones perdieron en su huida, supera las decenas de millones de euros, pero su valor patrimonial e<em><strong>s \u00abincalculable\u00bb.<\/strong><\/em><\/p>\n<p>&nbsp;<\/p>\n<p>&nbsp;<\/p>\n<p>Detalla que la corona se realiz\u00f3 en 1855, con la colaboraci\u00f3n de dos firmas de joyer\u00eda Lemonnier y Maheu, una pieza que incluye oro, diamantes y esmeraldas.<\/p>\n<p>&nbsp;<\/p>\n<p>&nbsp;<\/p>\n<p>La profesora de la UCM indica que las \u00e1guilas de la corona tienen las alas plegadas o explayadas, lo que recuerda al imperio romano. Los Bonaparte no usan el \u00e1guila bic\u00e9fala austriaca, pero mantienen el remate del orbe y la cruz, que desde la \u00e9poca medieval consagra el v\u00ednculo del poder civil con la religi\u00f3n, eco del Sacro Imperio Romano Germ\u00e1nico.<\/p>\n<p>&nbsp;<\/p>\n<p>&nbsp;<\/p>\n<p>Robadas las joyas de la corona francesa La corona recuperada de la emperatriz Eugenia de Montijo. EFE\/ Departamento de objetos de arte del Museo del Louvre<\/p>\n<p>&nbsp;<\/p>\n<h3><strong>Joyas de Eugenia de Montijo<\/strong><\/h3>\n<p>&nbsp;<\/p>\n<p>El joyero de Eugenia de Montijo es el que m\u00e1s ha sufrido con el robo. Los asaltantes se han llevado una hermosa diadema de perlas y diamantes, que es la m\u00e1s antigua de la emperatriz espa\u00f1ola.<\/p>\n<p>&nbsp;<\/p>\n<p>&nbsp;<\/p>\n<p>Se trata de una tiara de 1853, firmada por Lemonnier, el joyero de Versalles, con \u00abperlas de alta calidad, pr\u00e1cticamente calibradas, en color y forma, las m\u00e1s peque\u00f1as, y las del remate en forma de gota son impecables. Algo solo al alcance de las cortes europeas\u00bb, destaca P\u00e9rez Grande.<\/p>\n<p>&nbsp;<\/p>\n<p><img loading=\"lazy\" decoding=\"async\" class=\"x-center size-full \" src=\"https:\/\/www.sonoraenequipo.com.mx\/storage\/2025\/10\/Diadema-collar-y-pendientes-de-zafiros-robados-del-Louvre.AFP-min.jpg\" alt=\"\" width=\"977\" height=\"542\" \/><\/p>\n<p>&nbsp;<\/p>\n<p>Los ladrones del Louvre han robado tambi\u00e9n otro vistoso broche de la esposa de Napole\u00f3n III, una joya en forma de lazo con diamantes, m\u00e1s llamativo que el relicario, pero con un valor patrimonial un poco inferior. La creaci\u00f3n de la pieza en forma de lazo, que se usaba como adorno del corpi\u00f1o, se debe al joyero Fran\u00e7ois Kramer.<\/p>\n<h3>El collar m\u00e1s antiguo<\/h3>\n<p>&nbsp;<\/p>\n<p>El collar de esmeraldas de la reina Mar\u00eda Luisa de Austria es la pieza m\u00e1s antigua que la banda de atracadores ha logrado hurtar. Se trata de una pieza datada en el a\u00f1o 1810, regalo de boda de Napole\u00f3n Bonaparte a la segunda emperatriz de Francia, que est\u00e1 acompa\u00f1ada de unos pendientes, tambi\u00e9n robados.<\/p>\n<p>&nbsp;<\/p>\n<p>&nbsp;<\/p>\n<p>P\u00e9rez Grande explica que entre los conjuntos de joyas, llamados <strong><em>\u00abaderezos\u00bb en la tradici\u00f3n espa\u00f1ola, sol\u00edan ser piezas habituales: \u00abcollar, pendientes, diadema, broche de pecho o brazaletes, seg\u00fan el gusto de la dama\u00bb,<\/em><\/strong> en este caso no est\u00e1 documentada la procedencia de las esmeraldas, podr\u00edan ser de Colombia o la India.<\/p>\n<p>&nbsp;<\/p>\n<p>&nbsp;<\/p>\n<p>La historiadora apunta que cuando Mar\u00eda Luisa con su hijo se fue de Francia \u00abtuvo que vender algunos objetos, porque su familia austriaca no se hizo cargo y se vendieron piedras por separado\u00bb. A\u00f1ade que, lo \u00fanico que sobrevive, es el collar con los pendientes,<em><strong> \u00abque hace 20 a\u00f1os, en 2004, lo compr\u00f3 el Louvre, gracias a benefactores del Museo\u00bb<\/strong> <\/em>y ahora ha volado.<\/p>\n<p>&nbsp;<\/p>\n<p><img loading=\"lazy\" decoding=\"async\" class=\"x-center size-full \" src=\"https:\/\/www.sonoraenequipo.com.mx\/storage\/2025\/10\/La-corona-recuperada-de-la-emperatriz-Eugenia-de-Montijo-min.jpg\" alt=\"\" width=\"1000\" height=\"750\" \/><br \/>\nEntre las joyas que la banda organizada consigui\u00f3 sustraer de la Galer\u00eda de Apolo, tras romper una ventana, destaca un conjunto de una diadema, un collar y unos pendientes de zafiros de Ceil\u00e1n, nombre antiguo de Sri Lanka.<\/p>\n<p>&nbsp;<\/p>\n<p>&nbsp;<\/p>\n<p>La experta en gemas detalla que las piedras azules, talladas en facetas,<em><strong> \u00abno est\u00e1n tratadas\u00bb.<\/strong> <\/em>En la actualidad, los zafiros se someten a un procedimiento para aclarar el color salvo que la piedra sea <em><strong>\u00abde tant\u00edsima calidad y se valore lo que la naturaleza ha creado\u00bb.<\/strong><\/em><\/p>\n<p>&nbsp;<\/p>\n<p>&nbsp;<\/p>\n<p>Desde el punto de vista hist\u00f3rico, el conjunto perteneci\u00f3 a Hortensia de Beauharnais, hija de la emperatriz Josefina, casada con Luis Bonaparte, hermano de Napole\u00f3n, que fue reina de Holanda durante cuatro a\u00f1os.<\/p>\n<p>&nbsp;<\/p>\n<p>&nbsp;<\/p>\n<p>M\u00e1s tarde, las joyas, fechadas en el primer tercio del siglo XIX, pasaron a la esposa de Luis Felipe de Orleans, Mar\u00eda Amelia de las Dos Sicilias. P\u00e9rez Grande matiza que el conjunto completo ten\u00eda m\u00e1s piezas, incorporaba apliques que se cos\u00edan a la ropa, como puede observarse en un retrato de la reina en el Palacio de Versalles.<\/p>\n<p>&nbsp;<\/p>\n<p>&nbsp;<\/p>\n<p>Robo de joyas en el Louvre Diadema, collar y pendientes de zafiros, robados del Louvre. STEPHANE DE SAKUTIN \/ AFP<\/p>\n<p>&nbsp;<\/p>\n<h3>Robo por encargo<\/h3>\n<p>&nbsp;<\/p>\n<p>Los expertos coinciden en privilegiar la hip\u00f3tesis de que se trata de un robo por encargo de alguien con \u00abmuchos recursos econ\u00f3micos\u00bb, porque las piezas est\u00e1n perfectamente inventariadas y no se pueden sacar al mercado.<\/p>\n<p>&nbsp;<\/p>\n<p>&nbsp;<\/p>\n<p>La directora de subastas Segre, Mercedes de Miguel, ha asegurado en RNE que son joyas \u00abimposibles de comercializar\u00bb porque si se trocean pierden valor. Apunta que \u00ab<strong><em>son piedras naturales, no est\u00e1n calentadas para intensificar su color\u00bb, pero adem\u00e1s de la calidad material \u00abmultiplican por mil (su precio) por el valor hist\u00f3rico\u00bb.<\/em><\/strong><\/p>\n<p>&nbsp;<\/p>\n<p>&nbsp;<\/p>\n<p>&nbsp;<\/p>\n<p>En su opini\u00f3n, si desmontan las gemas, las piedras <em><strong>\u00abno tienen trazabilidad\u00bb<\/strong> <\/em>y podr\u00edan desaparecer para siempre. Otra alternativa es que haya sido un encargo para una colecci\u00f3n privada, y por \u00faltimo, que los ladrones las hayan robado para pedir un rescate. En este caso, <em><strong>\u00ablas joyas volver\u00edan a aparecer \u00edntegras\u00bb.<\/strong><\/em><\/p>\n<p>&nbsp;<\/p>\n<p>&nbsp;<\/p>\n<p>&nbsp;<\/p>\n<p>&nbsp;<\/p>\n<p>PUBLICADO EL 20 DE OCTUBRE DE 2025 Con informaci\u00f3n de AFP\/Cristina P\u00e9rez))<\/p>\n","protected":false},"excerpt":{"rendered":"<p>PAR\u00cdS, FRANCIA. \u2014 El cardenal Mazarino sucedi\u00f3 en el poder al famoso cardenal Richelieu como&#8230;<\/p>\n","protected":false},"author":1,"featured_media":226758,"comment_status":"open","ping_status":"open","sticky":false,"template":"","format":"standard","meta":{"_monsterinsights_skip_tracking":false,"_monsterinsights_sitenote_active":false,"_monsterinsights_sitenote_note":"","_monsterinsights_sitenote_category":0,"footnotes":""},"categories":[3],"tags":[],"class_list":["post"],"yoast_head":" \n<title>Sonora en Equipo. Las joyas robadas en el Louvre incluyen los diamantes del cardenal Mazarino MUNDO<\/title>\n<meta name=\"description\" content=\"PAR\u00cdS, FRANCIA. \u2014 El cardenal Mazarino sucedi\u00f3 en el poder al famoso cardenal Richelieu como ministro principal de Francia. El prelado regal\u00f3 al rey Luis En Sonora en Equipo publicamos toda la informaci\u00f3n de Sonora, M\u00e9xico y el Mundo de manera oportuna y busca que la libertad de expresi\u00f3n sea real. Visita nuestro medio informativo publicado desde Hermosillo, Sonora. %\" \/>\n<meta name=\"robots\" content=\"index, follow, max-snippet:-1, max-image-preview:large, max-video-preview:-1\" \/>\n<link rel=\"canonical\" href=\"https:\/\/www.sonoraenequipo.com.mx\/las-joyas-robadas-en-el-louvre-incluyen-los-diamantes-del-cardenal-mazarino\/\" \/>\n<meta property=\"og:locale\" content=\"es_ES\" \/>\n<meta property=\"og:type\" content=\"article\" \/>\n<meta property=\"og:title\" content=\"Sonora en Equipo. Las joyas robadas en el Louvre incluyen los diamantes del cardenal Mazarino MUNDO\" \/>\n<meta property=\"og:description\" content=\"PAR\u00cdS, FRANCIA. \u2014 El cardenal Mazarino sucedi\u00f3 en el poder al famoso cardenal Richelieu como ministro principal de Francia. El prelado regal\u00f3 al rey Luis En Sonora en Equipo publicamos toda la informaci\u00f3n de Sonora, M\u00e9xico y el Mundo de manera oportuna y busca que la libertad de expresi\u00f3n sea real. Visita nuestro medio informativo publicado desde Hermosillo, Sonora. %\" \/>\n<meta property=\"og:url\" content=\"https:\/\/www.sonoraenequipo.com.mx\/las-joyas-robadas-en-el-louvre-incluyen-los-diamantes-del-cardenal-mazarino\/\" \/>\n<meta property=\"og:site_name\" content=\"Sonora en Equipo.\" \/>\n<meta property=\"article:publisher\" content=\"https:\/\/www.facebook.com\/SonoraEE\/\" \/>\n<meta property=\"article:author\" content=\"https:\/\/www.facebook.com\/SonoraEE\" \/>\n<meta property=\"article:published_time\" content=\"2025-10-20T18:45:32+00:00\" \/>\n<meta property=\"article:modified_time\" content=\"2025-10-20T21:01:10+00:00\" \/>\n<meta property=\"og:image\" content=\"https:\/\/www.sonoraenequipo.com.mx\/storage\/2025\/10\/joyas-robadas-en-francia-min.jpg\" \/>\n\t<meta property=\"og:image:width\" content=\"1372\" \/>\n\t<meta property=\"og:image:height\" content=\"777\" \/>\n\t<meta property=\"og:image:type\" content=\"image\/jpeg\" \/>\n<meta name=\"author\" content=\"enequipo\" \/>\n<meta name=\"twitter:card\" content=\"summary_large_image\" \/>\n<meta name=\"twitter:creator\" content=\"@sonoraenequipo\" \/>\n<meta name=\"twitter:site\" content=\"@sonoraenequipo\" \/>\n<meta name=\"twitter:label1\" content=\"Escrito por\" \/>\n\t<meta name=\"twitter:data1\" content=\"enequipo\" \/>\n\t<meta name=\"twitter:label2\" content=\"Tiempo de lectura\" \/>\n\t<meta name=\"twitter:data2\" content=\"6 minutos\" \/>\n<script type=\"application\/ld+json\" class=\"yoast-schema-graph\">{\"@context\":\"https:\/\/schema.org\",\"@graph\":[{\"@type\":\"Article\",\"@id\":\"https:\/\/www.sonoraenequipo.com.mx\/las-joyas-robadas-en-el-louvre-incluyen-los-diamantes-del-cardenal-mazarino\/#article\",\"isPartOf\":{\"@id\":\"https:\/\/www.sonoraenequipo.com.mx\/las-joyas-robadas-en-el-louvre-incluyen-los-diamantes-del-cardenal-mazarino\/\"},\"author\":{\"name\":\"enequipo\",\"@id\":\"https:\/\/www.sonoraenequipo.com.mx\/#\/schema\/person\/50102df0fb23a8fa9e8effad8fa81386\"},\"headline\":\"Las joyas robadas en el Louvre incluyen los diamantes del cardenal Mazarino\",\"datePublished\":\"2025-10-20T18:45:32+00:00\",\"dateModified\":\"2025-10-20T21:01:10+00:00\",\"mainEntityOfPage\":{\"@id\":\"https:\/\/www.sonoraenequipo.com.mx\/las-joyas-robadas-en-el-louvre-incluyen-los-diamantes-del-cardenal-mazarino\/\"},\"wordCount\":1135,\"commentCount\":0,\"publisher\":{\"@id\":\"https:\/\/www.sonoraenequipo.com.mx\/#organization\"},\"image\":{\"@id\":\"https:\/\/www.sonoraenequipo.com.mx\/las-joyas-robadas-en-el-louvre-incluyen-los-diamantes-del-cardenal-mazarino\/#primaryimage\"},\"thumbnailUrl\":\"https:\/\/www.sonoraenequipo.com.mx\/storage\/2025\/10\/joyas-robadas-en-francia-min.jpg\",\"articleSection\":[\"MUNDO\"],\"inLanguage\":\"es\",\"potentialAction\":[{\"@type\":\"CommentAction\",\"name\":\"Comment\",\"target\":[\"https:\/\/www.sonoraenequipo.com.mx\/las-joyas-robadas-en-el-louvre-incluyen-los-diamantes-del-cardenal-mazarino\/#respond\"]}]},{\"@type\":\"WebPage\",\"@id\":\"https:\/\/www.sonoraenequipo.com.mx\/las-joyas-robadas-en-el-louvre-incluyen-los-diamantes-del-cardenal-mazarino\/\",\"url\":\"https:\/\/www.sonoraenequipo.com.mx\/las-joyas-robadas-en-el-louvre-incluyen-los-diamantes-del-cardenal-mazarino\/\",\"name\":\"Sonora en Equipo. Las joyas robadas en el Louvre incluyen los diamantes del cardenal Mazarino MUNDO\",\"isPartOf\":{\"@id\":\"https:\/\/www.sonoraenequipo.com.mx\/#website\"},\"primaryImageOfPage\":{\"@id\":\"https:\/\/www.sonoraenequipo.com.mx\/las-joyas-robadas-en-el-louvre-incluyen-los-diamantes-del-cardenal-mazarino\/#primaryimage\"},\"image\":{\"@id\":\"https:\/\/www.sonoraenequipo.com.mx\/las-joyas-robadas-en-el-louvre-incluyen-los-diamantes-del-cardenal-mazarino\/#primaryimage\"},\"thumbnailUrl\":\"https:\/\/www.sonoraenequipo.com.mx\/storage\/2025\/10\/joyas-robadas-en-francia-min.jpg\",\"datePublished\":\"2025-10-20T18:45:32+00:00\",\"dateModified\":\"2025-10-20T21:01:10+00:00\",\"description\":\"PAR\u00cdS, FRANCIA. \u2014 El cardenal Mazarino sucedi\u00f3 en el poder al famoso cardenal Richelieu como ministro principal de Francia. El prelado regal\u00f3 al rey Luis En Sonora en Equipo publicamos toda la informaci\u00f3n de Sonora, M\u00e9xico y el Mundo de manera oportuna y busca que la libertad de expresi\u00f3n sea real. Visita nuestro medio informativo publicado desde Hermosillo, Sonora. %\",\"breadcrumb\":{\"@id\":\"https:\/\/www.sonoraenequipo.com.mx\/las-joyas-robadas-en-el-louvre-incluyen-los-diamantes-del-cardenal-mazarino\/#breadcrumb\"},\"inLanguage\":\"es\",\"potentialAction\":[{\"@type\":\"ReadAction\",\"target\":[\"https:\/\/www.sonoraenequipo.com.mx\/las-joyas-robadas-en-el-louvre-incluyen-los-diamantes-del-cardenal-mazarino\/\"]}]},{\"@type\":\"ImageObject\",\"inLanguage\":\"es\",\"@id\":\"https:\/\/www.sonoraenequipo.com.mx\/las-joyas-robadas-en-el-louvre-incluyen-los-diamantes-del-cardenal-mazarino\/#primaryimage\",\"url\":\"https:\/\/www.sonoraenequipo.com.mx\/storage\/2025\/10\/joyas-robadas-en-francia-min.jpg\",\"contentUrl\":\"https:\/\/www.sonoraenequipo.com.mx\/storage\/2025\/10\/joyas-robadas-en-francia-min.jpg\",\"width\":1372,\"height\":777},{\"@type\":\"BreadcrumbList\",\"@id\":\"https:\/\/www.sonoraenequipo.com.mx\/las-joyas-robadas-en-el-louvre-incluyen-los-diamantes-del-cardenal-mazarino\/#breadcrumb\",\"itemListElement\":[{\"@type\":\"ListItem\",\"position\":1,\"name\":\"Portada\",\"item\":\"https:\/\/www.sonoraenequipo.com.mx\/\"},{\"@type\":\"ListItem\",\"position\":2,\"name\":\"Las joyas robadas en el Louvre incluyen los diamantes del cardenal Mazarino\"}]},{\"@type\":\"WebSite\",\"@id\":\"https:\/\/www.sonoraenequipo.com.mx\/#website\",\"url\":\"https:\/\/www.sonoraenequipo.com.mx\/\",\"name\":\"Sonora en Equipo.\",\"description\":\"Diario en l\u00ednea con Noticias desde Hermosillo, Sonora\",\"publisher\":{\"@id\":\"https:\/\/www.sonoraenequipo.com.mx\/#organization\"},\"potentialAction\":[{\"@type\":\"SearchAction\",\"target\":{\"@type\":\"EntryPoint\",\"urlTemplate\":\"https:\/\/www.sonoraenequipo.com.mx\/?s={search_term_string}\"},\"query-input\":{\"@type\":\"PropertyValueSpecification\",\"valueRequired\":true,\"valueName\":\"search_term_string\"}}],\"inLanguage\":\"es\"},{\"@type\":\"Organization\",\"@id\":\"https:\/\/www.sonoraenequipo.com.mx\/#organization\",\"name\":\"Sonoraenequipo.com.mx\",\"url\":\"https:\/\/www.sonoraenequipo.com.mx\/\",\"logo\":{\"@type\":\"ImageObject\",\"inLanguage\":\"es\",\"@id\":\"https:\/\/www.sonoraenequipo.com.mx\/#\/schema\/logo\/image\/\",\"url\":\"https:\/\/www.sonoraenequipo.com.mx\/storage\/2019\/01\/sonoraenequipo_opt.png\",\"contentUrl\":\"https:\/\/www.sonoraenequipo.com.mx\/storage\/2019\/01\/sonoraenequipo_opt.png\",\"width\":375,\"height\":125,\"caption\":\"Sonoraenequipo.com.mx\"},\"image\":{\"@id\":\"https:\/\/www.sonoraenequipo.com.mx\/#\/schema\/logo\/image\/\"},\"sameAs\":[\"https:\/\/www.facebook.com\/SonoraEE\/\",\"https:\/\/x.com\/sonoraenequipo\",\"https:\/\/www.youtube.com\/channel\/UC338nW-lPEYmJQs4ZABQ1SQ\"]},{\"@type\":\"Person\",\"@id\":\"https:\/\/www.sonoraenequipo.com.mx\/#\/schema\/person\/50102df0fb23a8fa9e8effad8fa81386\",\"name\":\"enequipo\",\"image\":{\"@type\":\"ImageObject\",\"inLanguage\":\"es\",\"@id\":\"https:\/\/www.sonoraenequipo.com.mx\/#\/schema\/person\/image\/\",\"url\":\"https:\/\/secure.gravatar.com\/avatar\/049821681b589dabc0bc20695993ccebb09f5b5d4d790cd9251b97faac7c652b?s=96&d=blank&r=g\",\"contentUrl\":\"https:\/\/secure.gravatar.com\/avatar\/049821681b589dabc0bc20695993ccebb09f5b5d4d790cd9251b97faac7c652b?s=96&d=blank&r=g\",\"caption\":\"enequipo\"},\"sameAs\":[\"https:\/\/www.facebook.com\/SonoraEE\"]}]}<\/script>\n ","yoast_head_json":{"title":"Sonora en Equipo. Las joyas robadas en el Louvre incluyen los diamantes del cardenal Mazarino MUNDO","description":"PAR\u00cdS, FRANCIA. \u2014 El cardenal Mazarino sucedi\u00f3 en el poder al famoso cardenal Richelieu como ministro principal de Francia. El prelado regal\u00f3 al rey Luis En Sonora en Equipo publicamos toda la informaci\u00f3n de Sonora, M\u00e9xico y el Mundo de manera oportuna y busca que la libertad de expresi\u00f3n sea real. Visita nuestro medio informativo publicado desde Hermosillo, Sonora. %","robots":{"index":"index","follow":"follow","max-snippet":"max-snippet:-1","max-image-preview":"max-image-preview:large","max-video-preview":"max-video-preview:-1"},"canonical":"https:\/\/www.sonoraenequipo.com.mx\/las-joyas-robadas-en-el-louvre-incluyen-los-diamantes-del-cardenal-mazarino\/","og_locale":"es_ES","og_type":"article","og_title":"Sonora en Equipo. Las joyas robadas en el Louvre incluyen los diamantes del cardenal Mazarino MUNDO","og_description":"PAR\u00cdS, FRANCIA. \u2014 El cardenal Mazarino sucedi\u00f3 en el poder al famoso cardenal Richelieu como ministro principal de Francia. El prelado regal\u00f3 al rey Luis En Sonora en Equipo publicamos toda la informaci\u00f3n de Sonora, M\u00e9xico y el Mundo de manera oportuna y busca que la libertad de expresi\u00f3n sea real. Visita nuestro medio informativo publicado desde Hermosillo, Sonora. %","og_url":"https:\/\/www.sonoraenequipo.com.mx\/las-joyas-robadas-en-el-louvre-incluyen-los-diamantes-del-cardenal-mazarino\/","og_site_name":"Sonora en Equipo.","article_publisher":"https:\/\/www.facebook.com\/SonoraEE\/","article_author":"https:\/\/www.facebook.com\/SonoraEE","article_published_time":"2025-10-20T18:45:32+00:00","article_modified_time":"2025-10-20T21:01:10+00:00","og_image":[{"width":1372,"height":777,"url":"https:\/\/www.sonoraenequipo.com.mx\/storage\/2025\/10\/joyas-robadas-en-francia-min.jpg","type":"image\/jpeg"}],"author":"enequipo","twitter_card":"summary_large_image","twitter_creator":"@sonoraenequipo","twitter_site":"@sonoraenequipo","twitter_misc":{"Escrito por":"enequipo","Tiempo de lectura":"6 minutos"},"schema":{"@context":"https:\/\/schema.org","@graph":[{"@type":"Article","@id":"https:\/\/www.sonoraenequipo.com.mx\/las-joyas-robadas-en-el-louvre-incluyen-los-diamantes-del-cardenal-mazarino\/#article","isPartOf":{"@id":"https:\/\/www.sonoraenequipo.com.mx\/las-joyas-robadas-en-el-louvre-incluyen-los-diamantes-del-cardenal-mazarino\/"},"author":{"name":"enequipo","@id":"https:\/\/www.sonoraenequipo.com.mx\/#\/schema\/person\/50102df0fb23a8fa9e8effad8fa81386"},"headline":"Las joyas robadas en el Louvre incluyen los diamantes del cardenal Mazarino","datePublished":"2025-10-20T18:45:32+00:00","dateModified":"2025-10-20T21:01:10+00:00","mainEntityOfPage":{"@id":"https:\/\/www.sonoraenequipo.com.mx\/las-joyas-robadas-en-el-louvre-incluyen-los-diamantes-del-cardenal-mazarino\/"},"wordCount":1135,"commentCount":0,"publisher":{"@id":"https:\/\/www.sonoraenequipo.com.mx\/#organization"},"image":{"@id":"https:\/\/www.sonoraenequipo.com.mx\/las-joyas-robadas-en-el-louvre-incluyen-los-diamantes-del-cardenal-mazarino\/#primaryimage"},"thumbnailUrl":"https:\/\/www.sonoraenequipo.com.mx\/storage\/2025\/10\/joyas-robadas-en-francia-min.jpg","articleSection":["MUNDO"],"inLanguage":"es","potentialAction":[{"@type":"CommentAction","name":"Comment","target":["https:\/\/www.sonoraenequipo.com.mx\/las-joyas-robadas-en-el-louvre-incluyen-los-diamantes-del-cardenal-mazarino\/#respond"]}]},{"@type":"WebPage","@id":"https:\/\/www.sonoraenequipo.com.mx\/las-joyas-robadas-en-el-louvre-incluyen-los-diamantes-del-cardenal-mazarino\/","url":"https:\/\/www.sonoraenequipo.com.mx\/las-joyas-robadas-en-el-louvre-incluyen-los-diamantes-del-cardenal-mazarino\/","name":"Sonora en Equipo. Las joyas robadas en el Louvre incluyen los diamantes del cardenal Mazarino MUNDO","isPartOf":{"@id":"https:\/\/www.sonoraenequipo.com.mx\/#website"},"primaryImageOfPage":{"@id":"https:\/\/www.sonoraenequipo.com.mx\/las-joyas-robadas-en-el-louvre-incluyen-los-diamantes-del-cardenal-mazarino\/#primaryimage"},"image":{"@id":"https:\/\/www.sonoraenequipo.com.mx\/las-joyas-robadas-en-el-louvre-incluyen-los-diamantes-del-cardenal-mazarino\/#primaryimage"},"thumbnailUrl":"https:\/\/www.sonoraenequipo.com.mx\/storage\/2025\/10\/joyas-robadas-en-francia-min.jpg","datePublished":"2025-10-20T18:45:32+00:00","dateModified":"2025-10-20T21:01:10+00:00","description":"PAR\u00cdS, FRANCIA. \u2014 El cardenal Mazarino sucedi\u00f3 en el poder al famoso cardenal Richelieu como ministro principal de Francia. El prelado regal\u00f3 al rey Luis En Sonora en Equipo publicamos toda la informaci\u00f3n de Sonora, M\u00e9xico y el Mundo de manera oportuna y busca que la libertad de expresi\u00f3n sea real. Visita nuestro medio informativo publicado desde Hermosillo, Sonora. %","breadcrumb":{"@id":"https:\/\/www.sonoraenequipo.com.mx\/las-joyas-robadas-en-el-louvre-incluyen-los-diamantes-del-cardenal-mazarino\/#breadcrumb"},"inLanguage":"es","potentialAction":[{"@type":"ReadAction","target":["https:\/\/www.sonoraenequipo.com.mx\/las-joyas-robadas-en-el-louvre-incluyen-los-diamantes-del-cardenal-mazarino\/"]}]},{"@type":"ImageObject","inLanguage":"es","@id":"https:\/\/www.sonoraenequipo.com.mx\/las-joyas-robadas-en-el-louvre-incluyen-los-diamantes-del-cardenal-mazarino\/#primaryimage","url":"https:\/\/www.sonoraenequipo.com.mx\/storage\/2025\/10\/joyas-robadas-en-francia-min.jpg","contentUrl":"https:\/\/www.sonoraenequipo.com.mx\/storage\/2025\/10\/joyas-robadas-en-francia-min.jpg","width":1372,"height":777},{"@type":"BreadcrumbList","@id":"https:\/\/www.sonoraenequipo.com.mx\/las-joyas-robadas-en-el-louvre-incluyen-los-diamantes-del-cardenal-mazarino\/#breadcrumb","itemListElement":[{"@type":"ListItem","position":1,"name":"Portada","item":"https:\/\/www.sonoraenequipo.com.mx\/"},{"@type":"ListItem","position":2,"name":"Las joyas robadas en el Louvre incluyen los diamantes del cardenal Mazarino"}]},{"@type":"WebSite","@id":"https:\/\/www.sonoraenequipo.com.mx\/#website","url":"https:\/\/www.sonoraenequipo.com.mx\/","name":"Sonora en Equipo.","description":"Diario en l\u00ednea con Noticias desde Hermosillo, Sonora","publisher":{"@id":"https:\/\/www.sonoraenequipo.com.mx\/#organization"},"potentialAction":[{"@type":"SearchAction","target":{"@type":"EntryPoint","urlTemplate":"https:\/\/www.sonoraenequipo.com.mx\/?s={search_term_string}"},"query-input":{"@type":"PropertyValueSpecification","valueRequired":true,"valueName":"search_term_string"}}],"inLanguage":"es"},{"@type":"Organization","@id":"https:\/\/www.sonoraenequipo.com.mx\/#organization","name":"Sonoraenequipo.com.mx","url":"https:\/\/www.sonoraenequipo.com.mx\/","logo":{"@type":"ImageObject","inLanguage":"es","@id":"https:\/\/www.sonoraenequipo.com.mx\/#\/schema\/logo\/image\/","url":"https:\/\/www.sonoraenequipo.com.mx\/storage\/2019\/01\/sonoraenequipo_opt.png","contentUrl":"https:\/\/www.sonoraenequipo.com.mx\/storage\/2019\/01\/sonoraenequipo_opt.png","width":375,"height":125,"caption":"Sonoraenequipo.com.mx"},"image":{"@id":"https:\/\/www.sonoraenequipo.com.mx\/#\/schema\/logo\/image\/"},"sameAs":["https:\/\/www.facebook.com\/SonoraEE\/","https:\/\/x.com\/sonoraenequipo","https:\/\/www.youtube.com\/channel\/UC338nW-lPEYmJQs4ZABQ1SQ"]},{"@type":"Person","@id":"https:\/\/www.sonoraenequipo.com.mx\/#\/schema\/person\/50102df0fb23a8fa9e8effad8fa81386","name":"enequipo","image":{"@type":"ImageObject","inLanguage":"es","@id":"https:\/\/www.sonoraenequipo.com.mx\/#\/schema\/person\/image\/","url":"https:\/\/secure.gravatar.com\/avatar\/049821681b589dabc0bc20695993ccebb09f5b5d4d790cd9251b97faac7c652b?s=96&d=blank&r=g","contentUrl":"https:\/\/secure.gravatar.com\/avatar\/049821681b589dabc0bc20695993ccebb09f5b5d4d790cd9251b97faac7c652b?s=96&d=blank&r=g","caption":"enequipo"},"sameAs":["https:\/\/www.facebook.com\/SonoraEE"]}]}},"jetpack_featured_media_url":"https:\/\/www.sonoraenequipo.com.mx\/storage\/2025\/10\/joyas-robadas-en-francia-min.jpg","_links":{"self":[{"href":"https:\/\/www.sonoraenequipo.com.mx\/api\/wp\/v2\/posts\/226722","targetHints":{"allow":["GET"]}}],"collection":[{"href":"https:\/\/www.sonoraenequipo.com.mx\/api\/wp\/v2\/posts"}],"about":[{"href":"https:\/\/www.sonoraenequipo.com.mx\/api\/wp\/v2\/types\/post"}],"author":[{"embeddable":true,"href":"https:\/\/www.sonoraenequipo.com.mx\/api\/wp\/v2\/users\/1"}],"replies":[{"embeddable":true,"href":"https:\/\/www.sonoraenequipo.com.mx\/api\/wp\/v2\/comments?post=226722"}],"version-history":[{"count":2,"href":"https:\/\/www.sonoraenequipo.com.mx\/api\/wp\/v2\/posts\/226722\/revisions"}],"predecessor-version":[{"id":226769,"href":"https:\/\/www.sonoraenequipo.com.mx\/api\/wp\/v2\/posts\/226722\/revisions\/226769"}],"wp:featuredmedia":[{"embeddable":true,"href":"https:\/\/www.sonoraenequipo.com.mx\/api\/wp\/v2\/media\/226758"}],"wp:attachment":[{"href":"https:\/\/www.sonoraenequipo.com.mx\/api\/wp\/v2\/media?parent=226722"}],"wp:term":[{"taxonomy":"category","embeddable":true,"href":"https:\/\/www.sonoraenequipo.com.mx\/api\/wp\/v2\/categories?post=226722"},{"taxonomy":"post_tag","embeddable":true,"href":"https:\/\/www.sonoraenequipo.com.mx\/api\/wp\/v2\/tags?post=226722"}],"curies":[{"name":"wp","href":"https:\/\/api.w.org\/{rel}","templated":true}]}}