{"id":226742,"date":"2025-10-20T12:13:01","date_gmt":"2025-10-20T19:13:01","guid":{"rendered":"https:\/\/www.sonoraenequipo.com.mx\/?p=226742"},"modified":"2025-10-20T12:13:01","modified_gmt":"2025-10-20T19:13:01","slug":"fallamos-en-proteger-al-louvre-ministro-de-justicia-de-francia","status":"publish","type":"post","link":"https:\/\/www.sonoraenequipo.com.mx\/fallamos-en-proteger-al-louvre-ministro-de-justicia-de-francia\/","title":{"rendered":"Fallamos en proteger al Louvre: ministro de justicia de Francia"},"content":{"rendered":"<p><strong>Fallamos en proteger al Louvre: ministro de justicia<\/strong><\/p>\n<p>&nbsp;<\/p>\n<p>\u00abTras el robo de ayer en el Louvre, el museo lamenta informarles que permanecer\u00e1 cerrado al p\u00fablico hoy. Los visitantes que ya hayan adquirido sus entradas recibir\u00e1n un reembolso autom\u00e1tico\u00bb, se lee en un cintillo rojo en la web de la ilustre instituci\u00f3n parisina.<\/p>\n<p>&nbsp;<\/p>\n<p>\u00abLo que es seguro es que hemos fallado\u00bb en proteger el museo del Louvre, declar\u00f3 el ministro de Justicia de Francia, G\u00e9rald Darmanin, a la radio France Inter, tras el robo de valiosas joyas a plena luz del d\u00eda.<\/p>\n<p>&nbsp;<\/p>\n<p>El Louvre, uno de los mayores museos del mundo, tuvo que cerrar sus puertas el domingo tras el robo de varias joyas de valor incalculable, un hecho que gener\u00f3 repercusi\u00f3n medi\u00e1tica a nivel global.<\/p>\n<p>&nbsp;<\/p>\n<p><strong>Robo en siete minutos: \u00abuna imagen deplorable de Francia\u00bb<\/strong><\/p>\n<p>Los ladrones fueron \u00abcapaces de colocar un montacargas\u00bb en la v\u00eda p\u00fablica, \u00abde hacer subir a gente en unos minutos para extraer joyas de valor inestimable y de dar una imagen deplorable de Francia\u00bb, agreg\u00f3.<\/p>\n<p>&nbsp;<\/p>\n<p>El robo ocurri\u00f3 cerca de las 09:30 local, cuando el museo ya estaba abierto y los ladrones rompieron las vitrinas del museo con una peque\u00f1a motosierra, en una operaci\u00f3n que dur\u00f3 cerca de siete minutos.<\/p>\n<p>Entre los objetos robados, todos del siglo XIX: joyas de la corona de la emperatriz Eugenia (imagen de archivo).Imagen: Aurelien Morissard\/IP3press\/IMAGO<\/p>\n<p><strong>Zafiros, diamantes, esmeraldas<\/strong><\/p>\n<p>Entre los objetos robados, todos del siglo XIX, figuran el collar del conjunto de zafiros de la reina Mar\u00eda Amelia y la reina Hortensia, compuesto por ocho zafiros y 631 diamantes, seg\u00fan la p\u00e1gina web del Louvre.<\/p>\n<p>&nbsp;<\/p>\n<p>Los ladrones tambi\u00e9n se llevaron el collar de esmeraldas de Mar\u00eda Luisa, compuesto por 32 esmeraldas y 1.138 diamantes. La diadema de la emperatriz Eugenia, a su vez, est\u00e1 formada por cerca de 2.000 diamantes.<\/p>\n<p>&nbsp;<\/p>\n<p><strong>Ladrones: \u00bfexperimentados y extranjeros?<\/strong><\/p>\n<p>El ministro del Interior franc\u00e9s, Laurent Nu\u00f1ez, afirm\u00f3 que la operaci\u00f3n fue ejecutada por ladrones \u00abexperimentados\u00bb y mencion\u00f3 que podr\u00edan ser \u00abextranjeros\u00bb y que \u00abposiblemente\u00bb sean conocidos por acciones similares.<\/p>\n<p>&nbsp;<\/p>\n<p>El presidente franc\u00e9s, Emmanuel Macron, prometi\u00f3 el domingo en X que se recuperar\u00e1n \u00ablas obras y los autores ser\u00e1n llevados ante la justicia\u00bb.<\/p>\n<p><strong>Fecha de publicaci\u00f3n lunes 20 de octubre de 2025\/DW<\/strong><\/p>\n","protected":false},"excerpt":{"rendered":"<p>Fallamos en proteger al Louvre: ministro de justicia &nbsp; \u00abTras el robo de ayer en&#8230;<\/p>\n","protected":false},"author":1,"featured_media":226743,"comment_status":"open","ping_status":"open","sticky":false,"template":"","format":"standard","meta":{"_monsterinsights_skip_tracking":false,"_monsterinsights_sitenote_active":false,"_monsterinsights_sitenote_note":"","_monsterinsights_sitenote_category":0,"footnotes":""},"categories":[3],"tags":[11949,11950,2763],"class_list":["post"],"yoast_head":" \n<title>Sonora en Equipo. Fallamos en proteger al Louvre: ministro de justicia de Francia MUNDO<\/title>\n<meta name=\"description\" content=\"Fallamos en proteger al Louvre: ministro de justicia &nbsp; &quot;Tras el robo de ayer en el Louvre, el museo lamenta informarles que permanecer\u00e1 cerrado al En Sonora en Equipo publicamos toda la informaci\u00f3n de Sonora, M\u00e9xico y el Mundo de manera oportuna y busca que la libertad de expresi\u00f3n sea real. Visita nuestro medio informativo publicado desde Hermosillo, Sonora. %\" \/>\n<meta name=\"robots\" content=\"index, follow, max-snippet:-1, max-image-preview:large, max-video-preview:-1\" \/>\n<link rel=\"canonical\" href=\"https:\/\/www.sonoraenequipo.com.mx\/fallamos-en-proteger-al-louvre-ministro-de-justicia-de-francia\/\" \/>\n<meta property=\"og:locale\" content=\"es_ES\" \/>\n<meta property=\"og:type\" content=\"article\" \/>\n<meta property=\"og:title\" content=\"Sonora en Equipo. Fallamos en proteger al Louvre: ministro de justicia de Francia MUNDO\" \/>\n<meta property=\"og:description\" content=\"Fallamos en proteger al Louvre: ministro de justicia &nbsp; &quot;Tras el robo de ayer en el Louvre, el museo lamenta informarles que permanecer\u00e1 cerrado al En Sonora en Equipo publicamos toda la informaci\u00f3n de Sonora, M\u00e9xico y el Mundo de manera oportuna y busca que la libertad de expresi\u00f3n sea real. Visita nuestro medio informativo publicado desde Hermosillo, Sonora. %\" \/>\n<meta property=\"og:url\" content=\"https:\/\/www.sonoraenequipo.com.mx\/fallamos-en-proteger-al-louvre-ministro-de-justicia-de-francia\/\" \/>\n<meta property=\"og:site_name\" content=\"Sonora en Equipo.\" \/>\n<meta property=\"article:publisher\" content=\"https:\/\/www.facebook.com\/SonoraEE\/\" \/>\n<meta property=\"article:author\" content=\"https:\/\/www.facebook.com\/SonoraEE\" \/>\n<meta property=\"article:published_time\" content=\"2025-10-20T19:13:01+00:00\" \/>\n<meta property=\"og:image\" content=\"https:\/\/www.sonoraenequipo.com.mx\/storage\/2025\/10\/joyas-louvre.jpg\" \/>\n\t<meta property=\"og:image:width\" content=\"600\" \/>\n\t<meta property=\"og:image:height\" content=\"400\" \/>\n\t<meta property=\"og:image:type\" content=\"image\/jpeg\" \/>\n<meta name=\"author\" content=\"enequipo\" \/>\n<meta name=\"twitter:card\" content=\"summary_large_image\" \/>\n<meta name=\"twitter:creator\" content=\"@sonoraenequipo\" \/>\n<meta name=\"twitter:site\" content=\"@sonoraenequipo\" \/>\n<meta name=\"twitter:label1\" content=\"Escrito por\" \/>\n\t<meta name=\"twitter:data1\" content=\"enequipo\" \/>\n\t<meta name=\"twitter:label2\" content=\"Tiempo de lectura\" \/>\n\t<meta name=\"twitter:data2\" content=\"2 minutos\" \/>\n<script type=\"application\/ld+json\" class=\"yoast-schema-graph\">{\"@context\":\"https:\/\/schema.org\",\"@graph\":[{\"@type\":\"Article\",\"@id\":\"https:\/\/www.sonoraenequipo.com.mx\/fallamos-en-proteger-al-louvre-ministro-de-justicia-de-francia\/#article\",\"isPartOf\":{\"@id\":\"https:\/\/www.sonoraenequipo.com.mx\/fallamos-en-proteger-al-louvre-ministro-de-justicia-de-francia\/\"},\"author\":{\"name\":\"enequipo\",\"@id\":\"https:\/\/www.sonoraenequipo.com.mx\/#\/schema\/person\/50102df0fb23a8fa9e8effad8fa81386\"},\"headline\":\"Fallamos en proteger al Louvre: ministro de justicia de Francia\",\"datePublished\":\"2025-10-20T19:13:01+00:00\",\"mainEntityOfPage\":{\"@id\":\"https:\/\/www.sonoraenequipo.com.mx\/fallamos-en-proteger-al-louvre-ministro-de-justicia-de-francia\/\"},\"wordCount\":407,\"commentCount\":0,\"publisher\":{\"@id\":\"https:\/\/www.sonoraenequipo.com.mx\/#organization\"},\"image\":{\"@id\":\"https:\/\/www.sonoraenequipo.com.mx\/fallamos-en-proteger-al-louvre-ministro-de-justicia-de-francia\/#primaryimage\"},\"thumbnailUrl\":\"https:\/\/www.sonoraenequipo.com.mx\/storage\/2025\/10\/joyas-louvre.jpg\",\"keywords\":[\"joyas\",\"Louvre\",\"robo\"],\"articleSection\":[\"MUNDO\"],\"inLanguage\":\"es\",\"potentialAction\":[{\"@type\":\"CommentAction\",\"name\":\"Comment\",\"target\":[\"https:\/\/www.sonoraenequipo.com.mx\/fallamos-en-proteger-al-louvre-ministro-de-justicia-de-francia\/#respond\"]}]},{\"@type\":\"WebPage\",\"@id\":\"https:\/\/www.sonoraenequipo.com.mx\/fallamos-en-proteger-al-louvre-ministro-de-justicia-de-francia\/\",\"url\":\"https:\/\/www.sonoraenequipo.com.mx\/fallamos-en-proteger-al-louvre-ministro-de-justicia-de-francia\/\",\"name\":\"Sonora en Equipo. Fallamos en proteger al Louvre: ministro de justicia de Francia MUNDO\",\"isPartOf\":{\"@id\":\"https:\/\/www.sonoraenequipo.com.mx\/#website\"},\"primaryImageOfPage\":{\"@id\":\"https:\/\/www.sonoraenequipo.com.mx\/fallamos-en-proteger-al-louvre-ministro-de-justicia-de-francia\/#primaryimage\"},\"image\":{\"@id\":\"https:\/\/www.sonoraenequipo.com.mx\/fallamos-en-proteger-al-louvre-ministro-de-justicia-de-francia\/#primaryimage\"},\"thumbnailUrl\":\"https:\/\/www.sonoraenequipo.com.mx\/storage\/2025\/10\/joyas-louvre.jpg\",\"datePublished\":\"2025-10-20T19:13:01+00:00\",\"description\":\"Fallamos en proteger al Louvre: ministro de justicia &nbsp; \\\"Tras el robo de ayer en el Louvre, el museo lamenta informarles que permanecer\u00e1 cerrado al En Sonora en Equipo publicamos toda la informaci\u00f3n de Sonora, M\u00e9xico y el Mundo de manera oportuna y busca que la libertad de expresi\u00f3n sea real. Visita nuestro medio informativo publicado desde Hermosillo, Sonora. %\",\"breadcrumb\":{\"@id\":\"https:\/\/www.sonoraenequipo.com.mx\/fallamos-en-proteger-al-louvre-ministro-de-justicia-de-francia\/#breadcrumb\"},\"inLanguage\":\"es\",\"potentialAction\":[{\"@type\":\"ReadAction\",\"target\":[\"https:\/\/www.sonoraenequipo.com.mx\/fallamos-en-proteger-al-louvre-ministro-de-justicia-de-francia\/\"]}]},{\"@type\":\"ImageObject\",\"inLanguage\":\"es\",\"@id\":\"https:\/\/www.sonoraenequipo.com.mx\/fallamos-en-proteger-al-louvre-ministro-de-justicia-de-francia\/#primaryimage\",\"url\":\"https:\/\/www.sonoraenequipo.com.mx\/storage\/2025\/10\/joyas-louvre.jpg\",\"contentUrl\":\"https:\/\/www.sonoraenequipo.com.mx\/storage\/2025\/10\/joyas-louvre.jpg\",\"width\":600,\"height\":400,\"caption\":\"ntre los objetos robados, todos del siglo XIX: joyas de la corona de la emperatriz Eugenia (imagen de archivo).Imagen: Aurelien Morissard\/IP3press\/IMAGO\"},{\"@type\":\"BreadcrumbList\",\"@id\":\"https:\/\/www.sonoraenequipo.com.mx\/fallamos-en-proteger-al-louvre-ministro-de-justicia-de-francia\/#breadcrumb\",\"itemListElement\":[{\"@type\":\"ListItem\",\"position\":1,\"name\":\"Portada\",\"item\":\"https:\/\/www.sonoraenequipo.com.mx\/\"},{\"@type\":\"ListItem\",\"position\":2,\"name\":\"Fallamos en proteger al Louvre: ministro de justicia de Francia\"}]},{\"@type\":\"WebSite\",\"@id\":\"https:\/\/www.sonoraenequipo.com.mx\/#website\",\"url\":\"https:\/\/www.sonoraenequipo.com.mx\/\",\"name\":\"Sonora en Equipo.\",\"description\":\"Diario en l\u00ednea con Noticias desde Hermosillo, Sonora\",\"publisher\":{\"@id\":\"https:\/\/www.sonoraenequipo.com.mx\/#organization\"},\"potentialAction\":[{\"@type\":\"SearchAction\",\"target\":{\"@type\":\"EntryPoint\",\"urlTemplate\":\"https:\/\/www.sonoraenequipo.com.mx\/?s={search_term_string}\"},\"query-input\":{\"@type\":\"PropertyValueSpecification\",\"valueRequired\":true,\"valueName\":\"search_term_string\"}}],\"inLanguage\":\"es\"},{\"@type\":\"Organization\",\"@id\":\"https:\/\/www.sonoraenequipo.com.mx\/#organization\",\"name\":\"Sonoraenequipo.com.mx\",\"url\":\"https:\/\/www.sonoraenequipo.com.mx\/\",\"logo\":{\"@type\":\"ImageObject\",\"inLanguage\":\"es\",\"@id\":\"https:\/\/www.sonoraenequipo.com.mx\/#\/schema\/logo\/image\/\",\"url\":\"https:\/\/www.sonoraenequipo.com.mx\/storage\/2019\/01\/sonoraenequipo_opt.png\",\"contentUrl\":\"https:\/\/www.sonoraenequipo.com.mx\/storage\/2019\/01\/sonoraenequipo_opt.png\",\"width\":375,\"height\":125,\"caption\":\"Sonoraenequipo.com.mx\"},\"image\":{\"@id\":\"https:\/\/www.sonoraenequipo.com.mx\/#\/schema\/logo\/image\/\"},\"sameAs\":[\"https:\/\/www.facebook.com\/SonoraEE\/\",\"https:\/\/x.com\/sonoraenequipo\",\"https:\/\/www.youtube.com\/channel\/UC338nW-lPEYmJQs4ZABQ1SQ\"]},{\"@type\":\"Person\",\"@id\":\"https:\/\/www.sonoraenequipo.com.mx\/#\/schema\/person\/50102df0fb23a8fa9e8effad8fa81386\",\"name\":\"enequipo\",\"image\":{\"@type\":\"ImageObject\",\"inLanguage\":\"es\",\"@id\":\"https:\/\/www.sonoraenequipo.com.mx\/#\/schema\/person\/image\/\",\"url\":\"https:\/\/secure.gravatar.com\/avatar\/049821681b589dabc0bc20695993ccebb09f5b5d4d790cd9251b97faac7c652b?s=96&d=blank&r=g\",\"contentUrl\":\"https:\/\/secure.gravatar.com\/avatar\/049821681b589dabc0bc20695993ccebb09f5b5d4d790cd9251b97faac7c652b?s=96&d=blank&r=g\",\"caption\":\"enequipo\"},\"sameAs\":[\"https:\/\/www.facebook.com\/SonoraEE\"]}]}<\/script>\n ","yoast_head_json":{"title":"Sonora en Equipo. Fallamos en proteger al Louvre: ministro de justicia de Francia MUNDO","description":"Fallamos en proteger al Louvre: ministro de justicia &nbsp; \"Tras el robo de ayer en el Louvre, el museo lamenta informarles que permanecer\u00e1 cerrado al En Sonora en Equipo publicamos toda la informaci\u00f3n de Sonora, M\u00e9xico y el Mundo de manera oportuna y busca que la libertad de expresi\u00f3n sea real. Visita nuestro medio informativo publicado desde Hermosillo, Sonora. %","robots":{"index":"index","follow":"follow","max-snippet":"max-snippet:-1","max-image-preview":"max-image-preview:large","max-video-preview":"max-video-preview:-1"},"canonical":"https:\/\/www.sonoraenequipo.com.mx\/fallamos-en-proteger-al-louvre-ministro-de-justicia-de-francia\/","og_locale":"es_ES","og_type":"article","og_title":"Sonora en Equipo. Fallamos en proteger al Louvre: ministro de justicia de Francia MUNDO","og_description":"Fallamos en proteger al Louvre: ministro de justicia &nbsp; \"Tras el robo de ayer en el Louvre, el museo lamenta informarles que permanecer\u00e1 cerrado al En Sonora en Equipo publicamos toda la informaci\u00f3n de Sonora, M\u00e9xico y el Mundo de manera oportuna y busca que la libertad de expresi\u00f3n sea real. Visita nuestro medio informativo publicado desde Hermosillo, Sonora. %","og_url":"https:\/\/www.sonoraenequipo.com.mx\/fallamos-en-proteger-al-louvre-ministro-de-justicia-de-francia\/","og_site_name":"Sonora en Equipo.","article_publisher":"https:\/\/www.facebook.com\/SonoraEE\/","article_author":"https:\/\/www.facebook.com\/SonoraEE","article_published_time":"2025-10-20T19:13:01+00:00","og_image":[{"width":600,"height":400,"url":"https:\/\/www.sonoraenequipo.com.mx\/storage\/2025\/10\/joyas-louvre.jpg","type":"image\/jpeg"}],"author":"enequipo","twitter_card":"summary_large_image","twitter_creator":"@sonoraenequipo","twitter_site":"@sonoraenequipo","twitter_misc":{"Escrito por":"enequipo","Tiempo de lectura":"2 minutos"},"schema":{"@context":"https:\/\/schema.org","@graph":[{"@type":"Article","@id":"https:\/\/www.sonoraenequipo.com.mx\/fallamos-en-proteger-al-louvre-ministro-de-justicia-de-francia\/#article","isPartOf":{"@id":"https:\/\/www.sonoraenequipo.com.mx\/fallamos-en-proteger-al-louvre-ministro-de-justicia-de-francia\/"},"author":{"name":"enequipo","@id":"https:\/\/www.sonoraenequipo.com.mx\/#\/schema\/person\/50102df0fb23a8fa9e8effad8fa81386"},"headline":"Fallamos en proteger al Louvre: ministro de justicia de Francia","datePublished":"2025-10-20T19:13:01+00:00","mainEntityOfPage":{"@id":"https:\/\/www.sonoraenequipo.com.mx\/fallamos-en-proteger-al-louvre-ministro-de-justicia-de-francia\/"},"wordCount":407,"commentCount":0,"publisher":{"@id":"https:\/\/www.sonoraenequipo.com.mx\/#organization"},"image":{"@id":"https:\/\/www.sonoraenequipo.com.mx\/fallamos-en-proteger-al-louvre-ministro-de-justicia-de-francia\/#primaryimage"},"thumbnailUrl":"https:\/\/www.sonoraenequipo.com.mx\/storage\/2025\/10\/joyas-louvre.jpg","keywords":["joyas","Louvre","robo"],"articleSection":["MUNDO"],"inLanguage":"es","potentialAction":[{"@type":"CommentAction","name":"Comment","target":["https:\/\/www.sonoraenequipo.com.mx\/fallamos-en-proteger-al-louvre-ministro-de-justicia-de-francia\/#respond"]}]},{"@type":"WebPage","@id":"https:\/\/www.sonoraenequipo.com.mx\/fallamos-en-proteger-al-louvre-ministro-de-justicia-de-francia\/","url":"https:\/\/www.sonoraenequipo.com.mx\/fallamos-en-proteger-al-louvre-ministro-de-justicia-de-francia\/","name":"Sonora en Equipo. Fallamos en proteger al Louvre: ministro de justicia de Francia MUNDO","isPartOf":{"@id":"https:\/\/www.sonoraenequipo.com.mx\/#website"},"primaryImageOfPage":{"@id":"https:\/\/www.sonoraenequipo.com.mx\/fallamos-en-proteger-al-louvre-ministro-de-justicia-de-francia\/#primaryimage"},"image":{"@id":"https:\/\/www.sonoraenequipo.com.mx\/fallamos-en-proteger-al-louvre-ministro-de-justicia-de-francia\/#primaryimage"},"thumbnailUrl":"https:\/\/www.sonoraenequipo.com.mx\/storage\/2025\/10\/joyas-louvre.jpg","datePublished":"2025-10-20T19:13:01+00:00","description":"Fallamos en proteger al Louvre: ministro de justicia &nbsp; \"Tras el robo de ayer en el Louvre, el museo lamenta informarles que permanecer\u00e1 cerrado al En Sonora en Equipo publicamos toda la informaci\u00f3n de Sonora, M\u00e9xico y el Mundo de manera oportuna y busca que la libertad de expresi\u00f3n sea real. Visita nuestro medio informativo publicado desde Hermosillo, Sonora. %","breadcrumb":{"@id":"https:\/\/www.sonoraenequipo.com.mx\/fallamos-en-proteger-al-louvre-ministro-de-justicia-de-francia\/#breadcrumb"},"inLanguage":"es","potentialAction":[{"@type":"ReadAction","target":["https:\/\/www.sonoraenequipo.com.mx\/fallamos-en-proteger-al-louvre-ministro-de-justicia-de-francia\/"]}]},{"@type":"ImageObject","inLanguage":"es","@id":"https:\/\/www.sonoraenequipo.com.mx\/fallamos-en-proteger-al-louvre-ministro-de-justicia-de-francia\/#primaryimage","url":"https:\/\/www.sonoraenequipo.com.mx\/storage\/2025\/10\/joyas-louvre.jpg","contentUrl":"https:\/\/www.sonoraenequipo.com.mx\/storage\/2025\/10\/joyas-louvre.jpg","width":600,"height":400,"caption":"ntre los objetos robados, todos del siglo XIX: joyas de la corona de la emperatriz Eugenia (imagen de archivo).Imagen: Aurelien Morissard\/IP3press\/IMAGO"},{"@type":"BreadcrumbList","@id":"https:\/\/www.sonoraenequipo.com.mx\/fallamos-en-proteger-al-louvre-ministro-de-justicia-de-francia\/#breadcrumb","itemListElement":[{"@type":"ListItem","position":1,"name":"Portada","item":"https:\/\/www.sonoraenequipo.com.mx\/"},{"@type":"ListItem","position":2,"name":"Fallamos en proteger al Louvre: ministro de justicia de Francia"}]},{"@type":"WebSite","@id":"https:\/\/www.sonoraenequipo.com.mx\/#website","url":"https:\/\/www.sonoraenequipo.com.mx\/","name":"Sonora en Equipo.","description":"Diario en l\u00ednea con Noticias desde Hermosillo, Sonora","publisher":{"@id":"https:\/\/www.sonoraenequipo.com.mx\/#organization"},"potentialAction":[{"@type":"SearchAction","target":{"@type":"EntryPoint","urlTemplate":"https:\/\/www.sonoraenequipo.com.mx\/?s={search_term_string}"},"query-input":{"@type":"PropertyValueSpecification","valueRequired":true,"valueName":"search_term_string"}}],"inLanguage":"es"},{"@type":"Organization","@id":"https:\/\/www.sonoraenequipo.com.mx\/#organization","name":"Sonoraenequipo.com.mx","url":"https:\/\/www.sonoraenequipo.com.mx\/","logo":{"@type":"ImageObject","inLanguage":"es","@id":"https:\/\/www.sonoraenequipo.com.mx\/#\/schema\/logo\/image\/","url":"https:\/\/www.sonoraenequipo.com.mx\/storage\/2019\/01\/sonoraenequipo_opt.png","contentUrl":"https:\/\/www.sonoraenequipo.com.mx\/storage\/2019\/01\/sonoraenequipo_opt.png","width":375,"height":125,"caption":"Sonoraenequipo.com.mx"},"image":{"@id":"https:\/\/www.sonoraenequipo.com.mx\/#\/schema\/logo\/image\/"},"sameAs":["https:\/\/www.facebook.com\/SonoraEE\/","https:\/\/x.com\/sonoraenequipo","https:\/\/www.youtube.com\/channel\/UC338nW-lPEYmJQs4ZABQ1SQ"]},{"@type":"Person","@id":"https:\/\/www.sonoraenequipo.com.mx\/#\/schema\/person\/50102df0fb23a8fa9e8effad8fa81386","name":"enequipo","image":{"@type":"ImageObject","inLanguage":"es","@id":"https:\/\/www.sonoraenequipo.com.mx\/#\/schema\/person\/image\/","url":"https:\/\/secure.gravatar.com\/avatar\/049821681b589dabc0bc20695993ccebb09f5b5d4d790cd9251b97faac7c652b?s=96&d=blank&r=g","contentUrl":"https:\/\/secure.gravatar.com\/avatar\/049821681b589dabc0bc20695993ccebb09f5b5d4d790cd9251b97faac7c652b?s=96&d=blank&r=g","caption":"enequipo"},"sameAs":["https:\/\/www.facebook.com\/SonoraEE"]}]}},"jetpack_featured_media_url":"https:\/\/www.sonoraenequipo.com.mx\/storage\/2025\/10\/joyas-louvre.jpg","_links":{"self":[{"href":"https:\/\/www.sonoraenequipo.com.mx\/api\/wp\/v2\/posts\/226742","targetHints":{"allow":["GET"]}}],"collection":[{"href":"https:\/\/www.sonoraenequipo.com.mx\/api\/wp\/v2\/posts"}],"about":[{"href":"https:\/\/www.sonoraenequipo.com.mx\/api\/wp\/v2\/types\/post"}],"author":[{"embeddable":true,"href":"https:\/\/www.sonoraenequipo.com.mx\/api\/wp\/v2\/users\/1"}],"replies":[{"embeddable":true,"href":"https:\/\/www.sonoraenequipo.com.mx\/api\/wp\/v2\/comments?post=226742"}],"version-history":[{"count":1,"href":"https:\/\/www.sonoraenequipo.com.mx\/api\/wp\/v2\/posts\/226742\/revisions"}],"predecessor-version":[{"id":226744,"href":"https:\/\/www.sonoraenequipo.com.mx\/api\/wp\/v2\/posts\/226742\/revisions\/226744"}],"wp:featuredmedia":[{"embeddable":true,"href":"https:\/\/www.sonoraenequipo.com.mx\/api\/wp\/v2\/media\/226743"}],"wp:attachment":[{"href":"https:\/\/www.sonoraenequipo.com.mx\/api\/wp\/v2\/media?parent=226742"}],"wp:term":[{"taxonomy":"category","embeddable":true,"href":"https:\/\/www.sonoraenequipo.com.mx\/api\/wp\/v2\/categories?post=226742"},{"taxonomy":"post_tag","embeddable":true,"href":"https:\/\/www.sonoraenequipo.com.mx\/api\/wp\/v2\/tags?post=226742"}],"curies":[{"name":"wp","href":"https:\/\/api.w.org\/{rel}","templated":true}]}}