{"id":226752,"date":"2025-10-20T13:17:12","date_gmt":"2025-10-20T20:17:12","guid":{"rendered":"https:\/\/www.sonoraenequipo.com.mx\/?p=226752"},"modified":"2025-10-20T13:17:12","modified_gmt":"2025-10-20T20:17:12","slug":"el-autismo-no-es-un-solo-trastorno-segun-nuevos-datos","status":"publish","type":"post","link":"https:\/\/www.sonoraenequipo.com.mx\/el-autismo-no-es-un-solo-trastorno-segun-nuevos-datos\/","title":{"rendered":"El autismo no es un solo trastorno, seg\u00fan nuevos datos"},"content":{"rendered":"<p>El autismo diagnosticado en la primera infancia difiere gen\u00e9tica y evolutivamente del autismo identificado posteriormente en el desarrollo de un individuo, lo cual desaf\u00eda la idea de que se trata de un trastorno \u00fanico y uniforme, seg\u00fan sugiere una nueva investigaci\u00f3n.<\/p>\n<p>&nbsp;<\/p>\n<p>Los investigadores e investigadoras encontraron que las ni\u00f1as y los ni\u00f1os diagnosticados en la primera infancia son m\u00e1s propensos a presentar problemas sociales y conductuales durante la primera infancia y la infancia, mientras que aqu\u00e9llos diagnosticados m\u00e1s tarde presentan tasas m\u00e1s altas de afecciones como el trastorno por d\u00e9ficit de atenci\u00f3n\/ hiperactividad (TDAH) y la depresi\u00f3n. Ambos subtipos presentan perfiles gen\u00e9ticos distintos.<\/p>\n<p>&nbsp;<\/p>\n<p>\u00abDescubrimos que, en promedio, las personas diagnosticadas con autismo en etapas tempranas y tard\u00edas de la vida siguen diferentes trayectorias de desarrollo y, sorprendentemente, presentan distintos perfiles gen\u00e9ticos subyacentes\u00bb, declar\u00f3 en un comunicado de prensa Xinhe Zhang, investigador del estudio y estudiante de doctorado del Departamento de Psiquiatr\u00eda de University of Cambridge, Reino Unido.<\/p>\n<p>&nbsp;<\/p>\n<p>&nbsp;<\/p>\n<p>\u00abComprender c\u00f3mo surgen las caracter\u00edsticas del autismo no s\u00f3lo en la primera infancia, sino tambi\u00e9n en etapas posteriores de la ni\u00f1ez y la adolescencia, podr\u00eda ayudarnos a reconocer, diagnosticar y apoyar a las personas con autismo de todas las edades\u00bb, a\u00f1adi\u00f3 el autor principal, Varun Warrier, Ph. D., tambi\u00e9n del Departamento de Psiquiatr\u00eda de University of Cambridge.<\/p>\n<p>&nbsp;<\/p>\n<p><strong>El estudio se public\u00f3 en versi\u00f3n electr\u00f3nica el 1 de octubre en Nature<\/strong><\/p>\n<p>&nbsp;<\/p>\n<p><strong>Causa desconocida<\/strong><\/p>\n<p>El autismo es un trastorno complejo del neurodesarrollo sin una causa conocida. Aunque tradicionalmente se ha reconocido que surge en la primera infancia, muchas personas son diagnosticadas en etapas posteriores de la vida. A\u00fan no est\u00e1 claro si el autismo identificado en etapas tempranas o posteriores de la vida sigue trayectorias de desarrollo diferentes o presenta perfiles gen\u00e9ticos distintos. Para explorar c\u00f3mo el autismo reconocido en etapas tempranas puede diferir de los casos identificados posteriormente, los investigadores e investigadoras analizaron datos longitudinales de cuatro cohortes de nacimiento, cada una con 89 a 188 individuos autistas, junto con datos gen\u00e9ticos de m\u00e1s de 45.000 personas de m\u00faltiples cohortes internacionales.<\/p>\n<p>&nbsp;<\/p>\n<p>&nbsp;<\/p>\n<p>Hallaron que aqu\u00e9llos diagnosticados con el trastorno antes de los 7 a\u00f1os presentaban tasas significativamente m\u00e1s altas de retraso global del desarrollo y discapacidad intelectual, con d\u00e9ficits pronunciados en los hitos motores y del lenguaje.<\/p>\n<p>&nbsp;<\/p>\n<p>Por el contrario, quienes fueron diagnosticados m\u00e1s tarde en la infancia o despu\u00e9s a menudo mostraban un desarrollo temprano t\u00edpico, pero con el tiempo desarrollaban dificultades cognitivas y conductuales m\u00e1s sutiles. Tambi\u00e9n eran m\u00e1s propensos a presentar comorbilidades, como el trastorno por d\u00e9ficit de atenci\u00f3n\/hiperactividad y la depresi\u00f3n.<\/p>\n<p>&nbsp;<\/p>\n<p>Los an\u00e1lisis gen\u00e9ticos revelaron que el grupo diagnosticado tempranamente presentaba variantes raras y delet\u00e9reas en genes restringidos, mientras que el grupo diagnosticado m\u00e1s tarde mostraba puntuaciones elevadas de riesgo polig\u00e9nico para el logro educativo y otros rasgos complejos.<\/p>\n<p>&nbsp;<\/p>\n<p>&nbsp;<\/p>\n<p>Los investigadores e investigadoras a\u00fan no han identificado variantes gen\u00e9ticas espec\u00edficas asociadas a cada uno de estos perfiles.<\/p>\n<p>&nbsp;<\/p>\n<p>Cabe destacar que los investigadores observaron que el perfil gen\u00e9tico promedio del autismo diagnosticado posteriormente se asemejaba m\u00e1s al del trastorno por d\u00e9ficit de atenci\u00f3n\/hiperactividad, la depresi\u00f3n y el trastorno de estr\u00e9s postraum\u00e1tico que al del autismo diagnosticado en la primera infancia.<\/p>\n<p>&nbsp;<\/p>\n<p>\u00abUn pr\u00f3ximo paso importante ser\u00e1 comprender la compleja interacci\u00f3n entre la gen\u00e9tica y los factores sociales que conducen a peores resultados en salud mental en las personas con autismo diagnosticado posteriormente\u00bb, se\u00f1al\u00f3 Warrier.<\/p>\n<p>&nbsp;<\/p>\n<p>Los investigadores e investigadoras advirtieron contra la generalizaci\u00f3n excesiva de los resultados del estudio, enfatizaron que la edad al momento del diagn\u00f3stico est\u00e1 determinada por factores sociales, culturales y sanitarios, adem\u00e1s de la biolog\u00eda. Destacaron que algunos ni\u00f1os y ni\u00f1as diagnosticados posteriormente podr\u00edan haber presentado signos tempranos que pasaron desapercibidos.<\/p>\n<p>&nbsp;<\/p>\n<p><strong>Tipos distintos<\/strong><\/p>\n<p>En un art\u00edculo complementario en Nature News &amp; Views, Elliot Tucker-Drob, Ph. D., profesor del Departamento de Psicolog\u00eda de University of Texas en Austin, Estados Unidos, afirm\u00f3 que este estudio proporciona evidencia de que \u00abel momento del desarrollo en que se diagnostica el autismo no es simplemente un efecto secundario de las dificultades para identificar casos m\u00e1s leves a edades tempranas, sino una caracter\u00edstica principal que distingue las distintas formas de autismo\u00bb.<\/p>\n<p><strong>Fecha de publicaci\u00f3n lunes 20 de octubre de 2025\/Medscape<\/strong><\/p>\n","protected":false},"excerpt":{"rendered":"<p>El autismo diagnosticado en la primera infancia difiere gen\u00e9tica y evolutivamente del autismo identificado posteriormente&#8230;<\/p>\n","protected":false},"author":1,"featured_media":226753,"comment_status":"open","ping_status":"open","sticky":false,"template":"","format":"standard","meta":{"_monsterinsights_skip_tracking":false,"_monsterinsights_sitenote_active":false,"_monsterinsights_sitenote_note":"","_monsterinsights_sitenote_category":0,"footnotes":""},"categories":[2216],"tags":[6290],"class_list":["post"],"yoast_head":" \n<title>Sonora en Equipo. El autismo no es un solo trastorno, seg\u00fan nuevos datos Ciencia y Tecnolog\u00eda<\/title>\n<meta name=\"description\" content=\"El autismo diagnosticado en la primera infancia difiere gen\u00e9tica y evolutivamente del autismo identificado posteriormente en el desarrollo de un En Sonora en Equipo publicamos toda la informaci\u00f3n de Sonora, M\u00e9xico y el Mundo de manera oportuna y busca que la libertad de expresi\u00f3n sea real. Visita nuestro medio informativo publicado desde Hermosillo, Sonora. %\" \/>\n<meta name=\"robots\" content=\"index, follow, max-snippet:-1, max-image-preview:large, max-video-preview:-1\" \/>\n<link rel=\"canonical\" href=\"https:\/\/www.sonoraenequipo.com.mx\/el-autismo-no-es-un-solo-trastorno-segun-nuevos-datos\/\" \/>\n<meta property=\"og:locale\" content=\"es_ES\" \/>\n<meta property=\"og:type\" content=\"article\" \/>\n<meta property=\"og:title\" content=\"Sonora en Equipo. El autismo no es un solo trastorno, seg\u00fan nuevos datos Ciencia y Tecnolog\u00eda\" \/>\n<meta property=\"og:description\" content=\"El autismo diagnosticado en la primera infancia difiere gen\u00e9tica y evolutivamente del autismo identificado posteriormente en el desarrollo de un En Sonora en Equipo publicamos toda la informaci\u00f3n de Sonora, M\u00e9xico y el Mundo de manera oportuna y busca que la libertad de expresi\u00f3n sea real. Visita nuestro medio informativo publicado desde Hermosillo, Sonora. %\" \/>\n<meta property=\"og:url\" content=\"https:\/\/www.sonoraenequipo.com.mx\/el-autismo-no-es-un-solo-trastorno-segun-nuevos-datos\/\" \/>\n<meta property=\"og:site_name\" content=\"Sonora en Equipo.\" \/>\n<meta property=\"article:publisher\" content=\"https:\/\/www.facebook.com\/SonoraEE\/\" \/>\n<meta property=\"article:author\" content=\"https:\/\/www.facebook.com\/SonoraEE\" \/>\n<meta property=\"article:published_time\" content=\"2025-10-20T20:17:12+00:00\" \/>\n<meta property=\"og:image\" content=\"https:\/\/www.sonoraenequipo.com.mx\/storage\/2025\/10\/autismo.jpg\" \/>\n\t<meta property=\"og:image:width\" content=\"600\" \/>\n\t<meta property=\"og:image:height\" content=\"400\" \/>\n\t<meta property=\"og:image:type\" content=\"image\/jpeg\" \/>\n<meta name=\"author\" content=\"enequipo\" \/>\n<meta name=\"twitter:card\" content=\"summary_large_image\" \/>\n<meta name=\"twitter:creator\" content=\"@sonoraenequipo\" \/>\n<meta name=\"twitter:site\" content=\"@sonoraenequipo\" \/>\n<meta name=\"twitter:label1\" content=\"Escrito por\" \/>\n\t<meta name=\"twitter:data1\" content=\"enequipo\" \/>\n\t<meta name=\"twitter:label2\" content=\"Tiempo de lectura\" \/>\n\t<meta name=\"twitter:data2\" content=\"4 minutos\" \/>\n<script type=\"application\/ld+json\" class=\"yoast-schema-graph\">{\"@context\":\"https:\/\/schema.org\",\"@graph\":[{\"@type\":\"Article\",\"@id\":\"https:\/\/www.sonoraenequipo.com.mx\/el-autismo-no-es-un-solo-trastorno-segun-nuevos-datos\/#article\",\"isPartOf\":{\"@id\":\"https:\/\/www.sonoraenequipo.com.mx\/el-autismo-no-es-un-solo-trastorno-segun-nuevos-datos\/\"},\"author\":{\"name\":\"enequipo\",\"@id\":\"https:\/\/www.sonoraenequipo.com.mx\/#\/schema\/person\/50102df0fb23a8fa9e8effad8fa81386\"},\"headline\":\"El autismo no es un solo trastorno, seg\u00fan nuevos datos\",\"datePublished\":\"2025-10-20T20:17:12+00:00\",\"mainEntityOfPage\":{\"@id\":\"https:\/\/www.sonoraenequipo.com.mx\/el-autismo-no-es-un-solo-trastorno-segun-nuevos-datos\/\"},\"wordCount\":785,\"commentCount\":0,\"publisher\":{\"@id\":\"https:\/\/www.sonoraenequipo.com.mx\/#organization\"},\"image\":{\"@id\":\"https:\/\/www.sonoraenequipo.com.mx\/el-autismo-no-es-un-solo-trastorno-segun-nuevos-datos\/#primaryimage\"},\"thumbnailUrl\":\"https:\/\/www.sonoraenequipo.com.mx\/storage\/2025\/10\/autismo.jpg\",\"keywords\":[\"autismo\"],\"articleSection\":[\"Ciencia y Tecnolog\u00eda\"],\"inLanguage\":\"es\",\"potentialAction\":[{\"@type\":\"CommentAction\",\"name\":\"Comment\",\"target\":[\"https:\/\/www.sonoraenequipo.com.mx\/el-autismo-no-es-un-solo-trastorno-segun-nuevos-datos\/#respond\"]}]},{\"@type\":\"WebPage\",\"@id\":\"https:\/\/www.sonoraenequipo.com.mx\/el-autismo-no-es-un-solo-trastorno-segun-nuevos-datos\/\",\"url\":\"https:\/\/www.sonoraenequipo.com.mx\/el-autismo-no-es-un-solo-trastorno-segun-nuevos-datos\/\",\"name\":\"Sonora en Equipo. El autismo no es un solo trastorno, seg\u00fan nuevos datos Ciencia y Tecnolog\u00eda\",\"isPartOf\":{\"@id\":\"https:\/\/www.sonoraenequipo.com.mx\/#website\"},\"primaryImageOfPage\":{\"@id\":\"https:\/\/www.sonoraenequipo.com.mx\/el-autismo-no-es-un-solo-trastorno-segun-nuevos-datos\/#primaryimage\"},\"image\":{\"@id\":\"https:\/\/www.sonoraenequipo.com.mx\/el-autismo-no-es-un-solo-trastorno-segun-nuevos-datos\/#primaryimage\"},\"thumbnailUrl\":\"https:\/\/www.sonoraenequipo.com.mx\/storage\/2025\/10\/autismo.jpg\",\"datePublished\":\"2025-10-20T20:17:12+00:00\",\"description\":\"El autismo diagnosticado en la primera infancia difiere gen\u00e9tica y evolutivamente del autismo identificado posteriormente en el desarrollo de un En Sonora en Equipo publicamos toda la informaci\u00f3n de Sonora, M\u00e9xico y el Mundo de manera oportuna y busca que la libertad de expresi\u00f3n sea real. Visita nuestro medio informativo publicado desde Hermosillo, Sonora. %\",\"breadcrumb\":{\"@id\":\"https:\/\/www.sonoraenequipo.com.mx\/el-autismo-no-es-un-solo-trastorno-segun-nuevos-datos\/#breadcrumb\"},\"inLanguage\":\"es\",\"potentialAction\":[{\"@type\":\"ReadAction\",\"target\":[\"https:\/\/www.sonoraenequipo.com.mx\/el-autismo-no-es-un-solo-trastorno-segun-nuevos-datos\/\"]}]},{\"@type\":\"ImageObject\",\"inLanguage\":\"es\",\"@id\":\"https:\/\/www.sonoraenequipo.com.mx\/el-autismo-no-es-un-solo-trastorno-segun-nuevos-datos\/#primaryimage\",\"url\":\"https:\/\/www.sonoraenequipo.com.mx\/storage\/2025\/10\/autismo.jpg\",\"contentUrl\":\"https:\/\/www.sonoraenequipo.com.mx\/storage\/2025\/10\/autismo.jpg\",\"width\":600,\"height\":400,\"caption\":\"Imagen ilustrativa, especial\"},{\"@type\":\"BreadcrumbList\",\"@id\":\"https:\/\/www.sonoraenequipo.com.mx\/el-autismo-no-es-un-solo-trastorno-segun-nuevos-datos\/#breadcrumb\",\"itemListElement\":[{\"@type\":\"ListItem\",\"position\":1,\"name\":\"Portada\",\"item\":\"https:\/\/www.sonoraenequipo.com.mx\/\"},{\"@type\":\"ListItem\",\"position\":2,\"name\":\"El autismo no es un solo trastorno, seg\u00fan nuevos datos\"}]},{\"@type\":\"WebSite\",\"@id\":\"https:\/\/www.sonoraenequipo.com.mx\/#website\",\"url\":\"https:\/\/www.sonoraenequipo.com.mx\/\",\"name\":\"Sonora en Equipo.\",\"description\":\"Diario en l\u00ednea con Noticias desde Hermosillo, Sonora\",\"publisher\":{\"@id\":\"https:\/\/www.sonoraenequipo.com.mx\/#organization\"},\"potentialAction\":[{\"@type\":\"SearchAction\",\"target\":{\"@type\":\"EntryPoint\",\"urlTemplate\":\"https:\/\/www.sonoraenequipo.com.mx\/?s={search_term_string}\"},\"query-input\":{\"@type\":\"PropertyValueSpecification\",\"valueRequired\":true,\"valueName\":\"search_term_string\"}}],\"inLanguage\":\"es\"},{\"@type\":\"Organization\",\"@id\":\"https:\/\/www.sonoraenequipo.com.mx\/#organization\",\"name\":\"Sonoraenequipo.com.mx\",\"url\":\"https:\/\/www.sonoraenequipo.com.mx\/\",\"logo\":{\"@type\":\"ImageObject\",\"inLanguage\":\"es\",\"@id\":\"https:\/\/www.sonoraenequipo.com.mx\/#\/schema\/logo\/image\/\",\"url\":\"https:\/\/www.sonoraenequipo.com.mx\/storage\/2019\/01\/sonoraenequipo_opt.png\",\"contentUrl\":\"https:\/\/www.sonoraenequipo.com.mx\/storage\/2019\/01\/sonoraenequipo_opt.png\",\"width\":375,\"height\":125,\"caption\":\"Sonoraenequipo.com.mx\"},\"image\":{\"@id\":\"https:\/\/www.sonoraenequipo.com.mx\/#\/schema\/logo\/image\/\"},\"sameAs\":[\"https:\/\/www.facebook.com\/SonoraEE\/\",\"https:\/\/x.com\/sonoraenequipo\",\"https:\/\/www.youtube.com\/channel\/UC338nW-lPEYmJQs4ZABQ1SQ\"]},{\"@type\":\"Person\",\"@id\":\"https:\/\/www.sonoraenequipo.com.mx\/#\/schema\/person\/50102df0fb23a8fa9e8effad8fa81386\",\"name\":\"enequipo\",\"image\":{\"@type\":\"ImageObject\",\"inLanguage\":\"es\",\"@id\":\"https:\/\/www.sonoraenequipo.com.mx\/#\/schema\/person\/image\/\",\"url\":\"https:\/\/secure.gravatar.com\/avatar\/049821681b589dabc0bc20695993ccebb09f5b5d4d790cd9251b97faac7c652b?s=96&d=blank&r=g\",\"contentUrl\":\"https:\/\/secure.gravatar.com\/avatar\/049821681b589dabc0bc20695993ccebb09f5b5d4d790cd9251b97faac7c652b?s=96&d=blank&r=g\",\"caption\":\"enequipo\"},\"sameAs\":[\"https:\/\/www.facebook.com\/SonoraEE\"]}]}<\/script>\n ","yoast_head_json":{"title":"Sonora en Equipo. El autismo no es un solo trastorno, seg\u00fan nuevos datos Ciencia y Tecnolog\u00eda","description":"El autismo diagnosticado en la primera infancia difiere gen\u00e9tica y evolutivamente del autismo identificado posteriormente en el desarrollo de un En Sonora en Equipo publicamos toda la informaci\u00f3n de Sonora, M\u00e9xico y el Mundo de manera oportuna y busca que la libertad de expresi\u00f3n sea real. Visita nuestro medio informativo publicado desde Hermosillo, Sonora. %","robots":{"index":"index","follow":"follow","max-snippet":"max-snippet:-1","max-image-preview":"max-image-preview:large","max-video-preview":"max-video-preview:-1"},"canonical":"https:\/\/www.sonoraenequipo.com.mx\/el-autismo-no-es-un-solo-trastorno-segun-nuevos-datos\/","og_locale":"es_ES","og_type":"article","og_title":"Sonora en Equipo. El autismo no es un solo trastorno, seg\u00fan nuevos datos Ciencia y Tecnolog\u00eda","og_description":"El autismo diagnosticado en la primera infancia difiere gen\u00e9tica y evolutivamente del autismo identificado posteriormente en el desarrollo de un En Sonora en Equipo publicamos toda la informaci\u00f3n de Sonora, M\u00e9xico y el Mundo de manera oportuna y busca que la libertad de expresi\u00f3n sea real. Visita nuestro medio informativo publicado desde Hermosillo, Sonora. %","og_url":"https:\/\/www.sonoraenequipo.com.mx\/el-autismo-no-es-un-solo-trastorno-segun-nuevos-datos\/","og_site_name":"Sonora en Equipo.","article_publisher":"https:\/\/www.facebook.com\/SonoraEE\/","article_author":"https:\/\/www.facebook.com\/SonoraEE","article_published_time":"2025-10-20T20:17:12+00:00","og_image":[{"width":600,"height":400,"url":"https:\/\/www.sonoraenequipo.com.mx\/storage\/2025\/10\/autismo.jpg","type":"image\/jpeg"}],"author":"enequipo","twitter_card":"summary_large_image","twitter_creator":"@sonoraenequipo","twitter_site":"@sonoraenequipo","twitter_misc":{"Escrito por":"enequipo","Tiempo de lectura":"4 minutos"},"schema":{"@context":"https:\/\/schema.org","@graph":[{"@type":"Article","@id":"https:\/\/www.sonoraenequipo.com.mx\/el-autismo-no-es-un-solo-trastorno-segun-nuevos-datos\/#article","isPartOf":{"@id":"https:\/\/www.sonoraenequipo.com.mx\/el-autismo-no-es-un-solo-trastorno-segun-nuevos-datos\/"},"author":{"name":"enequipo","@id":"https:\/\/www.sonoraenequipo.com.mx\/#\/schema\/person\/50102df0fb23a8fa9e8effad8fa81386"},"headline":"El autismo no es un solo trastorno, seg\u00fan nuevos datos","datePublished":"2025-10-20T20:17:12+00:00","mainEntityOfPage":{"@id":"https:\/\/www.sonoraenequipo.com.mx\/el-autismo-no-es-un-solo-trastorno-segun-nuevos-datos\/"},"wordCount":785,"commentCount":0,"publisher":{"@id":"https:\/\/www.sonoraenequipo.com.mx\/#organization"},"image":{"@id":"https:\/\/www.sonoraenequipo.com.mx\/el-autismo-no-es-un-solo-trastorno-segun-nuevos-datos\/#primaryimage"},"thumbnailUrl":"https:\/\/www.sonoraenequipo.com.mx\/storage\/2025\/10\/autismo.jpg","keywords":["autismo"],"articleSection":["Ciencia y Tecnolog\u00eda"],"inLanguage":"es","potentialAction":[{"@type":"CommentAction","name":"Comment","target":["https:\/\/www.sonoraenequipo.com.mx\/el-autismo-no-es-un-solo-trastorno-segun-nuevos-datos\/#respond"]}]},{"@type":"WebPage","@id":"https:\/\/www.sonoraenequipo.com.mx\/el-autismo-no-es-un-solo-trastorno-segun-nuevos-datos\/","url":"https:\/\/www.sonoraenequipo.com.mx\/el-autismo-no-es-un-solo-trastorno-segun-nuevos-datos\/","name":"Sonora en Equipo. El autismo no es un solo trastorno, seg\u00fan nuevos datos Ciencia y Tecnolog\u00eda","isPartOf":{"@id":"https:\/\/www.sonoraenequipo.com.mx\/#website"},"primaryImageOfPage":{"@id":"https:\/\/www.sonoraenequipo.com.mx\/el-autismo-no-es-un-solo-trastorno-segun-nuevos-datos\/#primaryimage"},"image":{"@id":"https:\/\/www.sonoraenequipo.com.mx\/el-autismo-no-es-un-solo-trastorno-segun-nuevos-datos\/#primaryimage"},"thumbnailUrl":"https:\/\/www.sonoraenequipo.com.mx\/storage\/2025\/10\/autismo.jpg","datePublished":"2025-10-20T20:17:12+00:00","description":"El autismo diagnosticado en la primera infancia difiere gen\u00e9tica y evolutivamente del autismo identificado posteriormente en el desarrollo de un En Sonora en Equipo publicamos toda la informaci\u00f3n de Sonora, M\u00e9xico y el Mundo de manera oportuna y busca que la libertad de expresi\u00f3n sea real. Visita nuestro medio informativo publicado desde Hermosillo, Sonora. %","breadcrumb":{"@id":"https:\/\/www.sonoraenequipo.com.mx\/el-autismo-no-es-un-solo-trastorno-segun-nuevos-datos\/#breadcrumb"},"inLanguage":"es","potentialAction":[{"@type":"ReadAction","target":["https:\/\/www.sonoraenequipo.com.mx\/el-autismo-no-es-un-solo-trastorno-segun-nuevos-datos\/"]}]},{"@type":"ImageObject","inLanguage":"es","@id":"https:\/\/www.sonoraenequipo.com.mx\/el-autismo-no-es-un-solo-trastorno-segun-nuevos-datos\/#primaryimage","url":"https:\/\/www.sonoraenequipo.com.mx\/storage\/2025\/10\/autismo.jpg","contentUrl":"https:\/\/www.sonoraenequipo.com.mx\/storage\/2025\/10\/autismo.jpg","width":600,"height":400,"caption":"Imagen ilustrativa, especial"},{"@type":"BreadcrumbList","@id":"https:\/\/www.sonoraenequipo.com.mx\/el-autismo-no-es-un-solo-trastorno-segun-nuevos-datos\/#breadcrumb","itemListElement":[{"@type":"ListItem","position":1,"name":"Portada","item":"https:\/\/www.sonoraenequipo.com.mx\/"},{"@type":"ListItem","position":2,"name":"El autismo no es un solo trastorno, seg\u00fan nuevos datos"}]},{"@type":"WebSite","@id":"https:\/\/www.sonoraenequipo.com.mx\/#website","url":"https:\/\/www.sonoraenequipo.com.mx\/","name":"Sonora en Equipo.","description":"Diario en l\u00ednea con Noticias desde Hermosillo, Sonora","publisher":{"@id":"https:\/\/www.sonoraenequipo.com.mx\/#organization"},"potentialAction":[{"@type":"SearchAction","target":{"@type":"EntryPoint","urlTemplate":"https:\/\/www.sonoraenequipo.com.mx\/?s={search_term_string}"},"query-input":{"@type":"PropertyValueSpecification","valueRequired":true,"valueName":"search_term_string"}}],"inLanguage":"es"},{"@type":"Organization","@id":"https:\/\/www.sonoraenequipo.com.mx\/#organization","name":"Sonoraenequipo.com.mx","url":"https:\/\/www.sonoraenequipo.com.mx\/","logo":{"@type":"ImageObject","inLanguage":"es","@id":"https:\/\/www.sonoraenequipo.com.mx\/#\/schema\/logo\/image\/","url":"https:\/\/www.sonoraenequipo.com.mx\/storage\/2019\/01\/sonoraenequipo_opt.png","contentUrl":"https:\/\/www.sonoraenequipo.com.mx\/storage\/2019\/01\/sonoraenequipo_opt.png","width":375,"height":125,"caption":"Sonoraenequipo.com.mx"},"image":{"@id":"https:\/\/www.sonoraenequipo.com.mx\/#\/schema\/logo\/image\/"},"sameAs":["https:\/\/www.facebook.com\/SonoraEE\/","https:\/\/x.com\/sonoraenequipo","https:\/\/www.youtube.com\/channel\/UC338nW-lPEYmJQs4ZABQ1SQ"]},{"@type":"Person","@id":"https:\/\/www.sonoraenequipo.com.mx\/#\/schema\/person\/50102df0fb23a8fa9e8effad8fa81386","name":"enequipo","image":{"@type":"ImageObject","inLanguage":"es","@id":"https:\/\/www.sonoraenequipo.com.mx\/#\/schema\/person\/image\/","url":"https:\/\/secure.gravatar.com\/avatar\/049821681b589dabc0bc20695993ccebb09f5b5d4d790cd9251b97faac7c652b?s=96&d=blank&r=g","contentUrl":"https:\/\/secure.gravatar.com\/avatar\/049821681b589dabc0bc20695993ccebb09f5b5d4d790cd9251b97faac7c652b?s=96&d=blank&r=g","caption":"enequipo"},"sameAs":["https:\/\/www.facebook.com\/SonoraEE"]}]}},"jetpack_featured_media_url":"https:\/\/www.sonoraenequipo.com.mx\/storage\/2025\/10\/autismo.jpg","_links":{"self":[{"href":"https:\/\/www.sonoraenequipo.com.mx\/api\/wp\/v2\/posts\/226752","targetHints":{"allow":["GET"]}}],"collection":[{"href":"https:\/\/www.sonoraenequipo.com.mx\/api\/wp\/v2\/posts"}],"about":[{"href":"https:\/\/www.sonoraenequipo.com.mx\/api\/wp\/v2\/types\/post"}],"author":[{"embeddable":true,"href":"https:\/\/www.sonoraenequipo.com.mx\/api\/wp\/v2\/users\/1"}],"replies":[{"embeddable":true,"href":"https:\/\/www.sonoraenequipo.com.mx\/api\/wp\/v2\/comments?post=226752"}],"version-history":[{"count":1,"href":"https:\/\/www.sonoraenequipo.com.mx\/api\/wp\/v2\/posts\/226752\/revisions"}],"predecessor-version":[{"id":226754,"href":"https:\/\/www.sonoraenequipo.com.mx\/api\/wp\/v2\/posts\/226752\/revisions\/226754"}],"wp:featuredmedia":[{"embeddable":true,"href":"https:\/\/www.sonoraenequipo.com.mx\/api\/wp\/v2\/media\/226753"}],"wp:attachment":[{"href":"https:\/\/www.sonoraenequipo.com.mx\/api\/wp\/v2\/media?parent=226752"}],"wp:term":[{"taxonomy":"category","embeddable":true,"href":"https:\/\/www.sonoraenequipo.com.mx\/api\/wp\/v2\/categories?post=226752"},{"taxonomy":"post_tag","embeddable":true,"href":"https:\/\/www.sonoraenequipo.com.mx\/api\/wp\/v2\/tags?post=226752"}],"curies":[{"name":"wp","href":"https:\/\/api.w.org\/{rel}","templated":true}]}}