{"id":226755,"date":"2025-10-20T13:54:18","date_gmt":"2025-10-20T20:54:18","guid":{"rendered":"https:\/\/www.sonoraenequipo.com.mx\/?p=226755"},"modified":"2025-10-20T14:07:09","modified_gmt":"2025-10-20T21:07:09","slug":"estadisticas-a-proposito-del-dia-nacional-del-ministerio-publico","status":"publish","type":"post","link":"https:\/\/www.sonoraenequipo.com.mx\/estadisticas-a-proposito-del-dia-nacional-del-ministerio-publico\/","title":{"rendered":"Estad\u00edsticas a prop\u00f3sito del D\u00eda Nacional del Ministerio P\u00fablico"},"content":{"rendered":"<p>&nbsp;<\/p>\n<ul>\n<li>Al cierre de 2023, hab\u00eda 16 659 personas adscritas al Ministerio P\u00fablico de la Federaci\u00f3n y 58 785 a los Ministerios P\u00fablicos de las entidades federativas.<\/li>\n<li>De 2016 a 2023, la relaci\u00f3n entre delitos por investigar y el n\u00famero de agentes y\/o fiscales del Ministerio P\u00fablico se redujo en los \u00e1mbitos federal y estatal.<\/li>\n<li>En 2025, 64.5 % de la poblaci\u00f3n de 18 a\u00f1os o m\u00e1s que identific\u00f3 a la Fiscal\u00eda General de la Rep\u00fablica declar\u00f3 confiar en esta instituci\u00f3n; 57.0 % de quienes identificaron a las Fiscal\u00edas estatales, manifest\u00f3 su confianza.<\/li>\n<\/ul>\n<p>En M\u00e9xico, el 22 de octubre se conmemora el D\u00eda Nacional del Ministerio P\u00fablico (MP). En el marco de esta fecha, el Instituto Nacional de Estad\u00edstica y Geograf\u00eda (INEGI) presenta informaci\u00f3n sobre el personal adscrito y los delitos registrados en el MP, as\u00ed como sobre el nivel de confianza de la poblaci\u00f3n en la Fiscal\u00eda General de la Rep\u00fablica (FGR) y las Fiscal\u00edas estatales, a partir del Censo Nacional de Procuraci\u00f3n de Justicia Federal (CNPJF), 2017 a 2024; del Censo Nacional de Procuraci\u00f3n de Justicia Estatal (CNPJE), 2017 a 2024 y la Encuesta Nacional de Victimizaci\u00f3n y Percepci\u00f3n sobre Seguridad P\u00fablica (ENVIPE), 2025.<\/p>\n<ol>\n<li>PERSONAL ADSCRITO A LAS AGENCIAS O FISCAL\u00cdAS DEL MINISTERIO P\u00daBLICO<\/li>\n<\/ol>\n<p>Al cierre de 2023, 16 659 personas estaban adscritas a las unidades administrativas y fiscal\u00edas del Ministerio P\u00fablico de la Federaci\u00f3n, de las cuales 3 905 (23.4 %) fueron polic\u00edas judiciales; 3 409 (20.5 %), agentes y\/o fiscales; y 1 570 (9.4 %), personas peritas.<\/p>\n<ol>\n<li>DELITOS POR CANTIDAD DE AGENTES Y\/O FISCALES<\/li>\n<\/ol>\n<p>&nbsp;<\/p>\n<p>Durante 2023, se registraron 2 161 008 delitos en las carpetas de investigaci\u00f3n iniciadas por los Ministerios P\u00fablicos del fuero com\u00fan y 80 169 en el Ministerio P\u00fablico de la Federaci\u00f3n. En 2023, por cada agente y\/o fiscal del Ministerio P\u00fablico federal se registraron 23.5 delitos para su investigaci\u00f3n, mientras que en los Ministerios P\u00fablicos de las entidades federativas fueron 152.7 delitos a investigar por agente y\/o fiscal.<\/p>\n<p><img loading=\"lazy\" decoding=\"async\" class=\"x-center size-full \" src=\"https:\/\/www.sonoraenequipo.com.mx\/storage\/2025\/10\/delitos-por-agente-o-fiscal.jpg\" alt=\"\" width=\"480\" height=\"179\" \/><\/p>\n<p>Entre 2016 y 2023, la carga de trabajo de la FGR \u2014medida como la raz\u00f3n de delitos por cada agente y\/o fiscal\u2014 disminuy\u00f3 de 30.4 a 23.5, lo que representa una reducci\u00f3n de 6.9 puntos . En las Fiscal\u00edas Generales de Justicia estatales esta raz\u00f3n pas\u00f3 de 157.3 a 152.7 en el mismo periodo, lo que equivale a una reducci\u00f3n de 4.6 puntos<\/p>\n<p><strong>Fecha de publicaci\u00f3n lunes 20 de octubre de 2025<\/strong><\/p>\n","protected":false},"excerpt":{"rendered":"<p>&nbsp; Al cierre de 2023, hab\u00eda 16 659 personas adscritas al Ministerio P\u00fablico de la&#8230;<\/p>\n","protected":false},"author":1,"featured_media":180641,"comment_status":"open","ping_status":"open","sticky":false,"template":"","format":"standard","meta":{"_monsterinsights_skip_tracking":false,"_monsterinsights_sitenote_active":false,"_monsterinsights_sitenote_note":"","_monsterinsights_sitenote_category":0,"footnotes":""},"categories":[6493],"tags":[11951,11952],"class_list":["post"],"yoast_head":" \n<title>Sonora en Equipo. Estad\u00edsticas a prop\u00f3sito del D\u00eda Nacional del Ministerio P\u00fablico PALABRAS Y N\u00daMEROS<\/title>\n<meta name=\"description\" content=\"&nbsp; Al cierre de 2023, hab\u00eda 16 659 personas adscritas al Ministerio P\u00fablico de la Federaci\u00f3n y 58 785 a los Ministerios P\u00fablicos de las entidades En Sonora en Equipo publicamos toda la informaci\u00f3n de Sonora, M\u00e9xico y el Mundo de manera oportuna y busca que la libertad de expresi\u00f3n sea real. Visita nuestro medio informativo publicado desde Hermosillo, Sonora. %\" \/>\n<meta name=\"robots\" content=\"index, follow, max-snippet:-1, max-image-preview:large, max-video-preview:-1\" \/>\n<link rel=\"canonical\" href=\"https:\/\/www.sonoraenequipo.com.mx\/estadisticas-a-proposito-del-dia-nacional-del-ministerio-publico\/\" \/>\n<meta property=\"og:locale\" content=\"es_ES\" \/>\n<meta property=\"og:type\" content=\"article\" \/>\n<meta property=\"og:title\" content=\"Sonora en Equipo. Estad\u00edsticas a prop\u00f3sito del D\u00eda Nacional del Ministerio P\u00fablico PALABRAS Y N\u00daMEROS\" \/>\n<meta property=\"og:description\" content=\"&nbsp; Al cierre de 2023, hab\u00eda 16 659 personas adscritas al Ministerio P\u00fablico de la Federaci\u00f3n y 58 785 a los Ministerios P\u00fablicos de las entidades En Sonora en Equipo publicamos toda la informaci\u00f3n de Sonora, M\u00e9xico y el Mundo de manera oportuna y busca que la libertad de expresi\u00f3n sea real. Visita nuestro medio informativo publicado desde Hermosillo, Sonora. %\" \/>\n<meta property=\"og:url\" content=\"https:\/\/www.sonoraenequipo.com.mx\/estadisticas-a-proposito-del-dia-nacional-del-ministerio-publico\/\" \/>\n<meta property=\"og:site_name\" content=\"Sonora en Equipo.\" \/>\n<meta property=\"article:publisher\" content=\"https:\/\/www.facebook.com\/SonoraEE\/\" \/>\n<meta property=\"article:author\" content=\"https:\/\/www.facebook.com\/SonoraEE\" \/>\n<meta property=\"article:published_time\" content=\"2025-10-20T20:54:18+00:00\" \/>\n<meta property=\"article:modified_time\" content=\"2025-10-20T21:07:09+00:00\" \/>\n<meta property=\"og:image\" content=\"https:\/\/www.sonoraenequipo.com.mx\/storage\/2023\/12\/logo-amic.jpg\" \/>\n\t<meta property=\"og:image:width\" content=\"600\" \/>\n\t<meta property=\"og:image:height\" content=\"400\" \/>\n\t<meta property=\"og:image:type\" content=\"image\/jpeg\" \/>\n<meta name=\"author\" content=\"enequipo\" \/>\n<meta name=\"twitter:card\" content=\"summary_large_image\" \/>\n<meta name=\"twitter:creator\" content=\"@sonoraenequipo\" \/>\n<meta name=\"twitter:site\" content=\"@sonoraenequipo\" \/>\n<meta name=\"twitter:label1\" content=\"Escrito por\" \/>\n\t<meta name=\"twitter:data1\" content=\"enequipo\" \/>\n\t<meta name=\"twitter:label2\" content=\"Tiempo de lectura\" \/>\n\t<meta name=\"twitter:data2\" content=\"2 minutos\" \/>\n<script type=\"application\/ld+json\" class=\"yoast-schema-graph\">{\"@context\":\"https:\/\/schema.org\",\"@graph\":[{\"@type\":\"Article\",\"@id\":\"https:\/\/www.sonoraenequipo.com.mx\/estadisticas-a-proposito-del-dia-nacional-del-ministerio-publico\/#article\",\"isPartOf\":{\"@id\":\"https:\/\/www.sonoraenequipo.com.mx\/estadisticas-a-proposito-del-dia-nacional-del-ministerio-publico\/\"},\"author\":{\"name\":\"enequipo\",\"@id\":\"https:\/\/www.sonoraenequipo.com.mx\/#\/schema\/person\/50102df0fb23a8fa9e8effad8fa81386\"},\"headline\":\"Estad\u00edsticas a prop\u00f3sito del D\u00eda Nacional del Ministerio P\u00fablico\",\"datePublished\":\"2025-10-20T20:54:18+00:00\",\"dateModified\":\"2025-10-20T21:07:09+00:00\",\"mainEntityOfPage\":{\"@id\":\"https:\/\/www.sonoraenequipo.com.mx\/estadisticas-a-proposito-del-dia-nacional-del-ministerio-publico\/\"},\"wordCount\":413,\"commentCount\":0,\"publisher\":{\"@id\":\"https:\/\/www.sonoraenequipo.com.mx\/#organization\"},\"image\":{\"@id\":\"https:\/\/www.sonoraenequipo.com.mx\/estadisticas-a-proposito-del-dia-nacional-del-ministerio-publico\/#primaryimage\"},\"thumbnailUrl\":\"https:\/\/www.sonoraenequipo.com.mx\/storage\/2023\/12\/logo-amic.jpg\",\"keywords\":[\"estadistica\",\"Ministerio P\u00fablico\"],\"articleSection\":[\"PALABRAS Y N\u00daMEROS\"],\"inLanguage\":\"es\",\"potentialAction\":[{\"@type\":\"CommentAction\",\"name\":\"Comment\",\"target\":[\"https:\/\/www.sonoraenequipo.com.mx\/estadisticas-a-proposito-del-dia-nacional-del-ministerio-publico\/#respond\"]}]},{\"@type\":\"WebPage\",\"@id\":\"https:\/\/www.sonoraenequipo.com.mx\/estadisticas-a-proposito-del-dia-nacional-del-ministerio-publico\/\",\"url\":\"https:\/\/www.sonoraenequipo.com.mx\/estadisticas-a-proposito-del-dia-nacional-del-ministerio-publico\/\",\"name\":\"Sonora en Equipo. Estad\u00edsticas a prop\u00f3sito del D\u00eda Nacional del Ministerio P\u00fablico PALABRAS Y N\u00daMEROS\",\"isPartOf\":{\"@id\":\"https:\/\/www.sonoraenequipo.com.mx\/#website\"},\"primaryImageOfPage\":{\"@id\":\"https:\/\/www.sonoraenequipo.com.mx\/estadisticas-a-proposito-del-dia-nacional-del-ministerio-publico\/#primaryimage\"},\"image\":{\"@id\":\"https:\/\/www.sonoraenequipo.com.mx\/estadisticas-a-proposito-del-dia-nacional-del-ministerio-publico\/#primaryimage\"},\"thumbnailUrl\":\"https:\/\/www.sonoraenequipo.com.mx\/storage\/2023\/12\/logo-amic.jpg\",\"datePublished\":\"2025-10-20T20:54:18+00:00\",\"dateModified\":\"2025-10-20T21:07:09+00:00\",\"description\":\"&nbsp; Al cierre de 2023, hab\u00eda 16 659 personas adscritas al Ministerio P\u00fablico de la Federaci\u00f3n y 58 785 a los Ministerios P\u00fablicos de las entidades En Sonora en Equipo publicamos toda la informaci\u00f3n de Sonora, M\u00e9xico y el Mundo de manera oportuna y busca que la libertad de expresi\u00f3n sea real. Visita nuestro medio informativo publicado desde Hermosillo, Sonora. %\",\"breadcrumb\":{\"@id\":\"https:\/\/www.sonoraenequipo.com.mx\/estadisticas-a-proposito-del-dia-nacional-del-ministerio-publico\/#breadcrumb\"},\"inLanguage\":\"es\",\"potentialAction\":[{\"@type\":\"ReadAction\",\"target\":[\"https:\/\/www.sonoraenequipo.com.mx\/estadisticas-a-proposito-del-dia-nacional-del-ministerio-publico\/\"]}]},{\"@type\":\"ImageObject\",\"inLanguage\":\"es\",\"@id\":\"https:\/\/www.sonoraenequipo.com.mx\/estadisticas-a-proposito-del-dia-nacional-del-ministerio-publico\/#primaryimage\",\"url\":\"https:\/\/www.sonoraenequipo.com.mx\/storage\/2023\/12\/logo-amic.jpg\",\"contentUrl\":\"https:\/\/www.sonoraenequipo.com.mx\/storage\/2023\/12\/logo-amic.jpg\",\"width\":600,\"height\":400},{\"@type\":\"BreadcrumbList\",\"@id\":\"https:\/\/www.sonoraenequipo.com.mx\/estadisticas-a-proposito-del-dia-nacional-del-ministerio-publico\/#breadcrumb\",\"itemListElement\":[{\"@type\":\"ListItem\",\"position\":1,\"name\":\"Portada\",\"item\":\"https:\/\/www.sonoraenequipo.com.mx\/\"},{\"@type\":\"ListItem\",\"position\":2,\"name\":\"Estad\u00edsticas a prop\u00f3sito del D\u00eda Nacional del Ministerio P\u00fablico\"}]},{\"@type\":\"WebSite\",\"@id\":\"https:\/\/www.sonoraenequipo.com.mx\/#website\",\"url\":\"https:\/\/www.sonoraenequipo.com.mx\/\",\"name\":\"Sonora en Equipo.\",\"description\":\"Diario en l\u00ednea con Noticias desde Hermosillo, Sonora\",\"publisher\":{\"@id\":\"https:\/\/www.sonoraenequipo.com.mx\/#organization\"},\"potentialAction\":[{\"@type\":\"SearchAction\",\"target\":{\"@type\":\"EntryPoint\",\"urlTemplate\":\"https:\/\/www.sonoraenequipo.com.mx\/?s={search_term_string}\"},\"query-input\":{\"@type\":\"PropertyValueSpecification\",\"valueRequired\":true,\"valueName\":\"search_term_string\"}}],\"inLanguage\":\"es\"},{\"@type\":\"Organization\",\"@id\":\"https:\/\/www.sonoraenequipo.com.mx\/#organization\",\"name\":\"Sonoraenequipo.com.mx\",\"url\":\"https:\/\/www.sonoraenequipo.com.mx\/\",\"logo\":{\"@type\":\"ImageObject\",\"inLanguage\":\"es\",\"@id\":\"https:\/\/www.sonoraenequipo.com.mx\/#\/schema\/logo\/image\/\",\"url\":\"https:\/\/www.sonoraenequipo.com.mx\/storage\/2019\/01\/sonoraenequipo_opt.png\",\"contentUrl\":\"https:\/\/www.sonoraenequipo.com.mx\/storage\/2019\/01\/sonoraenequipo_opt.png\",\"width\":375,\"height\":125,\"caption\":\"Sonoraenequipo.com.mx\"},\"image\":{\"@id\":\"https:\/\/www.sonoraenequipo.com.mx\/#\/schema\/logo\/image\/\"},\"sameAs\":[\"https:\/\/www.facebook.com\/SonoraEE\/\",\"https:\/\/x.com\/sonoraenequipo\",\"https:\/\/www.youtube.com\/channel\/UC338nW-lPEYmJQs4ZABQ1SQ\"]},{\"@type\":\"Person\",\"@id\":\"https:\/\/www.sonoraenequipo.com.mx\/#\/schema\/person\/50102df0fb23a8fa9e8effad8fa81386\",\"name\":\"enequipo\",\"image\":{\"@type\":\"ImageObject\",\"inLanguage\":\"es\",\"@id\":\"https:\/\/www.sonoraenequipo.com.mx\/#\/schema\/person\/image\/\",\"url\":\"https:\/\/secure.gravatar.com\/avatar\/049821681b589dabc0bc20695993ccebb09f5b5d4d790cd9251b97faac7c652b?s=96&d=blank&r=g\",\"contentUrl\":\"https:\/\/secure.gravatar.com\/avatar\/049821681b589dabc0bc20695993ccebb09f5b5d4d790cd9251b97faac7c652b?s=96&d=blank&r=g\",\"caption\":\"enequipo\"},\"sameAs\":[\"https:\/\/www.facebook.com\/SonoraEE\"]}]}<\/script>\n ","yoast_head_json":{"title":"Sonora en Equipo. Estad\u00edsticas a prop\u00f3sito del D\u00eda Nacional del Ministerio P\u00fablico PALABRAS Y N\u00daMEROS","description":"&nbsp; Al cierre de 2023, hab\u00eda 16 659 personas adscritas al Ministerio P\u00fablico de la Federaci\u00f3n y 58 785 a los Ministerios P\u00fablicos de las entidades En Sonora en Equipo publicamos toda la informaci\u00f3n de Sonora, M\u00e9xico y el Mundo de manera oportuna y busca que la libertad de expresi\u00f3n sea real. Visita nuestro medio informativo publicado desde Hermosillo, Sonora. %","robots":{"index":"index","follow":"follow","max-snippet":"max-snippet:-1","max-image-preview":"max-image-preview:large","max-video-preview":"max-video-preview:-1"},"canonical":"https:\/\/www.sonoraenequipo.com.mx\/estadisticas-a-proposito-del-dia-nacional-del-ministerio-publico\/","og_locale":"es_ES","og_type":"article","og_title":"Sonora en Equipo. Estad\u00edsticas a prop\u00f3sito del D\u00eda Nacional del Ministerio P\u00fablico PALABRAS Y N\u00daMEROS","og_description":"&nbsp; Al cierre de 2023, hab\u00eda 16 659 personas adscritas al Ministerio P\u00fablico de la Federaci\u00f3n y 58 785 a los Ministerios P\u00fablicos de las entidades En Sonora en Equipo publicamos toda la informaci\u00f3n de Sonora, M\u00e9xico y el Mundo de manera oportuna y busca que la libertad de expresi\u00f3n sea real. Visita nuestro medio informativo publicado desde Hermosillo, Sonora. %","og_url":"https:\/\/www.sonoraenequipo.com.mx\/estadisticas-a-proposito-del-dia-nacional-del-ministerio-publico\/","og_site_name":"Sonora en Equipo.","article_publisher":"https:\/\/www.facebook.com\/SonoraEE\/","article_author":"https:\/\/www.facebook.com\/SonoraEE","article_published_time":"2025-10-20T20:54:18+00:00","article_modified_time":"2025-10-20T21:07:09+00:00","og_image":[{"width":600,"height":400,"url":"https:\/\/www.sonoraenequipo.com.mx\/storage\/2023\/12\/logo-amic.jpg","type":"image\/jpeg"}],"author":"enequipo","twitter_card":"summary_large_image","twitter_creator":"@sonoraenequipo","twitter_site":"@sonoraenequipo","twitter_misc":{"Escrito por":"enequipo","Tiempo de lectura":"2 minutos"},"schema":{"@context":"https:\/\/schema.org","@graph":[{"@type":"Article","@id":"https:\/\/www.sonoraenequipo.com.mx\/estadisticas-a-proposito-del-dia-nacional-del-ministerio-publico\/#article","isPartOf":{"@id":"https:\/\/www.sonoraenequipo.com.mx\/estadisticas-a-proposito-del-dia-nacional-del-ministerio-publico\/"},"author":{"name":"enequipo","@id":"https:\/\/www.sonoraenequipo.com.mx\/#\/schema\/person\/50102df0fb23a8fa9e8effad8fa81386"},"headline":"Estad\u00edsticas a prop\u00f3sito del D\u00eda Nacional del Ministerio P\u00fablico","datePublished":"2025-10-20T20:54:18+00:00","dateModified":"2025-10-20T21:07:09+00:00","mainEntityOfPage":{"@id":"https:\/\/www.sonoraenequipo.com.mx\/estadisticas-a-proposito-del-dia-nacional-del-ministerio-publico\/"},"wordCount":413,"commentCount":0,"publisher":{"@id":"https:\/\/www.sonoraenequipo.com.mx\/#organization"},"image":{"@id":"https:\/\/www.sonoraenequipo.com.mx\/estadisticas-a-proposito-del-dia-nacional-del-ministerio-publico\/#primaryimage"},"thumbnailUrl":"https:\/\/www.sonoraenequipo.com.mx\/storage\/2023\/12\/logo-amic.jpg","keywords":["estadistica","Ministerio P\u00fablico"],"articleSection":["PALABRAS Y N\u00daMEROS"],"inLanguage":"es","potentialAction":[{"@type":"CommentAction","name":"Comment","target":["https:\/\/www.sonoraenequipo.com.mx\/estadisticas-a-proposito-del-dia-nacional-del-ministerio-publico\/#respond"]}]},{"@type":"WebPage","@id":"https:\/\/www.sonoraenequipo.com.mx\/estadisticas-a-proposito-del-dia-nacional-del-ministerio-publico\/","url":"https:\/\/www.sonoraenequipo.com.mx\/estadisticas-a-proposito-del-dia-nacional-del-ministerio-publico\/","name":"Sonora en Equipo. Estad\u00edsticas a prop\u00f3sito del D\u00eda Nacional del Ministerio P\u00fablico PALABRAS Y N\u00daMEROS","isPartOf":{"@id":"https:\/\/www.sonoraenequipo.com.mx\/#website"},"primaryImageOfPage":{"@id":"https:\/\/www.sonoraenequipo.com.mx\/estadisticas-a-proposito-del-dia-nacional-del-ministerio-publico\/#primaryimage"},"image":{"@id":"https:\/\/www.sonoraenequipo.com.mx\/estadisticas-a-proposito-del-dia-nacional-del-ministerio-publico\/#primaryimage"},"thumbnailUrl":"https:\/\/www.sonoraenequipo.com.mx\/storage\/2023\/12\/logo-amic.jpg","datePublished":"2025-10-20T20:54:18+00:00","dateModified":"2025-10-20T21:07:09+00:00","description":"&nbsp; Al cierre de 2023, hab\u00eda 16 659 personas adscritas al Ministerio P\u00fablico de la Federaci\u00f3n y 58 785 a los Ministerios P\u00fablicos de las entidades En Sonora en Equipo publicamos toda la informaci\u00f3n de Sonora, M\u00e9xico y el Mundo de manera oportuna y busca que la libertad de expresi\u00f3n sea real. Visita nuestro medio informativo publicado desde Hermosillo, Sonora. %","breadcrumb":{"@id":"https:\/\/www.sonoraenequipo.com.mx\/estadisticas-a-proposito-del-dia-nacional-del-ministerio-publico\/#breadcrumb"},"inLanguage":"es","potentialAction":[{"@type":"ReadAction","target":["https:\/\/www.sonoraenequipo.com.mx\/estadisticas-a-proposito-del-dia-nacional-del-ministerio-publico\/"]}]},{"@type":"ImageObject","inLanguage":"es","@id":"https:\/\/www.sonoraenequipo.com.mx\/estadisticas-a-proposito-del-dia-nacional-del-ministerio-publico\/#primaryimage","url":"https:\/\/www.sonoraenequipo.com.mx\/storage\/2023\/12\/logo-amic.jpg","contentUrl":"https:\/\/www.sonoraenequipo.com.mx\/storage\/2023\/12\/logo-amic.jpg","width":600,"height":400},{"@type":"BreadcrumbList","@id":"https:\/\/www.sonoraenequipo.com.mx\/estadisticas-a-proposito-del-dia-nacional-del-ministerio-publico\/#breadcrumb","itemListElement":[{"@type":"ListItem","position":1,"name":"Portada","item":"https:\/\/www.sonoraenequipo.com.mx\/"},{"@type":"ListItem","position":2,"name":"Estad\u00edsticas a prop\u00f3sito del D\u00eda Nacional del Ministerio P\u00fablico"}]},{"@type":"WebSite","@id":"https:\/\/www.sonoraenequipo.com.mx\/#website","url":"https:\/\/www.sonoraenequipo.com.mx\/","name":"Sonora en Equipo.","description":"Diario en l\u00ednea con Noticias desde Hermosillo, Sonora","publisher":{"@id":"https:\/\/www.sonoraenequipo.com.mx\/#organization"},"potentialAction":[{"@type":"SearchAction","target":{"@type":"EntryPoint","urlTemplate":"https:\/\/www.sonoraenequipo.com.mx\/?s={search_term_string}"},"query-input":{"@type":"PropertyValueSpecification","valueRequired":true,"valueName":"search_term_string"}}],"inLanguage":"es"},{"@type":"Organization","@id":"https:\/\/www.sonoraenequipo.com.mx\/#organization","name":"Sonoraenequipo.com.mx","url":"https:\/\/www.sonoraenequipo.com.mx\/","logo":{"@type":"ImageObject","inLanguage":"es","@id":"https:\/\/www.sonoraenequipo.com.mx\/#\/schema\/logo\/image\/","url":"https:\/\/www.sonoraenequipo.com.mx\/storage\/2019\/01\/sonoraenequipo_opt.png","contentUrl":"https:\/\/www.sonoraenequipo.com.mx\/storage\/2019\/01\/sonoraenequipo_opt.png","width":375,"height":125,"caption":"Sonoraenequipo.com.mx"},"image":{"@id":"https:\/\/www.sonoraenequipo.com.mx\/#\/schema\/logo\/image\/"},"sameAs":["https:\/\/www.facebook.com\/SonoraEE\/","https:\/\/x.com\/sonoraenequipo","https:\/\/www.youtube.com\/channel\/UC338nW-lPEYmJQs4ZABQ1SQ"]},{"@type":"Person","@id":"https:\/\/www.sonoraenequipo.com.mx\/#\/schema\/person\/50102df0fb23a8fa9e8effad8fa81386","name":"enequipo","image":{"@type":"ImageObject","inLanguage":"es","@id":"https:\/\/www.sonoraenequipo.com.mx\/#\/schema\/person\/image\/","url":"https:\/\/secure.gravatar.com\/avatar\/049821681b589dabc0bc20695993ccebb09f5b5d4d790cd9251b97faac7c652b?s=96&d=blank&r=g","contentUrl":"https:\/\/secure.gravatar.com\/avatar\/049821681b589dabc0bc20695993ccebb09f5b5d4d790cd9251b97faac7c652b?s=96&d=blank&r=g","caption":"enequipo"},"sameAs":["https:\/\/www.facebook.com\/SonoraEE"]}]}},"jetpack_featured_media_url":"https:\/\/www.sonoraenequipo.com.mx\/storage\/2023\/12\/logo-amic.jpg","_links":{"self":[{"href":"https:\/\/www.sonoraenequipo.com.mx\/api\/wp\/v2\/posts\/226755","targetHints":{"allow":["GET"]}}],"collection":[{"href":"https:\/\/www.sonoraenequipo.com.mx\/api\/wp\/v2\/posts"}],"about":[{"href":"https:\/\/www.sonoraenequipo.com.mx\/api\/wp\/v2\/types\/post"}],"author":[{"embeddable":true,"href":"https:\/\/www.sonoraenequipo.com.mx\/api\/wp\/v2\/users\/1"}],"replies":[{"embeddable":true,"href":"https:\/\/www.sonoraenequipo.com.mx\/api\/wp\/v2\/comments?post=226755"}],"version-history":[{"count":3,"href":"https:\/\/www.sonoraenequipo.com.mx\/api\/wp\/v2\/posts\/226755\/revisions"}],"predecessor-version":[{"id":226772,"href":"https:\/\/www.sonoraenequipo.com.mx\/api\/wp\/v2\/posts\/226755\/revisions\/226772"}],"wp:featuredmedia":[{"embeddable":true,"href":"https:\/\/www.sonoraenequipo.com.mx\/api\/wp\/v2\/media\/180641"}],"wp:attachment":[{"href":"https:\/\/www.sonoraenequipo.com.mx\/api\/wp\/v2\/media?parent=226755"}],"wp:term":[{"taxonomy":"category","embeddable":true,"href":"https:\/\/www.sonoraenequipo.com.mx\/api\/wp\/v2\/categories?post=226755"},{"taxonomy":"post_tag","embeddable":true,"href":"https:\/\/www.sonoraenequipo.com.mx\/api\/wp\/v2\/tags?post=226755"}],"curies":[{"name":"wp","href":"https:\/\/api.w.org\/{rel}","templated":true}]}}