{"id":226790,"date":"2025-10-20T14:37:26","date_gmt":"2025-10-20T21:37:26","guid":{"rendered":"https:\/\/www.sonoraenequipo.com.mx\/?p=226790"},"modified":"2025-10-20T14:37:26","modified_gmt":"2025-10-20T21:37:26","slug":"sentencian-a-24-anos-a-juez-implicado-en-muerte-de-detenido-en-separo-policiaco-de-navojoa","status":"publish","type":"post","link":"https:\/\/www.sonoraenequipo.com.mx\/sentencian-a-24-anos-a-juez-implicado-en-muerte-de-detenido-en-separo-policiaco-de-navojoa\/","title":{"rendered":"Sentencian \u00a0a \u00a024 a\u00f1os a juez , implicado en muerte de detenido en separo policiaco de Navojoa"},"content":{"rendered":"<p><strong>NAVOJOA, SONORA, MX.<\/strong><strong> \u0336 \u0336\u00a0 <\/strong>Con la sentencia de 24 a\u00f1os de prisi\u00f3n ordinaria contra Avelino \u201cN\u201d, Juez calificador responsable durante los hechos donde perdiera la vida Genaro \u201cN\u201d en mayo de 2018 en una base policial de Navojoa, Sonora, la Fiscal\u00eda General de Justicia del Estado de Sonora concluye el caso, quedando los cuatro implicados en los hechos sentenciados y en prisi\u00f3n.<\/p>\n<p>&nbsp;<\/p>\n<p>El sentenciado enfrent\u00f3 un proceso penal por los delitos de homicidio, tortura y abuso de autoridad derivado de los hechos ocurridos el 2 de mayo de 2018, aproximadamente a las 04:00 horas de la madrugada, en el edificio de Seguridad P\u00fablica del Sector Poniente en Navojoa, Sonora.<\/p>\n<p>&nbsp;<\/p>\n<p>El sentenciado, Avelino \u201cN\u201d, omiti\u00f3 cumplir con sus obligaciones como Juez Calificador al no garantizar la seguridad e integridad f\u00edsica de la v\u00edctima Genaro \u201cN\u201d, quien hab\u00eda sido arrestado ilegal y absurdamente por los agentes de polic\u00eda municipal Manuel \u201cN\u201d y Miguel \u201cN\u201d.<\/p>\n<p>&nbsp;<\/p>\n<p>A pesar de observar que la v\u00edctima presentaba una lesi\u00f3n en su mano derecha, Avelino \u201cN\u201d no orden\u00f3 la atenci\u00f3n m\u00e9dica debida y, en su lugar, solicit\u00f3 al agente Adri\u00e1n \u201cN\u201d internar al hoy fallecido en la celda n\u00famero uno, justificando el arresto por \u00abagresi\u00f3n verbal a un polic\u00eda\u00bb y sin que la v\u00edctima hubiera cometido delito alguno.<\/p>\n<p>&nbsp;<\/p>\n<p>El acusado permiti\u00f3 que se ejecutara un trato cruel e inhumano en perjuicio de la v\u00edctima, quien se encontraba bajo su estricta responsabilidad; aproximadamente a las 04:50 horas del mismo 2 de mayo de 2018, la v\u00edctima fue encontrada sin vida en la celda, suspendida de los barrotes con un objeto en el cuello, simulando un suicidio.<\/p>\n<p>&nbsp;<\/p>\n<p>Sin embargo, la investigaci\u00f3n determin\u00f3 que la causa real de muerte fue traumatismo craneoencef\u00e1lico y traumatismo profundo de abdomen, ocasionado por los polic\u00edas aprehensores Manuel \u201cN\u201d y Miguel \u00c1ngel \u201cN\u201d.<\/p>\n<p>&nbsp;<\/p>\n<p>Los elementos fueron judicializados y sentenciados a una pena de 43 a\u00f1os, 10 meses y 15 d\u00edas de prisi\u00f3n en 2019, no obstante, el Juez Calificador se mantuvo pr\u00f3fugo de la justicia en el estado de Veracruz, donde fue capturado el 8 de febrero de 2025, iniciando el proceso penal en su contra, que concluye con esta sentencia.<\/p>\n","protected":false},"excerpt":{"rendered":"<p>NAVOJOA, SONORA, MX. \u0336 \u0336\u00a0 Con la sentencia de 24 a\u00f1os de prisi\u00f3n ordinaria contra&#8230;<\/p>\n","protected":false},"author":1,"featured_media":226791,"comment_status":"open","ping_status":"open","sticky":false,"template":"","format":"standard","meta":{"_monsterinsights_skip_tracking":false,"_monsterinsights_sitenote_active":false,"_monsterinsights_sitenote_note":"","_monsterinsights_sitenote_category":0,"footnotes":""},"categories":[3144],"tags":[299,3119],"class_list":["post"],"yoast_head":" \n<title>Sonora en Equipo. Sentencian \u00a0a \u00a024 a\u00f1os a juez , implicado en muerte de detenido en separo policiaco de Navojoa Polic\u00edaca<\/title>\n<meta name=\"description\" content=\"NAVOJOA, SONORA, MX. \u0336 \u0336\u00a0 Con la sentencia de 24 a\u00f1os de prisi\u00f3n ordinaria contra Avelino \u201cN\u201d, Juez calificador responsable durante los hechos donde En Sonora en Equipo publicamos toda la informaci\u00f3n de Sonora, M\u00e9xico y el Mundo de manera oportuna y busca que la libertad de expresi\u00f3n sea real. Visita nuestro medio informativo publicado desde Hermosillo, Sonora. %\" \/>\n<meta name=\"robots\" content=\"index, follow, max-snippet:-1, max-image-preview:large, max-video-preview:-1\" \/>\n<link rel=\"canonical\" href=\"https:\/\/www.sonoraenequipo.com.mx\/sentencian-a-24-anos-a-juez-implicado-en-muerte-de-detenido-en-separo-policiaco-de-navojoa\/\" \/>\n<meta property=\"og:locale\" content=\"es_ES\" \/>\n<meta property=\"og:type\" content=\"article\" \/>\n<meta property=\"og:title\" content=\"Sonora en Equipo. Sentencian \u00a0a \u00a024 a\u00f1os a juez , implicado en muerte de detenido en separo policiaco de Navojoa Polic\u00edaca\" \/>\n<meta property=\"og:description\" content=\"NAVOJOA, SONORA, MX. \u0336 \u0336\u00a0 Con la sentencia de 24 a\u00f1os de prisi\u00f3n ordinaria contra Avelino \u201cN\u201d, Juez calificador responsable durante los hechos donde En Sonora en Equipo publicamos toda la informaci\u00f3n de Sonora, M\u00e9xico y el Mundo de manera oportuna y busca que la libertad de expresi\u00f3n sea real. Visita nuestro medio informativo publicado desde Hermosillo, Sonora. %\" \/>\n<meta property=\"og:url\" content=\"https:\/\/www.sonoraenequipo.com.mx\/sentencian-a-24-anos-a-juez-implicado-en-muerte-de-detenido-en-separo-policiaco-de-navojoa\/\" \/>\n<meta property=\"og:site_name\" content=\"Sonora en Equipo.\" \/>\n<meta property=\"article:publisher\" content=\"https:\/\/www.facebook.com\/SonoraEE\/\" \/>\n<meta property=\"article:author\" content=\"https:\/\/www.facebook.com\/SonoraEE\" \/>\n<meta property=\"article:published_time\" content=\"2025-10-20T21:37:26+00:00\" \/>\n<meta property=\"og:image\" content=\"https:\/\/www.sonoraenequipo.com.mx\/storage\/2025\/10\/avelino.jpg\" \/>\n\t<meta property=\"og:image:width\" content=\"600\" \/>\n\t<meta property=\"og:image:height\" content=\"400\" \/>\n\t<meta property=\"og:image:type\" content=\"image\/jpeg\" \/>\n<meta name=\"author\" content=\"enequipo\" \/>\n<meta name=\"twitter:card\" content=\"summary_large_image\" \/>\n<meta name=\"twitter:creator\" content=\"@sonoraenequipo\" \/>\n<meta name=\"twitter:site\" content=\"@sonoraenequipo\" \/>\n<meta name=\"twitter:label1\" content=\"Escrito por\" \/>\n\t<meta name=\"twitter:data1\" content=\"enequipo\" \/>\n\t<meta name=\"twitter:label2\" content=\"Tiempo de lectura\" \/>\n\t<meta name=\"twitter:data2\" content=\"2 minutos\" \/>\n<script type=\"application\/ld+json\" class=\"yoast-schema-graph\">{\"@context\":\"https:\/\/schema.org\",\"@graph\":[{\"@type\":\"Article\",\"@id\":\"https:\/\/www.sonoraenequipo.com.mx\/sentencian-a-24-anos-a-juez-implicado-en-muerte-de-detenido-en-separo-policiaco-de-navojoa\/#article\",\"isPartOf\":{\"@id\":\"https:\/\/www.sonoraenequipo.com.mx\/sentencian-a-24-anos-a-juez-implicado-en-muerte-de-detenido-en-separo-policiaco-de-navojoa\/\"},\"author\":{\"name\":\"enequipo\",\"@id\":\"https:\/\/www.sonoraenequipo.com.mx\/#\/schema\/person\/50102df0fb23a8fa9e8effad8fa81386\"},\"headline\":\"Sentencian \u00a0a \u00a024 a\u00f1os a juez , implicado en muerte de detenido en separo policiaco de Navojoa\",\"datePublished\":\"2025-10-20T21:37:26+00:00\",\"mainEntityOfPage\":{\"@id\":\"https:\/\/www.sonoraenequipo.com.mx\/sentencian-a-24-anos-a-juez-implicado-en-muerte-de-detenido-en-separo-policiaco-de-navojoa\/\"},\"wordCount\":389,\"commentCount\":0,\"publisher\":{\"@id\":\"https:\/\/www.sonoraenequipo.com.mx\/#organization\"},\"image\":{\"@id\":\"https:\/\/www.sonoraenequipo.com.mx\/sentencian-a-24-anos-a-juez-implicado-en-muerte-de-detenido-en-separo-policiaco-de-navojoa\/#primaryimage\"},\"thumbnailUrl\":\"https:\/\/www.sonoraenequipo.com.mx\/storage\/2025\/10\/avelino.jpg\",\"keywords\":[\"inseguridad\",\"navojoa\"],\"articleSection\":[\"Polic\u00edaca\"],\"inLanguage\":\"es\",\"potentialAction\":[{\"@type\":\"CommentAction\",\"name\":\"Comment\",\"target\":[\"https:\/\/www.sonoraenequipo.com.mx\/sentencian-a-24-anos-a-juez-implicado-en-muerte-de-detenido-en-separo-policiaco-de-navojoa\/#respond\"]}]},{\"@type\":\"WebPage\",\"@id\":\"https:\/\/www.sonoraenequipo.com.mx\/sentencian-a-24-anos-a-juez-implicado-en-muerte-de-detenido-en-separo-policiaco-de-navojoa\/\",\"url\":\"https:\/\/www.sonoraenequipo.com.mx\/sentencian-a-24-anos-a-juez-implicado-en-muerte-de-detenido-en-separo-policiaco-de-navojoa\/\",\"name\":\"Sonora en Equipo. Sentencian \u00a0a \u00a024 a\u00f1os a juez , implicado en muerte de detenido en separo policiaco de Navojoa Polic\u00edaca\",\"isPartOf\":{\"@id\":\"https:\/\/www.sonoraenequipo.com.mx\/#website\"},\"primaryImageOfPage\":{\"@id\":\"https:\/\/www.sonoraenequipo.com.mx\/sentencian-a-24-anos-a-juez-implicado-en-muerte-de-detenido-en-separo-policiaco-de-navojoa\/#primaryimage\"},\"image\":{\"@id\":\"https:\/\/www.sonoraenequipo.com.mx\/sentencian-a-24-anos-a-juez-implicado-en-muerte-de-detenido-en-separo-policiaco-de-navojoa\/#primaryimage\"},\"thumbnailUrl\":\"https:\/\/www.sonoraenequipo.com.mx\/storage\/2025\/10\/avelino.jpg\",\"datePublished\":\"2025-10-20T21:37:26+00:00\",\"description\":\"NAVOJOA, SONORA, MX. \u0336 \u0336\u00a0 Con la sentencia de 24 a\u00f1os de prisi\u00f3n ordinaria contra Avelino \u201cN\u201d, Juez calificador responsable durante los hechos donde En Sonora en Equipo publicamos toda la informaci\u00f3n de Sonora, M\u00e9xico y el Mundo de manera oportuna y busca que la libertad de expresi\u00f3n sea real. Visita nuestro medio informativo publicado desde Hermosillo, Sonora. %\",\"breadcrumb\":{\"@id\":\"https:\/\/www.sonoraenequipo.com.mx\/sentencian-a-24-anos-a-juez-implicado-en-muerte-de-detenido-en-separo-policiaco-de-navojoa\/#breadcrumb\"},\"inLanguage\":\"es\",\"potentialAction\":[{\"@type\":\"ReadAction\",\"target\":[\"https:\/\/www.sonoraenequipo.com.mx\/sentencian-a-24-anos-a-juez-implicado-en-muerte-de-detenido-en-separo-policiaco-de-navojoa\/\"]}]},{\"@type\":\"ImageObject\",\"inLanguage\":\"es\",\"@id\":\"https:\/\/www.sonoraenequipo.com.mx\/sentencian-a-24-anos-a-juez-implicado-en-muerte-de-detenido-en-separo-policiaco-de-navojoa\/#primaryimage\",\"url\":\"https:\/\/www.sonoraenequipo.com.mx\/storage\/2025\/10\/avelino.jpg\",\"contentUrl\":\"https:\/\/www.sonoraenequipo.com.mx\/storage\/2025\/10\/avelino.jpg\",\"width\":600,\"height\":400},{\"@type\":\"BreadcrumbList\",\"@id\":\"https:\/\/www.sonoraenequipo.com.mx\/sentencian-a-24-anos-a-juez-implicado-en-muerte-de-detenido-en-separo-policiaco-de-navojoa\/#breadcrumb\",\"itemListElement\":[{\"@type\":\"ListItem\",\"position\":1,\"name\":\"Portada\",\"item\":\"https:\/\/www.sonoraenequipo.com.mx\/\"},{\"@type\":\"ListItem\",\"position\":2,\"name\":\"Sentencian \u00a0a \u00a024 a\u00f1os a juez , implicado en muerte de detenido en separo policiaco de Navojoa\"}]},{\"@type\":\"WebSite\",\"@id\":\"https:\/\/www.sonoraenequipo.com.mx\/#website\",\"url\":\"https:\/\/www.sonoraenequipo.com.mx\/\",\"name\":\"Sonora en Equipo.\",\"description\":\"Diario en l\u00ednea con Noticias desde Hermosillo, Sonora\",\"publisher\":{\"@id\":\"https:\/\/www.sonoraenequipo.com.mx\/#organization\"},\"potentialAction\":[{\"@type\":\"SearchAction\",\"target\":{\"@type\":\"EntryPoint\",\"urlTemplate\":\"https:\/\/www.sonoraenequipo.com.mx\/?s={search_term_string}\"},\"query-input\":{\"@type\":\"PropertyValueSpecification\",\"valueRequired\":true,\"valueName\":\"search_term_string\"}}],\"inLanguage\":\"es\"},{\"@type\":\"Organization\",\"@id\":\"https:\/\/www.sonoraenequipo.com.mx\/#organization\",\"name\":\"Sonoraenequipo.com.mx\",\"url\":\"https:\/\/www.sonoraenequipo.com.mx\/\",\"logo\":{\"@type\":\"ImageObject\",\"inLanguage\":\"es\",\"@id\":\"https:\/\/www.sonoraenequipo.com.mx\/#\/schema\/logo\/image\/\",\"url\":\"https:\/\/www.sonoraenequipo.com.mx\/storage\/2019\/01\/sonoraenequipo_opt.png\",\"contentUrl\":\"https:\/\/www.sonoraenequipo.com.mx\/storage\/2019\/01\/sonoraenequipo_opt.png\",\"width\":375,\"height\":125,\"caption\":\"Sonoraenequipo.com.mx\"},\"image\":{\"@id\":\"https:\/\/www.sonoraenequipo.com.mx\/#\/schema\/logo\/image\/\"},\"sameAs\":[\"https:\/\/www.facebook.com\/SonoraEE\/\",\"https:\/\/x.com\/sonoraenequipo\",\"https:\/\/www.youtube.com\/channel\/UC338nW-lPEYmJQs4ZABQ1SQ\"]},{\"@type\":\"Person\",\"@id\":\"https:\/\/www.sonoraenequipo.com.mx\/#\/schema\/person\/50102df0fb23a8fa9e8effad8fa81386\",\"name\":\"enequipo\",\"image\":{\"@type\":\"ImageObject\",\"inLanguage\":\"es\",\"@id\":\"https:\/\/www.sonoraenequipo.com.mx\/#\/schema\/person\/image\/\",\"url\":\"https:\/\/secure.gravatar.com\/avatar\/049821681b589dabc0bc20695993ccebb09f5b5d4d790cd9251b97faac7c652b?s=96&d=blank&r=g\",\"contentUrl\":\"https:\/\/secure.gravatar.com\/avatar\/049821681b589dabc0bc20695993ccebb09f5b5d4d790cd9251b97faac7c652b?s=96&d=blank&r=g\",\"caption\":\"enequipo\"},\"sameAs\":[\"https:\/\/www.facebook.com\/SonoraEE\"]}]}<\/script>\n ","yoast_head_json":{"title":"Sonora en Equipo. Sentencian \u00a0a \u00a024 a\u00f1os a juez , implicado en muerte de detenido en separo policiaco de Navojoa Polic\u00edaca","description":"NAVOJOA, SONORA, MX. \u0336 \u0336\u00a0 Con la sentencia de 24 a\u00f1os de prisi\u00f3n ordinaria contra Avelino \u201cN\u201d, Juez calificador responsable durante los hechos donde En Sonora en Equipo publicamos toda la informaci\u00f3n de Sonora, M\u00e9xico y el Mundo de manera oportuna y busca que la libertad de expresi\u00f3n sea real. Visita nuestro medio informativo publicado desde Hermosillo, Sonora. %","robots":{"index":"index","follow":"follow","max-snippet":"max-snippet:-1","max-image-preview":"max-image-preview:large","max-video-preview":"max-video-preview:-1"},"canonical":"https:\/\/www.sonoraenequipo.com.mx\/sentencian-a-24-anos-a-juez-implicado-en-muerte-de-detenido-en-separo-policiaco-de-navojoa\/","og_locale":"es_ES","og_type":"article","og_title":"Sonora en Equipo. Sentencian \u00a0a \u00a024 a\u00f1os a juez , implicado en muerte de detenido en separo policiaco de Navojoa Polic\u00edaca","og_description":"NAVOJOA, SONORA, MX. \u0336 \u0336\u00a0 Con la sentencia de 24 a\u00f1os de prisi\u00f3n ordinaria contra Avelino \u201cN\u201d, Juez calificador responsable durante los hechos donde En Sonora en Equipo publicamos toda la informaci\u00f3n de Sonora, M\u00e9xico y el Mundo de manera oportuna y busca que la libertad de expresi\u00f3n sea real. Visita nuestro medio informativo publicado desde Hermosillo, Sonora. %","og_url":"https:\/\/www.sonoraenequipo.com.mx\/sentencian-a-24-anos-a-juez-implicado-en-muerte-de-detenido-en-separo-policiaco-de-navojoa\/","og_site_name":"Sonora en Equipo.","article_publisher":"https:\/\/www.facebook.com\/SonoraEE\/","article_author":"https:\/\/www.facebook.com\/SonoraEE","article_published_time":"2025-10-20T21:37:26+00:00","og_image":[{"width":600,"height":400,"url":"https:\/\/www.sonoraenequipo.com.mx\/storage\/2025\/10\/avelino.jpg","type":"image\/jpeg"}],"author":"enequipo","twitter_card":"summary_large_image","twitter_creator":"@sonoraenequipo","twitter_site":"@sonoraenequipo","twitter_misc":{"Escrito por":"enequipo","Tiempo de lectura":"2 minutos"},"schema":{"@context":"https:\/\/schema.org","@graph":[{"@type":"Article","@id":"https:\/\/www.sonoraenequipo.com.mx\/sentencian-a-24-anos-a-juez-implicado-en-muerte-de-detenido-en-separo-policiaco-de-navojoa\/#article","isPartOf":{"@id":"https:\/\/www.sonoraenequipo.com.mx\/sentencian-a-24-anos-a-juez-implicado-en-muerte-de-detenido-en-separo-policiaco-de-navojoa\/"},"author":{"name":"enequipo","@id":"https:\/\/www.sonoraenequipo.com.mx\/#\/schema\/person\/50102df0fb23a8fa9e8effad8fa81386"},"headline":"Sentencian \u00a0a \u00a024 a\u00f1os a juez , implicado en muerte de detenido en separo policiaco de Navojoa","datePublished":"2025-10-20T21:37:26+00:00","mainEntityOfPage":{"@id":"https:\/\/www.sonoraenequipo.com.mx\/sentencian-a-24-anos-a-juez-implicado-en-muerte-de-detenido-en-separo-policiaco-de-navojoa\/"},"wordCount":389,"commentCount":0,"publisher":{"@id":"https:\/\/www.sonoraenequipo.com.mx\/#organization"},"image":{"@id":"https:\/\/www.sonoraenequipo.com.mx\/sentencian-a-24-anos-a-juez-implicado-en-muerte-de-detenido-en-separo-policiaco-de-navojoa\/#primaryimage"},"thumbnailUrl":"https:\/\/www.sonoraenequipo.com.mx\/storage\/2025\/10\/avelino.jpg","keywords":["inseguridad","navojoa"],"articleSection":["Polic\u00edaca"],"inLanguage":"es","potentialAction":[{"@type":"CommentAction","name":"Comment","target":["https:\/\/www.sonoraenequipo.com.mx\/sentencian-a-24-anos-a-juez-implicado-en-muerte-de-detenido-en-separo-policiaco-de-navojoa\/#respond"]}]},{"@type":"WebPage","@id":"https:\/\/www.sonoraenequipo.com.mx\/sentencian-a-24-anos-a-juez-implicado-en-muerte-de-detenido-en-separo-policiaco-de-navojoa\/","url":"https:\/\/www.sonoraenequipo.com.mx\/sentencian-a-24-anos-a-juez-implicado-en-muerte-de-detenido-en-separo-policiaco-de-navojoa\/","name":"Sonora en Equipo. Sentencian \u00a0a \u00a024 a\u00f1os a juez , implicado en muerte de detenido en separo policiaco de Navojoa Polic\u00edaca","isPartOf":{"@id":"https:\/\/www.sonoraenequipo.com.mx\/#website"},"primaryImageOfPage":{"@id":"https:\/\/www.sonoraenequipo.com.mx\/sentencian-a-24-anos-a-juez-implicado-en-muerte-de-detenido-en-separo-policiaco-de-navojoa\/#primaryimage"},"image":{"@id":"https:\/\/www.sonoraenequipo.com.mx\/sentencian-a-24-anos-a-juez-implicado-en-muerte-de-detenido-en-separo-policiaco-de-navojoa\/#primaryimage"},"thumbnailUrl":"https:\/\/www.sonoraenequipo.com.mx\/storage\/2025\/10\/avelino.jpg","datePublished":"2025-10-20T21:37:26+00:00","description":"NAVOJOA, SONORA, MX. \u0336 \u0336\u00a0 Con la sentencia de 24 a\u00f1os de prisi\u00f3n ordinaria contra Avelino \u201cN\u201d, Juez calificador responsable durante los hechos donde En Sonora en Equipo publicamos toda la informaci\u00f3n de Sonora, M\u00e9xico y el Mundo de manera oportuna y busca que la libertad de expresi\u00f3n sea real. Visita nuestro medio informativo publicado desde Hermosillo, Sonora. %","breadcrumb":{"@id":"https:\/\/www.sonoraenequipo.com.mx\/sentencian-a-24-anos-a-juez-implicado-en-muerte-de-detenido-en-separo-policiaco-de-navojoa\/#breadcrumb"},"inLanguage":"es","potentialAction":[{"@type":"ReadAction","target":["https:\/\/www.sonoraenequipo.com.mx\/sentencian-a-24-anos-a-juez-implicado-en-muerte-de-detenido-en-separo-policiaco-de-navojoa\/"]}]},{"@type":"ImageObject","inLanguage":"es","@id":"https:\/\/www.sonoraenequipo.com.mx\/sentencian-a-24-anos-a-juez-implicado-en-muerte-de-detenido-en-separo-policiaco-de-navojoa\/#primaryimage","url":"https:\/\/www.sonoraenequipo.com.mx\/storage\/2025\/10\/avelino.jpg","contentUrl":"https:\/\/www.sonoraenequipo.com.mx\/storage\/2025\/10\/avelino.jpg","width":600,"height":400},{"@type":"BreadcrumbList","@id":"https:\/\/www.sonoraenequipo.com.mx\/sentencian-a-24-anos-a-juez-implicado-en-muerte-de-detenido-en-separo-policiaco-de-navojoa\/#breadcrumb","itemListElement":[{"@type":"ListItem","position":1,"name":"Portada","item":"https:\/\/www.sonoraenequipo.com.mx\/"},{"@type":"ListItem","position":2,"name":"Sentencian \u00a0a \u00a024 a\u00f1os a juez , implicado en muerte de detenido en separo policiaco de Navojoa"}]},{"@type":"WebSite","@id":"https:\/\/www.sonoraenequipo.com.mx\/#website","url":"https:\/\/www.sonoraenequipo.com.mx\/","name":"Sonora en Equipo.","description":"Diario en l\u00ednea con Noticias desde Hermosillo, Sonora","publisher":{"@id":"https:\/\/www.sonoraenequipo.com.mx\/#organization"},"potentialAction":[{"@type":"SearchAction","target":{"@type":"EntryPoint","urlTemplate":"https:\/\/www.sonoraenequipo.com.mx\/?s={search_term_string}"},"query-input":{"@type":"PropertyValueSpecification","valueRequired":true,"valueName":"search_term_string"}}],"inLanguage":"es"},{"@type":"Organization","@id":"https:\/\/www.sonoraenequipo.com.mx\/#organization","name":"Sonoraenequipo.com.mx","url":"https:\/\/www.sonoraenequipo.com.mx\/","logo":{"@type":"ImageObject","inLanguage":"es","@id":"https:\/\/www.sonoraenequipo.com.mx\/#\/schema\/logo\/image\/","url":"https:\/\/www.sonoraenequipo.com.mx\/storage\/2019\/01\/sonoraenequipo_opt.png","contentUrl":"https:\/\/www.sonoraenequipo.com.mx\/storage\/2019\/01\/sonoraenequipo_opt.png","width":375,"height":125,"caption":"Sonoraenequipo.com.mx"},"image":{"@id":"https:\/\/www.sonoraenequipo.com.mx\/#\/schema\/logo\/image\/"},"sameAs":["https:\/\/www.facebook.com\/SonoraEE\/","https:\/\/x.com\/sonoraenequipo","https:\/\/www.youtube.com\/channel\/UC338nW-lPEYmJQs4ZABQ1SQ"]},{"@type":"Person","@id":"https:\/\/www.sonoraenequipo.com.mx\/#\/schema\/person\/50102df0fb23a8fa9e8effad8fa81386","name":"enequipo","image":{"@type":"ImageObject","inLanguage":"es","@id":"https:\/\/www.sonoraenequipo.com.mx\/#\/schema\/person\/image\/","url":"https:\/\/secure.gravatar.com\/avatar\/049821681b589dabc0bc20695993ccebb09f5b5d4d790cd9251b97faac7c652b?s=96&d=blank&r=g","contentUrl":"https:\/\/secure.gravatar.com\/avatar\/049821681b589dabc0bc20695993ccebb09f5b5d4d790cd9251b97faac7c652b?s=96&d=blank&r=g","caption":"enequipo"},"sameAs":["https:\/\/www.facebook.com\/SonoraEE"]}]}},"jetpack_featured_media_url":"https:\/\/www.sonoraenequipo.com.mx\/storage\/2025\/10\/avelino.jpg","_links":{"self":[{"href":"https:\/\/www.sonoraenequipo.com.mx\/api\/wp\/v2\/posts\/226790","targetHints":{"allow":["GET"]}}],"collection":[{"href":"https:\/\/www.sonoraenequipo.com.mx\/api\/wp\/v2\/posts"}],"about":[{"href":"https:\/\/www.sonoraenequipo.com.mx\/api\/wp\/v2\/types\/post"}],"author":[{"embeddable":true,"href":"https:\/\/www.sonoraenequipo.com.mx\/api\/wp\/v2\/users\/1"}],"replies":[{"embeddable":true,"href":"https:\/\/www.sonoraenequipo.com.mx\/api\/wp\/v2\/comments?post=226790"}],"version-history":[{"count":1,"href":"https:\/\/www.sonoraenequipo.com.mx\/api\/wp\/v2\/posts\/226790\/revisions"}],"predecessor-version":[{"id":226792,"href":"https:\/\/www.sonoraenequipo.com.mx\/api\/wp\/v2\/posts\/226790\/revisions\/226792"}],"wp:featuredmedia":[{"embeddable":true,"href":"https:\/\/www.sonoraenequipo.com.mx\/api\/wp\/v2\/media\/226791"}],"wp:attachment":[{"href":"https:\/\/www.sonoraenequipo.com.mx\/api\/wp\/v2\/media?parent=226790"}],"wp:term":[{"taxonomy":"category","embeddable":true,"href":"https:\/\/www.sonoraenequipo.com.mx\/api\/wp\/v2\/categories?post=226790"},{"taxonomy":"post_tag","embeddable":true,"href":"https:\/\/www.sonoraenequipo.com.mx\/api\/wp\/v2\/tags?post=226790"}],"curies":[{"name":"wp","href":"https:\/\/api.w.org\/{rel}","templated":true}]}}