{"id":226795,"date":"2025-10-20T16:25:29","date_gmt":"2025-10-20T23:25:29","guid":{"rendered":"https:\/\/www.sonoraenequipo.com.mx\/?p=226795"},"modified":"2025-10-20T17:30:13","modified_gmt":"2025-10-21T00:30:13","slug":"anuncia-gobierno-municipal-operativo-por-el-dia-de-muertos-2025","status":"publish","type":"post","link":"https:\/\/www.sonoraenequipo.com.mx\/anuncia-gobierno-municipal-operativo-por-el-dia-de-muertos-2025\/","title":{"rendered":"Anuncia Gobierno Municipal Operativo por el D\u00eda de Muertos 2025"},"content":{"rendered":"<p><strong>Anuncia Gobierno Municipal Operativo por el D\u00eda de Muertos 2025<\/strong><\/p>\n<p><strong>HERMOSILLO, SONORA, MX.<\/strong> \u2014 El Ayuntamiento de Hermosillo present\u00f3 el Operativo por el D\u00eda de Muertos 2025, programado del 31 de octubre al 2 de noviembre. Este operativo se realizar\u00e1 en los panteones Sahuaro, Palo Verde, Norte, La Manga y Bosque Memorial Y\u00e1\u00f1ez, as\u00ed como en \u00e1reas rurales de la ciudad. Varias dependencias, como Inspecci\u00f3n y Vigilancia, Servicios P\u00fablicos, Polic\u00eda y Protecci\u00f3n Civil, colaborar\u00e1n en la organizaci\u00f3n del evento.<\/p>\n<p>Lisette L\u00f3pez God\u00ednez, directora de Inspecci\u00f3n y Vigilancia, inform\u00f3 que se ofrecer\u00e1n 522 espacios para comerciantes en los panteones, con un costo de permisos de 678.84 pesos por d\u00eda o 1,923 pesos por tres d\u00edas en la zona urbana, y 452 pesos en la zona rural. Tambi\u00e9n se brindar\u00e1 apoyo a los vendedores el mismo d\u00eda del evento para mantener el orden.<\/p>\n<p>Sergio Pavlovich Escalante, <strong><em>director de Servicios P\u00fablicos, destac\u00f3 que las labores de limpieza en los panteones est\u00e1n en un 65% y han retirado m\u00e1s de 110 toneladas de desechos.<\/em><\/strong> Invit\u00f3 a la ciudadan\u00eda a limpiar los espacios donde descansan sus seres queridos mientras el personal municipal se encarga de recoger los residuos.<\/p>\n<p>Se ofrecer\u00e1 transporte interno en Sahuaro y Bosque Memorial Y\u00e1\u00f1ez para ayudar a personas mayores o con discapacidad. Las escuelas pueden inscribirse al concurso de calaveras gigantes a trav\u00e9s de un n\u00famero de WhatsApp.<\/p>\n<p>Sergio Valdez L\u00f3pez, director de Tr\u00e1nsito Municipal, anunci\u00f3 que habr\u00e1 un operativo de tr\u00e1fico con cierre de algunas calles del 31 de octubre al 2 de noviembre. Fernando Morales Flores, de Protecci\u00f3n Civil, garantiz\u00f3 seguridad en los panteones, especialmente en los puntos de venta de alimentos.<\/p>\n<p>Finalmente, Marianna Gonz\u00e1lez Gast\u00e9lum, del IMCA, invit\u00f3 al p\u00fablico a participar en las actividades culturales en el Centro Hist\u00f3rico, que incluir\u00e1n m\u00fasica, exhibiciones de altares y una gran ofrenda en homenaje a Martha Bracho. Se lanzar\u00e1 una convocatoria de tapetes tradicionales y se presentar\u00e1 una catrina de seis metros, como parte de las novedades de este a\u00f1o. El Gobierno Municipal se compromete a asegurar una celebraci\u00f3n segura y ordenada.<\/p>\n<p><strong>Fecha de publicaci\u00f3n lunes 20 de octubre de 2025<\/strong><\/p>\n<p>&nbsp;<\/p>\n","protected":false},"excerpt":{"rendered":"<p>Anuncia Gobierno Municipal Operativo por el D\u00eda de Muertos 2025 HERMOSILLO, SONORA, MX. \u2014 El&#8230;<\/p>\n","protected":false},"author":6,"featured_media":226797,"comment_status":"open","ping_status":"open","sticky":false,"template":"","format":"standard","meta":{"_monsterinsights_skip_tracking":false,"_monsterinsights_sitenote_active":false,"_monsterinsights_sitenote_note":"","_monsterinsights_sitenote_category":0,"footnotes":""},"categories":[4],"tags":[],"class_list":["post"],"yoast_head":" \n<title>Sonora en Equipo. Anuncia Gobierno Municipal Operativo por el D\u00eda de Muertos 2025 Municipios<\/title>\n<meta name=\"description\" content=\"Anuncia Gobierno Municipal Operativo por el D\u00eda de Muertos 2025 HERMOSILLO, SONORA, MX. \u2014 El Ayuntamiento de Hermosillo present\u00f3 el Operativo por el D\u00eda En Sonora en Equipo publicamos toda la informaci\u00f3n de Sonora, M\u00e9xico y el Mundo de manera oportuna y busca que la libertad de expresi\u00f3n sea real. Visita nuestro medio informativo publicado desde Hermosillo, Sonora. %\" \/>\n<meta name=\"robots\" content=\"index, follow, max-snippet:-1, max-image-preview:large, max-video-preview:-1\" \/>\n<link rel=\"canonical\" href=\"https:\/\/www.sonoraenequipo.com.mx\/anuncia-gobierno-municipal-operativo-por-el-dia-de-muertos-2025\/\" \/>\n<meta property=\"og:locale\" content=\"es_ES\" \/>\n<meta property=\"og:type\" content=\"article\" \/>\n<meta property=\"og:title\" content=\"Sonora en Equipo. Anuncia Gobierno Municipal Operativo por el D\u00eda de Muertos 2025 Municipios\" \/>\n<meta property=\"og:description\" content=\"Anuncia Gobierno Municipal Operativo por el D\u00eda de Muertos 2025 HERMOSILLO, SONORA, MX. \u2014 El Ayuntamiento de Hermosillo present\u00f3 el Operativo por el D\u00eda En Sonora en Equipo publicamos toda la informaci\u00f3n de Sonora, M\u00e9xico y el Mundo de manera oportuna y busca que la libertad de expresi\u00f3n sea real. Visita nuestro medio informativo publicado desde Hermosillo, Sonora. %\" \/>\n<meta property=\"og:url\" content=\"https:\/\/www.sonoraenequipo.com.mx\/anuncia-gobierno-municipal-operativo-por-el-dia-de-muertos-2025\/\" \/>\n<meta property=\"og:site_name\" content=\"Sonora en Equipo.\" \/>\n<meta property=\"article:publisher\" content=\"https:\/\/www.facebook.com\/SonoraEE\/\" \/>\n<meta property=\"article:published_time\" content=\"2025-10-20T23:25:29+00:00\" \/>\n<meta property=\"article:modified_time\" content=\"2025-10-21T00:30:13+00:00\" \/>\n<meta property=\"og:image\" content=\"https:\/\/www.sonoraenequipo.com.mx\/storage\/2025\/10\/dia-muertos-25.jpg\" \/>\n\t<meta property=\"og:image:width\" content=\"600\" \/>\n\t<meta property=\"og:image:height\" content=\"400\" \/>\n\t<meta property=\"og:image:type\" content=\"image\/jpeg\" \/>\n<meta name=\"author\" content=\"Nacho Bandin\" \/>\n<meta name=\"twitter:card\" content=\"summary_large_image\" \/>\n<meta name=\"twitter:creator\" content=\"@sonoraenequipo\" \/>\n<meta name=\"twitter:site\" content=\"@sonoraenequipo\" \/>\n<meta name=\"twitter:label1\" content=\"Escrito por\" \/>\n\t<meta name=\"twitter:data1\" content=\"Nacho Bandin\" \/>\n\t<meta name=\"twitter:label2\" content=\"Tiempo de lectura\" \/>\n\t<meta name=\"twitter:data2\" content=\"2 minutos\" \/>\n<script type=\"application\/ld+json\" class=\"yoast-schema-graph\">{\"@context\":\"https:\/\/schema.org\",\"@graph\":[{\"@type\":\"Article\",\"@id\":\"https:\/\/www.sonoraenequipo.com.mx\/anuncia-gobierno-municipal-operativo-por-el-dia-de-muertos-2025\/#article\",\"isPartOf\":{\"@id\":\"https:\/\/www.sonoraenequipo.com.mx\/anuncia-gobierno-municipal-operativo-por-el-dia-de-muertos-2025\/\"},\"author\":{\"name\":\"Nacho Bandin\",\"@id\":\"https:\/\/www.sonoraenequipo.com.mx\/#\/schema\/person\/fbd9952aca28efec00f1fb7fa9428cad\"},\"headline\":\"Anuncia Gobierno Municipal Operativo por el D\u00eda de Muertos 2025\",\"datePublished\":\"2025-10-20T23:25:29+00:00\",\"dateModified\":\"2025-10-21T00:30:13+00:00\",\"mainEntityOfPage\":{\"@id\":\"https:\/\/www.sonoraenequipo.com.mx\/anuncia-gobierno-municipal-operativo-por-el-dia-de-muertos-2025\/\"},\"wordCount\":384,\"commentCount\":0,\"publisher\":{\"@id\":\"https:\/\/www.sonoraenequipo.com.mx\/#organization\"},\"image\":{\"@id\":\"https:\/\/www.sonoraenequipo.com.mx\/anuncia-gobierno-municipal-operativo-por-el-dia-de-muertos-2025\/#primaryimage\"},\"thumbnailUrl\":\"https:\/\/www.sonoraenequipo.com.mx\/storage\/2025\/10\/dia-muertos-25.jpg\",\"articleSection\":[\"Municipios\"],\"inLanguage\":\"es\",\"potentialAction\":[{\"@type\":\"CommentAction\",\"name\":\"Comment\",\"target\":[\"https:\/\/www.sonoraenequipo.com.mx\/anuncia-gobierno-municipal-operativo-por-el-dia-de-muertos-2025\/#respond\"]}]},{\"@type\":\"WebPage\",\"@id\":\"https:\/\/www.sonoraenequipo.com.mx\/anuncia-gobierno-municipal-operativo-por-el-dia-de-muertos-2025\/\",\"url\":\"https:\/\/www.sonoraenequipo.com.mx\/anuncia-gobierno-municipal-operativo-por-el-dia-de-muertos-2025\/\",\"name\":\"Sonora en Equipo. Anuncia Gobierno Municipal Operativo por el D\u00eda de Muertos 2025 Municipios\",\"isPartOf\":{\"@id\":\"https:\/\/www.sonoraenequipo.com.mx\/#website\"},\"primaryImageOfPage\":{\"@id\":\"https:\/\/www.sonoraenequipo.com.mx\/anuncia-gobierno-municipal-operativo-por-el-dia-de-muertos-2025\/#primaryimage\"},\"image\":{\"@id\":\"https:\/\/www.sonoraenequipo.com.mx\/anuncia-gobierno-municipal-operativo-por-el-dia-de-muertos-2025\/#primaryimage\"},\"thumbnailUrl\":\"https:\/\/www.sonoraenequipo.com.mx\/storage\/2025\/10\/dia-muertos-25.jpg\",\"datePublished\":\"2025-10-20T23:25:29+00:00\",\"dateModified\":\"2025-10-21T00:30:13+00:00\",\"description\":\"Anuncia Gobierno Municipal Operativo por el D\u00eda de Muertos 2025 HERMOSILLO, SONORA, MX. \u2014 El Ayuntamiento de Hermosillo present\u00f3 el Operativo por el D\u00eda En Sonora en Equipo publicamos toda la informaci\u00f3n de Sonora, M\u00e9xico y el Mundo de manera oportuna y busca que la libertad de expresi\u00f3n sea real. Visita nuestro medio informativo publicado desde Hermosillo, Sonora. %\",\"breadcrumb\":{\"@id\":\"https:\/\/www.sonoraenequipo.com.mx\/anuncia-gobierno-municipal-operativo-por-el-dia-de-muertos-2025\/#breadcrumb\"},\"inLanguage\":\"es\",\"potentialAction\":[{\"@type\":\"ReadAction\",\"target\":[\"https:\/\/www.sonoraenequipo.com.mx\/anuncia-gobierno-municipal-operativo-por-el-dia-de-muertos-2025\/\"]}]},{\"@type\":\"ImageObject\",\"inLanguage\":\"es\",\"@id\":\"https:\/\/www.sonoraenequipo.com.mx\/anuncia-gobierno-municipal-operativo-por-el-dia-de-muertos-2025\/#primaryimage\",\"url\":\"https:\/\/www.sonoraenequipo.com.mx\/storage\/2025\/10\/dia-muertos-25.jpg\",\"contentUrl\":\"https:\/\/www.sonoraenequipo.com.mx\/storage\/2025\/10\/dia-muertos-25.jpg\",\"width\":600,\"height\":400},{\"@type\":\"BreadcrumbList\",\"@id\":\"https:\/\/www.sonoraenequipo.com.mx\/anuncia-gobierno-municipal-operativo-por-el-dia-de-muertos-2025\/#breadcrumb\",\"itemListElement\":[{\"@type\":\"ListItem\",\"position\":1,\"name\":\"Portada\",\"item\":\"https:\/\/www.sonoraenequipo.com.mx\/\"},{\"@type\":\"ListItem\",\"position\":2,\"name\":\"Anuncia Gobierno Municipal Operativo por el D\u00eda de Muertos 2025\"}]},{\"@type\":\"WebSite\",\"@id\":\"https:\/\/www.sonoraenequipo.com.mx\/#website\",\"url\":\"https:\/\/www.sonoraenequipo.com.mx\/\",\"name\":\"Sonora en Equipo.\",\"description\":\"Diario en l\u00ednea con Noticias desde Hermosillo, Sonora\",\"publisher\":{\"@id\":\"https:\/\/www.sonoraenequipo.com.mx\/#organization\"},\"potentialAction\":[{\"@type\":\"SearchAction\",\"target\":{\"@type\":\"EntryPoint\",\"urlTemplate\":\"https:\/\/www.sonoraenequipo.com.mx\/?s={search_term_string}\"},\"query-input\":{\"@type\":\"PropertyValueSpecification\",\"valueRequired\":true,\"valueName\":\"search_term_string\"}}],\"inLanguage\":\"es\"},{\"@type\":\"Organization\",\"@id\":\"https:\/\/www.sonoraenequipo.com.mx\/#organization\",\"name\":\"Sonoraenequipo.com.mx\",\"url\":\"https:\/\/www.sonoraenequipo.com.mx\/\",\"logo\":{\"@type\":\"ImageObject\",\"inLanguage\":\"es\",\"@id\":\"https:\/\/www.sonoraenequipo.com.mx\/#\/schema\/logo\/image\/\",\"url\":\"https:\/\/www.sonoraenequipo.com.mx\/storage\/2019\/01\/sonoraenequipo_opt.png\",\"contentUrl\":\"https:\/\/www.sonoraenequipo.com.mx\/storage\/2019\/01\/sonoraenequipo_opt.png\",\"width\":375,\"height\":125,\"caption\":\"Sonoraenequipo.com.mx\"},\"image\":{\"@id\":\"https:\/\/www.sonoraenequipo.com.mx\/#\/schema\/logo\/image\/\"},\"sameAs\":[\"https:\/\/www.facebook.com\/SonoraEE\/\",\"https:\/\/x.com\/sonoraenequipo\",\"https:\/\/www.youtube.com\/channel\/UC338nW-lPEYmJQs4ZABQ1SQ\"]},{\"@type\":\"Person\",\"@id\":\"https:\/\/www.sonoraenequipo.com.mx\/#\/schema\/person\/fbd9952aca28efec00f1fb7fa9428cad\",\"name\":\"Nacho Bandin\",\"image\":{\"@type\":\"ImageObject\",\"inLanguage\":\"es\",\"@id\":\"https:\/\/www.sonoraenequipo.com.mx\/#\/schema\/person\/image\/\",\"url\":\"https:\/\/secure.gravatar.com\/avatar\/aa8b9910cb9aca6bb907bea274a87d80d1290d00069310f251740e3ee0bf15f1?s=96&d=blank&r=g\",\"contentUrl\":\"https:\/\/secure.gravatar.com\/avatar\/aa8b9910cb9aca6bb907bea274a87d80d1290d00069310f251740e3ee0bf15f1?s=96&d=blank&r=g\",\"caption\":\"Nacho Bandin\"},\"sameAs\":[\"http:\/\/sonoraenequipo.com.mx\"]}]}<\/script>\n ","yoast_head_json":{"title":"Sonora en Equipo. Anuncia Gobierno Municipal Operativo por el D\u00eda de Muertos 2025 Municipios","description":"Anuncia Gobierno Municipal Operativo por el D\u00eda de Muertos 2025 HERMOSILLO, SONORA, MX. \u2014 El Ayuntamiento de Hermosillo present\u00f3 el Operativo por el D\u00eda En Sonora en Equipo publicamos toda la informaci\u00f3n de Sonora, M\u00e9xico y el Mundo de manera oportuna y busca que la libertad de expresi\u00f3n sea real. Visita nuestro medio informativo publicado desde Hermosillo, Sonora. %","robots":{"index":"index","follow":"follow","max-snippet":"max-snippet:-1","max-image-preview":"max-image-preview:large","max-video-preview":"max-video-preview:-1"},"canonical":"https:\/\/www.sonoraenequipo.com.mx\/anuncia-gobierno-municipal-operativo-por-el-dia-de-muertos-2025\/","og_locale":"es_ES","og_type":"article","og_title":"Sonora en Equipo. Anuncia Gobierno Municipal Operativo por el D\u00eda de Muertos 2025 Municipios","og_description":"Anuncia Gobierno Municipal Operativo por el D\u00eda de Muertos 2025 HERMOSILLO, SONORA, MX. \u2014 El Ayuntamiento de Hermosillo present\u00f3 el Operativo por el D\u00eda En Sonora en Equipo publicamos toda la informaci\u00f3n de Sonora, M\u00e9xico y el Mundo de manera oportuna y busca que la libertad de expresi\u00f3n sea real. Visita nuestro medio informativo publicado desde Hermosillo, Sonora. %","og_url":"https:\/\/www.sonoraenequipo.com.mx\/anuncia-gobierno-municipal-operativo-por-el-dia-de-muertos-2025\/","og_site_name":"Sonora en Equipo.","article_publisher":"https:\/\/www.facebook.com\/SonoraEE\/","article_published_time":"2025-10-20T23:25:29+00:00","article_modified_time":"2025-10-21T00:30:13+00:00","og_image":[{"width":600,"height":400,"url":"https:\/\/www.sonoraenequipo.com.mx\/storage\/2025\/10\/dia-muertos-25.jpg","type":"image\/jpeg"}],"author":"Nacho Bandin","twitter_card":"summary_large_image","twitter_creator":"@sonoraenequipo","twitter_site":"@sonoraenequipo","twitter_misc":{"Escrito por":"Nacho Bandin","Tiempo de lectura":"2 minutos"},"schema":{"@context":"https:\/\/schema.org","@graph":[{"@type":"Article","@id":"https:\/\/www.sonoraenequipo.com.mx\/anuncia-gobierno-municipal-operativo-por-el-dia-de-muertos-2025\/#article","isPartOf":{"@id":"https:\/\/www.sonoraenequipo.com.mx\/anuncia-gobierno-municipal-operativo-por-el-dia-de-muertos-2025\/"},"author":{"name":"Nacho Bandin","@id":"https:\/\/www.sonoraenequipo.com.mx\/#\/schema\/person\/fbd9952aca28efec00f1fb7fa9428cad"},"headline":"Anuncia Gobierno Municipal Operativo por el D\u00eda de Muertos 2025","datePublished":"2025-10-20T23:25:29+00:00","dateModified":"2025-10-21T00:30:13+00:00","mainEntityOfPage":{"@id":"https:\/\/www.sonoraenequipo.com.mx\/anuncia-gobierno-municipal-operativo-por-el-dia-de-muertos-2025\/"},"wordCount":384,"commentCount":0,"publisher":{"@id":"https:\/\/www.sonoraenequipo.com.mx\/#organization"},"image":{"@id":"https:\/\/www.sonoraenequipo.com.mx\/anuncia-gobierno-municipal-operativo-por-el-dia-de-muertos-2025\/#primaryimage"},"thumbnailUrl":"https:\/\/www.sonoraenequipo.com.mx\/storage\/2025\/10\/dia-muertos-25.jpg","articleSection":["Municipios"],"inLanguage":"es","potentialAction":[{"@type":"CommentAction","name":"Comment","target":["https:\/\/www.sonoraenequipo.com.mx\/anuncia-gobierno-municipal-operativo-por-el-dia-de-muertos-2025\/#respond"]}]},{"@type":"WebPage","@id":"https:\/\/www.sonoraenequipo.com.mx\/anuncia-gobierno-municipal-operativo-por-el-dia-de-muertos-2025\/","url":"https:\/\/www.sonoraenequipo.com.mx\/anuncia-gobierno-municipal-operativo-por-el-dia-de-muertos-2025\/","name":"Sonora en Equipo. Anuncia Gobierno Municipal Operativo por el D\u00eda de Muertos 2025 Municipios","isPartOf":{"@id":"https:\/\/www.sonoraenequipo.com.mx\/#website"},"primaryImageOfPage":{"@id":"https:\/\/www.sonoraenequipo.com.mx\/anuncia-gobierno-municipal-operativo-por-el-dia-de-muertos-2025\/#primaryimage"},"image":{"@id":"https:\/\/www.sonoraenequipo.com.mx\/anuncia-gobierno-municipal-operativo-por-el-dia-de-muertos-2025\/#primaryimage"},"thumbnailUrl":"https:\/\/www.sonoraenequipo.com.mx\/storage\/2025\/10\/dia-muertos-25.jpg","datePublished":"2025-10-20T23:25:29+00:00","dateModified":"2025-10-21T00:30:13+00:00","description":"Anuncia Gobierno Municipal Operativo por el D\u00eda de Muertos 2025 HERMOSILLO, SONORA, MX. \u2014 El Ayuntamiento de Hermosillo present\u00f3 el Operativo por el D\u00eda En Sonora en Equipo publicamos toda la informaci\u00f3n de Sonora, M\u00e9xico y el Mundo de manera oportuna y busca que la libertad de expresi\u00f3n sea real. Visita nuestro medio informativo publicado desde Hermosillo, Sonora. %","breadcrumb":{"@id":"https:\/\/www.sonoraenequipo.com.mx\/anuncia-gobierno-municipal-operativo-por-el-dia-de-muertos-2025\/#breadcrumb"},"inLanguage":"es","potentialAction":[{"@type":"ReadAction","target":["https:\/\/www.sonoraenequipo.com.mx\/anuncia-gobierno-municipal-operativo-por-el-dia-de-muertos-2025\/"]}]},{"@type":"ImageObject","inLanguage":"es","@id":"https:\/\/www.sonoraenequipo.com.mx\/anuncia-gobierno-municipal-operativo-por-el-dia-de-muertos-2025\/#primaryimage","url":"https:\/\/www.sonoraenequipo.com.mx\/storage\/2025\/10\/dia-muertos-25.jpg","contentUrl":"https:\/\/www.sonoraenequipo.com.mx\/storage\/2025\/10\/dia-muertos-25.jpg","width":600,"height":400},{"@type":"BreadcrumbList","@id":"https:\/\/www.sonoraenequipo.com.mx\/anuncia-gobierno-municipal-operativo-por-el-dia-de-muertos-2025\/#breadcrumb","itemListElement":[{"@type":"ListItem","position":1,"name":"Portada","item":"https:\/\/www.sonoraenequipo.com.mx\/"},{"@type":"ListItem","position":2,"name":"Anuncia Gobierno Municipal Operativo por el D\u00eda de Muertos 2025"}]},{"@type":"WebSite","@id":"https:\/\/www.sonoraenequipo.com.mx\/#website","url":"https:\/\/www.sonoraenequipo.com.mx\/","name":"Sonora en Equipo.","description":"Diario en l\u00ednea con Noticias desde Hermosillo, Sonora","publisher":{"@id":"https:\/\/www.sonoraenequipo.com.mx\/#organization"},"potentialAction":[{"@type":"SearchAction","target":{"@type":"EntryPoint","urlTemplate":"https:\/\/www.sonoraenequipo.com.mx\/?s={search_term_string}"},"query-input":{"@type":"PropertyValueSpecification","valueRequired":true,"valueName":"search_term_string"}}],"inLanguage":"es"},{"@type":"Organization","@id":"https:\/\/www.sonoraenequipo.com.mx\/#organization","name":"Sonoraenequipo.com.mx","url":"https:\/\/www.sonoraenequipo.com.mx\/","logo":{"@type":"ImageObject","inLanguage":"es","@id":"https:\/\/www.sonoraenequipo.com.mx\/#\/schema\/logo\/image\/","url":"https:\/\/www.sonoraenequipo.com.mx\/storage\/2019\/01\/sonoraenequipo_opt.png","contentUrl":"https:\/\/www.sonoraenequipo.com.mx\/storage\/2019\/01\/sonoraenequipo_opt.png","width":375,"height":125,"caption":"Sonoraenequipo.com.mx"},"image":{"@id":"https:\/\/www.sonoraenequipo.com.mx\/#\/schema\/logo\/image\/"},"sameAs":["https:\/\/www.facebook.com\/SonoraEE\/","https:\/\/x.com\/sonoraenequipo","https:\/\/www.youtube.com\/channel\/UC338nW-lPEYmJQs4ZABQ1SQ"]},{"@type":"Person","@id":"https:\/\/www.sonoraenequipo.com.mx\/#\/schema\/person\/fbd9952aca28efec00f1fb7fa9428cad","name":"Nacho Bandin","image":{"@type":"ImageObject","inLanguage":"es","@id":"https:\/\/www.sonoraenequipo.com.mx\/#\/schema\/person\/image\/","url":"https:\/\/secure.gravatar.com\/avatar\/aa8b9910cb9aca6bb907bea274a87d80d1290d00069310f251740e3ee0bf15f1?s=96&d=blank&r=g","contentUrl":"https:\/\/secure.gravatar.com\/avatar\/aa8b9910cb9aca6bb907bea274a87d80d1290d00069310f251740e3ee0bf15f1?s=96&d=blank&r=g","caption":"Nacho Bandin"},"sameAs":["http:\/\/sonoraenequipo.com.mx"]}]}},"jetpack_featured_media_url":"https:\/\/www.sonoraenequipo.com.mx\/storage\/2025\/10\/dia-muertos-25.jpg","_links":{"self":[{"href":"https:\/\/www.sonoraenequipo.com.mx\/api\/wp\/v2\/posts\/226795","targetHints":{"allow":["GET"]}}],"collection":[{"href":"https:\/\/www.sonoraenequipo.com.mx\/api\/wp\/v2\/posts"}],"about":[{"href":"https:\/\/www.sonoraenequipo.com.mx\/api\/wp\/v2\/types\/post"}],"author":[{"embeddable":true,"href":"https:\/\/www.sonoraenequipo.com.mx\/api\/wp\/v2\/users\/6"}],"replies":[{"embeddable":true,"href":"https:\/\/www.sonoraenequipo.com.mx\/api\/wp\/v2\/comments?post=226795"}],"version-history":[{"count":1,"href":"https:\/\/www.sonoraenequipo.com.mx\/api\/wp\/v2\/posts\/226795\/revisions"}],"predecessor-version":[{"id":226798,"href":"https:\/\/www.sonoraenequipo.com.mx\/api\/wp\/v2\/posts\/226795\/revisions\/226798"}],"wp:featuredmedia":[{"embeddable":true,"href":"https:\/\/www.sonoraenequipo.com.mx\/api\/wp\/v2\/media\/226797"}],"wp:attachment":[{"href":"https:\/\/www.sonoraenequipo.com.mx\/api\/wp\/v2\/media?parent=226795"}],"wp:term":[{"taxonomy":"category","embeddable":true,"href":"https:\/\/www.sonoraenequipo.com.mx\/api\/wp\/v2\/categories?post=226795"},{"taxonomy":"post_tag","embeddable":true,"href":"https:\/\/www.sonoraenequipo.com.mx\/api\/wp\/v2\/tags?post=226795"}],"curies":[{"name":"wp","href":"https:\/\/api.w.org\/{rel}","templated":true}]}}