{"id":226815,"date":"2025-10-20T19:10:49","date_gmt":"2025-10-21T02:10:49","guid":{"rendered":"https:\/\/www.sonoraenequipo.com.mx\/?p=226815"},"modified":"2025-10-20T18:38:19","modified_gmt":"2025-10-21T01:38:19","slug":"la-constitucion-de-ee-uu-esta-disenada-para-perpetuar-la-esclavitud-douglas-massey-sociologo","status":"publish","type":"post","link":"https:\/\/www.sonoraenequipo.com.mx\/la-constitucion-de-ee-uu-esta-disenada-para-perpetuar-la-esclavitud-douglas-massey-sociologo\/","title":{"rendered":"\u00abLa Constituci\u00f3n de EE.UU. est\u00e1 dise\u00f1ada para perpetuar la esclavitud\u00bb: Douglas Massey, soci\u00f3logo"},"content":{"rendered":"<p>&nbsp;<\/p>\n<p>El prestigioso investigador estadounidense recibir\u00e1 el Premio Princesa de Asturias de Ciencias Sociales 2025<br \/>\nEn una entrevista concedida a RTVE.es, aborda temas como las pol\u00edticas fronterizas o los nuevos patrones migratorios<br \/>\nDouglas Massey, Premio Princesa de Asturias de Ciencias Sociales 2025.<br \/>\nEl soci\u00f3logo y dem\u00f3grafo estadounidense Douglas Massey. FUNDACI\u00d3N PRINCESA DE ASTURIAS<br \/>\nSamuel A. Pilar<\/p>\n<p>&nbsp;<\/p>\n<p><strong>ESTADOS UNIDOS DEL NORTE DE AM\u00c9RICA. \u2014<\/strong> El soci\u00f3logo estadounidense Douglas Massey, una de las voces m\u00e1s influyentes en el estudio de la migraci\u00f3n internacional, la segregaci\u00f3n urbana y la desigualdad social, ha sido distinguido con el Premio Princesa de Asturias de Ciencias Sociales 2025. Profesor en la Universidad de Princeton, su trabajo ha marcado durante d\u00e9cadas el debate acad\u00e9mico y pol\u00edtico sobre los movimientos migratorios, en especial entre M\u00e9xico y Estados Unidos, as\u00ed como sobre los mecanismos que perpet\u00faan la exclusi\u00f3n racial y econ\u00f3mica en las sociedades contempor\u00e1neas.<\/p>\n<p>&nbsp;<\/p>\n<p>&nbsp;<\/p>\n<p>Con motivo de este galard\u00f3n, que recibir\u00e1 en Oviedo el pr\u00f3ximo 24 de octubre, Massey ha respondido a las preguntas de RTVE.es en una entrevista en la que aborda temas centrales de su trayectoria: el impacto real de las pol\u00edticas fronterizas, los nuevos patrones migratorios o la paradoja de la dependencia de los pa\u00edses ricos de la mano de obra inmigrante.<\/p>\n<p>&nbsp;<\/p>\n<p>&nbsp;<\/p>\n<p>PREGUNTA: <strong>Usted argumenta que el endurecimiento de las fronteras no reduce la migraci\u00f3n, sino que la transforma, haci\u00e9ndola m\u00e1s peligrosa, costosa y, en \u00faltima instancia, m\u00e1s vulnerable a la explotaci\u00f3n. \u00bfQu\u00e9 lecciones deber\u00edan aprender los gobiernos de esta experiencia?<\/strong><\/p>\n<p>&nbsp;<\/p>\n<p>&nbsp;<\/p>\n<p>&nbsp;<\/p>\n<p>RESPUESTA: <em><strong>Lamentablemente, los pol\u00edticos que elaboran las pol\u00edticas migratorias generalmente no consideran a los inmigrantes ni a la inmigraci\u00f3n como fen\u00f3menos que deban comprenderse y gestionarse con sensatez. En cambio, se manipulan como s\u00edmbolos en las competiciones pol\u00edticas internas por el poder, con poca preocupaci\u00f3n por los hechos y las pruebas sobre lo que realmente est\u00e1 sucediendo. En tiempos de agitaci\u00f3n social e inseguridad econ\u00f3mica, impulsadas por el r\u00e1pido cambio tecnol\u00f3gico y la globalizaci\u00f3n del comercio y la inversi\u00f3n, los inmigrantes se convierten en un conveniente chivo expiatorio al que los pol\u00edticos pueden culpar para apaciguar los temores y recelos del p\u00fablico.<\/strong><\/em><\/p>\n<p>&nbsp;<\/p>\n<p>&nbsp;<\/p>\n<p><em><strong>\u201cLos pol\u00edticos que elaboran las pol\u00edticas migratorias generalmente no consideran a los inmigrantes ni a la inmigraci\u00f3n como fen\u00f3menos que deban comprenderse y gestionarse con sensatez. \u201c<\/strong><\/em><\/p>\n<p>&nbsp;<\/p>\n<p>&nbsp;<\/p>\n<p><em><strong>Aunque todas las evidencias sugieren que unos flujos migratorios bien gestionados son un beneficio neto para los pa\u00edses receptores, los pol\u00edticos los demonizan como una amenaza para la sociedad, acus\u00e1ndolos de aumentar la delincuencia, robar empleos a los nativos, agotar los recursos p\u00fablicos y poner en riesgo los valores tradicionales. Estos llamamientos emocionales a los miedos, sospechas y resentimientos nativos se utilizan para movilizar apoyo pol\u00edtico a favor de pol\u00edticas migratorias restrictivas y acciones excluyentes que no resuelven las dif\u00edciles tensiones estructurales creadas por el comercio global, el cambio tecnol\u00f3gico y el aumento de las desigualdades de riqueza e ingresos.<\/strong><\/em><\/p>\n<p>&nbsp;<\/p>\n<p>&nbsp;<\/p>\n<p><em><strong>Estas cuestiones son muy dif\u00edciles de gestionar, y resulta mucho m\u00e1s sencillo culpar a los inmigrantes y extranjeros de los problemas reales derivados del incremento de la desigualdad y la inseguridad econ\u00f3mica. En cambio, las pol\u00edticas represivas y excluyentes tienden a exacerbar las divisiones estructurales de la sociedad. La alternativa es prestar atenci\u00f3n a los datos y la evidencia para construir una comprensi\u00f3n precisa de lo que realmente est\u00e1 ocurriendo con la inmigraci\u00f3n y, a partir de esa base, elaborar pol\u00edticas que permitan gestionarla de manera que beneficien a la sociedad y protejan los derechos tanto de inmigrantes como de nativos, reduciendo tensiones internas e internacionales, y pasando de una postura de prevenci\u00f3n de la inmigraci\u00f3n a una de gesti\u00f3n de la inmigraci\u00f3n.<\/strong><\/em><\/p>\n<p>&nbsp;<\/p>\n<p>&nbsp;<\/p>\n<p>P: <strong>En su investigaci\u00f3n sobre segregaci\u00f3n residencial, \u00bfcu\u00e1les considera que son los mecanismos m\u00e1s persistentes que siguen reproduciendo la desigualdad racial en Estados Unidos?<\/strong><\/p>\n<p>&nbsp;<\/p>\n<p>&nbsp;<\/p>\n<p>R: <em><strong>Los prejuicios y la discriminaci\u00f3n no fueron eliminados por la legislaci\u00f3n de derechos civiles ni por las decisiones judiciales, pero se volvieron menos intensos y menos visibles, y la tolerancia de los blancos hacia sus vecinos negros aument\u00f3 en cierta medida. La segregaci\u00f3n racial disminuy\u00f3 en las \u00e1reas metropolitanas con poblaciones negras relativamente peque\u00f1as y acomodadas, que no se percib\u00edan como muy amenazantes. Sin embargo, en zonas con grandes poblaciones negras y guetos empobrecidos, los niveles de segregaci\u00f3n permanecieron estancados en niveles muy altos.<\/strong><\/em><\/p>\n<p>&nbsp;<\/p>\n<p>&nbsp;<\/p>\n<p><em><strong>\u201cBajo la presidencia de Trump, resurgieron las expresiones abiertas de prejuicio y la discriminaci\u00f3n se volvi\u00f3 m\u00e1s expl\u00edcita. \u201c<\/strong><\/em><\/p>\n<p>&nbsp;<\/p>\n<p>&nbsp;<\/p>\n<p><em><strong>Bajo la presidencia de Trump, por supuesto, resurgieron las expresiones abiertas de prejuicio y la discriminaci\u00f3n se volvi\u00f3 m\u00e1s expl\u00edcita. A\u00fan es demasiado pronto para saber cu\u00e1les ser\u00e1n los efectos de este resurgimiento, pero cabe se\u00f1alar que Trump orden\u00f3 al Departamento de Vivienda y Desarrollo Urbano y al Departamento de Justicia que dejaran de aplicar la Ley de Vivienda Justa. Adem\u00e1s, en las d\u00e9cadas posteriores a 1970, las normativas locales de zonificaci\u00f3n del uso del suelo se han convertido en un factor determinante tanto de la segregaci\u00f3n de clase como de la racial. Las \u00e1reas metropolitanas donde las ciudades centrales est\u00e1n rodeadas de suburbios con restricciones estrictas a la densidad residencial son mucho m\u00e1s segregadas que aquellas con reg\u00edmenes de zonificaci\u00f3n m\u00e1s permisivos, y esta relaci\u00f3n es claramente causal.<\/strong><\/em><\/p>\n<p>&nbsp;<\/p>\n<p>&nbsp;<\/p>\n<p>P:<strong> El mundo ha cambiado con fen\u00f3menos como el cambio clim\u00e1tico, nuevas guerras o la globalizaci\u00f3n digital. \u00bfQu\u00e9 nuevos patrones migratorios observa que no estaban presentes hace 20 o 30 a\u00f1os?<\/strong><\/p>\n<p>&nbsp;<\/p>\n<p>&nbsp;<\/p>\n<p>R: <em><strong>Parece que hemos entrado en una etapa de revuelta popular contra la globalizaci\u00f3n, impulsada por la creciente fragilidad del sistema de mercado global, el aumento de la desigualdad dentro de los pa\u00edses y los cambios en el equilibrio de poder entre naciones, con tensiones amplificadas por las dislocaciones asociadas al cambio clim\u00e1tico. En todo el mundo, el comercio internacional se ha estancado, la democracia est\u00e1 en retroceso y el populismo nacionalista autocr\u00e1tico en ascenso.<\/strong><\/em><\/p>\n<p>&nbsp;<\/p>\n<p>&nbsp;<\/p>\n<p><strong><em>\u201cEn todo el mundo, el comercio internacional se ha estancado, la democracia est\u00e1 en retroceso y el populismo nacionalista autocr\u00e1tico en ascenso.\u201c<\/em><\/strong><\/p>\n<p>&nbsp;<\/p>\n<p>&nbsp;<\/p>\n<p><strong><em>Bajo el ataque directo de Estados Unidos durante la presidencia de Trump, el sistema de mercado global basado en un comercio e inversi\u00f3n pac\u00edficos se est\u00e1 desmoronando, aumentan los niveles de violencia entre pa\u00edses, civil y criminal, y el calentamiento global se acelera. El resultado es una creciente marea de emigraci\u00f3n forzada en todo el mundo, en la que los migrantes que buscan escapar de amenazas en sus pa\u00edses de origen est\u00e1n desplazando cada vez m\u00e1s a los migrantes que buscan acceder a oportunidades en la econom\u00eda global. Cada vez m\u00e1s, los migrantes no buscan mejores empleos y mayores ingresos como trabajadores, sino seguridad y protecci\u00f3n como refugiados y solicitantes de asilo.<\/em><\/strong><\/p>\n<p>&nbsp;<\/p>\n<p>&nbsp;<\/p>\n<p>P:<strong>\u00bfC\u00f3mo explicar\u00eda la paradoja de que muchos pa\u00edses ricos necesitan la mano de obra inmigrante para sostener sus econom\u00edas y sistemas de bienestar, mientras al mismo tiempo adoptan pol\u00edticas restrictivas contra la inmigraci\u00f3n?<\/strong><\/p>\n<p>&nbsp;<\/p>\n<p>&nbsp;<\/p>\n<p>&nbsp;<\/p>\n<p>R:<em><strong> Los seres humanos a menudo desean de manera irrealizable lo que no es posible en la pr\u00e1ctica. Los arquitectos de la globalizaci\u00f3n posindustrial dise\u00f1aron un sistema de mercado global en el que las mercanc\u00edas, bienes, capitales, informaci\u00f3n y servicios pod\u00edan cruzar libremente las fronteras, pero las personas no.<\/strong><\/em><\/p>\n<p>&nbsp;<\/p>\n<p><em><strong>\u201cDado que los migrantes en situaci\u00f3n irregular son t\u00e9cnicamente \u201cilegales\u201d, resulta f\u00e1cil demonizarlos como criminales y delincuentes.\u201c<\/strong><\/em><\/p>\n<p>&nbsp;<\/p>\n<p><em><strong>Las restricciones a la movilidad transfronteriza de trabajadores cualificados y, especialmente, no cualificados, llevaron a la segmentaci\u00f3n de los mercados globales de trabajo y capital humano, impidiendo que alcanzaran un equilibrio y favoreciendo la aparici\u00f3n de migraci\u00f3n temporal en r\u00e9gimen de semiesclavitud e inmigraci\u00f3n no autorizada. Dado que los migrantes en situaci\u00f3n irregular son t\u00e9cnicamente \u201cilegales\u201d, resulta f\u00e1cil demonizarlos como criminales y delincuentes, y presentarlos como una amenaza para la sociedad, lo que allana el camino a los demagogos populistas en todo el mundo desarrollado.<\/strong><\/em><\/p>\n<p>&nbsp;<\/p>\n<p>&nbsp;<\/p>\n<p><em><strong>P: Gran parte de su trabajo se centra en Estados Unidos, pero \u00bfqu\u00e9 paralelismos o diferencias destacar\u00eda entre las din\u00e1micas migratorias en Am\u00e9rica y las de Europa, especialmente Espa\u00f1a?<\/strong><\/em><\/p>\n<p>&nbsp;<\/p>\n<p>&nbsp;<\/p>\n<p><em><strong>R: Estados Unidos es un caso especial porque es el \u00fanico pa\u00eds que comenz\u00f3 como una sociedad esclavista racializada, con una Constituci\u00f3n redactada por esclavistas y dise\u00f1ada no solo para permitir la existencia de la esclavitud, sino para perpetuarla indefinidamente. La raza y la racializaci\u00f3n est\u00e1n incorporadas de manera \u00fanica en la estructura de la sociedad estadounidense y en el tejido de la vida americana.<\/strong><\/em><\/p>\n<p>&nbsp;<\/p>\n<p>&nbsp;<\/p>\n<p><em><strong>\u201cEn Estados Unidos tenemos una Constituci\u00f3n que facilita el auge del populismo nacionalista.\u201c<\/strong><\/em><\/p>\n<p>&nbsp;<\/p>\n<p>&nbsp;<\/p>\n<p>Tenemos una Constituci\u00f3n poco manejable que otorga un enorme poder a los estados frente al gobierno federal y que concede una gran capacidad de influencia a una minor\u00eda de la poblaci\u00f3n estadounidense que vive en un gran n\u00famero de estados peque\u00f1os, permiti\u00e9ndoles bloquear cambios progresistas deseados por una mayor\u00eda de la poblaci\u00f3n que reside en un n\u00famero m\u00e1s reducido de estados grandes, lo que facilita el auge del populismo nacionalista.<\/p>\n<p>&nbsp;<\/p>\n<p>&nbsp;<\/p>\n<p>&nbsp;<\/p>\n<p>PUBLICADO EL 20 DE OCTUBRE DE 2025 Con informaci\u00f3n de Samuel A. Pilar\/RTVE)<\/p>\n","protected":false},"excerpt":{"rendered":"<p>&nbsp; El prestigioso investigador estadounidense recibir\u00e1 el Premio Princesa de Asturias de Ciencias Sociales 2025&#8230;<\/p>\n","protected":false},"author":1,"featured_media":226783,"comment_status":"open","ping_status":"open","sticky":false,"template":"","format":"standard","meta":{"_monsterinsights_skip_tracking":false,"_monsterinsights_sitenote_active":false,"_monsterinsights_sitenote_note":"","_monsterinsights_sitenote_category":0,"footnotes":""},"categories":[12],"tags":[],"class_list":["post"],"yoast_head":" \n<title>Sonora en Equipo. &quot;La Constituci\u00f3n de EE.UU. est\u00e1 dise\u00f1ada para perpetuar la esclavitud&quot;: Douglas Massey, soci\u00f3logo Especiales<\/title>\n<meta name=\"description\" content=\"&nbsp; El prestigioso investigador estadounidense recibir\u00e1 el Premio Princesa de Asturias de Ciencias Sociales 2025 En una entrevista concedida a RTVE.es, En Sonora en Equipo publicamos toda la informaci\u00f3n de Sonora, M\u00e9xico y el Mundo de manera oportuna y busca que la libertad de expresi\u00f3n sea real. Visita nuestro medio informativo publicado desde Hermosillo, Sonora. %\" \/>\n<meta name=\"robots\" content=\"index, follow, max-snippet:-1, max-image-preview:large, max-video-preview:-1\" \/>\n<link rel=\"canonical\" href=\"https:\/\/www.sonoraenequipo.com.mx\/la-constitucion-de-ee-uu-esta-disenada-para-perpetuar-la-esclavitud-douglas-massey-sociologo\/\" \/>\n<meta property=\"og:locale\" content=\"es_ES\" \/>\n<meta property=\"og:type\" content=\"article\" \/>\n<meta property=\"og:title\" content=\"Sonora en Equipo. &quot;La Constituci\u00f3n de EE.UU. est\u00e1 dise\u00f1ada para perpetuar la esclavitud&quot;: Douglas Massey, soci\u00f3logo Especiales\" \/>\n<meta property=\"og:description\" content=\"&nbsp; El prestigioso investigador estadounidense recibir\u00e1 el Premio Princesa de Asturias de Ciencias Sociales 2025 En una entrevista concedida a RTVE.es, En Sonora en Equipo publicamos toda la informaci\u00f3n de Sonora, M\u00e9xico y el Mundo de manera oportuna y busca que la libertad de expresi\u00f3n sea real. Visita nuestro medio informativo publicado desde Hermosillo, Sonora. %\" \/>\n<meta property=\"og:url\" content=\"https:\/\/www.sonoraenequipo.com.mx\/la-constitucion-de-ee-uu-esta-disenada-para-perpetuar-la-esclavitud-douglas-massey-sociologo\/\" \/>\n<meta property=\"og:site_name\" content=\"Sonora en Equipo.\" \/>\n<meta property=\"article:publisher\" content=\"https:\/\/www.facebook.com\/SonoraEE\/\" \/>\n<meta property=\"article:author\" content=\"https:\/\/www.facebook.com\/SonoraEE\" \/>\n<meta property=\"article:published_time\" content=\"2025-10-21T02:10:49+00:00\" \/>\n<meta property=\"og:image\" content=\"https:\/\/www.sonoraenequipo.com.mx\/storage\/2025\/10\/Douglas-Massey-sociologo-min.jpg\" \/>\n\t<meta property=\"og:image:width\" content=\"1240\" \/>\n\t<meta property=\"og:image:height\" content=\"686\" \/>\n\t<meta property=\"og:image:type\" content=\"image\/jpeg\" \/>\n<meta name=\"author\" content=\"enequipo\" \/>\n<meta name=\"twitter:card\" content=\"summary_large_image\" \/>\n<meta name=\"twitter:creator\" content=\"@sonoraenequipo\" \/>\n<meta name=\"twitter:site\" content=\"@sonoraenequipo\" \/>\n<meta name=\"twitter:label1\" content=\"Escrito por\" \/>\n\t<meta name=\"twitter:data1\" content=\"enequipo\" \/>\n\t<meta name=\"twitter:label2\" content=\"Tiempo de lectura\" \/>\n\t<meta name=\"twitter:data2\" content=\"8 minutos\" \/>\n<script type=\"application\/ld+json\" class=\"yoast-schema-graph\">{\"@context\":\"https:\/\/schema.org\",\"@graph\":[{\"@type\":\"Article\",\"@id\":\"https:\/\/www.sonoraenequipo.com.mx\/la-constitucion-de-ee-uu-esta-disenada-para-perpetuar-la-esclavitud-douglas-massey-sociologo\/#article\",\"isPartOf\":{\"@id\":\"https:\/\/www.sonoraenequipo.com.mx\/la-constitucion-de-ee-uu-esta-disenada-para-perpetuar-la-esclavitud-douglas-massey-sociologo\/\"},\"author\":{\"name\":\"enequipo\",\"@id\":\"https:\/\/www.sonoraenequipo.com.mx\/#\/schema\/person\/50102df0fb23a8fa9e8effad8fa81386\"},\"headline\":\"\u00abLa Constituci\u00f3n de EE.UU. est\u00e1 dise\u00f1ada para perpetuar la esclavitud\u00bb: Douglas Massey, soci\u00f3logo\",\"datePublished\":\"2025-10-21T02:10:49+00:00\",\"mainEntityOfPage\":{\"@id\":\"https:\/\/www.sonoraenequipo.com.mx\/la-constitucion-de-ee-uu-esta-disenada-para-perpetuar-la-esclavitud-douglas-massey-sociologo\/\"},\"wordCount\":1684,\"commentCount\":0,\"publisher\":{\"@id\":\"https:\/\/www.sonoraenequipo.com.mx\/#organization\"},\"image\":{\"@id\":\"https:\/\/www.sonoraenequipo.com.mx\/la-constitucion-de-ee-uu-esta-disenada-para-perpetuar-la-esclavitud-douglas-massey-sociologo\/#primaryimage\"},\"thumbnailUrl\":\"https:\/\/www.sonoraenequipo.com.mx\/storage\/2025\/10\/Douglas-Massey-sociologo-min.jpg\",\"articleSection\":[\"Especiales\"],\"inLanguage\":\"es\",\"potentialAction\":[{\"@type\":\"CommentAction\",\"name\":\"Comment\",\"target\":[\"https:\/\/www.sonoraenequipo.com.mx\/la-constitucion-de-ee-uu-esta-disenada-para-perpetuar-la-esclavitud-douglas-massey-sociologo\/#respond\"]}]},{\"@type\":\"WebPage\",\"@id\":\"https:\/\/www.sonoraenequipo.com.mx\/la-constitucion-de-ee-uu-esta-disenada-para-perpetuar-la-esclavitud-douglas-massey-sociologo\/\",\"url\":\"https:\/\/www.sonoraenequipo.com.mx\/la-constitucion-de-ee-uu-esta-disenada-para-perpetuar-la-esclavitud-douglas-massey-sociologo\/\",\"name\":\"Sonora en Equipo. \\\"La Constituci\u00f3n de EE.UU. est\u00e1 dise\u00f1ada para perpetuar la esclavitud\\\": Douglas Massey, soci\u00f3logo Especiales\",\"isPartOf\":{\"@id\":\"https:\/\/www.sonoraenequipo.com.mx\/#website\"},\"primaryImageOfPage\":{\"@id\":\"https:\/\/www.sonoraenequipo.com.mx\/la-constitucion-de-ee-uu-esta-disenada-para-perpetuar-la-esclavitud-douglas-massey-sociologo\/#primaryimage\"},\"image\":{\"@id\":\"https:\/\/www.sonoraenequipo.com.mx\/la-constitucion-de-ee-uu-esta-disenada-para-perpetuar-la-esclavitud-douglas-massey-sociologo\/#primaryimage\"},\"thumbnailUrl\":\"https:\/\/www.sonoraenequipo.com.mx\/storage\/2025\/10\/Douglas-Massey-sociologo-min.jpg\",\"datePublished\":\"2025-10-21T02:10:49+00:00\",\"description\":\"&nbsp; El prestigioso investigador estadounidense recibir\u00e1 el Premio Princesa de Asturias de Ciencias Sociales 2025 En una entrevista concedida a RTVE.es, En Sonora en Equipo publicamos toda la informaci\u00f3n de Sonora, M\u00e9xico y el Mundo de manera oportuna y busca que la libertad de expresi\u00f3n sea real. Visita nuestro medio informativo publicado desde Hermosillo, Sonora. %\",\"breadcrumb\":{\"@id\":\"https:\/\/www.sonoraenequipo.com.mx\/la-constitucion-de-ee-uu-esta-disenada-para-perpetuar-la-esclavitud-douglas-massey-sociologo\/#breadcrumb\"},\"inLanguage\":\"es\",\"potentialAction\":[{\"@type\":\"ReadAction\",\"target\":[\"https:\/\/www.sonoraenequipo.com.mx\/la-constitucion-de-ee-uu-esta-disenada-para-perpetuar-la-esclavitud-douglas-massey-sociologo\/\"]}]},{\"@type\":\"ImageObject\",\"inLanguage\":\"es\",\"@id\":\"https:\/\/www.sonoraenequipo.com.mx\/la-constitucion-de-ee-uu-esta-disenada-para-perpetuar-la-esclavitud-douglas-massey-sociologo\/#primaryimage\",\"url\":\"https:\/\/www.sonoraenequipo.com.mx\/storage\/2025\/10\/Douglas-Massey-sociologo-min.jpg\",\"contentUrl\":\"https:\/\/www.sonoraenequipo.com.mx\/storage\/2025\/10\/Douglas-Massey-sociologo-min.jpg\",\"width\":1240,\"height\":686},{\"@type\":\"BreadcrumbList\",\"@id\":\"https:\/\/www.sonoraenequipo.com.mx\/la-constitucion-de-ee-uu-esta-disenada-para-perpetuar-la-esclavitud-douglas-massey-sociologo\/#breadcrumb\",\"itemListElement\":[{\"@type\":\"ListItem\",\"position\":1,\"name\":\"Portada\",\"item\":\"https:\/\/www.sonoraenequipo.com.mx\/\"},{\"@type\":\"ListItem\",\"position\":2,\"name\":\"\u00abLa Constituci\u00f3n de EE.UU. est\u00e1 dise\u00f1ada para perpetuar la esclavitud\u00bb: Douglas Massey, soci\u00f3logo\"}]},{\"@type\":\"WebSite\",\"@id\":\"https:\/\/www.sonoraenequipo.com.mx\/#website\",\"url\":\"https:\/\/www.sonoraenequipo.com.mx\/\",\"name\":\"Sonora en Equipo.\",\"description\":\"Diario en l\u00ednea con Noticias desde Hermosillo, Sonora\",\"publisher\":{\"@id\":\"https:\/\/www.sonoraenequipo.com.mx\/#organization\"},\"potentialAction\":[{\"@type\":\"SearchAction\",\"target\":{\"@type\":\"EntryPoint\",\"urlTemplate\":\"https:\/\/www.sonoraenequipo.com.mx\/?s={search_term_string}\"},\"query-input\":{\"@type\":\"PropertyValueSpecification\",\"valueRequired\":true,\"valueName\":\"search_term_string\"}}],\"inLanguage\":\"es\"},{\"@type\":\"Organization\",\"@id\":\"https:\/\/www.sonoraenequipo.com.mx\/#organization\",\"name\":\"Sonoraenequipo.com.mx\",\"url\":\"https:\/\/www.sonoraenequipo.com.mx\/\",\"logo\":{\"@type\":\"ImageObject\",\"inLanguage\":\"es\",\"@id\":\"https:\/\/www.sonoraenequipo.com.mx\/#\/schema\/logo\/image\/\",\"url\":\"https:\/\/www.sonoraenequipo.com.mx\/storage\/2019\/01\/sonoraenequipo_opt.png\",\"contentUrl\":\"https:\/\/www.sonoraenequipo.com.mx\/storage\/2019\/01\/sonoraenequipo_opt.png\",\"width\":375,\"height\":125,\"caption\":\"Sonoraenequipo.com.mx\"},\"image\":{\"@id\":\"https:\/\/www.sonoraenequipo.com.mx\/#\/schema\/logo\/image\/\"},\"sameAs\":[\"https:\/\/www.facebook.com\/SonoraEE\/\",\"https:\/\/x.com\/sonoraenequipo\",\"https:\/\/www.youtube.com\/channel\/UC338nW-lPEYmJQs4ZABQ1SQ\"]},{\"@type\":\"Person\",\"@id\":\"https:\/\/www.sonoraenequipo.com.mx\/#\/schema\/person\/50102df0fb23a8fa9e8effad8fa81386\",\"name\":\"enequipo\",\"image\":{\"@type\":\"ImageObject\",\"inLanguage\":\"es\",\"@id\":\"https:\/\/www.sonoraenequipo.com.mx\/#\/schema\/person\/image\/\",\"url\":\"https:\/\/secure.gravatar.com\/avatar\/049821681b589dabc0bc20695993ccebb09f5b5d4d790cd9251b97faac7c652b?s=96&d=blank&r=g\",\"contentUrl\":\"https:\/\/secure.gravatar.com\/avatar\/049821681b589dabc0bc20695993ccebb09f5b5d4d790cd9251b97faac7c652b?s=96&d=blank&r=g\",\"caption\":\"enequipo\"},\"sameAs\":[\"https:\/\/www.facebook.com\/SonoraEE\"]}]}<\/script>\n ","yoast_head_json":{"title":"Sonora en Equipo. \"La Constituci\u00f3n de EE.UU. est\u00e1 dise\u00f1ada para perpetuar la esclavitud\": Douglas Massey, soci\u00f3logo Especiales","description":"&nbsp; El prestigioso investigador estadounidense recibir\u00e1 el Premio Princesa de Asturias de Ciencias Sociales 2025 En una entrevista concedida a RTVE.es, En Sonora en Equipo publicamos toda la informaci\u00f3n de Sonora, M\u00e9xico y el Mundo de manera oportuna y busca que la libertad de expresi\u00f3n sea real. Visita nuestro medio informativo publicado desde Hermosillo, Sonora. %","robots":{"index":"index","follow":"follow","max-snippet":"max-snippet:-1","max-image-preview":"max-image-preview:large","max-video-preview":"max-video-preview:-1"},"canonical":"https:\/\/www.sonoraenequipo.com.mx\/la-constitucion-de-ee-uu-esta-disenada-para-perpetuar-la-esclavitud-douglas-massey-sociologo\/","og_locale":"es_ES","og_type":"article","og_title":"Sonora en Equipo. \"La Constituci\u00f3n de EE.UU. est\u00e1 dise\u00f1ada para perpetuar la esclavitud\": Douglas Massey, soci\u00f3logo Especiales","og_description":"&nbsp; El prestigioso investigador estadounidense recibir\u00e1 el Premio Princesa de Asturias de Ciencias Sociales 2025 En una entrevista concedida a RTVE.es, En Sonora en Equipo publicamos toda la informaci\u00f3n de Sonora, M\u00e9xico y el Mundo de manera oportuna y busca que la libertad de expresi\u00f3n sea real. Visita nuestro medio informativo publicado desde Hermosillo, Sonora. %","og_url":"https:\/\/www.sonoraenequipo.com.mx\/la-constitucion-de-ee-uu-esta-disenada-para-perpetuar-la-esclavitud-douglas-massey-sociologo\/","og_site_name":"Sonora en Equipo.","article_publisher":"https:\/\/www.facebook.com\/SonoraEE\/","article_author":"https:\/\/www.facebook.com\/SonoraEE","article_published_time":"2025-10-21T02:10:49+00:00","og_image":[{"width":1240,"height":686,"url":"https:\/\/www.sonoraenequipo.com.mx\/storage\/2025\/10\/Douglas-Massey-sociologo-min.jpg","type":"image\/jpeg"}],"author":"enequipo","twitter_card":"summary_large_image","twitter_creator":"@sonoraenequipo","twitter_site":"@sonoraenequipo","twitter_misc":{"Escrito por":"enequipo","Tiempo de lectura":"8 minutos"},"schema":{"@context":"https:\/\/schema.org","@graph":[{"@type":"Article","@id":"https:\/\/www.sonoraenequipo.com.mx\/la-constitucion-de-ee-uu-esta-disenada-para-perpetuar-la-esclavitud-douglas-massey-sociologo\/#article","isPartOf":{"@id":"https:\/\/www.sonoraenequipo.com.mx\/la-constitucion-de-ee-uu-esta-disenada-para-perpetuar-la-esclavitud-douglas-massey-sociologo\/"},"author":{"name":"enequipo","@id":"https:\/\/www.sonoraenequipo.com.mx\/#\/schema\/person\/50102df0fb23a8fa9e8effad8fa81386"},"headline":"\u00abLa Constituci\u00f3n de EE.UU. est\u00e1 dise\u00f1ada para perpetuar la esclavitud\u00bb: Douglas Massey, soci\u00f3logo","datePublished":"2025-10-21T02:10:49+00:00","mainEntityOfPage":{"@id":"https:\/\/www.sonoraenequipo.com.mx\/la-constitucion-de-ee-uu-esta-disenada-para-perpetuar-la-esclavitud-douglas-massey-sociologo\/"},"wordCount":1684,"commentCount":0,"publisher":{"@id":"https:\/\/www.sonoraenequipo.com.mx\/#organization"},"image":{"@id":"https:\/\/www.sonoraenequipo.com.mx\/la-constitucion-de-ee-uu-esta-disenada-para-perpetuar-la-esclavitud-douglas-massey-sociologo\/#primaryimage"},"thumbnailUrl":"https:\/\/www.sonoraenequipo.com.mx\/storage\/2025\/10\/Douglas-Massey-sociologo-min.jpg","articleSection":["Especiales"],"inLanguage":"es","potentialAction":[{"@type":"CommentAction","name":"Comment","target":["https:\/\/www.sonoraenequipo.com.mx\/la-constitucion-de-ee-uu-esta-disenada-para-perpetuar-la-esclavitud-douglas-massey-sociologo\/#respond"]}]},{"@type":"WebPage","@id":"https:\/\/www.sonoraenequipo.com.mx\/la-constitucion-de-ee-uu-esta-disenada-para-perpetuar-la-esclavitud-douglas-massey-sociologo\/","url":"https:\/\/www.sonoraenequipo.com.mx\/la-constitucion-de-ee-uu-esta-disenada-para-perpetuar-la-esclavitud-douglas-massey-sociologo\/","name":"Sonora en Equipo. \"La Constituci\u00f3n de EE.UU. est\u00e1 dise\u00f1ada para perpetuar la esclavitud\": Douglas Massey, soci\u00f3logo Especiales","isPartOf":{"@id":"https:\/\/www.sonoraenequipo.com.mx\/#website"},"primaryImageOfPage":{"@id":"https:\/\/www.sonoraenequipo.com.mx\/la-constitucion-de-ee-uu-esta-disenada-para-perpetuar-la-esclavitud-douglas-massey-sociologo\/#primaryimage"},"image":{"@id":"https:\/\/www.sonoraenequipo.com.mx\/la-constitucion-de-ee-uu-esta-disenada-para-perpetuar-la-esclavitud-douglas-massey-sociologo\/#primaryimage"},"thumbnailUrl":"https:\/\/www.sonoraenequipo.com.mx\/storage\/2025\/10\/Douglas-Massey-sociologo-min.jpg","datePublished":"2025-10-21T02:10:49+00:00","description":"&nbsp; El prestigioso investigador estadounidense recibir\u00e1 el Premio Princesa de Asturias de Ciencias Sociales 2025 En una entrevista concedida a RTVE.es, En Sonora en Equipo publicamos toda la informaci\u00f3n de Sonora, M\u00e9xico y el Mundo de manera oportuna y busca que la libertad de expresi\u00f3n sea real. Visita nuestro medio informativo publicado desde Hermosillo, Sonora. %","breadcrumb":{"@id":"https:\/\/www.sonoraenequipo.com.mx\/la-constitucion-de-ee-uu-esta-disenada-para-perpetuar-la-esclavitud-douglas-massey-sociologo\/#breadcrumb"},"inLanguage":"es","potentialAction":[{"@type":"ReadAction","target":["https:\/\/www.sonoraenequipo.com.mx\/la-constitucion-de-ee-uu-esta-disenada-para-perpetuar-la-esclavitud-douglas-massey-sociologo\/"]}]},{"@type":"ImageObject","inLanguage":"es","@id":"https:\/\/www.sonoraenequipo.com.mx\/la-constitucion-de-ee-uu-esta-disenada-para-perpetuar-la-esclavitud-douglas-massey-sociologo\/#primaryimage","url":"https:\/\/www.sonoraenequipo.com.mx\/storage\/2025\/10\/Douglas-Massey-sociologo-min.jpg","contentUrl":"https:\/\/www.sonoraenequipo.com.mx\/storage\/2025\/10\/Douglas-Massey-sociologo-min.jpg","width":1240,"height":686},{"@type":"BreadcrumbList","@id":"https:\/\/www.sonoraenequipo.com.mx\/la-constitucion-de-ee-uu-esta-disenada-para-perpetuar-la-esclavitud-douglas-massey-sociologo\/#breadcrumb","itemListElement":[{"@type":"ListItem","position":1,"name":"Portada","item":"https:\/\/www.sonoraenequipo.com.mx\/"},{"@type":"ListItem","position":2,"name":"\u00abLa Constituci\u00f3n de EE.UU. est\u00e1 dise\u00f1ada para perpetuar la esclavitud\u00bb: Douglas Massey, soci\u00f3logo"}]},{"@type":"WebSite","@id":"https:\/\/www.sonoraenequipo.com.mx\/#website","url":"https:\/\/www.sonoraenequipo.com.mx\/","name":"Sonora en Equipo.","description":"Diario en l\u00ednea con Noticias desde Hermosillo, Sonora","publisher":{"@id":"https:\/\/www.sonoraenequipo.com.mx\/#organization"},"potentialAction":[{"@type":"SearchAction","target":{"@type":"EntryPoint","urlTemplate":"https:\/\/www.sonoraenequipo.com.mx\/?s={search_term_string}"},"query-input":{"@type":"PropertyValueSpecification","valueRequired":true,"valueName":"search_term_string"}}],"inLanguage":"es"},{"@type":"Organization","@id":"https:\/\/www.sonoraenequipo.com.mx\/#organization","name":"Sonoraenequipo.com.mx","url":"https:\/\/www.sonoraenequipo.com.mx\/","logo":{"@type":"ImageObject","inLanguage":"es","@id":"https:\/\/www.sonoraenequipo.com.mx\/#\/schema\/logo\/image\/","url":"https:\/\/www.sonoraenequipo.com.mx\/storage\/2019\/01\/sonoraenequipo_opt.png","contentUrl":"https:\/\/www.sonoraenequipo.com.mx\/storage\/2019\/01\/sonoraenequipo_opt.png","width":375,"height":125,"caption":"Sonoraenequipo.com.mx"},"image":{"@id":"https:\/\/www.sonoraenequipo.com.mx\/#\/schema\/logo\/image\/"},"sameAs":["https:\/\/www.facebook.com\/SonoraEE\/","https:\/\/x.com\/sonoraenequipo","https:\/\/www.youtube.com\/channel\/UC338nW-lPEYmJQs4ZABQ1SQ"]},{"@type":"Person","@id":"https:\/\/www.sonoraenequipo.com.mx\/#\/schema\/person\/50102df0fb23a8fa9e8effad8fa81386","name":"enequipo","image":{"@type":"ImageObject","inLanguage":"es","@id":"https:\/\/www.sonoraenequipo.com.mx\/#\/schema\/person\/image\/","url":"https:\/\/secure.gravatar.com\/avatar\/049821681b589dabc0bc20695993ccebb09f5b5d4d790cd9251b97faac7c652b?s=96&d=blank&r=g","contentUrl":"https:\/\/secure.gravatar.com\/avatar\/049821681b589dabc0bc20695993ccebb09f5b5d4d790cd9251b97faac7c652b?s=96&d=blank&r=g","caption":"enequipo"},"sameAs":["https:\/\/www.facebook.com\/SonoraEE"]}]}},"jetpack_featured_media_url":"https:\/\/www.sonoraenequipo.com.mx\/storage\/2025\/10\/Douglas-Massey-sociologo-min.jpg","_links":{"self":[{"href":"https:\/\/www.sonoraenequipo.com.mx\/api\/wp\/v2\/posts\/226815","targetHints":{"allow":["GET"]}}],"collection":[{"href":"https:\/\/www.sonoraenequipo.com.mx\/api\/wp\/v2\/posts"}],"about":[{"href":"https:\/\/www.sonoraenequipo.com.mx\/api\/wp\/v2\/types\/post"}],"author":[{"embeddable":true,"href":"https:\/\/www.sonoraenequipo.com.mx\/api\/wp\/v2\/users\/1"}],"replies":[{"embeddable":true,"href":"https:\/\/www.sonoraenequipo.com.mx\/api\/wp\/v2\/comments?post=226815"}],"version-history":[{"count":1,"href":"https:\/\/www.sonoraenequipo.com.mx\/api\/wp\/v2\/posts\/226815\/revisions"}],"predecessor-version":[{"id":226816,"href":"https:\/\/www.sonoraenequipo.com.mx\/api\/wp\/v2\/posts\/226815\/revisions\/226816"}],"wp:featuredmedia":[{"embeddable":true,"href":"https:\/\/www.sonoraenequipo.com.mx\/api\/wp\/v2\/media\/226783"}],"wp:attachment":[{"href":"https:\/\/www.sonoraenequipo.com.mx\/api\/wp\/v2\/media?parent=226815"}],"wp:term":[{"taxonomy":"category","embeddable":true,"href":"https:\/\/www.sonoraenequipo.com.mx\/api\/wp\/v2\/categories?post=226815"},{"taxonomy":"post_tag","embeddable":true,"href":"https:\/\/www.sonoraenequipo.com.mx\/api\/wp\/v2\/tags?post=226815"}],"curies":[{"name":"wp","href":"https:\/\/api.w.org\/{rel}","templated":true}]}}