{"id":226818,"date":"2025-10-20T20:24:06","date_gmt":"2025-10-21T03:24:06","guid":{"rendered":"https:\/\/www.sonoraenequipo.com.mx\/?p=226818"},"modified":"2025-10-20T21:00:04","modified_gmt":"2025-10-21T04:00:04","slug":"llama-gabriela-felix-a-tomar-decisiones-informadas-sobre-medio-ambiente-durante-encuentro-internacional-de-la-relecc","status":"publish","type":"post","link":"https:\/\/www.sonoraenequipo.com.mx\/llama-gabriela-felix-a-tomar-decisiones-informadas-sobre-medio-ambiente-durante-encuentro-internacional-de-la-relecc\/","title":{"rendered":"Llama Gabriela F\u00e9lix a tomar decisiones informadas sobre medio ambiente durante encuentro internacional de la RELECC"},"content":{"rendered":"<p>Llama Gabriela F\u00e9lix a tomar decisiones informadas sobre medio ambiente durante encuentro internacional de la RELECC<\/p>\n<p><strong>HERMOSILLO, SONORA, MX.<\/strong> \u2014 <strong>\u00a0<\/strong>La diputada Gabriela F\u00e9lix, integrante de la Mesa Directiva de la Red de Legisladores Estatales para el Cambio Clim\u00e1tico (RELECC), particip\u00f3 en el Di\u00e1logo Clim\u00e1tico organizado por la Agencia de Cooperaci\u00f3n Alemana (GIZ) y en la Segunda Asamblea General de la red, ambos encuentros realizados en la Ciudad de M\u00e9xico, los d\u00edas 13 y 14 de octubre.<\/p>\n<p>&nbsp;<\/p>\n<p>El Di\u00e1logo Clim\u00e1tico, encabezado por el Embajador de Alemania en M\u00e9xico, el Dr. Clemens von Goetze; la Dra. Lorena Gudi\u00f1o, Coordinadora de la Alianza Mexicana-Alemana de Cambio Clim\u00e1tico (Alianza IV); y la Dip. Marisa Ortiz, Presidenta de la Mesa Directiva de la RELECC, reuni\u00f3 a representantes de gobiernos estatales, organismos internacionales y redes de cooperaci\u00f3n. El objetivo fue construir una visi\u00f3n com\u00fan para enfrentar los desaf\u00edos de la Resiliencia Justa Subnacional (RJS) y analizar las oportunidades que ofrece la Iniciativa CHAMP, una coalici\u00f3n internacional que impulsa la cooperaci\u00f3n multinivel para la acci\u00f3n clim\u00e1tica.<\/p>\n<p>&nbsp;<\/p>\n<p>Gabriela F\u00e9lix destac\u00f3 que estos espacios fortalecen el compromiso de las y los legisladores de todo el pa\u00eds para dise\u00f1ar pol\u00edticas con visi\u00f3n ambiental y responsabilidad social, sobre todo en un momento en el que las decisiones gubernamentales y las pol\u00edticas p\u00fablicas en Sonora han generado un amplio debate por su posible impacto en el medio ambiente.<\/p>\n<p>&nbsp;<\/p>\n<p>\u201cEn Sonora enfrentamos una crisis h\u00eddrica que exige decisiones informadas, no improvisadas. Cualquier proyecto que afecte nuestros ecosistemas, como la construcci\u00f3n de nuevas presas o los cambios en el uso de suelo, debe sustentarse en estudios serios y en una evaluaci\u00f3n real de los riesgos que implican para las comunidades y el medio ambiente\u201d, se\u00f1al\u00f3.<\/p>\n<p>&nbsp;<\/p>\n<p>El Embajador von Goetze coincidi\u00f3 en la urgencia de actuar frente al cambio clim\u00e1tico, al se\u00f1alar que \u201ces un problema muy visible; lo vemos en las recientes inundaciones en estados como Veracruz, Hidalgo, Puebla y Quer\u00e9taro, con consecuencias graves y tristes. Por eso, es motivo de orgullo ver c\u00f3mo los estados trabajan con el apoyo de la cooperaci\u00f3n alemana en estos esfuerzos para proteger el medio ambiente.\u201d<\/p>\n<p>&nbsp;<\/p>\n<p>Un d\u00eda despu\u00e9s, la legisladora sonorense particip\u00f3 en la Segunda Asamblea General de la RELECC, donde se presentaron los planes de trabajo directivos y regionales, se analizaron los avances en legislaci\u00f3n clim\u00e1tica y se tom\u00f3 protesta a las nuevas coordinaciones regionales.<\/p>\n<p>&nbsp;<\/p>\n<p>Gabriela F\u00e9lix resalt\u00f3 que la labor de la red permite vincular la agenda legislativa estatal con los compromisos internacionales de M\u00e9xico, fortaleciendo la acci\u00f3n local ante un reto global como el cambio clim\u00e1tico.<\/p>\n<p>&nbsp;<\/p>\n<p>Finalmente, Gabriela F\u00e9lix subray\u00f3 que el cuidado del medio ambiente seguir\u00e1 siendo una de las prioridades en su agenda legislativa y que mantendr\u00e1 un seguimiento constante de las decisiones que se tomen en Sonora en esta materia, con el objetivo de evaluar sus impactos a largo plazo y asegurar que se act\u00fae con responsabilidad y visi\u00f3n sustentable.<\/p>\n<p><strong>Fecha de publicaci\u00f3n lunes 20 de octubre de 2025<\/strong><\/p>\n<p>&nbsp;<\/p>\n","protected":false},"excerpt":{"rendered":"<p>Llama Gabriela F\u00e9lix a tomar decisiones informadas sobre medio ambiente durante encuentro internacional de la&#8230;<\/p>\n","protected":false},"author":1,"featured_media":226819,"comment_status":"open","ping_status":"open","sticky":false,"template":"","format":"standard","meta":{"_monsterinsights_skip_tracking":false,"_monsterinsights_sitenote_active":false,"_monsterinsights_sitenote_note":"","_monsterinsights_sitenote_category":0,"footnotes":""},"categories":[3281],"tags":[11779,11953],"class_list":["post"],"yoast_head":" \n<title>Sonora en Equipo. Llama Gabriela F\u00e9lix a tomar decisiones informadas sobre medio ambiente durante encuentro internacional de la RELECC Congreso<\/title>\n<meta name=\"description\" content=\"Llama Gabriela F\u00e9lix a tomar decisiones informadas sobre medio ambiente durante encuentro internacional de la RELECC HERMOSILLO, SONORA, MX. \u2014 \u00a0La En Sonora en Equipo publicamos toda la informaci\u00f3n de Sonora, M\u00e9xico y el Mundo de manera oportuna y busca que la libertad de expresi\u00f3n sea real. Visita nuestro medio informativo publicado desde Hermosillo, Sonora. %\" \/>\n<meta name=\"robots\" content=\"index, follow, max-snippet:-1, max-image-preview:large, max-video-preview:-1\" \/>\n<link rel=\"canonical\" href=\"https:\/\/www.sonoraenequipo.com.mx\/llama-gabriela-felix-a-tomar-decisiones-informadas-sobre-medio-ambiente-durante-encuentro-internacional-de-la-relecc\/\" \/>\n<meta property=\"og:locale\" content=\"es_ES\" \/>\n<meta property=\"og:type\" content=\"article\" \/>\n<meta property=\"og:title\" content=\"Sonora en Equipo. Llama Gabriela F\u00e9lix a tomar decisiones informadas sobre medio ambiente durante encuentro internacional de la RELECC Congreso\" \/>\n<meta property=\"og:description\" content=\"Llama Gabriela F\u00e9lix a tomar decisiones informadas sobre medio ambiente durante encuentro internacional de la RELECC HERMOSILLO, SONORA, MX. \u2014 \u00a0La En Sonora en Equipo publicamos toda la informaci\u00f3n de Sonora, M\u00e9xico y el Mundo de manera oportuna y busca que la libertad de expresi\u00f3n sea real. Visita nuestro medio informativo publicado desde Hermosillo, Sonora. %\" \/>\n<meta property=\"og:url\" content=\"https:\/\/www.sonoraenequipo.com.mx\/llama-gabriela-felix-a-tomar-decisiones-informadas-sobre-medio-ambiente-durante-encuentro-internacional-de-la-relecc\/\" \/>\n<meta property=\"og:site_name\" content=\"Sonora en Equipo.\" \/>\n<meta property=\"article:publisher\" content=\"https:\/\/www.facebook.com\/SonoraEE\/\" \/>\n<meta property=\"article:author\" content=\"https:\/\/www.facebook.com\/SonoraEE\" \/>\n<meta property=\"article:published_time\" content=\"2025-10-21T03:24:06+00:00\" \/>\n<meta property=\"article:modified_time\" content=\"2025-10-21T04:00:04+00:00\" \/>\n<meta property=\"og:image\" content=\"https:\/\/www.sonoraenequipo.com.mx\/storage\/2025\/10\/GF-relecc.jpg\" \/>\n\t<meta property=\"og:image:width\" content=\"600\" \/>\n\t<meta property=\"og:image:height\" content=\"400\" \/>\n\t<meta property=\"og:image:type\" content=\"image\/jpeg\" \/>\n<meta name=\"author\" content=\"enequipo\" \/>\n<meta name=\"twitter:card\" content=\"summary_large_image\" \/>\n<meta name=\"twitter:creator\" content=\"@sonoraenequipo\" \/>\n<meta name=\"twitter:site\" content=\"@sonoraenequipo\" \/>\n<meta name=\"twitter:label1\" content=\"Escrito por\" \/>\n\t<meta name=\"twitter:data1\" content=\"enequipo\" \/>\n\t<meta name=\"twitter:label2\" content=\"Tiempo de lectura\" \/>\n\t<meta name=\"twitter:data2\" content=\"3 minutos\" \/>\n<script type=\"application\/ld+json\" class=\"yoast-schema-graph\">{\"@context\":\"https:\/\/schema.org\",\"@graph\":[{\"@type\":\"Article\",\"@id\":\"https:\/\/www.sonoraenequipo.com.mx\/llama-gabriela-felix-a-tomar-decisiones-informadas-sobre-medio-ambiente-durante-encuentro-internacional-de-la-relecc\/#article\",\"isPartOf\":{\"@id\":\"https:\/\/www.sonoraenequipo.com.mx\/llama-gabriela-felix-a-tomar-decisiones-informadas-sobre-medio-ambiente-durante-encuentro-internacional-de-la-relecc\/\"},\"author\":{\"name\":\"enequipo\",\"@id\":\"https:\/\/www.sonoraenequipo.com.mx\/#\/schema\/person\/50102df0fb23a8fa9e8effad8fa81386\"},\"headline\":\"Llama Gabriela F\u00e9lix a tomar decisiones informadas sobre medio ambiente durante encuentro internacional de la RELECC\",\"datePublished\":\"2025-10-21T03:24:06+00:00\",\"dateModified\":\"2025-10-21T04:00:04+00:00\",\"mainEntityOfPage\":{\"@id\":\"https:\/\/www.sonoraenequipo.com.mx\/llama-gabriela-felix-a-tomar-decisiones-informadas-sobre-medio-ambiente-durante-encuentro-internacional-de-la-relecc\/\"},\"wordCount\":558,\"commentCount\":0,\"publisher\":{\"@id\":\"https:\/\/www.sonoraenequipo.com.mx\/#organization\"},\"image\":{\"@id\":\"https:\/\/www.sonoraenequipo.com.mx\/llama-gabriela-felix-a-tomar-decisiones-informadas-sobre-medio-ambiente-durante-encuentro-internacional-de-la-relecc\/#primaryimage\"},\"thumbnailUrl\":\"https:\/\/www.sonoraenequipo.com.mx\/storage\/2025\/10\/GF-relecc.jpg\",\"keywords\":[\"Gabriela F\u00e9lix\",\"relecc\"],\"articleSection\":[\"Congreso\"],\"inLanguage\":\"es\",\"potentialAction\":[{\"@type\":\"CommentAction\",\"name\":\"Comment\",\"target\":[\"https:\/\/www.sonoraenequipo.com.mx\/llama-gabriela-felix-a-tomar-decisiones-informadas-sobre-medio-ambiente-durante-encuentro-internacional-de-la-relecc\/#respond\"]}]},{\"@type\":\"WebPage\",\"@id\":\"https:\/\/www.sonoraenequipo.com.mx\/llama-gabriela-felix-a-tomar-decisiones-informadas-sobre-medio-ambiente-durante-encuentro-internacional-de-la-relecc\/\",\"url\":\"https:\/\/www.sonoraenequipo.com.mx\/llama-gabriela-felix-a-tomar-decisiones-informadas-sobre-medio-ambiente-durante-encuentro-internacional-de-la-relecc\/\",\"name\":\"Sonora en Equipo. Llama Gabriela F\u00e9lix a tomar decisiones informadas sobre medio ambiente durante encuentro internacional de la RELECC Congreso\",\"isPartOf\":{\"@id\":\"https:\/\/www.sonoraenequipo.com.mx\/#website\"},\"primaryImageOfPage\":{\"@id\":\"https:\/\/www.sonoraenequipo.com.mx\/llama-gabriela-felix-a-tomar-decisiones-informadas-sobre-medio-ambiente-durante-encuentro-internacional-de-la-relecc\/#primaryimage\"},\"image\":{\"@id\":\"https:\/\/www.sonoraenequipo.com.mx\/llama-gabriela-felix-a-tomar-decisiones-informadas-sobre-medio-ambiente-durante-encuentro-internacional-de-la-relecc\/#primaryimage\"},\"thumbnailUrl\":\"https:\/\/www.sonoraenequipo.com.mx\/storage\/2025\/10\/GF-relecc.jpg\",\"datePublished\":\"2025-10-21T03:24:06+00:00\",\"dateModified\":\"2025-10-21T04:00:04+00:00\",\"description\":\"Llama Gabriela F\u00e9lix a tomar decisiones informadas sobre medio ambiente durante encuentro internacional de la RELECC HERMOSILLO, SONORA, MX. \u2014 \u00a0La En Sonora en Equipo publicamos toda la informaci\u00f3n de Sonora, M\u00e9xico y el Mundo de manera oportuna y busca que la libertad de expresi\u00f3n sea real. Visita nuestro medio informativo publicado desde Hermosillo, Sonora. %\",\"breadcrumb\":{\"@id\":\"https:\/\/www.sonoraenequipo.com.mx\/llama-gabriela-felix-a-tomar-decisiones-informadas-sobre-medio-ambiente-durante-encuentro-internacional-de-la-relecc\/#breadcrumb\"},\"inLanguage\":\"es\",\"potentialAction\":[{\"@type\":\"ReadAction\",\"target\":[\"https:\/\/www.sonoraenequipo.com.mx\/llama-gabriela-felix-a-tomar-decisiones-informadas-sobre-medio-ambiente-durante-encuentro-internacional-de-la-relecc\/\"]}]},{\"@type\":\"ImageObject\",\"inLanguage\":\"es\",\"@id\":\"https:\/\/www.sonoraenequipo.com.mx\/llama-gabriela-felix-a-tomar-decisiones-informadas-sobre-medio-ambiente-durante-encuentro-internacional-de-la-relecc\/#primaryimage\",\"url\":\"https:\/\/www.sonoraenequipo.com.mx\/storage\/2025\/10\/GF-relecc.jpg\",\"contentUrl\":\"https:\/\/www.sonoraenequipo.com.mx\/storage\/2025\/10\/GF-relecc.jpg\",\"width\":600,\"height\":400},{\"@type\":\"BreadcrumbList\",\"@id\":\"https:\/\/www.sonoraenequipo.com.mx\/llama-gabriela-felix-a-tomar-decisiones-informadas-sobre-medio-ambiente-durante-encuentro-internacional-de-la-relecc\/#breadcrumb\",\"itemListElement\":[{\"@type\":\"ListItem\",\"position\":1,\"name\":\"Portada\",\"item\":\"https:\/\/www.sonoraenequipo.com.mx\/\"},{\"@type\":\"ListItem\",\"position\":2,\"name\":\"Llama Gabriela F\u00e9lix a tomar decisiones informadas sobre medio ambiente durante encuentro internacional de la RELECC\"}]},{\"@type\":\"WebSite\",\"@id\":\"https:\/\/www.sonoraenequipo.com.mx\/#website\",\"url\":\"https:\/\/www.sonoraenequipo.com.mx\/\",\"name\":\"Sonora en Equipo.\",\"description\":\"Diario en l\u00ednea con Noticias desde Hermosillo, Sonora\",\"publisher\":{\"@id\":\"https:\/\/www.sonoraenequipo.com.mx\/#organization\"},\"potentialAction\":[{\"@type\":\"SearchAction\",\"target\":{\"@type\":\"EntryPoint\",\"urlTemplate\":\"https:\/\/www.sonoraenequipo.com.mx\/?s={search_term_string}\"},\"query-input\":{\"@type\":\"PropertyValueSpecification\",\"valueRequired\":true,\"valueName\":\"search_term_string\"}}],\"inLanguage\":\"es\"},{\"@type\":\"Organization\",\"@id\":\"https:\/\/www.sonoraenequipo.com.mx\/#organization\",\"name\":\"Sonoraenequipo.com.mx\",\"url\":\"https:\/\/www.sonoraenequipo.com.mx\/\",\"logo\":{\"@type\":\"ImageObject\",\"inLanguage\":\"es\",\"@id\":\"https:\/\/www.sonoraenequipo.com.mx\/#\/schema\/logo\/image\/\",\"url\":\"https:\/\/www.sonoraenequipo.com.mx\/storage\/2019\/01\/sonoraenequipo_opt.png\",\"contentUrl\":\"https:\/\/www.sonoraenequipo.com.mx\/storage\/2019\/01\/sonoraenequipo_opt.png\",\"width\":375,\"height\":125,\"caption\":\"Sonoraenequipo.com.mx\"},\"image\":{\"@id\":\"https:\/\/www.sonoraenequipo.com.mx\/#\/schema\/logo\/image\/\"},\"sameAs\":[\"https:\/\/www.facebook.com\/SonoraEE\/\",\"https:\/\/x.com\/sonoraenequipo\",\"https:\/\/www.youtube.com\/channel\/UC338nW-lPEYmJQs4ZABQ1SQ\"]},{\"@type\":\"Person\",\"@id\":\"https:\/\/www.sonoraenequipo.com.mx\/#\/schema\/person\/50102df0fb23a8fa9e8effad8fa81386\",\"name\":\"enequipo\",\"image\":{\"@type\":\"ImageObject\",\"inLanguage\":\"es\",\"@id\":\"https:\/\/www.sonoraenequipo.com.mx\/#\/schema\/person\/image\/\",\"url\":\"https:\/\/secure.gravatar.com\/avatar\/049821681b589dabc0bc20695993ccebb09f5b5d4d790cd9251b97faac7c652b?s=96&d=blank&r=g\",\"contentUrl\":\"https:\/\/secure.gravatar.com\/avatar\/049821681b589dabc0bc20695993ccebb09f5b5d4d790cd9251b97faac7c652b?s=96&d=blank&r=g\",\"caption\":\"enequipo\"},\"sameAs\":[\"https:\/\/www.facebook.com\/SonoraEE\"]}]}<\/script>\n ","yoast_head_json":{"title":"Sonora en Equipo. Llama Gabriela F\u00e9lix a tomar decisiones informadas sobre medio ambiente durante encuentro internacional de la RELECC Congreso","description":"Llama Gabriela F\u00e9lix a tomar decisiones informadas sobre medio ambiente durante encuentro internacional de la RELECC HERMOSILLO, SONORA, MX. \u2014 \u00a0La En Sonora en Equipo publicamos toda la informaci\u00f3n de Sonora, M\u00e9xico y el Mundo de manera oportuna y busca que la libertad de expresi\u00f3n sea real. Visita nuestro medio informativo publicado desde Hermosillo, Sonora. %","robots":{"index":"index","follow":"follow","max-snippet":"max-snippet:-1","max-image-preview":"max-image-preview:large","max-video-preview":"max-video-preview:-1"},"canonical":"https:\/\/www.sonoraenequipo.com.mx\/llama-gabriela-felix-a-tomar-decisiones-informadas-sobre-medio-ambiente-durante-encuentro-internacional-de-la-relecc\/","og_locale":"es_ES","og_type":"article","og_title":"Sonora en Equipo. Llama Gabriela F\u00e9lix a tomar decisiones informadas sobre medio ambiente durante encuentro internacional de la RELECC Congreso","og_description":"Llama Gabriela F\u00e9lix a tomar decisiones informadas sobre medio ambiente durante encuentro internacional de la RELECC HERMOSILLO, SONORA, MX. \u2014 \u00a0La En Sonora en Equipo publicamos toda la informaci\u00f3n de Sonora, M\u00e9xico y el Mundo de manera oportuna y busca que la libertad de expresi\u00f3n sea real. Visita nuestro medio informativo publicado desde Hermosillo, Sonora. %","og_url":"https:\/\/www.sonoraenequipo.com.mx\/llama-gabriela-felix-a-tomar-decisiones-informadas-sobre-medio-ambiente-durante-encuentro-internacional-de-la-relecc\/","og_site_name":"Sonora en Equipo.","article_publisher":"https:\/\/www.facebook.com\/SonoraEE\/","article_author":"https:\/\/www.facebook.com\/SonoraEE","article_published_time":"2025-10-21T03:24:06+00:00","article_modified_time":"2025-10-21T04:00:04+00:00","og_image":[{"width":600,"height":400,"url":"https:\/\/www.sonoraenequipo.com.mx\/storage\/2025\/10\/GF-relecc.jpg","type":"image\/jpeg"}],"author":"enequipo","twitter_card":"summary_large_image","twitter_creator":"@sonoraenequipo","twitter_site":"@sonoraenequipo","twitter_misc":{"Escrito por":"enequipo","Tiempo de lectura":"3 minutos"},"schema":{"@context":"https:\/\/schema.org","@graph":[{"@type":"Article","@id":"https:\/\/www.sonoraenequipo.com.mx\/llama-gabriela-felix-a-tomar-decisiones-informadas-sobre-medio-ambiente-durante-encuentro-internacional-de-la-relecc\/#article","isPartOf":{"@id":"https:\/\/www.sonoraenequipo.com.mx\/llama-gabriela-felix-a-tomar-decisiones-informadas-sobre-medio-ambiente-durante-encuentro-internacional-de-la-relecc\/"},"author":{"name":"enequipo","@id":"https:\/\/www.sonoraenequipo.com.mx\/#\/schema\/person\/50102df0fb23a8fa9e8effad8fa81386"},"headline":"Llama Gabriela F\u00e9lix a tomar decisiones informadas sobre medio ambiente durante encuentro internacional de la RELECC","datePublished":"2025-10-21T03:24:06+00:00","dateModified":"2025-10-21T04:00:04+00:00","mainEntityOfPage":{"@id":"https:\/\/www.sonoraenequipo.com.mx\/llama-gabriela-felix-a-tomar-decisiones-informadas-sobre-medio-ambiente-durante-encuentro-internacional-de-la-relecc\/"},"wordCount":558,"commentCount":0,"publisher":{"@id":"https:\/\/www.sonoraenequipo.com.mx\/#organization"},"image":{"@id":"https:\/\/www.sonoraenequipo.com.mx\/llama-gabriela-felix-a-tomar-decisiones-informadas-sobre-medio-ambiente-durante-encuentro-internacional-de-la-relecc\/#primaryimage"},"thumbnailUrl":"https:\/\/www.sonoraenequipo.com.mx\/storage\/2025\/10\/GF-relecc.jpg","keywords":["Gabriela F\u00e9lix","relecc"],"articleSection":["Congreso"],"inLanguage":"es","potentialAction":[{"@type":"CommentAction","name":"Comment","target":["https:\/\/www.sonoraenequipo.com.mx\/llama-gabriela-felix-a-tomar-decisiones-informadas-sobre-medio-ambiente-durante-encuentro-internacional-de-la-relecc\/#respond"]}]},{"@type":"WebPage","@id":"https:\/\/www.sonoraenequipo.com.mx\/llama-gabriela-felix-a-tomar-decisiones-informadas-sobre-medio-ambiente-durante-encuentro-internacional-de-la-relecc\/","url":"https:\/\/www.sonoraenequipo.com.mx\/llama-gabriela-felix-a-tomar-decisiones-informadas-sobre-medio-ambiente-durante-encuentro-internacional-de-la-relecc\/","name":"Sonora en Equipo. Llama Gabriela F\u00e9lix a tomar decisiones informadas sobre medio ambiente durante encuentro internacional de la RELECC Congreso","isPartOf":{"@id":"https:\/\/www.sonoraenequipo.com.mx\/#website"},"primaryImageOfPage":{"@id":"https:\/\/www.sonoraenequipo.com.mx\/llama-gabriela-felix-a-tomar-decisiones-informadas-sobre-medio-ambiente-durante-encuentro-internacional-de-la-relecc\/#primaryimage"},"image":{"@id":"https:\/\/www.sonoraenequipo.com.mx\/llama-gabriela-felix-a-tomar-decisiones-informadas-sobre-medio-ambiente-durante-encuentro-internacional-de-la-relecc\/#primaryimage"},"thumbnailUrl":"https:\/\/www.sonoraenequipo.com.mx\/storage\/2025\/10\/GF-relecc.jpg","datePublished":"2025-10-21T03:24:06+00:00","dateModified":"2025-10-21T04:00:04+00:00","description":"Llama Gabriela F\u00e9lix a tomar decisiones informadas sobre medio ambiente durante encuentro internacional de la RELECC HERMOSILLO, SONORA, MX. \u2014 \u00a0La En Sonora en Equipo publicamos toda la informaci\u00f3n de Sonora, M\u00e9xico y el Mundo de manera oportuna y busca que la libertad de expresi\u00f3n sea real. Visita nuestro medio informativo publicado desde Hermosillo, Sonora. %","breadcrumb":{"@id":"https:\/\/www.sonoraenequipo.com.mx\/llama-gabriela-felix-a-tomar-decisiones-informadas-sobre-medio-ambiente-durante-encuentro-internacional-de-la-relecc\/#breadcrumb"},"inLanguage":"es","potentialAction":[{"@type":"ReadAction","target":["https:\/\/www.sonoraenequipo.com.mx\/llama-gabriela-felix-a-tomar-decisiones-informadas-sobre-medio-ambiente-durante-encuentro-internacional-de-la-relecc\/"]}]},{"@type":"ImageObject","inLanguage":"es","@id":"https:\/\/www.sonoraenequipo.com.mx\/llama-gabriela-felix-a-tomar-decisiones-informadas-sobre-medio-ambiente-durante-encuentro-internacional-de-la-relecc\/#primaryimage","url":"https:\/\/www.sonoraenequipo.com.mx\/storage\/2025\/10\/GF-relecc.jpg","contentUrl":"https:\/\/www.sonoraenequipo.com.mx\/storage\/2025\/10\/GF-relecc.jpg","width":600,"height":400},{"@type":"BreadcrumbList","@id":"https:\/\/www.sonoraenequipo.com.mx\/llama-gabriela-felix-a-tomar-decisiones-informadas-sobre-medio-ambiente-durante-encuentro-internacional-de-la-relecc\/#breadcrumb","itemListElement":[{"@type":"ListItem","position":1,"name":"Portada","item":"https:\/\/www.sonoraenequipo.com.mx\/"},{"@type":"ListItem","position":2,"name":"Llama Gabriela F\u00e9lix a tomar decisiones informadas sobre medio ambiente durante encuentro internacional de la RELECC"}]},{"@type":"WebSite","@id":"https:\/\/www.sonoraenequipo.com.mx\/#website","url":"https:\/\/www.sonoraenequipo.com.mx\/","name":"Sonora en Equipo.","description":"Diario en l\u00ednea con Noticias desde Hermosillo, Sonora","publisher":{"@id":"https:\/\/www.sonoraenequipo.com.mx\/#organization"},"potentialAction":[{"@type":"SearchAction","target":{"@type":"EntryPoint","urlTemplate":"https:\/\/www.sonoraenequipo.com.mx\/?s={search_term_string}"},"query-input":{"@type":"PropertyValueSpecification","valueRequired":true,"valueName":"search_term_string"}}],"inLanguage":"es"},{"@type":"Organization","@id":"https:\/\/www.sonoraenequipo.com.mx\/#organization","name":"Sonoraenequipo.com.mx","url":"https:\/\/www.sonoraenequipo.com.mx\/","logo":{"@type":"ImageObject","inLanguage":"es","@id":"https:\/\/www.sonoraenequipo.com.mx\/#\/schema\/logo\/image\/","url":"https:\/\/www.sonoraenequipo.com.mx\/storage\/2019\/01\/sonoraenequipo_opt.png","contentUrl":"https:\/\/www.sonoraenequipo.com.mx\/storage\/2019\/01\/sonoraenequipo_opt.png","width":375,"height":125,"caption":"Sonoraenequipo.com.mx"},"image":{"@id":"https:\/\/www.sonoraenequipo.com.mx\/#\/schema\/logo\/image\/"},"sameAs":["https:\/\/www.facebook.com\/SonoraEE\/","https:\/\/x.com\/sonoraenequipo","https:\/\/www.youtube.com\/channel\/UC338nW-lPEYmJQs4ZABQ1SQ"]},{"@type":"Person","@id":"https:\/\/www.sonoraenequipo.com.mx\/#\/schema\/person\/50102df0fb23a8fa9e8effad8fa81386","name":"enequipo","image":{"@type":"ImageObject","inLanguage":"es","@id":"https:\/\/www.sonoraenequipo.com.mx\/#\/schema\/person\/image\/","url":"https:\/\/secure.gravatar.com\/avatar\/049821681b589dabc0bc20695993ccebb09f5b5d4d790cd9251b97faac7c652b?s=96&d=blank&r=g","contentUrl":"https:\/\/secure.gravatar.com\/avatar\/049821681b589dabc0bc20695993ccebb09f5b5d4d790cd9251b97faac7c652b?s=96&d=blank&r=g","caption":"enequipo"},"sameAs":["https:\/\/www.facebook.com\/SonoraEE"]}]}},"jetpack_featured_media_url":"https:\/\/www.sonoraenequipo.com.mx\/storage\/2025\/10\/GF-relecc.jpg","_links":{"self":[{"href":"https:\/\/www.sonoraenequipo.com.mx\/api\/wp\/v2\/posts\/226818","targetHints":{"allow":["GET"]}}],"collection":[{"href":"https:\/\/www.sonoraenequipo.com.mx\/api\/wp\/v2\/posts"}],"about":[{"href":"https:\/\/www.sonoraenequipo.com.mx\/api\/wp\/v2\/types\/post"}],"author":[{"embeddable":true,"href":"https:\/\/www.sonoraenequipo.com.mx\/api\/wp\/v2\/users\/1"}],"replies":[{"embeddable":true,"href":"https:\/\/www.sonoraenequipo.com.mx\/api\/wp\/v2\/comments?post=226818"}],"version-history":[{"count":1,"href":"https:\/\/www.sonoraenequipo.com.mx\/api\/wp\/v2\/posts\/226818\/revisions"}],"predecessor-version":[{"id":226820,"href":"https:\/\/www.sonoraenequipo.com.mx\/api\/wp\/v2\/posts\/226818\/revisions\/226820"}],"wp:featuredmedia":[{"embeddable":true,"href":"https:\/\/www.sonoraenequipo.com.mx\/api\/wp\/v2\/media\/226819"}],"wp:attachment":[{"href":"https:\/\/www.sonoraenequipo.com.mx\/api\/wp\/v2\/media?parent=226818"}],"wp:term":[{"taxonomy":"category","embeddable":true,"href":"https:\/\/www.sonoraenequipo.com.mx\/api\/wp\/v2\/categories?post=226818"},{"taxonomy":"post_tag","embeddable":true,"href":"https:\/\/www.sonoraenequipo.com.mx\/api\/wp\/v2\/tags?post=226818"}],"curies":[{"name":"wp","href":"https:\/\/api.w.org\/{rel}","templated":true}]}}