{"id":226826,"date":"2025-10-20T21:09:57","date_gmt":"2025-10-21T04:09:57","guid":{"rendered":"https:\/\/www.sonoraenequipo.com.mx\/?p=226826"},"modified":"2025-10-20T21:16:42","modified_gmt":"2025-10-21T04:16:42","slug":"se-promueve-la-convivencia-y-el-aprendizaje-con-actividades-culturales-y-ambientales-en-el-bosque-urbano-la-sauceda","status":"publish","type":"post","link":"https:\/\/www.sonoraenequipo.com.mx\/se-promueve-la-convivencia-y-el-aprendizaje-con-actividades-culturales-y-ambientales-en-el-bosque-urbano-la-sauceda\/","title":{"rendered":"Se promueve la convivencia y el aprendizaje en el Bosque Urbano La Sauceda"},"content":{"rendered":"<p><strong>HERMOSILLO, SONORA.MX. \u2014 <\/strong>\u00a0El Gobierno de Sonora, a trav\u00e9s del Bosque Urbano La Sauceda, llev\u00f3 a cabo un fin de semana lleno de actividades culturales, ambientales y recreativas que fomentaron la participaci\u00f3n familiar y el aprendizaje en comunidad.<\/p>\n<p>&nbsp;<\/p>\n<p>&nbsp;<\/p>\n<p> <\/p>\n<p>Las jornadas iniciaron el viernes 17 de octubre con el Econversando \u201cDegradaci\u00f3n y desertificaci\u00f3n\u201d, impartido por el ingeniero Gabriel Rodr\u00edguez Pineda, donde las y los asistentes reflexionaron sobre la importancia de cuidar nuestros ecosistemas frente a los efectos del cambio clim\u00e1tico.<\/p>\n<p>&nbsp;<\/p>\n<p>&nbsp;<\/p>\n<p>&nbsp;<\/p>\n<p>Ese mismo d\u00eda se realiz\u00f3 el taller de danza a\u00e9rea para personas adultas, una experiencia que invita a explorar nuevas formas de movimiento y expresi\u00f3n corporal.<\/p>\n<p>&nbsp;<\/p>\n<p><img loading=\"lazy\" decoding=\"async\" class=\"x-center size-full \" src=\"https:\/\/www.sonoraenequipo.com.mx\/storage\/2025\/10\/promueve-convivencia-y-aprendizaje-con-actividades-culturales-y-ambientale-min.jpg\" alt=\"\" width=\"1000\" height=\"750\" \/>El s\u00e1bado 18 de octubre continu\u00f3 con la jornada de limpieza y reforestaci\u00f3n, adem\u00e1s del taller de calaveras de cart\u00f3n, una actividad creativa que promueve la participaci\u00f3n familiar en torno a las tradiciones del D\u00eda de Muertos. Tambi\u00e9n se llev\u00f3 a cabo el taller de danza a\u00e9rea para ni\u00f1as y ni\u00f1os, donde los participantes desarrollaron coordinaci\u00f3n, equilibrio y confianza a trav\u00e9s del arte del movimiento.<\/p>\n<p>&nbsp;<\/p>\n<p>&nbsp;<\/p>\n<p>&nbsp;<\/p>\n<p>Por la tarde, el programa Peque\u00f1os Guardabosques ofreci\u00f3 la din\u00e1mica \u201cMini gu\u00eda de plantas nativas\u201d, acercando a las infancias a la riqueza natural del bosque urbano.<\/p>\n<p>&nbsp;<\/p>\n<p>&nbsp;<\/p>\n<p>&nbsp;<\/p>\n<p>El domingo 19 de octubre las actividades continuaron con una nueva jornada de reforestaci\u00f3n, el taller de calaveras de cart\u00f3n y el ya tradicional Domingo Chill, que en esta ocasi\u00f3n marc\u00f3 el cierre de la Semana de la Discapacidad Visual. Durante esta edici\u00f3n, el p\u00fablico disfrut\u00f3 de una noche de m\u00fasica incluyente con artistas invitados y el Coro del Instituto Ir\u00eds, en un ambiente que celebr\u00f3 la empat\u00eda, la diversidad y el talento sin barreras.<\/p>\n<p>&nbsp;<\/p>\n<p>&nbsp;<\/p>\n<p><img loading=\"lazy\" decoding=\"async\" class=\"x-center size-full \" src=\"https:\/\/www.sonoraenequipo.com.mx\/storage\/2025\/10\/Gobierno-promueve-convivencia-y-aprendizaje-en-el-bosque-urbano-la-sauceda.-min.jpg\" alt=\"\" width=\"1174\" height=\"698\" \/>Adem\u00e1s, se contin\u00faa avanzando en la construcci\u00f3n de palapas de carrizo, parte del proyecto de bioconstrucci\u00f3n que aprovecha las estructuras existentes y materiales naturales para regenerar espacios de convivencia dentro del bosque urbano.<\/p>\n<p>&nbsp;<\/p>\n<p>&nbsp;<\/p>\n<p>&nbsp;<\/p>\n<p>Con estas acciones, el Gobierno de Sonora reafirma su compromiso con el fortalecimiento de espacios p\u00fablicos para la convivencia, la cultura y el cuidado ambiental, impulsando la regeneraci\u00f3n del Bosque Urbano La Sauceda como un punto de encuentro para todas y todos.<\/p>\n<p>&nbsp;<\/p>\n<p>&nbsp;<\/p>\n<p>&nbsp;<\/p>\n<p>PUBLICADO EL 20 DE OCTUBRE DE 2025 Con informaci\u00f3n de GOBSON 1025\/216)<\/p>\n","protected":false},"excerpt":{"rendered":"<p>HERMOSILLO, SONORA.MX. \u2014 \u00a0El Gobierno de Sonora, a trav\u00e9s del Bosque Urbano La Sauceda, llev\u00f3&#8230;<\/p>\n","protected":false},"author":1,"featured_media":226828,"comment_status":"open","ping_status":"open","sticky":false,"template":"","format":"standard","meta":{"_monsterinsights_skip_tracking":false,"_monsterinsights_sitenote_active":false,"_monsterinsights_sitenote_note":"","_monsterinsights_sitenote_category":0,"footnotes":""},"categories":[22],"tags":[],"class_list":["post"],"yoast_head":" \n<title>Sonora en Equipo. Se promueve la convivencia y el aprendizaje en el Bosque Urbano La Sauceda Sonora<\/title>\n<meta name=\"description\" content=\"HERMOSILLO, SONORA.MX. \u2014 \u00a0El Gobierno de Sonora, a trav\u00e9s del Bosque Urbano La Sauceda, llev\u00f3 a cabo un fin de semana lleno de actividades culturales, En Sonora en Equipo publicamos toda la informaci\u00f3n de Sonora, M\u00e9xico y el Mundo de manera oportuna y busca que la libertad de expresi\u00f3n sea real. Visita nuestro medio informativo publicado desde Hermosillo, Sonora. %\" \/>\n<meta name=\"robots\" content=\"index, follow, max-snippet:-1, max-image-preview:large, max-video-preview:-1\" \/>\n<link rel=\"canonical\" href=\"https:\/\/www.sonoraenequipo.com.mx\/se-promueve-la-convivencia-y-el-aprendizaje-con-actividades-culturales-y-ambientales-en-el-bosque-urbano-la-sauceda\/\" \/>\n<meta property=\"og:locale\" content=\"es_ES\" \/>\n<meta property=\"og:type\" content=\"article\" \/>\n<meta property=\"og:title\" content=\"Sonora en Equipo. Se promueve la convivencia y el aprendizaje en el Bosque Urbano La Sauceda Sonora\" \/>\n<meta property=\"og:description\" content=\"HERMOSILLO, SONORA.MX. \u2014 \u00a0El Gobierno de Sonora, a trav\u00e9s del Bosque Urbano La Sauceda, llev\u00f3 a cabo un fin de semana lleno de actividades culturales, En Sonora en Equipo publicamos toda la informaci\u00f3n de Sonora, M\u00e9xico y el Mundo de manera oportuna y busca que la libertad de expresi\u00f3n sea real. Visita nuestro medio informativo publicado desde Hermosillo, Sonora. %\" \/>\n<meta property=\"og:url\" content=\"https:\/\/www.sonoraenequipo.com.mx\/se-promueve-la-convivencia-y-el-aprendizaje-con-actividades-culturales-y-ambientales-en-el-bosque-urbano-la-sauceda\/\" \/>\n<meta property=\"og:site_name\" content=\"Sonora en Equipo.\" \/>\n<meta property=\"article:publisher\" content=\"https:\/\/www.facebook.com\/SonoraEE\/\" \/>\n<meta property=\"article:author\" content=\"https:\/\/www.facebook.com\/SonoraEE\" \/>\n<meta property=\"article:published_time\" content=\"2025-10-21T04:09:57+00:00\" \/>\n<meta property=\"article:modified_time\" content=\"2025-10-21T04:16:42+00:00\" \/>\n<meta property=\"og:image\" content=\"https:\/\/www.sonoraenequipo.com.mx\/storage\/2025\/10\/la-sauceda-min.jpg\" \/>\n\t<meta property=\"og:image:width\" content=\"1000\" \/>\n\t<meta property=\"og:image:height\" content=\"665\" \/>\n\t<meta property=\"og:image:type\" content=\"image\/jpeg\" \/>\n<meta name=\"author\" content=\"enequipo\" \/>\n<meta name=\"twitter:card\" content=\"summary_large_image\" \/>\n<meta name=\"twitter:creator\" content=\"@sonoraenequipo\" \/>\n<meta name=\"twitter:site\" content=\"@sonoraenequipo\" \/>\n<meta name=\"twitter:label1\" content=\"Escrito por\" \/>\n\t<meta name=\"twitter:data1\" content=\"enequipo\" \/>\n\t<meta name=\"twitter:label2\" content=\"Tiempo de lectura\" \/>\n\t<meta name=\"twitter:data2\" content=\"2 minutos\" \/>\n<script type=\"application\/ld+json\" class=\"yoast-schema-graph\">{\"@context\":\"https:\/\/schema.org\",\"@graph\":[{\"@type\":\"Article\",\"@id\":\"https:\/\/www.sonoraenequipo.com.mx\/se-promueve-la-convivencia-y-el-aprendizaje-con-actividades-culturales-y-ambientales-en-el-bosque-urbano-la-sauceda\/#article\",\"isPartOf\":{\"@id\":\"https:\/\/www.sonoraenequipo.com.mx\/se-promueve-la-convivencia-y-el-aprendizaje-con-actividades-culturales-y-ambientales-en-el-bosque-urbano-la-sauceda\/\"},\"author\":{\"name\":\"enequipo\",\"@id\":\"https:\/\/www.sonoraenequipo.com.mx\/#\/schema\/person\/50102df0fb23a8fa9e8effad8fa81386\"},\"headline\":\"Se promueve la convivencia y el aprendizaje en el Bosque Urbano La Sauceda\",\"datePublished\":\"2025-10-21T04:09:57+00:00\",\"dateModified\":\"2025-10-21T04:16:42+00:00\",\"mainEntityOfPage\":{\"@id\":\"https:\/\/www.sonoraenequipo.com.mx\/se-promueve-la-convivencia-y-el-aprendizaje-con-actividades-culturales-y-ambientales-en-el-bosque-urbano-la-sauceda\/\"},\"wordCount\":424,\"commentCount\":0,\"publisher\":{\"@id\":\"https:\/\/www.sonoraenequipo.com.mx\/#organization\"},\"image\":{\"@id\":\"https:\/\/www.sonoraenequipo.com.mx\/se-promueve-la-convivencia-y-el-aprendizaje-con-actividades-culturales-y-ambientales-en-el-bosque-urbano-la-sauceda\/#primaryimage\"},\"thumbnailUrl\":\"https:\/\/www.sonoraenequipo.com.mx\/storage\/2025\/10\/la-sauceda-min.jpg\",\"articleSection\":[\"Sonora\"],\"inLanguage\":\"es\",\"potentialAction\":[{\"@type\":\"CommentAction\",\"name\":\"Comment\",\"target\":[\"https:\/\/www.sonoraenequipo.com.mx\/se-promueve-la-convivencia-y-el-aprendizaje-con-actividades-culturales-y-ambientales-en-el-bosque-urbano-la-sauceda\/#respond\"]}]},{\"@type\":\"WebPage\",\"@id\":\"https:\/\/www.sonoraenequipo.com.mx\/se-promueve-la-convivencia-y-el-aprendizaje-con-actividades-culturales-y-ambientales-en-el-bosque-urbano-la-sauceda\/\",\"url\":\"https:\/\/www.sonoraenequipo.com.mx\/se-promueve-la-convivencia-y-el-aprendizaje-con-actividades-culturales-y-ambientales-en-el-bosque-urbano-la-sauceda\/\",\"name\":\"Sonora en Equipo. Se promueve la convivencia y el aprendizaje en el Bosque Urbano La Sauceda Sonora\",\"isPartOf\":{\"@id\":\"https:\/\/www.sonoraenequipo.com.mx\/#website\"},\"primaryImageOfPage\":{\"@id\":\"https:\/\/www.sonoraenequipo.com.mx\/se-promueve-la-convivencia-y-el-aprendizaje-con-actividades-culturales-y-ambientales-en-el-bosque-urbano-la-sauceda\/#primaryimage\"},\"image\":{\"@id\":\"https:\/\/www.sonoraenequipo.com.mx\/se-promueve-la-convivencia-y-el-aprendizaje-con-actividades-culturales-y-ambientales-en-el-bosque-urbano-la-sauceda\/#primaryimage\"},\"thumbnailUrl\":\"https:\/\/www.sonoraenequipo.com.mx\/storage\/2025\/10\/la-sauceda-min.jpg\",\"datePublished\":\"2025-10-21T04:09:57+00:00\",\"dateModified\":\"2025-10-21T04:16:42+00:00\",\"description\":\"HERMOSILLO, SONORA.MX. \u2014 \u00a0El Gobierno de Sonora, a trav\u00e9s del Bosque Urbano La Sauceda, llev\u00f3 a cabo un fin de semana lleno de actividades culturales, En Sonora en Equipo publicamos toda la informaci\u00f3n de Sonora, M\u00e9xico y el Mundo de manera oportuna y busca que la libertad de expresi\u00f3n sea real. Visita nuestro medio informativo publicado desde Hermosillo, Sonora. %\",\"breadcrumb\":{\"@id\":\"https:\/\/www.sonoraenequipo.com.mx\/se-promueve-la-convivencia-y-el-aprendizaje-con-actividades-culturales-y-ambientales-en-el-bosque-urbano-la-sauceda\/#breadcrumb\"},\"inLanguage\":\"es\",\"potentialAction\":[{\"@type\":\"ReadAction\",\"target\":[\"https:\/\/www.sonoraenequipo.com.mx\/se-promueve-la-convivencia-y-el-aprendizaje-con-actividades-culturales-y-ambientales-en-el-bosque-urbano-la-sauceda\/\"]}]},{\"@type\":\"ImageObject\",\"inLanguage\":\"es\",\"@id\":\"https:\/\/www.sonoraenequipo.com.mx\/se-promueve-la-convivencia-y-el-aprendizaje-con-actividades-culturales-y-ambientales-en-el-bosque-urbano-la-sauceda\/#primaryimage\",\"url\":\"https:\/\/www.sonoraenequipo.com.mx\/storage\/2025\/10\/la-sauceda-min.jpg\",\"contentUrl\":\"https:\/\/www.sonoraenequipo.com.mx\/storage\/2025\/10\/la-sauceda-min.jpg\",\"width\":1000,\"height\":665},{\"@type\":\"BreadcrumbList\",\"@id\":\"https:\/\/www.sonoraenequipo.com.mx\/se-promueve-la-convivencia-y-el-aprendizaje-con-actividades-culturales-y-ambientales-en-el-bosque-urbano-la-sauceda\/#breadcrumb\",\"itemListElement\":[{\"@type\":\"ListItem\",\"position\":1,\"name\":\"Portada\",\"item\":\"https:\/\/www.sonoraenequipo.com.mx\/\"},{\"@type\":\"ListItem\",\"position\":2,\"name\":\"Se promueve la convivencia y el aprendizaje en el Bosque Urbano La Sauceda\"}]},{\"@type\":\"WebSite\",\"@id\":\"https:\/\/www.sonoraenequipo.com.mx\/#website\",\"url\":\"https:\/\/www.sonoraenequipo.com.mx\/\",\"name\":\"Sonora en Equipo.\",\"description\":\"Diario en l\u00ednea con Noticias desde Hermosillo, Sonora\",\"publisher\":{\"@id\":\"https:\/\/www.sonoraenequipo.com.mx\/#organization\"},\"potentialAction\":[{\"@type\":\"SearchAction\",\"target\":{\"@type\":\"EntryPoint\",\"urlTemplate\":\"https:\/\/www.sonoraenequipo.com.mx\/?s={search_term_string}\"},\"query-input\":{\"@type\":\"PropertyValueSpecification\",\"valueRequired\":true,\"valueName\":\"search_term_string\"}}],\"inLanguage\":\"es\"},{\"@type\":\"Organization\",\"@id\":\"https:\/\/www.sonoraenequipo.com.mx\/#organization\",\"name\":\"Sonoraenequipo.com.mx\",\"url\":\"https:\/\/www.sonoraenequipo.com.mx\/\",\"logo\":{\"@type\":\"ImageObject\",\"inLanguage\":\"es\",\"@id\":\"https:\/\/www.sonoraenequipo.com.mx\/#\/schema\/logo\/image\/\",\"url\":\"https:\/\/www.sonoraenequipo.com.mx\/storage\/2019\/01\/sonoraenequipo_opt.png\",\"contentUrl\":\"https:\/\/www.sonoraenequipo.com.mx\/storage\/2019\/01\/sonoraenequipo_opt.png\",\"width\":375,\"height\":125,\"caption\":\"Sonoraenequipo.com.mx\"},\"image\":{\"@id\":\"https:\/\/www.sonoraenequipo.com.mx\/#\/schema\/logo\/image\/\"},\"sameAs\":[\"https:\/\/www.facebook.com\/SonoraEE\/\",\"https:\/\/x.com\/sonoraenequipo\",\"https:\/\/www.youtube.com\/channel\/UC338nW-lPEYmJQs4ZABQ1SQ\"]},{\"@type\":\"Person\",\"@id\":\"https:\/\/www.sonoraenequipo.com.mx\/#\/schema\/person\/50102df0fb23a8fa9e8effad8fa81386\",\"name\":\"enequipo\",\"image\":{\"@type\":\"ImageObject\",\"inLanguage\":\"es\",\"@id\":\"https:\/\/www.sonoraenequipo.com.mx\/#\/schema\/person\/image\/\",\"url\":\"https:\/\/secure.gravatar.com\/avatar\/049821681b589dabc0bc20695993ccebb09f5b5d4d790cd9251b97faac7c652b?s=96&d=blank&r=g\",\"contentUrl\":\"https:\/\/secure.gravatar.com\/avatar\/049821681b589dabc0bc20695993ccebb09f5b5d4d790cd9251b97faac7c652b?s=96&d=blank&r=g\",\"caption\":\"enequipo\"},\"sameAs\":[\"https:\/\/www.facebook.com\/SonoraEE\"]}]}<\/script>\n ","yoast_head_json":{"title":"Sonora en Equipo. Se promueve la convivencia y el aprendizaje en el Bosque Urbano La Sauceda Sonora","description":"HERMOSILLO, SONORA.MX. \u2014 \u00a0El Gobierno de Sonora, a trav\u00e9s del Bosque Urbano La Sauceda, llev\u00f3 a cabo un fin de semana lleno de actividades culturales, En Sonora en Equipo publicamos toda la informaci\u00f3n de Sonora, M\u00e9xico y el Mundo de manera oportuna y busca que la libertad de expresi\u00f3n sea real. Visita nuestro medio informativo publicado desde Hermosillo, Sonora. %","robots":{"index":"index","follow":"follow","max-snippet":"max-snippet:-1","max-image-preview":"max-image-preview:large","max-video-preview":"max-video-preview:-1"},"canonical":"https:\/\/www.sonoraenequipo.com.mx\/se-promueve-la-convivencia-y-el-aprendizaje-con-actividades-culturales-y-ambientales-en-el-bosque-urbano-la-sauceda\/","og_locale":"es_ES","og_type":"article","og_title":"Sonora en Equipo. Se promueve la convivencia y el aprendizaje en el Bosque Urbano La Sauceda Sonora","og_description":"HERMOSILLO, SONORA.MX. \u2014 \u00a0El Gobierno de Sonora, a trav\u00e9s del Bosque Urbano La Sauceda, llev\u00f3 a cabo un fin de semana lleno de actividades culturales, En Sonora en Equipo publicamos toda la informaci\u00f3n de Sonora, M\u00e9xico y el Mundo de manera oportuna y busca que la libertad de expresi\u00f3n sea real. Visita nuestro medio informativo publicado desde Hermosillo, Sonora. %","og_url":"https:\/\/www.sonoraenequipo.com.mx\/se-promueve-la-convivencia-y-el-aprendizaje-con-actividades-culturales-y-ambientales-en-el-bosque-urbano-la-sauceda\/","og_site_name":"Sonora en Equipo.","article_publisher":"https:\/\/www.facebook.com\/SonoraEE\/","article_author":"https:\/\/www.facebook.com\/SonoraEE","article_published_time":"2025-10-21T04:09:57+00:00","article_modified_time":"2025-10-21T04:16:42+00:00","og_image":[{"width":1000,"height":665,"url":"https:\/\/www.sonoraenequipo.com.mx\/storage\/2025\/10\/la-sauceda-min.jpg","type":"image\/jpeg"}],"author":"enequipo","twitter_card":"summary_large_image","twitter_creator":"@sonoraenequipo","twitter_site":"@sonoraenequipo","twitter_misc":{"Escrito por":"enequipo","Tiempo de lectura":"2 minutos"},"schema":{"@context":"https:\/\/schema.org","@graph":[{"@type":"Article","@id":"https:\/\/www.sonoraenequipo.com.mx\/se-promueve-la-convivencia-y-el-aprendizaje-con-actividades-culturales-y-ambientales-en-el-bosque-urbano-la-sauceda\/#article","isPartOf":{"@id":"https:\/\/www.sonoraenequipo.com.mx\/se-promueve-la-convivencia-y-el-aprendizaje-con-actividades-culturales-y-ambientales-en-el-bosque-urbano-la-sauceda\/"},"author":{"name":"enequipo","@id":"https:\/\/www.sonoraenequipo.com.mx\/#\/schema\/person\/50102df0fb23a8fa9e8effad8fa81386"},"headline":"Se promueve la convivencia y el aprendizaje en el Bosque Urbano La Sauceda","datePublished":"2025-10-21T04:09:57+00:00","dateModified":"2025-10-21T04:16:42+00:00","mainEntityOfPage":{"@id":"https:\/\/www.sonoraenequipo.com.mx\/se-promueve-la-convivencia-y-el-aprendizaje-con-actividades-culturales-y-ambientales-en-el-bosque-urbano-la-sauceda\/"},"wordCount":424,"commentCount":0,"publisher":{"@id":"https:\/\/www.sonoraenequipo.com.mx\/#organization"},"image":{"@id":"https:\/\/www.sonoraenequipo.com.mx\/se-promueve-la-convivencia-y-el-aprendizaje-con-actividades-culturales-y-ambientales-en-el-bosque-urbano-la-sauceda\/#primaryimage"},"thumbnailUrl":"https:\/\/www.sonoraenequipo.com.mx\/storage\/2025\/10\/la-sauceda-min.jpg","articleSection":["Sonora"],"inLanguage":"es","potentialAction":[{"@type":"CommentAction","name":"Comment","target":["https:\/\/www.sonoraenequipo.com.mx\/se-promueve-la-convivencia-y-el-aprendizaje-con-actividades-culturales-y-ambientales-en-el-bosque-urbano-la-sauceda\/#respond"]}]},{"@type":"WebPage","@id":"https:\/\/www.sonoraenequipo.com.mx\/se-promueve-la-convivencia-y-el-aprendizaje-con-actividades-culturales-y-ambientales-en-el-bosque-urbano-la-sauceda\/","url":"https:\/\/www.sonoraenequipo.com.mx\/se-promueve-la-convivencia-y-el-aprendizaje-con-actividades-culturales-y-ambientales-en-el-bosque-urbano-la-sauceda\/","name":"Sonora en Equipo. Se promueve la convivencia y el aprendizaje en el Bosque Urbano La Sauceda Sonora","isPartOf":{"@id":"https:\/\/www.sonoraenequipo.com.mx\/#website"},"primaryImageOfPage":{"@id":"https:\/\/www.sonoraenequipo.com.mx\/se-promueve-la-convivencia-y-el-aprendizaje-con-actividades-culturales-y-ambientales-en-el-bosque-urbano-la-sauceda\/#primaryimage"},"image":{"@id":"https:\/\/www.sonoraenequipo.com.mx\/se-promueve-la-convivencia-y-el-aprendizaje-con-actividades-culturales-y-ambientales-en-el-bosque-urbano-la-sauceda\/#primaryimage"},"thumbnailUrl":"https:\/\/www.sonoraenequipo.com.mx\/storage\/2025\/10\/la-sauceda-min.jpg","datePublished":"2025-10-21T04:09:57+00:00","dateModified":"2025-10-21T04:16:42+00:00","description":"HERMOSILLO, SONORA.MX. \u2014 \u00a0El Gobierno de Sonora, a trav\u00e9s del Bosque Urbano La Sauceda, llev\u00f3 a cabo un fin de semana lleno de actividades culturales, En Sonora en Equipo publicamos toda la informaci\u00f3n de Sonora, M\u00e9xico y el Mundo de manera oportuna y busca que la libertad de expresi\u00f3n sea real. Visita nuestro medio informativo publicado desde Hermosillo, Sonora. %","breadcrumb":{"@id":"https:\/\/www.sonoraenequipo.com.mx\/se-promueve-la-convivencia-y-el-aprendizaje-con-actividades-culturales-y-ambientales-en-el-bosque-urbano-la-sauceda\/#breadcrumb"},"inLanguage":"es","potentialAction":[{"@type":"ReadAction","target":["https:\/\/www.sonoraenequipo.com.mx\/se-promueve-la-convivencia-y-el-aprendizaje-con-actividades-culturales-y-ambientales-en-el-bosque-urbano-la-sauceda\/"]}]},{"@type":"ImageObject","inLanguage":"es","@id":"https:\/\/www.sonoraenequipo.com.mx\/se-promueve-la-convivencia-y-el-aprendizaje-con-actividades-culturales-y-ambientales-en-el-bosque-urbano-la-sauceda\/#primaryimage","url":"https:\/\/www.sonoraenequipo.com.mx\/storage\/2025\/10\/la-sauceda-min.jpg","contentUrl":"https:\/\/www.sonoraenequipo.com.mx\/storage\/2025\/10\/la-sauceda-min.jpg","width":1000,"height":665},{"@type":"BreadcrumbList","@id":"https:\/\/www.sonoraenequipo.com.mx\/se-promueve-la-convivencia-y-el-aprendizaje-con-actividades-culturales-y-ambientales-en-el-bosque-urbano-la-sauceda\/#breadcrumb","itemListElement":[{"@type":"ListItem","position":1,"name":"Portada","item":"https:\/\/www.sonoraenequipo.com.mx\/"},{"@type":"ListItem","position":2,"name":"Se promueve la convivencia y el aprendizaje en el Bosque Urbano La Sauceda"}]},{"@type":"WebSite","@id":"https:\/\/www.sonoraenequipo.com.mx\/#website","url":"https:\/\/www.sonoraenequipo.com.mx\/","name":"Sonora en Equipo.","description":"Diario en l\u00ednea con Noticias desde Hermosillo, Sonora","publisher":{"@id":"https:\/\/www.sonoraenequipo.com.mx\/#organization"},"potentialAction":[{"@type":"SearchAction","target":{"@type":"EntryPoint","urlTemplate":"https:\/\/www.sonoraenequipo.com.mx\/?s={search_term_string}"},"query-input":{"@type":"PropertyValueSpecification","valueRequired":true,"valueName":"search_term_string"}}],"inLanguage":"es"},{"@type":"Organization","@id":"https:\/\/www.sonoraenequipo.com.mx\/#organization","name":"Sonoraenequipo.com.mx","url":"https:\/\/www.sonoraenequipo.com.mx\/","logo":{"@type":"ImageObject","inLanguage":"es","@id":"https:\/\/www.sonoraenequipo.com.mx\/#\/schema\/logo\/image\/","url":"https:\/\/www.sonoraenequipo.com.mx\/storage\/2019\/01\/sonoraenequipo_opt.png","contentUrl":"https:\/\/www.sonoraenequipo.com.mx\/storage\/2019\/01\/sonoraenequipo_opt.png","width":375,"height":125,"caption":"Sonoraenequipo.com.mx"},"image":{"@id":"https:\/\/www.sonoraenequipo.com.mx\/#\/schema\/logo\/image\/"},"sameAs":["https:\/\/www.facebook.com\/SonoraEE\/","https:\/\/x.com\/sonoraenequipo","https:\/\/www.youtube.com\/channel\/UC338nW-lPEYmJQs4ZABQ1SQ"]},{"@type":"Person","@id":"https:\/\/www.sonoraenequipo.com.mx\/#\/schema\/person\/50102df0fb23a8fa9e8effad8fa81386","name":"enequipo","image":{"@type":"ImageObject","inLanguage":"es","@id":"https:\/\/www.sonoraenequipo.com.mx\/#\/schema\/person\/image\/","url":"https:\/\/secure.gravatar.com\/avatar\/049821681b589dabc0bc20695993ccebb09f5b5d4d790cd9251b97faac7c652b?s=96&d=blank&r=g","contentUrl":"https:\/\/secure.gravatar.com\/avatar\/049821681b589dabc0bc20695993ccebb09f5b5d4d790cd9251b97faac7c652b?s=96&d=blank&r=g","caption":"enequipo"},"sameAs":["https:\/\/www.facebook.com\/SonoraEE"]}]}},"jetpack_featured_media_url":"https:\/\/www.sonoraenequipo.com.mx\/storage\/2025\/10\/la-sauceda-min.jpg","_links":{"self":[{"href":"https:\/\/www.sonoraenequipo.com.mx\/api\/wp\/v2\/posts\/226826","targetHints":{"allow":["GET"]}}],"collection":[{"href":"https:\/\/www.sonoraenequipo.com.mx\/api\/wp\/v2\/posts"}],"about":[{"href":"https:\/\/www.sonoraenequipo.com.mx\/api\/wp\/v2\/types\/post"}],"author":[{"embeddable":true,"href":"https:\/\/www.sonoraenequipo.com.mx\/api\/wp\/v2\/users\/1"}],"replies":[{"embeddable":true,"href":"https:\/\/www.sonoraenequipo.com.mx\/api\/wp\/v2\/comments?post=226826"}],"version-history":[{"count":4,"href":"https:\/\/www.sonoraenequipo.com.mx\/api\/wp\/v2\/posts\/226826\/revisions"}],"predecessor-version":[{"id":226833,"href":"https:\/\/www.sonoraenequipo.com.mx\/api\/wp\/v2\/posts\/226826\/revisions\/226833"}],"wp:featuredmedia":[{"embeddable":true,"href":"https:\/\/www.sonoraenequipo.com.mx\/api\/wp\/v2\/media\/226828"}],"wp:attachment":[{"href":"https:\/\/www.sonoraenequipo.com.mx\/api\/wp\/v2\/media?parent=226826"}],"wp:term":[{"taxonomy":"category","embeddable":true,"href":"https:\/\/www.sonoraenequipo.com.mx\/api\/wp\/v2\/categories?post=226826"},{"taxonomy":"post_tag","embeddable":true,"href":"https:\/\/www.sonoraenequipo.com.mx\/api\/wp\/v2\/tags?post=226826"}],"curies":[{"name":"wp","href":"https:\/\/api.w.org\/{rel}","templated":true}]}}