{"id":228897,"date":"2025-11-18T21:29:17","date_gmt":"2025-11-19T04:29:17","guid":{"rendered":"https:\/\/www.sonoraenequipo.com.mx\/?p=228897"},"modified":"2025-11-18T22:09:10","modified_gmt":"2025-11-19T05:09:10","slug":"empresa-contratada-por-eu-coloco-letreros-en-playa-bagdad-confirma-sheinbaum-ya-fueron-retirado","status":"publish","type":"post","link":"https:\/\/www.sonoraenequipo.com.mx\/empresa-contratada-por-eu-coloco-letreros-en-playa-bagdad-confirma-sheinbaum-ya-fueron-retirado\/","title":{"rendered":"Empresa contratada por EU coloc\u00f3 letreros en Playa Bagdad, confirma Sheinbaum; ya fueron retirado"},"content":{"rendered":"<p><b>CIUDAD DE M\u00c9XICO. MX. \u2014 <\/b>La presidenta Claudia Sheinbaum Pardo confirm\u00f3 que una empresa contratada por el gobierno de Estados Unidos fue la que coloc\u00f3 seis letreros de \u201cadvertencia\u201d atribuidos al Departamento de Guerra de ese pa\u00eds en Playa Bagdad, en Tamaulipas.<\/p>\n<p>&nbsp;<\/p>\n<p>&nbsp;<\/p>\n<p>&nbsp;<\/p>\n<p> <\/p>\n<p>En la ma\u00f1anera en Palacio Nacional, dio a conocer el comunicado que anoche emitieron la Canciller\u00eda y la Secretar\u00eda de Marina en el que se expuso que se indaga el origen de esos carteles a fin de esclarecer el incidente.<\/p>\n<p>&nbsp;<\/p>\n<p>&nbsp;<\/p>\n<p>\u201cSe pusieron unos letreros de l\u00edmites en una parte de la Playa Bagdad, en Tamaulipas\u201d. Tras ello, dijo la mandataria, se pregunt\u00f3 en principio al consulado de M\u00e9xico en Brownsville, Texas; y posteriormente a la embajada de Estados Unidos en M\u00e9xico.<\/p>\n<p>&nbsp;<\/p>\n<p>&nbsp;<\/p>\n<p><strong><em>\u201cNo hab\u00eda reporte de que esto fuera oficial. Se retiraron los letreros y despu\u00e9s un \u00e1rea del gobierno de Estados Unidos plante\u00f3 que s\u00ed se haba contratado una empresa para ponerlos\u201d.<\/em><\/strong><\/p>\n<p>&nbsp;<\/p>\n<p>&nbsp;<\/p>\n<p>La jefa del Ejecutivo refiri\u00f3 que el secretario de Marina, almirante Raymundo Morales, le inform\u00f3 que el r\u00edo cercano a la zona donde se instalaron los letreros constantemente cambia su cauce.<\/p>\n<p>&nbsp;<\/p>\n<p>&nbsp;<\/p>\n<p>&nbsp;<\/p>\n<p><em><strong>\u201cY de acuerdo con el tratado de aguas debe delimitarse claramente cu\u00e1l es el l\u00edmite territorial. En eso se est\u00e1 para que a trav\u00e9s de las instituciones de Estados Unidos y M\u00e9xico se delimite claramente ya con mayor informaci\u00f3n e instrumentaci\u00f3n el l\u00edmite en esa zona de Tamaulipas, cerca del Golfo de M\u00e9xico\u201d.<\/strong><\/em><\/p>\n<p>&nbsp;<\/p>\n<p>&nbsp;<\/p>\n<p>A temprana hora de ayer, la organizaci\u00f3n ambientalista Conibio Global dio a conocer en redes sociales sobre la colocaci\u00f3n en Playa Bagdad, territorio mexicano, de estos letreros en los que se le\u00eda el siguiente mensaje:<\/p>\n<p>&nbsp;<\/p>\n<p>&nbsp;<\/p>\n<p><em><strong>\u201cEsta propiedad del Departamento de Defensa (sic) ha sido declarada zona restringida por autoridad del comandante, de acuerdo con las disposiciones de la directiva emitida por el secretario de defensa, en virtud de las disposiciones de la secci\u00f3n 21 de la Ley de Seguridad Interna de 1950\u201d.<\/strong> <\/em>En septiembre pasado, Washington emiti\u00f3 un decreto en el que cambi\u00f3 el nombre del Departamento de Defensa por Departamento de Guerra.<\/p>\n<p>&nbsp;<\/p>\n<p>&nbsp;<\/p>\n<p>&nbsp;<\/p>\n<p>Ante ello, la Canciller\u00eda y la Semar emitieron un comunicado anoche en el que se\u00f1alaron que no se hab\u00eda confirmado que autoridades de Estados Unidos hayan colocado esos letreros.<\/p>\n<p>&nbsp;<\/p>\n<p>&nbsp;<\/p>\n<p>&nbsp;<\/p>\n<p>Agregar que se contact\u00f3 a la embajada estadunidense en M\u00e9xico en torno a este incidente, adem\u00e1s de que la Secci\u00f3n Mexicana de la Comisi\u00f3n Internacional de L\u00edmites y Aguas \u201c<strong><em>comenzar\u00e1 las consultas t\u00e9cnicas necesarias para esclarecerlo cabalmente y realizar la revisi\u00f3n que establecen los tratados vigentes de l\u00edmites y aguas de los mapas e instrumentos que delimitan la frontera entre ambos pa\u00edses\u201d.<\/em><\/strong><\/p>\n<p>&nbsp;<\/p>\n<p>&nbsp;<\/p>\n<p>PUBLICADO EL 18 DE NOVIEMBRE DE 2025 Con informaci\u00f3n de Emir Olivares y N\u00e9stor Jim\u00e9nez)<\/p>\n","protected":false},"excerpt":{"rendered":"<p>CIUDAD DE M\u00c9XICO. MX. \u2014 La presidenta Claudia Sheinbaum Pardo confirm\u00f3 que una empresa contratada&#8230;<\/p>\n","protected":false},"author":1,"featured_media":228898,"comment_status":"open","ping_status":"open","sticky":false,"template":"","format":"standard","meta":{"_monsterinsights_skip_tracking":false,"_monsterinsights_sitenote_active":false,"_monsterinsights_sitenote_note":"","_monsterinsights_sitenote_category":0,"footnotes":""},"categories":[5],"tags":[],"class_list":["post"],"yoast_head":" \n<title>Sonora en Equipo. Empresa contratada por EU coloc\u00f3 letreros en Playa Bagdad, confirma Sheinbaum; ya fueron retirado Rep\u00fablica<\/title>\n<meta name=\"description\" content=\"CIUDAD DE M\u00c9XICO. MX. \u2014 La presidenta Claudia Sheinbaum Pardo confirm\u00f3 que una empresa contratada por el gobierno de Estados Unidos fue la que coloc\u00f3 seis En Sonora en Equipo publicamos toda la informaci\u00f3n de Sonora, M\u00e9xico y el Mundo de manera oportuna y busca que la libertad de expresi\u00f3n sea real. Visita nuestro medio informativo publicado desde Hermosillo, Sonora. %\" \/>\n<meta name=\"robots\" content=\"index, follow, max-snippet:-1, max-image-preview:large, max-video-preview:-1\" \/>\n<link rel=\"canonical\" href=\"https:\/\/www.sonoraenequipo.com.mx\/empresa-contratada-por-eu-coloco-letreros-en-playa-bagdad-confirma-sheinbaum-ya-fueron-retirado\/\" \/>\n<meta property=\"og:locale\" content=\"es_ES\" \/>\n<meta property=\"og:type\" content=\"article\" \/>\n<meta property=\"og:title\" content=\"Sonora en Equipo. Empresa contratada por EU coloc\u00f3 letreros en Playa Bagdad, confirma Sheinbaum; ya fueron retirado Rep\u00fablica\" \/>\n<meta property=\"og:description\" content=\"CIUDAD DE M\u00c9XICO. MX. \u2014 La presidenta Claudia Sheinbaum Pardo confirm\u00f3 que una empresa contratada por el gobierno de Estados Unidos fue la que coloc\u00f3 seis En Sonora en Equipo publicamos toda la informaci\u00f3n de Sonora, M\u00e9xico y el Mundo de manera oportuna y busca que la libertad de expresi\u00f3n sea real. Visita nuestro medio informativo publicado desde Hermosillo, Sonora. %\" \/>\n<meta property=\"og:url\" content=\"https:\/\/www.sonoraenequipo.com.mx\/empresa-contratada-por-eu-coloco-letreros-en-playa-bagdad-confirma-sheinbaum-ya-fueron-retirado\/\" \/>\n<meta property=\"og:site_name\" content=\"Sonora en Equipo.\" \/>\n<meta property=\"article:publisher\" content=\"https:\/\/www.facebook.com\/SonoraEE\/\" \/>\n<meta property=\"article:author\" content=\"https:\/\/www.facebook.com\/SonoraEE\" \/>\n<meta property=\"article:published_time\" content=\"2025-11-19T04:29:17+00:00\" \/>\n<meta property=\"article:modified_time\" content=\"2025-11-19T05:09:10+00:00\" \/>\n<meta property=\"og:image\" content=\"https:\/\/www.sonoraenequipo.com.mx\/storage\/2025\/11\/letrero-en-Playa-Bagdad-tamaulipas-min.jpg\" \/>\n\t<meta property=\"og:image:width\" content=\"953\" \/>\n\t<meta property=\"og:image:height\" content=\"517\" \/>\n\t<meta property=\"og:image:type\" content=\"image\/jpeg\" \/>\n<meta name=\"author\" content=\"enequipo\" \/>\n<meta name=\"twitter:card\" content=\"summary_large_image\" \/>\n<meta name=\"twitter:creator\" content=\"@sonoraenequipo\" \/>\n<meta name=\"twitter:site\" content=\"@sonoraenequipo\" \/>\n<meta name=\"twitter:label1\" content=\"Escrito por\" \/>\n\t<meta name=\"twitter:data1\" content=\"enequipo\" \/>\n\t<meta name=\"twitter:label2\" content=\"Tiempo de lectura\" \/>\n\t<meta name=\"twitter:data2\" content=\"3 minutos\" \/>\n<script type=\"application\/ld+json\" class=\"yoast-schema-graph\">{\"@context\":\"https:\/\/schema.org\",\"@graph\":[{\"@type\":\"Article\",\"@id\":\"https:\/\/www.sonoraenequipo.com.mx\/empresa-contratada-por-eu-coloco-letreros-en-playa-bagdad-confirma-sheinbaum-ya-fueron-retirado\/#article\",\"isPartOf\":{\"@id\":\"https:\/\/www.sonoraenequipo.com.mx\/empresa-contratada-por-eu-coloco-letreros-en-playa-bagdad-confirma-sheinbaum-ya-fueron-retirado\/\"},\"author\":{\"name\":\"enequipo\",\"@id\":\"https:\/\/www.sonoraenequipo.com.mx\/#\/schema\/person\/50102df0fb23a8fa9e8effad8fa81386\"},\"headline\":\"Empresa contratada por EU coloc\u00f3 letreros en Playa Bagdad, confirma Sheinbaum; ya fueron retirado\",\"datePublished\":\"2025-11-19T04:29:17+00:00\",\"dateModified\":\"2025-11-19T05:09:10+00:00\",\"mainEntityOfPage\":{\"@id\":\"https:\/\/www.sonoraenequipo.com.mx\/empresa-contratada-por-eu-coloco-letreros-en-playa-bagdad-confirma-sheinbaum-ya-fueron-retirado\/\"},\"wordCount\":518,\"commentCount\":0,\"publisher\":{\"@id\":\"https:\/\/www.sonoraenequipo.com.mx\/#organization\"},\"image\":{\"@id\":\"https:\/\/www.sonoraenequipo.com.mx\/empresa-contratada-por-eu-coloco-letreros-en-playa-bagdad-confirma-sheinbaum-ya-fueron-retirado\/#primaryimage\"},\"thumbnailUrl\":\"https:\/\/www.sonoraenequipo.com.mx\/storage\/2025\/11\/letrero-en-Playa-Bagdad-tamaulipas-min.jpg\",\"articleSection\":[\"Rep\u00fablica\"],\"inLanguage\":\"es\",\"potentialAction\":[{\"@type\":\"CommentAction\",\"name\":\"Comment\",\"target\":[\"https:\/\/www.sonoraenequipo.com.mx\/empresa-contratada-por-eu-coloco-letreros-en-playa-bagdad-confirma-sheinbaum-ya-fueron-retirado\/#respond\"]}]},{\"@type\":\"WebPage\",\"@id\":\"https:\/\/www.sonoraenequipo.com.mx\/empresa-contratada-por-eu-coloco-letreros-en-playa-bagdad-confirma-sheinbaum-ya-fueron-retirado\/\",\"url\":\"https:\/\/www.sonoraenequipo.com.mx\/empresa-contratada-por-eu-coloco-letreros-en-playa-bagdad-confirma-sheinbaum-ya-fueron-retirado\/\",\"name\":\"Sonora en Equipo. Empresa contratada por EU coloc\u00f3 letreros en Playa Bagdad, confirma Sheinbaum; ya fueron retirado Rep\u00fablica\",\"isPartOf\":{\"@id\":\"https:\/\/www.sonoraenequipo.com.mx\/#website\"},\"primaryImageOfPage\":{\"@id\":\"https:\/\/www.sonoraenequipo.com.mx\/empresa-contratada-por-eu-coloco-letreros-en-playa-bagdad-confirma-sheinbaum-ya-fueron-retirado\/#primaryimage\"},\"image\":{\"@id\":\"https:\/\/www.sonoraenequipo.com.mx\/empresa-contratada-por-eu-coloco-letreros-en-playa-bagdad-confirma-sheinbaum-ya-fueron-retirado\/#primaryimage\"},\"thumbnailUrl\":\"https:\/\/www.sonoraenequipo.com.mx\/storage\/2025\/11\/letrero-en-Playa-Bagdad-tamaulipas-min.jpg\",\"datePublished\":\"2025-11-19T04:29:17+00:00\",\"dateModified\":\"2025-11-19T05:09:10+00:00\",\"description\":\"CIUDAD DE M\u00c9XICO. MX. \u2014 La presidenta Claudia Sheinbaum Pardo confirm\u00f3 que una empresa contratada por el gobierno de Estados Unidos fue la que coloc\u00f3 seis En Sonora en Equipo publicamos toda la informaci\u00f3n de Sonora, M\u00e9xico y el Mundo de manera oportuna y busca que la libertad de expresi\u00f3n sea real. Visita nuestro medio informativo publicado desde Hermosillo, Sonora. %\",\"breadcrumb\":{\"@id\":\"https:\/\/www.sonoraenequipo.com.mx\/empresa-contratada-por-eu-coloco-letreros-en-playa-bagdad-confirma-sheinbaum-ya-fueron-retirado\/#breadcrumb\"},\"inLanguage\":\"es\",\"potentialAction\":[{\"@type\":\"ReadAction\",\"target\":[\"https:\/\/www.sonoraenequipo.com.mx\/empresa-contratada-por-eu-coloco-letreros-en-playa-bagdad-confirma-sheinbaum-ya-fueron-retirado\/\"]}]},{\"@type\":\"ImageObject\",\"inLanguage\":\"es\",\"@id\":\"https:\/\/www.sonoraenequipo.com.mx\/empresa-contratada-por-eu-coloco-letreros-en-playa-bagdad-confirma-sheinbaum-ya-fueron-retirado\/#primaryimage\",\"url\":\"https:\/\/www.sonoraenequipo.com.mx\/storage\/2025\/11\/letrero-en-Playa-Bagdad-tamaulipas-min.jpg\",\"contentUrl\":\"https:\/\/www.sonoraenequipo.com.mx\/storage\/2025\/11\/letrero-en-Playa-Bagdad-tamaulipas-min.jpg\",\"width\":953,\"height\":517},{\"@type\":\"BreadcrumbList\",\"@id\":\"https:\/\/www.sonoraenequipo.com.mx\/empresa-contratada-por-eu-coloco-letreros-en-playa-bagdad-confirma-sheinbaum-ya-fueron-retirado\/#breadcrumb\",\"itemListElement\":[{\"@type\":\"ListItem\",\"position\":1,\"name\":\"Portada\",\"item\":\"https:\/\/www.sonoraenequipo.com.mx\/\"},{\"@type\":\"ListItem\",\"position\":2,\"name\":\"Empresa contratada por EU coloc\u00f3 letreros en Playa Bagdad, confirma Sheinbaum; ya fueron retirado\"}]},{\"@type\":\"WebSite\",\"@id\":\"https:\/\/www.sonoraenequipo.com.mx\/#website\",\"url\":\"https:\/\/www.sonoraenequipo.com.mx\/\",\"name\":\"Sonora en Equipo.\",\"description\":\"Diario en l\u00ednea con Noticias desde Hermosillo, Sonora\",\"publisher\":{\"@id\":\"https:\/\/www.sonoraenequipo.com.mx\/#organization\"},\"potentialAction\":[{\"@type\":\"SearchAction\",\"target\":{\"@type\":\"EntryPoint\",\"urlTemplate\":\"https:\/\/www.sonoraenequipo.com.mx\/?s={search_term_string}\"},\"query-input\":{\"@type\":\"PropertyValueSpecification\",\"valueRequired\":true,\"valueName\":\"search_term_string\"}}],\"inLanguage\":\"es\"},{\"@type\":\"Organization\",\"@id\":\"https:\/\/www.sonoraenequipo.com.mx\/#organization\",\"name\":\"Sonoraenequipo.com.mx\",\"url\":\"https:\/\/www.sonoraenequipo.com.mx\/\",\"logo\":{\"@type\":\"ImageObject\",\"inLanguage\":\"es\",\"@id\":\"https:\/\/www.sonoraenequipo.com.mx\/#\/schema\/logo\/image\/\",\"url\":\"https:\/\/www.sonoraenequipo.com.mx\/storage\/2019\/01\/sonoraenequipo_opt.png\",\"contentUrl\":\"https:\/\/www.sonoraenequipo.com.mx\/storage\/2019\/01\/sonoraenequipo_opt.png\",\"width\":375,\"height\":125,\"caption\":\"Sonoraenequipo.com.mx\"},\"image\":{\"@id\":\"https:\/\/www.sonoraenequipo.com.mx\/#\/schema\/logo\/image\/\"},\"sameAs\":[\"https:\/\/www.facebook.com\/SonoraEE\/\",\"https:\/\/x.com\/sonoraenequipo\",\"https:\/\/www.youtube.com\/channel\/UC338nW-lPEYmJQs4ZABQ1SQ\"]},{\"@type\":\"Person\",\"@id\":\"https:\/\/www.sonoraenequipo.com.mx\/#\/schema\/person\/50102df0fb23a8fa9e8effad8fa81386\",\"name\":\"enequipo\",\"image\":{\"@type\":\"ImageObject\",\"inLanguage\":\"es\",\"@id\":\"https:\/\/www.sonoraenequipo.com.mx\/#\/schema\/person\/image\/\",\"url\":\"https:\/\/secure.gravatar.com\/avatar\/049821681b589dabc0bc20695993ccebb09f5b5d4d790cd9251b97faac7c652b?s=96&d=blank&r=g\",\"contentUrl\":\"https:\/\/secure.gravatar.com\/avatar\/049821681b589dabc0bc20695993ccebb09f5b5d4d790cd9251b97faac7c652b?s=96&d=blank&r=g\",\"caption\":\"enequipo\"},\"sameAs\":[\"https:\/\/www.facebook.com\/SonoraEE\"]}]}<\/script>\n ","yoast_head_json":{"title":"Sonora en Equipo. Empresa contratada por EU coloc\u00f3 letreros en Playa Bagdad, confirma Sheinbaum; ya fueron retirado Rep\u00fablica","description":"CIUDAD DE M\u00c9XICO. MX. \u2014 La presidenta Claudia Sheinbaum Pardo confirm\u00f3 que una empresa contratada por el gobierno de Estados Unidos fue la que coloc\u00f3 seis En Sonora en Equipo publicamos toda la informaci\u00f3n de Sonora, M\u00e9xico y el Mundo de manera oportuna y busca que la libertad de expresi\u00f3n sea real. Visita nuestro medio informativo publicado desde Hermosillo, Sonora. %","robots":{"index":"index","follow":"follow","max-snippet":"max-snippet:-1","max-image-preview":"max-image-preview:large","max-video-preview":"max-video-preview:-1"},"canonical":"https:\/\/www.sonoraenequipo.com.mx\/empresa-contratada-por-eu-coloco-letreros-en-playa-bagdad-confirma-sheinbaum-ya-fueron-retirado\/","og_locale":"es_ES","og_type":"article","og_title":"Sonora en Equipo. Empresa contratada por EU coloc\u00f3 letreros en Playa Bagdad, confirma Sheinbaum; ya fueron retirado Rep\u00fablica","og_description":"CIUDAD DE M\u00c9XICO. MX. \u2014 La presidenta Claudia Sheinbaum Pardo confirm\u00f3 que una empresa contratada por el gobierno de Estados Unidos fue la que coloc\u00f3 seis En Sonora en Equipo publicamos toda la informaci\u00f3n de Sonora, M\u00e9xico y el Mundo de manera oportuna y busca que la libertad de expresi\u00f3n sea real. Visita nuestro medio informativo publicado desde Hermosillo, Sonora. %","og_url":"https:\/\/www.sonoraenequipo.com.mx\/empresa-contratada-por-eu-coloco-letreros-en-playa-bagdad-confirma-sheinbaum-ya-fueron-retirado\/","og_site_name":"Sonora en Equipo.","article_publisher":"https:\/\/www.facebook.com\/SonoraEE\/","article_author":"https:\/\/www.facebook.com\/SonoraEE","article_published_time":"2025-11-19T04:29:17+00:00","article_modified_time":"2025-11-19T05:09:10+00:00","og_image":[{"width":953,"height":517,"url":"https:\/\/www.sonoraenequipo.com.mx\/storage\/2025\/11\/letrero-en-Playa-Bagdad-tamaulipas-min.jpg","type":"image\/jpeg"}],"author":"enequipo","twitter_card":"summary_large_image","twitter_creator":"@sonoraenequipo","twitter_site":"@sonoraenequipo","twitter_misc":{"Escrito por":"enequipo","Tiempo de lectura":"3 minutos"},"schema":{"@context":"https:\/\/schema.org","@graph":[{"@type":"Article","@id":"https:\/\/www.sonoraenequipo.com.mx\/empresa-contratada-por-eu-coloco-letreros-en-playa-bagdad-confirma-sheinbaum-ya-fueron-retirado\/#article","isPartOf":{"@id":"https:\/\/www.sonoraenequipo.com.mx\/empresa-contratada-por-eu-coloco-letreros-en-playa-bagdad-confirma-sheinbaum-ya-fueron-retirado\/"},"author":{"name":"enequipo","@id":"https:\/\/www.sonoraenequipo.com.mx\/#\/schema\/person\/50102df0fb23a8fa9e8effad8fa81386"},"headline":"Empresa contratada por EU coloc\u00f3 letreros en Playa Bagdad, confirma Sheinbaum; ya fueron retirado","datePublished":"2025-11-19T04:29:17+00:00","dateModified":"2025-11-19T05:09:10+00:00","mainEntityOfPage":{"@id":"https:\/\/www.sonoraenequipo.com.mx\/empresa-contratada-por-eu-coloco-letreros-en-playa-bagdad-confirma-sheinbaum-ya-fueron-retirado\/"},"wordCount":518,"commentCount":0,"publisher":{"@id":"https:\/\/www.sonoraenequipo.com.mx\/#organization"},"image":{"@id":"https:\/\/www.sonoraenequipo.com.mx\/empresa-contratada-por-eu-coloco-letreros-en-playa-bagdad-confirma-sheinbaum-ya-fueron-retirado\/#primaryimage"},"thumbnailUrl":"https:\/\/www.sonoraenequipo.com.mx\/storage\/2025\/11\/letrero-en-Playa-Bagdad-tamaulipas-min.jpg","articleSection":["Rep\u00fablica"],"inLanguage":"es","potentialAction":[{"@type":"CommentAction","name":"Comment","target":["https:\/\/www.sonoraenequipo.com.mx\/empresa-contratada-por-eu-coloco-letreros-en-playa-bagdad-confirma-sheinbaum-ya-fueron-retirado\/#respond"]}]},{"@type":"WebPage","@id":"https:\/\/www.sonoraenequipo.com.mx\/empresa-contratada-por-eu-coloco-letreros-en-playa-bagdad-confirma-sheinbaum-ya-fueron-retirado\/","url":"https:\/\/www.sonoraenequipo.com.mx\/empresa-contratada-por-eu-coloco-letreros-en-playa-bagdad-confirma-sheinbaum-ya-fueron-retirado\/","name":"Sonora en Equipo. Empresa contratada por EU coloc\u00f3 letreros en Playa Bagdad, confirma Sheinbaum; ya fueron retirado Rep\u00fablica","isPartOf":{"@id":"https:\/\/www.sonoraenequipo.com.mx\/#website"},"primaryImageOfPage":{"@id":"https:\/\/www.sonoraenequipo.com.mx\/empresa-contratada-por-eu-coloco-letreros-en-playa-bagdad-confirma-sheinbaum-ya-fueron-retirado\/#primaryimage"},"image":{"@id":"https:\/\/www.sonoraenequipo.com.mx\/empresa-contratada-por-eu-coloco-letreros-en-playa-bagdad-confirma-sheinbaum-ya-fueron-retirado\/#primaryimage"},"thumbnailUrl":"https:\/\/www.sonoraenequipo.com.mx\/storage\/2025\/11\/letrero-en-Playa-Bagdad-tamaulipas-min.jpg","datePublished":"2025-11-19T04:29:17+00:00","dateModified":"2025-11-19T05:09:10+00:00","description":"CIUDAD DE M\u00c9XICO. MX. \u2014 La presidenta Claudia Sheinbaum Pardo confirm\u00f3 que una empresa contratada por el gobierno de Estados Unidos fue la que coloc\u00f3 seis En Sonora en Equipo publicamos toda la informaci\u00f3n de Sonora, M\u00e9xico y el Mundo de manera oportuna y busca que la libertad de expresi\u00f3n sea real. Visita nuestro medio informativo publicado desde Hermosillo, Sonora. %","breadcrumb":{"@id":"https:\/\/www.sonoraenequipo.com.mx\/empresa-contratada-por-eu-coloco-letreros-en-playa-bagdad-confirma-sheinbaum-ya-fueron-retirado\/#breadcrumb"},"inLanguage":"es","potentialAction":[{"@type":"ReadAction","target":["https:\/\/www.sonoraenequipo.com.mx\/empresa-contratada-por-eu-coloco-letreros-en-playa-bagdad-confirma-sheinbaum-ya-fueron-retirado\/"]}]},{"@type":"ImageObject","inLanguage":"es","@id":"https:\/\/www.sonoraenequipo.com.mx\/empresa-contratada-por-eu-coloco-letreros-en-playa-bagdad-confirma-sheinbaum-ya-fueron-retirado\/#primaryimage","url":"https:\/\/www.sonoraenequipo.com.mx\/storage\/2025\/11\/letrero-en-Playa-Bagdad-tamaulipas-min.jpg","contentUrl":"https:\/\/www.sonoraenequipo.com.mx\/storage\/2025\/11\/letrero-en-Playa-Bagdad-tamaulipas-min.jpg","width":953,"height":517},{"@type":"BreadcrumbList","@id":"https:\/\/www.sonoraenequipo.com.mx\/empresa-contratada-por-eu-coloco-letreros-en-playa-bagdad-confirma-sheinbaum-ya-fueron-retirado\/#breadcrumb","itemListElement":[{"@type":"ListItem","position":1,"name":"Portada","item":"https:\/\/www.sonoraenequipo.com.mx\/"},{"@type":"ListItem","position":2,"name":"Empresa contratada por EU coloc\u00f3 letreros en Playa Bagdad, confirma Sheinbaum; ya fueron retirado"}]},{"@type":"WebSite","@id":"https:\/\/www.sonoraenequipo.com.mx\/#website","url":"https:\/\/www.sonoraenequipo.com.mx\/","name":"Sonora en Equipo.","description":"Diario en l\u00ednea con Noticias desde Hermosillo, Sonora","publisher":{"@id":"https:\/\/www.sonoraenequipo.com.mx\/#organization"},"potentialAction":[{"@type":"SearchAction","target":{"@type":"EntryPoint","urlTemplate":"https:\/\/www.sonoraenequipo.com.mx\/?s={search_term_string}"},"query-input":{"@type":"PropertyValueSpecification","valueRequired":true,"valueName":"search_term_string"}}],"inLanguage":"es"},{"@type":"Organization","@id":"https:\/\/www.sonoraenequipo.com.mx\/#organization","name":"Sonoraenequipo.com.mx","url":"https:\/\/www.sonoraenequipo.com.mx\/","logo":{"@type":"ImageObject","inLanguage":"es","@id":"https:\/\/www.sonoraenequipo.com.mx\/#\/schema\/logo\/image\/","url":"https:\/\/www.sonoraenequipo.com.mx\/storage\/2019\/01\/sonoraenequipo_opt.png","contentUrl":"https:\/\/www.sonoraenequipo.com.mx\/storage\/2019\/01\/sonoraenequipo_opt.png","width":375,"height":125,"caption":"Sonoraenequipo.com.mx"},"image":{"@id":"https:\/\/www.sonoraenequipo.com.mx\/#\/schema\/logo\/image\/"},"sameAs":["https:\/\/www.facebook.com\/SonoraEE\/","https:\/\/x.com\/sonoraenequipo","https:\/\/www.youtube.com\/channel\/UC338nW-lPEYmJQs4ZABQ1SQ"]},{"@type":"Person","@id":"https:\/\/www.sonoraenequipo.com.mx\/#\/schema\/person\/50102df0fb23a8fa9e8effad8fa81386","name":"enequipo","image":{"@type":"ImageObject","inLanguage":"es","@id":"https:\/\/www.sonoraenequipo.com.mx\/#\/schema\/person\/image\/","url":"https:\/\/secure.gravatar.com\/avatar\/049821681b589dabc0bc20695993ccebb09f5b5d4d790cd9251b97faac7c652b?s=96&d=blank&r=g","contentUrl":"https:\/\/secure.gravatar.com\/avatar\/049821681b589dabc0bc20695993ccebb09f5b5d4d790cd9251b97faac7c652b?s=96&d=blank&r=g","caption":"enequipo"},"sameAs":["https:\/\/www.facebook.com\/SonoraEE"]}]}},"jetpack_featured_media_url":"https:\/\/www.sonoraenequipo.com.mx\/storage\/2025\/11\/letrero-en-Playa-Bagdad-tamaulipas-min.jpg","_links":{"self":[{"href":"https:\/\/www.sonoraenequipo.com.mx\/api\/wp\/v2\/posts\/228897","targetHints":{"allow":["GET"]}}],"collection":[{"href":"https:\/\/www.sonoraenequipo.com.mx\/api\/wp\/v2\/posts"}],"about":[{"href":"https:\/\/www.sonoraenequipo.com.mx\/api\/wp\/v2\/types\/post"}],"author":[{"embeddable":true,"href":"https:\/\/www.sonoraenequipo.com.mx\/api\/wp\/v2\/users\/1"}],"replies":[{"embeddable":true,"href":"https:\/\/www.sonoraenequipo.com.mx\/api\/wp\/v2\/comments?post=228897"}],"version-history":[{"count":1,"href":"https:\/\/www.sonoraenequipo.com.mx\/api\/wp\/v2\/posts\/228897\/revisions"}],"predecessor-version":[{"id":228899,"href":"https:\/\/www.sonoraenequipo.com.mx\/api\/wp\/v2\/posts\/228897\/revisions\/228899"}],"wp:featuredmedia":[{"embeddable":true,"href":"https:\/\/www.sonoraenequipo.com.mx\/api\/wp\/v2\/media\/228898"}],"wp:attachment":[{"href":"https:\/\/www.sonoraenequipo.com.mx\/api\/wp\/v2\/media?parent=228897"}],"wp:term":[{"taxonomy":"category","embeddable":true,"href":"https:\/\/www.sonoraenequipo.com.mx\/api\/wp\/v2\/categories?post=228897"},{"taxonomy":"post_tag","embeddable":true,"href":"https:\/\/www.sonoraenequipo.com.mx\/api\/wp\/v2\/tags?post=228897"}],"curies":[{"name":"wp","href":"https:\/\/api.w.org\/{rel}","templated":true}]}}