{"id":228920,"date":"2025-11-19T08:28:50","date_gmt":"2025-11-19T15:28:50","guid":{"rendered":"https:\/\/www.sonoraenequipo.com.mx\/?p=228920"},"modified":"2025-11-19T11:42:16","modified_gmt":"2025-11-19T18:42:16","slug":"record-de-inversion-extranjera-41-mil-mdd-en-un-trimestre-sheinbaum","status":"publish","type":"post","link":"https:\/\/www.sonoraenequipo.com.mx\/record-de-inversion-extranjera-41-mil-mdd-en-un-trimestre-sheinbaum\/","title":{"rendered":"R\u00e9cord de inversi\u00f3n extranjera; 41 mil mdd en un trimestre: Sheinbaum"},"content":{"rendered":"<p><strong>CIUDAD DE M\u00c9XICO. MX. \u2014 <\/strong>\u00a0La inversi\u00f3n extranjera directa (IED) al cierre del tercer trimestre de 2025 rompi\u00f3 r\u00e9cord, afirm\u00f3 la presidenta Claudia Sheinbaum Pardo, pues los primeros nueve meses del a\u00f1o el pa\u00eds recibi\u00f3 casi 41 mil millones de d\u00f3lares.<\/p>\n<p>&nbsp;<\/p>\n<p>&nbsp;<\/p>\n<p> <\/p>\n<p>Al participar en la conferencia matutina de la mandataria, Marcelo Ebrard Casaub\u00f3n, titular de la Secretar\u00eda de Econom\u00eda (SE), detall\u00f3 el monto preliminar reportado entre enero y septiembre representa un aumento de 15 por ciento frente a igual periodo del a\u00f1o pasado, con lo que se borraron todas las expectativas de que M\u00e9xico no tuviera un crecimiento en el flujo de capital for\u00e1neo de ese tama\u00f1o.<\/p>\n<p>&nbsp;<\/p>\n<p>&nbsp;<\/p>\n<p>&nbsp;<\/p>\n<p><em><strong>\u201cEste ritmo de inversi\u00f3n extranjera directa significa que los inversionistas de todo el mundo est\u00e1n decidiendo invertir por M\u00e9xico en mayor proporci\u00f3n a la que hab\u00edamos incluso esperado, por eso es muy buena noticia\u201d,<\/strong><\/em> dijo.<\/p>\n<p>&nbsp;<\/p>\n<p>&nbsp;<\/p>\n<p>Resalt\u00f3 que la inversi\u00f3n que creci\u00f3 m\u00e1s fue la nueva, pues pas\u00f3 de 2 mil millones a 6 mil 500 millones de d\u00f3lares.<\/p>\n<p>&nbsp;<\/p>\n<p>&nbsp;<\/p>\n<p><em><strong>\u201cNuevas inversiones en el pa\u00eds, o sea, que no son reinversiones sino inversiones nuevas\u201d<\/strong><\/em>, dijo.<\/p>\n<p>&nbsp;<\/p>\n<p>&nbsp;<\/p>\n<p>&nbsp;<\/p>\n<p>Anot\u00f3 que desde 2018 a 2025, la IED en M\u00e9xico ha crecido 69 por ciento, que se traduce en un crecimiento constante, el cual se est\u00e1 acelerando.<strong><em> \u201cEso significa confianza en el gobierno de la presidenta de Sheinbaum. Eso significa expectativa positiva en favor de M\u00e9xico porque de otra manera ser\u00eda impensable tener esos n\u00fameros y eso consolida una tendencia\u201d,<\/em><\/strong> indic\u00f3.<\/p>\n<p>&nbsp;<\/p>\n<p>&nbsp;<\/p>\n<p>Aunque no detall\u00f3 de qu\u00e9 empresas se trata, Ebrard Casaub\u00f3n detall\u00f3 que las nuevas inversiones en energ\u00eda, centros de datos, infraestructura y sector financiero. \u201c<em><strong>Tienen que ver con la expansi\u00f3n, la llegada a M\u00e9xico, o primeros arribos de lo que podr\u00edamos llamar una nueva econom\u00eda que est\u00e1 centrada en datos, inteligencia artificial y energ\u00eda porque est\u00e1 muy vinculado uno con el otro\u201d,<\/strong> <\/em>dijo.<\/p>\n<p>&nbsp;<\/p>\n<p>&nbsp;<\/p>\n<p>&nbsp;<\/p>\n<p>Ebrard Casaub\u00f3n resalt\u00f3 que la IED es fuerte y est\u00e1 impulsada por la revisi\u00f3n del T-MEC. Adem\u00e1s, anot\u00f3 que M\u00e9xico sigue siendo el principal socio comercial de Estados Unidos.<\/p>\n<p>&nbsp;<\/p>\n<p>&nbsp;<\/p>\n<p>Sobre el origen de la IED, indic\u00f3 que poco m\u00e1s de 30 por ciento proviene de Estados Unidos, seguido de Espa\u00f1a, Pa\u00edses Bajos, Jap\u00f3n y Canad\u00e1.<\/p>\n<p>&nbsp;<\/p>\n<p>&nbsp;<\/p>\n<p>Ebrard Casaub\u00f3n coment\u00f3 que las exportaciones tambi\u00e9n siguen creciendo a pesar de la imposici\u00f3n de aranceles por parte de Estados Unidos.<\/p>\n<p>&nbsp;<\/p>\n<p>&nbsp;<\/p>\n<p>El funcionario inform\u00f3 que en 2028 M\u00e9xico va a ser sede del Foro de Cooperaci\u00f3n Econ\u00f3mica Asia-Pac\u00edfico (APEC, por sus siglas en ingl\u00e9s), organizaci\u00f3n en la que participan China, Estados Unidos, Canad\u00e1, Corea del Sur, Jap\u00f3n, Australia, Per\u00fa, entre otros.<\/p>\n<p>&nbsp;<\/p>\n<p>&nbsp;<\/p>\n<p>&nbsp;<\/p>\n<p>Resalt\u00f3 que la cuenca del Pac\u00edfico representa 61 por ciento del producto interno bruto (PIB) de todo el mundo. \u201c<em><strong>Es la esfera econ\u00f3mica m\u00e1s relevante del mundo<\/strong><\/em>\u201d, indic\u00f3.<\/p>\n<p>&nbsp;<\/p>\n<p>&nbsp;<\/p>\n<p><em><strong>\u201cEs muy buena noticia por el rol que M\u00e9xico est\u00e1 jugando respecto a todos esos pa\u00edses, porque significa diversificaci\u00f3n, significa estar presentes entre Am\u00e9rica y Asia y significa tambi\u00e9n una muestra de confianza, de respeto, reconocimiento a lo que M\u00e9xico est\u00e1 haciendo y a c\u00f3mo est\u00e1 conduciendo nuestra Presidenta el destino del pa\u00eds\u201d,<\/strong><\/em> dijo.<\/p>\n<p>&nbsp;<\/p>\n<p>&nbsp;<\/p>\n<p>&nbsp;<\/p>\n<p>Resalt\u00f3 que M\u00e9xico tiene tratados comerciales con algunos de los pa\u00edses miembros y con otros no, pero la naci\u00f3n ser\u00e1 un v\u00ednculo entre ellos y Estados Unidos.<em><strong> \u201cVa a ser como un puente, es la presencia de M\u00e9xico en el ecosistema econ\u00f3mico que va a crecer m\u00e1s en los pr\u00f3ximos a\u00f1os, por eso es muy importante que la sede sea aqu\u00ed\u201d,<\/strong><\/em> se\u00f1al\u00f3.<\/p>\n<p>&nbsp;<\/p>\n<p>&nbsp;<\/p>\n<p>Anot\u00f3 que la presidenta Sheinbaum Pardo va a proponer cu\u00e1les van a ser los temas que se van a tocar. \u201c<em><strong>Vamos a tener tres reuniones previas, ministeriales con el sector privado tambi\u00e9n\u201d,<\/strong><\/em> dijo.<\/p>\n<p>&nbsp;<\/p>\n<p>&nbsp;<\/p>\n<p>El funcionario, quien acudi\u00f3 a la edici\u00f3n m\u00e1s reciente de APEC que se realiz\u00f3 en China, coment\u00f3 que el presidente del gigante asi\u00e1tico, Xi Jinping, <em><strong>\u201cmand\u00f3 un muy c\u00e1lido mensaje a la presidenta Sheinbaum, le dio mucho gusto que M\u00e9xico estuviera presente\u201d.<\/strong><\/em><\/p>\n<p>&nbsp;<\/p>\n<p>&nbsp;<\/p>\n<p>&nbsp;<\/p>\n<p>Coment\u00f3 que tambi\u00e9n tuvo acercamientos con Corea, Indonesia, Malasia, Estados Unidos, Canad\u00e1, quienes reconocieron a la presidenta Sheinbaum Pardo por todo lo que est\u00e1 haciendo.<\/p>\n<p>&nbsp;<\/p>\n<p>&nbsp;<\/p>\n<p>&nbsp;<\/p>\n<p>El titular de la SE se\u00f1al\u00f3 que el Plan M\u00e9xico busca vincular innovaci\u00f3n, financiamiento y empresas p\u00fablicas y privadas para generar riqueza. Record\u00f3 que el martes anunci\u00f3 el Plan de Impulso al Sector Textil y Calzado, el cual busca formar parte de un convenio con la banca comercial para financiar a 50 mil peque\u00f1as empresas para que aumenten la capacidad productiva.<\/p>\n<p>&nbsp;<\/p>\n<p>&nbsp;<\/p>\n<p>&nbsp;<\/p>\n<p>PUBLICADO EL 19 DE NOVIEMBRE DE 2025 Con informaci\u00f3n de AFP)<\/p>\n","protected":false},"excerpt":{"rendered":"<p>CIUDAD DE M\u00c9XICO. MX. \u2014 \u00a0La inversi\u00f3n extranjera directa (IED) al cierre del tercer trimestre&#8230;<\/p>\n","protected":false},"author":1,"featured_media":228907,"comment_status":"open","ping_status":"open","sticky":false,"template":"","format":"standard","meta":{"_monsterinsights_skip_tracking":false,"_monsterinsights_sitenote_active":false,"_monsterinsights_sitenote_note":"","_monsterinsights_sitenote_category":0,"footnotes":""},"categories":[5],"tags":[],"class_list":["post"],"yoast_head":" \n<title>Sonora en Equipo. R\u00e9cord de inversi\u00f3n extranjera; 41 mil mdd en un trimestre: Sheinbaum Rep\u00fablica<\/title>\n<meta name=\"description\" content=\"CIUDAD DE M\u00c9XICO. MX. \u2014 \u00a0La inversi\u00f3n extranjera directa (IED) al cierre del tercer trimestre de 2025 rompi\u00f3 r\u00e9cord, afirm\u00f3 la presidenta Claudia En Sonora en Equipo publicamos toda la informaci\u00f3n de Sonora, M\u00e9xico y el Mundo de manera oportuna y busca que la libertad de expresi\u00f3n sea real. Visita nuestro medio informativo publicado desde Hermosillo, Sonora. %\" \/>\n<meta name=\"robots\" content=\"index, follow, max-snippet:-1, max-image-preview:large, max-video-preview:-1\" \/>\n<link rel=\"canonical\" href=\"https:\/\/www.sonoraenequipo.com.mx\/record-de-inversion-extranjera-41-mil-mdd-en-un-trimestre-sheinbaum\/\" \/>\n<meta property=\"og:locale\" content=\"es_ES\" \/>\n<meta property=\"og:type\" content=\"article\" \/>\n<meta property=\"og:title\" content=\"Sonora en Equipo. R\u00e9cord de inversi\u00f3n extranjera; 41 mil mdd en un trimestre: Sheinbaum Rep\u00fablica\" \/>\n<meta property=\"og:description\" content=\"CIUDAD DE M\u00c9XICO. MX. \u2014 \u00a0La inversi\u00f3n extranjera directa (IED) al cierre del tercer trimestre de 2025 rompi\u00f3 r\u00e9cord, afirm\u00f3 la presidenta Claudia En Sonora en Equipo publicamos toda la informaci\u00f3n de Sonora, M\u00e9xico y el Mundo de manera oportuna y busca que la libertad de expresi\u00f3n sea real. Visita nuestro medio informativo publicado desde Hermosillo, Sonora. %\" \/>\n<meta property=\"og:url\" content=\"https:\/\/www.sonoraenequipo.com.mx\/record-de-inversion-extranjera-41-mil-mdd-en-un-trimestre-sheinbaum\/\" \/>\n<meta property=\"og:site_name\" content=\"Sonora en Equipo.\" \/>\n<meta property=\"article:publisher\" content=\"https:\/\/www.facebook.com\/SonoraEE\/\" \/>\n<meta property=\"article:author\" content=\"https:\/\/www.facebook.com\/SonoraEE\" \/>\n<meta property=\"article:published_time\" content=\"2025-11-19T15:28:50+00:00\" \/>\n<meta property=\"article:modified_time\" content=\"2025-11-19T18:42:16+00:00\" \/>\n<meta property=\"og:image\" content=\"https:\/\/www.sonoraenequipo.com.mx\/storage\/2025\/11\/presidenta-1911-min.jpg\" \/>\n\t<meta property=\"og:image:width\" content=\"1000\" \/>\n\t<meta property=\"og:image:height\" content=\"645\" \/>\n\t<meta property=\"og:image:type\" content=\"image\/jpeg\" \/>\n<meta name=\"author\" content=\"enequipo\" \/>\n<meta name=\"twitter:card\" content=\"summary_large_image\" \/>\n<meta name=\"twitter:creator\" content=\"@sonoraenequipo\" \/>\n<meta name=\"twitter:site\" content=\"@sonoraenequipo\" \/>\n<meta name=\"twitter:label1\" content=\"Escrito por\" \/>\n\t<meta name=\"twitter:data1\" content=\"enequipo\" \/>\n\t<meta name=\"twitter:label2\" content=\"Tiempo de lectura\" \/>\n\t<meta name=\"twitter:data2\" content=\"4 minutos\" \/>\n<script type=\"application\/ld+json\" class=\"yoast-schema-graph\">{\"@context\":\"https:\/\/schema.org\",\"@graph\":[{\"@type\":\"Article\",\"@id\":\"https:\/\/www.sonoraenequipo.com.mx\/record-de-inversion-extranjera-41-mil-mdd-en-un-trimestre-sheinbaum\/#article\",\"isPartOf\":{\"@id\":\"https:\/\/www.sonoraenequipo.com.mx\/record-de-inversion-extranjera-41-mil-mdd-en-un-trimestre-sheinbaum\/\"},\"author\":{\"name\":\"enequipo\",\"@id\":\"https:\/\/www.sonoraenequipo.com.mx\/#\/schema\/person\/50102df0fb23a8fa9e8effad8fa81386\"},\"headline\":\"R\u00e9cord de inversi\u00f3n extranjera; 41 mil mdd en un trimestre: Sheinbaum\",\"datePublished\":\"2025-11-19T15:28:50+00:00\",\"dateModified\":\"2025-11-19T18:42:16+00:00\",\"mainEntityOfPage\":{\"@id\":\"https:\/\/www.sonoraenequipo.com.mx\/record-de-inversion-extranjera-41-mil-mdd-en-un-trimestre-sheinbaum\/\"},\"wordCount\":862,\"commentCount\":0,\"publisher\":{\"@id\":\"https:\/\/www.sonoraenequipo.com.mx\/#organization\"},\"image\":{\"@id\":\"https:\/\/www.sonoraenequipo.com.mx\/record-de-inversion-extranjera-41-mil-mdd-en-un-trimestre-sheinbaum\/#primaryimage\"},\"thumbnailUrl\":\"https:\/\/www.sonoraenequipo.com.mx\/storage\/2025\/11\/presidenta-1911-min.jpg\",\"articleSection\":[\"Rep\u00fablica\"],\"inLanguage\":\"es\",\"potentialAction\":[{\"@type\":\"CommentAction\",\"name\":\"Comment\",\"target\":[\"https:\/\/www.sonoraenequipo.com.mx\/record-de-inversion-extranjera-41-mil-mdd-en-un-trimestre-sheinbaum\/#respond\"]}]},{\"@type\":\"WebPage\",\"@id\":\"https:\/\/www.sonoraenequipo.com.mx\/record-de-inversion-extranjera-41-mil-mdd-en-un-trimestre-sheinbaum\/\",\"url\":\"https:\/\/www.sonoraenequipo.com.mx\/record-de-inversion-extranjera-41-mil-mdd-en-un-trimestre-sheinbaum\/\",\"name\":\"Sonora en Equipo. R\u00e9cord de inversi\u00f3n extranjera; 41 mil mdd en un trimestre: Sheinbaum Rep\u00fablica\",\"isPartOf\":{\"@id\":\"https:\/\/www.sonoraenequipo.com.mx\/#website\"},\"primaryImageOfPage\":{\"@id\":\"https:\/\/www.sonoraenequipo.com.mx\/record-de-inversion-extranjera-41-mil-mdd-en-un-trimestre-sheinbaum\/#primaryimage\"},\"image\":{\"@id\":\"https:\/\/www.sonoraenequipo.com.mx\/record-de-inversion-extranjera-41-mil-mdd-en-un-trimestre-sheinbaum\/#primaryimage\"},\"thumbnailUrl\":\"https:\/\/www.sonoraenequipo.com.mx\/storage\/2025\/11\/presidenta-1911-min.jpg\",\"datePublished\":\"2025-11-19T15:28:50+00:00\",\"dateModified\":\"2025-11-19T18:42:16+00:00\",\"description\":\"CIUDAD DE M\u00c9XICO. MX. \u2014 \u00a0La inversi\u00f3n extranjera directa (IED) al cierre del tercer trimestre de 2025 rompi\u00f3 r\u00e9cord, afirm\u00f3 la presidenta Claudia En Sonora en Equipo publicamos toda la informaci\u00f3n de Sonora, M\u00e9xico y el Mundo de manera oportuna y busca que la libertad de expresi\u00f3n sea real. Visita nuestro medio informativo publicado desde Hermosillo, Sonora. %\",\"breadcrumb\":{\"@id\":\"https:\/\/www.sonoraenequipo.com.mx\/record-de-inversion-extranjera-41-mil-mdd-en-un-trimestre-sheinbaum\/#breadcrumb\"},\"inLanguage\":\"es\",\"potentialAction\":[{\"@type\":\"ReadAction\",\"target\":[\"https:\/\/www.sonoraenequipo.com.mx\/record-de-inversion-extranjera-41-mil-mdd-en-un-trimestre-sheinbaum\/\"]}]},{\"@type\":\"ImageObject\",\"inLanguage\":\"es\",\"@id\":\"https:\/\/www.sonoraenequipo.com.mx\/record-de-inversion-extranjera-41-mil-mdd-en-un-trimestre-sheinbaum\/#primaryimage\",\"url\":\"https:\/\/www.sonoraenequipo.com.mx\/storage\/2025\/11\/presidenta-1911-min.jpg\",\"contentUrl\":\"https:\/\/www.sonoraenequipo.com.mx\/storage\/2025\/11\/presidenta-1911-min.jpg\",\"width\":1000,\"height\":645},{\"@type\":\"BreadcrumbList\",\"@id\":\"https:\/\/www.sonoraenequipo.com.mx\/record-de-inversion-extranjera-41-mil-mdd-en-un-trimestre-sheinbaum\/#breadcrumb\",\"itemListElement\":[{\"@type\":\"ListItem\",\"position\":1,\"name\":\"Portada\",\"item\":\"https:\/\/www.sonoraenequipo.com.mx\/\"},{\"@type\":\"ListItem\",\"position\":2,\"name\":\"R\u00e9cord de inversi\u00f3n extranjera; 41 mil mdd en un trimestre: Sheinbaum\"}]},{\"@type\":\"WebSite\",\"@id\":\"https:\/\/www.sonoraenequipo.com.mx\/#website\",\"url\":\"https:\/\/www.sonoraenequipo.com.mx\/\",\"name\":\"Sonora en Equipo.\",\"description\":\"Diario en l\u00ednea con Noticias desde Hermosillo, Sonora\",\"publisher\":{\"@id\":\"https:\/\/www.sonoraenequipo.com.mx\/#organization\"},\"potentialAction\":[{\"@type\":\"SearchAction\",\"target\":{\"@type\":\"EntryPoint\",\"urlTemplate\":\"https:\/\/www.sonoraenequipo.com.mx\/?s={search_term_string}\"},\"query-input\":{\"@type\":\"PropertyValueSpecification\",\"valueRequired\":true,\"valueName\":\"search_term_string\"}}],\"inLanguage\":\"es\"},{\"@type\":\"Organization\",\"@id\":\"https:\/\/www.sonoraenequipo.com.mx\/#organization\",\"name\":\"Sonoraenequipo.com.mx\",\"url\":\"https:\/\/www.sonoraenequipo.com.mx\/\",\"logo\":{\"@type\":\"ImageObject\",\"inLanguage\":\"es\",\"@id\":\"https:\/\/www.sonoraenequipo.com.mx\/#\/schema\/logo\/image\/\",\"url\":\"https:\/\/www.sonoraenequipo.com.mx\/storage\/2019\/01\/sonoraenequipo_opt.png\",\"contentUrl\":\"https:\/\/www.sonoraenequipo.com.mx\/storage\/2019\/01\/sonoraenequipo_opt.png\",\"width\":375,\"height\":125,\"caption\":\"Sonoraenequipo.com.mx\"},\"image\":{\"@id\":\"https:\/\/www.sonoraenequipo.com.mx\/#\/schema\/logo\/image\/\"},\"sameAs\":[\"https:\/\/www.facebook.com\/SonoraEE\/\",\"https:\/\/x.com\/sonoraenequipo\",\"https:\/\/www.youtube.com\/channel\/UC338nW-lPEYmJQs4ZABQ1SQ\"]},{\"@type\":\"Person\",\"@id\":\"https:\/\/www.sonoraenequipo.com.mx\/#\/schema\/person\/50102df0fb23a8fa9e8effad8fa81386\",\"name\":\"enequipo\",\"image\":{\"@type\":\"ImageObject\",\"inLanguage\":\"es\",\"@id\":\"https:\/\/www.sonoraenequipo.com.mx\/#\/schema\/person\/image\/\",\"url\":\"https:\/\/secure.gravatar.com\/avatar\/049821681b589dabc0bc20695993ccebb09f5b5d4d790cd9251b97faac7c652b?s=96&d=blank&r=g\",\"contentUrl\":\"https:\/\/secure.gravatar.com\/avatar\/049821681b589dabc0bc20695993ccebb09f5b5d4d790cd9251b97faac7c652b?s=96&d=blank&r=g\",\"caption\":\"enequipo\"},\"sameAs\":[\"https:\/\/www.facebook.com\/SonoraEE\"]}]}<\/script>\n ","yoast_head_json":{"title":"Sonora en Equipo. R\u00e9cord de inversi\u00f3n extranjera; 41 mil mdd en un trimestre: Sheinbaum Rep\u00fablica","description":"CIUDAD DE M\u00c9XICO. MX. \u2014 \u00a0La inversi\u00f3n extranjera directa (IED) al cierre del tercer trimestre de 2025 rompi\u00f3 r\u00e9cord, afirm\u00f3 la presidenta Claudia En Sonora en Equipo publicamos toda la informaci\u00f3n de Sonora, M\u00e9xico y el Mundo de manera oportuna y busca que la libertad de expresi\u00f3n sea real. Visita nuestro medio informativo publicado desde Hermosillo, Sonora. %","robots":{"index":"index","follow":"follow","max-snippet":"max-snippet:-1","max-image-preview":"max-image-preview:large","max-video-preview":"max-video-preview:-1"},"canonical":"https:\/\/www.sonoraenequipo.com.mx\/record-de-inversion-extranjera-41-mil-mdd-en-un-trimestre-sheinbaum\/","og_locale":"es_ES","og_type":"article","og_title":"Sonora en Equipo. R\u00e9cord de inversi\u00f3n extranjera; 41 mil mdd en un trimestre: Sheinbaum Rep\u00fablica","og_description":"CIUDAD DE M\u00c9XICO. MX. \u2014 \u00a0La inversi\u00f3n extranjera directa (IED) al cierre del tercer trimestre de 2025 rompi\u00f3 r\u00e9cord, afirm\u00f3 la presidenta Claudia En Sonora en Equipo publicamos toda la informaci\u00f3n de Sonora, M\u00e9xico y el Mundo de manera oportuna y busca que la libertad de expresi\u00f3n sea real. Visita nuestro medio informativo publicado desde Hermosillo, Sonora. %","og_url":"https:\/\/www.sonoraenequipo.com.mx\/record-de-inversion-extranjera-41-mil-mdd-en-un-trimestre-sheinbaum\/","og_site_name":"Sonora en Equipo.","article_publisher":"https:\/\/www.facebook.com\/SonoraEE\/","article_author":"https:\/\/www.facebook.com\/SonoraEE","article_published_time":"2025-11-19T15:28:50+00:00","article_modified_time":"2025-11-19T18:42:16+00:00","og_image":[{"width":1000,"height":645,"url":"https:\/\/www.sonoraenequipo.com.mx\/storage\/2025\/11\/presidenta-1911-min.jpg","type":"image\/jpeg"}],"author":"enequipo","twitter_card":"summary_large_image","twitter_creator":"@sonoraenequipo","twitter_site":"@sonoraenequipo","twitter_misc":{"Escrito por":"enequipo","Tiempo de lectura":"4 minutos"},"schema":{"@context":"https:\/\/schema.org","@graph":[{"@type":"Article","@id":"https:\/\/www.sonoraenequipo.com.mx\/record-de-inversion-extranjera-41-mil-mdd-en-un-trimestre-sheinbaum\/#article","isPartOf":{"@id":"https:\/\/www.sonoraenequipo.com.mx\/record-de-inversion-extranjera-41-mil-mdd-en-un-trimestre-sheinbaum\/"},"author":{"name":"enequipo","@id":"https:\/\/www.sonoraenequipo.com.mx\/#\/schema\/person\/50102df0fb23a8fa9e8effad8fa81386"},"headline":"R\u00e9cord de inversi\u00f3n extranjera; 41 mil mdd en un trimestre: Sheinbaum","datePublished":"2025-11-19T15:28:50+00:00","dateModified":"2025-11-19T18:42:16+00:00","mainEntityOfPage":{"@id":"https:\/\/www.sonoraenequipo.com.mx\/record-de-inversion-extranjera-41-mil-mdd-en-un-trimestre-sheinbaum\/"},"wordCount":862,"commentCount":0,"publisher":{"@id":"https:\/\/www.sonoraenequipo.com.mx\/#organization"},"image":{"@id":"https:\/\/www.sonoraenequipo.com.mx\/record-de-inversion-extranjera-41-mil-mdd-en-un-trimestre-sheinbaum\/#primaryimage"},"thumbnailUrl":"https:\/\/www.sonoraenequipo.com.mx\/storage\/2025\/11\/presidenta-1911-min.jpg","articleSection":["Rep\u00fablica"],"inLanguage":"es","potentialAction":[{"@type":"CommentAction","name":"Comment","target":["https:\/\/www.sonoraenequipo.com.mx\/record-de-inversion-extranjera-41-mil-mdd-en-un-trimestre-sheinbaum\/#respond"]}]},{"@type":"WebPage","@id":"https:\/\/www.sonoraenequipo.com.mx\/record-de-inversion-extranjera-41-mil-mdd-en-un-trimestre-sheinbaum\/","url":"https:\/\/www.sonoraenequipo.com.mx\/record-de-inversion-extranjera-41-mil-mdd-en-un-trimestre-sheinbaum\/","name":"Sonora en Equipo. R\u00e9cord de inversi\u00f3n extranjera; 41 mil mdd en un trimestre: Sheinbaum Rep\u00fablica","isPartOf":{"@id":"https:\/\/www.sonoraenequipo.com.mx\/#website"},"primaryImageOfPage":{"@id":"https:\/\/www.sonoraenequipo.com.mx\/record-de-inversion-extranjera-41-mil-mdd-en-un-trimestre-sheinbaum\/#primaryimage"},"image":{"@id":"https:\/\/www.sonoraenequipo.com.mx\/record-de-inversion-extranjera-41-mil-mdd-en-un-trimestre-sheinbaum\/#primaryimage"},"thumbnailUrl":"https:\/\/www.sonoraenequipo.com.mx\/storage\/2025\/11\/presidenta-1911-min.jpg","datePublished":"2025-11-19T15:28:50+00:00","dateModified":"2025-11-19T18:42:16+00:00","description":"CIUDAD DE M\u00c9XICO. MX. \u2014 \u00a0La inversi\u00f3n extranjera directa (IED) al cierre del tercer trimestre de 2025 rompi\u00f3 r\u00e9cord, afirm\u00f3 la presidenta Claudia En Sonora en Equipo publicamos toda la informaci\u00f3n de Sonora, M\u00e9xico y el Mundo de manera oportuna y busca que la libertad de expresi\u00f3n sea real. Visita nuestro medio informativo publicado desde Hermosillo, Sonora. %","breadcrumb":{"@id":"https:\/\/www.sonoraenequipo.com.mx\/record-de-inversion-extranjera-41-mil-mdd-en-un-trimestre-sheinbaum\/#breadcrumb"},"inLanguage":"es","potentialAction":[{"@type":"ReadAction","target":["https:\/\/www.sonoraenequipo.com.mx\/record-de-inversion-extranjera-41-mil-mdd-en-un-trimestre-sheinbaum\/"]}]},{"@type":"ImageObject","inLanguage":"es","@id":"https:\/\/www.sonoraenequipo.com.mx\/record-de-inversion-extranjera-41-mil-mdd-en-un-trimestre-sheinbaum\/#primaryimage","url":"https:\/\/www.sonoraenequipo.com.mx\/storage\/2025\/11\/presidenta-1911-min.jpg","contentUrl":"https:\/\/www.sonoraenequipo.com.mx\/storage\/2025\/11\/presidenta-1911-min.jpg","width":1000,"height":645},{"@type":"BreadcrumbList","@id":"https:\/\/www.sonoraenequipo.com.mx\/record-de-inversion-extranjera-41-mil-mdd-en-un-trimestre-sheinbaum\/#breadcrumb","itemListElement":[{"@type":"ListItem","position":1,"name":"Portada","item":"https:\/\/www.sonoraenequipo.com.mx\/"},{"@type":"ListItem","position":2,"name":"R\u00e9cord de inversi\u00f3n extranjera; 41 mil mdd en un trimestre: Sheinbaum"}]},{"@type":"WebSite","@id":"https:\/\/www.sonoraenequipo.com.mx\/#website","url":"https:\/\/www.sonoraenequipo.com.mx\/","name":"Sonora en Equipo.","description":"Diario en l\u00ednea con Noticias desde Hermosillo, Sonora","publisher":{"@id":"https:\/\/www.sonoraenequipo.com.mx\/#organization"},"potentialAction":[{"@type":"SearchAction","target":{"@type":"EntryPoint","urlTemplate":"https:\/\/www.sonoraenequipo.com.mx\/?s={search_term_string}"},"query-input":{"@type":"PropertyValueSpecification","valueRequired":true,"valueName":"search_term_string"}}],"inLanguage":"es"},{"@type":"Organization","@id":"https:\/\/www.sonoraenequipo.com.mx\/#organization","name":"Sonoraenequipo.com.mx","url":"https:\/\/www.sonoraenequipo.com.mx\/","logo":{"@type":"ImageObject","inLanguage":"es","@id":"https:\/\/www.sonoraenequipo.com.mx\/#\/schema\/logo\/image\/","url":"https:\/\/www.sonoraenequipo.com.mx\/storage\/2019\/01\/sonoraenequipo_opt.png","contentUrl":"https:\/\/www.sonoraenequipo.com.mx\/storage\/2019\/01\/sonoraenequipo_opt.png","width":375,"height":125,"caption":"Sonoraenequipo.com.mx"},"image":{"@id":"https:\/\/www.sonoraenequipo.com.mx\/#\/schema\/logo\/image\/"},"sameAs":["https:\/\/www.facebook.com\/SonoraEE\/","https:\/\/x.com\/sonoraenequipo","https:\/\/www.youtube.com\/channel\/UC338nW-lPEYmJQs4ZABQ1SQ"]},{"@type":"Person","@id":"https:\/\/www.sonoraenequipo.com.mx\/#\/schema\/person\/50102df0fb23a8fa9e8effad8fa81386","name":"enequipo","image":{"@type":"ImageObject","inLanguage":"es","@id":"https:\/\/www.sonoraenequipo.com.mx\/#\/schema\/person\/image\/","url":"https:\/\/secure.gravatar.com\/avatar\/049821681b589dabc0bc20695993ccebb09f5b5d4d790cd9251b97faac7c652b?s=96&d=blank&r=g","contentUrl":"https:\/\/secure.gravatar.com\/avatar\/049821681b589dabc0bc20695993ccebb09f5b5d4d790cd9251b97faac7c652b?s=96&d=blank&r=g","caption":"enequipo"},"sameAs":["https:\/\/www.facebook.com\/SonoraEE"]}]}},"jetpack_featured_media_url":"https:\/\/www.sonoraenequipo.com.mx\/storage\/2025\/11\/presidenta-1911-min.jpg","_links":{"self":[{"href":"https:\/\/www.sonoraenequipo.com.mx\/api\/wp\/v2\/posts\/228920","targetHints":{"allow":["GET"]}}],"collection":[{"href":"https:\/\/www.sonoraenequipo.com.mx\/api\/wp\/v2\/posts"}],"about":[{"href":"https:\/\/www.sonoraenequipo.com.mx\/api\/wp\/v2\/types\/post"}],"author":[{"embeddable":true,"href":"https:\/\/www.sonoraenequipo.com.mx\/api\/wp\/v2\/users\/1"}],"replies":[{"embeddable":true,"href":"https:\/\/www.sonoraenequipo.com.mx\/api\/wp\/v2\/comments?post=228920"}],"version-history":[{"count":1,"href":"https:\/\/www.sonoraenequipo.com.mx\/api\/wp\/v2\/posts\/228920\/revisions"}],"predecessor-version":[{"id":228923,"href":"https:\/\/www.sonoraenequipo.com.mx\/api\/wp\/v2\/posts\/228920\/revisions\/228923"}],"wp:featuredmedia":[{"embeddable":true,"href":"https:\/\/www.sonoraenequipo.com.mx\/api\/wp\/v2\/media\/228907"}],"wp:attachment":[{"href":"https:\/\/www.sonoraenequipo.com.mx\/api\/wp\/v2\/media?parent=228920"}],"wp:term":[{"taxonomy":"category","embeddable":true,"href":"https:\/\/www.sonoraenequipo.com.mx\/api\/wp\/v2\/categories?post=228920"},{"taxonomy":"post_tag","embeddable":true,"href":"https:\/\/www.sonoraenequipo.com.mx\/api\/wp\/v2\/tags?post=228920"}],"curies":[{"name":"wp","href":"https:\/\/api.w.org\/{rel}","templated":true}]}}