{"id":228964,"date":"2025-11-19T18:39:00","date_gmt":"2025-11-20T01:39:00","guid":{"rendered":"https:\/\/www.sonoraenequipo.com.mx\/?p=228964"},"modified":"2025-11-19T18:39:00","modified_gmt":"2025-11-20T01:39:00","slug":"curazao-consigue-historico-pase-a-la-copa-mundial-de-futbol-2026","status":"publish","type":"post","link":"https:\/\/www.sonoraenequipo.com.mx\/curazao-consigue-historico-pase-a-la-copa-mundial-de-futbol-2026\/","title":{"rendered":"Curazao consigue hist\u00f3rico pase a la Copa Mundial de futbol 2026"},"content":{"rendered":"<p>Durante la \u00faltima d\u00e9cada, el f\u00fatbol en Curazao ha crecido a pasos agigantados y ha culminado con la clasificaci\u00f3n para su primera Copa Mundial de la FIFA\u2122. La Onda Azul se dirige al gran evento mundial del pr\u00f3ximo a\u00f1o en Norteam\u00e9rica tras terminar en lo m\u00e1s alto del Grupo B en la tercera ronda de clasificaci\u00f3n de la Concacaf.<\/p>\n<p>&nbsp;<\/p>\n<p>Curazao desafi\u00f3 a los pron\u00f3sticos al viajar a Kingston el martes por la noche y conseguir un empate a cero contra Jamaica, lo que le vali\u00f3 su pase al torneo de 48 equipos por primera vez en su historia<\/p>\n<p>&nbsp;<\/p>\n<p>&nbsp;<\/p>\n<p>Bajo la direcci\u00f3n del experimentado seleccionador Dick Advocaat, Curazao complet\u00f3 una brillante campa\u00f1a de clasificaci\u00f3n en la que se mantuvo invicto en diez partidos. Arras\u00f3 con victorias sobre Barbados, Aruba, Santa Luc\u00eda y Hait\u00ed en la segunda ronda, anotando la friolera de 15 goles en el camino.<\/p>\n<p>&nbsp;<\/p>\n<p>En la tercera ronda, se enfrent\u00f3 a potencias caribe\u00f1as como Jamaica, Trinidad y Tobago y Bermudas, y volvi\u00f3 a rendir a un gran nivel. Destacaron la victoria por 2-0 en casa ante Jamaica y el contundente triunfo por 7-1 en Bermudas, con el que se inaugur\u00f3 la ventana de noviembre.<\/p>\n<p>Con jugadores como Tahith Chong, Kenji Gorre y los hermanos Leandro y Juninho Bacuna a la cabeza, Curazao llegar\u00e1 a la Copa Mundial de la FIFA 26\u2122 con la convicci\u00f3n de que esta nueva ola azul que se est\u00e1 formando en el sur del Caribe es solo el comienzo.<\/p>\n<p><strong>Fecha\u00a0 de publicaci\u00f3n\u00a0 mi\u00e9rcoles 19 de noviembre de 2025\/FIFA<\/strong><\/p>\n","protected":false},"excerpt":{"rendered":"<p>Durante la \u00faltima d\u00e9cada, el f\u00fatbol en Curazao ha crecido a pasos agigantados y ha&#8230;<\/p>\n","protected":false},"author":1,"featured_media":228965,"comment_status":"open","ping_status":"open","sticky":false,"template":"","format":"standard","meta":{"_monsterinsights_skip_tracking":false,"_monsterinsights_sitenote_active":false,"_monsterinsights_sitenote_note":"","_monsterinsights_sitenote_category":0,"footnotes":""},"categories":[10],"tags":[],"class_list":["post"],"yoast_head":" \n<title>Sonora en Equipo. Curazao consigue hist\u00f3rico pase a la Copa Mundial de futbol 2026 Deportes<\/title>\n<meta name=\"description\" content=\"Durante la \u00faltima d\u00e9cada, el f\u00fatbol en Curazao ha crecido a pasos agigantados y ha culminado con la clasificaci\u00f3n para su primera Copa Mundial de la En Sonora en Equipo publicamos toda la informaci\u00f3n de Sonora, M\u00e9xico y el Mundo de manera oportuna y busca que la libertad de expresi\u00f3n sea real. Visita nuestro medio informativo publicado desde Hermosillo, Sonora. %\" \/>\n<meta name=\"robots\" content=\"index, follow, max-snippet:-1, max-image-preview:large, max-video-preview:-1\" \/>\n<link rel=\"canonical\" href=\"https:\/\/www.sonoraenequipo.com.mx\/curazao-consigue-historico-pase-a-la-copa-mundial-de-futbol-2026\/\" \/>\n<meta property=\"og:locale\" content=\"es_ES\" \/>\n<meta property=\"og:type\" content=\"article\" \/>\n<meta property=\"og:title\" content=\"Sonora en Equipo. Curazao consigue hist\u00f3rico pase a la Copa Mundial de futbol 2026 Deportes\" \/>\n<meta property=\"og:description\" content=\"Durante la \u00faltima d\u00e9cada, el f\u00fatbol en Curazao ha crecido a pasos agigantados y ha culminado con la clasificaci\u00f3n para su primera Copa Mundial de la En Sonora en Equipo publicamos toda la informaci\u00f3n de Sonora, M\u00e9xico y el Mundo de manera oportuna y busca que la libertad de expresi\u00f3n sea real. Visita nuestro medio informativo publicado desde Hermosillo, Sonora. %\" \/>\n<meta property=\"og:url\" content=\"https:\/\/www.sonoraenequipo.com.mx\/curazao-consigue-historico-pase-a-la-copa-mundial-de-futbol-2026\/\" \/>\n<meta property=\"og:site_name\" content=\"Sonora en Equipo.\" \/>\n<meta property=\"article:publisher\" content=\"https:\/\/www.facebook.com\/SonoraEE\/\" \/>\n<meta property=\"article:author\" content=\"https:\/\/www.facebook.com\/SonoraEE\" \/>\n<meta property=\"article:published_time\" content=\"2025-11-20T01:39:00+00:00\" \/>\n<meta property=\"og:image\" content=\"https:\/\/www.sonoraenequipo.com.mx\/storage\/2025\/11\/jugadores-de-curazao.jpg\" \/>\n\t<meta property=\"og:image:width\" content=\"600\" \/>\n\t<meta property=\"og:image:height\" content=\"400\" \/>\n\t<meta property=\"og:image:type\" content=\"image\/jpeg\" \/>\n<meta name=\"author\" content=\"enequipo\" \/>\n<meta name=\"twitter:card\" content=\"summary_large_image\" \/>\n<meta name=\"twitter:creator\" content=\"@sonoraenequipo\" \/>\n<meta name=\"twitter:site\" content=\"@sonoraenequipo\" \/>\n<meta name=\"twitter:label1\" content=\"Escrito por\" \/>\n\t<meta name=\"twitter:data1\" content=\"enequipo\" \/>\n\t<meta name=\"twitter:label2\" content=\"Tiempo de lectura\" \/>\n\t<meta name=\"twitter:data2\" content=\"1 minuto\" \/>\n<script type=\"application\/ld+json\" class=\"yoast-schema-graph\">{\"@context\":\"https:\/\/schema.org\",\"@graph\":[{\"@type\":\"Article\",\"@id\":\"https:\/\/www.sonoraenequipo.com.mx\/curazao-consigue-historico-pase-a-la-copa-mundial-de-futbol-2026\/#article\",\"isPartOf\":{\"@id\":\"https:\/\/www.sonoraenequipo.com.mx\/curazao-consigue-historico-pase-a-la-copa-mundial-de-futbol-2026\/\"},\"author\":{\"name\":\"enequipo\",\"@id\":\"https:\/\/www.sonoraenequipo.com.mx\/#\/schema\/person\/50102df0fb23a8fa9e8effad8fa81386\"},\"headline\":\"Curazao consigue hist\u00f3rico pase a la Copa Mundial de futbol 2026\",\"datePublished\":\"2025-11-20T01:39:00+00:00\",\"mainEntityOfPage\":{\"@id\":\"https:\/\/www.sonoraenequipo.com.mx\/curazao-consigue-historico-pase-a-la-copa-mundial-de-futbol-2026\/\"},\"wordCount\":281,\"commentCount\":0,\"publisher\":{\"@id\":\"https:\/\/www.sonoraenequipo.com.mx\/#organization\"},\"image\":{\"@id\":\"https:\/\/www.sonoraenequipo.com.mx\/curazao-consigue-historico-pase-a-la-copa-mundial-de-futbol-2026\/#primaryimage\"},\"thumbnailUrl\":\"https:\/\/www.sonoraenequipo.com.mx\/storage\/2025\/11\/jugadores-de-curazao.jpg\",\"articleSection\":[\"Deportes\"],\"inLanguage\":\"es\",\"potentialAction\":[{\"@type\":\"CommentAction\",\"name\":\"Comment\",\"target\":[\"https:\/\/www.sonoraenequipo.com.mx\/curazao-consigue-historico-pase-a-la-copa-mundial-de-futbol-2026\/#respond\"]}]},{\"@type\":\"WebPage\",\"@id\":\"https:\/\/www.sonoraenequipo.com.mx\/curazao-consigue-historico-pase-a-la-copa-mundial-de-futbol-2026\/\",\"url\":\"https:\/\/www.sonoraenequipo.com.mx\/curazao-consigue-historico-pase-a-la-copa-mundial-de-futbol-2026\/\",\"name\":\"Sonora en Equipo. Curazao consigue hist\u00f3rico pase a la Copa Mundial de futbol 2026 Deportes\",\"isPartOf\":{\"@id\":\"https:\/\/www.sonoraenequipo.com.mx\/#website\"},\"primaryImageOfPage\":{\"@id\":\"https:\/\/www.sonoraenequipo.com.mx\/curazao-consigue-historico-pase-a-la-copa-mundial-de-futbol-2026\/#primaryimage\"},\"image\":{\"@id\":\"https:\/\/www.sonoraenequipo.com.mx\/curazao-consigue-historico-pase-a-la-copa-mundial-de-futbol-2026\/#primaryimage\"},\"thumbnailUrl\":\"https:\/\/www.sonoraenequipo.com.mx\/storage\/2025\/11\/jugadores-de-curazao.jpg\",\"datePublished\":\"2025-11-20T01:39:00+00:00\",\"description\":\"Durante la \u00faltima d\u00e9cada, el f\u00fatbol en Curazao ha crecido a pasos agigantados y ha culminado con la clasificaci\u00f3n para su primera Copa Mundial de la En Sonora en Equipo publicamos toda la informaci\u00f3n de Sonora, M\u00e9xico y el Mundo de manera oportuna y busca que la libertad de expresi\u00f3n sea real. Visita nuestro medio informativo publicado desde Hermosillo, Sonora. %\",\"breadcrumb\":{\"@id\":\"https:\/\/www.sonoraenequipo.com.mx\/curazao-consigue-historico-pase-a-la-copa-mundial-de-futbol-2026\/#breadcrumb\"},\"inLanguage\":\"es\",\"potentialAction\":[{\"@type\":\"ReadAction\",\"target\":[\"https:\/\/www.sonoraenequipo.com.mx\/curazao-consigue-historico-pase-a-la-copa-mundial-de-futbol-2026\/\"]}]},{\"@type\":\"ImageObject\",\"inLanguage\":\"es\",\"@id\":\"https:\/\/www.sonoraenequipo.com.mx\/curazao-consigue-historico-pase-a-la-copa-mundial-de-futbol-2026\/#primaryimage\",\"url\":\"https:\/\/www.sonoraenequipo.com.mx\/storage\/2025\/11\/jugadores-de-curazao.jpg\",\"contentUrl\":\"https:\/\/www.sonoraenequipo.com.mx\/storage\/2025\/11\/jugadores-de-curazao.jpg\",\"width\":600,\"height\":400,\"caption\":\"jugadores de Curazao celebran su pase. Imagen FIFA\"},{\"@type\":\"BreadcrumbList\",\"@id\":\"https:\/\/www.sonoraenequipo.com.mx\/curazao-consigue-historico-pase-a-la-copa-mundial-de-futbol-2026\/#breadcrumb\",\"itemListElement\":[{\"@type\":\"ListItem\",\"position\":1,\"name\":\"Portada\",\"item\":\"https:\/\/www.sonoraenequipo.com.mx\/\"},{\"@type\":\"ListItem\",\"position\":2,\"name\":\"Curazao consigue hist\u00f3rico pase a la Copa Mundial de futbol 2026\"}]},{\"@type\":\"WebSite\",\"@id\":\"https:\/\/www.sonoraenequipo.com.mx\/#website\",\"url\":\"https:\/\/www.sonoraenequipo.com.mx\/\",\"name\":\"Sonora en Equipo.\",\"description\":\"Diario en l\u00ednea con Noticias desde Hermosillo, Sonora\",\"publisher\":{\"@id\":\"https:\/\/www.sonoraenequipo.com.mx\/#organization\"},\"potentialAction\":[{\"@type\":\"SearchAction\",\"target\":{\"@type\":\"EntryPoint\",\"urlTemplate\":\"https:\/\/www.sonoraenequipo.com.mx\/?s={search_term_string}\"},\"query-input\":{\"@type\":\"PropertyValueSpecification\",\"valueRequired\":true,\"valueName\":\"search_term_string\"}}],\"inLanguage\":\"es\"},{\"@type\":\"Organization\",\"@id\":\"https:\/\/www.sonoraenequipo.com.mx\/#organization\",\"name\":\"Sonoraenequipo.com.mx\",\"url\":\"https:\/\/www.sonoraenequipo.com.mx\/\",\"logo\":{\"@type\":\"ImageObject\",\"inLanguage\":\"es\",\"@id\":\"https:\/\/www.sonoraenequipo.com.mx\/#\/schema\/logo\/image\/\",\"url\":\"https:\/\/www.sonoraenequipo.com.mx\/storage\/2019\/01\/sonoraenequipo_opt.png\",\"contentUrl\":\"https:\/\/www.sonoraenequipo.com.mx\/storage\/2019\/01\/sonoraenequipo_opt.png\",\"width\":375,\"height\":125,\"caption\":\"Sonoraenequipo.com.mx\"},\"image\":{\"@id\":\"https:\/\/www.sonoraenequipo.com.mx\/#\/schema\/logo\/image\/\"},\"sameAs\":[\"https:\/\/www.facebook.com\/SonoraEE\/\",\"https:\/\/x.com\/sonoraenequipo\",\"https:\/\/www.youtube.com\/channel\/UC338nW-lPEYmJQs4ZABQ1SQ\"]},{\"@type\":\"Person\",\"@id\":\"https:\/\/www.sonoraenequipo.com.mx\/#\/schema\/person\/50102df0fb23a8fa9e8effad8fa81386\",\"name\":\"enequipo\",\"image\":{\"@type\":\"ImageObject\",\"inLanguage\":\"es\",\"@id\":\"https:\/\/www.sonoraenequipo.com.mx\/#\/schema\/person\/image\/\",\"url\":\"https:\/\/secure.gravatar.com\/avatar\/049821681b589dabc0bc20695993ccebb09f5b5d4d790cd9251b97faac7c652b?s=96&d=blank&r=g\",\"contentUrl\":\"https:\/\/secure.gravatar.com\/avatar\/049821681b589dabc0bc20695993ccebb09f5b5d4d790cd9251b97faac7c652b?s=96&d=blank&r=g\",\"caption\":\"enequipo\"},\"sameAs\":[\"https:\/\/www.facebook.com\/SonoraEE\"]}]}<\/script>\n ","yoast_head_json":{"title":"Sonora en Equipo. Curazao consigue hist\u00f3rico pase a la Copa Mundial de futbol 2026 Deportes","description":"Durante la \u00faltima d\u00e9cada, el f\u00fatbol en Curazao ha crecido a pasos agigantados y ha culminado con la clasificaci\u00f3n para su primera Copa Mundial de la En Sonora en Equipo publicamos toda la informaci\u00f3n de Sonora, M\u00e9xico y el Mundo de manera oportuna y busca que la libertad de expresi\u00f3n sea real. Visita nuestro medio informativo publicado desde Hermosillo, Sonora. %","robots":{"index":"index","follow":"follow","max-snippet":"max-snippet:-1","max-image-preview":"max-image-preview:large","max-video-preview":"max-video-preview:-1"},"canonical":"https:\/\/www.sonoraenequipo.com.mx\/curazao-consigue-historico-pase-a-la-copa-mundial-de-futbol-2026\/","og_locale":"es_ES","og_type":"article","og_title":"Sonora en Equipo. Curazao consigue hist\u00f3rico pase a la Copa Mundial de futbol 2026 Deportes","og_description":"Durante la \u00faltima d\u00e9cada, el f\u00fatbol en Curazao ha crecido a pasos agigantados y ha culminado con la clasificaci\u00f3n para su primera Copa Mundial de la En Sonora en Equipo publicamos toda la informaci\u00f3n de Sonora, M\u00e9xico y el Mundo de manera oportuna y busca que la libertad de expresi\u00f3n sea real. Visita nuestro medio informativo publicado desde Hermosillo, Sonora. %","og_url":"https:\/\/www.sonoraenequipo.com.mx\/curazao-consigue-historico-pase-a-la-copa-mundial-de-futbol-2026\/","og_site_name":"Sonora en Equipo.","article_publisher":"https:\/\/www.facebook.com\/SonoraEE\/","article_author":"https:\/\/www.facebook.com\/SonoraEE","article_published_time":"2025-11-20T01:39:00+00:00","og_image":[{"width":600,"height":400,"url":"https:\/\/www.sonoraenequipo.com.mx\/storage\/2025\/11\/jugadores-de-curazao.jpg","type":"image\/jpeg"}],"author":"enequipo","twitter_card":"summary_large_image","twitter_creator":"@sonoraenequipo","twitter_site":"@sonoraenequipo","twitter_misc":{"Escrito por":"enequipo","Tiempo de lectura":"1 minuto"},"schema":{"@context":"https:\/\/schema.org","@graph":[{"@type":"Article","@id":"https:\/\/www.sonoraenequipo.com.mx\/curazao-consigue-historico-pase-a-la-copa-mundial-de-futbol-2026\/#article","isPartOf":{"@id":"https:\/\/www.sonoraenequipo.com.mx\/curazao-consigue-historico-pase-a-la-copa-mundial-de-futbol-2026\/"},"author":{"name":"enequipo","@id":"https:\/\/www.sonoraenequipo.com.mx\/#\/schema\/person\/50102df0fb23a8fa9e8effad8fa81386"},"headline":"Curazao consigue hist\u00f3rico pase a la Copa Mundial de futbol 2026","datePublished":"2025-11-20T01:39:00+00:00","mainEntityOfPage":{"@id":"https:\/\/www.sonoraenequipo.com.mx\/curazao-consigue-historico-pase-a-la-copa-mundial-de-futbol-2026\/"},"wordCount":281,"commentCount":0,"publisher":{"@id":"https:\/\/www.sonoraenequipo.com.mx\/#organization"},"image":{"@id":"https:\/\/www.sonoraenequipo.com.mx\/curazao-consigue-historico-pase-a-la-copa-mundial-de-futbol-2026\/#primaryimage"},"thumbnailUrl":"https:\/\/www.sonoraenequipo.com.mx\/storage\/2025\/11\/jugadores-de-curazao.jpg","articleSection":["Deportes"],"inLanguage":"es","potentialAction":[{"@type":"CommentAction","name":"Comment","target":["https:\/\/www.sonoraenequipo.com.mx\/curazao-consigue-historico-pase-a-la-copa-mundial-de-futbol-2026\/#respond"]}]},{"@type":"WebPage","@id":"https:\/\/www.sonoraenequipo.com.mx\/curazao-consigue-historico-pase-a-la-copa-mundial-de-futbol-2026\/","url":"https:\/\/www.sonoraenequipo.com.mx\/curazao-consigue-historico-pase-a-la-copa-mundial-de-futbol-2026\/","name":"Sonora en Equipo. Curazao consigue hist\u00f3rico pase a la Copa Mundial de futbol 2026 Deportes","isPartOf":{"@id":"https:\/\/www.sonoraenequipo.com.mx\/#website"},"primaryImageOfPage":{"@id":"https:\/\/www.sonoraenequipo.com.mx\/curazao-consigue-historico-pase-a-la-copa-mundial-de-futbol-2026\/#primaryimage"},"image":{"@id":"https:\/\/www.sonoraenequipo.com.mx\/curazao-consigue-historico-pase-a-la-copa-mundial-de-futbol-2026\/#primaryimage"},"thumbnailUrl":"https:\/\/www.sonoraenequipo.com.mx\/storage\/2025\/11\/jugadores-de-curazao.jpg","datePublished":"2025-11-20T01:39:00+00:00","description":"Durante la \u00faltima d\u00e9cada, el f\u00fatbol en Curazao ha crecido a pasos agigantados y ha culminado con la clasificaci\u00f3n para su primera Copa Mundial de la En Sonora en Equipo publicamos toda la informaci\u00f3n de Sonora, M\u00e9xico y el Mundo de manera oportuna y busca que la libertad de expresi\u00f3n sea real. Visita nuestro medio informativo publicado desde Hermosillo, Sonora. %","breadcrumb":{"@id":"https:\/\/www.sonoraenequipo.com.mx\/curazao-consigue-historico-pase-a-la-copa-mundial-de-futbol-2026\/#breadcrumb"},"inLanguage":"es","potentialAction":[{"@type":"ReadAction","target":["https:\/\/www.sonoraenequipo.com.mx\/curazao-consigue-historico-pase-a-la-copa-mundial-de-futbol-2026\/"]}]},{"@type":"ImageObject","inLanguage":"es","@id":"https:\/\/www.sonoraenequipo.com.mx\/curazao-consigue-historico-pase-a-la-copa-mundial-de-futbol-2026\/#primaryimage","url":"https:\/\/www.sonoraenequipo.com.mx\/storage\/2025\/11\/jugadores-de-curazao.jpg","contentUrl":"https:\/\/www.sonoraenequipo.com.mx\/storage\/2025\/11\/jugadores-de-curazao.jpg","width":600,"height":400,"caption":"jugadores de Curazao celebran su pase. Imagen FIFA"},{"@type":"BreadcrumbList","@id":"https:\/\/www.sonoraenequipo.com.mx\/curazao-consigue-historico-pase-a-la-copa-mundial-de-futbol-2026\/#breadcrumb","itemListElement":[{"@type":"ListItem","position":1,"name":"Portada","item":"https:\/\/www.sonoraenequipo.com.mx\/"},{"@type":"ListItem","position":2,"name":"Curazao consigue hist\u00f3rico pase a la Copa Mundial de futbol 2026"}]},{"@type":"WebSite","@id":"https:\/\/www.sonoraenequipo.com.mx\/#website","url":"https:\/\/www.sonoraenequipo.com.mx\/","name":"Sonora en Equipo.","description":"Diario en l\u00ednea con Noticias desde Hermosillo, Sonora","publisher":{"@id":"https:\/\/www.sonoraenequipo.com.mx\/#organization"},"potentialAction":[{"@type":"SearchAction","target":{"@type":"EntryPoint","urlTemplate":"https:\/\/www.sonoraenequipo.com.mx\/?s={search_term_string}"},"query-input":{"@type":"PropertyValueSpecification","valueRequired":true,"valueName":"search_term_string"}}],"inLanguage":"es"},{"@type":"Organization","@id":"https:\/\/www.sonoraenequipo.com.mx\/#organization","name":"Sonoraenequipo.com.mx","url":"https:\/\/www.sonoraenequipo.com.mx\/","logo":{"@type":"ImageObject","inLanguage":"es","@id":"https:\/\/www.sonoraenequipo.com.mx\/#\/schema\/logo\/image\/","url":"https:\/\/www.sonoraenequipo.com.mx\/storage\/2019\/01\/sonoraenequipo_opt.png","contentUrl":"https:\/\/www.sonoraenequipo.com.mx\/storage\/2019\/01\/sonoraenequipo_opt.png","width":375,"height":125,"caption":"Sonoraenequipo.com.mx"},"image":{"@id":"https:\/\/www.sonoraenequipo.com.mx\/#\/schema\/logo\/image\/"},"sameAs":["https:\/\/www.facebook.com\/SonoraEE\/","https:\/\/x.com\/sonoraenequipo","https:\/\/www.youtube.com\/channel\/UC338nW-lPEYmJQs4ZABQ1SQ"]},{"@type":"Person","@id":"https:\/\/www.sonoraenequipo.com.mx\/#\/schema\/person\/50102df0fb23a8fa9e8effad8fa81386","name":"enequipo","image":{"@type":"ImageObject","inLanguage":"es","@id":"https:\/\/www.sonoraenequipo.com.mx\/#\/schema\/person\/image\/","url":"https:\/\/secure.gravatar.com\/avatar\/049821681b589dabc0bc20695993ccebb09f5b5d4d790cd9251b97faac7c652b?s=96&d=blank&r=g","contentUrl":"https:\/\/secure.gravatar.com\/avatar\/049821681b589dabc0bc20695993ccebb09f5b5d4d790cd9251b97faac7c652b?s=96&d=blank&r=g","caption":"enequipo"},"sameAs":["https:\/\/www.facebook.com\/SonoraEE"]}]}},"jetpack_featured_media_url":"https:\/\/www.sonoraenequipo.com.mx\/storage\/2025\/11\/jugadores-de-curazao.jpg","_links":{"self":[{"href":"https:\/\/www.sonoraenequipo.com.mx\/api\/wp\/v2\/posts\/228964","targetHints":{"allow":["GET"]}}],"collection":[{"href":"https:\/\/www.sonoraenequipo.com.mx\/api\/wp\/v2\/posts"}],"about":[{"href":"https:\/\/www.sonoraenequipo.com.mx\/api\/wp\/v2\/types\/post"}],"author":[{"embeddable":true,"href":"https:\/\/www.sonoraenequipo.com.mx\/api\/wp\/v2\/users\/1"}],"replies":[{"embeddable":true,"href":"https:\/\/www.sonoraenequipo.com.mx\/api\/wp\/v2\/comments?post=228964"}],"version-history":[{"count":1,"href":"https:\/\/www.sonoraenequipo.com.mx\/api\/wp\/v2\/posts\/228964\/revisions"}],"predecessor-version":[{"id":228966,"href":"https:\/\/www.sonoraenequipo.com.mx\/api\/wp\/v2\/posts\/228964\/revisions\/228966"}],"wp:featuredmedia":[{"embeddable":true,"href":"https:\/\/www.sonoraenequipo.com.mx\/api\/wp\/v2\/media\/228965"}],"wp:attachment":[{"href":"https:\/\/www.sonoraenequipo.com.mx\/api\/wp\/v2\/media?parent=228964"}],"wp:term":[{"taxonomy":"category","embeddable":true,"href":"https:\/\/www.sonoraenequipo.com.mx\/api\/wp\/v2\/categories?post=228964"},{"taxonomy":"post_tag","embeddable":true,"href":"https:\/\/www.sonoraenequipo.com.mx\/api\/wp\/v2\/tags?post=228964"}],"curies":[{"name":"wp","href":"https:\/\/api.w.org\/{rel}","templated":true}]}}