{"id":228967,"date":"2025-11-19T18:50:26","date_gmt":"2025-11-20T01:50:26","guid":{"rendered":"https:\/\/www.sonoraenequipo.com.mx\/?p=228967"},"modified":"2025-11-19T18:50:26","modified_gmt":"2025-11-20T01:50:26","slug":"infonavit-reconoce-a-la-ues-por-el-buen-cumplimiento-de-sus-obligaciones-con-el-instituto","status":"publish","type":"post","link":"https:\/\/www.sonoraenequipo.com.mx\/infonavit-reconoce-a-la-ues-por-el-buen-cumplimiento-de-sus-obligaciones-con-el-instituto\/","title":{"rendered":"Infonavit reconoce a la UES por el buen cumplimiento de sus obligaciones con el instituto"},"content":{"rendered":"<p><strong>HERMOSILLO, SONORA, MX.<\/strong> \u2014La Universidad Estatal de Sonora (UES) fue distinguida por el Instituto del Fondo Nacional de la Vivienda para los Trabajadores (Infonavit) como \u201cEmpresa de diez\u201d, al acreditar el cumplimiento oportuno de cuotas y cr\u00e9ditos de vivienda, reflejo del compromiso del Gobierno de Sonora con el fortalecimiento de las prestaciones laborales.<\/p>\n<p>&nbsp;<\/p>\n<p>&nbsp;<\/p>\n<p>&nbsp;<\/p>\n<p>La UES obtiene esta distinci\u00f3n por segundo a\u00f1o consecutivo, reafirmando la eficiencia de sus procesos administrativos y su deber con la mejora continua en beneficio de las y los trabajadores de la instituci\u00f3n.<\/p>\n<p>&nbsp;<\/p>\n<p>&nbsp;<\/p>\n<p>&nbsp;<\/p>\n<p>El reconocimiento fue entregado por Noelia Guadalupe Gautrin C\u00f3rdova y Carlos Domingo Le\u00f3n Orozco, en representaci\u00f3n del Infonavit, al secretario general administrativo de la UES, Jos\u00e9 Antonio Romero Monta\u00f1o, y fue acompa\u00f1ado por personal de Recursos Humanos y por el secretario general de Planeaci\u00f3n, Jorge Omar Herrera Guti\u00e9rrez.<\/p>\n<p>&nbsp;<\/p>\n<p>&nbsp;<\/p>\n<p>&nbsp;<\/p>\n<p>Romero Monta\u00f1o destac\u00f3, a nombre de la rectora Martha Patricia Pati\u00f1o Fierro, que este reconocimiento \u201cconfirma el esfuerzo diario para garantizar condiciones laborales dignas\u201d. Asimismo, reiter\u00f3 que la UES continuar\u00e1 fortaleciendo acciones que impacten positivamente en su comunidad.<\/p>\n<p>&nbsp;<\/p>\n<p>&nbsp;<\/p>\n<p>&nbsp;<\/p>\n<p>Durante la jornada se imparti\u00f3 una charla informativa al personal de Rector\u00eda y, de forma virtual, a los colaboradores de las Unidades Acad\u00e9micas de San Luis R\u00edo Colorado, Hermosillo, Navojoa, Magdalena y Benito Ju\u00e1rez, en la que se presentaron los servicios y beneficios que ofrece el Infonavit.<\/p>\n<p><strong>Fecha\u00a0 de publicaci\u00f3n\u00a0 mi\u00e9rcoles 19 de noviembre de 2025<\/strong><\/p>\n","protected":false},"excerpt":{"rendered":"<p>HERMOSILLO, SONORA, MX. \u2014La Universidad Estatal de Sonora (UES) fue distinguida por el Instituto del&#8230;<\/p>\n","protected":false},"author":1,"featured_media":228968,"comment_status":"open","ping_status":"open","sticky":false,"template":"","format":"standard","meta":{"_monsterinsights_skip_tracking":false,"_monsterinsights_sitenote_active":false,"_monsterinsights_sitenote_note":"","_monsterinsights_sitenote_category":0,"footnotes":""},"categories":[22],"tags":[903,833],"class_list":["post"],"yoast_head":" \n<title>Sonora en Equipo. Infonavit reconoce a la UES por el buen cumplimiento de sus obligaciones con el instituto Sonora<\/title>\n<meta name=\"description\" content=\"HERMOSILLO, SONORA, MX. \u2014La Universidad Estatal de Sonora (UES) fue distinguida por el Instituto del Fondo Nacional de la Vivienda para los Trabajadores En Sonora en Equipo publicamos toda la informaci\u00f3n de Sonora, M\u00e9xico y el Mundo de manera oportuna y busca que la libertad de expresi\u00f3n sea real. Visita nuestro medio informativo publicado desde Hermosillo, Sonora. %\" \/>\n<meta name=\"robots\" content=\"index, follow, max-snippet:-1, max-image-preview:large, max-video-preview:-1\" \/>\n<link rel=\"canonical\" href=\"https:\/\/www.sonoraenequipo.com.mx\/infonavit-reconoce-a-la-ues-por-el-buen-cumplimiento-de-sus-obligaciones-con-el-instituto\/\" \/>\n<meta property=\"og:locale\" content=\"es_ES\" \/>\n<meta property=\"og:type\" content=\"article\" \/>\n<meta property=\"og:title\" content=\"Sonora en Equipo. Infonavit reconoce a la UES por el buen cumplimiento de sus obligaciones con el instituto Sonora\" \/>\n<meta property=\"og:description\" content=\"HERMOSILLO, SONORA, MX. \u2014La Universidad Estatal de Sonora (UES) fue distinguida por el Instituto del Fondo Nacional de la Vivienda para los Trabajadores En Sonora en Equipo publicamos toda la informaci\u00f3n de Sonora, M\u00e9xico y el Mundo de manera oportuna y busca que la libertad de expresi\u00f3n sea real. Visita nuestro medio informativo publicado desde Hermosillo, Sonora. %\" \/>\n<meta property=\"og:url\" content=\"https:\/\/www.sonoraenequipo.com.mx\/infonavit-reconoce-a-la-ues-por-el-buen-cumplimiento-de-sus-obligaciones-con-el-instituto\/\" \/>\n<meta property=\"og:site_name\" content=\"Sonora en Equipo.\" \/>\n<meta property=\"article:publisher\" content=\"https:\/\/www.facebook.com\/SonoraEE\/\" \/>\n<meta property=\"article:author\" content=\"https:\/\/www.facebook.com\/SonoraEE\" \/>\n<meta property=\"article:published_time\" content=\"2025-11-20T01:50:26+00:00\" \/>\n<meta property=\"og:image\" content=\"https:\/\/www.sonoraenequipo.com.mx\/storage\/2025\/11\/ues-infonavit.jpg\" \/>\n\t<meta property=\"og:image:width\" content=\"600\" \/>\n\t<meta property=\"og:image:height\" content=\"400\" \/>\n\t<meta property=\"og:image:type\" content=\"image\/jpeg\" \/>\n<meta name=\"author\" content=\"enequipo\" \/>\n<meta name=\"twitter:card\" content=\"summary_large_image\" \/>\n<meta name=\"twitter:creator\" content=\"@sonoraenequipo\" \/>\n<meta name=\"twitter:site\" content=\"@sonoraenequipo\" \/>\n<meta name=\"twitter:label1\" content=\"Escrito por\" \/>\n\t<meta name=\"twitter:data1\" content=\"enequipo\" \/>\n\t<meta name=\"twitter:label2\" content=\"Tiempo de lectura\" \/>\n\t<meta name=\"twitter:data2\" content=\"1 minuto\" \/>\n<script type=\"application\/ld+json\" class=\"yoast-schema-graph\">{\"@context\":\"https:\/\/schema.org\",\"@graph\":[{\"@type\":\"Article\",\"@id\":\"https:\/\/www.sonoraenequipo.com.mx\/infonavit-reconoce-a-la-ues-por-el-buen-cumplimiento-de-sus-obligaciones-con-el-instituto\/#article\",\"isPartOf\":{\"@id\":\"https:\/\/www.sonoraenequipo.com.mx\/infonavit-reconoce-a-la-ues-por-el-buen-cumplimiento-de-sus-obligaciones-con-el-instituto\/\"},\"author\":{\"name\":\"enequipo\",\"@id\":\"https:\/\/www.sonoraenequipo.com.mx\/#\/schema\/person\/50102df0fb23a8fa9e8effad8fa81386\"},\"headline\":\"Infonavit reconoce a la UES por el buen cumplimiento de sus obligaciones con el instituto\",\"datePublished\":\"2025-11-20T01:50:26+00:00\",\"mainEntityOfPage\":{\"@id\":\"https:\/\/www.sonoraenequipo.com.mx\/infonavit-reconoce-a-la-ues-por-el-buen-cumplimiento-de-sus-obligaciones-con-el-instituto\/\"},\"wordCount\":272,\"commentCount\":0,\"publisher\":{\"@id\":\"https:\/\/www.sonoraenequipo.com.mx\/#organization\"},\"image\":{\"@id\":\"https:\/\/www.sonoraenequipo.com.mx\/infonavit-reconoce-a-la-ues-por-el-buen-cumplimiento-de-sus-obligaciones-con-el-instituto\/#primaryimage\"},\"thumbnailUrl\":\"https:\/\/www.sonoraenequipo.com.mx\/storage\/2025\/11\/ues-infonavit.jpg\",\"keywords\":[\"INFONAVIT\",\"UES\"],\"articleSection\":[\"Sonora\"],\"inLanguage\":\"es\",\"potentialAction\":[{\"@type\":\"CommentAction\",\"name\":\"Comment\",\"target\":[\"https:\/\/www.sonoraenequipo.com.mx\/infonavit-reconoce-a-la-ues-por-el-buen-cumplimiento-de-sus-obligaciones-con-el-instituto\/#respond\"]}]},{\"@type\":\"WebPage\",\"@id\":\"https:\/\/www.sonoraenequipo.com.mx\/infonavit-reconoce-a-la-ues-por-el-buen-cumplimiento-de-sus-obligaciones-con-el-instituto\/\",\"url\":\"https:\/\/www.sonoraenequipo.com.mx\/infonavit-reconoce-a-la-ues-por-el-buen-cumplimiento-de-sus-obligaciones-con-el-instituto\/\",\"name\":\"Sonora en Equipo. Infonavit reconoce a la UES por el buen cumplimiento de sus obligaciones con el instituto Sonora\",\"isPartOf\":{\"@id\":\"https:\/\/www.sonoraenequipo.com.mx\/#website\"},\"primaryImageOfPage\":{\"@id\":\"https:\/\/www.sonoraenequipo.com.mx\/infonavit-reconoce-a-la-ues-por-el-buen-cumplimiento-de-sus-obligaciones-con-el-instituto\/#primaryimage\"},\"image\":{\"@id\":\"https:\/\/www.sonoraenequipo.com.mx\/infonavit-reconoce-a-la-ues-por-el-buen-cumplimiento-de-sus-obligaciones-con-el-instituto\/#primaryimage\"},\"thumbnailUrl\":\"https:\/\/www.sonoraenequipo.com.mx\/storage\/2025\/11\/ues-infonavit.jpg\",\"datePublished\":\"2025-11-20T01:50:26+00:00\",\"description\":\"HERMOSILLO, SONORA, MX. \u2014La Universidad Estatal de Sonora (UES) fue distinguida por el Instituto del Fondo Nacional de la Vivienda para los Trabajadores En Sonora en Equipo publicamos toda la informaci\u00f3n de Sonora, M\u00e9xico y el Mundo de manera oportuna y busca que la libertad de expresi\u00f3n sea real. Visita nuestro medio informativo publicado desde Hermosillo, Sonora. %\",\"breadcrumb\":{\"@id\":\"https:\/\/www.sonoraenequipo.com.mx\/infonavit-reconoce-a-la-ues-por-el-buen-cumplimiento-de-sus-obligaciones-con-el-instituto\/#breadcrumb\"},\"inLanguage\":\"es\",\"potentialAction\":[{\"@type\":\"ReadAction\",\"target\":[\"https:\/\/www.sonoraenequipo.com.mx\/infonavit-reconoce-a-la-ues-por-el-buen-cumplimiento-de-sus-obligaciones-con-el-instituto\/\"]}]},{\"@type\":\"ImageObject\",\"inLanguage\":\"es\",\"@id\":\"https:\/\/www.sonoraenequipo.com.mx\/infonavit-reconoce-a-la-ues-por-el-buen-cumplimiento-de-sus-obligaciones-con-el-instituto\/#primaryimage\",\"url\":\"https:\/\/www.sonoraenequipo.com.mx\/storage\/2025\/11\/ues-infonavit.jpg\",\"contentUrl\":\"https:\/\/www.sonoraenequipo.com.mx\/storage\/2025\/11\/ues-infonavit.jpg\",\"width\":600,\"height\":400},{\"@type\":\"BreadcrumbList\",\"@id\":\"https:\/\/www.sonoraenequipo.com.mx\/infonavit-reconoce-a-la-ues-por-el-buen-cumplimiento-de-sus-obligaciones-con-el-instituto\/#breadcrumb\",\"itemListElement\":[{\"@type\":\"ListItem\",\"position\":1,\"name\":\"Portada\",\"item\":\"https:\/\/www.sonoraenequipo.com.mx\/\"},{\"@type\":\"ListItem\",\"position\":2,\"name\":\"Infonavit reconoce a la UES por el buen cumplimiento de sus obligaciones con el instituto\"}]},{\"@type\":\"WebSite\",\"@id\":\"https:\/\/www.sonoraenequipo.com.mx\/#website\",\"url\":\"https:\/\/www.sonoraenequipo.com.mx\/\",\"name\":\"Sonora en Equipo.\",\"description\":\"Diario en l\u00ednea con Noticias desde Hermosillo, Sonora\",\"publisher\":{\"@id\":\"https:\/\/www.sonoraenequipo.com.mx\/#organization\"},\"potentialAction\":[{\"@type\":\"SearchAction\",\"target\":{\"@type\":\"EntryPoint\",\"urlTemplate\":\"https:\/\/www.sonoraenequipo.com.mx\/?s={search_term_string}\"},\"query-input\":{\"@type\":\"PropertyValueSpecification\",\"valueRequired\":true,\"valueName\":\"search_term_string\"}}],\"inLanguage\":\"es\"},{\"@type\":\"Organization\",\"@id\":\"https:\/\/www.sonoraenequipo.com.mx\/#organization\",\"name\":\"Sonoraenequipo.com.mx\",\"url\":\"https:\/\/www.sonoraenequipo.com.mx\/\",\"logo\":{\"@type\":\"ImageObject\",\"inLanguage\":\"es\",\"@id\":\"https:\/\/www.sonoraenequipo.com.mx\/#\/schema\/logo\/image\/\",\"url\":\"https:\/\/www.sonoraenequipo.com.mx\/storage\/2019\/01\/sonoraenequipo_opt.png\",\"contentUrl\":\"https:\/\/www.sonoraenequipo.com.mx\/storage\/2019\/01\/sonoraenequipo_opt.png\",\"width\":375,\"height\":125,\"caption\":\"Sonoraenequipo.com.mx\"},\"image\":{\"@id\":\"https:\/\/www.sonoraenequipo.com.mx\/#\/schema\/logo\/image\/\"},\"sameAs\":[\"https:\/\/www.facebook.com\/SonoraEE\/\",\"https:\/\/x.com\/sonoraenequipo\",\"https:\/\/www.youtube.com\/channel\/UC338nW-lPEYmJQs4ZABQ1SQ\"]},{\"@type\":\"Person\",\"@id\":\"https:\/\/www.sonoraenequipo.com.mx\/#\/schema\/person\/50102df0fb23a8fa9e8effad8fa81386\",\"name\":\"enequipo\",\"image\":{\"@type\":\"ImageObject\",\"inLanguage\":\"es\",\"@id\":\"https:\/\/www.sonoraenequipo.com.mx\/#\/schema\/person\/image\/\",\"url\":\"https:\/\/secure.gravatar.com\/avatar\/049821681b589dabc0bc20695993ccebb09f5b5d4d790cd9251b97faac7c652b?s=96&d=blank&r=g\",\"contentUrl\":\"https:\/\/secure.gravatar.com\/avatar\/049821681b589dabc0bc20695993ccebb09f5b5d4d790cd9251b97faac7c652b?s=96&d=blank&r=g\",\"caption\":\"enequipo\"},\"sameAs\":[\"https:\/\/www.facebook.com\/SonoraEE\"]}]}<\/script>\n ","yoast_head_json":{"title":"Sonora en Equipo. Infonavit reconoce a la UES por el buen cumplimiento de sus obligaciones con el instituto Sonora","description":"HERMOSILLO, SONORA, MX. \u2014La Universidad Estatal de Sonora (UES) fue distinguida por el Instituto del Fondo Nacional de la Vivienda para los Trabajadores En Sonora en Equipo publicamos toda la informaci\u00f3n de Sonora, M\u00e9xico y el Mundo de manera oportuna y busca que la libertad de expresi\u00f3n sea real. Visita nuestro medio informativo publicado desde Hermosillo, Sonora. %","robots":{"index":"index","follow":"follow","max-snippet":"max-snippet:-1","max-image-preview":"max-image-preview:large","max-video-preview":"max-video-preview:-1"},"canonical":"https:\/\/www.sonoraenequipo.com.mx\/infonavit-reconoce-a-la-ues-por-el-buen-cumplimiento-de-sus-obligaciones-con-el-instituto\/","og_locale":"es_ES","og_type":"article","og_title":"Sonora en Equipo. Infonavit reconoce a la UES por el buen cumplimiento de sus obligaciones con el instituto Sonora","og_description":"HERMOSILLO, SONORA, MX. \u2014La Universidad Estatal de Sonora (UES) fue distinguida por el Instituto del Fondo Nacional de la Vivienda para los Trabajadores En Sonora en Equipo publicamos toda la informaci\u00f3n de Sonora, M\u00e9xico y el Mundo de manera oportuna y busca que la libertad de expresi\u00f3n sea real. Visita nuestro medio informativo publicado desde Hermosillo, Sonora. %","og_url":"https:\/\/www.sonoraenequipo.com.mx\/infonavit-reconoce-a-la-ues-por-el-buen-cumplimiento-de-sus-obligaciones-con-el-instituto\/","og_site_name":"Sonora en Equipo.","article_publisher":"https:\/\/www.facebook.com\/SonoraEE\/","article_author":"https:\/\/www.facebook.com\/SonoraEE","article_published_time":"2025-11-20T01:50:26+00:00","og_image":[{"width":600,"height":400,"url":"https:\/\/www.sonoraenequipo.com.mx\/storage\/2025\/11\/ues-infonavit.jpg","type":"image\/jpeg"}],"author":"enequipo","twitter_card":"summary_large_image","twitter_creator":"@sonoraenequipo","twitter_site":"@sonoraenequipo","twitter_misc":{"Escrito por":"enequipo","Tiempo de lectura":"1 minuto"},"schema":{"@context":"https:\/\/schema.org","@graph":[{"@type":"Article","@id":"https:\/\/www.sonoraenequipo.com.mx\/infonavit-reconoce-a-la-ues-por-el-buen-cumplimiento-de-sus-obligaciones-con-el-instituto\/#article","isPartOf":{"@id":"https:\/\/www.sonoraenequipo.com.mx\/infonavit-reconoce-a-la-ues-por-el-buen-cumplimiento-de-sus-obligaciones-con-el-instituto\/"},"author":{"name":"enequipo","@id":"https:\/\/www.sonoraenequipo.com.mx\/#\/schema\/person\/50102df0fb23a8fa9e8effad8fa81386"},"headline":"Infonavit reconoce a la UES por el buen cumplimiento de sus obligaciones con el instituto","datePublished":"2025-11-20T01:50:26+00:00","mainEntityOfPage":{"@id":"https:\/\/www.sonoraenequipo.com.mx\/infonavit-reconoce-a-la-ues-por-el-buen-cumplimiento-de-sus-obligaciones-con-el-instituto\/"},"wordCount":272,"commentCount":0,"publisher":{"@id":"https:\/\/www.sonoraenequipo.com.mx\/#organization"},"image":{"@id":"https:\/\/www.sonoraenequipo.com.mx\/infonavit-reconoce-a-la-ues-por-el-buen-cumplimiento-de-sus-obligaciones-con-el-instituto\/#primaryimage"},"thumbnailUrl":"https:\/\/www.sonoraenequipo.com.mx\/storage\/2025\/11\/ues-infonavit.jpg","keywords":["INFONAVIT","UES"],"articleSection":["Sonora"],"inLanguage":"es","potentialAction":[{"@type":"CommentAction","name":"Comment","target":["https:\/\/www.sonoraenequipo.com.mx\/infonavit-reconoce-a-la-ues-por-el-buen-cumplimiento-de-sus-obligaciones-con-el-instituto\/#respond"]}]},{"@type":"WebPage","@id":"https:\/\/www.sonoraenequipo.com.mx\/infonavit-reconoce-a-la-ues-por-el-buen-cumplimiento-de-sus-obligaciones-con-el-instituto\/","url":"https:\/\/www.sonoraenequipo.com.mx\/infonavit-reconoce-a-la-ues-por-el-buen-cumplimiento-de-sus-obligaciones-con-el-instituto\/","name":"Sonora en Equipo. Infonavit reconoce a la UES por el buen cumplimiento de sus obligaciones con el instituto Sonora","isPartOf":{"@id":"https:\/\/www.sonoraenequipo.com.mx\/#website"},"primaryImageOfPage":{"@id":"https:\/\/www.sonoraenequipo.com.mx\/infonavit-reconoce-a-la-ues-por-el-buen-cumplimiento-de-sus-obligaciones-con-el-instituto\/#primaryimage"},"image":{"@id":"https:\/\/www.sonoraenequipo.com.mx\/infonavit-reconoce-a-la-ues-por-el-buen-cumplimiento-de-sus-obligaciones-con-el-instituto\/#primaryimage"},"thumbnailUrl":"https:\/\/www.sonoraenequipo.com.mx\/storage\/2025\/11\/ues-infonavit.jpg","datePublished":"2025-11-20T01:50:26+00:00","description":"HERMOSILLO, SONORA, MX. \u2014La Universidad Estatal de Sonora (UES) fue distinguida por el Instituto del Fondo Nacional de la Vivienda para los Trabajadores En Sonora en Equipo publicamos toda la informaci\u00f3n de Sonora, M\u00e9xico y el Mundo de manera oportuna y busca que la libertad de expresi\u00f3n sea real. Visita nuestro medio informativo publicado desde Hermosillo, Sonora. %","breadcrumb":{"@id":"https:\/\/www.sonoraenequipo.com.mx\/infonavit-reconoce-a-la-ues-por-el-buen-cumplimiento-de-sus-obligaciones-con-el-instituto\/#breadcrumb"},"inLanguage":"es","potentialAction":[{"@type":"ReadAction","target":["https:\/\/www.sonoraenequipo.com.mx\/infonavit-reconoce-a-la-ues-por-el-buen-cumplimiento-de-sus-obligaciones-con-el-instituto\/"]}]},{"@type":"ImageObject","inLanguage":"es","@id":"https:\/\/www.sonoraenequipo.com.mx\/infonavit-reconoce-a-la-ues-por-el-buen-cumplimiento-de-sus-obligaciones-con-el-instituto\/#primaryimage","url":"https:\/\/www.sonoraenequipo.com.mx\/storage\/2025\/11\/ues-infonavit.jpg","contentUrl":"https:\/\/www.sonoraenequipo.com.mx\/storage\/2025\/11\/ues-infonavit.jpg","width":600,"height":400},{"@type":"BreadcrumbList","@id":"https:\/\/www.sonoraenequipo.com.mx\/infonavit-reconoce-a-la-ues-por-el-buen-cumplimiento-de-sus-obligaciones-con-el-instituto\/#breadcrumb","itemListElement":[{"@type":"ListItem","position":1,"name":"Portada","item":"https:\/\/www.sonoraenequipo.com.mx\/"},{"@type":"ListItem","position":2,"name":"Infonavit reconoce a la UES por el buen cumplimiento de sus obligaciones con el instituto"}]},{"@type":"WebSite","@id":"https:\/\/www.sonoraenequipo.com.mx\/#website","url":"https:\/\/www.sonoraenequipo.com.mx\/","name":"Sonora en Equipo.","description":"Diario en l\u00ednea con Noticias desde Hermosillo, Sonora","publisher":{"@id":"https:\/\/www.sonoraenequipo.com.mx\/#organization"},"potentialAction":[{"@type":"SearchAction","target":{"@type":"EntryPoint","urlTemplate":"https:\/\/www.sonoraenequipo.com.mx\/?s={search_term_string}"},"query-input":{"@type":"PropertyValueSpecification","valueRequired":true,"valueName":"search_term_string"}}],"inLanguage":"es"},{"@type":"Organization","@id":"https:\/\/www.sonoraenequipo.com.mx\/#organization","name":"Sonoraenequipo.com.mx","url":"https:\/\/www.sonoraenequipo.com.mx\/","logo":{"@type":"ImageObject","inLanguage":"es","@id":"https:\/\/www.sonoraenequipo.com.mx\/#\/schema\/logo\/image\/","url":"https:\/\/www.sonoraenequipo.com.mx\/storage\/2019\/01\/sonoraenequipo_opt.png","contentUrl":"https:\/\/www.sonoraenequipo.com.mx\/storage\/2019\/01\/sonoraenequipo_opt.png","width":375,"height":125,"caption":"Sonoraenequipo.com.mx"},"image":{"@id":"https:\/\/www.sonoraenequipo.com.mx\/#\/schema\/logo\/image\/"},"sameAs":["https:\/\/www.facebook.com\/SonoraEE\/","https:\/\/x.com\/sonoraenequipo","https:\/\/www.youtube.com\/channel\/UC338nW-lPEYmJQs4ZABQ1SQ"]},{"@type":"Person","@id":"https:\/\/www.sonoraenequipo.com.mx\/#\/schema\/person\/50102df0fb23a8fa9e8effad8fa81386","name":"enequipo","image":{"@type":"ImageObject","inLanguage":"es","@id":"https:\/\/www.sonoraenequipo.com.mx\/#\/schema\/person\/image\/","url":"https:\/\/secure.gravatar.com\/avatar\/049821681b589dabc0bc20695993ccebb09f5b5d4d790cd9251b97faac7c652b?s=96&d=blank&r=g","contentUrl":"https:\/\/secure.gravatar.com\/avatar\/049821681b589dabc0bc20695993ccebb09f5b5d4d790cd9251b97faac7c652b?s=96&d=blank&r=g","caption":"enequipo"},"sameAs":["https:\/\/www.facebook.com\/SonoraEE"]}]}},"jetpack_featured_media_url":"https:\/\/www.sonoraenequipo.com.mx\/storage\/2025\/11\/ues-infonavit.jpg","_links":{"self":[{"href":"https:\/\/www.sonoraenequipo.com.mx\/api\/wp\/v2\/posts\/228967","targetHints":{"allow":["GET"]}}],"collection":[{"href":"https:\/\/www.sonoraenequipo.com.mx\/api\/wp\/v2\/posts"}],"about":[{"href":"https:\/\/www.sonoraenequipo.com.mx\/api\/wp\/v2\/types\/post"}],"author":[{"embeddable":true,"href":"https:\/\/www.sonoraenequipo.com.mx\/api\/wp\/v2\/users\/1"}],"replies":[{"embeddable":true,"href":"https:\/\/www.sonoraenequipo.com.mx\/api\/wp\/v2\/comments?post=228967"}],"version-history":[{"count":1,"href":"https:\/\/www.sonoraenequipo.com.mx\/api\/wp\/v2\/posts\/228967\/revisions"}],"predecessor-version":[{"id":228969,"href":"https:\/\/www.sonoraenequipo.com.mx\/api\/wp\/v2\/posts\/228967\/revisions\/228969"}],"wp:featuredmedia":[{"embeddable":true,"href":"https:\/\/www.sonoraenequipo.com.mx\/api\/wp\/v2\/media\/228968"}],"wp:attachment":[{"href":"https:\/\/www.sonoraenequipo.com.mx\/api\/wp\/v2\/media?parent=228967"}],"wp:term":[{"taxonomy":"category","embeddable":true,"href":"https:\/\/www.sonoraenequipo.com.mx\/api\/wp\/v2\/categories?post=228967"},{"taxonomy":"post_tag","embeddable":true,"href":"https:\/\/www.sonoraenequipo.com.mx\/api\/wp\/v2\/tags?post=228967"}],"curies":[{"name":"wp","href":"https:\/\/api.w.org\/{rel}","templated":true}]}}