{"id":228970,"date":"2025-11-19T19:02:32","date_gmt":"2025-11-20T02:02:32","guid":{"rendered":"https:\/\/www.sonoraenequipo.com.mx\/?p=228970"},"modified":"2025-11-19T19:02:32","modified_gmt":"2025-11-20T02:02:32","slug":"copiosa-participacion-de-estudiantes-en-feria-de-la-ciencia-y-tecnologia-de-unisierra","status":"publish","type":"post","link":"https:\/\/www.sonoraenequipo.com.mx\/copiosa-participacion-de-estudiantes-en-feria-de-la-ciencia-y-tecnologia-de-unisierra\/","title":{"rendered":"Copiosa participaci\u00f3n de estudiantes\u00a0 en Feria de la Ciencia y Tecnolog\u00eda de  Unisierra"},"content":{"rendered":"<p><strong>MOCTEZUMA, SONORA, MX.<\/strong><strong> \u0336 \u0336\u00a0 <\/strong>Como parte del esfuerzo y compromiso de la Universidad de la Sierra (Unisierra) para promover la investigaci\u00f3n y creatividad cient\u00edfica en la regi\u00f3n serrana de Sonora, concluy\u00f3 con \u00e9xito la cuarta edici\u00f3n de la Feria de la Ciencia y Tecnolog\u00eda 2025 (Feriacyt).<\/p>\n<p>&nbsp;<\/p>\n<p>&nbsp;<\/p>\n<p>&nbsp;<\/p>\n<p>El evento se llev\u00f3 a cabo en diferentes subsedes en planteles ubicados en Moctezuma, N\u00e1cori Chico, Nacozari de Garc\u00eda, Cumpas, Granados, Bacerac, Ban\u00e1michi, Esqueda y Sahuaripa, logrando convocar a m\u00e1s de tres mil estudiantes de m\u00e1s de 18 municipios serranos.<\/p>\n<p>&nbsp;<\/p>\n<p>&nbsp;<\/p>\n<p>&nbsp;<\/p>\n<p>Juan Carlos Avil\u00e9s Miranda, rector de la Unisierra, detall\u00f3 que, de septiembre a noviembre, ni\u00f1as, ni\u00f1os y adolescentes presentaron m\u00e1s de 100 proyectos de investigaci\u00f3n en \u00e1reas clave como ciencias naturales, salud, medio ambiente, matem\u00e1ticas aplicadas y tecnolog\u00edas para la agricultura.<\/p>\n<p>&nbsp;<\/p>\n<p>&nbsp;<\/p>\n<p>&nbsp;<\/p>\n<p>Resalt\u00f3 la colaboraci\u00f3n de la Comisi\u00f3n Estatal de Ciencia y Tecnolog\u00eda (Coecyt), as\u00ed como de los subsistemas de educaci\u00f3n media superior en la entidad y de la Secretar\u00eda de Educaci\u00f3n P\u00fablica (SEP), entre otras instituciones participantes.<\/p>\n<p>&nbsp;<\/p>\n<p>&nbsp;<\/p>\n<p>&nbsp;<\/p>\n<p>En cada una de las actividades realizadas en las subsedes de la Feriacyt 2025, puntualiz\u00f3, las y los estudiantes exploraron y desarrollaron proyectos que reflejaron sus conocimientos y habilidades adquiridos en el aula.<\/p>\n<p>&nbsp;<\/p>\n<p>&nbsp;<\/p>\n<p>&nbsp;<\/p>\n<p>La iniciativa busca enriquecer el aprendizaje de los estudiantes, adem\u00e1s de estimular un ambiente de competencia saludable y de motivaci\u00f3n, para que los j\u00f3venes se involucren m\u00e1s profundamente en sus estudios y en el desarrollo de soluciones pr\u00e1cticas a problemas reales.<\/p>\n<p><strong>Fecha\u00a0 de publicaci\u00f3n\u00a0 mi\u00e9rcoles 19 de noviembre de 2025<\/strong><\/p>\n<p>&nbsp;<\/p>\n","protected":false},"excerpt":{"rendered":"<p>MOCTEZUMA, SONORA, MX. \u0336 \u0336\u00a0 Como parte del esfuerzo y compromiso de la Universidad de&#8230;<\/p>\n","protected":false},"author":1,"featured_media":228971,"comment_status":"open","ping_status":"open","sticky":false,"template":"","format":"standard","meta":{"_monsterinsights_skip_tracking":false,"_monsterinsights_sitenote_active":false,"_monsterinsights_sitenote_note":"","_monsterinsights_sitenote_category":0,"footnotes":""},"categories":[2216],"tags":[7562],"class_list":["post"],"yoast_head":" \n<title>Sonora en Equipo. Copiosa participaci\u00f3n de estudiantes\u00a0 en Feria de la Ciencia y Tecnolog\u00eda de Unisierra Ciencia y Tecnolog\u00eda<\/title>\n<meta name=\"description\" content=\"MOCTEZUMA, SONORA, MX. \u0336 \u0336\u00a0 Como parte del esfuerzo y compromiso de la Universidad de la Sierra (Unisierra) para promover la investigaci\u00f3n y creatividad En Sonora en Equipo publicamos toda la informaci\u00f3n de Sonora, M\u00e9xico y el Mundo de manera oportuna y busca que la libertad de expresi\u00f3n sea real. Visita nuestro medio informativo publicado desde Hermosillo, Sonora. %\" \/>\n<meta name=\"robots\" content=\"index, follow, max-snippet:-1, max-image-preview:large, max-video-preview:-1\" \/>\n<link rel=\"canonical\" href=\"https:\/\/www.sonoraenequipo.com.mx\/copiosa-participacion-de-estudiantes-en-feria-de-la-ciencia-y-tecnologia-de-unisierra\/\" \/>\n<meta property=\"og:locale\" content=\"es_ES\" \/>\n<meta property=\"og:type\" content=\"article\" \/>\n<meta property=\"og:title\" content=\"Sonora en Equipo. Copiosa participaci\u00f3n de estudiantes\u00a0 en Feria de la Ciencia y Tecnolog\u00eda de Unisierra Ciencia y Tecnolog\u00eda\" \/>\n<meta property=\"og:description\" content=\"MOCTEZUMA, SONORA, MX. \u0336 \u0336\u00a0 Como parte del esfuerzo y compromiso de la Universidad de la Sierra (Unisierra) para promover la investigaci\u00f3n y creatividad En Sonora en Equipo publicamos toda la informaci\u00f3n de Sonora, M\u00e9xico y el Mundo de manera oportuna y busca que la libertad de expresi\u00f3n sea real. Visita nuestro medio informativo publicado desde Hermosillo, Sonora. %\" \/>\n<meta property=\"og:url\" content=\"https:\/\/www.sonoraenequipo.com.mx\/copiosa-participacion-de-estudiantes-en-feria-de-la-ciencia-y-tecnologia-de-unisierra\/\" \/>\n<meta property=\"og:site_name\" content=\"Sonora en Equipo.\" \/>\n<meta property=\"article:publisher\" content=\"https:\/\/www.facebook.com\/SonoraEE\/\" \/>\n<meta property=\"article:author\" content=\"https:\/\/www.facebook.com\/SonoraEE\" \/>\n<meta property=\"article:published_time\" content=\"2025-11-20T02:02:32+00:00\" \/>\n<meta property=\"og:image\" content=\"https:\/\/www.sonoraenequipo.com.mx\/storage\/2025\/11\/cyt-unisierra.jpg\" \/>\n\t<meta property=\"og:image:width\" content=\"600\" \/>\n\t<meta property=\"og:image:height\" content=\"400\" \/>\n\t<meta property=\"og:image:type\" content=\"image\/jpeg\" \/>\n<meta name=\"author\" content=\"enequipo\" \/>\n<meta name=\"twitter:card\" content=\"summary_large_image\" \/>\n<meta name=\"twitter:creator\" content=\"@sonoraenequipo\" \/>\n<meta name=\"twitter:site\" content=\"@sonoraenequipo\" \/>\n<meta name=\"twitter:label1\" content=\"Escrito por\" \/>\n\t<meta name=\"twitter:data1\" content=\"enequipo\" \/>\n\t<meta name=\"twitter:label2\" content=\"Tiempo de lectura\" \/>\n\t<meta name=\"twitter:data2\" content=\"1 minuto\" \/>\n<script type=\"application\/ld+json\" class=\"yoast-schema-graph\">{\"@context\":\"https:\/\/schema.org\",\"@graph\":[{\"@type\":\"Article\",\"@id\":\"https:\/\/www.sonoraenequipo.com.mx\/copiosa-participacion-de-estudiantes-en-feria-de-la-ciencia-y-tecnologia-de-unisierra\/#article\",\"isPartOf\":{\"@id\":\"https:\/\/www.sonoraenequipo.com.mx\/copiosa-participacion-de-estudiantes-en-feria-de-la-ciencia-y-tecnologia-de-unisierra\/\"},\"author\":{\"name\":\"enequipo\",\"@id\":\"https:\/\/www.sonoraenequipo.com.mx\/#\/schema\/person\/50102df0fb23a8fa9e8effad8fa81386\"},\"headline\":\"Copiosa participaci\u00f3n de estudiantes\u00a0 en Feria de la Ciencia y Tecnolog\u00eda de Unisierra\",\"datePublished\":\"2025-11-20T02:02:32+00:00\",\"mainEntityOfPage\":{\"@id\":\"https:\/\/www.sonoraenequipo.com.mx\/copiosa-participacion-de-estudiantes-en-feria-de-la-ciencia-y-tecnologia-de-unisierra\/\"},\"wordCount\":301,\"commentCount\":0,\"publisher\":{\"@id\":\"https:\/\/www.sonoraenequipo.com.mx\/#organization\"},\"image\":{\"@id\":\"https:\/\/www.sonoraenequipo.com.mx\/copiosa-participacion-de-estudiantes-en-feria-de-la-ciencia-y-tecnologia-de-unisierra\/#primaryimage\"},\"thumbnailUrl\":\"https:\/\/www.sonoraenequipo.com.mx\/storage\/2025\/11\/cyt-unisierra.jpg\",\"keywords\":[\"unisierra\"],\"articleSection\":[\"Ciencia y Tecnolog\u00eda\"],\"inLanguage\":\"es\",\"potentialAction\":[{\"@type\":\"CommentAction\",\"name\":\"Comment\",\"target\":[\"https:\/\/www.sonoraenequipo.com.mx\/copiosa-participacion-de-estudiantes-en-feria-de-la-ciencia-y-tecnologia-de-unisierra\/#respond\"]}]},{\"@type\":\"WebPage\",\"@id\":\"https:\/\/www.sonoraenequipo.com.mx\/copiosa-participacion-de-estudiantes-en-feria-de-la-ciencia-y-tecnologia-de-unisierra\/\",\"url\":\"https:\/\/www.sonoraenequipo.com.mx\/copiosa-participacion-de-estudiantes-en-feria-de-la-ciencia-y-tecnologia-de-unisierra\/\",\"name\":\"Sonora en Equipo. Copiosa participaci\u00f3n de estudiantes\u00a0 en Feria de la Ciencia y Tecnolog\u00eda de Unisierra Ciencia y Tecnolog\u00eda\",\"isPartOf\":{\"@id\":\"https:\/\/www.sonoraenequipo.com.mx\/#website\"},\"primaryImageOfPage\":{\"@id\":\"https:\/\/www.sonoraenequipo.com.mx\/copiosa-participacion-de-estudiantes-en-feria-de-la-ciencia-y-tecnologia-de-unisierra\/#primaryimage\"},\"image\":{\"@id\":\"https:\/\/www.sonoraenequipo.com.mx\/copiosa-participacion-de-estudiantes-en-feria-de-la-ciencia-y-tecnologia-de-unisierra\/#primaryimage\"},\"thumbnailUrl\":\"https:\/\/www.sonoraenequipo.com.mx\/storage\/2025\/11\/cyt-unisierra.jpg\",\"datePublished\":\"2025-11-20T02:02:32+00:00\",\"description\":\"MOCTEZUMA, SONORA, MX. \u0336 \u0336\u00a0 Como parte del esfuerzo y compromiso de la Universidad de la Sierra (Unisierra) para promover la investigaci\u00f3n y creatividad En Sonora en Equipo publicamos toda la informaci\u00f3n de Sonora, M\u00e9xico y el Mundo de manera oportuna y busca que la libertad de expresi\u00f3n sea real. Visita nuestro medio informativo publicado desde Hermosillo, Sonora. %\",\"breadcrumb\":{\"@id\":\"https:\/\/www.sonoraenequipo.com.mx\/copiosa-participacion-de-estudiantes-en-feria-de-la-ciencia-y-tecnologia-de-unisierra\/#breadcrumb\"},\"inLanguage\":\"es\",\"potentialAction\":[{\"@type\":\"ReadAction\",\"target\":[\"https:\/\/www.sonoraenequipo.com.mx\/copiosa-participacion-de-estudiantes-en-feria-de-la-ciencia-y-tecnologia-de-unisierra\/\"]}]},{\"@type\":\"ImageObject\",\"inLanguage\":\"es\",\"@id\":\"https:\/\/www.sonoraenequipo.com.mx\/copiosa-participacion-de-estudiantes-en-feria-de-la-ciencia-y-tecnologia-de-unisierra\/#primaryimage\",\"url\":\"https:\/\/www.sonoraenequipo.com.mx\/storage\/2025\/11\/cyt-unisierra.jpg\",\"contentUrl\":\"https:\/\/www.sonoraenequipo.com.mx\/storage\/2025\/11\/cyt-unisierra.jpg\",\"width\":600,\"height\":400},{\"@type\":\"BreadcrumbList\",\"@id\":\"https:\/\/www.sonoraenequipo.com.mx\/copiosa-participacion-de-estudiantes-en-feria-de-la-ciencia-y-tecnologia-de-unisierra\/#breadcrumb\",\"itemListElement\":[{\"@type\":\"ListItem\",\"position\":1,\"name\":\"Portada\",\"item\":\"https:\/\/www.sonoraenequipo.com.mx\/\"},{\"@type\":\"ListItem\",\"position\":2,\"name\":\"Copiosa participaci\u00f3n de estudiantes\u00a0 en Feria de la Ciencia y Tecnolog\u00eda de Unisierra\"}]},{\"@type\":\"WebSite\",\"@id\":\"https:\/\/www.sonoraenequipo.com.mx\/#website\",\"url\":\"https:\/\/www.sonoraenequipo.com.mx\/\",\"name\":\"Sonora en Equipo.\",\"description\":\"Diario en l\u00ednea con Noticias desde Hermosillo, Sonora\",\"publisher\":{\"@id\":\"https:\/\/www.sonoraenequipo.com.mx\/#organization\"},\"potentialAction\":[{\"@type\":\"SearchAction\",\"target\":{\"@type\":\"EntryPoint\",\"urlTemplate\":\"https:\/\/www.sonoraenequipo.com.mx\/?s={search_term_string}\"},\"query-input\":{\"@type\":\"PropertyValueSpecification\",\"valueRequired\":true,\"valueName\":\"search_term_string\"}}],\"inLanguage\":\"es\"},{\"@type\":\"Organization\",\"@id\":\"https:\/\/www.sonoraenequipo.com.mx\/#organization\",\"name\":\"Sonoraenequipo.com.mx\",\"url\":\"https:\/\/www.sonoraenequipo.com.mx\/\",\"logo\":{\"@type\":\"ImageObject\",\"inLanguage\":\"es\",\"@id\":\"https:\/\/www.sonoraenequipo.com.mx\/#\/schema\/logo\/image\/\",\"url\":\"https:\/\/www.sonoraenequipo.com.mx\/storage\/2019\/01\/sonoraenequipo_opt.png\",\"contentUrl\":\"https:\/\/www.sonoraenequipo.com.mx\/storage\/2019\/01\/sonoraenequipo_opt.png\",\"width\":375,\"height\":125,\"caption\":\"Sonoraenequipo.com.mx\"},\"image\":{\"@id\":\"https:\/\/www.sonoraenequipo.com.mx\/#\/schema\/logo\/image\/\"},\"sameAs\":[\"https:\/\/www.facebook.com\/SonoraEE\/\",\"https:\/\/x.com\/sonoraenequipo\",\"https:\/\/www.youtube.com\/channel\/UC338nW-lPEYmJQs4ZABQ1SQ\"]},{\"@type\":\"Person\",\"@id\":\"https:\/\/www.sonoraenequipo.com.mx\/#\/schema\/person\/50102df0fb23a8fa9e8effad8fa81386\",\"name\":\"enequipo\",\"image\":{\"@type\":\"ImageObject\",\"inLanguage\":\"es\",\"@id\":\"https:\/\/www.sonoraenequipo.com.mx\/#\/schema\/person\/image\/\",\"url\":\"https:\/\/secure.gravatar.com\/avatar\/049821681b589dabc0bc20695993ccebb09f5b5d4d790cd9251b97faac7c652b?s=96&d=blank&r=g\",\"contentUrl\":\"https:\/\/secure.gravatar.com\/avatar\/049821681b589dabc0bc20695993ccebb09f5b5d4d790cd9251b97faac7c652b?s=96&d=blank&r=g\",\"caption\":\"enequipo\"},\"sameAs\":[\"https:\/\/www.facebook.com\/SonoraEE\"]}]}<\/script>\n ","yoast_head_json":{"title":"Sonora en Equipo. Copiosa participaci\u00f3n de estudiantes\u00a0 en Feria de la Ciencia y Tecnolog\u00eda de Unisierra Ciencia y Tecnolog\u00eda","description":"MOCTEZUMA, SONORA, MX. \u0336 \u0336\u00a0 Como parte del esfuerzo y compromiso de la Universidad de la Sierra (Unisierra) para promover la investigaci\u00f3n y creatividad En Sonora en Equipo publicamos toda la informaci\u00f3n de Sonora, M\u00e9xico y el Mundo de manera oportuna y busca que la libertad de expresi\u00f3n sea real. Visita nuestro medio informativo publicado desde Hermosillo, Sonora. %","robots":{"index":"index","follow":"follow","max-snippet":"max-snippet:-1","max-image-preview":"max-image-preview:large","max-video-preview":"max-video-preview:-1"},"canonical":"https:\/\/www.sonoraenequipo.com.mx\/copiosa-participacion-de-estudiantes-en-feria-de-la-ciencia-y-tecnologia-de-unisierra\/","og_locale":"es_ES","og_type":"article","og_title":"Sonora en Equipo. Copiosa participaci\u00f3n de estudiantes\u00a0 en Feria de la Ciencia y Tecnolog\u00eda de Unisierra Ciencia y Tecnolog\u00eda","og_description":"MOCTEZUMA, SONORA, MX. \u0336 \u0336\u00a0 Como parte del esfuerzo y compromiso de la Universidad de la Sierra (Unisierra) para promover la investigaci\u00f3n y creatividad En Sonora en Equipo publicamos toda la informaci\u00f3n de Sonora, M\u00e9xico y el Mundo de manera oportuna y busca que la libertad de expresi\u00f3n sea real. Visita nuestro medio informativo publicado desde Hermosillo, Sonora. %","og_url":"https:\/\/www.sonoraenequipo.com.mx\/copiosa-participacion-de-estudiantes-en-feria-de-la-ciencia-y-tecnologia-de-unisierra\/","og_site_name":"Sonora en Equipo.","article_publisher":"https:\/\/www.facebook.com\/SonoraEE\/","article_author":"https:\/\/www.facebook.com\/SonoraEE","article_published_time":"2025-11-20T02:02:32+00:00","og_image":[{"width":600,"height":400,"url":"https:\/\/www.sonoraenequipo.com.mx\/storage\/2025\/11\/cyt-unisierra.jpg","type":"image\/jpeg"}],"author":"enequipo","twitter_card":"summary_large_image","twitter_creator":"@sonoraenequipo","twitter_site":"@sonoraenequipo","twitter_misc":{"Escrito por":"enequipo","Tiempo de lectura":"1 minuto"},"schema":{"@context":"https:\/\/schema.org","@graph":[{"@type":"Article","@id":"https:\/\/www.sonoraenequipo.com.mx\/copiosa-participacion-de-estudiantes-en-feria-de-la-ciencia-y-tecnologia-de-unisierra\/#article","isPartOf":{"@id":"https:\/\/www.sonoraenequipo.com.mx\/copiosa-participacion-de-estudiantes-en-feria-de-la-ciencia-y-tecnologia-de-unisierra\/"},"author":{"name":"enequipo","@id":"https:\/\/www.sonoraenequipo.com.mx\/#\/schema\/person\/50102df0fb23a8fa9e8effad8fa81386"},"headline":"Copiosa participaci\u00f3n de estudiantes\u00a0 en Feria de la Ciencia y Tecnolog\u00eda de Unisierra","datePublished":"2025-11-20T02:02:32+00:00","mainEntityOfPage":{"@id":"https:\/\/www.sonoraenequipo.com.mx\/copiosa-participacion-de-estudiantes-en-feria-de-la-ciencia-y-tecnologia-de-unisierra\/"},"wordCount":301,"commentCount":0,"publisher":{"@id":"https:\/\/www.sonoraenequipo.com.mx\/#organization"},"image":{"@id":"https:\/\/www.sonoraenequipo.com.mx\/copiosa-participacion-de-estudiantes-en-feria-de-la-ciencia-y-tecnologia-de-unisierra\/#primaryimage"},"thumbnailUrl":"https:\/\/www.sonoraenequipo.com.mx\/storage\/2025\/11\/cyt-unisierra.jpg","keywords":["unisierra"],"articleSection":["Ciencia y Tecnolog\u00eda"],"inLanguage":"es","potentialAction":[{"@type":"CommentAction","name":"Comment","target":["https:\/\/www.sonoraenequipo.com.mx\/copiosa-participacion-de-estudiantes-en-feria-de-la-ciencia-y-tecnologia-de-unisierra\/#respond"]}]},{"@type":"WebPage","@id":"https:\/\/www.sonoraenequipo.com.mx\/copiosa-participacion-de-estudiantes-en-feria-de-la-ciencia-y-tecnologia-de-unisierra\/","url":"https:\/\/www.sonoraenequipo.com.mx\/copiosa-participacion-de-estudiantes-en-feria-de-la-ciencia-y-tecnologia-de-unisierra\/","name":"Sonora en Equipo. Copiosa participaci\u00f3n de estudiantes\u00a0 en Feria de la Ciencia y Tecnolog\u00eda de Unisierra Ciencia y Tecnolog\u00eda","isPartOf":{"@id":"https:\/\/www.sonoraenequipo.com.mx\/#website"},"primaryImageOfPage":{"@id":"https:\/\/www.sonoraenequipo.com.mx\/copiosa-participacion-de-estudiantes-en-feria-de-la-ciencia-y-tecnologia-de-unisierra\/#primaryimage"},"image":{"@id":"https:\/\/www.sonoraenequipo.com.mx\/copiosa-participacion-de-estudiantes-en-feria-de-la-ciencia-y-tecnologia-de-unisierra\/#primaryimage"},"thumbnailUrl":"https:\/\/www.sonoraenequipo.com.mx\/storage\/2025\/11\/cyt-unisierra.jpg","datePublished":"2025-11-20T02:02:32+00:00","description":"MOCTEZUMA, SONORA, MX. \u0336 \u0336\u00a0 Como parte del esfuerzo y compromiso de la Universidad de la Sierra (Unisierra) para promover la investigaci\u00f3n y creatividad En Sonora en Equipo publicamos toda la informaci\u00f3n de Sonora, M\u00e9xico y el Mundo de manera oportuna y busca que la libertad de expresi\u00f3n sea real. Visita nuestro medio informativo publicado desde Hermosillo, Sonora. %","breadcrumb":{"@id":"https:\/\/www.sonoraenequipo.com.mx\/copiosa-participacion-de-estudiantes-en-feria-de-la-ciencia-y-tecnologia-de-unisierra\/#breadcrumb"},"inLanguage":"es","potentialAction":[{"@type":"ReadAction","target":["https:\/\/www.sonoraenequipo.com.mx\/copiosa-participacion-de-estudiantes-en-feria-de-la-ciencia-y-tecnologia-de-unisierra\/"]}]},{"@type":"ImageObject","inLanguage":"es","@id":"https:\/\/www.sonoraenequipo.com.mx\/copiosa-participacion-de-estudiantes-en-feria-de-la-ciencia-y-tecnologia-de-unisierra\/#primaryimage","url":"https:\/\/www.sonoraenequipo.com.mx\/storage\/2025\/11\/cyt-unisierra.jpg","contentUrl":"https:\/\/www.sonoraenequipo.com.mx\/storage\/2025\/11\/cyt-unisierra.jpg","width":600,"height":400},{"@type":"BreadcrumbList","@id":"https:\/\/www.sonoraenequipo.com.mx\/copiosa-participacion-de-estudiantes-en-feria-de-la-ciencia-y-tecnologia-de-unisierra\/#breadcrumb","itemListElement":[{"@type":"ListItem","position":1,"name":"Portada","item":"https:\/\/www.sonoraenequipo.com.mx\/"},{"@type":"ListItem","position":2,"name":"Copiosa participaci\u00f3n de estudiantes\u00a0 en Feria de la Ciencia y Tecnolog\u00eda de Unisierra"}]},{"@type":"WebSite","@id":"https:\/\/www.sonoraenequipo.com.mx\/#website","url":"https:\/\/www.sonoraenequipo.com.mx\/","name":"Sonora en Equipo.","description":"Diario en l\u00ednea con Noticias desde Hermosillo, Sonora","publisher":{"@id":"https:\/\/www.sonoraenequipo.com.mx\/#organization"},"potentialAction":[{"@type":"SearchAction","target":{"@type":"EntryPoint","urlTemplate":"https:\/\/www.sonoraenequipo.com.mx\/?s={search_term_string}"},"query-input":{"@type":"PropertyValueSpecification","valueRequired":true,"valueName":"search_term_string"}}],"inLanguage":"es"},{"@type":"Organization","@id":"https:\/\/www.sonoraenequipo.com.mx\/#organization","name":"Sonoraenequipo.com.mx","url":"https:\/\/www.sonoraenequipo.com.mx\/","logo":{"@type":"ImageObject","inLanguage":"es","@id":"https:\/\/www.sonoraenequipo.com.mx\/#\/schema\/logo\/image\/","url":"https:\/\/www.sonoraenequipo.com.mx\/storage\/2019\/01\/sonoraenequipo_opt.png","contentUrl":"https:\/\/www.sonoraenequipo.com.mx\/storage\/2019\/01\/sonoraenequipo_opt.png","width":375,"height":125,"caption":"Sonoraenequipo.com.mx"},"image":{"@id":"https:\/\/www.sonoraenequipo.com.mx\/#\/schema\/logo\/image\/"},"sameAs":["https:\/\/www.facebook.com\/SonoraEE\/","https:\/\/x.com\/sonoraenequipo","https:\/\/www.youtube.com\/channel\/UC338nW-lPEYmJQs4ZABQ1SQ"]},{"@type":"Person","@id":"https:\/\/www.sonoraenequipo.com.mx\/#\/schema\/person\/50102df0fb23a8fa9e8effad8fa81386","name":"enequipo","image":{"@type":"ImageObject","inLanguage":"es","@id":"https:\/\/www.sonoraenequipo.com.mx\/#\/schema\/person\/image\/","url":"https:\/\/secure.gravatar.com\/avatar\/049821681b589dabc0bc20695993ccebb09f5b5d4d790cd9251b97faac7c652b?s=96&d=blank&r=g","contentUrl":"https:\/\/secure.gravatar.com\/avatar\/049821681b589dabc0bc20695993ccebb09f5b5d4d790cd9251b97faac7c652b?s=96&d=blank&r=g","caption":"enequipo"},"sameAs":["https:\/\/www.facebook.com\/SonoraEE"]}]}},"jetpack_featured_media_url":"https:\/\/www.sonoraenequipo.com.mx\/storage\/2025\/11\/cyt-unisierra.jpg","_links":{"self":[{"href":"https:\/\/www.sonoraenequipo.com.mx\/api\/wp\/v2\/posts\/228970","targetHints":{"allow":["GET"]}}],"collection":[{"href":"https:\/\/www.sonoraenequipo.com.mx\/api\/wp\/v2\/posts"}],"about":[{"href":"https:\/\/www.sonoraenequipo.com.mx\/api\/wp\/v2\/types\/post"}],"author":[{"embeddable":true,"href":"https:\/\/www.sonoraenequipo.com.mx\/api\/wp\/v2\/users\/1"}],"replies":[{"embeddable":true,"href":"https:\/\/www.sonoraenequipo.com.mx\/api\/wp\/v2\/comments?post=228970"}],"version-history":[{"count":1,"href":"https:\/\/www.sonoraenequipo.com.mx\/api\/wp\/v2\/posts\/228970\/revisions"}],"predecessor-version":[{"id":228972,"href":"https:\/\/www.sonoraenequipo.com.mx\/api\/wp\/v2\/posts\/228970\/revisions\/228972"}],"wp:featuredmedia":[{"embeddable":true,"href":"https:\/\/www.sonoraenequipo.com.mx\/api\/wp\/v2\/media\/228971"}],"wp:attachment":[{"href":"https:\/\/www.sonoraenequipo.com.mx\/api\/wp\/v2\/media?parent=228970"}],"wp:term":[{"taxonomy":"category","embeddable":true,"href":"https:\/\/www.sonoraenequipo.com.mx\/api\/wp\/v2\/categories?post=228970"},{"taxonomy":"post_tag","embeddable":true,"href":"https:\/\/www.sonoraenequipo.com.mx\/api\/wp\/v2\/tags?post=228970"}],"curies":[{"name":"wp","href":"https:\/\/api.w.org\/{rel}","templated":true}]}}