{"id":228983,"date":"2025-11-20T12:09:53","date_gmt":"2025-11-20T19:09:53","guid":{"rendered":"https:\/\/www.sonoraenequipo.com.mx\/?p=228983"},"modified":"2025-11-20T12:09:53","modified_gmt":"2025-11-20T19:09:53","slug":"cedes-anuncia-la-llegada-de-dos-nuevos-ejemplares-de-tigre-blanco-al-centro-ecologico","status":"publish","type":"post","link":"https:\/\/www.sonoraenequipo.com.mx\/cedes-anuncia-la-llegada-de-dos-nuevos-ejemplares-de-tigre-blanco-al-centro-ecologico\/","title":{"rendered":"CEDES anuncia la llegada de dos nuevos ejemplares de tigre blanco al Centro Ecol\u00f3gico"},"content":{"rendered":"<p><strong>HERMOSILLO, SONORA, MX.<\/strong> \u2014 La Comisi\u00f3n de Ecolog\u00eda y Desarrollo Sustentable del Estado (CEDES), informa a la comunidad sonorense sobre la incorporaci\u00f3n de dos ejemplares de tigre blanco (Panthera tigris) al Centro Ecol\u00f3gico de Sonora, los cuales ya forman parte del acervo faun\u00edstico del recinto y podr\u00e1n ser apreciados por el p\u00fablico en general.<\/p>\n<p>&nbsp;<\/p>\n<p>La llegada de esta pareja de tigres blancos fue posible gracias a un convenio de intercambio de especies con la Unidad de Manejo Animal (UMA) \u201cEl Club de los Animalitos A.C.\u201d, ubicada en Tehuac\u00e1n, Puebla, fortaleciendo as\u00ed los esfuerzos de colaboraci\u00f3n para la conservaci\u00f3n y el bienestar de la fauna en el pa\u00eds.<\/p>\n<p>&nbsp;<\/p>\n<p>&nbsp;<\/p>\n<p>&nbsp;<\/p>\n<p>El primer ejemplar, un macho, arrib\u00f3 al Centro Ecol\u00f3gico el pasado 24 de julio, mientras que la hembra lleg\u00f3 el 6 de agosto. Ambos cuentan con aproximadamente un a\u00f1o de edad y se encuentran en \u00f3ptimas condiciones de salud, bajo el cuidado de especialistas en manejo de fauna silvestre.<\/p>\n<p>&nbsp;<\/p>\n<p>&nbsp;<\/p>\n<p>&nbsp;<\/p>\n<p>El tigre blanco es una variante gen\u00e9tica del tigre de Bengala, reconocida por su pelaje claro, rayas oscuras y ojos azules. Esta especie destaca por su imponencia y relevancia biol\u00f3gica.<\/p>\n<p>&nbsp;<\/p>\n<p>&nbsp;<\/p>\n<p>&nbsp;<\/p>\n<p>Estos nuevos habitantes del Centro Ecol\u00f3gico est\u00e1n oficialmente en exhibici\u00f3n, por lo que se invita a las familias sonorenses, instituciones educativas y visitantes a conocerlos y aprender m\u00e1s sobre la importancia de la conservaci\u00f3n de la vida silvestre.<\/p>\n<p>&nbsp;<\/p>\n<p>&nbsp;<\/p>\n<p>&nbsp;<\/p>\n<p>La Comisi\u00f3n de Ecolog\u00eda y Desarrollo Sustentable del Estado reafirma su compromiso con la preservaci\u00f3n de la biodiversidad y el fortalecimiento de espacios de educaci\u00f3n ambiental como el Centro Ecol\u00f3gico, que hoy suma una nueva especie que enriquecer\u00e1 la experiencia de sus visitantes.<\/p>\n<p><strong>Fecha\u00a0 de publicaci\u00f3n\u00a0 mi\u00e9rcoles 19 de noviembre de 2025<\/strong><\/p>\n","protected":false},"excerpt":{"rendered":"<p>HERMOSILLO, SONORA, MX. \u2014 La Comisi\u00f3n de Ecolog\u00eda y Desarrollo Sustentable del Estado (CEDES), informa&#8230;<\/p>\n","protected":false},"author":1,"featured_media":228984,"comment_status":"open","ping_status":"open","sticky":false,"template":"","format":"standard","meta":{"_monsterinsights_skip_tracking":false,"_monsterinsights_sitenote_active":false,"_monsterinsights_sitenote_note":"","_monsterinsights_sitenote_category":0,"footnotes":""},"categories":[22],"tags":[3448,1871,2355],"class_list":["post"],"yoast_head":" \n<title>Sonora en Equipo. CEDES anuncia la llegada de dos nuevos ejemplares de tigre blanco al Centro Ecol\u00f3gico Sonora<\/title>\n<meta name=\"description\" content=\"HERMOSILLO, SONORA, MX. \u2014 La Comisi\u00f3n de Ecolog\u00eda y Desarrollo Sustentable del Estado (CEDES), informa a la comunidad sonorense sobre la incorporaci\u00f3n de En Sonora en Equipo publicamos toda la informaci\u00f3n de Sonora, M\u00e9xico y el Mundo de manera oportuna y busca que la libertad de expresi\u00f3n sea real. Visita nuestro medio informativo publicado desde Hermosillo, Sonora. %\" \/>\n<meta name=\"robots\" content=\"index, follow, max-snippet:-1, max-image-preview:large, max-video-preview:-1\" \/>\n<link rel=\"canonical\" href=\"https:\/\/www.sonoraenequipo.com.mx\/cedes-anuncia-la-llegada-de-dos-nuevos-ejemplares-de-tigre-blanco-al-centro-ecologico\/\" \/>\n<meta property=\"og:locale\" content=\"es_ES\" \/>\n<meta property=\"og:type\" content=\"article\" \/>\n<meta property=\"og:title\" content=\"Sonora en Equipo. CEDES anuncia la llegada de dos nuevos ejemplares de tigre blanco al Centro Ecol\u00f3gico Sonora\" \/>\n<meta property=\"og:description\" content=\"HERMOSILLO, SONORA, MX. \u2014 La Comisi\u00f3n de Ecolog\u00eda y Desarrollo Sustentable del Estado (CEDES), informa a la comunidad sonorense sobre la incorporaci\u00f3n de En Sonora en Equipo publicamos toda la informaci\u00f3n de Sonora, M\u00e9xico y el Mundo de manera oportuna y busca que la libertad de expresi\u00f3n sea real. Visita nuestro medio informativo publicado desde Hermosillo, Sonora. %\" \/>\n<meta property=\"og:url\" content=\"https:\/\/www.sonoraenequipo.com.mx\/cedes-anuncia-la-llegada-de-dos-nuevos-ejemplares-de-tigre-blanco-al-centro-ecologico\/\" \/>\n<meta property=\"og:site_name\" content=\"Sonora en Equipo.\" \/>\n<meta property=\"article:publisher\" content=\"https:\/\/www.facebook.com\/SonoraEE\/\" \/>\n<meta property=\"article:author\" content=\"https:\/\/www.facebook.com\/SonoraEE\" \/>\n<meta property=\"article:published_time\" content=\"2025-11-20T19:09:53+00:00\" \/>\n<meta property=\"og:image\" content=\"https:\/\/www.sonoraenequipo.com.mx\/storage\/2025\/11\/tigres.jpg\" \/>\n\t<meta property=\"og:image:width\" content=\"600\" \/>\n\t<meta property=\"og:image:height\" content=\"400\" \/>\n\t<meta property=\"og:image:type\" content=\"image\/jpeg\" \/>\n<meta name=\"author\" content=\"enequipo\" \/>\n<meta name=\"twitter:card\" content=\"summary_large_image\" \/>\n<meta name=\"twitter:creator\" content=\"@sonoraenequipo\" \/>\n<meta name=\"twitter:site\" content=\"@sonoraenequipo\" \/>\n<meta name=\"twitter:label1\" content=\"Escrito por\" \/>\n\t<meta name=\"twitter:data1\" content=\"enequipo\" \/>\n\t<meta name=\"twitter:label2\" content=\"Tiempo de lectura\" \/>\n\t<meta name=\"twitter:data2\" content=\"2 minutos\" \/>\n<script type=\"application\/ld+json\" class=\"yoast-schema-graph\">{\"@context\":\"https:\/\/schema.org\",\"@graph\":[{\"@type\":\"Article\",\"@id\":\"https:\/\/www.sonoraenequipo.com.mx\/cedes-anuncia-la-llegada-de-dos-nuevos-ejemplares-de-tigre-blanco-al-centro-ecologico\/#article\",\"isPartOf\":{\"@id\":\"https:\/\/www.sonoraenequipo.com.mx\/cedes-anuncia-la-llegada-de-dos-nuevos-ejemplares-de-tigre-blanco-al-centro-ecologico\/\"},\"author\":{\"name\":\"enequipo\",\"@id\":\"https:\/\/www.sonoraenequipo.com.mx\/#\/schema\/person\/50102df0fb23a8fa9e8effad8fa81386\"},\"headline\":\"CEDES anuncia la llegada de dos nuevos ejemplares de tigre blanco al Centro Ecol\u00f3gico\",\"datePublished\":\"2025-11-20T19:09:53+00:00\",\"mainEntityOfPage\":{\"@id\":\"https:\/\/www.sonoraenequipo.com.mx\/cedes-anuncia-la-llegada-de-dos-nuevos-ejemplares-de-tigre-blanco-al-centro-ecologico\/\"},\"wordCount\":327,\"commentCount\":0,\"publisher\":{\"@id\":\"https:\/\/www.sonoraenequipo.com.mx\/#organization\"},\"image\":{\"@id\":\"https:\/\/www.sonoraenequipo.com.mx\/cedes-anuncia-la-llegada-de-dos-nuevos-ejemplares-de-tigre-blanco-al-centro-ecologico\/#primaryimage\"},\"thumbnailUrl\":\"https:\/\/www.sonoraenequipo.com.mx\/storage\/2025\/11\/tigres.jpg\",\"keywords\":[\"blancos\",\"Cedes\",\"Tigres\"],\"articleSection\":[\"Sonora\"],\"inLanguage\":\"es\",\"potentialAction\":[{\"@type\":\"CommentAction\",\"name\":\"Comment\",\"target\":[\"https:\/\/www.sonoraenequipo.com.mx\/cedes-anuncia-la-llegada-de-dos-nuevos-ejemplares-de-tigre-blanco-al-centro-ecologico\/#respond\"]}]},{\"@type\":\"WebPage\",\"@id\":\"https:\/\/www.sonoraenequipo.com.mx\/cedes-anuncia-la-llegada-de-dos-nuevos-ejemplares-de-tigre-blanco-al-centro-ecologico\/\",\"url\":\"https:\/\/www.sonoraenequipo.com.mx\/cedes-anuncia-la-llegada-de-dos-nuevos-ejemplares-de-tigre-blanco-al-centro-ecologico\/\",\"name\":\"Sonora en Equipo. CEDES anuncia la llegada de dos nuevos ejemplares de tigre blanco al Centro Ecol\u00f3gico Sonora\",\"isPartOf\":{\"@id\":\"https:\/\/www.sonoraenequipo.com.mx\/#website\"},\"primaryImageOfPage\":{\"@id\":\"https:\/\/www.sonoraenequipo.com.mx\/cedes-anuncia-la-llegada-de-dos-nuevos-ejemplares-de-tigre-blanco-al-centro-ecologico\/#primaryimage\"},\"image\":{\"@id\":\"https:\/\/www.sonoraenequipo.com.mx\/cedes-anuncia-la-llegada-de-dos-nuevos-ejemplares-de-tigre-blanco-al-centro-ecologico\/#primaryimage\"},\"thumbnailUrl\":\"https:\/\/www.sonoraenequipo.com.mx\/storage\/2025\/11\/tigres.jpg\",\"datePublished\":\"2025-11-20T19:09:53+00:00\",\"description\":\"HERMOSILLO, SONORA, MX. \u2014 La Comisi\u00f3n de Ecolog\u00eda y Desarrollo Sustentable del Estado (CEDES), informa a la comunidad sonorense sobre la incorporaci\u00f3n de En Sonora en Equipo publicamos toda la informaci\u00f3n de Sonora, M\u00e9xico y el Mundo de manera oportuna y busca que la libertad de expresi\u00f3n sea real. Visita nuestro medio informativo publicado desde Hermosillo, Sonora. %\",\"breadcrumb\":{\"@id\":\"https:\/\/www.sonoraenequipo.com.mx\/cedes-anuncia-la-llegada-de-dos-nuevos-ejemplares-de-tigre-blanco-al-centro-ecologico\/#breadcrumb\"},\"inLanguage\":\"es\",\"potentialAction\":[{\"@type\":\"ReadAction\",\"target\":[\"https:\/\/www.sonoraenequipo.com.mx\/cedes-anuncia-la-llegada-de-dos-nuevos-ejemplares-de-tigre-blanco-al-centro-ecologico\/\"]}]},{\"@type\":\"ImageObject\",\"inLanguage\":\"es\",\"@id\":\"https:\/\/www.sonoraenequipo.com.mx\/cedes-anuncia-la-llegada-de-dos-nuevos-ejemplares-de-tigre-blanco-al-centro-ecologico\/#primaryimage\",\"url\":\"https:\/\/www.sonoraenequipo.com.mx\/storage\/2025\/11\/tigres.jpg\",\"contentUrl\":\"https:\/\/www.sonoraenequipo.com.mx\/storage\/2025\/11\/tigres.jpg\",\"width\":600,\"height\":400},{\"@type\":\"BreadcrumbList\",\"@id\":\"https:\/\/www.sonoraenequipo.com.mx\/cedes-anuncia-la-llegada-de-dos-nuevos-ejemplares-de-tigre-blanco-al-centro-ecologico\/#breadcrumb\",\"itemListElement\":[{\"@type\":\"ListItem\",\"position\":1,\"name\":\"Portada\",\"item\":\"https:\/\/www.sonoraenequipo.com.mx\/\"},{\"@type\":\"ListItem\",\"position\":2,\"name\":\"CEDES anuncia la llegada de dos nuevos ejemplares de tigre blanco al Centro Ecol\u00f3gico\"}]},{\"@type\":\"WebSite\",\"@id\":\"https:\/\/www.sonoraenequipo.com.mx\/#website\",\"url\":\"https:\/\/www.sonoraenequipo.com.mx\/\",\"name\":\"Sonora en Equipo.\",\"description\":\"Diario en l\u00ednea con Noticias desde Hermosillo, Sonora\",\"publisher\":{\"@id\":\"https:\/\/www.sonoraenequipo.com.mx\/#organization\"},\"potentialAction\":[{\"@type\":\"SearchAction\",\"target\":{\"@type\":\"EntryPoint\",\"urlTemplate\":\"https:\/\/www.sonoraenequipo.com.mx\/?s={search_term_string}\"},\"query-input\":{\"@type\":\"PropertyValueSpecification\",\"valueRequired\":true,\"valueName\":\"search_term_string\"}}],\"inLanguage\":\"es\"},{\"@type\":\"Organization\",\"@id\":\"https:\/\/www.sonoraenequipo.com.mx\/#organization\",\"name\":\"Sonoraenequipo.com.mx\",\"url\":\"https:\/\/www.sonoraenequipo.com.mx\/\",\"logo\":{\"@type\":\"ImageObject\",\"inLanguage\":\"es\",\"@id\":\"https:\/\/www.sonoraenequipo.com.mx\/#\/schema\/logo\/image\/\",\"url\":\"https:\/\/www.sonoraenequipo.com.mx\/storage\/2019\/01\/sonoraenequipo_opt.png\",\"contentUrl\":\"https:\/\/www.sonoraenequipo.com.mx\/storage\/2019\/01\/sonoraenequipo_opt.png\",\"width\":375,\"height\":125,\"caption\":\"Sonoraenequipo.com.mx\"},\"image\":{\"@id\":\"https:\/\/www.sonoraenequipo.com.mx\/#\/schema\/logo\/image\/\"},\"sameAs\":[\"https:\/\/www.facebook.com\/SonoraEE\/\",\"https:\/\/x.com\/sonoraenequipo\",\"https:\/\/www.youtube.com\/channel\/UC338nW-lPEYmJQs4ZABQ1SQ\"]},{\"@type\":\"Person\",\"@id\":\"https:\/\/www.sonoraenequipo.com.mx\/#\/schema\/person\/50102df0fb23a8fa9e8effad8fa81386\",\"name\":\"enequipo\",\"image\":{\"@type\":\"ImageObject\",\"inLanguage\":\"es\",\"@id\":\"https:\/\/www.sonoraenequipo.com.mx\/#\/schema\/person\/image\/\",\"url\":\"https:\/\/secure.gravatar.com\/avatar\/049821681b589dabc0bc20695993ccebb09f5b5d4d790cd9251b97faac7c652b?s=96&d=blank&r=g\",\"contentUrl\":\"https:\/\/secure.gravatar.com\/avatar\/049821681b589dabc0bc20695993ccebb09f5b5d4d790cd9251b97faac7c652b?s=96&d=blank&r=g\",\"caption\":\"enequipo\"},\"sameAs\":[\"https:\/\/www.facebook.com\/SonoraEE\"]}]}<\/script>\n ","yoast_head_json":{"title":"Sonora en Equipo. CEDES anuncia la llegada de dos nuevos ejemplares de tigre blanco al Centro Ecol\u00f3gico Sonora","description":"HERMOSILLO, SONORA, MX. \u2014 La Comisi\u00f3n de Ecolog\u00eda y Desarrollo Sustentable del Estado (CEDES), informa a la comunidad sonorense sobre la incorporaci\u00f3n de En Sonora en Equipo publicamos toda la informaci\u00f3n de Sonora, M\u00e9xico y el Mundo de manera oportuna y busca que la libertad de expresi\u00f3n sea real. Visita nuestro medio informativo publicado desde Hermosillo, Sonora. %","robots":{"index":"index","follow":"follow","max-snippet":"max-snippet:-1","max-image-preview":"max-image-preview:large","max-video-preview":"max-video-preview:-1"},"canonical":"https:\/\/www.sonoraenequipo.com.mx\/cedes-anuncia-la-llegada-de-dos-nuevos-ejemplares-de-tigre-blanco-al-centro-ecologico\/","og_locale":"es_ES","og_type":"article","og_title":"Sonora en Equipo. CEDES anuncia la llegada de dos nuevos ejemplares de tigre blanco al Centro Ecol\u00f3gico Sonora","og_description":"HERMOSILLO, SONORA, MX. \u2014 La Comisi\u00f3n de Ecolog\u00eda y Desarrollo Sustentable del Estado (CEDES), informa a la comunidad sonorense sobre la incorporaci\u00f3n de En Sonora en Equipo publicamos toda la informaci\u00f3n de Sonora, M\u00e9xico y el Mundo de manera oportuna y busca que la libertad de expresi\u00f3n sea real. Visita nuestro medio informativo publicado desde Hermosillo, Sonora. %","og_url":"https:\/\/www.sonoraenequipo.com.mx\/cedes-anuncia-la-llegada-de-dos-nuevos-ejemplares-de-tigre-blanco-al-centro-ecologico\/","og_site_name":"Sonora en Equipo.","article_publisher":"https:\/\/www.facebook.com\/SonoraEE\/","article_author":"https:\/\/www.facebook.com\/SonoraEE","article_published_time":"2025-11-20T19:09:53+00:00","og_image":[{"width":600,"height":400,"url":"https:\/\/www.sonoraenequipo.com.mx\/storage\/2025\/11\/tigres.jpg","type":"image\/jpeg"}],"author":"enequipo","twitter_card":"summary_large_image","twitter_creator":"@sonoraenequipo","twitter_site":"@sonoraenequipo","twitter_misc":{"Escrito por":"enequipo","Tiempo de lectura":"2 minutos"},"schema":{"@context":"https:\/\/schema.org","@graph":[{"@type":"Article","@id":"https:\/\/www.sonoraenequipo.com.mx\/cedes-anuncia-la-llegada-de-dos-nuevos-ejemplares-de-tigre-blanco-al-centro-ecologico\/#article","isPartOf":{"@id":"https:\/\/www.sonoraenequipo.com.mx\/cedes-anuncia-la-llegada-de-dos-nuevos-ejemplares-de-tigre-blanco-al-centro-ecologico\/"},"author":{"name":"enequipo","@id":"https:\/\/www.sonoraenequipo.com.mx\/#\/schema\/person\/50102df0fb23a8fa9e8effad8fa81386"},"headline":"CEDES anuncia la llegada de dos nuevos ejemplares de tigre blanco al Centro Ecol\u00f3gico","datePublished":"2025-11-20T19:09:53+00:00","mainEntityOfPage":{"@id":"https:\/\/www.sonoraenequipo.com.mx\/cedes-anuncia-la-llegada-de-dos-nuevos-ejemplares-de-tigre-blanco-al-centro-ecologico\/"},"wordCount":327,"commentCount":0,"publisher":{"@id":"https:\/\/www.sonoraenequipo.com.mx\/#organization"},"image":{"@id":"https:\/\/www.sonoraenequipo.com.mx\/cedes-anuncia-la-llegada-de-dos-nuevos-ejemplares-de-tigre-blanco-al-centro-ecologico\/#primaryimage"},"thumbnailUrl":"https:\/\/www.sonoraenequipo.com.mx\/storage\/2025\/11\/tigres.jpg","keywords":["blancos","Cedes","Tigres"],"articleSection":["Sonora"],"inLanguage":"es","potentialAction":[{"@type":"CommentAction","name":"Comment","target":["https:\/\/www.sonoraenequipo.com.mx\/cedes-anuncia-la-llegada-de-dos-nuevos-ejemplares-de-tigre-blanco-al-centro-ecologico\/#respond"]}]},{"@type":"WebPage","@id":"https:\/\/www.sonoraenequipo.com.mx\/cedes-anuncia-la-llegada-de-dos-nuevos-ejemplares-de-tigre-blanco-al-centro-ecologico\/","url":"https:\/\/www.sonoraenequipo.com.mx\/cedes-anuncia-la-llegada-de-dos-nuevos-ejemplares-de-tigre-blanco-al-centro-ecologico\/","name":"Sonora en Equipo. CEDES anuncia la llegada de dos nuevos ejemplares de tigre blanco al Centro Ecol\u00f3gico Sonora","isPartOf":{"@id":"https:\/\/www.sonoraenequipo.com.mx\/#website"},"primaryImageOfPage":{"@id":"https:\/\/www.sonoraenequipo.com.mx\/cedes-anuncia-la-llegada-de-dos-nuevos-ejemplares-de-tigre-blanco-al-centro-ecologico\/#primaryimage"},"image":{"@id":"https:\/\/www.sonoraenequipo.com.mx\/cedes-anuncia-la-llegada-de-dos-nuevos-ejemplares-de-tigre-blanco-al-centro-ecologico\/#primaryimage"},"thumbnailUrl":"https:\/\/www.sonoraenequipo.com.mx\/storage\/2025\/11\/tigres.jpg","datePublished":"2025-11-20T19:09:53+00:00","description":"HERMOSILLO, SONORA, MX. \u2014 La Comisi\u00f3n de Ecolog\u00eda y Desarrollo Sustentable del Estado (CEDES), informa a la comunidad sonorense sobre la incorporaci\u00f3n de En Sonora en Equipo publicamos toda la informaci\u00f3n de Sonora, M\u00e9xico y el Mundo de manera oportuna y busca que la libertad de expresi\u00f3n sea real. Visita nuestro medio informativo publicado desde Hermosillo, Sonora. %","breadcrumb":{"@id":"https:\/\/www.sonoraenequipo.com.mx\/cedes-anuncia-la-llegada-de-dos-nuevos-ejemplares-de-tigre-blanco-al-centro-ecologico\/#breadcrumb"},"inLanguage":"es","potentialAction":[{"@type":"ReadAction","target":["https:\/\/www.sonoraenequipo.com.mx\/cedes-anuncia-la-llegada-de-dos-nuevos-ejemplares-de-tigre-blanco-al-centro-ecologico\/"]}]},{"@type":"ImageObject","inLanguage":"es","@id":"https:\/\/www.sonoraenequipo.com.mx\/cedes-anuncia-la-llegada-de-dos-nuevos-ejemplares-de-tigre-blanco-al-centro-ecologico\/#primaryimage","url":"https:\/\/www.sonoraenequipo.com.mx\/storage\/2025\/11\/tigres.jpg","contentUrl":"https:\/\/www.sonoraenequipo.com.mx\/storage\/2025\/11\/tigres.jpg","width":600,"height":400},{"@type":"BreadcrumbList","@id":"https:\/\/www.sonoraenequipo.com.mx\/cedes-anuncia-la-llegada-de-dos-nuevos-ejemplares-de-tigre-blanco-al-centro-ecologico\/#breadcrumb","itemListElement":[{"@type":"ListItem","position":1,"name":"Portada","item":"https:\/\/www.sonoraenequipo.com.mx\/"},{"@type":"ListItem","position":2,"name":"CEDES anuncia la llegada de dos nuevos ejemplares de tigre blanco al Centro Ecol\u00f3gico"}]},{"@type":"WebSite","@id":"https:\/\/www.sonoraenequipo.com.mx\/#website","url":"https:\/\/www.sonoraenequipo.com.mx\/","name":"Sonora en Equipo.","description":"Diario en l\u00ednea con Noticias desde Hermosillo, Sonora","publisher":{"@id":"https:\/\/www.sonoraenequipo.com.mx\/#organization"},"potentialAction":[{"@type":"SearchAction","target":{"@type":"EntryPoint","urlTemplate":"https:\/\/www.sonoraenequipo.com.mx\/?s={search_term_string}"},"query-input":{"@type":"PropertyValueSpecification","valueRequired":true,"valueName":"search_term_string"}}],"inLanguage":"es"},{"@type":"Organization","@id":"https:\/\/www.sonoraenequipo.com.mx\/#organization","name":"Sonoraenequipo.com.mx","url":"https:\/\/www.sonoraenequipo.com.mx\/","logo":{"@type":"ImageObject","inLanguage":"es","@id":"https:\/\/www.sonoraenequipo.com.mx\/#\/schema\/logo\/image\/","url":"https:\/\/www.sonoraenequipo.com.mx\/storage\/2019\/01\/sonoraenequipo_opt.png","contentUrl":"https:\/\/www.sonoraenequipo.com.mx\/storage\/2019\/01\/sonoraenequipo_opt.png","width":375,"height":125,"caption":"Sonoraenequipo.com.mx"},"image":{"@id":"https:\/\/www.sonoraenequipo.com.mx\/#\/schema\/logo\/image\/"},"sameAs":["https:\/\/www.facebook.com\/SonoraEE\/","https:\/\/x.com\/sonoraenequipo","https:\/\/www.youtube.com\/channel\/UC338nW-lPEYmJQs4ZABQ1SQ"]},{"@type":"Person","@id":"https:\/\/www.sonoraenequipo.com.mx\/#\/schema\/person\/50102df0fb23a8fa9e8effad8fa81386","name":"enequipo","image":{"@type":"ImageObject","inLanguage":"es","@id":"https:\/\/www.sonoraenequipo.com.mx\/#\/schema\/person\/image\/","url":"https:\/\/secure.gravatar.com\/avatar\/049821681b589dabc0bc20695993ccebb09f5b5d4d790cd9251b97faac7c652b?s=96&d=blank&r=g","contentUrl":"https:\/\/secure.gravatar.com\/avatar\/049821681b589dabc0bc20695993ccebb09f5b5d4d790cd9251b97faac7c652b?s=96&d=blank&r=g","caption":"enequipo"},"sameAs":["https:\/\/www.facebook.com\/SonoraEE"]}]}},"jetpack_featured_media_url":"https:\/\/www.sonoraenequipo.com.mx\/storage\/2025\/11\/tigres.jpg","_links":{"self":[{"href":"https:\/\/www.sonoraenequipo.com.mx\/api\/wp\/v2\/posts\/228983","targetHints":{"allow":["GET"]}}],"collection":[{"href":"https:\/\/www.sonoraenequipo.com.mx\/api\/wp\/v2\/posts"}],"about":[{"href":"https:\/\/www.sonoraenequipo.com.mx\/api\/wp\/v2\/types\/post"}],"author":[{"embeddable":true,"href":"https:\/\/www.sonoraenequipo.com.mx\/api\/wp\/v2\/users\/1"}],"replies":[{"embeddable":true,"href":"https:\/\/www.sonoraenequipo.com.mx\/api\/wp\/v2\/comments?post=228983"}],"version-history":[{"count":1,"href":"https:\/\/www.sonoraenequipo.com.mx\/api\/wp\/v2\/posts\/228983\/revisions"}],"predecessor-version":[{"id":228985,"href":"https:\/\/www.sonoraenequipo.com.mx\/api\/wp\/v2\/posts\/228983\/revisions\/228985"}],"wp:featuredmedia":[{"embeddable":true,"href":"https:\/\/www.sonoraenequipo.com.mx\/api\/wp\/v2\/media\/228984"}],"wp:attachment":[{"href":"https:\/\/www.sonoraenequipo.com.mx\/api\/wp\/v2\/media?parent=228983"}],"wp:term":[{"taxonomy":"category","embeddable":true,"href":"https:\/\/www.sonoraenequipo.com.mx\/api\/wp\/v2\/categories?post=228983"},{"taxonomy":"post_tag","embeddable":true,"href":"https:\/\/www.sonoraenequipo.com.mx\/api\/wp\/v2\/tags?post=228983"}],"curies":[{"name":"wp","href":"https:\/\/api.w.org\/{rel}","templated":true}]}}