{"id":228986,"date":"2025-11-20T12:33:02","date_gmt":"2025-11-20T19:33:02","guid":{"rendered":"https:\/\/www.sonoraenequipo.com.mx\/?p=228986"},"modified":"2025-11-20T12:33:02","modified_gmt":"2025-11-20T19:33:02","slug":"fueron-llevados-por-su-padre-a-phoenix-a-visitar-a-sus-abuelos-los-tres-menores-reportados-desaparecidos","status":"publish","type":"post","link":"https:\/\/www.sonoraenequipo.com.mx\/fueron-llevados-por-su-padre-a-phoenix-a-visitar-a-sus-abuelos-los-tres-menores-reportados-desaparecidos\/","title":{"rendered":"Fueron llevados por su padre a Phoenix a visitar a sus abuelos los tres menores reportados desaparecidos"},"content":{"rendered":"<p><strong>NOGALES, SONORA, MX.<\/strong><strong> \u0336 \u0336\u00a0 <\/strong>La Fiscal\u00eda General de Justicia del Estado de Sonora (FGJES) informa que, derivado de los actos de investigaci\u00f3n realizados por la probable desaparici\u00f3n de tres menores de edad en Nogales, Sonora, se logr\u00f3 su localizaci\u00f3n a salvo en la ciudad de Phoenix, Arizona, Estados Unidos de Am\u00e9rica.<\/p>\n<p>&nbsp;<\/p>\n<p>Los menores, de 11, 8 y 2 a\u00f1os de edad, fueron localizados en compa\u00f1\u00eda de su padre, Orlando \u201cN\u201d.<\/p>\n<p>&nbsp;<\/p>\n<p>En entrevista con la madre, se pudo establecer que sus hijos se encontraban con su pareja, y que la situaci\u00f3n se origin\u00f3 tras una diferencia con Orlando \u201cN\u201d, quien se llev\u00f3 a los ni\u00f1os sin avisarle a Phoenix, Arizona.<\/p>\n<p>&nbsp;<\/p>\n<p>La denunciante precis\u00f3 que ella hab\u00eda dejado a los menores solos y dormidos en casa; posteriormente el padre se los llev\u00f3 sin su conocimiento.<\/p>\n<p>&nbsp;<\/p>\n<p>Es importante destacar que la madre no quiso interponer denuncia por la ausencia de los menores ya que resolvi\u00f3 sus diferencias con el padre y acept\u00f3 que los ni\u00f1os permanezcan unos d\u00edas en la ciudad de Phoenix para convivir con sus abuelos paternos.<\/p>\n<p>&nbsp;<\/p>\n<p>La r\u00e1pida intervenci\u00f3n de las autoridades permiti\u00f3 descartar la comisi\u00f3n de un delito de alto impacto y confirmar que los menores se encuentran sanos y salvos.<\/p>\n<p><strong>Fecha\u00a0 de publicaci\u00f3n\u00a0 jueves 20 de noviembre de 2025<\/strong><\/p>\n<p>&nbsp;<\/p>\n<p>&nbsp;<\/p>\n","protected":false},"excerpt":{"rendered":"<p>NOGALES, SONORA, MX. \u0336 \u0336\u00a0 La Fiscal\u00eda General de Justicia del Estado de Sonora (FGJES)&#8230;<\/p>\n","protected":false},"author":1,"featured_media":79123,"comment_status":"open","ping_status":"open","sticky":false,"template":"","format":"standard","meta":{"_monsterinsights_skip_tracking":false,"_monsterinsights_sitenote_active":false,"_monsterinsights_sitenote_note":"","_monsterinsights_sitenote_category":0,"footnotes":""},"categories":[3144],"tags":[711,3487],"class_list":["post"],"yoast_head":" \n<title>Sonora en Equipo. Fueron llevados por su padre a Phoenix a visitar a sus abuelos los tres menores reportados desaparecidos Polic\u00edaca<\/title>\n<meta name=\"description\" content=\"NOGALES, SONORA, MX. \u0336 \u0336\u00a0 La Fiscal\u00eda General de Justicia del Estado de Sonora (FGJES) informa que, derivado de los actos de investigaci\u00f3n realizados por En Sonora en Equipo publicamos toda la informaci\u00f3n de Sonora, M\u00e9xico y el Mundo de manera oportuna y busca que la libertad de expresi\u00f3n sea real. Visita nuestro medio informativo publicado desde Hermosillo, Sonora. %\" \/>\n<meta name=\"robots\" content=\"index, follow, max-snippet:-1, max-image-preview:large, max-video-preview:-1\" \/>\n<link rel=\"canonical\" href=\"https:\/\/www.sonoraenequipo.com.mx\/fueron-llevados-por-su-padre-a-phoenix-a-visitar-a-sus-abuelos-los-tres-menores-reportados-desaparecidos\/\" \/>\n<meta property=\"og:locale\" content=\"es_ES\" \/>\n<meta property=\"og:type\" content=\"article\" \/>\n<meta property=\"og:title\" content=\"Sonora en Equipo. Fueron llevados por su padre a Phoenix a visitar a sus abuelos los tres menores reportados desaparecidos Polic\u00edaca\" \/>\n<meta property=\"og:description\" content=\"NOGALES, SONORA, MX. \u0336 \u0336\u00a0 La Fiscal\u00eda General de Justicia del Estado de Sonora (FGJES) informa que, derivado de los actos de investigaci\u00f3n realizados por En Sonora en Equipo publicamos toda la informaci\u00f3n de Sonora, M\u00e9xico y el Mundo de manera oportuna y busca que la libertad de expresi\u00f3n sea real. Visita nuestro medio informativo publicado desde Hermosillo, Sonora. %\" \/>\n<meta property=\"og:url\" content=\"https:\/\/www.sonoraenequipo.com.mx\/fueron-llevados-por-su-padre-a-phoenix-a-visitar-a-sus-abuelos-los-tres-menores-reportados-desaparecidos\/\" \/>\n<meta property=\"og:site_name\" content=\"Sonora en Equipo.\" \/>\n<meta property=\"article:publisher\" content=\"https:\/\/www.facebook.com\/SonoraEE\/\" \/>\n<meta property=\"article:author\" content=\"https:\/\/www.facebook.com\/SonoraEE\" \/>\n<meta property=\"article:published_time\" content=\"2025-11-20T19:33:02+00:00\" \/>\n<meta property=\"og:image\" content=\"https:\/\/www.sonoraenequipo.com.mx\/storage\/2020\/02\/fgje-logo_opt.jpg\" \/>\n\t<meta property=\"og:image:width\" content=\"600\" \/>\n\t<meta property=\"og:image:height\" content=\"400\" \/>\n\t<meta property=\"og:image:type\" content=\"image\/jpeg\" \/>\n<meta name=\"author\" content=\"enequipo\" \/>\n<meta name=\"twitter:card\" content=\"summary_large_image\" \/>\n<meta name=\"twitter:creator\" content=\"@sonoraenequipo\" \/>\n<meta name=\"twitter:site\" content=\"@sonoraenequipo\" \/>\n<meta name=\"twitter:label1\" content=\"Escrito por\" \/>\n\t<meta name=\"twitter:data1\" content=\"enequipo\" \/>\n\t<meta name=\"twitter:label2\" content=\"Tiempo de lectura\" \/>\n\t<meta name=\"twitter:data2\" content=\"1 minuto\" \/>\n<script type=\"application\/ld+json\" class=\"yoast-schema-graph\">{\"@context\":\"https:\/\/schema.org\",\"@graph\":[{\"@type\":\"Article\",\"@id\":\"https:\/\/www.sonoraenequipo.com.mx\/fueron-llevados-por-su-padre-a-phoenix-a-visitar-a-sus-abuelos-los-tres-menores-reportados-desaparecidos\/#article\",\"isPartOf\":{\"@id\":\"https:\/\/www.sonoraenequipo.com.mx\/fueron-llevados-por-su-padre-a-phoenix-a-visitar-a-sus-abuelos-los-tres-menores-reportados-desaparecidos\/\"},\"author\":{\"name\":\"enequipo\",\"@id\":\"https:\/\/www.sonoraenequipo.com.mx\/#\/schema\/person\/50102df0fb23a8fa9e8effad8fa81386\"},\"headline\":\"Fueron llevados por su padre a Phoenix a visitar a sus abuelos los tres menores reportados desaparecidos\",\"datePublished\":\"2025-11-20T19:33:02+00:00\",\"mainEntityOfPage\":{\"@id\":\"https:\/\/www.sonoraenequipo.com.mx\/fueron-llevados-por-su-padre-a-phoenix-a-visitar-a-sus-abuelos-los-tres-menores-reportados-desaparecidos\/\"},\"wordCount\":245,\"commentCount\":0,\"publisher\":{\"@id\":\"https:\/\/www.sonoraenequipo.com.mx\/#organization\"},\"image\":{\"@id\":\"https:\/\/www.sonoraenequipo.com.mx\/fueron-llevados-por-su-padre-a-phoenix-a-visitar-a-sus-abuelos-los-tres-menores-reportados-desaparecidos\/#primaryimage\"},\"thumbnailUrl\":\"https:\/\/www.sonoraenequipo.com.mx\/storage\/2020\/02\/fgje-logo_opt.jpg\",\"keywords\":[\"desaparecidos\",\"menores\"],\"articleSection\":[\"Polic\u00edaca\"],\"inLanguage\":\"es\",\"potentialAction\":[{\"@type\":\"CommentAction\",\"name\":\"Comment\",\"target\":[\"https:\/\/www.sonoraenequipo.com.mx\/fueron-llevados-por-su-padre-a-phoenix-a-visitar-a-sus-abuelos-los-tres-menores-reportados-desaparecidos\/#respond\"]}]},{\"@type\":\"WebPage\",\"@id\":\"https:\/\/www.sonoraenequipo.com.mx\/fueron-llevados-por-su-padre-a-phoenix-a-visitar-a-sus-abuelos-los-tres-menores-reportados-desaparecidos\/\",\"url\":\"https:\/\/www.sonoraenequipo.com.mx\/fueron-llevados-por-su-padre-a-phoenix-a-visitar-a-sus-abuelos-los-tres-menores-reportados-desaparecidos\/\",\"name\":\"Sonora en Equipo. Fueron llevados por su padre a Phoenix a visitar a sus abuelos los tres menores reportados desaparecidos Polic\u00edaca\",\"isPartOf\":{\"@id\":\"https:\/\/www.sonoraenequipo.com.mx\/#website\"},\"primaryImageOfPage\":{\"@id\":\"https:\/\/www.sonoraenequipo.com.mx\/fueron-llevados-por-su-padre-a-phoenix-a-visitar-a-sus-abuelos-los-tres-menores-reportados-desaparecidos\/#primaryimage\"},\"image\":{\"@id\":\"https:\/\/www.sonoraenequipo.com.mx\/fueron-llevados-por-su-padre-a-phoenix-a-visitar-a-sus-abuelos-los-tres-menores-reportados-desaparecidos\/#primaryimage\"},\"thumbnailUrl\":\"https:\/\/www.sonoraenequipo.com.mx\/storage\/2020\/02\/fgje-logo_opt.jpg\",\"datePublished\":\"2025-11-20T19:33:02+00:00\",\"description\":\"NOGALES, SONORA, MX. \u0336 \u0336\u00a0 La Fiscal\u00eda General de Justicia del Estado de Sonora (FGJES) informa que, derivado de los actos de investigaci\u00f3n realizados por En Sonora en Equipo publicamos toda la informaci\u00f3n de Sonora, M\u00e9xico y el Mundo de manera oportuna y busca que la libertad de expresi\u00f3n sea real. Visita nuestro medio informativo publicado desde Hermosillo, Sonora. %\",\"breadcrumb\":{\"@id\":\"https:\/\/www.sonoraenequipo.com.mx\/fueron-llevados-por-su-padre-a-phoenix-a-visitar-a-sus-abuelos-los-tres-menores-reportados-desaparecidos\/#breadcrumb\"},\"inLanguage\":\"es\",\"potentialAction\":[{\"@type\":\"ReadAction\",\"target\":[\"https:\/\/www.sonoraenequipo.com.mx\/fueron-llevados-por-su-padre-a-phoenix-a-visitar-a-sus-abuelos-los-tres-menores-reportados-desaparecidos\/\"]}]},{\"@type\":\"ImageObject\",\"inLanguage\":\"es\",\"@id\":\"https:\/\/www.sonoraenequipo.com.mx\/fueron-llevados-por-su-padre-a-phoenix-a-visitar-a-sus-abuelos-los-tres-menores-reportados-desaparecidos\/#primaryimage\",\"url\":\"https:\/\/www.sonoraenequipo.com.mx\/storage\/2020\/02\/fgje-logo_opt.jpg\",\"contentUrl\":\"https:\/\/www.sonoraenequipo.com.mx\/storage\/2020\/02\/fgje-logo_opt.jpg\",\"width\":600,\"height\":400},{\"@type\":\"BreadcrumbList\",\"@id\":\"https:\/\/www.sonoraenequipo.com.mx\/fueron-llevados-por-su-padre-a-phoenix-a-visitar-a-sus-abuelos-los-tres-menores-reportados-desaparecidos\/#breadcrumb\",\"itemListElement\":[{\"@type\":\"ListItem\",\"position\":1,\"name\":\"Portada\",\"item\":\"https:\/\/www.sonoraenequipo.com.mx\/\"},{\"@type\":\"ListItem\",\"position\":2,\"name\":\"Fueron llevados por su padre a Phoenix a visitar a sus abuelos los tres menores reportados desaparecidos\"}]},{\"@type\":\"WebSite\",\"@id\":\"https:\/\/www.sonoraenequipo.com.mx\/#website\",\"url\":\"https:\/\/www.sonoraenequipo.com.mx\/\",\"name\":\"Sonora en Equipo.\",\"description\":\"Diario en l\u00ednea con Noticias desde Hermosillo, Sonora\",\"publisher\":{\"@id\":\"https:\/\/www.sonoraenequipo.com.mx\/#organization\"},\"potentialAction\":[{\"@type\":\"SearchAction\",\"target\":{\"@type\":\"EntryPoint\",\"urlTemplate\":\"https:\/\/www.sonoraenequipo.com.mx\/?s={search_term_string}\"},\"query-input\":{\"@type\":\"PropertyValueSpecification\",\"valueRequired\":true,\"valueName\":\"search_term_string\"}}],\"inLanguage\":\"es\"},{\"@type\":\"Organization\",\"@id\":\"https:\/\/www.sonoraenequipo.com.mx\/#organization\",\"name\":\"Sonoraenequipo.com.mx\",\"url\":\"https:\/\/www.sonoraenequipo.com.mx\/\",\"logo\":{\"@type\":\"ImageObject\",\"inLanguage\":\"es\",\"@id\":\"https:\/\/www.sonoraenequipo.com.mx\/#\/schema\/logo\/image\/\",\"url\":\"https:\/\/www.sonoraenequipo.com.mx\/storage\/2019\/01\/sonoraenequipo_opt.png\",\"contentUrl\":\"https:\/\/www.sonoraenequipo.com.mx\/storage\/2019\/01\/sonoraenequipo_opt.png\",\"width\":375,\"height\":125,\"caption\":\"Sonoraenequipo.com.mx\"},\"image\":{\"@id\":\"https:\/\/www.sonoraenequipo.com.mx\/#\/schema\/logo\/image\/\"},\"sameAs\":[\"https:\/\/www.facebook.com\/SonoraEE\/\",\"https:\/\/x.com\/sonoraenequipo\",\"https:\/\/www.youtube.com\/channel\/UC338nW-lPEYmJQs4ZABQ1SQ\"]},{\"@type\":\"Person\",\"@id\":\"https:\/\/www.sonoraenequipo.com.mx\/#\/schema\/person\/50102df0fb23a8fa9e8effad8fa81386\",\"name\":\"enequipo\",\"image\":{\"@type\":\"ImageObject\",\"inLanguage\":\"es\",\"@id\":\"https:\/\/www.sonoraenequipo.com.mx\/#\/schema\/person\/image\/\",\"url\":\"https:\/\/secure.gravatar.com\/avatar\/049821681b589dabc0bc20695993ccebb09f5b5d4d790cd9251b97faac7c652b?s=96&d=blank&r=g\",\"contentUrl\":\"https:\/\/secure.gravatar.com\/avatar\/049821681b589dabc0bc20695993ccebb09f5b5d4d790cd9251b97faac7c652b?s=96&d=blank&r=g\",\"caption\":\"enequipo\"},\"sameAs\":[\"https:\/\/www.facebook.com\/SonoraEE\"]}]}<\/script>\n ","yoast_head_json":{"title":"Sonora en Equipo. Fueron llevados por su padre a Phoenix a visitar a sus abuelos los tres menores reportados desaparecidos Polic\u00edaca","description":"NOGALES, SONORA, MX. \u0336 \u0336\u00a0 La Fiscal\u00eda General de Justicia del Estado de Sonora (FGJES) informa que, derivado de los actos de investigaci\u00f3n realizados por En Sonora en Equipo publicamos toda la informaci\u00f3n de Sonora, M\u00e9xico y el Mundo de manera oportuna y busca que la libertad de expresi\u00f3n sea real. Visita nuestro medio informativo publicado desde Hermosillo, Sonora. %","robots":{"index":"index","follow":"follow","max-snippet":"max-snippet:-1","max-image-preview":"max-image-preview:large","max-video-preview":"max-video-preview:-1"},"canonical":"https:\/\/www.sonoraenequipo.com.mx\/fueron-llevados-por-su-padre-a-phoenix-a-visitar-a-sus-abuelos-los-tres-menores-reportados-desaparecidos\/","og_locale":"es_ES","og_type":"article","og_title":"Sonora en Equipo. Fueron llevados por su padre a Phoenix a visitar a sus abuelos los tres menores reportados desaparecidos Polic\u00edaca","og_description":"NOGALES, SONORA, MX. \u0336 \u0336\u00a0 La Fiscal\u00eda General de Justicia del Estado de Sonora (FGJES) informa que, derivado de los actos de investigaci\u00f3n realizados por En Sonora en Equipo publicamos toda la informaci\u00f3n de Sonora, M\u00e9xico y el Mundo de manera oportuna y busca que la libertad de expresi\u00f3n sea real. Visita nuestro medio informativo publicado desde Hermosillo, Sonora. %","og_url":"https:\/\/www.sonoraenequipo.com.mx\/fueron-llevados-por-su-padre-a-phoenix-a-visitar-a-sus-abuelos-los-tres-menores-reportados-desaparecidos\/","og_site_name":"Sonora en Equipo.","article_publisher":"https:\/\/www.facebook.com\/SonoraEE\/","article_author":"https:\/\/www.facebook.com\/SonoraEE","article_published_time":"2025-11-20T19:33:02+00:00","og_image":[{"width":600,"height":400,"url":"https:\/\/www.sonoraenequipo.com.mx\/storage\/2020\/02\/fgje-logo_opt.jpg","type":"image\/jpeg"}],"author":"enequipo","twitter_card":"summary_large_image","twitter_creator":"@sonoraenequipo","twitter_site":"@sonoraenequipo","twitter_misc":{"Escrito por":"enequipo","Tiempo de lectura":"1 minuto"},"schema":{"@context":"https:\/\/schema.org","@graph":[{"@type":"Article","@id":"https:\/\/www.sonoraenequipo.com.mx\/fueron-llevados-por-su-padre-a-phoenix-a-visitar-a-sus-abuelos-los-tres-menores-reportados-desaparecidos\/#article","isPartOf":{"@id":"https:\/\/www.sonoraenequipo.com.mx\/fueron-llevados-por-su-padre-a-phoenix-a-visitar-a-sus-abuelos-los-tres-menores-reportados-desaparecidos\/"},"author":{"name":"enequipo","@id":"https:\/\/www.sonoraenequipo.com.mx\/#\/schema\/person\/50102df0fb23a8fa9e8effad8fa81386"},"headline":"Fueron llevados por su padre a Phoenix a visitar a sus abuelos los tres menores reportados desaparecidos","datePublished":"2025-11-20T19:33:02+00:00","mainEntityOfPage":{"@id":"https:\/\/www.sonoraenequipo.com.mx\/fueron-llevados-por-su-padre-a-phoenix-a-visitar-a-sus-abuelos-los-tres-menores-reportados-desaparecidos\/"},"wordCount":245,"commentCount":0,"publisher":{"@id":"https:\/\/www.sonoraenequipo.com.mx\/#organization"},"image":{"@id":"https:\/\/www.sonoraenequipo.com.mx\/fueron-llevados-por-su-padre-a-phoenix-a-visitar-a-sus-abuelos-los-tres-menores-reportados-desaparecidos\/#primaryimage"},"thumbnailUrl":"https:\/\/www.sonoraenequipo.com.mx\/storage\/2020\/02\/fgje-logo_opt.jpg","keywords":["desaparecidos","menores"],"articleSection":["Polic\u00edaca"],"inLanguage":"es","potentialAction":[{"@type":"CommentAction","name":"Comment","target":["https:\/\/www.sonoraenequipo.com.mx\/fueron-llevados-por-su-padre-a-phoenix-a-visitar-a-sus-abuelos-los-tres-menores-reportados-desaparecidos\/#respond"]}]},{"@type":"WebPage","@id":"https:\/\/www.sonoraenequipo.com.mx\/fueron-llevados-por-su-padre-a-phoenix-a-visitar-a-sus-abuelos-los-tres-menores-reportados-desaparecidos\/","url":"https:\/\/www.sonoraenequipo.com.mx\/fueron-llevados-por-su-padre-a-phoenix-a-visitar-a-sus-abuelos-los-tres-menores-reportados-desaparecidos\/","name":"Sonora en Equipo. Fueron llevados por su padre a Phoenix a visitar a sus abuelos los tres menores reportados desaparecidos Polic\u00edaca","isPartOf":{"@id":"https:\/\/www.sonoraenequipo.com.mx\/#website"},"primaryImageOfPage":{"@id":"https:\/\/www.sonoraenequipo.com.mx\/fueron-llevados-por-su-padre-a-phoenix-a-visitar-a-sus-abuelos-los-tres-menores-reportados-desaparecidos\/#primaryimage"},"image":{"@id":"https:\/\/www.sonoraenequipo.com.mx\/fueron-llevados-por-su-padre-a-phoenix-a-visitar-a-sus-abuelos-los-tres-menores-reportados-desaparecidos\/#primaryimage"},"thumbnailUrl":"https:\/\/www.sonoraenequipo.com.mx\/storage\/2020\/02\/fgje-logo_opt.jpg","datePublished":"2025-11-20T19:33:02+00:00","description":"NOGALES, SONORA, MX. \u0336 \u0336\u00a0 La Fiscal\u00eda General de Justicia del Estado de Sonora (FGJES) informa que, derivado de los actos de investigaci\u00f3n realizados por En Sonora en Equipo publicamos toda la informaci\u00f3n de Sonora, M\u00e9xico y el Mundo de manera oportuna y busca que la libertad de expresi\u00f3n sea real. Visita nuestro medio informativo publicado desde Hermosillo, Sonora. %","breadcrumb":{"@id":"https:\/\/www.sonoraenequipo.com.mx\/fueron-llevados-por-su-padre-a-phoenix-a-visitar-a-sus-abuelos-los-tres-menores-reportados-desaparecidos\/#breadcrumb"},"inLanguage":"es","potentialAction":[{"@type":"ReadAction","target":["https:\/\/www.sonoraenequipo.com.mx\/fueron-llevados-por-su-padre-a-phoenix-a-visitar-a-sus-abuelos-los-tres-menores-reportados-desaparecidos\/"]}]},{"@type":"ImageObject","inLanguage":"es","@id":"https:\/\/www.sonoraenequipo.com.mx\/fueron-llevados-por-su-padre-a-phoenix-a-visitar-a-sus-abuelos-los-tres-menores-reportados-desaparecidos\/#primaryimage","url":"https:\/\/www.sonoraenequipo.com.mx\/storage\/2020\/02\/fgje-logo_opt.jpg","contentUrl":"https:\/\/www.sonoraenequipo.com.mx\/storage\/2020\/02\/fgje-logo_opt.jpg","width":600,"height":400},{"@type":"BreadcrumbList","@id":"https:\/\/www.sonoraenequipo.com.mx\/fueron-llevados-por-su-padre-a-phoenix-a-visitar-a-sus-abuelos-los-tres-menores-reportados-desaparecidos\/#breadcrumb","itemListElement":[{"@type":"ListItem","position":1,"name":"Portada","item":"https:\/\/www.sonoraenequipo.com.mx\/"},{"@type":"ListItem","position":2,"name":"Fueron llevados por su padre a Phoenix a visitar a sus abuelos los tres menores reportados desaparecidos"}]},{"@type":"WebSite","@id":"https:\/\/www.sonoraenequipo.com.mx\/#website","url":"https:\/\/www.sonoraenequipo.com.mx\/","name":"Sonora en Equipo.","description":"Diario en l\u00ednea con Noticias desde Hermosillo, Sonora","publisher":{"@id":"https:\/\/www.sonoraenequipo.com.mx\/#organization"},"potentialAction":[{"@type":"SearchAction","target":{"@type":"EntryPoint","urlTemplate":"https:\/\/www.sonoraenequipo.com.mx\/?s={search_term_string}"},"query-input":{"@type":"PropertyValueSpecification","valueRequired":true,"valueName":"search_term_string"}}],"inLanguage":"es"},{"@type":"Organization","@id":"https:\/\/www.sonoraenequipo.com.mx\/#organization","name":"Sonoraenequipo.com.mx","url":"https:\/\/www.sonoraenequipo.com.mx\/","logo":{"@type":"ImageObject","inLanguage":"es","@id":"https:\/\/www.sonoraenequipo.com.mx\/#\/schema\/logo\/image\/","url":"https:\/\/www.sonoraenequipo.com.mx\/storage\/2019\/01\/sonoraenequipo_opt.png","contentUrl":"https:\/\/www.sonoraenequipo.com.mx\/storage\/2019\/01\/sonoraenequipo_opt.png","width":375,"height":125,"caption":"Sonoraenequipo.com.mx"},"image":{"@id":"https:\/\/www.sonoraenequipo.com.mx\/#\/schema\/logo\/image\/"},"sameAs":["https:\/\/www.facebook.com\/SonoraEE\/","https:\/\/x.com\/sonoraenequipo","https:\/\/www.youtube.com\/channel\/UC338nW-lPEYmJQs4ZABQ1SQ"]},{"@type":"Person","@id":"https:\/\/www.sonoraenequipo.com.mx\/#\/schema\/person\/50102df0fb23a8fa9e8effad8fa81386","name":"enequipo","image":{"@type":"ImageObject","inLanguage":"es","@id":"https:\/\/www.sonoraenequipo.com.mx\/#\/schema\/person\/image\/","url":"https:\/\/secure.gravatar.com\/avatar\/049821681b589dabc0bc20695993ccebb09f5b5d4d790cd9251b97faac7c652b?s=96&d=blank&r=g","contentUrl":"https:\/\/secure.gravatar.com\/avatar\/049821681b589dabc0bc20695993ccebb09f5b5d4d790cd9251b97faac7c652b?s=96&d=blank&r=g","caption":"enequipo"},"sameAs":["https:\/\/www.facebook.com\/SonoraEE"]}]}},"jetpack_featured_media_url":"https:\/\/www.sonoraenequipo.com.mx\/storage\/2020\/02\/fgje-logo_opt.jpg","_links":{"self":[{"href":"https:\/\/www.sonoraenequipo.com.mx\/api\/wp\/v2\/posts\/228986","targetHints":{"allow":["GET"]}}],"collection":[{"href":"https:\/\/www.sonoraenequipo.com.mx\/api\/wp\/v2\/posts"}],"about":[{"href":"https:\/\/www.sonoraenequipo.com.mx\/api\/wp\/v2\/types\/post"}],"author":[{"embeddable":true,"href":"https:\/\/www.sonoraenequipo.com.mx\/api\/wp\/v2\/users\/1"}],"replies":[{"embeddable":true,"href":"https:\/\/www.sonoraenequipo.com.mx\/api\/wp\/v2\/comments?post=228986"}],"version-history":[{"count":1,"href":"https:\/\/www.sonoraenequipo.com.mx\/api\/wp\/v2\/posts\/228986\/revisions"}],"predecessor-version":[{"id":228987,"href":"https:\/\/www.sonoraenequipo.com.mx\/api\/wp\/v2\/posts\/228986\/revisions\/228987"}],"wp:featuredmedia":[{"embeddable":true,"href":"https:\/\/www.sonoraenequipo.com.mx\/api\/wp\/v2\/media\/79123"}],"wp:attachment":[{"href":"https:\/\/www.sonoraenequipo.com.mx\/api\/wp\/v2\/media?parent=228986"}],"wp:term":[{"taxonomy":"category","embeddable":true,"href":"https:\/\/www.sonoraenequipo.com.mx\/api\/wp\/v2\/categories?post=228986"},{"taxonomy":"post_tag","embeddable":true,"href":"https:\/\/www.sonoraenequipo.com.mx\/api\/wp\/v2\/tags?post=228986"}],"curies":[{"name":"wp","href":"https:\/\/api.w.org\/{rel}","templated":true}]}}