{"id":228997,"date":"2025-11-20T14:01:39","date_gmt":"2025-11-20T21:01:39","guid":{"rendered":"https:\/\/www.sonoraenequipo.com.mx\/?p=228997"},"modified":"2025-11-20T14:01:39","modified_gmt":"2025-11-20T21:01:39","slug":"participa-lamarque-en-presentacion-del-libro-sindicalismo-de-la-ctm-en-sonora","status":"publish","type":"post","link":"https:\/\/www.sonoraenequipo.com.mx\/participa-lamarque-en-presentacion-del-libro-sindicalismo-de-la-ctm-en-sonora\/","title":{"rendered":"Participa Lamarque en presentaci\u00f3n del libro sindicalismo de la CTM en Sonora"},"content":{"rendered":"<p><strong>CAJEME, SONORA, MX.<\/strong><strong> \u0336 \u0336\u00a0 \u00a0<\/strong>Ante la presencia de empresarios, l\u00edderes sindicales, acad\u00e9micos, ex Alcaldes de Cajeme, y representantes de diversos sectores y fuerzas pol\u00edticas, el Presidente Municipal, Javier Lamarque particip\u00f3 en la presentaci\u00f3n del libro \u201cSindicalismo de la CTM en Sonora. Grandes luchas, crecimiento y fortaleza. 1982\u20132025\u201d, obra que documenta m\u00e1s de cuatro d\u00e9cadas de la historia del movimiento obrero de la CTM en el Estado, sus logros, desaf\u00edos y la defensa de los derechos laborales.<\/p>\n<p>&nbsp;<\/p>\n<p>Luego de la participaci\u00f3n de los comentaristas Marco Antonio Rodr\u00edguez Aguileta, Gonzalo Rodr\u00edguez Villanueva y Ana Luisa Ch\u00e1vez Haro que compartir\u00e1n su visi\u00f3n sobre la relevancia hist\u00f3rica, econ\u00f3mica y social de esta obra, el Alcalde reconoci\u00f3 que, en el devenir hist\u00f3rico de la CTM en Sonora, le ha tocado defender los derechos de las y los trabajadores ante gobiernos emanados del PRI, PAN y de la Cuarta Transformaci\u00f3n, por lo que ahora mantiene un di\u00e1logo m\u00e1s directo y logra acuerdos inmediatos en el marco de la justicia social.<\/p>\n<p>&nbsp;<\/p>\n<p>\u201cQuienes hemos luchado en el proceso de la cuarta transformaci\u00f3n nos identificamos con las bases trabajadoras, porque la mayor\u00eda de lo que estamos en este movimiento, tenemos nuestro origen en la clase que representa la fuerza laboral, venimos del pueblo, somos pueblo y nos debemos al pueblo, es por ello que la conquista y garant\u00eda de los derechos de las y los trabajadores los hacemos propios para crear mejores condiciones de bienestar social\u201d, manifest\u00f3 Javier Lamarque.<\/p>\n<p>&nbsp;<\/p>\n<p>Al dar la bienvenida a la concurrencia, la Secretaria General de la CTM en Cajeme, Silvia Godoy Vea agradeci\u00f3 la Presidente Municipal por acompa\u00f1arlos en la presentaci\u00f3n de este libro que da testimonio del testimonio del papel que el movimiento obrero ha desempe\u00f1ado en el desarrollo econ\u00f3mico y social de Sonora.<\/p>\n<p>&nbsp;<\/p>\n<p>Por su parte, el dirigente estatal de la CTM, Javier Villarreal G\u00e1mez, destac\u00f3 que esta publicaci\u00f3n, editada por la propia Confederaci\u00f3n, refleja el esfuerzo colectivo de miles de trabajadoras y trabajadores que, durante m\u00e1s de cuarenta a\u00f1os, han contribuido a la construcci\u00f3n de un sindicalismo moderno, solidario y comprometido con la justicia laboral.<\/p>\n<p><strong>Fecha de publicaci\u00f3n \u00a0jueves 20 de noviembre de 2025<\/strong><\/p>\n","protected":false},"excerpt":{"rendered":"<p>CAJEME, SONORA, MX. \u0336 \u0336\u00a0 \u00a0Ante la presencia de empresarios, l\u00edderes sindicales, acad\u00e9micos, ex Alcaldes&#8230;<\/p>\n","protected":false},"author":1,"featured_media":228998,"comment_status":"open","ping_status":"open","sticky":false,"template":"","format":"standard","meta":{"_monsterinsights_skip_tracking":false,"_monsterinsights_sitenote_active":false,"_monsterinsights_sitenote_note":"","_monsterinsights_sitenote_category":0,"footnotes":""},"categories":[4],"tags":[1206,12084,15],"class_list":["post"],"yoast_head":" \n<title>Sonora en Equipo. Participa Lamarque en presentaci\u00f3n del libro sindicalismo de la CTM en Sonora Municipios<\/title>\n<meta name=\"description\" content=\"CAJEME, SONORA, MX. \u0336 \u0336\u00a0 \u00a0Ante la presencia de empresarios, l\u00edderes sindicales, acad\u00e9micos, ex Alcaldes de Cajeme, y representantes de diversos sectores y En Sonora en Equipo publicamos toda la informaci\u00f3n de Sonora, M\u00e9xico y el Mundo de manera oportuna y busca que la libertad de expresi\u00f3n sea real. Visita nuestro medio informativo publicado desde Hermosillo, Sonora. %\" \/>\n<meta name=\"robots\" content=\"index, follow, max-snippet:-1, max-image-preview:large, max-video-preview:-1\" \/>\n<link rel=\"canonical\" href=\"https:\/\/www.sonoraenequipo.com.mx\/participa-lamarque-en-presentacion-del-libro-sindicalismo-de-la-ctm-en-sonora\/\" \/>\n<meta property=\"og:locale\" content=\"es_ES\" \/>\n<meta property=\"og:type\" content=\"article\" \/>\n<meta property=\"og:title\" content=\"Sonora en Equipo. Participa Lamarque en presentaci\u00f3n del libro sindicalismo de la CTM en Sonora Municipios\" \/>\n<meta property=\"og:description\" content=\"CAJEME, SONORA, MX. \u0336 \u0336\u00a0 \u00a0Ante la presencia de empresarios, l\u00edderes sindicales, acad\u00e9micos, ex Alcaldes de Cajeme, y representantes de diversos sectores y En Sonora en Equipo publicamos toda la informaci\u00f3n de Sonora, M\u00e9xico y el Mundo de manera oportuna y busca que la libertad de expresi\u00f3n sea real. Visita nuestro medio informativo publicado desde Hermosillo, Sonora. %\" \/>\n<meta property=\"og:url\" content=\"https:\/\/www.sonoraenequipo.com.mx\/participa-lamarque-en-presentacion-del-libro-sindicalismo-de-la-ctm-en-sonora\/\" \/>\n<meta property=\"og:site_name\" content=\"Sonora en Equipo.\" \/>\n<meta property=\"article:publisher\" content=\"https:\/\/www.facebook.com\/SonoraEE\/\" \/>\n<meta property=\"article:author\" content=\"https:\/\/www.facebook.com\/SonoraEE\" \/>\n<meta property=\"article:published_time\" content=\"2025-11-20T21:01:39+00:00\" \/>\n<meta property=\"og:image\" content=\"https:\/\/www.sonoraenequipo.com.mx\/storage\/2025\/11\/lamarque-ctm.jpg\" \/>\n\t<meta property=\"og:image:width\" content=\"600\" \/>\n\t<meta property=\"og:image:height\" content=\"400\" \/>\n\t<meta property=\"og:image:type\" content=\"image\/jpeg\" \/>\n<meta name=\"author\" content=\"enequipo\" \/>\n<meta name=\"twitter:card\" content=\"summary_large_image\" \/>\n<meta name=\"twitter:creator\" content=\"@sonoraenequipo\" \/>\n<meta name=\"twitter:site\" content=\"@sonoraenequipo\" \/>\n<meta name=\"twitter:label1\" content=\"Escrito por\" \/>\n\t<meta name=\"twitter:data1\" content=\"enequipo\" \/>\n\t<meta name=\"twitter:label2\" content=\"Tiempo de lectura\" \/>\n\t<meta name=\"twitter:data2\" content=\"2 minutos\" \/>\n<script type=\"application\/ld+json\" class=\"yoast-schema-graph\">{\"@context\":\"https:\/\/schema.org\",\"@graph\":[{\"@type\":\"Article\",\"@id\":\"https:\/\/www.sonoraenequipo.com.mx\/participa-lamarque-en-presentacion-del-libro-sindicalismo-de-la-ctm-en-sonora\/#article\",\"isPartOf\":{\"@id\":\"https:\/\/www.sonoraenequipo.com.mx\/participa-lamarque-en-presentacion-del-libro-sindicalismo-de-la-ctm-en-sonora\/\"},\"author\":{\"name\":\"enequipo\",\"@id\":\"https:\/\/www.sonoraenequipo.com.mx\/#\/schema\/person\/50102df0fb23a8fa9e8effad8fa81386\"},\"headline\":\"Participa Lamarque en presentaci\u00f3n del libro sindicalismo de la CTM en Sonora\",\"datePublished\":\"2025-11-20T21:01:39+00:00\",\"mainEntityOfPage\":{\"@id\":\"https:\/\/www.sonoraenequipo.com.mx\/participa-lamarque-en-presentacion-del-libro-sindicalismo-de-la-ctm-en-sonora\/\"},\"wordCount\":399,\"commentCount\":0,\"publisher\":{\"@id\":\"https:\/\/www.sonoraenequipo.com.mx\/#organization\"},\"image\":{\"@id\":\"https:\/\/www.sonoraenequipo.com.mx\/participa-lamarque-en-presentacion-del-libro-sindicalismo-de-la-ctm-en-sonora\/#primaryimage\"},\"thumbnailUrl\":\"https:\/\/www.sonoraenequipo.com.mx\/storage\/2025\/11\/lamarque-ctm.jpg\",\"keywords\":[\"CTM\",\"lamarque sindicalismo\",\"Sonora\"],\"articleSection\":[\"Municipios\"],\"inLanguage\":\"es\",\"potentialAction\":[{\"@type\":\"CommentAction\",\"name\":\"Comment\",\"target\":[\"https:\/\/www.sonoraenequipo.com.mx\/participa-lamarque-en-presentacion-del-libro-sindicalismo-de-la-ctm-en-sonora\/#respond\"]}]},{\"@type\":\"WebPage\",\"@id\":\"https:\/\/www.sonoraenequipo.com.mx\/participa-lamarque-en-presentacion-del-libro-sindicalismo-de-la-ctm-en-sonora\/\",\"url\":\"https:\/\/www.sonoraenequipo.com.mx\/participa-lamarque-en-presentacion-del-libro-sindicalismo-de-la-ctm-en-sonora\/\",\"name\":\"Sonora en Equipo. Participa Lamarque en presentaci\u00f3n del libro sindicalismo de la CTM en Sonora Municipios\",\"isPartOf\":{\"@id\":\"https:\/\/www.sonoraenequipo.com.mx\/#website\"},\"primaryImageOfPage\":{\"@id\":\"https:\/\/www.sonoraenequipo.com.mx\/participa-lamarque-en-presentacion-del-libro-sindicalismo-de-la-ctm-en-sonora\/#primaryimage\"},\"image\":{\"@id\":\"https:\/\/www.sonoraenequipo.com.mx\/participa-lamarque-en-presentacion-del-libro-sindicalismo-de-la-ctm-en-sonora\/#primaryimage\"},\"thumbnailUrl\":\"https:\/\/www.sonoraenequipo.com.mx\/storage\/2025\/11\/lamarque-ctm.jpg\",\"datePublished\":\"2025-11-20T21:01:39+00:00\",\"description\":\"CAJEME, SONORA, MX. \u0336 \u0336\u00a0 \u00a0Ante la presencia de empresarios, l\u00edderes sindicales, acad\u00e9micos, ex Alcaldes de Cajeme, y representantes de diversos sectores y En Sonora en Equipo publicamos toda la informaci\u00f3n de Sonora, M\u00e9xico y el Mundo de manera oportuna y busca que la libertad de expresi\u00f3n sea real. Visita nuestro medio informativo publicado desde Hermosillo, Sonora. %\",\"breadcrumb\":{\"@id\":\"https:\/\/www.sonoraenequipo.com.mx\/participa-lamarque-en-presentacion-del-libro-sindicalismo-de-la-ctm-en-sonora\/#breadcrumb\"},\"inLanguage\":\"es\",\"potentialAction\":[{\"@type\":\"ReadAction\",\"target\":[\"https:\/\/www.sonoraenequipo.com.mx\/participa-lamarque-en-presentacion-del-libro-sindicalismo-de-la-ctm-en-sonora\/\"]}]},{\"@type\":\"ImageObject\",\"inLanguage\":\"es\",\"@id\":\"https:\/\/www.sonoraenequipo.com.mx\/participa-lamarque-en-presentacion-del-libro-sindicalismo-de-la-ctm-en-sonora\/#primaryimage\",\"url\":\"https:\/\/www.sonoraenequipo.com.mx\/storage\/2025\/11\/lamarque-ctm.jpg\",\"contentUrl\":\"https:\/\/www.sonoraenequipo.com.mx\/storage\/2025\/11\/lamarque-ctm.jpg\",\"width\":600,\"height\":400},{\"@type\":\"BreadcrumbList\",\"@id\":\"https:\/\/www.sonoraenequipo.com.mx\/participa-lamarque-en-presentacion-del-libro-sindicalismo-de-la-ctm-en-sonora\/#breadcrumb\",\"itemListElement\":[{\"@type\":\"ListItem\",\"position\":1,\"name\":\"Portada\",\"item\":\"https:\/\/www.sonoraenequipo.com.mx\/\"},{\"@type\":\"ListItem\",\"position\":2,\"name\":\"Participa Lamarque en presentaci\u00f3n del libro sindicalismo de la CTM en Sonora\"}]},{\"@type\":\"WebSite\",\"@id\":\"https:\/\/www.sonoraenequipo.com.mx\/#website\",\"url\":\"https:\/\/www.sonoraenequipo.com.mx\/\",\"name\":\"Sonora en Equipo.\",\"description\":\"Diario en l\u00ednea con Noticias desde Hermosillo, Sonora\",\"publisher\":{\"@id\":\"https:\/\/www.sonoraenequipo.com.mx\/#organization\"},\"potentialAction\":[{\"@type\":\"SearchAction\",\"target\":{\"@type\":\"EntryPoint\",\"urlTemplate\":\"https:\/\/www.sonoraenequipo.com.mx\/?s={search_term_string}\"},\"query-input\":{\"@type\":\"PropertyValueSpecification\",\"valueRequired\":true,\"valueName\":\"search_term_string\"}}],\"inLanguage\":\"es\"},{\"@type\":\"Organization\",\"@id\":\"https:\/\/www.sonoraenequipo.com.mx\/#organization\",\"name\":\"Sonoraenequipo.com.mx\",\"url\":\"https:\/\/www.sonoraenequipo.com.mx\/\",\"logo\":{\"@type\":\"ImageObject\",\"inLanguage\":\"es\",\"@id\":\"https:\/\/www.sonoraenequipo.com.mx\/#\/schema\/logo\/image\/\",\"url\":\"https:\/\/www.sonoraenequipo.com.mx\/storage\/2019\/01\/sonoraenequipo_opt.png\",\"contentUrl\":\"https:\/\/www.sonoraenequipo.com.mx\/storage\/2019\/01\/sonoraenequipo_opt.png\",\"width\":375,\"height\":125,\"caption\":\"Sonoraenequipo.com.mx\"},\"image\":{\"@id\":\"https:\/\/www.sonoraenequipo.com.mx\/#\/schema\/logo\/image\/\"},\"sameAs\":[\"https:\/\/www.facebook.com\/SonoraEE\/\",\"https:\/\/x.com\/sonoraenequipo\",\"https:\/\/www.youtube.com\/channel\/UC338nW-lPEYmJQs4ZABQ1SQ\"]},{\"@type\":\"Person\",\"@id\":\"https:\/\/www.sonoraenequipo.com.mx\/#\/schema\/person\/50102df0fb23a8fa9e8effad8fa81386\",\"name\":\"enequipo\",\"image\":{\"@type\":\"ImageObject\",\"inLanguage\":\"es\",\"@id\":\"https:\/\/www.sonoraenequipo.com.mx\/#\/schema\/person\/image\/\",\"url\":\"https:\/\/secure.gravatar.com\/avatar\/049821681b589dabc0bc20695993ccebb09f5b5d4d790cd9251b97faac7c652b?s=96&d=blank&r=g\",\"contentUrl\":\"https:\/\/secure.gravatar.com\/avatar\/049821681b589dabc0bc20695993ccebb09f5b5d4d790cd9251b97faac7c652b?s=96&d=blank&r=g\",\"caption\":\"enequipo\"},\"sameAs\":[\"https:\/\/www.facebook.com\/SonoraEE\"]}]}<\/script>\n ","yoast_head_json":{"title":"Sonora en Equipo. Participa Lamarque en presentaci\u00f3n del libro sindicalismo de la CTM en Sonora Municipios","description":"CAJEME, SONORA, MX. \u0336 \u0336\u00a0 \u00a0Ante la presencia de empresarios, l\u00edderes sindicales, acad\u00e9micos, ex Alcaldes de Cajeme, y representantes de diversos sectores y En Sonora en Equipo publicamos toda la informaci\u00f3n de Sonora, M\u00e9xico y el Mundo de manera oportuna y busca que la libertad de expresi\u00f3n sea real. Visita nuestro medio informativo publicado desde Hermosillo, Sonora. %","robots":{"index":"index","follow":"follow","max-snippet":"max-snippet:-1","max-image-preview":"max-image-preview:large","max-video-preview":"max-video-preview:-1"},"canonical":"https:\/\/www.sonoraenequipo.com.mx\/participa-lamarque-en-presentacion-del-libro-sindicalismo-de-la-ctm-en-sonora\/","og_locale":"es_ES","og_type":"article","og_title":"Sonora en Equipo. Participa Lamarque en presentaci\u00f3n del libro sindicalismo de la CTM en Sonora Municipios","og_description":"CAJEME, SONORA, MX. \u0336 \u0336\u00a0 \u00a0Ante la presencia de empresarios, l\u00edderes sindicales, acad\u00e9micos, ex Alcaldes de Cajeme, y representantes de diversos sectores y En Sonora en Equipo publicamos toda la informaci\u00f3n de Sonora, M\u00e9xico y el Mundo de manera oportuna y busca que la libertad de expresi\u00f3n sea real. Visita nuestro medio informativo publicado desde Hermosillo, Sonora. %","og_url":"https:\/\/www.sonoraenequipo.com.mx\/participa-lamarque-en-presentacion-del-libro-sindicalismo-de-la-ctm-en-sonora\/","og_site_name":"Sonora en Equipo.","article_publisher":"https:\/\/www.facebook.com\/SonoraEE\/","article_author":"https:\/\/www.facebook.com\/SonoraEE","article_published_time":"2025-11-20T21:01:39+00:00","og_image":[{"width":600,"height":400,"url":"https:\/\/www.sonoraenequipo.com.mx\/storage\/2025\/11\/lamarque-ctm.jpg","type":"image\/jpeg"}],"author":"enequipo","twitter_card":"summary_large_image","twitter_creator":"@sonoraenequipo","twitter_site":"@sonoraenequipo","twitter_misc":{"Escrito por":"enequipo","Tiempo de lectura":"2 minutos"},"schema":{"@context":"https:\/\/schema.org","@graph":[{"@type":"Article","@id":"https:\/\/www.sonoraenequipo.com.mx\/participa-lamarque-en-presentacion-del-libro-sindicalismo-de-la-ctm-en-sonora\/#article","isPartOf":{"@id":"https:\/\/www.sonoraenequipo.com.mx\/participa-lamarque-en-presentacion-del-libro-sindicalismo-de-la-ctm-en-sonora\/"},"author":{"name":"enequipo","@id":"https:\/\/www.sonoraenequipo.com.mx\/#\/schema\/person\/50102df0fb23a8fa9e8effad8fa81386"},"headline":"Participa Lamarque en presentaci\u00f3n del libro sindicalismo de la CTM en Sonora","datePublished":"2025-11-20T21:01:39+00:00","mainEntityOfPage":{"@id":"https:\/\/www.sonoraenequipo.com.mx\/participa-lamarque-en-presentacion-del-libro-sindicalismo-de-la-ctm-en-sonora\/"},"wordCount":399,"commentCount":0,"publisher":{"@id":"https:\/\/www.sonoraenequipo.com.mx\/#organization"},"image":{"@id":"https:\/\/www.sonoraenequipo.com.mx\/participa-lamarque-en-presentacion-del-libro-sindicalismo-de-la-ctm-en-sonora\/#primaryimage"},"thumbnailUrl":"https:\/\/www.sonoraenequipo.com.mx\/storage\/2025\/11\/lamarque-ctm.jpg","keywords":["CTM","lamarque sindicalismo","Sonora"],"articleSection":["Municipios"],"inLanguage":"es","potentialAction":[{"@type":"CommentAction","name":"Comment","target":["https:\/\/www.sonoraenequipo.com.mx\/participa-lamarque-en-presentacion-del-libro-sindicalismo-de-la-ctm-en-sonora\/#respond"]}]},{"@type":"WebPage","@id":"https:\/\/www.sonoraenequipo.com.mx\/participa-lamarque-en-presentacion-del-libro-sindicalismo-de-la-ctm-en-sonora\/","url":"https:\/\/www.sonoraenequipo.com.mx\/participa-lamarque-en-presentacion-del-libro-sindicalismo-de-la-ctm-en-sonora\/","name":"Sonora en Equipo. Participa Lamarque en presentaci\u00f3n del libro sindicalismo de la CTM en Sonora Municipios","isPartOf":{"@id":"https:\/\/www.sonoraenequipo.com.mx\/#website"},"primaryImageOfPage":{"@id":"https:\/\/www.sonoraenequipo.com.mx\/participa-lamarque-en-presentacion-del-libro-sindicalismo-de-la-ctm-en-sonora\/#primaryimage"},"image":{"@id":"https:\/\/www.sonoraenequipo.com.mx\/participa-lamarque-en-presentacion-del-libro-sindicalismo-de-la-ctm-en-sonora\/#primaryimage"},"thumbnailUrl":"https:\/\/www.sonoraenequipo.com.mx\/storage\/2025\/11\/lamarque-ctm.jpg","datePublished":"2025-11-20T21:01:39+00:00","description":"CAJEME, SONORA, MX. \u0336 \u0336\u00a0 \u00a0Ante la presencia de empresarios, l\u00edderes sindicales, acad\u00e9micos, ex Alcaldes de Cajeme, y representantes de diversos sectores y En Sonora en Equipo publicamos toda la informaci\u00f3n de Sonora, M\u00e9xico y el Mundo de manera oportuna y busca que la libertad de expresi\u00f3n sea real. Visita nuestro medio informativo publicado desde Hermosillo, Sonora. %","breadcrumb":{"@id":"https:\/\/www.sonoraenequipo.com.mx\/participa-lamarque-en-presentacion-del-libro-sindicalismo-de-la-ctm-en-sonora\/#breadcrumb"},"inLanguage":"es","potentialAction":[{"@type":"ReadAction","target":["https:\/\/www.sonoraenequipo.com.mx\/participa-lamarque-en-presentacion-del-libro-sindicalismo-de-la-ctm-en-sonora\/"]}]},{"@type":"ImageObject","inLanguage":"es","@id":"https:\/\/www.sonoraenequipo.com.mx\/participa-lamarque-en-presentacion-del-libro-sindicalismo-de-la-ctm-en-sonora\/#primaryimage","url":"https:\/\/www.sonoraenequipo.com.mx\/storage\/2025\/11\/lamarque-ctm.jpg","contentUrl":"https:\/\/www.sonoraenequipo.com.mx\/storage\/2025\/11\/lamarque-ctm.jpg","width":600,"height":400},{"@type":"BreadcrumbList","@id":"https:\/\/www.sonoraenequipo.com.mx\/participa-lamarque-en-presentacion-del-libro-sindicalismo-de-la-ctm-en-sonora\/#breadcrumb","itemListElement":[{"@type":"ListItem","position":1,"name":"Portada","item":"https:\/\/www.sonoraenequipo.com.mx\/"},{"@type":"ListItem","position":2,"name":"Participa Lamarque en presentaci\u00f3n del libro sindicalismo de la CTM en Sonora"}]},{"@type":"WebSite","@id":"https:\/\/www.sonoraenequipo.com.mx\/#website","url":"https:\/\/www.sonoraenequipo.com.mx\/","name":"Sonora en Equipo.","description":"Diario en l\u00ednea con Noticias desde Hermosillo, Sonora","publisher":{"@id":"https:\/\/www.sonoraenequipo.com.mx\/#organization"},"potentialAction":[{"@type":"SearchAction","target":{"@type":"EntryPoint","urlTemplate":"https:\/\/www.sonoraenequipo.com.mx\/?s={search_term_string}"},"query-input":{"@type":"PropertyValueSpecification","valueRequired":true,"valueName":"search_term_string"}}],"inLanguage":"es"},{"@type":"Organization","@id":"https:\/\/www.sonoraenequipo.com.mx\/#organization","name":"Sonoraenequipo.com.mx","url":"https:\/\/www.sonoraenequipo.com.mx\/","logo":{"@type":"ImageObject","inLanguage":"es","@id":"https:\/\/www.sonoraenequipo.com.mx\/#\/schema\/logo\/image\/","url":"https:\/\/www.sonoraenequipo.com.mx\/storage\/2019\/01\/sonoraenequipo_opt.png","contentUrl":"https:\/\/www.sonoraenequipo.com.mx\/storage\/2019\/01\/sonoraenequipo_opt.png","width":375,"height":125,"caption":"Sonoraenequipo.com.mx"},"image":{"@id":"https:\/\/www.sonoraenequipo.com.mx\/#\/schema\/logo\/image\/"},"sameAs":["https:\/\/www.facebook.com\/SonoraEE\/","https:\/\/x.com\/sonoraenequipo","https:\/\/www.youtube.com\/channel\/UC338nW-lPEYmJQs4ZABQ1SQ"]},{"@type":"Person","@id":"https:\/\/www.sonoraenequipo.com.mx\/#\/schema\/person\/50102df0fb23a8fa9e8effad8fa81386","name":"enequipo","image":{"@type":"ImageObject","inLanguage":"es","@id":"https:\/\/www.sonoraenequipo.com.mx\/#\/schema\/person\/image\/","url":"https:\/\/secure.gravatar.com\/avatar\/049821681b589dabc0bc20695993ccebb09f5b5d4d790cd9251b97faac7c652b?s=96&d=blank&r=g","contentUrl":"https:\/\/secure.gravatar.com\/avatar\/049821681b589dabc0bc20695993ccebb09f5b5d4d790cd9251b97faac7c652b?s=96&d=blank&r=g","caption":"enequipo"},"sameAs":["https:\/\/www.facebook.com\/SonoraEE"]}]}},"jetpack_featured_media_url":"https:\/\/www.sonoraenequipo.com.mx\/storage\/2025\/11\/lamarque-ctm.jpg","_links":{"self":[{"href":"https:\/\/www.sonoraenequipo.com.mx\/api\/wp\/v2\/posts\/228997","targetHints":{"allow":["GET"]}}],"collection":[{"href":"https:\/\/www.sonoraenequipo.com.mx\/api\/wp\/v2\/posts"}],"about":[{"href":"https:\/\/www.sonoraenequipo.com.mx\/api\/wp\/v2\/types\/post"}],"author":[{"embeddable":true,"href":"https:\/\/www.sonoraenequipo.com.mx\/api\/wp\/v2\/users\/1"}],"replies":[{"embeddable":true,"href":"https:\/\/www.sonoraenequipo.com.mx\/api\/wp\/v2\/comments?post=228997"}],"version-history":[{"count":1,"href":"https:\/\/www.sonoraenequipo.com.mx\/api\/wp\/v2\/posts\/228997\/revisions"}],"predecessor-version":[{"id":228999,"href":"https:\/\/www.sonoraenequipo.com.mx\/api\/wp\/v2\/posts\/228997\/revisions\/228999"}],"wp:featuredmedia":[{"embeddable":true,"href":"https:\/\/www.sonoraenequipo.com.mx\/api\/wp\/v2\/media\/228998"}],"wp:attachment":[{"href":"https:\/\/www.sonoraenequipo.com.mx\/api\/wp\/v2\/media?parent=228997"}],"wp:term":[{"taxonomy":"category","embeddable":true,"href":"https:\/\/www.sonoraenequipo.com.mx\/api\/wp\/v2\/categories?post=228997"},{"taxonomy":"post_tag","embeddable":true,"href":"https:\/\/www.sonoraenequipo.com.mx\/api\/wp\/v2\/tags?post=228997"}],"curies":[{"name":"wp","href":"https:\/\/api.w.org\/{rel}","templated":true}]}}