{"id":229011,"date":"2025-11-20T11:18:13","date_gmt":"2025-11-20T18:18:13","guid":{"rendered":"https:\/\/www.sonoraenequipo.com.mx\/?p=229011"},"modified":"2025-11-20T16:02:51","modified_gmt":"2025-11-20T23:02:51","slug":"axios-zelenski-acepta-negociar-el-plan-de-paz-de-trump-para-el-conflicto-ucraniano","status":"publish","type":"post","link":"https:\/\/www.sonoraenequipo.com.mx\/axios-zelenski-acepta-negociar-el-plan-de-paz-de-trump-para-el-conflicto-ucraniano\/","title":{"rendered":"Axios: Zelenski acepta negociar el plan de paz de Trump para el conflicto ucraniano"},"content":{"rendered":"<p><strong>UCRANIA.<\/strong> \u2014 El l\u00edder del r\u00e9gimen de Kiev, Vlad\u00edmir Zelenski, declar\u00f3 al secretario del Ej\u00e9rcito estadounidense, Dan Driscoll, que est\u00e1 dispuesto a trabajar con la Administraci\u00f3n del presidente Donald Trump en su propuesta para resolver el conflicto ucraniano, reporta Axios citando a funcionarios de ambos pa\u00edses.<\/p>\n<p>&nbsp;<\/p>\n<p>&nbsp;<\/p>\n<p>&nbsp;<\/p>\n<p> <\/p>\n<p>De acuerdo con un funcionario ucraniano, Driscoll le entreg\u00f3 a Zelenski una copia del plan cuando se reunieron este jueves en Kiev.<\/p>\n<p>&nbsp;<\/p>\n<p>&nbsp;<\/p>\n<p>Previamente, desde la Oficina del l\u00edder del r\u00e9gimen de Kiev informaron que Zelenski recibi\u00f3 oficialmente de Washington un borrador del plan que<em><strong>, \u00abseg\u00fan la evaluaci\u00f3n de la parte estadounidense, puede reactivar la diplomacia\u00bb.<\/strong> <\/em>Poco antes, se dio a conocer que Zelenski se reuni\u00f3 con altos cargos del Pent\u00e1gono enviados esta semana por la Administraci\u00f3n de Donald Trump al pa\u00eds eslavo.<\/p>\n<p>&nbsp;<\/p>\n<p>&nbsp;<\/p>\n<p>\u00abEl presidente de Ucrania esboz\u00f3 las bases de principios importantes para nuestro pueblo y, como resultado de la reuni\u00f3n de hoy, se acord\u00f3 trabajar en los puntos del plan de tal manera que esto d\u00e9 un final digno a la guerra\u00bb, apunt\u00f3 la Oficina.<\/p>\n<p>&nbsp;<\/p>\n<p>&nbsp;<\/p>\n<h3>\u00abCalendario ambicioso\u00bb<\/h3>\n<p>&nbsp;<\/p>\n<p>En este contexto, un funcionario del pa\u00eds norteamericano afirm\u00f3 que Zelenski y Driscoll \u00ab<em><strong>acordaron un calendario ambicioso para la firma\u00bb.<\/strong><\/em><\/p>\n<p>&nbsp;<\/p>\n<p>&nbsp;<\/p>\n<p>&nbsp;<\/p>\n<p>Axios transmite que se espera que el l\u00edder ucraniano convoque esta noche a los miembros de su partido en el Parlamento, horas despu\u00e9s de reunirse con Driscoll. Mientras tanto, un funcionario estadounidense afirm\u00f3 al medio que <em><strong>\u00abla presi\u00f3n interna\u00bb<\/strong><\/em> podr\u00eda hacer que Zelenski estuviera m\u00e1s dispuesto a hacer concesiones dif\u00edciles en aras de la resoluci\u00f3n de la crisis.<\/p>\n<p>&nbsp;<\/p>\n<p>&nbsp;<\/p>\n<p>&nbsp;<\/p>\n<p>Por otra parte, el propio Driscoll no sab\u00eda hasta la semana pasada que ser\u00eda designado para este asunto<strong><em>. \u00abComo pueden imaginar, borramos el calendario y entramos en modo de planificaci\u00f3n y preparaci\u00f3n total\u00bb,<\/em> <\/strong>coment\u00f3 un funcionario del pa\u00eds norteamericano.<\/p>\n<p>&nbsp;<\/p>\n<p>&nbsp;<\/p>\n<p>La delegaci\u00f3n de Driscoll ten\u00eda previsto inicialmente viajar a Ucrania para discutir tecnolog\u00eda y estrategia militar antes de que la Casa Blanca le pidiera que ayudara a \u00abimpulsar las negociaciones\u00bb con Zelenski en nombre del enviado especial de la Casa Blanca, Steve Witkoff, y del secretario de Estado, Marco Rubio, seg\u00fan inform\u00f3 un funcionario estadounidense.<\/p>\n<p>&nbsp;<\/p>\n<p>&nbsp;<\/p>\n<p>Desde el Kremlin han subrayado que Mosc\u00fa no tiene nada que a\u00f1adir en relaci\u00f3n con el di\u00e1logo con Washington sobre la soluci\u00f3n del conflicto ucraniano, aparte de los entendimientos alcanzados en la cumbre entre los presidentes Vlad\u00edmir Putin y Donald Trump en Alaska.<\/p>\n<p>&nbsp;<\/p>\n<p>&nbsp;<\/p>\n<p>Filtraciones publicadas por medios como Reuters, Axios, Financial Times, The Economist, entre otros, indican que entre los puntos del plan figuran el reconocimiento de Crimea y Donbass como territorio ruso leg\u00edtimo, la renuncia de Kiev a varias categor\u00edas clave de armamento y garant\u00edas de que Ucrania ceder\u00e1 a Rusia toda la regi\u00f3n del Donbass, otorgar\u00e1 a la lengua rusa el estatus de idioma estatal y reconocer\u00e1 formalmente a la hoy perseguida Iglesia ortodoxa ucraniana can\u00f3nica (UPTs).<\/p>\n<p>&nbsp;<\/p>\n<p>&nbsp;<\/p>\n<p>Adem\u00e1s, no se permitir\u00e1 la presencia de Fuerzas Armadas extranjeras en el territorio ucraniano y Washington reducir\u00e1 su asistencia militar al pa\u00eds. The Wall Street Journal indic\u00f3, citando a funcionarios estadounidenses, que Ucrania tendr\u00eda que renunciar, al menos durante varios a\u00f1os, a su adhesi\u00f3n a la OTAN.<\/p>\n<p>&nbsp;<\/p>\n<p>Seg\u00fan Bloomberg, el plan implica, entre otras cosas, el levantamiento de sanciones impuestas contra Rusia.<\/p>\n<p>&nbsp;<\/p>\n<p>&nbsp;<\/p>\n<p>PUBLICADO EL 19 DE NOVIEMBRE DE 2025 Con informaci\u00f3n de AFP)<\/p>\n","protected":false},"excerpt":{"rendered":"<p>UCRANIA. \u2014 El l\u00edder del r\u00e9gimen de Kiev, Vlad\u00edmir Zelenski, declar\u00f3 al secretario del Ej\u00e9rcito&#8230;<\/p>\n","protected":false},"author":1,"featured_media":229016,"comment_status":"open","ping_status":"open","sticky":false,"template":"","format":"standard","meta":{"_monsterinsights_skip_tracking":false,"_monsterinsights_sitenote_active":false,"_monsterinsights_sitenote_note":"","_monsterinsights_sitenote_category":0,"footnotes":""},"categories":[3],"tags":[],"class_list":["post"],"yoast_head":" \n<title>Sonora en Equipo. Axios: Zelenski acepta negociar el plan de paz de Trump para el conflicto ucraniano MUNDO<\/title>\n<meta name=\"description\" content=\"UCRANIA. \u2014 El l\u00edder del r\u00e9gimen de Kiev, Vlad\u00edmir Zelenski, declar\u00f3 al secretario del Ej\u00e9rcito estadounidense, Dan Driscoll, que est\u00e1 dispuesto a trabajar En Sonora en Equipo publicamos toda la informaci\u00f3n de Sonora, M\u00e9xico y el Mundo de manera oportuna y busca que la libertad de expresi\u00f3n sea real. Visita nuestro medio informativo publicado desde Hermosillo, Sonora. %\" \/>\n<meta name=\"robots\" content=\"index, follow, max-snippet:-1, max-image-preview:large, max-video-preview:-1\" \/>\n<link rel=\"canonical\" href=\"https:\/\/www.sonoraenequipo.com.mx\/axios-zelenski-acepta-negociar-el-plan-de-paz-de-trump-para-el-conflicto-ucraniano\/\" \/>\n<meta property=\"og:locale\" content=\"es_ES\" \/>\n<meta property=\"og:type\" content=\"article\" \/>\n<meta property=\"og:title\" content=\"Sonora en Equipo. Axios: Zelenski acepta negociar el plan de paz de Trump para el conflicto ucraniano MUNDO\" \/>\n<meta property=\"og:description\" content=\"UCRANIA. \u2014 El l\u00edder del r\u00e9gimen de Kiev, Vlad\u00edmir Zelenski, declar\u00f3 al secretario del Ej\u00e9rcito estadounidense, Dan Driscoll, que est\u00e1 dispuesto a trabajar En Sonora en Equipo publicamos toda la informaci\u00f3n de Sonora, M\u00e9xico y el Mundo de manera oportuna y busca que la libertad de expresi\u00f3n sea real. Visita nuestro medio informativo publicado desde Hermosillo, Sonora. %\" \/>\n<meta property=\"og:url\" content=\"https:\/\/www.sonoraenequipo.com.mx\/axios-zelenski-acepta-negociar-el-plan-de-paz-de-trump-para-el-conflicto-ucraniano\/\" \/>\n<meta property=\"og:site_name\" content=\"Sonora en Equipo.\" \/>\n<meta property=\"article:publisher\" content=\"https:\/\/www.facebook.com\/SonoraEE\/\" \/>\n<meta property=\"article:author\" content=\"https:\/\/www.facebook.com\/SonoraEE\" \/>\n<meta property=\"article:published_time\" content=\"2025-11-20T18:18:13+00:00\" \/>\n<meta property=\"article:modified_time\" content=\"2025-11-20T23:02:51+00:00\" \/>\n<meta property=\"og:image\" content=\"https:\/\/www.sonoraenequipo.com.mx\/storage\/2025\/11\/trump-y-Zelenski-min-1.jpg\" \/>\n\t<meta property=\"og:image:width\" content=\"1104\" \/>\n\t<meta property=\"og:image:height\" content=\"622\" \/>\n\t<meta property=\"og:image:type\" content=\"image\/jpeg\" \/>\n<meta name=\"author\" content=\"enequipo\" \/>\n<meta name=\"twitter:card\" content=\"summary_large_image\" \/>\n<meta name=\"twitter:creator\" content=\"@sonoraenequipo\" \/>\n<meta name=\"twitter:site\" content=\"@sonoraenequipo\" \/>\n<meta name=\"twitter:label1\" content=\"Escrito por\" \/>\n\t<meta name=\"twitter:data1\" content=\"enequipo\" \/>\n\t<meta name=\"twitter:label2\" content=\"Tiempo de lectura\" \/>\n\t<meta name=\"twitter:data2\" content=\"3 minutos\" \/>\n<script type=\"application\/ld+json\" class=\"yoast-schema-graph\">{\"@context\":\"https:\/\/schema.org\",\"@graph\":[{\"@type\":\"Article\",\"@id\":\"https:\/\/www.sonoraenequipo.com.mx\/axios-zelenski-acepta-negociar-el-plan-de-paz-de-trump-para-el-conflicto-ucraniano\/#article\",\"isPartOf\":{\"@id\":\"https:\/\/www.sonoraenequipo.com.mx\/axios-zelenski-acepta-negociar-el-plan-de-paz-de-trump-para-el-conflicto-ucraniano\/\"},\"author\":{\"name\":\"enequipo\",\"@id\":\"https:\/\/www.sonoraenequipo.com.mx\/#\/schema\/person\/50102df0fb23a8fa9e8effad8fa81386\"},\"headline\":\"Axios: Zelenski acepta negociar el plan de paz de Trump para el conflicto ucraniano\",\"datePublished\":\"2025-11-20T18:18:13+00:00\",\"dateModified\":\"2025-11-20T23:02:51+00:00\",\"mainEntityOfPage\":{\"@id\":\"https:\/\/www.sonoraenequipo.com.mx\/axios-zelenski-acepta-negociar-el-plan-de-paz-de-trump-para-el-conflicto-ucraniano\/\"},\"wordCount\":624,\"commentCount\":0,\"publisher\":{\"@id\":\"https:\/\/www.sonoraenequipo.com.mx\/#organization\"},\"image\":{\"@id\":\"https:\/\/www.sonoraenequipo.com.mx\/axios-zelenski-acepta-negociar-el-plan-de-paz-de-trump-para-el-conflicto-ucraniano\/#primaryimage\"},\"thumbnailUrl\":\"https:\/\/www.sonoraenequipo.com.mx\/storage\/2025\/11\/trump-y-Zelenski-min-1.jpg\",\"articleSection\":[\"MUNDO\"],\"inLanguage\":\"es\",\"potentialAction\":[{\"@type\":\"CommentAction\",\"name\":\"Comment\",\"target\":[\"https:\/\/www.sonoraenequipo.com.mx\/axios-zelenski-acepta-negociar-el-plan-de-paz-de-trump-para-el-conflicto-ucraniano\/#respond\"]}]},{\"@type\":\"WebPage\",\"@id\":\"https:\/\/www.sonoraenequipo.com.mx\/axios-zelenski-acepta-negociar-el-plan-de-paz-de-trump-para-el-conflicto-ucraniano\/\",\"url\":\"https:\/\/www.sonoraenequipo.com.mx\/axios-zelenski-acepta-negociar-el-plan-de-paz-de-trump-para-el-conflicto-ucraniano\/\",\"name\":\"Sonora en Equipo. Axios: Zelenski acepta negociar el plan de paz de Trump para el conflicto ucraniano MUNDO\",\"isPartOf\":{\"@id\":\"https:\/\/www.sonoraenequipo.com.mx\/#website\"},\"primaryImageOfPage\":{\"@id\":\"https:\/\/www.sonoraenequipo.com.mx\/axios-zelenski-acepta-negociar-el-plan-de-paz-de-trump-para-el-conflicto-ucraniano\/#primaryimage\"},\"image\":{\"@id\":\"https:\/\/www.sonoraenequipo.com.mx\/axios-zelenski-acepta-negociar-el-plan-de-paz-de-trump-para-el-conflicto-ucraniano\/#primaryimage\"},\"thumbnailUrl\":\"https:\/\/www.sonoraenequipo.com.mx\/storage\/2025\/11\/trump-y-Zelenski-min-1.jpg\",\"datePublished\":\"2025-11-20T18:18:13+00:00\",\"dateModified\":\"2025-11-20T23:02:51+00:00\",\"description\":\"UCRANIA. \u2014 El l\u00edder del r\u00e9gimen de Kiev, Vlad\u00edmir Zelenski, declar\u00f3 al secretario del Ej\u00e9rcito estadounidense, Dan Driscoll, que est\u00e1 dispuesto a trabajar En Sonora en Equipo publicamos toda la informaci\u00f3n de Sonora, M\u00e9xico y el Mundo de manera oportuna y busca que la libertad de expresi\u00f3n sea real. Visita nuestro medio informativo publicado desde Hermosillo, Sonora. %\",\"breadcrumb\":{\"@id\":\"https:\/\/www.sonoraenequipo.com.mx\/axios-zelenski-acepta-negociar-el-plan-de-paz-de-trump-para-el-conflicto-ucraniano\/#breadcrumb\"},\"inLanguage\":\"es\",\"potentialAction\":[{\"@type\":\"ReadAction\",\"target\":[\"https:\/\/www.sonoraenequipo.com.mx\/axios-zelenski-acepta-negociar-el-plan-de-paz-de-trump-para-el-conflicto-ucraniano\/\"]}]},{\"@type\":\"ImageObject\",\"inLanguage\":\"es\",\"@id\":\"https:\/\/www.sonoraenequipo.com.mx\/axios-zelenski-acepta-negociar-el-plan-de-paz-de-trump-para-el-conflicto-ucraniano\/#primaryimage\",\"url\":\"https:\/\/www.sonoraenequipo.com.mx\/storage\/2025\/11\/trump-y-Zelenski-min-1.jpg\",\"contentUrl\":\"https:\/\/www.sonoraenequipo.com.mx\/storage\/2025\/11\/trump-y-Zelenski-min-1.jpg\",\"width\":1104,\"height\":622},{\"@type\":\"BreadcrumbList\",\"@id\":\"https:\/\/www.sonoraenequipo.com.mx\/axios-zelenski-acepta-negociar-el-plan-de-paz-de-trump-para-el-conflicto-ucraniano\/#breadcrumb\",\"itemListElement\":[{\"@type\":\"ListItem\",\"position\":1,\"name\":\"Portada\",\"item\":\"https:\/\/www.sonoraenequipo.com.mx\/\"},{\"@type\":\"ListItem\",\"position\":2,\"name\":\"Axios: Zelenski acepta negociar el plan de paz de Trump para el conflicto ucraniano\"}]},{\"@type\":\"WebSite\",\"@id\":\"https:\/\/www.sonoraenequipo.com.mx\/#website\",\"url\":\"https:\/\/www.sonoraenequipo.com.mx\/\",\"name\":\"Sonora en Equipo.\",\"description\":\"Diario en l\u00ednea con Noticias desde Hermosillo, Sonora\",\"publisher\":{\"@id\":\"https:\/\/www.sonoraenequipo.com.mx\/#organization\"},\"potentialAction\":[{\"@type\":\"SearchAction\",\"target\":{\"@type\":\"EntryPoint\",\"urlTemplate\":\"https:\/\/www.sonoraenequipo.com.mx\/?s={search_term_string}\"},\"query-input\":{\"@type\":\"PropertyValueSpecification\",\"valueRequired\":true,\"valueName\":\"search_term_string\"}}],\"inLanguage\":\"es\"},{\"@type\":\"Organization\",\"@id\":\"https:\/\/www.sonoraenequipo.com.mx\/#organization\",\"name\":\"Sonoraenequipo.com.mx\",\"url\":\"https:\/\/www.sonoraenequipo.com.mx\/\",\"logo\":{\"@type\":\"ImageObject\",\"inLanguage\":\"es\",\"@id\":\"https:\/\/www.sonoraenequipo.com.mx\/#\/schema\/logo\/image\/\",\"url\":\"https:\/\/www.sonoraenequipo.com.mx\/storage\/2019\/01\/sonoraenequipo_opt.png\",\"contentUrl\":\"https:\/\/www.sonoraenequipo.com.mx\/storage\/2019\/01\/sonoraenequipo_opt.png\",\"width\":375,\"height\":125,\"caption\":\"Sonoraenequipo.com.mx\"},\"image\":{\"@id\":\"https:\/\/www.sonoraenequipo.com.mx\/#\/schema\/logo\/image\/\"},\"sameAs\":[\"https:\/\/www.facebook.com\/SonoraEE\/\",\"https:\/\/x.com\/sonoraenequipo\",\"https:\/\/www.youtube.com\/channel\/UC338nW-lPEYmJQs4ZABQ1SQ\"]},{\"@type\":\"Person\",\"@id\":\"https:\/\/www.sonoraenequipo.com.mx\/#\/schema\/person\/50102df0fb23a8fa9e8effad8fa81386\",\"name\":\"enequipo\",\"image\":{\"@type\":\"ImageObject\",\"inLanguage\":\"es\",\"@id\":\"https:\/\/www.sonoraenequipo.com.mx\/#\/schema\/person\/image\/\",\"url\":\"https:\/\/secure.gravatar.com\/avatar\/049821681b589dabc0bc20695993ccebb09f5b5d4d790cd9251b97faac7c652b?s=96&d=blank&r=g\",\"contentUrl\":\"https:\/\/secure.gravatar.com\/avatar\/049821681b589dabc0bc20695993ccebb09f5b5d4d790cd9251b97faac7c652b?s=96&d=blank&r=g\",\"caption\":\"enequipo\"},\"sameAs\":[\"https:\/\/www.facebook.com\/SonoraEE\"]}]}<\/script>\n ","yoast_head_json":{"title":"Sonora en Equipo. Axios: Zelenski acepta negociar el plan de paz de Trump para el conflicto ucraniano MUNDO","description":"UCRANIA. \u2014 El l\u00edder del r\u00e9gimen de Kiev, Vlad\u00edmir Zelenski, declar\u00f3 al secretario del Ej\u00e9rcito estadounidense, Dan Driscoll, que est\u00e1 dispuesto a trabajar En Sonora en Equipo publicamos toda la informaci\u00f3n de Sonora, M\u00e9xico y el Mundo de manera oportuna y busca que la libertad de expresi\u00f3n sea real. Visita nuestro medio informativo publicado desde Hermosillo, Sonora. %","robots":{"index":"index","follow":"follow","max-snippet":"max-snippet:-1","max-image-preview":"max-image-preview:large","max-video-preview":"max-video-preview:-1"},"canonical":"https:\/\/www.sonoraenequipo.com.mx\/axios-zelenski-acepta-negociar-el-plan-de-paz-de-trump-para-el-conflicto-ucraniano\/","og_locale":"es_ES","og_type":"article","og_title":"Sonora en Equipo. Axios: Zelenski acepta negociar el plan de paz de Trump para el conflicto ucraniano MUNDO","og_description":"UCRANIA. \u2014 El l\u00edder del r\u00e9gimen de Kiev, Vlad\u00edmir Zelenski, declar\u00f3 al secretario del Ej\u00e9rcito estadounidense, Dan Driscoll, que est\u00e1 dispuesto a trabajar En Sonora en Equipo publicamos toda la informaci\u00f3n de Sonora, M\u00e9xico y el Mundo de manera oportuna y busca que la libertad de expresi\u00f3n sea real. Visita nuestro medio informativo publicado desde Hermosillo, Sonora. %","og_url":"https:\/\/www.sonoraenequipo.com.mx\/axios-zelenski-acepta-negociar-el-plan-de-paz-de-trump-para-el-conflicto-ucraniano\/","og_site_name":"Sonora en Equipo.","article_publisher":"https:\/\/www.facebook.com\/SonoraEE\/","article_author":"https:\/\/www.facebook.com\/SonoraEE","article_published_time":"2025-11-20T18:18:13+00:00","article_modified_time":"2025-11-20T23:02:51+00:00","og_image":[{"width":1104,"height":622,"url":"https:\/\/www.sonoraenequipo.com.mx\/storage\/2025\/11\/trump-y-Zelenski-min-1.jpg","type":"image\/jpeg"}],"author":"enequipo","twitter_card":"summary_large_image","twitter_creator":"@sonoraenequipo","twitter_site":"@sonoraenequipo","twitter_misc":{"Escrito por":"enequipo","Tiempo de lectura":"3 minutos"},"schema":{"@context":"https:\/\/schema.org","@graph":[{"@type":"Article","@id":"https:\/\/www.sonoraenequipo.com.mx\/axios-zelenski-acepta-negociar-el-plan-de-paz-de-trump-para-el-conflicto-ucraniano\/#article","isPartOf":{"@id":"https:\/\/www.sonoraenequipo.com.mx\/axios-zelenski-acepta-negociar-el-plan-de-paz-de-trump-para-el-conflicto-ucraniano\/"},"author":{"name":"enequipo","@id":"https:\/\/www.sonoraenequipo.com.mx\/#\/schema\/person\/50102df0fb23a8fa9e8effad8fa81386"},"headline":"Axios: Zelenski acepta negociar el plan de paz de Trump para el conflicto ucraniano","datePublished":"2025-11-20T18:18:13+00:00","dateModified":"2025-11-20T23:02:51+00:00","mainEntityOfPage":{"@id":"https:\/\/www.sonoraenequipo.com.mx\/axios-zelenski-acepta-negociar-el-plan-de-paz-de-trump-para-el-conflicto-ucraniano\/"},"wordCount":624,"commentCount":0,"publisher":{"@id":"https:\/\/www.sonoraenequipo.com.mx\/#organization"},"image":{"@id":"https:\/\/www.sonoraenequipo.com.mx\/axios-zelenski-acepta-negociar-el-plan-de-paz-de-trump-para-el-conflicto-ucraniano\/#primaryimage"},"thumbnailUrl":"https:\/\/www.sonoraenequipo.com.mx\/storage\/2025\/11\/trump-y-Zelenski-min-1.jpg","articleSection":["MUNDO"],"inLanguage":"es","potentialAction":[{"@type":"CommentAction","name":"Comment","target":["https:\/\/www.sonoraenequipo.com.mx\/axios-zelenski-acepta-negociar-el-plan-de-paz-de-trump-para-el-conflicto-ucraniano\/#respond"]}]},{"@type":"WebPage","@id":"https:\/\/www.sonoraenequipo.com.mx\/axios-zelenski-acepta-negociar-el-plan-de-paz-de-trump-para-el-conflicto-ucraniano\/","url":"https:\/\/www.sonoraenequipo.com.mx\/axios-zelenski-acepta-negociar-el-plan-de-paz-de-trump-para-el-conflicto-ucraniano\/","name":"Sonora en Equipo. Axios: Zelenski acepta negociar el plan de paz de Trump para el conflicto ucraniano MUNDO","isPartOf":{"@id":"https:\/\/www.sonoraenequipo.com.mx\/#website"},"primaryImageOfPage":{"@id":"https:\/\/www.sonoraenequipo.com.mx\/axios-zelenski-acepta-negociar-el-plan-de-paz-de-trump-para-el-conflicto-ucraniano\/#primaryimage"},"image":{"@id":"https:\/\/www.sonoraenequipo.com.mx\/axios-zelenski-acepta-negociar-el-plan-de-paz-de-trump-para-el-conflicto-ucraniano\/#primaryimage"},"thumbnailUrl":"https:\/\/www.sonoraenequipo.com.mx\/storage\/2025\/11\/trump-y-Zelenski-min-1.jpg","datePublished":"2025-11-20T18:18:13+00:00","dateModified":"2025-11-20T23:02:51+00:00","description":"UCRANIA. \u2014 El l\u00edder del r\u00e9gimen de Kiev, Vlad\u00edmir Zelenski, declar\u00f3 al secretario del Ej\u00e9rcito estadounidense, Dan Driscoll, que est\u00e1 dispuesto a trabajar En Sonora en Equipo publicamos toda la informaci\u00f3n de Sonora, M\u00e9xico y el Mundo de manera oportuna y busca que la libertad de expresi\u00f3n sea real. Visita nuestro medio informativo publicado desde Hermosillo, Sonora. %","breadcrumb":{"@id":"https:\/\/www.sonoraenequipo.com.mx\/axios-zelenski-acepta-negociar-el-plan-de-paz-de-trump-para-el-conflicto-ucraniano\/#breadcrumb"},"inLanguage":"es","potentialAction":[{"@type":"ReadAction","target":["https:\/\/www.sonoraenequipo.com.mx\/axios-zelenski-acepta-negociar-el-plan-de-paz-de-trump-para-el-conflicto-ucraniano\/"]}]},{"@type":"ImageObject","inLanguage":"es","@id":"https:\/\/www.sonoraenequipo.com.mx\/axios-zelenski-acepta-negociar-el-plan-de-paz-de-trump-para-el-conflicto-ucraniano\/#primaryimage","url":"https:\/\/www.sonoraenequipo.com.mx\/storage\/2025\/11\/trump-y-Zelenski-min-1.jpg","contentUrl":"https:\/\/www.sonoraenequipo.com.mx\/storage\/2025\/11\/trump-y-Zelenski-min-1.jpg","width":1104,"height":622},{"@type":"BreadcrumbList","@id":"https:\/\/www.sonoraenequipo.com.mx\/axios-zelenski-acepta-negociar-el-plan-de-paz-de-trump-para-el-conflicto-ucraniano\/#breadcrumb","itemListElement":[{"@type":"ListItem","position":1,"name":"Portada","item":"https:\/\/www.sonoraenequipo.com.mx\/"},{"@type":"ListItem","position":2,"name":"Axios: Zelenski acepta negociar el plan de paz de Trump para el conflicto ucraniano"}]},{"@type":"WebSite","@id":"https:\/\/www.sonoraenequipo.com.mx\/#website","url":"https:\/\/www.sonoraenequipo.com.mx\/","name":"Sonora en Equipo.","description":"Diario en l\u00ednea con Noticias desde Hermosillo, Sonora","publisher":{"@id":"https:\/\/www.sonoraenequipo.com.mx\/#organization"},"potentialAction":[{"@type":"SearchAction","target":{"@type":"EntryPoint","urlTemplate":"https:\/\/www.sonoraenequipo.com.mx\/?s={search_term_string}"},"query-input":{"@type":"PropertyValueSpecification","valueRequired":true,"valueName":"search_term_string"}}],"inLanguage":"es"},{"@type":"Organization","@id":"https:\/\/www.sonoraenequipo.com.mx\/#organization","name":"Sonoraenequipo.com.mx","url":"https:\/\/www.sonoraenequipo.com.mx\/","logo":{"@type":"ImageObject","inLanguage":"es","@id":"https:\/\/www.sonoraenequipo.com.mx\/#\/schema\/logo\/image\/","url":"https:\/\/www.sonoraenequipo.com.mx\/storage\/2019\/01\/sonoraenequipo_opt.png","contentUrl":"https:\/\/www.sonoraenequipo.com.mx\/storage\/2019\/01\/sonoraenequipo_opt.png","width":375,"height":125,"caption":"Sonoraenequipo.com.mx"},"image":{"@id":"https:\/\/www.sonoraenequipo.com.mx\/#\/schema\/logo\/image\/"},"sameAs":["https:\/\/www.facebook.com\/SonoraEE\/","https:\/\/x.com\/sonoraenequipo","https:\/\/www.youtube.com\/channel\/UC338nW-lPEYmJQs4ZABQ1SQ"]},{"@type":"Person","@id":"https:\/\/www.sonoraenequipo.com.mx\/#\/schema\/person\/50102df0fb23a8fa9e8effad8fa81386","name":"enequipo","image":{"@type":"ImageObject","inLanguage":"es","@id":"https:\/\/www.sonoraenequipo.com.mx\/#\/schema\/person\/image\/","url":"https:\/\/secure.gravatar.com\/avatar\/049821681b589dabc0bc20695993ccebb09f5b5d4d790cd9251b97faac7c652b?s=96&d=blank&r=g","contentUrl":"https:\/\/secure.gravatar.com\/avatar\/049821681b589dabc0bc20695993ccebb09f5b5d4d790cd9251b97faac7c652b?s=96&d=blank&r=g","caption":"enequipo"},"sameAs":["https:\/\/www.facebook.com\/SonoraEE"]}]}},"jetpack_featured_media_url":"https:\/\/www.sonoraenequipo.com.mx\/storage\/2025\/11\/trump-y-Zelenski-min-1.jpg","_links":{"self":[{"href":"https:\/\/www.sonoraenequipo.com.mx\/api\/wp\/v2\/posts\/229011","targetHints":{"allow":["GET"]}}],"collection":[{"href":"https:\/\/www.sonoraenequipo.com.mx\/api\/wp\/v2\/posts"}],"about":[{"href":"https:\/\/www.sonoraenequipo.com.mx\/api\/wp\/v2\/types\/post"}],"author":[{"embeddable":true,"href":"https:\/\/www.sonoraenequipo.com.mx\/api\/wp\/v2\/users\/1"}],"replies":[{"embeddable":true,"href":"https:\/\/www.sonoraenequipo.com.mx\/api\/wp\/v2\/comments?post=229011"}],"version-history":[{"count":1,"href":"https:\/\/www.sonoraenequipo.com.mx\/api\/wp\/v2\/posts\/229011\/revisions"}],"predecessor-version":[{"id":229018,"href":"https:\/\/www.sonoraenequipo.com.mx\/api\/wp\/v2\/posts\/229011\/revisions\/229018"}],"wp:featuredmedia":[{"embeddable":true,"href":"https:\/\/www.sonoraenequipo.com.mx\/api\/wp\/v2\/media\/229016"}],"wp:attachment":[{"href":"https:\/\/www.sonoraenequipo.com.mx\/api\/wp\/v2\/media?parent=229011"}],"wp:term":[{"taxonomy":"category","embeddable":true,"href":"https:\/\/www.sonoraenequipo.com.mx\/api\/wp\/v2\/categories?post=229011"},{"taxonomy":"post_tag","embeddable":true,"href":"https:\/\/www.sonoraenequipo.com.mx\/api\/wp\/v2\/tags?post=229011"}],"curies":[{"name":"wp","href":"https:\/\/api.w.org\/{rel}","templated":true}]}}