{"id":229321,"date":"2025-11-24T11:04:30","date_gmt":"2025-11-24T18:04:30","guid":{"rendered":"https:\/\/www.sonoraenequipo.com.mx\/?p=229321"},"modified":"2025-11-24T11:04:30","modified_gmt":"2025-11-24T18:04:30","slug":"estudiantes-de-cecyte-sonora-representaran-a-mexico-en-concurso-de-ciencia-y-tecnologia","status":"publish","type":"post","link":"https:\/\/www.sonoraenequipo.com.mx\/estudiantes-de-cecyte-sonora-representaran-a-mexico-en-concurso-de-ciencia-y-tecnologia\/","title":{"rendered":"Estudiantes de Cecyte Sonora representar\u00e1n a M\u00e9xico en Concurso de Ciencia y Tecnolog\u00eda"},"content":{"rendered":"<p><strong>HERMOSILLO, SONORA, MX.<\/strong> \u2014 Samantha Arreola Torres y Sergio Felipe Lagunas Coria, estudiantes del Colegio de Estudios Cient\u00edficos y Tecnol\u00f3gicos del Estado de Sonora (Cecyte), plantel Esqueda, representar\u00e1n a M\u00e9xico en el XX Concurso Iberoamericano de Proyectos Estudiantiles de Ciencia y Tecnolog\u00eda, que se llevar\u00e1 a cabo en Ecuador.<\/p>\n<p>&nbsp;<\/p>\n<p>&nbsp;<\/p>\n<p>&nbsp;<\/p>\n<p>Los j\u00f3venes obtuvieron el pase al concurso internacional tras obtener el primer lugar en la categor\u00eda de Ciencias B\u00e1sicas, F\u00edsica y Astronom\u00eda, en la Feria Mexicana de Ciencias e Ingenier\u00edas Sonora 2025 con su proyecto Astrobot 2.0 (robot dise\u00f1ado para explorar el entorno espacial), para el cual contaron con la asesor\u00eda de la docente Daniela Ortega Cota.<\/p>\n<p>&nbsp;<\/p>\n<p>&nbsp;<\/p>\n<p>&nbsp;<\/p>\n<p>La directora general de Cecyte Sonora, Blanca Aurelia Valenzuela, felicit\u00f3 a los ganadores y reconoci\u00f3 su dedicaci\u00f3n, creatividad y disciplina, destacando que estos resultados reflejan el compromiso del subsistema por impulsar el talento cient\u00edfico de la juventud sonorense.<\/p>\n<p>&nbsp;<\/p>\n<p>&nbsp;<\/p>\n<p>&nbsp;<\/p>\n<p>La funcionaria estatal tambi\u00e9n destac\u00f3 los resultados obtenidos del proyecto NatuVera (aceite natural derivado de chiltep\u00edn), elaborado por Alondra M\u00e9ndez Monge, Daniela Provencio Barcel\u00f3 y su asesor Carlos Tadeo Ram\u00edrez Campa, del plantel Granados, el cual alcanz\u00f3 el primer lugar en la categor\u00eda de Qu\u00edmica y Biolog\u00eda.<\/p>\n<p>&nbsp;<\/p>\n<p>&nbsp;<\/p>\n<p>&nbsp;<\/p>\n<p>Por otro lado, el plantel Esqueda obtuvo el segundo lugar en la categor\u00eda de Ciencias Ambientales con el proyecto Murci\u00e9lagos del Agave (jardines para murci\u00e9lagos polinizadores), creado por Ximena Vel\u00e1squez Serna, Jes\u00fas Rafael Quijada Acosta, Am\u00e9rica Solansh D\u00edaz Tepectzin y su asesora Ana Elizabet Serna Ibarra.<\/p>\n<p>&nbsp;<\/p>\n<p>&nbsp;<\/p>\n<p>&nbsp;<\/p>\n<p>Asimismo, el plantel Granados logr\u00f3 el segundo lugar en la categor\u00eda de Sistemas Inform\u00e1ticos con el proyecto Nutri Nova (software para calcular cantidad y tipo \u00f3ptimo de alimento para el ganado), desarrollado por Jackie Michel Moreno Durazo, Britseida Noriega Sierras, Everardo Romero Galindo y su asesor Carlos Noriega Cortez, reafirmando la capacidad tecnol\u00f3gica de los j\u00f3venes participantes.<\/p>\n<p><strong>Fecha de publicaci\u00f3n\u00a0 lunes 24 de noviembre de 2025<\/strong><\/p>\n","protected":false},"excerpt":{"rendered":"<p>HERMOSILLO, SONORA, MX. \u2014 Samantha Arreola Torres y Sergio Felipe Lagunas Coria, estudiantes del Colegio&#8230;<\/p>\n","protected":false},"author":1,"featured_media":229322,"comment_status":"open","ping_status":"open","sticky":false,"template":"","format":"standard","meta":{"_monsterinsights_skip_tracking":false,"_monsterinsights_sitenote_active":false,"_monsterinsights_sitenote_note":"","_monsterinsights_sitenote_category":0,"footnotes":""},"categories":[2216],"tags":[9689,1627,3418,12097],"class_list":["post"],"yoast_head":" \n<title>Sonora en Equipo. Estudiantes de Cecyte Sonora representar\u00e1n a M\u00e9xico en Concurso de Ciencia y Tecnolog\u00eda Ciencia y Tecnolog\u00eda<\/title>\n<meta name=\"description\" content=\"HERMOSILLO, SONORA, MX. \u2014 Samantha Arreola Torres y Sergio Felipe Lagunas Coria, estudiantes del Colegio de Estudios Cient\u00edficos y Tecnol\u00f3gicos del Estado En Sonora en Equipo publicamos toda la informaci\u00f3n de Sonora, M\u00e9xico y el Mundo de manera oportuna y busca que la libertad de expresi\u00f3n sea real. Visita nuestro medio informativo publicado desde Hermosillo, Sonora. %\" \/>\n<meta name=\"robots\" content=\"index, follow, max-snippet:-1, max-image-preview:large, max-video-preview:-1\" \/>\n<link rel=\"canonical\" href=\"https:\/\/www.sonoraenequipo.com.mx\/estudiantes-de-cecyte-sonora-representaran-a-mexico-en-concurso-de-ciencia-y-tecnologia\/\" \/>\n<meta property=\"og:locale\" content=\"es_ES\" \/>\n<meta property=\"og:type\" content=\"article\" \/>\n<meta property=\"og:title\" content=\"Sonora en Equipo. Estudiantes de Cecyte Sonora representar\u00e1n a M\u00e9xico en Concurso de Ciencia y Tecnolog\u00eda Ciencia y Tecnolog\u00eda\" \/>\n<meta property=\"og:description\" content=\"HERMOSILLO, SONORA, MX. \u2014 Samantha Arreola Torres y Sergio Felipe Lagunas Coria, estudiantes del Colegio de Estudios Cient\u00edficos y Tecnol\u00f3gicos del Estado En Sonora en Equipo publicamos toda la informaci\u00f3n de Sonora, M\u00e9xico y el Mundo de manera oportuna y busca que la libertad de expresi\u00f3n sea real. Visita nuestro medio informativo publicado desde Hermosillo, Sonora. %\" \/>\n<meta property=\"og:url\" content=\"https:\/\/www.sonoraenequipo.com.mx\/estudiantes-de-cecyte-sonora-representaran-a-mexico-en-concurso-de-ciencia-y-tecnologia\/\" \/>\n<meta property=\"og:site_name\" content=\"Sonora en Equipo.\" \/>\n<meta property=\"article:publisher\" content=\"https:\/\/www.facebook.com\/SonoraEE\/\" \/>\n<meta property=\"article:author\" content=\"https:\/\/www.facebook.com\/SonoraEE\" \/>\n<meta property=\"article:published_time\" content=\"2025-11-24T18:04:30+00:00\" \/>\n<meta property=\"og:image\" content=\"https:\/\/www.sonoraenequipo.com.mx\/storage\/2025\/11\/cecyte.jpg\" \/>\n\t<meta property=\"og:image:width\" content=\"600\" \/>\n\t<meta property=\"og:image:height\" content=\"400\" \/>\n\t<meta property=\"og:image:type\" content=\"image\/jpeg\" \/>\n<meta name=\"author\" content=\"enequipo\" \/>\n<meta name=\"twitter:card\" content=\"summary_large_image\" \/>\n<meta name=\"twitter:creator\" content=\"@sonoraenequipo\" \/>\n<meta name=\"twitter:site\" content=\"@sonoraenequipo\" \/>\n<meta name=\"twitter:label1\" content=\"Escrito por\" \/>\n\t<meta name=\"twitter:data1\" content=\"enequipo\" \/>\n\t<meta name=\"twitter:label2\" content=\"Tiempo de lectura\" \/>\n\t<meta name=\"twitter:data2\" content=\"2 minutos\" \/>\n<script type=\"application\/ld+json\" class=\"yoast-schema-graph\">{\"@context\":\"https:\/\/schema.org\",\"@graph\":[{\"@type\":\"Article\",\"@id\":\"https:\/\/www.sonoraenequipo.com.mx\/estudiantes-de-cecyte-sonora-representaran-a-mexico-en-concurso-de-ciencia-y-tecnologia\/#article\",\"isPartOf\":{\"@id\":\"https:\/\/www.sonoraenequipo.com.mx\/estudiantes-de-cecyte-sonora-representaran-a-mexico-en-concurso-de-ciencia-y-tecnologia\/\"},\"author\":{\"name\":\"enequipo\",\"@id\":\"https:\/\/www.sonoraenequipo.com.mx\/#\/schema\/person\/50102df0fb23a8fa9e8effad8fa81386\"},\"headline\":\"Estudiantes de Cecyte Sonora representar\u00e1n a M\u00e9xico en Concurso de Ciencia y Tecnolog\u00eda\",\"datePublished\":\"2025-11-24T18:04:30+00:00\",\"mainEntityOfPage\":{\"@id\":\"https:\/\/www.sonoraenequipo.com.mx\/estudiantes-de-cecyte-sonora-representaran-a-mexico-en-concurso-de-ciencia-y-tecnologia\/\"},\"wordCount\":363,\"commentCount\":0,\"publisher\":{\"@id\":\"https:\/\/www.sonoraenequipo.com.mx\/#organization\"},\"image\":{\"@id\":\"https:\/\/www.sonoraenequipo.com.mx\/estudiantes-de-cecyte-sonora-representaran-a-mexico-en-concurso-de-ciencia-y-tecnologia\/#primaryimage\"},\"thumbnailUrl\":\"https:\/\/www.sonoraenequipo.com.mx\/storage\/2025\/11\/cecyte.jpg\",\"keywords\":[\"ccecyte\",\"Ciencia\",\"concurso\",\"ytecnolog\u00eda\"],\"articleSection\":[\"Ciencia y Tecnolog\u00eda\"],\"inLanguage\":\"es\",\"potentialAction\":[{\"@type\":\"CommentAction\",\"name\":\"Comment\",\"target\":[\"https:\/\/www.sonoraenequipo.com.mx\/estudiantes-de-cecyte-sonora-representaran-a-mexico-en-concurso-de-ciencia-y-tecnologia\/#respond\"]}]},{\"@type\":\"WebPage\",\"@id\":\"https:\/\/www.sonoraenequipo.com.mx\/estudiantes-de-cecyte-sonora-representaran-a-mexico-en-concurso-de-ciencia-y-tecnologia\/\",\"url\":\"https:\/\/www.sonoraenequipo.com.mx\/estudiantes-de-cecyte-sonora-representaran-a-mexico-en-concurso-de-ciencia-y-tecnologia\/\",\"name\":\"Sonora en Equipo. Estudiantes de Cecyte Sonora representar\u00e1n a M\u00e9xico en Concurso de Ciencia y Tecnolog\u00eda Ciencia y Tecnolog\u00eda\",\"isPartOf\":{\"@id\":\"https:\/\/www.sonoraenequipo.com.mx\/#website\"},\"primaryImageOfPage\":{\"@id\":\"https:\/\/www.sonoraenequipo.com.mx\/estudiantes-de-cecyte-sonora-representaran-a-mexico-en-concurso-de-ciencia-y-tecnologia\/#primaryimage\"},\"image\":{\"@id\":\"https:\/\/www.sonoraenequipo.com.mx\/estudiantes-de-cecyte-sonora-representaran-a-mexico-en-concurso-de-ciencia-y-tecnologia\/#primaryimage\"},\"thumbnailUrl\":\"https:\/\/www.sonoraenequipo.com.mx\/storage\/2025\/11\/cecyte.jpg\",\"datePublished\":\"2025-11-24T18:04:30+00:00\",\"description\":\"HERMOSILLO, SONORA, MX. \u2014 Samantha Arreola Torres y Sergio Felipe Lagunas Coria, estudiantes del Colegio de Estudios Cient\u00edficos y Tecnol\u00f3gicos del Estado En Sonora en Equipo publicamos toda la informaci\u00f3n de Sonora, M\u00e9xico y el Mundo de manera oportuna y busca que la libertad de expresi\u00f3n sea real. Visita nuestro medio informativo publicado desde Hermosillo, Sonora. %\",\"breadcrumb\":{\"@id\":\"https:\/\/www.sonoraenequipo.com.mx\/estudiantes-de-cecyte-sonora-representaran-a-mexico-en-concurso-de-ciencia-y-tecnologia\/#breadcrumb\"},\"inLanguage\":\"es\",\"potentialAction\":[{\"@type\":\"ReadAction\",\"target\":[\"https:\/\/www.sonoraenequipo.com.mx\/estudiantes-de-cecyte-sonora-representaran-a-mexico-en-concurso-de-ciencia-y-tecnologia\/\"]}]},{\"@type\":\"ImageObject\",\"inLanguage\":\"es\",\"@id\":\"https:\/\/www.sonoraenequipo.com.mx\/estudiantes-de-cecyte-sonora-representaran-a-mexico-en-concurso-de-ciencia-y-tecnologia\/#primaryimage\",\"url\":\"https:\/\/www.sonoraenequipo.com.mx\/storage\/2025\/11\/cecyte.jpg\",\"contentUrl\":\"https:\/\/www.sonoraenequipo.com.mx\/storage\/2025\/11\/cecyte.jpg\",\"width\":600,\"height\":400},{\"@type\":\"BreadcrumbList\",\"@id\":\"https:\/\/www.sonoraenequipo.com.mx\/estudiantes-de-cecyte-sonora-representaran-a-mexico-en-concurso-de-ciencia-y-tecnologia\/#breadcrumb\",\"itemListElement\":[{\"@type\":\"ListItem\",\"position\":1,\"name\":\"Portada\",\"item\":\"https:\/\/www.sonoraenequipo.com.mx\/\"},{\"@type\":\"ListItem\",\"position\":2,\"name\":\"Estudiantes de Cecyte Sonora representar\u00e1n a M\u00e9xico en Concurso de Ciencia y Tecnolog\u00eda\"}]},{\"@type\":\"WebSite\",\"@id\":\"https:\/\/www.sonoraenequipo.com.mx\/#website\",\"url\":\"https:\/\/www.sonoraenequipo.com.mx\/\",\"name\":\"Sonora en Equipo.\",\"description\":\"Diario en l\u00ednea con Noticias desde Hermosillo, Sonora\",\"publisher\":{\"@id\":\"https:\/\/www.sonoraenequipo.com.mx\/#organization\"},\"potentialAction\":[{\"@type\":\"SearchAction\",\"target\":{\"@type\":\"EntryPoint\",\"urlTemplate\":\"https:\/\/www.sonoraenequipo.com.mx\/?s={search_term_string}\"},\"query-input\":{\"@type\":\"PropertyValueSpecification\",\"valueRequired\":true,\"valueName\":\"search_term_string\"}}],\"inLanguage\":\"es\"},{\"@type\":\"Organization\",\"@id\":\"https:\/\/www.sonoraenequipo.com.mx\/#organization\",\"name\":\"Sonoraenequipo.com.mx\",\"url\":\"https:\/\/www.sonoraenequipo.com.mx\/\",\"logo\":{\"@type\":\"ImageObject\",\"inLanguage\":\"es\",\"@id\":\"https:\/\/www.sonoraenequipo.com.mx\/#\/schema\/logo\/image\/\",\"url\":\"https:\/\/www.sonoraenequipo.com.mx\/storage\/2019\/01\/sonoraenequipo_opt.png\",\"contentUrl\":\"https:\/\/www.sonoraenequipo.com.mx\/storage\/2019\/01\/sonoraenequipo_opt.png\",\"width\":375,\"height\":125,\"caption\":\"Sonoraenequipo.com.mx\"},\"image\":{\"@id\":\"https:\/\/www.sonoraenequipo.com.mx\/#\/schema\/logo\/image\/\"},\"sameAs\":[\"https:\/\/www.facebook.com\/SonoraEE\/\",\"https:\/\/x.com\/sonoraenequipo\",\"https:\/\/www.youtube.com\/channel\/UC338nW-lPEYmJQs4ZABQ1SQ\"]},{\"@type\":\"Person\",\"@id\":\"https:\/\/www.sonoraenequipo.com.mx\/#\/schema\/person\/50102df0fb23a8fa9e8effad8fa81386\",\"name\":\"enequipo\",\"image\":{\"@type\":\"ImageObject\",\"inLanguage\":\"es\",\"@id\":\"https:\/\/www.sonoraenequipo.com.mx\/#\/schema\/person\/image\/\",\"url\":\"https:\/\/secure.gravatar.com\/avatar\/049821681b589dabc0bc20695993ccebb09f5b5d4d790cd9251b97faac7c652b?s=96&d=blank&r=g\",\"contentUrl\":\"https:\/\/secure.gravatar.com\/avatar\/049821681b589dabc0bc20695993ccebb09f5b5d4d790cd9251b97faac7c652b?s=96&d=blank&r=g\",\"caption\":\"enequipo\"},\"sameAs\":[\"https:\/\/www.facebook.com\/SonoraEE\"]}]}<\/script>\n ","yoast_head_json":{"title":"Sonora en Equipo. Estudiantes de Cecyte Sonora representar\u00e1n a M\u00e9xico en Concurso de Ciencia y Tecnolog\u00eda Ciencia y Tecnolog\u00eda","description":"HERMOSILLO, SONORA, MX. \u2014 Samantha Arreola Torres y Sergio Felipe Lagunas Coria, estudiantes del Colegio de Estudios Cient\u00edficos y Tecnol\u00f3gicos del Estado En Sonora en Equipo publicamos toda la informaci\u00f3n de Sonora, M\u00e9xico y el Mundo de manera oportuna y busca que la libertad de expresi\u00f3n sea real. Visita nuestro medio informativo publicado desde Hermosillo, Sonora. %","robots":{"index":"index","follow":"follow","max-snippet":"max-snippet:-1","max-image-preview":"max-image-preview:large","max-video-preview":"max-video-preview:-1"},"canonical":"https:\/\/www.sonoraenequipo.com.mx\/estudiantes-de-cecyte-sonora-representaran-a-mexico-en-concurso-de-ciencia-y-tecnologia\/","og_locale":"es_ES","og_type":"article","og_title":"Sonora en Equipo. Estudiantes de Cecyte Sonora representar\u00e1n a M\u00e9xico en Concurso de Ciencia y Tecnolog\u00eda Ciencia y Tecnolog\u00eda","og_description":"HERMOSILLO, SONORA, MX. \u2014 Samantha Arreola Torres y Sergio Felipe Lagunas Coria, estudiantes del Colegio de Estudios Cient\u00edficos y Tecnol\u00f3gicos del Estado En Sonora en Equipo publicamos toda la informaci\u00f3n de Sonora, M\u00e9xico y el Mundo de manera oportuna y busca que la libertad de expresi\u00f3n sea real. Visita nuestro medio informativo publicado desde Hermosillo, Sonora. %","og_url":"https:\/\/www.sonoraenequipo.com.mx\/estudiantes-de-cecyte-sonora-representaran-a-mexico-en-concurso-de-ciencia-y-tecnologia\/","og_site_name":"Sonora en Equipo.","article_publisher":"https:\/\/www.facebook.com\/SonoraEE\/","article_author":"https:\/\/www.facebook.com\/SonoraEE","article_published_time":"2025-11-24T18:04:30+00:00","og_image":[{"width":600,"height":400,"url":"https:\/\/www.sonoraenequipo.com.mx\/storage\/2025\/11\/cecyte.jpg","type":"image\/jpeg"}],"author":"enequipo","twitter_card":"summary_large_image","twitter_creator":"@sonoraenequipo","twitter_site":"@sonoraenequipo","twitter_misc":{"Escrito por":"enequipo","Tiempo de lectura":"2 minutos"},"schema":{"@context":"https:\/\/schema.org","@graph":[{"@type":"Article","@id":"https:\/\/www.sonoraenequipo.com.mx\/estudiantes-de-cecyte-sonora-representaran-a-mexico-en-concurso-de-ciencia-y-tecnologia\/#article","isPartOf":{"@id":"https:\/\/www.sonoraenequipo.com.mx\/estudiantes-de-cecyte-sonora-representaran-a-mexico-en-concurso-de-ciencia-y-tecnologia\/"},"author":{"name":"enequipo","@id":"https:\/\/www.sonoraenequipo.com.mx\/#\/schema\/person\/50102df0fb23a8fa9e8effad8fa81386"},"headline":"Estudiantes de Cecyte Sonora representar\u00e1n a M\u00e9xico en Concurso de Ciencia y Tecnolog\u00eda","datePublished":"2025-11-24T18:04:30+00:00","mainEntityOfPage":{"@id":"https:\/\/www.sonoraenequipo.com.mx\/estudiantes-de-cecyte-sonora-representaran-a-mexico-en-concurso-de-ciencia-y-tecnologia\/"},"wordCount":363,"commentCount":0,"publisher":{"@id":"https:\/\/www.sonoraenequipo.com.mx\/#organization"},"image":{"@id":"https:\/\/www.sonoraenequipo.com.mx\/estudiantes-de-cecyte-sonora-representaran-a-mexico-en-concurso-de-ciencia-y-tecnologia\/#primaryimage"},"thumbnailUrl":"https:\/\/www.sonoraenequipo.com.mx\/storage\/2025\/11\/cecyte.jpg","keywords":["ccecyte","Ciencia","concurso","ytecnolog\u00eda"],"articleSection":["Ciencia y Tecnolog\u00eda"],"inLanguage":"es","potentialAction":[{"@type":"CommentAction","name":"Comment","target":["https:\/\/www.sonoraenequipo.com.mx\/estudiantes-de-cecyte-sonora-representaran-a-mexico-en-concurso-de-ciencia-y-tecnologia\/#respond"]}]},{"@type":"WebPage","@id":"https:\/\/www.sonoraenequipo.com.mx\/estudiantes-de-cecyte-sonora-representaran-a-mexico-en-concurso-de-ciencia-y-tecnologia\/","url":"https:\/\/www.sonoraenequipo.com.mx\/estudiantes-de-cecyte-sonora-representaran-a-mexico-en-concurso-de-ciencia-y-tecnologia\/","name":"Sonora en Equipo. Estudiantes de Cecyte Sonora representar\u00e1n a M\u00e9xico en Concurso de Ciencia y Tecnolog\u00eda Ciencia y Tecnolog\u00eda","isPartOf":{"@id":"https:\/\/www.sonoraenequipo.com.mx\/#website"},"primaryImageOfPage":{"@id":"https:\/\/www.sonoraenequipo.com.mx\/estudiantes-de-cecyte-sonora-representaran-a-mexico-en-concurso-de-ciencia-y-tecnologia\/#primaryimage"},"image":{"@id":"https:\/\/www.sonoraenequipo.com.mx\/estudiantes-de-cecyte-sonora-representaran-a-mexico-en-concurso-de-ciencia-y-tecnologia\/#primaryimage"},"thumbnailUrl":"https:\/\/www.sonoraenequipo.com.mx\/storage\/2025\/11\/cecyte.jpg","datePublished":"2025-11-24T18:04:30+00:00","description":"HERMOSILLO, SONORA, MX. \u2014 Samantha Arreola Torres y Sergio Felipe Lagunas Coria, estudiantes del Colegio de Estudios Cient\u00edficos y Tecnol\u00f3gicos del Estado En Sonora en Equipo publicamos toda la informaci\u00f3n de Sonora, M\u00e9xico y el Mundo de manera oportuna y busca que la libertad de expresi\u00f3n sea real. Visita nuestro medio informativo publicado desde Hermosillo, Sonora. %","breadcrumb":{"@id":"https:\/\/www.sonoraenequipo.com.mx\/estudiantes-de-cecyte-sonora-representaran-a-mexico-en-concurso-de-ciencia-y-tecnologia\/#breadcrumb"},"inLanguage":"es","potentialAction":[{"@type":"ReadAction","target":["https:\/\/www.sonoraenequipo.com.mx\/estudiantes-de-cecyte-sonora-representaran-a-mexico-en-concurso-de-ciencia-y-tecnologia\/"]}]},{"@type":"ImageObject","inLanguage":"es","@id":"https:\/\/www.sonoraenequipo.com.mx\/estudiantes-de-cecyte-sonora-representaran-a-mexico-en-concurso-de-ciencia-y-tecnologia\/#primaryimage","url":"https:\/\/www.sonoraenequipo.com.mx\/storage\/2025\/11\/cecyte.jpg","contentUrl":"https:\/\/www.sonoraenequipo.com.mx\/storage\/2025\/11\/cecyte.jpg","width":600,"height":400},{"@type":"BreadcrumbList","@id":"https:\/\/www.sonoraenequipo.com.mx\/estudiantes-de-cecyte-sonora-representaran-a-mexico-en-concurso-de-ciencia-y-tecnologia\/#breadcrumb","itemListElement":[{"@type":"ListItem","position":1,"name":"Portada","item":"https:\/\/www.sonoraenequipo.com.mx\/"},{"@type":"ListItem","position":2,"name":"Estudiantes de Cecyte Sonora representar\u00e1n a M\u00e9xico en Concurso de Ciencia y Tecnolog\u00eda"}]},{"@type":"WebSite","@id":"https:\/\/www.sonoraenequipo.com.mx\/#website","url":"https:\/\/www.sonoraenequipo.com.mx\/","name":"Sonora en Equipo.","description":"Diario en l\u00ednea con Noticias desde Hermosillo, Sonora","publisher":{"@id":"https:\/\/www.sonoraenequipo.com.mx\/#organization"},"potentialAction":[{"@type":"SearchAction","target":{"@type":"EntryPoint","urlTemplate":"https:\/\/www.sonoraenequipo.com.mx\/?s={search_term_string}"},"query-input":{"@type":"PropertyValueSpecification","valueRequired":true,"valueName":"search_term_string"}}],"inLanguage":"es"},{"@type":"Organization","@id":"https:\/\/www.sonoraenequipo.com.mx\/#organization","name":"Sonoraenequipo.com.mx","url":"https:\/\/www.sonoraenequipo.com.mx\/","logo":{"@type":"ImageObject","inLanguage":"es","@id":"https:\/\/www.sonoraenequipo.com.mx\/#\/schema\/logo\/image\/","url":"https:\/\/www.sonoraenequipo.com.mx\/storage\/2019\/01\/sonoraenequipo_opt.png","contentUrl":"https:\/\/www.sonoraenequipo.com.mx\/storage\/2019\/01\/sonoraenequipo_opt.png","width":375,"height":125,"caption":"Sonoraenequipo.com.mx"},"image":{"@id":"https:\/\/www.sonoraenequipo.com.mx\/#\/schema\/logo\/image\/"},"sameAs":["https:\/\/www.facebook.com\/SonoraEE\/","https:\/\/x.com\/sonoraenequipo","https:\/\/www.youtube.com\/channel\/UC338nW-lPEYmJQs4ZABQ1SQ"]},{"@type":"Person","@id":"https:\/\/www.sonoraenequipo.com.mx\/#\/schema\/person\/50102df0fb23a8fa9e8effad8fa81386","name":"enequipo","image":{"@type":"ImageObject","inLanguage":"es","@id":"https:\/\/www.sonoraenequipo.com.mx\/#\/schema\/person\/image\/","url":"https:\/\/secure.gravatar.com\/avatar\/049821681b589dabc0bc20695993ccebb09f5b5d4d790cd9251b97faac7c652b?s=96&d=blank&r=g","contentUrl":"https:\/\/secure.gravatar.com\/avatar\/049821681b589dabc0bc20695993ccebb09f5b5d4d790cd9251b97faac7c652b?s=96&d=blank&r=g","caption":"enequipo"},"sameAs":["https:\/\/www.facebook.com\/SonoraEE"]}]}},"jetpack_featured_media_url":"https:\/\/www.sonoraenequipo.com.mx\/storage\/2025\/11\/cecyte.jpg","_links":{"self":[{"href":"https:\/\/www.sonoraenequipo.com.mx\/api\/wp\/v2\/posts\/229321","targetHints":{"allow":["GET"]}}],"collection":[{"href":"https:\/\/www.sonoraenequipo.com.mx\/api\/wp\/v2\/posts"}],"about":[{"href":"https:\/\/www.sonoraenequipo.com.mx\/api\/wp\/v2\/types\/post"}],"author":[{"embeddable":true,"href":"https:\/\/www.sonoraenequipo.com.mx\/api\/wp\/v2\/users\/1"}],"replies":[{"embeddable":true,"href":"https:\/\/www.sonoraenequipo.com.mx\/api\/wp\/v2\/comments?post=229321"}],"version-history":[{"count":1,"href":"https:\/\/www.sonoraenequipo.com.mx\/api\/wp\/v2\/posts\/229321\/revisions"}],"predecessor-version":[{"id":229323,"href":"https:\/\/www.sonoraenequipo.com.mx\/api\/wp\/v2\/posts\/229321\/revisions\/229323"}],"wp:featuredmedia":[{"embeddable":true,"href":"https:\/\/www.sonoraenequipo.com.mx\/api\/wp\/v2\/media\/229322"}],"wp:attachment":[{"href":"https:\/\/www.sonoraenequipo.com.mx\/api\/wp\/v2\/media?parent=229321"}],"wp:term":[{"taxonomy":"category","embeddable":true,"href":"https:\/\/www.sonoraenequipo.com.mx\/api\/wp\/v2\/categories?post=229321"},{"taxonomy":"post_tag","embeddable":true,"href":"https:\/\/www.sonoraenequipo.com.mx\/api\/wp\/v2\/tags?post=229321"}],"curies":[{"name":"wp","href":"https:\/\/api.w.org\/{rel}","templated":true}]}}