{"id":229329,"date":"2025-11-24T11:50:37","date_gmt":"2025-11-24T18:50:37","guid":{"rendered":"https:\/\/www.sonoraenequipo.com.mx\/?p=229329"},"modified":"2025-11-24T11:50:37","modified_gmt":"2025-11-24T18:50:37","slug":"mexico-ingresar-a-embajada-en-peru-seria-violacion-grave","status":"publish","type":"post","link":"https:\/\/www.sonoraenequipo.com.mx\/mexico-ingresar-a-embajada-en-peru-seria-violacion-grave\/","title":{"rendered":"M\u00e9xico: ingresar a embajada en Per\u00fa ser\u00eda violaci\u00f3n \u00abgrave\u00bb"},"content":{"rendered":"<p>La presidenta de M\u00e9xico, Claudia Sheinbaum, asegur\u00f3 este lunes (24.11.2025) que ser\u00eda una violaci\u00f3n de leyes internacionales si las fuerzas de seguridad de Per\u00fa irrumpen en la embajada mexicana en Lima para capturar a la ex primera ministra Betssy Ch\u00e1vez, en medio de un nuevo episodio de tensi\u00f3n diplom\u00e1tica entre ambos pa\u00edses.<\/p>\n<p>&nbsp;<\/p>\n<p>El gobierno mexicano respondi\u00f3 as\u00ed al mandatario peruano Jos\u00e9 Jer\u00ed, quien en una entrevista publicada este domingo dijo que estaba abierto a \u00abtodo tipo de posibilidades\u00bb para capturar a la exfuncionaria.<\/p>\n<p>&nbsp;<\/p>\n<p>\u00abViolar\u00eda todas las leyes internacionales. (&#8230;). Una intervenci\u00f3n en la embajada estar\u00eda fuera de toda norma\u00bb, dijo Sheinbaum interrogada sobre la crisis con Lima, que el 3 de noviembre anunci\u00f3 la ruptura de relaciones con M\u00e9xico tras considerar que el asilo a Ch\u00e1vez es un acto de injerencia en sus asuntos.<\/p>\n<p>\u00abEl derecho de asilo de esta mujer es el derecho de asilo reconocido por las leyes internacionales de derechos humanos\u00bb, afirm\u00f3. \u00abLa vulneraci\u00f3n ser\u00eda muy grave\u00bb.<\/p>\n<p>&nbsp;<\/p>\n<p>El Poder Judicial peruano emiti\u00f3 el viernes una orden de captura internacional contra Ch\u00e1vez, acusada de haber participado en el intento de golpe de Estado del expresidente Pedro Castillo en diciembre de 2022.<\/p>\n<p>&nbsp;<\/p>\n<p>A diferencia de Jer\u00ed, el primer ministro Ernesto \u00c1lvarez se\u00f1al\u00f3 que Per\u00fa \u00abes respetuoso del derecho internacional\u00bb y la inmunidad diplom\u00e1tica, mientras que la canciller\u00eda mexicana asegur\u00f3 el viernes que recibi\u00f3 garant\u00edas de la inviolabilidad de su sede en Lima.<\/p>\n<p>&nbsp;<\/p>\n<p>En abril de 2024, M\u00e9xico rompi\u00f3 relaciones con Ecuador luego de que fuerzas policiales y militares irrumpieran en su embajada en Quito para capturar al exvicepresidente Jorge Glas, que hab\u00eda recibido refugio.<\/p>\n<p><strong>Fecha de publicaci\u00f3n\u00a0 lunes 24 de noviembre de 2025\/DW<\/strong><\/p>\n","protected":false},"excerpt":{"rendered":"<p>La presidenta de M\u00e9xico, Claudia Sheinbaum, asegur\u00f3 este lunes (24.11.2025) que ser\u00eda una violaci\u00f3n de&#8230;<\/p>\n","protected":false},"author":1,"featured_media":228037,"comment_status":"open","ping_status":"open","sticky":false,"template":"","format":"standard","meta":{"_monsterinsights_skip_tracking":false,"_monsterinsights_sitenote_active":false,"_monsterinsights_sitenote_note":"","_monsterinsights_sitenote_category":0,"footnotes":""},"categories":[5],"tags":[53,2908],"class_list":["post"],"yoast_head":" \n<title>Sonora en Equipo. M\u00e9xico: ingresar a embajada en Per\u00fa ser\u00eda violaci\u00f3n &quot;grave&quot; Rep\u00fablica<\/title>\n<meta name=\"description\" content=\"La presidenta de M\u00e9xico, Claudia Sheinbaum, asegur\u00f3 este lunes (24.11.2025) que ser\u00eda una violaci\u00f3n de leyes internacionales si las fuerzas de seguridad En Sonora en Equipo publicamos toda la informaci\u00f3n de Sonora, M\u00e9xico y el Mundo de manera oportuna y busca que la libertad de expresi\u00f3n sea real. Visita nuestro medio informativo publicado desde Hermosillo, Sonora. %\" \/>\n<meta name=\"robots\" content=\"index, follow, max-snippet:-1, max-image-preview:large, max-video-preview:-1\" \/>\n<link rel=\"canonical\" href=\"https:\/\/www.sonoraenequipo.com.mx\/mexico-ingresar-a-embajada-en-peru-seria-violacion-grave\/\" \/>\n<meta property=\"og:locale\" content=\"es_ES\" \/>\n<meta property=\"og:type\" content=\"article\" \/>\n<meta property=\"og:title\" content=\"Sonora en Equipo. M\u00e9xico: ingresar a embajada en Per\u00fa ser\u00eda violaci\u00f3n &quot;grave&quot; Rep\u00fablica\" \/>\n<meta property=\"og:description\" content=\"La presidenta de M\u00e9xico, Claudia Sheinbaum, asegur\u00f3 este lunes (24.11.2025) que ser\u00eda una violaci\u00f3n de leyes internacionales si las fuerzas de seguridad En Sonora en Equipo publicamos toda la informaci\u00f3n de Sonora, M\u00e9xico y el Mundo de manera oportuna y busca que la libertad de expresi\u00f3n sea real. Visita nuestro medio informativo publicado desde Hermosillo, Sonora. %\" \/>\n<meta property=\"og:url\" content=\"https:\/\/www.sonoraenequipo.com.mx\/mexico-ingresar-a-embajada-en-peru-seria-violacion-grave\/\" \/>\n<meta property=\"og:site_name\" content=\"Sonora en Equipo.\" \/>\n<meta property=\"article:publisher\" content=\"https:\/\/www.facebook.com\/SonoraEE\/\" \/>\n<meta property=\"article:author\" content=\"https:\/\/www.facebook.com\/SonoraEE\" \/>\n<meta property=\"article:published_time\" content=\"2025-11-24T18:50:37+00:00\" \/>\n<meta property=\"og:image\" content=\"https:\/\/www.sonoraenequipo.com.mx\/storage\/2025\/11\/claudia-Sheinbaum-Pardo.0511-min.jpg\" \/>\n\t<meta property=\"og:image:width\" content=\"1000\" \/>\n\t<meta property=\"og:image:height\" content=\"632\" \/>\n\t<meta property=\"og:image:type\" content=\"image\/jpeg\" \/>\n<meta name=\"author\" content=\"enequipo\" \/>\n<meta name=\"twitter:card\" content=\"summary_large_image\" \/>\n<meta name=\"twitter:creator\" content=\"@sonoraenequipo\" \/>\n<meta name=\"twitter:site\" content=\"@sonoraenequipo\" \/>\n<meta name=\"twitter:label1\" content=\"Escrito por\" \/>\n\t<meta name=\"twitter:data1\" content=\"enequipo\" \/>\n\t<meta name=\"twitter:label2\" content=\"Tiempo de lectura\" \/>\n\t<meta name=\"twitter:data2\" content=\"1 minuto\" \/>\n<script type=\"application\/ld+json\" class=\"yoast-schema-graph\">{\"@context\":\"https:\/\/schema.org\",\"@graph\":[{\"@type\":\"Article\",\"@id\":\"https:\/\/www.sonoraenequipo.com.mx\/mexico-ingresar-a-embajada-en-peru-seria-violacion-grave\/#article\",\"isPartOf\":{\"@id\":\"https:\/\/www.sonoraenequipo.com.mx\/mexico-ingresar-a-embajada-en-peru-seria-violacion-grave\/\"},\"author\":{\"name\":\"enequipo\",\"@id\":\"https:\/\/www.sonoraenequipo.com.mx\/#\/schema\/person\/50102df0fb23a8fa9e8effad8fa81386\"},\"headline\":\"M\u00e9xico: ingresar a embajada en Per\u00fa ser\u00eda violaci\u00f3n \u00abgrave\u00bb\",\"datePublished\":\"2025-11-24T18:50:37+00:00\",\"mainEntityOfPage\":{\"@id\":\"https:\/\/www.sonoraenequipo.com.mx\/mexico-ingresar-a-embajada-en-peru-seria-violacion-grave\/\"},\"wordCount\":307,\"commentCount\":0,\"publisher\":{\"@id\":\"https:\/\/www.sonoraenequipo.com.mx\/#organization\"},\"image\":{\"@id\":\"https:\/\/www.sonoraenequipo.com.mx\/mexico-ingresar-a-embajada-en-peru-seria-violacion-grave\/#primaryimage\"},\"thumbnailUrl\":\"https:\/\/www.sonoraenequipo.com.mx\/storage\/2025\/11\/claudia-Sheinbaum-Pardo.0511-min.jpg\",\"keywords\":[\"mexico\",\"Per\u00fa\"],\"articleSection\":[\"Rep\u00fablica\"],\"inLanguage\":\"es\",\"potentialAction\":[{\"@type\":\"CommentAction\",\"name\":\"Comment\",\"target\":[\"https:\/\/www.sonoraenequipo.com.mx\/mexico-ingresar-a-embajada-en-peru-seria-violacion-grave\/#respond\"]}]},{\"@type\":\"WebPage\",\"@id\":\"https:\/\/www.sonoraenequipo.com.mx\/mexico-ingresar-a-embajada-en-peru-seria-violacion-grave\/\",\"url\":\"https:\/\/www.sonoraenequipo.com.mx\/mexico-ingresar-a-embajada-en-peru-seria-violacion-grave\/\",\"name\":\"Sonora en Equipo. M\u00e9xico: ingresar a embajada en Per\u00fa ser\u00eda violaci\u00f3n \\\"grave\\\" Rep\u00fablica\",\"isPartOf\":{\"@id\":\"https:\/\/www.sonoraenequipo.com.mx\/#website\"},\"primaryImageOfPage\":{\"@id\":\"https:\/\/www.sonoraenequipo.com.mx\/mexico-ingresar-a-embajada-en-peru-seria-violacion-grave\/#primaryimage\"},\"image\":{\"@id\":\"https:\/\/www.sonoraenequipo.com.mx\/mexico-ingresar-a-embajada-en-peru-seria-violacion-grave\/#primaryimage\"},\"thumbnailUrl\":\"https:\/\/www.sonoraenequipo.com.mx\/storage\/2025\/11\/claudia-Sheinbaum-Pardo.0511-min.jpg\",\"datePublished\":\"2025-11-24T18:50:37+00:00\",\"description\":\"La presidenta de M\u00e9xico, Claudia Sheinbaum, asegur\u00f3 este lunes (24.11.2025) que ser\u00eda una violaci\u00f3n de leyes internacionales si las fuerzas de seguridad En Sonora en Equipo publicamos toda la informaci\u00f3n de Sonora, M\u00e9xico y el Mundo de manera oportuna y busca que la libertad de expresi\u00f3n sea real. Visita nuestro medio informativo publicado desde Hermosillo, Sonora. %\",\"breadcrumb\":{\"@id\":\"https:\/\/www.sonoraenequipo.com.mx\/mexico-ingresar-a-embajada-en-peru-seria-violacion-grave\/#breadcrumb\"},\"inLanguage\":\"es\",\"potentialAction\":[{\"@type\":\"ReadAction\",\"target\":[\"https:\/\/www.sonoraenequipo.com.mx\/mexico-ingresar-a-embajada-en-peru-seria-violacion-grave\/\"]}]},{\"@type\":\"ImageObject\",\"inLanguage\":\"es\",\"@id\":\"https:\/\/www.sonoraenequipo.com.mx\/mexico-ingresar-a-embajada-en-peru-seria-violacion-grave\/#primaryimage\",\"url\":\"https:\/\/www.sonoraenequipo.com.mx\/storage\/2025\/11\/claudia-Sheinbaum-Pardo.0511-min.jpg\",\"contentUrl\":\"https:\/\/www.sonoraenequipo.com.mx\/storage\/2025\/11\/claudia-Sheinbaum-Pardo.0511-min.jpg\",\"width\":1000,\"height\":632},{\"@type\":\"BreadcrumbList\",\"@id\":\"https:\/\/www.sonoraenequipo.com.mx\/mexico-ingresar-a-embajada-en-peru-seria-violacion-grave\/#breadcrumb\",\"itemListElement\":[{\"@type\":\"ListItem\",\"position\":1,\"name\":\"Portada\",\"item\":\"https:\/\/www.sonoraenequipo.com.mx\/\"},{\"@type\":\"ListItem\",\"position\":2,\"name\":\"M\u00e9xico: ingresar a embajada en Per\u00fa ser\u00eda violaci\u00f3n \u00abgrave\u00bb\"}]},{\"@type\":\"WebSite\",\"@id\":\"https:\/\/www.sonoraenequipo.com.mx\/#website\",\"url\":\"https:\/\/www.sonoraenequipo.com.mx\/\",\"name\":\"Sonora en Equipo.\",\"description\":\"Diario en l\u00ednea con Noticias desde Hermosillo, Sonora\",\"publisher\":{\"@id\":\"https:\/\/www.sonoraenequipo.com.mx\/#organization\"},\"potentialAction\":[{\"@type\":\"SearchAction\",\"target\":{\"@type\":\"EntryPoint\",\"urlTemplate\":\"https:\/\/www.sonoraenequipo.com.mx\/?s={search_term_string}\"},\"query-input\":{\"@type\":\"PropertyValueSpecification\",\"valueRequired\":true,\"valueName\":\"search_term_string\"}}],\"inLanguage\":\"es\"},{\"@type\":\"Organization\",\"@id\":\"https:\/\/www.sonoraenequipo.com.mx\/#organization\",\"name\":\"Sonoraenequipo.com.mx\",\"url\":\"https:\/\/www.sonoraenequipo.com.mx\/\",\"logo\":{\"@type\":\"ImageObject\",\"inLanguage\":\"es\",\"@id\":\"https:\/\/www.sonoraenequipo.com.mx\/#\/schema\/logo\/image\/\",\"url\":\"https:\/\/www.sonoraenequipo.com.mx\/storage\/2019\/01\/sonoraenequipo_opt.png\",\"contentUrl\":\"https:\/\/www.sonoraenequipo.com.mx\/storage\/2019\/01\/sonoraenequipo_opt.png\",\"width\":375,\"height\":125,\"caption\":\"Sonoraenequipo.com.mx\"},\"image\":{\"@id\":\"https:\/\/www.sonoraenequipo.com.mx\/#\/schema\/logo\/image\/\"},\"sameAs\":[\"https:\/\/www.facebook.com\/SonoraEE\/\",\"https:\/\/x.com\/sonoraenequipo\",\"https:\/\/www.youtube.com\/channel\/UC338nW-lPEYmJQs4ZABQ1SQ\"]},{\"@type\":\"Person\",\"@id\":\"https:\/\/www.sonoraenequipo.com.mx\/#\/schema\/person\/50102df0fb23a8fa9e8effad8fa81386\",\"name\":\"enequipo\",\"image\":{\"@type\":\"ImageObject\",\"inLanguage\":\"es\",\"@id\":\"https:\/\/www.sonoraenequipo.com.mx\/#\/schema\/person\/image\/\",\"url\":\"https:\/\/secure.gravatar.com\/avatar\/049821681b589dabc0bc20695993ccebb09f5b5d4d790cd9251b97faac7c652b?s=96&d=blank&r=g\",\"contentUrl\":\"https:\/\/secure.gravatar.com\/avatar\/049821681b589dabc0bc20695993ccebb09f5b5d4d790cd9251b97faac7c652b?s=96&d=blank&r=g\",\"caption\":\"enequipo\"},\"sameAs\":[\"https:\/\/www.facebook.com\/SonoraEE\"]}]}<\/script>\n ","yoast_head_json":{"title":"Sonora en Equipo. M\u00e9xico: ingresar a embajada en Per\u00fa ser\u00eda violaci\u00f3n \"grave\" Rep\u00fablica","description":"La presidenta de M\u00e9xico, Claudia Sheinbaum, asegur\u00f3 este lunes (24.11.2025) que ser\u00eda una violaci\u00f3n de leyes internacionales si las fuerzas de seguridad En Sonora en Equipo publicamos toda la informaci\u00f3n de Sonora, M\u00e9xico y el Mundo de manera oportuna y busca que la libertad de expresi\u00f3n sea real. Visita nuestro medio informativo publicado desde Hermosillo, Sonora. %","robots":{"index":"index","follow":"follow","max-snippet":"max-snippet:-1","max-image-preview":"max-image-preview:large","max-video-preview":"max-video-preview:-1"},"canonical":"https:\/\/www.sonoraenequipo.com.mx\/mexico-ingresar-a-embajada-en-peru-seria-violacion-grave\/","og_locale":"es_ES","og_type":"article","og_title":"Sonora en Equipo. M\u00e9xico: ingresar a embajada en Per\u00fa ser\u00eda violaci\u00f3n \"grave\" Rep\u00fablica","og_description":"La presidenta de M\u00e9xico, Claudia Sheinbaum, asegur\u00f3 este lunes (24.11.2025) que ser\u00eda una violaci\u00f3n de leyes internacionales si las fuerzas de seguridad En Sonora en Equipo publicamos toda la informaci\u00f3n de Sonora, M\u00e9xico y el Mundo de manera oportuna y busca que la libertad de expresi\u00f3n sea real. Visita nuestro medio informativo publicado desde Hermosillo, Sonora. %","og_url":"https:\/\/www.sonoraenequipo.com.mx\/mexico-ingresar-a-embajada-en-peru-seria-violacion-grave\/","og_site_name":"Sonora en Equipo.","article_publisher":"https:\/\/www.facebook.com\/SonoraEE\/","article_author":"https:\/\/www.facebook.com\/SonoraEE","article_published_time":"2025-11-24T18:50:37+00:00","og_image":[{"width":1000,"height":632,"url":"https:\/\/www.sonoraenequipo.com.mx\/storage\/2025\/11\/claudia-Sheinbaum-Pardo.0511-min.jpg","type":"image\/jpeg"}],"author":"enequipo","twitter_card":"summary_large_image","twitter_creator":"@sonoraenequipo","twitter_site":"@sonoraenequipo","twitter_misc":{"Escrito por":"enequipo","Tiempo de lectura":"1 minuto"},"schema":{"@context":"https:\/\/schema.org","@graph":[{"@type":"Article","@id":"https:\/\/www.sonoraenequipo.com.mx\/mexico-ingresar-a-embajada-en-peru-seria-violacion-grave\/#article","isPartOf":{"@id":"https:\/\/www.sonoraenequipo.com.mx\/mexico-ingresar-a-embajada-en-peru-seria-violacion-grave\/"},"author":{"name":"enequipo","@id":"https:\/\/www.sonoraenequipo.com.mx\/#\/schema\/person\/50102df0fb23a8fa9e8effad8fa81386"},"headline":"M\u00e9xico: ingresar a embajada en Per\u00fa ser\u00eda violaci\u00f3n \u00abgrave\u00bb","datePublished":"2025-11-24T18:50:37+00:00","mainEntityOfPage":{"@id":"https:\/\/www.sonoraenequipo.com.mx\/mexico-ingresar-a-embajada-en-peru-seria-violacion-grave\/"},"wordCount":307,"commentCount":0,"publisher":{"@id":"https:\/\/www.sonoraenequipo.com.mx\/#organization"},"image":{"@id":"https:\/\/www.sonoraenequipo.com.mx\/mexico-ingresar-a-embajada-en-peru-seria-violacion-grave\/#primaryimage"},"thumbnailUrl":"https:\/\/www.sonoraenequipo.com.mx\/storage\/2025\/11\/claudia-Sheinbaum-Pardo.0511-min.jpg","keywords":["mexico","Per\u00fa"],"articleSection":["Rep\u00fablica"],"inLanguage":"es","potentialAction":[{"@type":"CommentAction","name":"Comment","target":["https:\/\/www.sonoraenequipo.com.mx\/mexico-ingresar-a-embajada-en-peru-seria-violacion-grave\/#respond"]}]},{"@type":"WebPage","@id":"https:\/\/www.sonoraenequipo.com.mx\/mexico-ingresar-a-embajada-en-peru-seria-violacion-grave\/","url":"https:\/\/www.sonoraenequipo.com.mx\/mexico-ingresar-a-embajada-en-peru-seria-violacion-grave\/","name":"Sonora en Equipo. M\u00e9xico: ingresar a embajada en Per\u00fa ser\u00eda violaci\u00f3n \"grave\" Rep\u00fablica","isPartOf":{"@id":"https:\/\/www.sonoraenequipo.com.mx\/#website"},"primaryImageOfPage":{"@id":"https:\/\/www.sonoraenequipo.com.mx\/mexico-ingresar-a-embajada-en-peru-seria-violacion-grave\/#primaryimage"},"image":{"@id":"https:\/\/www.sonoraenequipo.com.mx\/mexico-ingresar-a-embajada-en-peru-seria-violacion-grave\/#primaryimage"},"thumbnailUrl":"https:\/\/www.sonoraenequipo.com.mx\/storage\/2025\/11\/claudia-Sheinbaum-Pardo.0511-min.jpg","datePublished":"2025-11-24T18:50:37+00:00","description":"La presidenta de M\u00e9xico, Claudia Sheinbaum, asegur\u00f3 este lunes (24.11.2025) que ser\u00eda una violaci\u00f3n de leyes internacionales si las fuerzas de seguridad En Sonora en Equipo publicamos toda la informaci\u00f3n de Sonora, M\u00e9xico y el Mundo de manera oportuna y busca que la libertad de expresi\u00f3n sea real. Visita nuestro medio informativo publicado desde Hermosillo, Sonora. %","breadcrumb":{"@id":"https:\/\/www.sonoraenequipo.com.mx\/mexico-ingresar-a-embajada-en-peru-seria-violacion-grave\/#breadcrumb"},"inLanguage":"es","potentialAction":[{"@type":"ReadAction","target":["https:\/\/www.sonoraenequipo.com.mx\/mexico-ingresar-a-embajada-en-peru-seria-violacion-grave\/"]}]},{"@type":"ImageObject","inLanguage":"es","@id":"https:\/\/www.sonoraenequipo.com.mx\/mexico-ingresar-a-embajada-en-peru-seria-violacion-grave\/#primaryimage","url":"https:\/\/www.sonoraenequipo.com.mx\/storage\/2025\/11\/claudia-Sheinbaum-Pardo.0511-min.jpg","contentUrl":"https:\/\/www.sonoraenequipo.com.mx\/storage\/2025\/11\/claudia-Sheinbaum-Pardo.0511-min.jpg","width":1000,"height":632},{"@type":"BreadcrumbList","@id":"https:\/\/www.sonoraenequipo.com.mx\/mexico-ingresar-a-embajada-en-peru-seria-violacion-grave\/#breadcrumb","itemListElement":[{"@type":"ListItem","position":1,"name":"Portada","item":"https:\/\/www.sonoraenequipo.com.mx\/"},{"@type":"ListItem","position":2,"name":"M\u00e9xico: ingresar a embajada en Per\u00fa ser\u00eda violaci\u00f3n \u00abgrave\u00bb"}]},{"@type":"WebSite","@id":"https:\/\/www.sonoraenequipo.com.mx\/#website","url":"https:\/\/www.sonoraenequipo.com.mx\/","name":"Sonora en Equipo.","description":"Diario en l\u00ednea con Noticias desde Hermosillo, Sonora","publisher":{"@id":"https:\/\/www.sonoraenequipo.com.mx\/#organization"},"potentialAction":[{"@type":"SearchAction","target":{"@type":"EntryPoint","urlTemplate":"https:\/\/www.sonoraenequipo.com.mx\/?s={search_term_string}"},"query-input":{"@type":"PropertyValueSpecification","valueRequired":true,"valueName":"search_term_string"}}],"inLanguage":"es"},{"@type":"Organization","@id":"https:\/\/www.sonoraenequipo.com.mx\/#organization","name":"Sonoraenequipo.com.mx","url":"https:\/\/www.sonoraenequipo.com.mx\/","logo":{"@type":"ImageObject","inLanguage":"es","@id":"https:\/\/www.sonoraenequipo.com.mx\/#\/schema\/logo\/image\/","url":"https:\/\/www.sonoraenequipo.com.mx\/storage\/2019\/01\/sonoraenequipo_opt.png","contentUrl":"https:\/\/www.sonoraenequipo.com.mx\/storage\/2019\/01\/sonoraenequipo_opt.png","width":375,"height":125,"caption":"Sonoraenequipo.com.mx"},"image":{"@id":"https:\/\/www.sonoraenequipo.com.mx\/#\/schema\/logo\/image\/"},"sameAs":["https:\/\/www.facebook.com\/SonoraEE\/","https:\/\/x.com\/sonoraenequipo","https:\/\/www.youtube.com\/channel\/UC338nW-lPEYmJQs4ZABQ1SQ"]},{"@type":"Person","@id":"https:\/\/www.sonoraenequipo.com.mx\/#\/schema\/person\/50102df0fb23a8fa9e8effad8fa81386","name":"enequipo","image":{"@type":"ImageObject","inLanguage":"es","@id":"https:\/\/www.sonoraenequipo.com.mx\/#\/schema\/person\/image\/","url":"https:\/\/secure.gravatar.com\/avatar\/049821681b589dabc0bc20695993ccebb09f5b5d4d790cd9251b97faac7c652b?s=96&d=blank&r=g","contentUrl":"https:\/\/secure.gravatar.com\/avatar\/049821681b589dabc0bc20695993ccebb09f5b5d4d790cd9251b97faac7c652b?s=96&d=blank&r=g","caption":"enequipo"},"sameAs":["https:\/\/www.facebook.com\/SonoraEE"]}]}},"jetpack_featured_media_url":"https:\/\/www.sonoraenequipo.com.mx\/storage\/2025\/11\/claudia-Sheinbaum-Pardo.0511-min.jpg","_links":{"self":[{"href":"https:\/\/www.sonoraenequipo.com.mx\/api\/wp\/v2\/posts\/229329","targetHints":{"allow":["GET"]}}],"collection":[{"href":"https:\/\/www.sonoraenequipo.com.mx\/api\/wp\/v2\/posts"}],"about":[{"href":"https:\/\/www.sonoraenequipo.com.mx\/api\/wp\/v2\/types\/post"}],"author":[{"embeddable":true,"href":"https:\/\/www.sonoraenequipo.com.mx\/api\/wp\/v2\/users\/1"}],"replies":[{"embeddable":true,"href":"https:\/\/www.sonoraenequipo.com.mx\/api\/wp\/v2\/comments?post=229329"}],"version-history":[{"count":1,"href":"https:\/\/www.sonoraenequipo.com.mx\/api\/wp\/v2\/posts\/229329\/revisions"}],"predecessor-version":[{"id":229330,"href":"https:\/\/www.sonoraenequipo.com.mx\/api\/wp\/v2\/posts\/229329\/revisions\/229330"}],"wp:featuredmedia":[{"embeddable":true,"href":"https:\/\/www.sonoraenequipo.com.mx\/api\/wp\/v2\/media\/228037"}],"wp:attachment":[{"href":"https:\/\/www.sonoraenequipo.com.mx\/api\/wp\/v2\/media?parent=229329"}],"wp:term":[{"taxonomy":"category","embeddable":true,"href":"https:\/\/www.sonoraenequipo.com.mx\/api\/wp\/v2\/categories?post=229329"},{"taxonomy":"post_tag","embeddable":true,"href":"https:\/\/www.sonoraenequipo.com.mx\/api\/wp\/v2\/tags?post=229329"}],"curies":[{"name":"wp","href":"https:\/\/api.w.org\/{rel}","templated":true}]}}