{"id":229339,"date":"2025-11-24T12:32:57","date_gmt":"2025-11-24T19:32:57","guid":{"rendered":"https:\/\/www.sonoraenequipo.com.mx\/?p=229339"},"modified":"2025-11-24T12:32:57","modified_gmt":"2025-11-24T19:32:57","slug":"jeri-da-marcha-atras-sobre-irrumpir-en-embajada-de-mexico-para-arrestar-a-betssy-chavez","status":"publish","type":"post","link":"https:\/\/www.sonoraenequipo.com.mx\/jeri-da-marcha-atras-sobre-irrumpir-en-embajada-de-mexico-para-arrestar-a-betssy-chavez\/","title":{"rendered":"Jer\u00ed da marcha atr\u00e1s sobre irrumpir en embajada de M\u00e9xico para arrestar a Betssy Ch\u00e1vez"},"content":{"rendered":"<p>Luego de generar una fuerte controversia internacional al sugerir la posibilidad de una intervenci\u00f3n en la Embajada de M\u00e9xico en Lima para ejecutar la orden de prisi\u00f3n preventiva contra la expresidenta del Consejo de Ministros, Betssy Ch\u00e1vez, el presidente de la Rep\u00fablica, Jos\u00e9 Jer\u00ed, dio marcha atr\u00e1s de manera p\u00fablica y respald\u00f3 la postura oficial de la Canciller\u00eda.<\/p>\n<p>En una entrevista concedida a El Comercio, \u00a0elmandatario hab\u00eda declarado que \u201cno me limito y, si tiene que ingresarse a la embajada mexicana, se har\u00e1\u201d, en alusi\u00f3n a la reciente orden de prisi\u00f3n preventiva dictada por el Poder Judicial contra Ch\u00e1vez, asilada en la misi\u00f3n diplom\u00e1tica. Sin embargo, horas despu\u00e9s, el mandatario recurri\u00f3 a su cuenta de X (antes Twitter) para modular su postura.<\/p>\n<p>\u201cGracias por la oportunidad de comunicar algunas ideas respecto al gobierno. Lo cierto es que tengo un equipo ministerial con experiencia, como por ejemplo la de Hugo de Zela, a quien siempre consulto y escucho mucho antes de cualquier acci\u00f3n concreta. Eso nunca cambiar\u00e1\u201d, escribi\u00f3 en un intento por atenuar la tensi\u00f3n generada por sus propias declaraciones y alinearse con la l\u00ednea diplom\u00e1tica ya trazada por su ministro de Relaciones Exteriores.<\/p>\n<p>Este mensaje representa un retroceso t\u00e1cito a la posibilidad de una acci\u00f3n de fuerza, pues reafirma la primac\u00eda de la consulta y la experiencia del Canciller en el manejo de un conflicto diplom\u00e1tico de esta envergadura, quien ya hab\u00eda descartado la medida en una entrevista con CNN.<\/p>\n<p><strong>Fecha de publicaci\u00f3n\u00a0 lunes 24 de noviembre de 2025\/Infobae<\/strong><\/p>\n","protected":false},"excerpt":{"rendered":"<p>Luego de generar una fuerte controversia internacional al sugerir la posibilidad de una intervenci\u00f3n en&#8230;<\/p>\n","protected":false},"author":1,"featured_media":229341,"comment_status":"open","ping_status":"open","sticky":false,"template":"","format":"standard","meta":{"_monsterinsights_skip_tracking":false,"_monsterinsights_sitenote_active":false,"_monsterinsights_sitenote_note":"","_monsterinsights_sitenote_category":0,"footnotes":""},"categories":[3],"tags":[53,2908],"class_list":["post"],"yoast_head":" \n<title>Sonora en Equipo. Jer\u00ed da marcha atr\u00e1s sobre irrumpir en embajada de M\u00e9xico para arrestar a Betssy Ch\u00e1vez MUNDO<\/title>\n<meta name=\"description\" content=\"Luego de generar una fuerte controversia internacional al sugerir la posibilidad de una intervenci\u00f3n en la Embajada de M\u00e9xico en Lima para ejecutar la En Sonora en Equipo publicamos toda la informaci\u00f3n de Sonora, M\u00e9xico y el Mundo de manera oportuna y busca que la libertad de expresi\u00f3n sea real. Visita nuestro medio informativo publicado desde Hermosillo, Sonora. %\" \/>\n<meta name=\"robots\" content=\"index, follow, max-snippet:-1, max-image-preview:large, max-video-preview:-1\" \/>\n<link rel=\"canonical\" href=\"https:\/\/www.sonoraenequipo.com.mx\/jeri-da-marcha-atras-sobre-irrumpir-en-embajada-de-mexico-para-arrestar-a-betssy-chavez\/\" \/>\n<meta property=\"og:locale\" content=\"es_ES\" \/>\n<meta property=\"og:type\" content=\"article\" \/>\n<meta property=\"og:title\" content=\"Sonora en Equipo. Jer\u00ed da marcha atr\u00e1s sobre irrumpir en embajada de M\u00e9xico para arrestar a Betssy Ch\u00e1vez MUNDO\" \/>\n<meta property=\"og:description\" content=\"Luego de generar una fuerte controversia internacional al sugerir la posibilidad de una intervenci\u00f3n en la Embajada de M\u00e9xico en Lima para ejecutar la En Sonora en Equipo publicamos toda la informaci\u00f3n de Sonora, M\u00e9xico y el Mundo de manera oportuna y busca que la libertad de expresi\u00f3n sea real. Visita nuestro medio informativo publicado desde Hermosillo, Sonora. %\" \/>\n<meta property=\"og:url\" content=\"https:\/\/www.sonoraenequipo.com.mx\/jeri-da-marcha-atras-sobre-irrumpir-en-embajada-de-mexico-para-arrestar-a-betssy-chavez\/\" \/>\n<meta property=\"og:site_name\" content=\"Sonora en Equipo.\" \/>\n<meta property=\"article:publisher\" content=\"https:\/\/www.facebook.com\/SonoraEE\/\" \/>\n<meta property=\"article:author\" content=\"https:\/\/www.facebook.com\/SonoraEE\" \/>\n<meta property=\"article:published_time\" content=\"2025-11-24T19:32:57+00:00\" \/>\n<meta property=\"og:image\" content=\"https:\/\/www.sonoraenequipo.com.mx\/storage\/2025\/11\/jerichavez-sheinbaum.jpg\" \/>\n\t<meta property=\"og:image:width\" content=\"600\" \/>\n\t<meta property=\"og:image:height\" content=\"400\" \/>\n\t<meta property=\"og:image:type\" content=\"image\/jpeg\" \/>\n<meta name=\"author\" content=\"enequipo\" \/>\n<meta name=\"twitter:card\" content=\"summary_large_image\" \/>\n<meta name=\"twitter:creator\" content=\"@sonoraenequipo\" \/>\n<meta name=\"twitter:site\" content=\"@sonoraenequipo\" \/>\n<meta name=\"twitter:label1\" content=\"Escrito por\" \/>\n\t<meta name=\"twitter:data1\" content=\"enequipo\" \/>\n\t<meta name=\"twitter:label2\" content=\"Tiempo de lectura\" \/>\n\t<meta name=\"twitter:data2\" content=\"1 minuto\" \/>\n<script type=\"application\/ld+json\" class=\"yoast-schema-graph\">{\"@context\":\"https:\/\/schema.org\",\"@graph\":[{\"@type\":\"Article\",\"@id\":\"https:\/\/www.sonoraenequipo.com.mx\/jeri-da-marcha-atras-sobre-irrumpir-en-embajada-de-mexico-para-arrestar-a-betssy-chavez\/#article\",\"isPartOf\":{\"@id\":\"https:\/\/www.sonoraenequipo.com.mx\/jeri-da-marcha-atras-sobre-irrumpir-en-embajada-de-mexico-para-arrestar-a-betssy-chavez\/\"},\"author\":{\"name\":\"enequipo\",\"@id\":\"https:\/\/www.sonoraenequipo.com.mx\/#\/schema\/person\/50102df0fb23a8fa9e8effad8fa81386\"},\"headline\":\"Jer\u00ed da marcha atr\u00e1s sobre irrumpir en embajada de M\u00e9xico para arrestar a Betssy Ch\u00e1vez\",\"datePublished\":\"2025-11-24T19:32:57+00:00\",\"mainEntityOfPage\":{\"@id\":\"https:\/\/www.sonoraenequipo.com.mx\/jeri-da-marcha-atras-sobre-irrumpir-en-embajada-de-mexico-para-arrestar-a-betssy-chavez\/\"},\"wordCount\":291,\"commentCount\":0,\"publisher\":{\"@id\":\"https:\/\/www.sonoraenequipo.com.mx\/#organization\"},\"image\":{\"@id\":\"https:\/\/www.sonoraenequipo.com.mx\/jeri-da-marcha-atras-sobre-irrumpir-en-embajada-de-mexico-para-arrestar-a-betssy-chavez\/#primaryimage\"},\"thumbnailUrl\":\"https:\/\/www.sonoraenequipo.com.mx\/storage\/2025\/11\/jerichavez-sheinbaum.jpg\",\"keywords\":[\"mexico\",\"Per\u00fa\"],\"articleSection\":[\"MUNDO\"],\"inLanguage\":\"es\",\"potentialAction\":[{\"@type\":\"CommentAction\",\"name\":\"Comment\",\"target\":[\"https:\/\/www.sonoraenequipo.com.mx\/jeri-da-marcha-atras-sobre-irrumpir-en-embajada-de-mexico-para-arrestar-a-betssy-chavez\/#respond\"]}]},{\"@type\":\"WebPage\",\"@id\":\"https:\/\/www.sonoraenequipo.com.mx\/jeri-da-marcha-atras-sobre-irrumpir-en-embajada-de-mexico-para-arrestar-a-betssy-chavez\/\",\"url\":\"https:\/\/www.sonoraenequipo.com.mx\/jeri-da-marcha-atras-sobre-irrumpir-en-embajada-de-mexico-para-arrestar-a-betssy-chavez\/\",\"name\":\"Sonora en Equipo. Jer\u00ed da marcha atr\u00e1s sobre irrumpir en embajada de M\u00e9xico para arrestar a Betssy Ch\u00e1vez MUNDO\",\"isPartOf\":{\"@id\":\"https:\/\/www.sonoraenequipo.com.mx\/#website\"},\"primaryImageOfPage\":{\"@id\":\"https:\/\/www.sonoraenequipo.com.mx\/jeri-da-marcha-atras-sobre-irrumpir-en-embajada-de-mexico-para-arrestar-a-betssy-chavez\/#primaryimage\"},\"image\":{\"@id\":\"https:\/\/www.sonoraenequipo.com.mx\/jeri-da-marcha-atras-sobre-irrumpir-en-embajada-de-mexico-para-arrestar-a-betssy-chavez\/#primaryimage\"},\"thumbnailUrl\":\"https:\/\/www.sonoraenequipo.com.mx\/storage\/2025\/11\/jerichavez-sheinbaum.jpg\",\"datePublished\":\"2025-11-24T19:32:57+00:00\",\"description\":\"Luego de generar una fuerte controversia internacional al sugerir la posibilidad de una intervenci\u00f3n en la Embajada de M\u00e9xico en Lima para ejecutar la En Sonora en Equipo publicamos toda la informaci\u00f3n de Sonora, M\u00e9xico y el Mundo de manera oportuna y busca que la libertad de expresi\u00f3n sea real. Visita nuestro medio informativo publicado desde Hermosillo, Sonora. %\",\"breadcrumb\":{\"@id\":\"https:\/\/www.sonoraenequipo.com.mx\/jeri-da-marcha-atras-sobre-irrumpir-en-embajada-de-mexico-para-arrestar-a-betssy-chavez\/#breadcrumb\"},\"inLanguage\":\"es\",\"potentialAction\":[{\"@type\":\"ReadAction\",\"target\":[\"https:\/\/www.sonoraenequipo.com.mx\/jeri-da-marcha-atras-sobre-irrumpir-en-embajada-de-mexico-para-arrestar-a-betssy-chavez\/\"]}]},{\"@type\":\"ImageObject\",\"inLanguage\":\"es\",\"@id\":\"https:\/\/www.sonoraenequipo.com.mx\/jeri-da-marcha-atras-sobre-irrumpir-en-embajada-de-mexico-para-arrestar-a-betssy-chavez\/#primaryimage\",\"url\":\"https:\/\/www.sonoraenequipo.com.mx\/storage\/2025\/11\/jerichavez-sheinbaum.jpg\",\"contentUrl\":\"https:\/\/www.sonoraenequipo.com.mx\/storage\/2025\/11\/jerichavez-sheinbaum.jpg\",\"width\":600,\"height\":400,\"caption\":\"Jos\u00e9 Jer\u00ed,presidente de Per\u00fa, Betssy Ch\u00e1vez, ex primera ministra peruana acusada de planear un golpe de estado y Claudia Sheinbaum presidenta de M\u00e9xico\"},{\"@type\":\"BreadcrumbList\",\"@id\":\"https:\/\/www.sonoraenequipo.com.mx\/jeri-da-marcha-atras-sobre-irrumpir-en-embajada-de-mexico-para-arrestar-a-betssy-chavez\/#breadcrumb\",\"itemListElement\":[{\"@type\":\"ListItem\",\"position\":1,\"name\":\"Portada\",\"item\":\"https:\/\/www.sonoraenequipo.com.mx\/\"},{\"@type\":\"ListItem\",\"position\":2,\"name\":\"Jer\u00ed da marcha atr\u00e1s sobre irrumpir en embajada de M\u00e9xico para arrestar a Betssy Ch\u00e1vez\"}]},{\"@type\":\"WebSite\",\"@id\":\"https:\/\/www.sonoraenequipo.com.mx\/#website\",\"url\":\"https:\/\/www.sonoraenequipo.com.mx\/\",\"name\":\"Sonora en Equipo.\",\"description\":\"Diario en l\u00ednea con Noticias desde Hermosillo, Sonora\",\"publisher\":{\"@id\":\"https:\/\/www.sonoraenequipo.com.mx\/#organization\"},\"potentialAction\":[{\"@type\":\"SearchAction\",\"target\":{\"@type\":\"EntryPoint\",\"urlTemplate\":\"https:\/\/www.sonoraenequipo.com.mx\/?s={search_term_string}\"},\"query-input\":{\"@type\":\"PropertyValueSpecification\",\"valueRequired\":true,\"valueName\":\"search_term_string\"}}],\"inLanguage\":\"es\"},{\"@type\":\"Organization\",\"@id\":\"https:\/\/www.sonoraenequipo.com.mx\/#organization\",\"name\":\"Sonoraenequipo.com.mx\",\"url\":\"https:\/\/www.sonoraenequipo.com.mx\/\",\"logo\":{\"@type\":\"ImageObject\",\"inLanguage\":\"es\",\"@id\":\"https:\/\/www.sonoraenequipo.com.mx\/#\/schema\/logo\/image\/\",\"url\":\"https:\/\/www.sonoraenequipo.com.mx\/storage\/2019\/01\/sonoraenequipo_opt.png\",\"contentUrl\":\"https:\/\/www.sonoraenequipo.com.mx\/storage\/2019\/01\/sonoraenequipo_opt.png\",\"width\":375,\"height\":125,\"caption\":\"Sonoraenequipo.com.mx\"},\"image\":{\"@id\":\"https:\/\/www.sonoraenequipo.com.mx\/#\/schema\/logo\/image\/\"},\"sameAs\":[\"https:\/\/www.facebook.com\/SonoraEE\/\",\"https:\/\/x.com\/sonoraenequipo\",\"https:\/\/www.youtube.com\/channel\/UC338nW-lPEYmJQs4ZABQ1SQ\"]},{\"@type\":\"Person\",\"@id\":\"https:\/\/www.sonoraenequipo.com.mx\/#\/schema\/person\/50102df0fb23a8fa9e8effad8fa81386\",\"name\":\"enequipo\",\"image\":{\"@type\":\"ImageObject\",\"inLanguage\":\"es\",\"@id\":\"https:\/\/www.sonoraenequipo.com.mx\/#\/schema\/person\/image\/\",\"url\":\"https:\/\/secure.gravatar.com\/avatar\/049821681b589dabc0bc20695993ccebb09f5b5d4d790cd9251b97faac7c652b?s=96&d=blank&r=g\",\"contentUrl\":\"https:\/\/secure.gravatar.com\/avatar\/049821681b589dabc0bc20695993ccebb09f5b5d4d790cd9251b97faac7c652b?s=96&d=blank&r=g\",\"caption\":\"enequipo\"},\"sameAs\":[\"https:\/\/www.facebook.com\/SonoraEE\"]}]}<\/script>\n ","yoast_head_json":{"title":"Sonora en Equipo. Jer\u00ed da marcha atr\u00e1s sobre irrumpir en embajada de M\u00e9xico para arrestar a Betssy Ch\u00e1vez MUNDO","description":"Luego de generar una fuerte controversia internacional al sugerir la posibilidad de una intervenci\u00f3n en la Embajada de M\u00e9xico en Lima para ejecutar la En Sonora en Equipo publicamos toda la informaci\u00f3n de Sonora, M\u00e9xico y el Mundo de manera oportuna y busca que la libertad de expresi\u00f3n sea real. Visita nuestro medio informativo publicado desde Hermosillo, Sonora. %","robots":{"index":"index","follow":"follow","max-snippet":"max-snippet:-1","max-image-preview":"max-image-preview:large","max-video-preview":"max-video-preview:-1"},"canonical":"https:\/\/www.sonoraenequipo.com.mx\/jeri-da-marcha-atras-sobre-irrumpir-en-embajada-de-mexico-para-arrestar-a-betssy-chavez\/","og_locale":"es_ES","og_type":"article","og_title":"Sonora en Equipo. Jer\u00ed da marcha atr\u00e1s sobre irrumpir en embajada de M\u00e9xico para arrestar a Betssy Ch\u00e1vez MUNDO","og_description":"Luego de generar una fuerte controversia internacional al sugerir la posibilidad de una intervenci\u00f3n en la Embajada de M\u00e9xico en Lima para ejecutar la En Sonora en Equipo publicamos toda la informaci\u00f3n de Sonora, M\u00e9xico y el Mundo de manera oportuna y busca que la libertad de expresi\u00f3n sea real. Visita nuestro medio informativo publicado desde Hermosillo, Sonora. %","og_url":"https:\/\/www.sonoraenequipo.com.mx\/jeri-da-marcha-atras-sobre-irrumpir-en-embajada-de-mexico-para-arrestar-a-betssy-chavez\/","og_site_name":"Sonora en Equipo.","article_publisher":"https:\/\/www.facebook.com\/SonoraEE\/","article_author":"https:\/\/www.facebook.com\/SonoraEE","article_published_time":"2025-11-24T19:32:57+00:00","og_image":[{"width":600,"height":400,"url":"https:\/\/www.sonoraenequipo.com.mx\/storage\/2025\/11\/jerichavez-sheinbaum.jpg","type":"image\/jpeg"}],"author":"enequipo","twitter_card":"summary_large_image","twitter_creator":"@sonoraenequipo","twitter_site":"@sonoraenequipo","twitter_misc":{"Escrito por":"enequipo","Tiempo de lectura":"1 minuto"},"schema":{"@context":"https:\/\/schema.org","@graph":[{"@type":"Article","@id":"https:\/\/www.sonoraenequipo.com.mx\/jeri-da-marcha-atras-sobre-irrumpir-en-embajada-de-mexico-para-arrestar-a-betssy-chavez\/#article","isPartOf":{"@id":"https:\/\/www.sonoraenequipo.com.mx\/jeri-da-marcha-atras-sobre-irrumpir-en-embajada-de-mexico-para-arrestar-a-betssy-chavez\/"},"author":{"name":"enequipo","@id":"https:\/\/www.sonoraenequipo.com.mx\/#\/schema\/person\/50102df0fb23a8fa9e8effad8fa81386"},"headline":"Jer\u00ed da marcha atr\u00e1s sobre irrumpir en embajada de M\u00e9xico para arrestar a Betssy Ch\u00e1vez","datePublished":"2025-11-24T19:32:57+00:00","mainEntityOfPage":{"@id":"https:\/\/www.sonoraenequipo.com.mx\/jeri-da-marcha-atras-sobre-irrumpir-en-embajada-de-mexico-para-arrestar-a-betssy-chavez\/"},"wordCount":291,"commentCount":0,"publisher":{"@id":"https:\/\/www.sonoraenequipo.com.mx\/#organization"},"image":{"@id":"https:\/\/www.sonoraenequipo.com.mx\/jeri-da-marcha-atras-sobre-irrumpir-en-embajada-de-mexico-para-arrestar-a-betssy-chavez\/#primaryimage"},"thumbnailUrl":"https:\/\/www.sonoraenequipo.com.mx\/storage\/2025\/11\/jerichavez-sheinbaum.jpg","keywords":["mexico","Per\u00fa"],"articleSection":["MUNDO"],"inLanguage":"es","potentialAction":[{"@type":"CommentAction","name":"Comment","target":["https:\/\/www.sonoraenequipo.com.mx\/jeri-da-marcha-atras-sobre-irrumpir-en-embajada-de-mexico-para-arrestar-a-betssy-chavez\/#respond"]}]},{"@type":"WebPage","@id":"https:\/\/www.sonoraenequipo.com.mx\/jeri-da-marcha-atras-sobre-irrumpir-en-embajada-de-mexico-para-arrestar-a-betssy-chavez\/","url":"https:\/\/www.sonoraenequipo.com.mx\/jeri-da-marcha-atras-sobre-irrumpir-en-embajada-de-mexico-para-arrestar-a-betssy-chavez\/","name":"Sonora en Equipo. Jer\u00ed da marcha atr\u00e1s sobre irrumpir en embajada de M\u00e9xico para arrestar a Betssy Ch\u00e1vez MUNDO","isPartOf":{"@id":"https:\/\/www.sonoraenequipo.com.mx\/#website"},"primaryImageOfPage":{"@id":"https:\/\/www.sonoraenequipo.com.mx\/jeri-da-marcha-atras-sobre-irrumpir-en-embajada-de-mexico-para-arrestar-a-betssy-chavez\/#primaryimage"},"image":{"@id":"https:\/\/www.sonoraenequipo.com.mx\/jeri-da-marcha-atras-sobre-irrumpir-en-embajada-de-mexico-para-arrestar-a-betssy-chavez\/#primaryimage"},"thumbnailUrl":"https:\/\/www.sonoraenequipo.com.mx\/storage\/2025\/11\/jerichavez-sheinbaum.jpg","datePublished":"2025-11-24T19:32:57+00:00","description":"Luego de generar una fuerte controversia internacional al sugerir la posibilidad de una intervenci\u00f3n en la Embajada de M\u00e9xico en Lima para ejecutar la En Sonora en Equipo publicamos toda la informaci\u00f3n de Sonora, M\u00e9xico y el Mundo de manera oportuna y busca que la libertad de expresi\u00f3n sea real. Visita nuestro medio informativo publicado desde Hermosillo, Sonora. %","breadcrumb":{"@id":"https:\/\/www.sonoraenequipo.com.mx\/jeri-da-marcha-atras-sobre-irrumpir-en-embajada-de-mexico-para-arrestar-a-betssy-chavez\/#breadcrumb"},"inLanguage":"es","potentialAction":[{"@type":"ReadAction","target":["https:\/\/www.sonoraenequipo.com.mx\/jeri-da-marcha-atras-sobre-irrumpir-en-embajada-de-mexico-para-arrestar-a-betssy-chavez\/"]}]},{"@type":"ImageObject","inLanguage":"es","@id":"https:\/\/www.sonoraenequipo.com.mx\/jeri-da-marcha-atras-sobre-irrumpir-en-embajada-de-mexico-para-arrestar-a-betssy-chavez\/#primaryimage","url":"https:\/\/www.sonoraenequipo.com.mx\/storage\/2025\/11\/jerichavez-sheinbaum.jpg","contentUrl":"https:\/\/www.sonoraenequipo.com.mx\/storage\/2025\/11\/jerichavez-sheinbaum.jpg","width":600,"height":400,"caption":"Jos\u00e9 Jer\u00ed,presidente de Per\u00fa, Betssy Ch\u00e1vez, ex primera ministra peruana acusada de planear un golpe de estado y Claudia Sheinbaum presidenta de M\u00e9xico"},{"@type":"BreadcrumbList","@id":"https:\/\/www.sonoraenequipo.com.mx\/jeri-da-marcha-atras-sobre-irrumpir-en-embajada-de-mexico-para-arrestar-a-betssy-chavez\/#breadcrumb","itemListElement":[{"@type":"ListItem","position":1,"name":"Portada","item":"https:\/\/www.sonoraenequipo.com.mx\/"},{"@type":"ListItem","position":2,"name":"Jer\u00ed da marcha atr\u00e1s sobre irrumpir en embajada de M\u00e9xico para arrestar a Betssy Ch\u00e1vez"}]},{"@type":"WebSite","@id":"https:\/\/www.sonoraenequipo.com.mx\/#website","url":"https:\/\/www.sonoraenequipo.com.mx\/","name":"Sonora en Equipo.","description":"Diario en l\u00ednea con Noticias desde Hermosillo, Sonora","publisher":{"@id":"https:\/\/www.sonoraenequipo.com.mx\/#organization"},"potentialAction":[{"@type":"SearchAction","target":{"@type":"EntryPoint","urlTemplate":"https:\/\/www.sonoraenequipo.com.mx\/?s={search_term_string}"},"query-input":{"@type":"PropertyValueSpecification","valueRequired":true,"valueName":"search_term_string"}}],"inLanguage":"es"},{"@type":"Organization","@id":"https:\/\/www.sonoraenequipo.com.mx\/#organization","name":"Sonoraenequipo.com.mx","url":"https:\/\/www.sonoraenequipo.com.mx\/","logo":{"@type":"ImageObject","inLanguage":"es","@id":"https:\/\/www.sonoraenequipo.com.mx\/#\/schema\/logo\/image\/","url":"https:\/\/www.sonoraenequipo.com.mx\/storage\/2019\/01\/sonoraenequipo_opt.png","contentUrl":"https:\/\/www.sonoraenequipo.com.mx\/storage\/2019\/01\/sonoraenequipo_opt.png","width":375,"height":125,"caption":"Sonoraenequipo.com.mx"},"image":{"@id":"https:\/\/www.sonoraenequipo.com.mx\/#\/schema\/logo\/image\/"},"sameAs":["https:\/\/www.facebook.com\/SonoraEE\/","https:\/\/x.com\/sonoraenequipo","https:\/\/www.youtube.com\/channel\/UC338nW-lPEYmJQs4ZABQ1SQ"]},{"@type":"Person","@id":"https:\/\/www.sonoraenequipo.com.mx\/#\/schema\/person\/50102df0fb23a8fa9e8effad8fa81386","name":"enequipo","image":{"@type":"ImageObject","inLanguage":"es","@id":"https:\/\/www.sonoraenequipo.com.mx\/#\/schema\/person\/image\/","url":"https:\/\/secure.gravatar.com\/avatar\/049821681b589dabc0bc20695993ccebb09f5b5d4d790cd9251b97faac7c652b?s=96&d=blank&r=g","contentUrl":"https:\/\/secure.gravatar.com\/avatar\/049821681b589dabc0bc20695993ccebb09f5b5d4d790cd9251b97faac7c652b?s=96&d=blank&r=g","caption":"enequipo"},"sameAs":["https:\/\/www.facebook.com\/SonoraEE"]}]}},"jetpack_featured_media_url":"https:\/\/www.sonoraenequipo.com.mx\/storage\/2025\/11\/jerichavez-sheinbaum.jpg","_links":{"self":[{"href":"https:\/\/www.sonoraenequipo.com.mx\/api\/wp\/v2\/posts\/229339","targetHints":{"allow":["GET"]}}],"collection":[{"href":"https:\/\/www.sonoraenequipo.com.mx\/api\/wp\/v2\/posts"}],"about":[{"href":"https:\/\/www.sonoraenequipo.com.mx\/api\/wp\/v2\/types\/post"}],"author":[{"embeddable":true,"href":"https:\/\/www.sonoraenequipo.com.mx\/api\/wp\/v2\/users\/1"}],"replies":[{"embeddable":true,"href":"https:\/\/www.sonoraenequipo.com.mx\/api\/wp\/v2\/comments?post=229339"}],"version-history":[{"count":1,"href":"https:\/\/www.sonoraenequipo.com.mx\/api\/wp\/v2\/posts\/229339\/revisions"}],"predecessor-version":[{"id":229342,"href":"https:\/\/www.sonoraenequipo.com.mx\/api\/wp\/v2\/posts\/229339\/revisions\/229342"}],"wp:featuredmedia":[{"embeddable":true,"href":"https:\/\/www.sonoraenequipo.com.mx\/api\/wp\/v2\/media\/229341"}],"wp:attachment":[{"href":"https:\/\/www.sonoraenequipo.com.mx\/api\/wp\/v2\/media?parent=229339"}],"wp:term":[{"taxonomy":"category","embeddable":true,"href":"https:\/\/www.sonoraenequipo.com.mx\/api\/wp\/v2\/categories?post=229339"},{"taxonomy":"post_tag","embeddable":true,"href":"https:\/\/www.sonoraenequipo.com.mx\/api\/wp\/v2\/tags?post=229339"}],"curies":[{"name":"wp","href":"https:\/\/api.w.org\/{rel}","templated":true}]}}