{"id":229348,"date":"2025-11-24T13:51:06","date_gmt":"2025-11-24T20:51:06","guid":{"rendered":"https:\/\/www.sonoraenequipo.com.mx\/?p=229348"},"modified":"2025-11-24T13:51:41","modified_gmt":"2025-11-24T20:51:41","slug":"elizabeth-araux-premio-nacional-de-educacion-en-ciencias-de-la-tierra","status":"publish","type":"post","link":"https:\/\/www.sonoraenequipo.com.mx\/elizabeth-araux-premio-nacional-de-educacion-en-ciencias-de-la-tierra\/","title":{"rendered":"Elizabeth Araux premio Nacional de Educaci\u00f3n en Ciencias de la Tierra"},"content":{"rendered":"<p><strong>HERMOSILLO, SONORA, MX.<\/strong> \u2014 El profesionalismo, entrega, dedicaci\u00f3n, vocaci\u00f3n y gran aporte en el sector acad\u00e9mico, fueron determinantes para que Elizabeth Araux S\u00e1nchez, resultara galardonada con el Premio Nacional de Educaci\u00f3n en Ciencias de la Tierra 2025, otorgado por la Asociaci\u00f3n de Ingenieros de Minas, Metalurgistas y Ge\u00f3logos de M\u00e9xico (AIMMGM).<\/p>\n<p>&nbsp;<\/p>\n<p>&nbsp;<\/p>\n<p>&nbsp;<\/p>\n<p>Durante la XXXVI Convenci\u00f3n Internacional de Miner\u00eda, Acapulco 2025, Araux S\u00e1nchez, recibi\u00f3 el galard\u00f3n que reconoce a la ge\u00f3loga, profesionista, catedr\u00e1tica universitaria por m\u00e1s de 35 a\u00f1os hasta su jubilaci\u00f3n y fundadora del Pabell\u00f3n Minero Infantil, programa educativo que ha impactado favorablemente en la divulgaci\u00f3n de la ciencia en m\u00e1s de 30 mil ni\u00f1as y ni\u00f1os.<\/p>\n<p>&nbsp;<\/p>\n<p>&nbsp;<\/p>\n<p>&nbsp;<\/p>\n<p>La esposa, madre de familia, y actualmente Secretaria del Comit\u00e9 Directivo Local de la AIMMGM Distrito Sonora; y Presidenta de Mujeres WIM Distrito Sonora, mostr\u00f3 su satisfacci\u00f3n al recibir este reconocimiento.<\/p>\n<p>&nbsp;<\/p>\n<p>&nbsp;<\/p>\n<p>&nbsp;<\/p>\n<p>\u201cHan sido 35 a\u00f1os dedicados a la formaci\u00f3n de profesionistas en la carrera de Ingenier\u00eda de Minas, pero tambi\u00e9n a impulsar a generaciones de estudiantes, especialmente mujeres, y a visibilizar el gran talento que poseemos y aportamos al sector minero. Asimismo, tantos a\u00f1os de trabajo con el Pabell\u00f3n Minero Infantil representan un logro significativo en mi trayectoria.\u201d<\/p>\n<p>&nbsp;<\/p>\n<p>&nbsp;<\/p>\n<p>&nbsp;<\/p>\n<p>La Maestra en Ciencias subray\u00f3 que la miner\u00eda es uno de los sectores m\u00e1s nobles, al recordar que constituye la base y el soporte de las dem\u00e1s industrias. Por ello, se\u00f1al\u00f3, es indispensable continuar impuls\u00e1ndola y difundir las acciones que se realizan en beneficio de la comunidad en general.<\/p>\n<p>&nbsp;<\/p>\n<p>&nbsp;<\/p>\n<p>&nbsp;<\/p>\n<p>\u201cLas nuevas generaciones que estudian Ciencias de la Tierra llegan con un gran impulso, con tecnolog\u00eda de vanguardia y con un profundo entusiasmo por continuar y aportar al bienestar de la humanidad\u201d, reiter\u00f3.<\/p>\n<p>&nbsp;<\/p>\n<p>&nbsp;<\/p>\n<p>&nbsp;<\/p>\n<p>El aporte de Araux S\u00e1nchez reconocido a nivel nacional, se ha convertido en un motor para el desarrollo acad\u00e9mico, cient\u00edfico y humano en Sonora y en M\u00e9xico.<\/p>\n<p>&nbsp;<\/p>\n<p>&nbsp;<\/p>\n<p>&nbsp;<\/p>\n<p>Elizabeth Araux S\u00e1nchez<\/p>\n<p>Naci\u00f3 EN la Ciudad de M\u00e9xico en 1962 pero radica en Hermosillo desde los a\u00f1os 70\u2019s.<\/p>\n<ul>\n<li>Ing. Ge\u00f3loga y Maestra en Ciencias.<\/li>\n<\/ul>\n<p>&nbsp;<\/p>\n<ul>\n<li>M\u00e1s de 35 a\u00f1os de catedr\u00e1tica en la Universidad de Sonora. Siendo Coordinadora del Programa de Ingenier\u00eda de Minas por 9 a\u00f1os y como Secretaria Acad\u00e9mica del Departamento de Ingenier\u00eda Civil y Minas por 4 a\u00f1os en la Universidad de Sonora.<\/li>\n<\/ul>\n<p>&nbsp;<\/p>\n<ul>\n<li>Fundadora del programa Pabell\u00f3n Minero Infantil, y del Taller de Mineralog\u00eda para la ni\u00f1ez, impactando a m\u00e1s de 30 mil ni\u00f1as y ni\u00f1os.<\/li>\n<\/ul>\n<p>&nbsp;<\/p>\n<ul>\n<li>Presidenta de Mujeres WIM Distrito Sonora. Realizando 2 Foros de la Mujer en la Miner\u00eda<\/li>\n<\/ul>\n<p>&nbsp;<\/p>\n<ul>\n<li>L\u00edder del programa Fortalecimiento a la Miner\u00eda Artesanal Sostenible (FAMA), que pertenece al Banco de Proyectos de la Agenda 2030 de la ONU, en el que se proporciona asesor\u00eda t\u00e9cnica y cient\u00edfica a comunidades mineras artesanales que carecen de apoyo, promoviendo una miner\u00eda m\u00e1s segura y socialmente responsable.<\/li>\n<\/ul>\n<p>&nbsp;<\/p>\n<p>&nbsp;<\/p>\n<ul>\n<li>14 libros especializados de su autor\u00eda o coautor\u00eda.<\/li>\n<\/ul>\n<p><strong>Fecha de publicaci\u00f3n\u00a0 lunes 24 de noviembre de 2025<\/strong><\/p>\n","protected":false},"excerpt":{"rendered":"<p>HERMOSILLO, SONORA, MX. \u2014 El profesionalismo, entrega, dedicaci\u00f3n, vocaci\u00f3n y gran aporte en el sector&#8230;<\/p>\n","protected":false},"author":1,"featured_media":229349,"comment_status":"open","ping_status":"open","sticky":false,"template":"","format":"standard","meta":{"_monsterinsights_skip_tracking":false,"_monsterinsights_sitenote_active":false,"_monsterinsights_sitenote_note":"","_monsterinsights_sitenote_category":0,"footnotes":""},"categories":[22],"tags":[12100],"class_list":["post"],"yoast_head":" \n<title>Sonora en Equipo. Elizabeth Araux premio Nacional de Educaci\u00f3n en Ciencias de la Tierra Sonora<\/title>\n<meta name=\"description\" content=\"HERMOSILLO, SONORA, MX. \u2014 El profesionalismo, entrega, dedicaci\u00f3n, vocaci\u00f3n y gran aporte en el sector acad\u00e9mico, fueron determinantes para que Elizabeth En Sonora en Equipo publicamos toda la informaci\u00f3n de Sonora, M\u00e9xico y el Mundo de manera oportuna y busca que la libertad de expresi\u00f3n sea real. Visita nuestro medio informativo publicado desde Hermosillo, Sonora. %\" \/>\n<meta name=\"robots\" content=\"index, follow, max-snippet:-1, max-image-preview:large, max-video-preview:-1\" \/>\n<link rel=\"canonical\" href=\"https:\/\/www.sonoraenequipo.com.mx\/elizabeth-araux-premio-nacional-de-educacion-en-ciencias-de-la-tierra\/\" \/>\n<meta property=\"og:locale\" content=\"es_ES\" \/>\n<meta property=\"og:type\" content=\"article\" \/>\n<meta property=\"og:title\" content=\"Sonora en Equipo. Elizabeth Araux premio Nacional de Educaci\u00f3n en Ciencias de la Tierra Sonora\" \/>\n<meta property=\"og:description\" content=\"HERMOSILLO, SONORA, MX. \u2014 El profesionalismo, entrega, dedicaci\u00f3n, vocaci\u00f3n y gran aporte en el sector acad\u00e9mico, fueron determinantes para que Elizabeth En Sonora en Equipo publicamos toda la informaci\u00f3n de Sonora, M\u00e9xico y el Mundo de manera oportuna y busca que la libertad de expresi\u00f3n sea real. Visita nuestro medio informativo publicado desde Hermosillo, Sonora. %\" \/>\n<meta property=\"og:url\" content=\"https:\/\/www.sonoraenequipo.com.mx\/elizabeth-araux-premio-nacional-de-educacion-en-ciencias-de-la-tierra\/\" \/>\n<meta property=\"og:site_name\" content=\"Sonora en Equipo.\" \/>\n<meta property=\"article:publisher\" content=\"https:\/\/www.facebook.com\/SonoraEE\/\" \/>\n<meta property=\"article:author\" content=\"https:\/\/www.facebook.com\/SonoraEE\" \/>\n<meta property=\"article:published_time\" content=\"2025-11-24T20:51:06+00:00\" \/>\n<meta property=\"article:modified_time\" content=\"2025-11-24T20:51:41+00:00\" \/>\n<meta property=\"og:image\" content=\"https:\/\/www.sonoraenequipo.com.mx\/storage\/2025\/11\/Elizabeth-Araux.jpg\" \/>\n\t<meta property=\"og:image:width\" content=\"600\" \/>\n\t<meta property=\"og:image:height\" content=\"400\" \/>\n\t<meta property=\"og:image:type\" content=\"image\/jpeg\" \/>\n<meta name=\"author\" content=\"enequipo\" \/>\n<meta name=\"twitter:card\" content=\"summary_large_image\" \/>\n<meta name=\"twitter:creator\" content=\"@sonoraenequipo\" \/>\n<meta name=\"twitter:site\" content=\"@sonoraenequipo\" \/>\n<meta name=\"twitter:label1\" content=\"Escrito por\" \/>\n\t<meta name=\"twitter:data1\" content=\"enequipo\" \/>\n\t<meta name=\"twitter:label2\" content=\"Tiempo de lectura\" \/>\n\t<meta name=\"twitter:data2\" content=\"3 minutos\" \/>\n<script type=\"application\/ld+json\" class=\"yoast-schema-graph\">{\"@context\":\"https:\/\/schema.org\",\"@graph\":[{\"@type\":\"Article\",\"@id\":\"https:\/\/www.sonoraenequipo.com.mx\/elizabeth-araux-premio-nacional-de-educacion-en-ciencias-de-la-tierra\/#article\",\"isPartOf\":{\"@id\":\"https:\/\/www.sonoraenequipo.com.mx\/elizabeth-araux-premio-nacional-de-educacion-en-ciencias-de-la-tierra\/\"},\"author\":{\"name\":\"enequipo\",\"@id\":\"https:\/\/www.sonoraenequipo.com.mx\/#\/schema\/person\/50102df0fb23a8fa9e8effad8fa81386\"},\"headline\":\"Elizabeth Araux premio Nacional de Educaci\u00f3n en Ciencias de la Tierra\",\"datePublished\":\"2025-11-24T20:51:06+00:00\",\"dateModified\":\"2025-11-24T20:51:41+00:00\",\"mainEntityOfPage\":{\"@id\":\"https:\/\/www.sonoraenequipo.com.mx\/elizabeth-araux-premio-nacional-de-educacion-en-ciencias-de-la-tierra\/\"},\"wordCount\":564,\"commentCount\":0,\"publisher\":{\"@id\":\"https:\/\/www.sonoraenequipo.com.mx\/#organization\"},\"image\":{\"@id\":\"https:\/\/www.sonoraenequipo.com.mx\/elizabeth-araux-premio-nacional-de-educacion-en-ciencias-de-la-tierra\/#primaryimage\"},\"thumbnailUrl\":\"https:\/\/www.sonoraenequipo.com.mx\/storage\/2025\/11\/Elizabeth-Araux.jpg\",\"keywords\":[\"Elizabeth Araux\"],\"articleSection\":[\"Sonora\"],\"inLanguage\":\"es\",\"potentialAction\":[{\"@type\":\"CommentAction\",\"name\":\"Comment\",\"target\":[\"https:\/\/www.sonoraenequipo.com.mx\/elizabeth-araux-premio-nacional-de-educacion-en-ciencias-de-la-tierra\/#respond\"]}]},{\"@type\":\"WebPage\",\"@id\":\"https:\/\/www.sonoraenequipo.com.mx\/elizabeth-araux-premio-nacional-de-educacion-en-ciencias-de-la-tierra\/\",\"url\":\"https:\/\/www.sonoraenequipo.com.mx\/elizabeth-araux-premio-nacional-de-educacion-en-ciencias-de-la-tierra\/\",\"name\":\"Sonora en Equipo. Elizabeth Araux premio Nacional de Educaci\u00f3n en Ciencias de la Tierra Sonora\",\"isPartOf\":{\"@id\":\"https:\/\/www.sonoraenequipo.com.mx\/#website\"},\"primaryImageOfPage\":{\"@id\":\"https:\/\/www.sonoraenequipo.com.mx\/elizabeth-araux-premio-nacional-de-educacion-en-ciencias-de-la-tierra\/#primaryimage\"},\"image\":{\"@id\":\"https:\/\/www.sonoraenequipo.com.mx\/elizabeth-araux-premio-nacional-de-educacion-en-ciencias-de-la-tierra\/#primaryimage\"},\"thumbnailUrl\":\"https:\/\/www.sonoraenequipo.com.mx\/storage\/2025\/11\/Elizabeth-Araux.jpg\",\"datePublished\":\"2025-11-24T20:51:06+00:00\",\"dateModified\":\"2025-11-24T20:51:41+00:00\",\"description\":\"HERMOSILLO, SONORA, MX. \u2014 El profesionalismo, entrega, dedicaci\u00f3n, vocaci\u00f3n y gran aporte en el sector acad\u00e9mico, fueron determinantes para que Elizabeth En Sonora en Equipo publicamos toda la informaci\u00f3n de Sonora, M\u00e9xico y el Mundo de manera oportuna y busca que la libertad de expresi\u00f3n sea real. Visita nuestro medio informativo publicado desde Hermosillo, Sonora. %\",\"breadcrumb\":{\"@id\":\"https:\/\/www.sonoraenequipo.com.mx\/elizabeth-araux-premio-nacional-de-educacion-en-ciencias-de-la-tierra\/#breadcrumb\"},\"inLanguage\":\"es\",\"potentialAction\":[{\"@type\":\"ReadAction\",\"target\":[\"https:\/\/www.sonoraenequipo.com.mx\/elizabeth-araux-premio-nacional-de-educacion-en-ciencias-de-la-tierra\/\"]}]},{\"@type\":\"ImageObject\",\"inLanguage\":\"es\",\"@id\":\"https:\/\/www.sonoraenequipo.com.mx\/elizabeth-araux-premio-nacional-de-educacion-en-ciencias-de-la-tierra\/#primaryimage\",\"url\":\"https:\/\/www.sonoraenequipo.com.mx\/storage\/2025\/11\/Elizabeth-Araux.jpg\",\"contentUrl\":\"https:\/\/www.sonoraenequipo.com.mx\/storage\/2025\/11\/Elizabeth-Araux.jpg\",\"width\":600,\"height\":400},{\"@type\":\"BreadcrumbList\",\"@id\":\"https:\/\/www.sonoraenequipo.com.mx\/elizabeth-araux-premio-nacional-de-educacion-en-ciencias-de-la-tierra\/#breadcrumb\",\"itemListElement\":[{\"@type\":\"ListItem\",\"position\":1,\"name\":\"Portada\",\"item\":\"https:\/\/www.sonoraenequipo.com.mx\/\"},{\"@type\":\"ListItem\",\"position\":2,\"name\":\"Elizabeth Araux premio Nacional de Educaci\u00f3n en Ciencias de la Tierra\"}]},{\"@type\":\"WebSite\",\"@id\":\"https:\/\/www.sonoraenequipo.com.mx\/#website\",\"url\":\"https:\/\/www.sonoraenequipo.com.mx\/\",\"name\":\"Sonora en Equipo.\",\"description\":\"Diario en l\u00ednea con Noticias desde Hermosillo, Sonora\",\"publisher\":{\"@id\":\"https:\/\/www.sonoraenequipo.com.mx\/#organization\"},\"potentialAction\":[{\"@type\":\"SearchAction\",\"target\":{\"@type\":\"EntryPoint\",\"urlTemplate\":\"https:\/\/www.sonoraenequipo.com.mx\/?s={search_term_string}\"},\"query-input\":{\"@type\":\"PropertyValueSpecification\",\"valueRequired\":true,\"valueName\":\"search_term_string\"}}],\"inLanguage\":\"es\"},{\"@type\":\"Organization\",\"@id\":\"https:\/\/www.sonoraenequipo.com.mx\/#organization\",\"name\":\"Sonoraenequipo.com.mx\",\"url\":\"https:\/\/www.sonoraenequipo.com.mx\/\",\"logo\":{\"@type\":\"ImageObject\",\"inLanguage\":\"es\",\"@id\":\"https:\/\/www.sonoraenequipo.com.mx\/#\/schema\/logo\/image\/\",\"url\":\"https:\/\/www.sonoraenequipo.com.mx\/storage\/2019\/01\/sonoraenequipo_opt.png\",\"contentUrl\":\"https:\/\/www.sonoraenequipo.com.mx\/storage\/2019\/01\/sonoraenequipo_opt.png\",\"width\":375,\"height\":125,\"caption\":\"Sonoraenequipo.com.mx\"},\"image\":{\"@id\":\"https:\/\/www.sonoraenequipo.com.mx\/#\/schema\/logo\/image\/\"},\"sameAs\":[\"https:\/\/www.facebook.com\/SonoraEE\/\",\"https:\/\/x.com\/sonoraenequipo\",\"https:\/\/www.youtube.com\/channel\/UC338nW-lPEYmJQs4ZABQ1SQ\"]},{\"@type\":\"Person\",\"@id\":\"https:\/\/www.sonoraenequipo.com.mx\/#\/schema\/person\/50102df0fb23a8fa9e8effad8fa81386\",\"name\":\"enequipo\",\"image\":{\"@type\":\"ImageObject\",\"inLanguage\":\"es\",\"@id\":\"https:\/\/www.sonoraenequipo.com.mx\/#\/schema\/person\/image\/\",\"url\":\"https:\/\/secure.gravatar.com\/avatar\/049821681b589dabc0bc20695993ccebb09f5b5d4d790cd9251b97faac7c652b?s=96&d=blank&r=g\",\"contentUrl\":\"https:\/\/secure.gravatar.com\/avatar\/049821681b589dabc0bc20695993ccebb09f5b5d4d790cd9251b97faac7c652b?s=96&d=blank&r=g\",\"caption\":\"enequipo\"},\"sameAs\":[\"https:\/\/www.facebook.com\/SonoraEE\"]}]}<\/script>\n ","yoast_head_json":{"title":"Sonora en Equipo. Elizabeth Araux premio Nacional de Educaci\u00f3n en Ciencias de la Tierra Sonora","description":"HERMOSILLO, SONORA, MX. \u2014 El profesionalismo, entrega, dedicaci\u00f3n, vocaci\u00f3n y gran aporte en el sector acad\u00e9mico, fueron determinantes para que Elizabeth En Sonora en Equipo publicamos toda la informaci\u00f3n de Sonora, M\u00e9xico y el Mundo de manera oportuna y busca que la libertad de expresi\u00f3n sea real. Visita nuestro medio informativo publicado desde Hermosillo, Sonora. %","robots":{"index":"index","follow":"follow","max-snippet":"max-snippet:-1","max-image-preview":"max-image-preview:large","max-video-preview":"max-video-preview:-1"},"canonical":"https:\/\/www.sonoraenequipo.com.mx\/elizabeth-araux-premio-nacional-de-educacion-en-ciencias-de-la-tierra\/","og_locale":"es_ES","og_type":"article","og_title":"Sonora en Equipo. Elizabeth Araux premio Nacional de Educaci\u00f3n en Ciencias de la Tierra Sonora","og_description":"HERMOSILLO, SONORA, MX. \u2014 El profesionalismo, entrega, dedicaci\u00f3n, vocaci\u00f3n y gran aporte en el sector acad\u00e9mico, fueron determinantes para que Elizabeth En Sonora en Equipo publicamos toda la informaci\u00f3n de Sonora, M\u00e9xico y el Mundo de manera oportuna y busca que la libertad de expresi\u00f3n sea real. Visita nuestro medio informativo publicado desde Hermosillo, Sonora. %","og_url":"https:\/\/www.sonoraenequipo.com.mx\/elizabeth-araux-premio-nacional-de-educacion-en-ciencias-de-la-tierra\/","og_site_name":"Sonora en Equipo.","article_publisher":"https:\/\/www.facebook.com\/SonoraEE\/","article_author":"https:\/\/www.facebook.com\/SonoraEE","article_published_time":"2025-11-24T20:51:06+00:00","article_modified_time":"2025-11-24T20:51:41+00:00","og_image":[{"width":600,"height":400,"url":"https:\/\/www.sonoraenequipo.com.mx\/storage\/2025\/11\/Elizabeth-Araux.jpg","type":"image\/jpeg"}],"author":"enequipo","twitter_card":"summary_large_image","twitter_creator":"@sonoraenequipo","twitter_site":"@sonoraenequipo","twitter_misc":{"Escrito por":"enequipo","Tiempo de lectura":"3 minutos"},"schema":{"@context":"https:\/\/schema.org","@graph":[{"@type":"Article","@id":"https:\/\/www.sonoraenequipo.com.mx\/elizabeth-araux-premio-nacional-de-educacion-en-ciencias-de-la-tierra\/#article","isPartOf":{"@id":"https:\/\/www.sonoraenequipo.com.mx\/elizabeth-araux-premio-nacional-de-educacion-en-ciencias-de-la-tierra\/"},"author":{"name":"enequipo","@id":"https:\/\/www.sonoraenequipo.com.mx\/#\/schema\/person\/50102df0fb23a8fa9e8effad8fa81386"},"headline":"Elizabeth Araux premio Nacional de Educaci\u00f3n en Ciencias de la Tierra","datePublished":"2025-11-24T20:51:06+00:00","dateModified":"2025-11-24T20:51:41+00:00","mainEntityOfPage":{"@id":"https:\/\/www.sonoraenequipo.com.mx\/elizabeth-araux-premio-nacional-de-educacion-en-ciencias-de-la-tierra\/"},"wordCount":564,"commentCount":0,"publisher":{"@id":"https:\/\/www.sonoraenequipo.com.mx\/#organization"},"image":{"@id":"https:\/\/www.sonoraenequipo.com.mx\/elizabeth-araux-premio-nacional-de-educacion-en-ciencias-de-la-tierra\/#primaryimage"},"thumbnailUrl":"https:\/\/www.sonoraenequipo.com.mx\/storage\/2025\/11\/Elizabeth-Araux.jpg","keywords":["Elizabeth Araux"],"articleSection":["Sonora"],"inLanguage":"es","potentialAction":[{"@type":"CommentAction","name":"Comment","target":["https:\/\/www.sonoraenequipo.com.mx\/elizabeth-araux-premio-nacional-de-educacion-en-ciencias-de-la-tierra\/#respond"]}]},{"@type":"WebPage","@id":"https:\/\/www.sonoraenequipo.com.mx\/elizabeth-araux-premio-nacional-de-educacion-en-ciencias-de-la-tierra\/","url":"https:\/\/www.sonoraenequipo.com.mx\/elizabeth-araux-premio-nacional-de-educacion-en-ciencias-de-la-tierra\/","name":"Sonora en Equipo. Elizabeth Araux premio Nacional de Educaci\u00f3n en Ciencias de la Tierra Sonora","isPartOf":{"@id":"https:\/\/www.sonoraenequipo.com.mx\/#website"},"primaryImageOfPage":{"@id":"https:\/\/www.sonoraenequipo.com.mx\/elizabeth-araux-premio-nacional-de-educacion-en-ciencias-de-la-tierra\/#primaryimage"},"image":{"@id":"https:\/\/www.sonoraenequipo.com.mx\/elizabeth-araux-premio-nacional-de-educacion-en-ciencias-de-la-tierra\/#primaryimage"},"thumbnailUrl":"https:\/\/www.sonoraenequipo.com.mx\/storage\/2025\/11\/Elizabeth-Araux.jpg","datePublished":"2025-11-24T20:51:06+00:00","dateModified":"2025-11-24T20:51:41+00:00","description":"HERMOSILLO, SONORA, MX. \u2014 El profesionalismo, entrega, dedicaci\u00f3n, vocaci\u00f3n y gran aporte en el sector acad\u00e9mico, fueron determinantes para que Elizabeth En Sonora en Equipo publicamos toda la informaci\u00f3n de Sonora, M\u00e9xico y el Mundo de manera oportuna y busca que la libertad de expresi\u00f3n sea real. Visita nuestro medio informativo publicado desde Hermosillo, Sonora. %","breadcrumb":{"@id":"https:\/\/www.sonoraenequipo.com.mx\/elizabeth-araux-premio-nacional-de-educacion-en-ciencias-de-la-tierra\/#breadcrumb"},"inLanguage":"es","potentialAction":[{"@type":"ReadAction","target":["https:\/\/www.sonoraenequipo.com.mx\/elizabeth-araux-premio-nacional-de-educacion-en-ciencias-de-la-tierra\/"]}]},{"@type":"ImageObject","inLanguage":"es","@id":"https:\/\/www.sonoraenequipo.com.mx\/elizabeth-araux-premio-nacional-de-educacion-en-ciencias-de-la-tierra\/#primaryimage","url":"https:\/\/www.sonoraenequipo.com.mx\/storage\/2025\/11\/Elizabeth-Araux.jpg","contentUrl":"https:\/\/www.sonoraenequipo.com.mx\/storage\/2025\/11\/Elizabeth-Araux.jpg","width":600,"height":400},{"@type":"BreadcrumbList","@id":"https:\/\/www.sonoraenequipo.com.mx\/elizabeth-araux-premio-nacional-de-educacion-en-ciencias-de-la-tierra\/#breadcrumb","itemListElement":[{"@type":"ListItem","position":1,"name":"Portada","item":"https:\/\/www.sonoraenequipo.com.mx\/"},{"@type":"ListItem","position":2,"name":"Elizabeth Araux premio Nacional de Educaci\u00f3n en Ciencias de la Tierra"}]},{"@type":"WebSite","@id":"https:\/\/www.sonoraenequipo.com.mx\/#website","url":"https:\/\/www.sonoraenequipo.com.mx\/","name":"Sonora en Equipo.","description":"Diario en l\u00ednea con Noticias desde Hermosillo, Sonora","publisher":{"@id":"https:\/\/www.sonoraenequipo.com.mx\/#organization"},"potentialAction":[{"@type":"SearchAction","target":{"@type":"EntryPoint","urlTemplate":"https:\/\/www.sonoraenequipo.com.mx\/?s={search_term_string}"},"query-input":{"@type":"PropertyValueSpecification","valueRequired":true,"valueName":"search_term_string"}}],"inLanguage":"es"},{"@type":"Organization","@id":"https:\/\/www.sonoraenequipo.com.mx\/#organization","name":"Sonoraenequipo.com.mx","url":"https:\/\/www.sonoraenequipo.com.mx\/","logo":{"@type":"ImageObject","inLanguage":"es","@id":"https:\/\/www.sonoraenequipo.com.mx\/#\/schema\/logo\/image\/","url":"https:\/\/www.sonoraenequipo.com.mx\/storage\/2019\/01\/sonoraenequipo_opt.png","contentUrl":"https:\/\/www.sonoraenequipo.com.mx\/storage\/2019\/01\/sonoraenequipo_opt.png","width":375,"height":125,"caption":"Sonoraenequipo.com.mx"},"image":{"@id":"https:\/\/www.sonoraenequipo.com.mx\/#\/schema\/logo\/image\/"},"sameAs":["https:\/\/www.facebook.com\/SonoraEE\/","https:\/\/x.com\/sonoraenequipo","https:\/\/www.youtube.com\/channel\/UC338nW-lPEYmJQs4ZABQ1SQ"]},{"@type":"Person","@id":"https:\/\/www.sonoraenequipo.com.mx\/#\/schema\/person\/50102df0fb23a8fa9e8effad8fa81386","name":"enequipo","image":{"@type":"ImageObject","inLanguage":"es","@id":"https:\/\/www.sonoraenequipo.com.mx\/#\/schema\/person\/image\/","url":"https:\/\/secure.gravatar.com\/avatar\/049821681b589dabc0bc20695993ccebb09f5b5d4d790cd9251b97faac7c652b?s=96&d=blank&r=g","contentUrl":"https:\/\/secure.gravatar.com\/avatar\/049821681b589dabc0bc20695993ccebb09f5b5d4d790cd9251b97faac7c652b?s=96&d=blank&r=g","caption":"enequipo"},"sameAs":["https:\/\/www.facebook.com\/SonoraEE"]}]}},"jetpack_featured_media_url":"https:\/\/www.sonoraenequipo.com.mx\/storage\/2025\/11\/Elizabeth-Araux.jpg","_links":{"self":[{"href":"https:\/\/www.sonoraenequipo.com.mx\/api\/wp\/v2\/posts\/229348","targetHints":{"allow":["GET"]}}],"collection":[{"href":"https:\/\/www.sonoraenequipo.com.mx\/api\/wp\/v2\/posts"}],"about":[{"href":"https:\/\/www.sonoraenequipo.com.mx\/api\/wp\/v2\/types\/post"}],"author":[{"embeddable":true,"href":"https:\/\/www.sonoraenequipo.com.mx\/api\/wp\/v2\/users\/1"}],"replies":[{"embeddable":true,"href":"https:\/\/www.sonoraenequipo.com.mx\/api\/wp\/v2\/comments?post=229348"}],"version-history":[{"count":1,"href":"https:\/\/www.sonoraenequipo.com.mx\/api\/wp\/v2\/posts\/229348\/revisions"}],"predecessor-version":[{"id":229350,"href":"https:\/\/www.sonoraenequipo.com.mx\/api\/wp\/v2\/posts\/229348\/revisions\/229350"}],"wp:featuredmedia":[{"embeddable":true,"href":"https:\/\/www.sonoraenequipo.com.mx\/api\/wp\/v2\/media\/229349"}],"wp:attachment":[{"href":"https:\/\/www.sonoraenequipo.com.mx\/api\/wp\/v2\/media?parent=229348"}],"wp:term":[{"taxonomy":"category","embeddable":true,"href":"https:\/\/www.sonoraenequipo.com.mx\/api\/wp\/v2\/categories?post=229348"},{"taxonomy":"post_tag","embeddable":true,"href":"https:\/\/www.sonoraenequipo.com.mx\/api\/wp\/v2\/tags?post=229348"}],"curies":[{"name":"wp","href":"https:\/\/api.w.org\/{rel}","templated":true}]}}