{"id":229360,"date":"2025-11-24T15:56:05","date_gmt":"2025-11-24T22:56:05","guid":{"rendered":"https:\/\/www.sonoraenequipo.com.mx\/?p=229360"},"modified":"2025-11-24T15:56:05","modified_gmt":"2025-11-24T22:56:05","slug":"llevara-gobierno-de-hermosillo-jornada-de-descacharre-a-colonia-nueva-victoria-este-martes-25","status":"publish","type":"post","link":"https:\/\/www.sonoraenequipo.com.mx\/llevara-gobierno-de-hermosillo-jornada-de-descacharre-a-colonia-nueva-victoria-este-martes-25\/","title":{"rendered":"Llevar\u00e1 Gobierno de Hermosillo jornada de descacharre a colonia Nueva Victoria este martes 25"},"content":{"rendered":"<p><strong>HERMOSILLO, SONORA, MX.<\/strong> \u2014 Este martes 25 de noviembre, personal de Servicios P\u00fablicos Municipales y de la Direcci\u00f3n de Salud Municipal acercar\u00e1 a la colonia Nueva Victoria una jornada de descacharre intensiva.<\/p>\n<p>&nbsp;<\/p>\n<p>&nbsp;<\/p>\n<p>&nbsp;<\/p>\n<p>Las actividades se realizar\u00e1n a partir de las 8:00 horas en el pol\u00edgono previamente marcado en las calles Sierra Madre del Ajusco, Nueva Victoria Poniente, Nueva Victoria Sur y Sierra Madre de las Huertas, donde residentes recibieron aviso con anticipaci\u00f3n para sacar todos sus cacharros.<\/p>\n<p>&nbsp;<\/p>\n<p>&nbsp;<\/p>\n<p>&nbsp;<\/p>\n<p>El director de Salud Municipal, Luis Becerra Hurtado record\u00f3 que trabajan en la prevenci\u00f3n de enfermedades transmitidas por la picadura del mosquito Aedes Aegypti como dengue, zika y Chikungunya.<\/p>\n<p><strong>Fecha de publicaci\u00f3n\u00a0 lunes 24 de noviembre de 2025<\/strong><\/p>\n","protected":false},"excerpt":{"rendered":"<p>HERMOSILLO, SONORA, MX. \u2014 Este martes 25 de noviembre, personal de Servicios P\u00fablicos Municipales y&#8230;<\/p>\n","protected":false},"author":1,"featured_media":196524,"comment_status":"open","ping_status":"open","sticky":false,"template":"","format":"standard","meta":{"_monsterinsights_skip_tracking":false,"_monsterinsights_sitenote_active":false,"_monsterinsights_sitenote_note":"","_monsterinsights_sitenote_category":0,"footnotes":""},"categories":[4],"tags":[213,35],"class_list":["post"],"yoast_head":" \n<title>Sonora en Equipo. Llevar\u00e1 Gobierno de Hermosillo jornada de descacharre a colonia Nueva Victoria este martes 25 Municipios<\/title>\n<meta name=\"description\" content=\"HERMOSILLO, SONORA, MX. \u2014 Este martes 25 de noviembre, personal de Servicios P\u00fablicos Municipales y de la Direcci\u00f3n de Salud Municipal acercar\u00e1 a la En Sonora en Equipo publicamos toda la informaci\u00f3n de Sonora, M\u00e9xico y el Mundo de manera oportuna y busca que la libertad de expresi\u00f3n sea real. Visita nuestro medio informativo publicado desde Hermosillo, Sonora. %\" \/>\n<meta name=\"robots\" content=\"index, follow, max-snippet:-1, max-image-preview:large, max-video-preview:-1\" \/>\n<link rel=\"canonical\" href=\"https:\/\/www.sonoraenequipo.com.mx\/llevara-gobierno-de-hermosillo-jornada-de-descacharre-a-colonia-nueva-victoria-este-martes-25\/\" \/>\n<meta property=\"og:locale\" content=\"es_ES\" \/>\n<meta property=\"og:type\" content=\"article\" \/>\n<meta property=\"og:title\" content=\"Sonora en Equipo. Llevar\u00e1 Gobierno de Hermosillo jornada de descacharre a colonia Nueva Victoria este martes 25 Municipios\" \/>\n<meta property=\"og:description\" content=\"HERMOSILLO, SONORA, MX. \u2014 Este martes 25 de noviembre, personal de Servicios P\u00fablicos Municipales y de la Direcci\u00f3n de Salud Municipal acercar\u00e1 a la En Sonora en Equipo publicamos toda la informaci\u00f3n de Sonora, M\u00e9xico y el Mundo de manera oportuna y busca que la libertad de expresi\u00f3n sea real. Visita nuestro medio informativo publicado desde Hermosillo, Sonora. %\" \/>\n<meta property=\"og:url\" content=\"https:\/\/www.sonoraenequipo.com.mx\/llevara-gobierno-de-hermosillo-jornada-de-descacharre-a-colonia-nueva-victoria-este-martes-25\/\" \/>\n<meta property=\"og:site_name\" content=\"Sonora en Equipo.\" \/>\n<meta property=\"article:publisher\" content=\"https:\/\/www.facebook.com\/SonoraEE\/\" \/>\n<meta property=\"article:author\" content=\"https:\/\/www.facebook.com\/SonoraEE\" \/>\n<meta property=\"article:published_time\" content=\"2025-11-24T22:56:05+00:00\" \/>\n<meta property=\"og:image\" content=\"https:\/\/www.sonoraenequipo.com.mx\/storage\/2024\/08\/descacharre.jpg\" \/>\n\t<meta property=\"og:image:width\" content=\"600\" \/>\n\t<meta property=\"og:image:height\" content=\"414\" \/>\n\t<meta property=\"og:image:type\" content=\"image\/jpeg\" \/>\n<meta name=\"author\" content=\"enequipo\" \/>\n<meta name=\"twitter:card\" content=\"summary_large_image\" \/>\n<meta name=\"twitter:creator\" content=\"@sonoraenequipo\" \/>\n<meta name=\"twitter:site\" content=\"@sonoraenequipo\" \/>\n<meta name=\"twitter:label1\" content=\"Escrito por\" \/>\n\t<meta name=\"twitter:data1\" content=\"enequipo\" \/>\n\t<meta name=\"twitter:label2\" content=\"Tiempo de lectura\" \/>\n\t<meta name=\"twitter:data2\" content=\"1 minuto\" \/>\n<script type=\"application\/ld+json\" class=\"yoast-schema-graph\">{\"@context\":\"https:\/\/schema.org\",\"@graph\":[{\"@type\":\"Article\",\"@id\":\"https:\/\/www.sonoraenequipo.com.mx\/llevara-gobierno-de-hermosillo-jornada-de-descacharre-a-colonia-nueva-victoria-este-martes-25\/#article\",\"isPartOf\":{\"@id\":\"https:\/\/www.sonoraenequipo.com.mx\/llevara-gobierno-de-hermosillo-jornada-de-descacharre-a-colonia-nueva-victoria-este-martes-25\/\"},\"author\":{\"name\":\"enequipo\",\"@id\":\"https:\/\/www.sonoraenequipo.com.mx\/#\/schema\/person\/50102df0fb23a8fa9e8effad8fa81386\"},\"headline\":\"Llevar\u00e1 Gobierno de Hermosillo jornada de descacharre a colonia Nueva Victoria este martes 25\",\"datePublished\":\"2025-11-24T22:56:05+00:00\",\"mainEntityOfPage\":{\"@id\":\"https:\/\/www.sonoraenequipo.com.mx\/llevara-gobierno-de-hermosillo-jornada-de-descacharre-a-colonia-nueva-victoria-este-martes-25\/\"},\"wordCount\":136,\"commentCount\":0,\"publisher\":{\"@id\":\"https:\/\/www.sonoraenequipo.com.mx\/#organization\"},\"image\":{\"@id\":\"https:\/\/www.sonoraenequipo.com.mx\/llevara-gobierno-de-hermosillo-jornada-de-descacharre-a-colonia-nueva-victoria-este-martes-25\/#primaryimage\"},\"thumbnailUrl\":\"https:\/\/www.sonoraenequipo.com.mx\/storage\/2024\/08\/descacharre.jpg\",\"keywords\":[\"descacharre\",\"hermosillo\"],\"articleSection\":[\"Municipios\"],\"inLanguage\":\"es\",\"potentialAction\":[{\"@type\":\"CommentAction\",\"name\":\"Comment\",\"target\":[\"https:\/\/www.sonoraenequipo.com.mx\/llevara-gobierno-de-hermosillo-jornada-de-descacharre-a-colonia-nueva-victoria-este-martes-25\/#respond\"]}]},{\"@type\":\"WebPage\",\"@id\":\"https:\/\/www.sonoraenequipo.com.mx\/llevara-gobierno-de-hermosillo-jornada-de-descacharre-a-colonia-nueva-victoria-este-martes-25\/\",\"url\":\"https:\/\/www.sonoraenequipo.com.mx\/llevara-gobierno-de-hermosillo-jornada-de-descacharre-a-colonia-nueva-victoria-este-martes-25\/\",\"name\":\"Sonora en Equipo. Llevar\u00e1 Gobierno de Hermosillo jornada de descacharre a colonia Nueva Victoria este martes 25 Municipios\",\"isPartOf\":{\"@id\":\"https:\/\/www.sonoraenequipo.com.mx\/#website\"},\"primaryImageOfPage\":{\"@id\":\"https:\/\/www.sonoraenequipo.com.mx\/llevara-gobierno-de-hermosillo-jornada-de-descacharre-a-colonia-nueva-victoria-este-martes-25\/#primaryimage\"},\"image\":{\"@id\":\"https:\/\/www.sonoraenequipo.com.mx\/llevara-gobierno-de-hermosillo-jornada-de-descacharre-a-colonia-nueva-victoria-este-martes-25\/#primaryimage\"},\"thumbnailUrl\":\"https:\/\/www.sonoraenequipo.com.mx\/storage\/2024\/08\/descacharre.jpg\",\"datePublished\":\"2025-11-24T22:56:05+00:00\",\"description\":\"HERMOSILLO, SONORA, MX. \u2014 Este martes 25 de noviembre, personal de Servicios P\u00fablicos Municipales y de la Direcci\u00f3n de Salud Municipal acercar\u00e1 a la En Sonora en Equipo publicamos toda la informaci\u00f3n de Sonora, M\u00e9xico y el Mundo de manera oportuna y busca que la libertad de expresi\u00f3n sea real. Visita nuestro medio informativo publicado desde Hermosillo, Sonora. %\",\"breadcrumb\":{\"@id\":\"https:\/\/www.sonoraenequipo.com.mx\/llevara-gobierno-de-hermosillo-jornada-de-descacharre-a-colonia-nueva-victoria-este-martes-25\/#breadcrumb\"},\"inLanguage\":\"es\",\"potentialAction\":[{\"@type\":\"ReadAction\",\"target\":[\"https:\/\/www.sonoraenequipo.com.mx\/llevara-gobierno-de-hermosillo-jornada-de-descacharre-a-colonia-nueva-victoria-este-martes-25\/\"]}]},{\"@type\":\"ImageObject\",\"inLanguage\":\"es\",\"@id\":\"https:\/\/www.sonoraenequipo.com.mx\/llevara-gobierno-de-hermosillo-jornada-de-descacharre-a-colonia-nueva-victoria-este-martes-25\/#primaryimage\",\"url\":\"https:\/\/www.sonoraenequipo.com.mx\/storage\/2024\/08\/descacharre.jpg\",\"contentUrl\":\"https:\/\/www.sonoraenequipo.com.mx\/storage\/2024\/08\/descacharre.jpg\",\"width\":600,\"height\":414,\"caption\":\"magen de archivo\"},{\"@type\":\"BreadcrumbList\",\"@id\":\"https:\/\/www.sonoraenequipo.com.mx\/llevara-gobierno-de-hermosillo-jornada-de-descacharre-a-colonia-nueva-victoria-este-martes-25\/#breadcrumb\",\"itemListElement\":[{\"@type\":\"ListItem\",\"position\":1,\"name\":\"Portada\",\"item\":\"https:\/\/www.sonoraenequipo.com.mx\/\"},{\"@type\":\"ListItem\",\"position\":2,\"name\":\"Llevar\u00e1 Gobierno de Hermosillo jornada de descacharre a colonia Nueva Victoria este martes 25\"}]},{\"@type\":\"WebSite\",\"@id\":\"https:\/\/www.sonoraenequipo.com.mx\/#website\",\"url\":\"https:\/\/www.sonoraenequipo.com.mx\/\",\"name\":\"Sonora en Equipo.\",\"description\":\"Diario en l\u00ednea con Noticias desde Hermosillo, Sonora\",\"publisher\":{\"@id\":\"https:\/\/www.sonoraenequipo.com.mx\/#organization\"},\"potentialAction\":[{\"@type\":\"SearchAction\",\"target\":{\"@type\":\"EntryPoint\",\"urlTemplate\":\"https:\/\/www.sonoraenequipo.com.mx\/?s={search_term_string}\"},\"query-input\":{\"@type\":\"PropertyValueSpecification\",\"valueRequired\":true,\"valueName\":\"search_term_string\"}}],\"inLanguage\":\"es\"},{\"@type\":\"Organization\",\"@id\":\"https:\/\/www.sonoraenequipo.com.mx\/#organization\",\"name\":\"Sonoraenequipo.com.mx\",\"url\":\"https:\/\/www.sonoraenequipo.com.mx\/\",\"logo\":{\"@type\":\"ImageObject\",\"inLanguage\":\"es\",\"@id\":\"https:\/\/www.sonoraenequipo.com.mx\/#\/schema\/logo\/image\/\",\"url\":\"https:\/\/www.sonoraenequipo.com.mx\/storage\/2019\/01\/sonoraenequipo_opt.png\",\"contentUrl\":\"https:\/\/www.sonoraenequipo.com.mx\/storage\/2019\/01\/sonoraenequipo_opt.png\",\"width\":375,\"height\":125,\"caption\":\"Sonoraenequipo.com.mx\"},\"image\":{\"@id\":\"https:\/\/www.sonoraenequipo.com.mx\/#\/schema\/logo\/image\/\"},\"sameAs\":[\"https:\/\/www.facebook.com\/SonoraEE\/\",\"https:\/\/x.com\/sonoraenequipo\",\"https:\/\/www.youtube.com\/channel\/UC338nW-lPEYmJQs4ZABQ1SQ\"]},{\"@type\":\"Person\",\"@id\":\"https:\/\/www.sonoraenequipo.com.mx\/#\/schema\/person\/50102df0fb23a8fa9e8effad8fa81386\",\"name\":\"enequipo\",\"image\":{\"@type\":\"ImageObject\",\"inLanguage\":\"es\",\"@id\":\"https:\/\/www.sonoraenequipo.com.mx\/#\/schema\/person\/image\/\",\"url\":\"https:\/\/secure.gravatar.com\/avatar\/049821681b589dabc0bc20695993ccebb09f5b5d4d790cd9251b97faac7c652b?s=96&d=blank&r=g\",\"contentUrl\":\"https:\/\/secure.gravatar.com\/avatar\/049821681b589dabc0bc20695993ccebb09f5b5d4d790cd9251b97faac7c652b?s=96&d=blank&r=g\",\"caption\":\"enequipo\"},\"sameAs\":[\"https:\/\/www.facebook.com\/SonoraEE\"]}]}<\/script>\n ","yoast_head_json":{"title":"Sonora en Equipo. Llevar\u00e1 Gobierno de Hermosillo jornada de descacharre a colonia Nueva Victoria este martes 25 Municipios","description":"HERMOSILLO, SONORA, MX. \u2014 Este martes 25 de noviembre, personal de Servicios P\u00fablicos Municipales y de la Direcci\u00f3n de Salud Municipal acercar\u00e1 a la En Sonora en Equipo publicamos toda la informaci\u00f3n de Sonora, M\u00e9xico y el Mundo de manera oportuna y busca que la libertad de expresi\u00f3n sea real. Visita nuestro medio informativo publicado desde Hermosillo, Sonora. %","robots":{"index":"index","follow":"follow","max-snippet":"max-snippet:-1","max-image-preview":"max-image-preview:large","max-video-preview":"max-video-preview:-1"},"canonical":"https:\/\/www.sonoraenequipo.com.mx\/llevara-gobierno-de-hermosillo-jornada-de-descacharre-a-colonia-nueva-victoria-este-martes-25\/","og_locale":"es_ES","og_type":"article","og_title":"Sonora en Equipo. Llevar\u00e1 Gobierno de Hermosillo jornada de descacharre a colonia Nueva Victoria este martes 25 Municipios","og_description":"HERMOSILLO, SONORA, MX. \u2014 Este martes 25 de noviembre, personal de Servicios P\u00fablicos Municipales y de la Direcci\u00f3n de Salud Municipal acercar\u00e1 a la En Sonora en Equipo publicamos toda la informaci\u00f3n de Sonora, M\u00e9xico y el Mundo de manera oportuna y busca que la libertad de expresi\u00f3n sea real. Visita nuestro medio informativo publicado desde Hermosillo, Sonora. %","og_url":"https:\/\/www.sonoraenequipo.com.mx\/llevara-gobierno-de-hermosillo-jornada-de-descacharre-a-colonia-nueva-victoria-este-martes-25\/","og_site_name":"Sonora en Equipo.","article_publisher":"https:\/\/www.facebook.com\/SonoraEE\/","article_author":"https:\/\/www.facebook.com\/SonoraEE","article_published_time":"2025-11-24T22:56:05+00:00","og_image":[{"width":600,"height":414,"url":"https:\/\/www.sonoraenequipo.com.mx\/storage\/2024\/08\/descacharre.jpg","type":"image\/jpeg"}],"author":"enequipo","twitter_card":"summary_large_image","twitter_creator":"@sonoraenequipo","twitter_site":"@sonoraenequipo","twitter_misc":{"Escrito por":"enequipo","Tiempo de lectura":"1 minuto"},"schema":{"@context":"https:\/\/schema.org","@graph":[{"@type":"Article","@id":"https:\/\/www.sonoraenequipo.com.mx\/llevara-gobierno-de-hermosillo-jornada-de-descacharre-a-colonia-nueva-victoria-este-martes-25\/#article","isPartOf":{"@id":"https:\/\/www.sonoraenequipo.com.mx\/llevara-gobierno-de-hermosillo-jornada-de-descacharre-a-colonia-nueva-victoria-este-martes-25\/"},"author":{"name":"enequipo","@id":"https:\/\/www.sonoraenequipo.com.mx\/#\/schema\/person\/50102df0fb23a8fa9e8effad8fa81386"},"headline":"Llevar\u00e1 Gobierno de Hermosillo jornada de descacharre a colonia Nueva Victoria este martes 25","datePublished":"2025-11-24T22:56:05+00:00","mainEntityOfPage":{"@id":"https:\/\/www.sonoraenequipo.com.mx\/llevara-gobierno-de-hermosillo-jornada-de-descacharre-a-colonia-nueva-victoria-este-martes-25\/"},"wordCount":136,"commentCount":0,"publisher":{"@id":"https:\/\/www.sonoraenequipo.com.mx\/#organization"},"image":{"@id":"https:\/\/www.sonoraenequipo.com.mx\/llevara-gobierno-de-hermosillo-jornada-de-descacharre-a-colonia-nueva-victoria-este-martes-25\/#primaryimage"},"thumbnailUrl":"https:\/\/www.sonoraenequipo.com.mx\/storage\/2024\/08\/descacharre.jpg","keywords":["descacharre","hermosillo"],"articleSection":["Municipios"],"inLanguage":"es","potentialAction":[{"@type":"CommentAction","name":"Comment","target":["https:\/\/www.sonoraenequipo.com.mx\/llevara-gobierno-de-hermosillo-jornada-de-descacharre-a-colonia-nueva-victoria-este-martes-25\/#respond"]}]},{"@type":"WebPage","@id":"https:\/\/www.sonoraenequipo.com.mx\/llevara-gobierno-de-hermosillo-jornada-de-descacharre-a-colonia-nueva-victoria-este-martes-25\/","url":"https:\/\/www.sonoraenequipo.com.mx\/llevara-gobierno-de-hermosillo-jornada-de-descacharre-a-colonia-nueva-victoria-este-martes-25\/","name":"Sonora en Equipo. Llevar\u00e1 Gobierno de Hermosillo jornada de descacharre a colonia Nueva Victoria este martes 25 Municipios","isPartOf":{"@id":"https:\/\/www.sonoraenequipo.com.mx\/#website"},"primaryImageOfPage":{"@id":"https:\/\/www.sonoraenequipo.com.mx\/llevara-gobierno-de-hermosillo-jornada-de-descacharre-a-colonia-nueva-victoria-este-martes-25\/#primaryimage"},"image":{"@id":"https:\/\/www.sonoraenequipo.com.mx\/llevara-gobierno-de-hermosillo-jornada-de-descacharre-a-colonia-nueva-victoria-este-martes-25\/#primaryimage"},"thumbnailUrl":"https:\/\/www.sonoraenequipo.com.mx\/storage\/2024\/08\/descacharre.jpg","datePublished":"2025-11-24T22:56:05+00:00","description":"HERMOSILLO, SONORA, MX. \u2014 Este martes 25 de noviembre, personal de Servicios P\u00fablicos Municipales y de la Direcci\u00f3n de Salud Municipal acercar\u00e1 a la En Sonora en Equipo publicamos toda la informaci\u00f3n de Sonora, M\u00e9xico y el Mundo de manera oportuna y busca que la libertad de expresi\u00f3n sea real. Visita nuestro medio informativo publicado desde Hermosillo, Sonora. %","breadcrumb":{"@id":"https:\/\/www.sonoraenequipo.com.mx\/llevara-gobierno-de-hermosillo-jornada-de-descacharre-a-colonia-nueva-victoria-este-martes-25\/#breadcrumb"},"inLanguage":"es","potentialAction":[{"@type":"ReadAction","target":["https:\/\/www.sonoraenequipo.com.mx\/llevara-gobierno-de-hermosillo-jornada-de-descacharre-a-colonia-nueva-victoria-este-martes-25\/"]}]},{"@type":"ImageObject","inLanguage":"es","@id":"https:\/\/www.sonoraenequipo.com.mx\/llevara-gobierno-de-hermosillo-jornada-de-descacharre-a-colonia-nueva-victoria-este-martes-25\/#primaryimage","url":"https:\/\/www.sonoraenequipo.com.mx\/storage\/2024\/08\/descacharre.jpg","contentUrl":"https:\/\/www.sonoraenequipo.com.mx\/storage\/2024\/08\/descacharre.jpg","width":600,"height":414,"caption":"magen de archivo"},{"@type":"BreadcrumbList","@id":"https:\/\/www.sonoraenequipo.com.mx\/llevara-gobierno-de-hermosillo-jornada-de-descacharre-a-colonia-nueva-victoria-este-martes-25\/#breadcrumb","itemListElement":[{"@type":"ListItem","position":1,"name":"Portada","item":"https:\/\/www.sonoraenequipo.com.mx\/"},{"@type":"ListItem","position":2,"name":"Llevar\u00e1 Gobierno de Hermosillo jornada de descacharre a colonia Nueva Victoria este martes 25"}]},{"@type":"WebSite","@id":"https:\/\/www.sonoraenequipo.com.mx\/#website","url":"https:\/\/www.sonoraenequipo.com.mx\/","name":"Sonora en Equipo.","description":"Diario en l\u00ednea con Noticias desde Hermosillo, Sonora","publisher":{"@id":"https:\/\/www.sonoraenequipo.com.mx\/#organization"},"potentialAction":[{"@type":"SearchAction","target":{"@type":"EntryPoint","urlTemplate":"https:\/\/www.sonoraenequipo.com.mx\/?s={search_term_string}"},"query-input":{"@type":"PropertyValueSpecification","valueRequired":true,"valueName":"search_term_string"}}],"inLanguage":"es"},{"@type":"Organization","@id":"https:\/\/www.sonoraenequipo.com.mx\/#organization","name":"Sonoraenequipo.com.mx","url":"https:\/\/www.sonoraenequipo.com.mx\/","logo":{"@type":"ImageObject","inLanguage":"es","@id":"https:\/\/www.sonoraenequipo.com.mx\/#\/schema\/logo\/image\/","url":"https:\/\/www.sonoraenequipo.com.mx\/storage\/2019\/01\/sonoraenequipo_opt.png","contentUrl":"https:\/\/www.sonoraenequipo.com.mx\/storage\/2019\/01\/sonoraenequipo_opt.png","width":375,"height":125,"caption":"Sonoraenequipo.com.mx"},"image":{"@id":"https:\/\/www.sonoraenequipo.com.mx\/#\/schema\/logo\/image\/"},"sameAs":["https:\/\/www.facebook.com\/SonoraEE\/","https:\/\/x.com\/sonoraenequipo","https:\/\/www.youtube.com\/channel\/UC338nW-lPEYmJQs4ZABQ1SQ"]},{"@type":"Person","@id":"https:\/\/www.sonoraenequipo.com.mx\/#\/schema\/person\/50102df0fb23a8fa9e8effad8fa81386","name":"enequipo","image":{"@type":"ImageObject","inLanguage":"es","@id":"https:\/\/www.sonoraenequipo.com.mx\/#\/schema\/person\/image\/","url":"https:\/\/secure.gravatar.com\/avatar\/049821681b589dabc0bc20695993ccebb09f5b5d4d790cd9251b97faac7c652b?s=96&d=blank&r=g","contentUrl":"https:\/\/secure.gravatar.com\/avatar\/049821681b589dabc0bc20695993ccebb09f5b5d4d790cd9251b97faac7c652b?s=96&d=blank&r=g","caption":"enequipo"},"sameAs":["https:\/\/www.facebook.com\/SonoraEE"]}]}},"jetpack_featured_media_url":"https:\/\/www.sonoraenequipo.com.mx\/storage\/2024\/08\/descacharre.jpg","_links":{"self":[{"href":"https:\/\/www.sonoraenequipo.com.mx\/api\/wp\/v2\/posts\/229360","targetHints":{"allow":["GET"]}}],"collection":[{"href":"https:\/\/www.sonoraenequipo.com.mx\/api\/wp\/v2\/posts"}],"about":[{"href":"https:\/\/www.sonoraenequipo.com.mx\/api\/wp\/v2\/types\/post"}],"author":[{"embeddable":true,"href":"https:\/\/www.sonoraenequipo.com.mx\/api\/wp\/v2\/users\/1"}],"replies":[{"embeddable":true,"href":"https:\/\/www.sonoraenequipo.com.mx\/api\/wp\/v2\/comments?post=229360"}],"version-history":[{"count":1,"href":"https:\/\/www.sonoraenequipo.com.mx\/api\/wp\/v2\/posts\/229360\/revisions"}],"predecessor-version":[{"id":229366,"href":"https:\/\/www.sonoraenequipo.com.mx\/api\/wp\/v2\/posts\/229360\/revisions\/229366"}],"wp:featuredmedia":[{"embeddable":true,"href":"https:\/\/www.sonoraenequipo.com.mx\/api\/wp\/v2\/media\/196524"}],"wp:attachment":[{"href":"https:\/\/www.sonoraenequipo.com.mx\/api\/wp\/v2\/media?parent=229360"}],"wp:term":[{"taxonomy":"category","embeddable":true,"href":"https:\/\/www.sonoraenequipo.com.mx\/api\/wp\/v2\/categories?post=229360"},{"taxonomy":"post_tag","embeddable":true,"href":"https:\/\/www.sonoraenequipo.com.mx\/api\/wp\/v2\/tags?post=229360"}],"curies":[{"name":"wp","href":"https:\/\/api.w.org\/{rel}","templated":true}]}}