{"id":229404,"date":"2025-11-24T20:16:31","date_gmt":"2025-11-25T03:16:31","guid":{"rendered":"https:\/\/www.sonoraenequipo.com.mx\/?p=229404"},"modified":"2025-11-25T09:24:23","modified_gmt":"2025-11-25T16:24:23","slug":"mas-de-25-mil-mexicanos-participan-en-el-programa-de-trabajadores-agricolas-con-canada","status":"publish","type":"post","link":"https:\/\/www.sonoraenequipo.com.mx\/mas-de-25-mil-mexicanos-participan-en-el-programa-de-trabajadores-agricolas-con-canada\/","title":{"rendered":"M\u00e1s de 25 mil mexicanos participan en el Programa de Trabajadores Agr\u00edcolas con Canad\u00e1"},"content":{"rendered":"<p><strong>CIUDAD DE M\u00c9XICO. MX. \u2014 E<\/strong>n lo que va de 2025, m\u00e1s de 25 mil personas se han colocado en un puesto de trabajo a trav\u00e9s del Programa de Trabajadores Agr\u00edcolas Temporales M\u00e9xico-Canad\u00e1 (PTAT), ha sido un modelo de movilidad laboral ordenado, seguro, regular y circular. De ellas, aproximadamente 2.5 por son mujeres y 97.5 por ciento hombres.<\/p>\n<p>&nbsp;<\/p>\n<p>&nbsp;<\/p>\n<p>&nbsp;<\/p>\n<p> <\/p>\n<p>Actualmente, el PTAT mantiene presencia en las provincias de Ontario, Quebec, Columbia Brit\u00e1nica, Alberta, Nueva Escocia, Manitoba, Islas Pr\u00edncipe Eduardo, Saskatchewan, New Brunswick y Newfoundland.<\/p>\n<p>&nbsp;<\/p>\n<p>&nbsp;<\/p>\n<p>Los estados de la Rep\u00fablica que mayor n\u00famero de personas enviaron en 2025 son estado de M\u00e9xico, Michoac\u00e1n, Veracruz y Puebla; mientras que las provincias canadienses que reciben al mayor n\u00famero de personas trabajadoras son: Ontario, Quebec y la Columbia Brit\u00e1nica.<\/p>\n<p>&nbsp;<\/p>\n<p>&nbsp;<\/p>\n<p>&nbsp;<\/p>\n<p>La Secretar\u00eda del Trabajo y Previsi\u00f3n Social (STPS), se\u00f1al\u00f3 que el Gobierno de M\u00e9xico, a trav\u00e9s del Servicio Nacional de Empleo (SNE), promueve la migraci\u00f3n laboral a trav\u00e9s del PTAT.<\/p>\n<p>&nbsp;<\/p>\n<p>&nbsp;<\/p>\n<p>Dijo que se lleva a cabo en coordinaci\u00f3n con la Secretar\u00eda de Relaciones Exteriores, y se ha posicionado como un modelo binacional ejemplar de movilidad laboral, al impulsar la contrataci\u00f3n con total respeto a los derechos humanos.<\/p>\n<p>&nbsp;<\/p>\n<p>&nbsp;<\/p>\n<p>Record\u00f3 que dicho mecanismo dio inicio en 1974 con la firma del Memorando de Entendimiento entre los Gobiernos de M\u00e9xico y Canad\u00e1.<\/p>\n<p>&nbsp;<\/p>\n<p>&nbsp;<\/p>\n<p>Detall\u00f3 que el PTAT representa un modelo de cooperaci\u00f3n interinstitucional en el \u00e1mbito internacional al existir participaci\u00f3n y un alto grado de compromiso por parte de las autoridades de ambos pa\u00edses ya que cuenta con un contrato est\u00e1ndar y tiene como objetivo definir los derechos y obligaciones tanto de la instancia empleadora en Canad\u00e1, como de los trabajadores mexicanis; asimismo, permite garantizar el respeto de los derechos laborales y humanos.<\/p>\n<p>&nbsp;<\/p>\n<p>&nbsp;<\/p>\n<p>Indic\u00f3 que el periodo laboral en el PTAT puede variar desde un mes y medio y hasta ocho meses; con un salario que depende de las labores agr\u00edcolas a realizar, as\u00ed como de la provincia donde se desempe\u00f1an las actividades.<\/p>\n<p>&nbsp;<\/p>\n<p>&nbsp;<\/p>\n<p>Pero adem\u00e1s, las instancias empleadoras organizan el transporte de ida y vuelta en avi\u00f3n desde la Ciudad de M\u00e9xico a su lugar de destino de trabajo, cubriendo el 50 por ciento del costo total o bien el 100 por ciento para el caso de la provincia Columbia Brit\u00e1nica. Asimismo, las instancias empleadoras garantizan el alojamiento.<\/p>\n<p>&nbsp;<\/p>\n<p>&nbsp;<\/p>\n<p>&nbsp;<\/p>\n<p>PUBLICADO EL 24 DE NOVIEMBRE DE 2025 Con informaci\u00f3n de C\u00e9sar Arellano Garc\u00eda)<\/p>\n","protected":false},"excerpt":{"rendered":"<p>CIUDAD DE M\u00c9XICO. MX. \u2014 En lo que va de 2025, m\u00e1s de 25 mil&#8230;<\/p>\n","protected":false},"author":1,"featured_media":229408,"comment_status":"open","ping_status":"open","sticky":false,"template":"","format":"standard","meta":{"_monsterinsights_skip_tracking":false,"_monsterinsights_sitenote_active":false,"_monsterinsights_sitenote_note":"","_monsterinsights_sitenote_category":0,"footnotes":""},"categories":[5],"tags":[],"class_list":["post"],"yoast_head":" \n<title>Sonora en Equipo. M\u00e1s de 25 mil mexicanos participan en el Programa de Trabajadores Agr\u00edcolas con Canad\u00e1 Rep\u00fablica<\/title>\n<meta name=\"description\" content=\"CIUDAD DE M\u00c9XICO. MX. \u2014 En lo que va de 2025, m\u00e1s de 25 mil personas se han colocado en un puesto de trabajo a trav\u00e9s del Programa de Trabajadores En Sonora en Equipo publicamos toda la informaci\u00f3n de Sonora, M\u00e9xico y el Mundo de manera oportuna y busca que la libertad de expresi\u00f3n sea real. Visita nuestro medio informativo publicado desde Hermosillo, Sonora. %\" \/>\n<meta name=\"robots\" content=\"index, follow, max-snippet:-1, max-image-preview:large, max-video-preview:-1\" \/>\n<link rel=\"canonical\" href=\"https:\/\/www.sonoraenequipo.com.mx\/mas-de-25-mil-mexicanos-participan-en-el-programa-de-trabajadores-agricolas-con-canada\/\" \/>\n<meta property=\"og:locale\" content=\"es_ES\" \/>\n<meta property=\"og:type\" content=\"article\" \/>\n<meta property=\"og:title\" content=\"Sonora en Equipo. M\u00e1s de 25 mil mexicanos participan en el Programa de Trabajadores Agr\u00edcolas con Canad\u00e1 Rep\u00fablica\" \/>\n<meta property=\"og:description\" content=\"CIUDAD DE M\u00c9XICO. MX. \u2014 En lo que va de 2025, m\u00e1s de 25 mil personas se han colocado en un puesto de trabajo a trav\u00e9s del Programa de Trabajadores En Sonora en Equipo publicamos toda la informaci\u00f3n de Sonora, M\u00e9xico y el Mundo de manera oportuna y busca que la libertad de expresi\u00f3n sea real. Visita nuestro medio informativo publicado desde Hermosillo, Sonora. %\" \/>\n<meta property=\"og:url\" content=\"https:\/\/www.sonoraenequipo.com.mx\/mas-de-25-mil-mexicanos-participan-en-el-programa-de-trabajadores-agricolas-con-canada\/\" \/>\n<meta property=\"og:site_name\" content=\"Sonora en Equipo.\" \/>\n<meta property=\"article:publisher\" content=\"https:\/\/www.facebook.com\/SonoraEE\/\" \/>\n<meta property=\"article:author\" content=\"https:\/\/www.facebook.com\/SonoraEE\" \/>\n<meta property=\"article:published_time\" content=\"2025-11-25T03:16:31+00:00\" \/>\n<meta property=\"article:modified_time\" content=\"2025-11-25T16:24:23+00:00\" \/>\n<meta property=\"og:image\" content=\"https:\/\/www.sonoraenequipo.com.mx\/storage\/2025\/11\/jornaleros-mexicanos-en-canad-esperan-apoyo-min.jpg\" \/>\n\t<meta property=\"og:image:width\" content=\"1200\" \/>\n\t<meta property=\"og:image:height\" content=\"630\" \/>\n\t<meta property=\"og:image:type\" content=\"image\/jpeg\" \/>\n<meta name=\"author\" content=\"enequipo\" \/>\n<meta name=\"twitter:card\" content=\"summary_large_image\" \/>\n<meta name=\"twitter:creator\" content=\"@sonoraenequipo\" \/>\n<meta name=\"twitter:site\" content=\"@sonoraenequipo\" \/>\n<meta name=\"twitter:label1\" content=\"Escrito por\" \/>\n\t<meta name=\"twitter:data1\" content=\"enequipo\" \/>\n\t<meta name=\"twitter:label2\" content=\"Tiempo de lectura\" \/>\n\t<meta name=\"twitter:data2\" content=\"2 minutos\" \/>\n<script type=\"application\/ld+json\" class=\"yoast-schema-graph\">{\"@context\":\"https:\/\/schema.org\",\"@graph\":[{\"@type\":\"Article\",\"@id\":\"https:\/\/www.sonoraenequipo.com.mx\/mas-de-25-mil-mexicanos-participan-en-el-programa-de-trabajadores-agricolas-con-canada\/#article\",\"isPartOf\":{\"@id\":\"https:\/\/www.sonoraenequipo.com.mx\/mas-de-25-mil-mexicanos-participan-en-el-programa-de-trabajadores-agricolas-con-canada\/\"},\"author\":{\"name\":\"enequipo\",\"@id\":\"https:\/\/www.sonoraenequipo.com.mx\/#\/schema\/person\/50102df0fb23a8fa9e8effad8fa81386\"},\"headline\":\"M\u00e1s de 25 mil mexicanos participan en el Programa de Trabajadores Agr\u00edcolas con Canad\u00e1\",\"datePublished\":\"2025-11-25T03:16:31+00:00\",\"dateModified\":\"2025-11-25T16:24:23+00:00\",\"mainEntityOfPage\":{\"@id\":\"https:\/\/www.sonoraenequipo.com.mx\/mas-de-25-mil-mexicanos-participan-en-el-programa-de-trabajadores-agricolas-con-canada\/\"},\"wordCount\":453,\"commentCount\":0,\"publisher\":{\"@id\":\"https:\/\/www.sonoraenequipo.com.mx\/#organization\"},\"image\":{\"@id\":\"https:\/\/www.sonoraenequipo.com.mx\/mas-de-25-mil-mexicanos-participan-en-el-programa-de-trabajadores-agricolas-con-canada\/#primaryimage\"},\"thumbnailUrl\":\"https:\/\/www.sonoraenequipo.com.mx\/storage\/2025\/11\/jornaleros-mexicanos-en-canad-esperan-apoyo-min.jpg\",\"articleSection\":[\"Rep\u00fablica\"],\"inLanguage\":\"es\",\"potentialAction\":[{\"@type\":\"CommentAction\",\"name\":\"Comment\",\"target\":[\"https:\/\/www.sonoraenequipo.com.mx\/mas-de-25-mil-mexicanos-participan-en-el-programa-de-trabajadores-agricolas-con-canada\/#respond\"]}]},{\"@type\":\"WebPage\",\"@id\":\"https:\/\/www.sonoraenequipo.com.mx\/mas-de-25-mil-mexicanos-participan-en-el-programa-de-trabajadores-agricolas-con-canada\/\",\"url\":\"https:\/\/www.sonoraenequipo.com.mx\/mas-de-25-mil-mexicanos-participan-en-el-programa-de-trabajadores-agricolas-con-canada\/\",\"name\":\"Sonora en Equipo. M\u00e1s de 25 mil mexicanos participan en el Programa de Trabajadores Agr\u00edcolas con Canad\u00e1 Rep\u00fablica\",\"isPartOf\":{\"@id\":\"https:\/\/www.sonoraenequipo.com.mx\/#website\"},\"primaryImageOfPage\":{\"@id\":\"https:\/\/www.sonoraenequipo.com.mx\/mas-de-25-mil-mexicanos-participan-en-el-programa-de-trabajadores-agricolas-con-canada\/#primaryimage\"},\"image\":{\"@id\":\"https:\/\/www.sonoraenequipo.com.mx\/mas-de-25-mil-mexicanos-participan-en-el-programa-de-trabajadores-agricolas-con-canada\/#primaryimage\"},\"thumbnailUrl\":\"https:\/\/www.sonoraenequipo.com.mx\/storage\/2025\/11\/jornaleros-mexicanos-en-canad-esperan-apoyo-min.jpg\",\"datePublished\":\"2025-11-25T03:16:31+00:00\",\"dateModified\":\"2025-11-25T16:24:23+00:00\",\"description\":\"CIUDAD DE M\u00c9XICO. MX. \u2014 En lo que va de 2025, m\u00e1s de 25 mil personas se han colocado en un puesto de trabajo a trav\u00e9s del Programa de Trabajadores En Sonora en Equipo publicamos toda la informaci\u00f3n de Sonora, M\u00e9xico y el Mundo de manera oportuna y busca que la libertad de expresi\u00f3n sea real. Visita nuestro medio informativo publicado desde Hermosillo, Sonora. %\",\"breadcrumb\":{\"@id\":\"https:\/\/www.sonoraenequipo.com.mx\/mas-de-25-mil-mexicanos-participan-en-el-programa-de-trabajadores-agricolas-con-canada\/#breadcrumb\"},\"inLanguage\":\"es\",\"potentialAction\":[{\"@type\":\"ReadAction\",\"target\":[\"https:\/\/www.sonoraenequipo.com.mx\/mas-de-25-mil-mexicanos-participan-en-el-programa-de-trabajadores-agricolas-con-canada\/\"]}]},{\"@type\":\"ImageObject\",\"inLanguage\":\"es\",\"@id\":\"https:\/\/www.sonoraenequipo.com.mx\/mas-de-25-mil-mexicanos-participan-en-el-programa-de-trabajadores-agricolas-con-canada\/#primaryimage\",\"url\":\"https:\/\/www.sonoraenequipo.com.mx\/storage\/2025\/11\/jornaleros-mexicanos-en-canad-esperan-apoyo-min.jpg\",\"contentUrl\":\"https:\/\/www.sonoraenequipo.com.mx\/storage\/2025\/11\/jornaleros-mexicanos-en-canad-esperan-apoyo-min.jpg\",\"width\":1200,\"height\":630},{\"@type\":\"BreadcrumbList\",\"@id\":\"https:\/\/www.sonoraenequipo.com.mx\/mas-de-25-mil-mexicanos-participan-en-el-programa-de-trabajadores-agricolas-con-canada\/#breadcrumb\",\"itemListElement\":[{\"@type\":\"ListItem\",\"position\":1,\"name\":\"Portada\",\"item\":\"https:\/\/www.sonoraenequipo.com.mx\/\"},{\"@type\":\"ListItem\",\"position\":2,\"name\":\"M\u00e1s de 25 mil mexicanos participan en el Programa de Trabajadores Agr\u00edcolas con Canad\u00e1\"}]},{\"@type\":\"WebSite\",\"@id\":\"https:\/\/www.sonoraenequipo.com.mx\/#website\",\"url\":\"https:\/\/www.sonoraenequipo.com.mx\/\",\"name\":\"Sonora en Equipo.\",\"description\":\"Diario en l\u00ednea con Noticias desde Hermosillo, Sonora\",\"publisher\":{\"@id\":\"https:\/\/www.sonoraenequipo.com.mx\/#organization\"},\"potentialAction\":[{\"@type\":\"SearchAction\",\"target\":{\"@type\":\"EntryPoint\",\"urlTemplate\":\"https:\/\/www.sonoraenequipo.com.mx\/?s={search_term_string}\"},\"query-input\":{\"@type\":\"PropertyValueSpecification\",\"valueRequired\":true,\"valueName\":\"search_term_string\"}}],\"inLanguage\":\"es\"},{\"@type\":\"Organization\",\"@id\":\"https:\/\/www.sonoraenequipo.com.mx\/#organization\",\"name\":\"Sonoraenequipo.com.mx\",\"url\":\"https:\/\/www.sonoraenequipo.com.mx\/\",\"logo\":{\"@type\":\"ImageObject\",\"inLanguage\":\"es\",\"@id\":\"https:\/\/www.sonoraenequipo.com.mx\/#\/schema\/logo\/image\/\",\"url\":\"https:\/\/www.sonoraenequipo.com.mx\/storage\/2019\/01\/sonoraenequipo_opt.png\",\"contentUrl\":\"https:\/\/www.sonoraenequipo.com.mx\/storage\/2019\/01\/sonoraenequipo_opt.png\",\"width\":375,\"height\":125,\"caption\":\"Sonoraenequipo.com.mx\"},\"image\":{\"@id\":\"https:\/\/www.sonoraenequipo.com.mx\/#\/schema\/logo\/image\/\"},\"sameAs\":[\"https:\/\/www.facebook.com\/SonoraEE\/\",\"https:\/\/x.com\/sonoraenequipo\",\"https:\/\/www.youtube.com\/channel\/UC338nW-lPEYmJQs4ZABQ1SQ\"]},{\"@type\":\"Person\",\"@id\":\"https:\/\/www.sonoraenequipo.com.mx\/#\/schema\/person\/50102df0fb23a8fa9e8effad8fa81386\",\"name\":\"enequipo\",\"image\":{\"@type\":\"ImageObject\",\"inLanguage\":\"es\",\"@id\":\"https:\/\/www.sonoraenequipo.com.mx\/#\/schema\/person\/image\/\",\"url\":\"https:\/\/secure.gravatar.com\/avatar\/049821681b589dabc0bc20695993ccebb09f5b5d4d790cd9251b97faac7c652b?s=96&d=blank&r=g\",\"contentUrl\":\"https:\/\/secure.gravatar.com\/avatar\/049821681b589dabc0bc20695993ccebb09f5b5d4d790cd9251b97faac7c652b?s=96&d=blank&r=g\",\"caption\":\"enequipo\"},\"sameAs\":[\"https:\/\/www.facebook.com\/SonoraEE\"]}]}<\/script>\n ","yoast_head_json":{"title":"Sonora en Equipo. M\u00e1s de 25 mil mexicanos participan en el Programa de Trabajadores Agr\u00edcolas con Canad\u00e1 Rep\u00fablica","description":"CIUDAD DE M\u00c9XICO. MX. \u2014 En lo que va de 2025, m\u00e1s de 25 mil personas se han colocado en un puesto de trabajo a trav\u00e9s del Programa de Trabajadores En Sonora en Equipo publicamos toda la informaci\u00f3n de Sonora, M\u00e9xico y el Mundo de manera oportuna y busca que la libertad de expresi\u00f3n sea real. Visita nuestro medio informativo publicado desde Hermosillo, Sonora. %","robots":{"index":"index","follow":"follow","max-snippet":"max-snippet:-1","max-image-preview":"max-image-preview:large","max-video-preview":"max-video-preview:-1"},"canonical":"https:\/\/www.sonoraenequipo.com.mx\/mas-de-25-mil-mexicanos-participan-en-el-programa-de-trabajadores-agricolas-con-canada\/","og_locale":"es_ES","og_type":"article","og_title":"Sonora en Equipo. M\u00e1s de 25 mil mexicanos participan en el Programa de Trabajadores Agr\u00edcolas con Canad\u00e1 Rep\u00fablica","og_description":"CIUDAD DE M\u00c9XICO. MX. \u2014 En lo que va de 2025, m\u00e1s de 25 mil personas se han colocado en un puesto de trabajo a trav\u00e9s del Programa de Trabajadores En Sonora en Equipo publicamos toda la informaci\u00f3n de Sonora, M\u00e9xico y el Mundo de manera oportuna y busca que la libertad de expresi\u00f3n sea real. Visita nuestro medio informativo publicado desde Hermosillo, Sonora. %","og_url":"https:\/\/www.sonoraenequipo.com.mx\/mas-de-25-mil-mexicanos-participan-en-el-programa-de-trabajadores-agricolas-con-canada\/","og_site_name":"Sonora en Equipo.","article_publisher":"https:\/\/www.facebook.com\/SonoraEE\/","article_author":"https:\/\/www.facebook.com\/SonoraEE","article_published_time":"2025-11-25T03:16:31+00:00","article_modified_time":"2025-11-25T16:24:23+00:00","og_image":[{"width":1200,"height":630,"url":"https:\/\/www.sonoraenequipo.com.mx\/storage\/2025\/11\/jornaleros-mexicanos-en-canad-esperan-apoyo-min.jpg","type":"image\/jpeg"}],"author":"enequipo","twitter_card":"summary_large_image","twitter_creator":"@sonoraenequipo","twitter_site":"@sonoraenequipo","twitter_misc":{"Escrito por":"enequipo","Tiempo de lectura":"2 minutos"},"schema":{"@context":"https:\/\/schema.org","@graph":[{"@type":"Article","@id":"https:\/\/www.sonoraenequipo.com.mx\/mas-de-25-mil-mexicanos-participan-en-el-programa-de-trabajadores-agricolas-con-canada\/#article","isPartOf":{"@id":"https:\/\/www.sonoraenequipo.com.mx\/mas-de-25-mil-mexicanos-participan-en-el-programa-de-trabajadores-agricolas-con-canada\/"},"author":{"name":"enequipo","@id":"https:\/\/www.sonoraenequipo.com.mx\/#\/schema\/person\/50102df0fb23a8fa9e8effad8fa81386"},"headline":"M\u00e1s de 25 mil mexicanos participan en el Programa de Trabajadores Agr\u00edcolas con Canad\u00e1","datePublished":"2025-11-25T03:16:31+00:00","dateModified":"2025-11-25T16:24:23+00:00","mainEntityOfPage":{"@id":"https:\/\/www.sonoraenequipo.com.mx\/mas-de-25-mil-mexicanos-participan-en-el-programa-de-trabajadores-agricolas-con-canada\/"},"wordCount":453,"commentCount":0,"publisher":{"@id":"https:\/\/www.sonoraenequipo.com.mx\/#organization"},"image":{"@id":"https:\/\/www.sonoraenequipo.com.mx\/mas-de-25-mil-mexicanos-participan-en-el-programa-de-trabajadores-agricolas-con-canada\/#primaryimage"},"thumbnailUrl":"https:\/\/www.sonoraenequipo.com.mx\/storage\/2025\/11\/jornaleros-mexicanos-en-canad-esperan-apoyo-min.jpg","articleSection":["Rep\u00fablica"],"inLanguage":"es","potentialAction":[{"@type":"CommentAction","name":"Comment","target":["https:\/\/www.sonoraenequipo.com.mx\/mas-de-25-mil-mexicanos-participan-en-el-programa-de-trabajadores-agricolas-con-canada\/#respond"]}]},{"@type":"WebPage","@id":"https:\/\/www.sonoraenequipo.com.mx\/mas-de-25-mil-mexicanos-participan-en-el-programa-de-trabajadores-agricolas-con-canada\/","url":"https:\/\/www.sonoraenequipo.com.mx\/mas-de-25-mil-mexicanos-participan-en-el-programa-de-trabajadores-agricolas-con-canada\/","name":"Sonora en Equipo. M\u00e1s de 25 mil mexicanos participan en el Programa de Trabajadores Agr\u00edcolas con Canad\u00e1 Rep\u00fablica","isPartOf":{"@id":"https:\/\/www.sonoraenequipo.com.mx\/#website"},"primaryImageOfPage":{"@id":"https:\/\/www.sonoraenequipo.com.mx\/mas-de-25-mil-mexicanos-participan-en-el-programa-de-trabajadores-agricolas-con-canada\/#primaryimage"},"image":{"@id":"https:\/\/www.sonoraenequipo.com.mx\/mas-de-25-mil-mexicanos-participan-en-el-programa-de-trabajadores-agricolas-con-canada\/#primaryimage"},"thumbnailUrl":"https:\/\/www.sonoraenequipo.com.mx\/storage\/2025\/11\/jornaleros-mexicanos-en-canad-esperan-apoyo-min.jpg","datePublished":"2025-11-25T03:16:31+00:00","dateModified":"2025-11-25T16:24:23+00:00","description":"CIUDAD DE M\u00c9XICO. MX. \u2014 En lo que va de 2025, m\u00e1s de 25 mil personas se han colocado en un puesto de trabajo a trav\u00e9s del Programa de Trabajadores En Sonora en Equipo publicamos toda la informaci\u00f3n de Sonora, M\u00e9xico y el Mundo de manera oportuna y busca que la libertad de expresi\u00f3n sea real. Visita nuestro medio informativo publicado desde Hermosillo, Sonora. %","breadcrumb":{"@id":"https:\/\/www.sonoraenequipo.com.mx\/mas-de-25-mil-mexicanos-participan-en-el-programa-de-trabajadores-agricolas-con-canada\/#breadcrumb"},"inLanguage":"es","potentialAction":[{"@type":"ReadAction","target":["https:\/\/www.sonoraenequipo.com.mx\/mas-de-25-mil-mexicanos-participan-en-el-programa-de-trabajadores-agricolas-con-canada\/"]}]},{"@type":"ImageObject","inLanguage":"es","@id":"https:\/\/www.sonoraenequipo.com.mx\/mas-de-25-mil-mexicanos-participan-en-el-programa-de-trabajadores-agricolas-con-canada\/#primaryimage","url":"https:\/\/www.sonoraenequipo.com.mx\/storage\/2025\/11\/jornaleros-mexicanos-en-canad-esperan-apoyo-min.jpg","contentUrl":"https:\/\/www.sonoraenequipo.com.mx\/storage\/2025\/11\/jornaleros-mexicanos-en-canad-esperan-apoyo-min.jpg","width":1200,"height":630},{"@type":"BreadcrumbList","@id":"https:\/\/www.sonoraenequipo.com.mx\/mas-de-25-mil-mexicanos-participan-en-el-programa-de-trabajadores-agricolas-con-canada\/#breadcrumb","itemListElement":[{"@type":"ListItem","position":1,"name":"Portada","item":"https:\/\/www.sonoraenequipo.com.mx\/"},{"@type":"ListItem","position":2,"name":"M\u00e1s de 25 mil mexicanos participan en el Programa de Trabajadores Agr\u00edcolas con Canad\u00e1"}]},{"@type":"WebSite","@id":"https:\/\/www.sonoraenequipo.com.mx\/#website","url":"https:\/\/www.sonoraenequipo.com.mx\/","name":"Sonora en Equipo.","description":"Diario en l\u00ednea con Noticias desde Hermosillo, Sonora","publisher":{"@id":"https:\/\/www.sonoraenequipo.com.mx\/#organization"},"potentialAction":[{"@type":"SearchAction","target":{"@type":"EntryPoint","urlTemplate":"https:\/\/www.sonoraenequipo.com.mx\/?s={search_term_string}"},"query-input":{"@type":"PropertyValueSpecification","valueRequired":true,"valueName":"search_term_string"}}],"inLanguage":"es"},{"@type":"Organization","@id":"https:\/\/www.sonoraenequipo.com.mx\/#organization","name":"Sonoraenequipo.com.mx","url":"https:\/\/www.sonoraenequipo.com.mx\/","logo":{"@type":"ImageObject","inLanguage":"es","@id":"https:\/\/www.sonoraenequipo.com.mx\/#\/schema\/logo\/image\/","url":"https:\/\/www.sonoraenequipo.com.mx\/storage\/2019\/01\/sonoraenequipo_opt.png","contentUrl":"https:\/\/www.sonoraenequipo.com.mx\/storage\/2019\/01\/sonoraenequipo_opt.png","width":375,"height":125,"caption":"Sonoraenequipo.com.mx"},"image":{"@id":"https:\/\/www.sonoraenequipo.com.mx\/#\/schema\/logo\/image\/"},"sameAs":["https:\/\/www.facebook.com\/SonoraEE\/","https:\/\/x.com\/sonoraenequipo","https:\/\/www.youtube.com\/channel\/UC338nW-lPEYmJQs4ZABQ1SQ"]},{"@type":"Person","@id":"https:\/\/www.sonoraenequipo.com.mx\/#\/schema\/person\/50102df0fb23a8fa9e8effad8fa81386","name":"enequipo","image":{"@type":"ImageObject","inLanguage":"es","@id":"https:\/\/www.sonoraenequipo.com.mx\/#\/schema\/person\/image\/","url":"https:\/\/secure.gravatar.com\/avatar\/049821681b589dabc0bc20695993ccebb09f5b5d4d790cd9251b97faac7c652b?s=96&d=blank&r=g","contentUrl":"https:\/\/secure.gravatar.com\/avatar\/049821681b589dabc0bc20695993ccebb09f5b5d4d790cd9251b97faac7c652b?s=96&d=blank&r=g","caption":"enequipo"},"sameAs":["https:\/\/www.facebook.com\/SonoraEE"]}]}},"jetpack_featured_media_url":"https:\/\/www.sonoraenequipo.com.mx\/storage\/2025\/11\/jornaleros-mexicanos-en-canad-esperan-apoyo-min.jpg","_links":{"self":[{"href":"https:\/\/www.sonoraenequipo.com.mx\/api\/wp\/v2\/posts\/229404","targetHints":{"allow":["GET"]}}],"collection":[{"href":"https:\/\/www.sonoraenequipo.com.mx\/api\/wp\/v2\/posts"}],"about":[{"href":"https:\/\/www.sonoraenequipo.com.mx\/api\/wp\/v2\/types\/post"}],"author":[{"embeddable":true,"href":"https:\/\/www.sonoraenequipo.com.mx\/api\/wp\/v2\/users\/1"}],"replies":[{"embeddable":true,"href":"https:\/\/www.sonoraenequipo.com.mx\/api\/wp\/v2\/comments?post=229404"}],"version-history":[{"count":1,"href":"https:\/\/www.sonoraenequipo.com.mx\/api\/wp\/v2\/posts\/229404\/revisions"}],"predecessor-version":[{"id":229417,"href":"https:\/\/www.sonoraenequipo.com.mx\/api\/wp\/v2\/posts\/229404\/revisions\/229417"}],"wp:featuredmedia":[{"embeddable":true,"href":"https:\/\/www.sonoraenequipo.com.mx\/api\/wp\/v2\/media\/229408"}],"wp:attachment":[{"href":"https:\/\/www.sonoraenequipo.com.mx\/api\/wp\/v2\/media?parent=229404"}],"wp:term":[{"taxonomy":"category","embeddable":true,"href":"https:\/\/www.sonoraenequipo.com.mx\/api\/wp\/v2\/categories?post=229404"},{"taxonomy":"post_tag","embeddable":true,"href":"https:\/\/www.sonoraenequipo.com.mx\/api\/wp\/v2\/tags?post=229404"}],"curies":[{"name":"wp","href":"https:\/\/api.w.org\/{rel}","templated":true}]}}