{"id":229437,"date":"2025-11-25T09:15:52","date_gmt":"2025-11-25T16:15:52","guid":{"rendered":"https:\/\/www.sonoraenequipo.com.mx\/?p=229437"},"modified":"2025-11-25T11:37:04","modified_gmt":"2025-11-25T18:37:04","slug":"bloqueos-motivados-por-quienes-pretenden-mantener-privilegios-en-el-uso-del-agua-sheinbaum","status":"publish","type":"post","link":"https:\/\/www.sonoraenequipo.com.mx\/bloqueos-motivados-por-quienes-pretenden-mantener-privilegios-en-el-uso-del-agua-sheinbaum\/","title":{"rendered":"Bloqueos motivados por quienes pretenden mantener privilegios en el uso del agua: Sheinbaum"},"content":{"rendered":"<p><strong>CIUDAD DE M\u00c9XICO. MX. \u2014\u00a0<\/strong> La presidenta Claudia Sheinbaum Pardo cuestion\u00f3 a los campesinos y transportistas que ayer paralizaron varias entidades del pa\u00eds con el cierre de carreteras. Afirm\u00f3 que no hab\u00eda razones para esas movilizaciones, porque existen mesas de di\u00e1logo.<\/p>\n<p>&nbsp;<\/p>\n<p>&nbsp;<\/p>\n<p> <\/p>\n<p>Al mismo tiempo subray\u00f3 que muchos de quienes participaron en esas protestas quieren defender privilegios para acaparar el agua, pues se oponen a la iniciativa de Ley de Aguas, que tiene por objetivo que a partir de la millonaria inversi\u00f3n que se realiza para tecnificar los distritos de riego, el recurso que sobre no se mercantilice \u2014como sucede hoy en d\u00eda\u2014, sino se retorne a la Comisi\u00f3n Nacional del Agua (Conagua) para que se redirija al consumo de la poblaci\u00f3n.<\/p>\n<p>&nbsp;<\/p>\n<p>&nbsp;<\/p>\n<p><strong>\u201cSi no hubiera di\u00e1logo se entiende que hagan una manifestaci\u00f3n, pero hay di\u00e1logo. Entonces, \u00bfpara qu\u00e9 cerrar las carreteras si hay una mesa de di\u00e1logo?\u201d,<\/strong> lanz\u00f3 la mandataria en la ma\u00f1anera de este martes en respuesta a las movilizaciones de ayer.<\/p>\n<p>&nbsp;<\/p>\n<p>&nbsp;<\/p>\n<p>Insisti\u00f3 en que las mesas de di\u00e1logo que existen se dan en varios temas: agua, agricultura y seguridad.<\/p>\n<p>&nbsp;<\/p>\n<p>&nbsp;<\/p>\n<p><em><strong>\u201cAh\u00ed fue donde dijo la secretaria (de Gobernaci\u00f3n, Rosa Icela Rodr\u00edguez, ayer en conferencia), pues a lo mejor son temas pol\u00edticos, \u00bfverdad? Y es otro lo que los otras cosas las que los est\u00e1n moviendo\u201d.<\/strong><\/em><\/p>\n<p>&nbsp;<\/p>\n<p>&nbsp;<\/p>\n<p>Enfatiz\u00f3 que aquellos que se oponen a la nueva Ley de Aguas Nacionales pretenden para mantener privilegios en el uso de ese recurso, pues muchos de los productores que hoy la tienen concesionada para riego, la mercantilizan cuando hay sobrantes.<\/p>\n<p>&nbsp;<\/p>\n<p>&nbsp;<\/p>\n<p><em><strong>\u201c\u00bfQu\u00e9 necesidad de cerrar las carreteras para que no se apruebe la ley del agua si hay mesas de trabajo en la C\u00e1mara de Diputados para manifestar en lo que est\u00e1n en contra? O sea, no se entiende. Si tienen la puerta abierta con el gobierno para dialogar sobre seguridad, sobre temas agr\u00edcolas y para la ley de aguas nacionales, \u00bfpara qu\u00e9 cierras las carreteras? Si hay di\u00e1logo. Y segundo, si se trata de defender privilegios para que acapare esa agua, pues ah\u00ed s\u00ed ya no, porque eso estamos transformando el pa\u00eds, para que haya agua para todas y para todos\u201d<\/strong><\/em>, sentenci\u00f3.<\/p>\n<p>&nbsp;<\/p>\n<p>&nbsp;<\/p>\n<p>La jefa del Ejecutivo dej\u00f3 claro que su gobierno no caer\u00e1 en provocaciones, por lo que no habr\u00e1 represi\u00f3n a las movilizaciones sociales.<\/p>\n<p>&nbsp;<\/p>\n<p>&nbsp;<\/p>\n<p><em><strong>\u201cEst\u00e1n queriendo que haya eso, no vamos a caer en esa provocaci\u00f3n, pero que la gente sepa que no hay raz\u00f3n para cerrar las carreteras. A menos que quieran defender un privilegio. Se les est\u00e1 dando todo el recurso para eficiencia en riego agr\u00edcola, pero a cambio tienen que entregar una parte del agua que tienen concesionada. \u00bfPara qui\u00e9n? Para la gente. Setenta por ciento del agua en nuestro pa\u00eds se usa en los distritos de riego, casi 80.<\/strong><\/em><\/p>\n<p>&nbsp;<\/p>\n<p>&nbsp;<\/p>\n<p><strong><em>\u201c\u00bfQu\u00e9 estamos haciendo? Que se use menos agua en el campo, que se tecnifique, poniendo recursos a los distritos de riego, pero a cambio que quienes los tienen concesionados, se regrese a Conagua para d\u00e1rselo a la gente. Esa es la esencia de la ley nacional de aguas. Y que no se est\u00e9 mercantilizando el agua por privados para otros usos, sino que sea directo el municipio que le d\u00e9 el agua a la gente\u201d<\/em><\/strong>.<\/p>\n<p>&nbsp;<\/p>\n<p>&nbsp;<\/p>\n<p>PUBLICADO EL 25 DE NOVIEMBRE DE 2025 Con informaci\u00f3n de Emir Olivares y ALonso Urrutia)<\/p>\n","protected":false},"excerpt":{"rendered":"<p>CIUDAD DE M\u00c9XICO. MX. \u2014\u00a0 La presidenta Claudia Sheinbaum Pardo cuestion\u00f3 a los campesinos y&#8230;<\/p>\n","protected":false},"author":1,"featured_media":229432,"comment_status":"open","ping_status":"open","sticky":false,"template":"","format":"standard","meta":{"_monsterinsights_skip_tracking":false,"_monsterinsights_sitenote_active":false,"_monsterinsights_sitenote_note":"","_monsterinsights_sitenote_category":0,"footnotes":""},"categories":[5],"tags":[],"class_list":["post"],"yoast_head":" \n<title>Sonora en Equipo. Bloqueos motivados por quienes pretenden mantener privilegios en el uso del agua: Sheinbaum Rep\u00fablica<\/title>\n<meta name=\"description\" content=\"CIUDAD DE M\u00c9XICO. MX. \u2014\u00a0 La presidenta Claudia Sheinbaum Pardo cuestion\u00f3 a los campesinos y transportistas que ayer paralizaron varias entidades del pa\u00eds En Sonora en Equipo publicamos toda la informaci\u00f3n de Sonora, M\u00e9xico y el Mundo de manera oportuna y busca que la libertad de expresi\u00f3n sea real. Visita nuestro medio informativo publicado desde Hermosillo, Sonora. %\" \/>\n<meta name=\"robots\" content=\"index, follow, max-snippet:-1, max-image-preview:large, max-video-preview:-1\" \/>\n<link rel=\"canonical\" href=\"https:\/\/www.sonoraenequipo.com.mx\/bloqueos-motivados-por-quienes-pretenden-mantener-privilegios-en-el-uso-del-agua-sheinbaum\/\" \/>\n<meta property=\"og:locale\" content=\"es_ES\" \/>\n<meta property=\"og:type\" content=\"article\" \/>\n<meta property=\"og:title\" content=\"Sonora en Equipo. Bloqueos motivados por quienes pretenden mantener privilegios en el uso del agua: Sheinbaum Rep\u00fablica\" \/>\n<meta property=\"og:description\" content=\"CIUDAD DE M\u00c9XICO. MX. \u2014\u00a0 La presidenta Claudia Sheinbaum Pardo cuestion\u00f3 a los campesinos y transportistas que ayer paralizaron varias entidades del pa\u00eds En Sonora en Equipo publicamos toda la informaci\u00f3n de Sonora, M\u00e9xico y el Mundo de manera oportuna y busca que la libertad de expresi\u00f3n sea real. Visita nuestro medio informativo publicado desde Hermosillo, Sonora. %\" \/>\n<meta property=\"og:url\" content=\"https:\/\/www.sonoraenequipo.com.mx\/bloqueos-motivados-por-quienes-pretenden-mantener-privilegios-en-el-uso-del-agua-sheinbaum\/\" \/>\n<meta property=\"og:site_name\" content=\"Sonora en Equipo.\" \/>\n<meta property=\"article:publisher\" content=\"https:\/\/www.facebook.com\/SonoraEE\/\" \/>\n<meta property=\"article:author\" content=\"https:\/\/www.facebook.com\/SonoraEE\" \/>\n<meta property=\"article:published_time\" content=\"2025-11-25T16:15:52+00:00\" \/>\n<meta property=\"article:modified_time\" content=\"2025-11-25T18:37:04+00:00\" \/>\n<meta property=\"og:image\" content=\"https:\/\/www.sonoraenequipo.com.mx\/storage\/2025\/11\/sheinbaum-cuestiona-bloqueos-de-carreteras-min.jpg\" \/>\n\t<meta property=\"og:image:width\" content=\"1195\" \/>\n\t<meta property=\"og:image:height\" content=\"609\" \/>\n\t<meta property=\"og:image:type\" content=\"image\/jpeg\" \/>\n<meta name=\"author\" content=\"enequipo\" \/>\n<meta name=\"twitter:card\" content=\"summary_large_image\" \/>\n<meta name=\"twitter:creator\" content=\"@sonoraenequipo\" \/>\n<meta name=\"twitter:site\" content=\"@sonoraenequipo\" \/>\n<meta name=\"twitter:label1\" content=\"Escrito por\" \/>\n\t<meta name=\"twitter:data1\" content=\"enequipo\" \/>\n\t<meta name=\"twitter:label2\" content=\"Tiempo de lectura\" \/>\n\t<meta name=\"twitter:data2\" content=\"3 minutos\" \/>\n<script type=\"application\/ld+json\" class=\"yoast-schema-graph\">{\"@context\":\"https:\/\/schema.org\",\"@graph\":[{\"@type\":\"Article\",\"@id\":\"https:\/\/www.sonoraenequipo.com.mx\/bloqueos-motivados-por-quienes-pretenden-mantener-privilegios-en-el-uso-del-agua-sheinbaum\/#article\",\"isPartOf\":{\"@id\":\"https:\/\/www.sonoraenequipo.com.mx\/bloqueos-motivados-por-quienes-pretenden-mantener-privilegios-en-el-uso-del-agua-sheinbaum\/\"},\"author\":{\"name\":\"enequipo\",\"@id\":\"https:\/\/www.sonoraenequipo.com.mx\/#\/schema\/person\/50102df0fb23a8fa9e8effad8fa81386\"},\"headline\":\"Bloqueos motivados por quienes pretenden mantener privilegios en el uso del agua: Sheinbaum\",\"datePublished\":\"2025-11-25T16:15:52+00:00\",\"dateModified\":\"2025-11-25T18:37:04+00:00\",\"mainEntityOfPage\":{\"@id\":\"https:\/\/www.sonoraenequipo.com.mx\/bloqueos-motivados-por-quienes-pretenden-mantener-privilegios-en-el-uso-del-agua-sheinbaum\/\"},\"wordCount\":610,\"commentCount\":0,\"publisher\":{\"@id\":\"https:\/\/www.sonoraenequipo.com.mx\/#organization\"},\"image\":{\"@id\":\"https:\/\/www.sonoraenequipo.com.mx\/bloqueos-motivados-por-quienes-pretenden-mantener-privilegios-en-el-uso-del-agua-sheinbaum\/#primaryimage\"},\"thumbnailUrl\":\"https:\/\/www.sonoraenequipo.com.mx\/storage\/2025\/11\/sheinbaum-cuestiona-bloqueos-de-carreteras-min.jpg\",\"articleSection\":[\"Rep\u00fablica\"],\"inLanguage\":\"es\",\"potentialAction\":[{\"@type\":\"CommentAction\",\"name\":\"Comment\",\"target\":[\"https:\/\/www.sonoraenequipo.com.mx\/bloqueos-motivados-por-quienes-pretenden-mantener-privilegios-en-el-uso-del-agua-sheinbaum\/#respond\"]}]},{\"@type\":\"WebPage\",\"@id\":\"https:\/\/www.sonoraenequipo.com.mx\/bloqueos-motivados-por-quienes-pretenden-mantener-privilegios-en-el-uso-del-agua-sheinbaum\/\",\"url\":\"https:\/\/www.sonoraenequipo.com.mx\/bloqueos-motivados-por-quienes-pretenden-mantener-privilegios-en-el-uso-del-agua-sheinbaum\/\",\"name\":\"Sonora en Equipo. Bloqueos motivados por quienes pretenden mantener privilegios en el uso del agua: Sheinbaum Rep\u00fablica\",\"isPartOf\":{\"@id\":\"https:\/\/www.sonoraenequipo.com.mx\/#website\"},\"primaryImageOfPage\":{\"@id\":\"https:\/\/www.sonoraenequipo.com.mx\/bloqueos-motivados-por-quienes-pretenden-mantener-privilegios-en-el-uso-del-agua-sheinbaum\/#primaryimage\"},\"image\":{\"@id\":\"https:\/\/www.sonoraenequipo.com.mx\/bloqueos-motivados-por-quienes-pretenden-mantener-privilegios-en-el-uso-del-agua-sheinbaum\/#primaryimage\"},\"thumbnailUrl\":\"https:\/\/www.sonoraenequipo.com.mx\/storage\/2025\/11\/sheinbaum-cuestiona-bloqueos-de-carreteras-min.jpg\",\"datePublished\":\"2025-11-25T16:15:52+00:00\",\"dateModified\":\"2025-11-25T18:37:04+00:00\",\"description\":\"CIUDAD DE M\u00c9XICO. MX. \u2014\u00a0 La presidenta Claudia Sheinbaum Pardo cuestion\u00f3 a los campesinos y transportistas que ayer paralizaron varias entidades del pa\u00eds En Sonora en Equipo publicamos toda la informaci\u00f3n de Sonora, M\u00e9xico y el Mundo de manera oportuna y busca que la libertad de expresi\u00f3n sea real. Visita nuestro medio informativo publicado desde Hermosillo, Sonora. %\",\"breadcrumb\":{\"@id\":\"https:\/\/www.sonoraenequipo.com.mx\/bloqueos-motivados-por-quienes-pretenden-mantener-privilegios-en-el-uso-del-agua-sheinbaum\/#breadcrumb\"},\"inLanguage\":\"es\",\"potentialAction\":[{\"@type\":\"ReadAction\",\"target\":[\"https:\/\/www.sonoraenequipo.com.mx\/bloqueos-motivados-por-quienes-pretenden-mantener-privilegios-en-el-uso-del-agua-sheinbaum\/\"]}]},{\"@type\":\"ImageObject\",\"inLanguage\":\"es\",\"@id\":\"https:\/\/www.sonoraenequipo.com.mx\/bloqueos-motivados-por-quienes-pretenden-mantener-privilegios-en-el-uso-del-agua-sheinbaum\/#primaryimage\",\"url\":\"https:\/\/www.sonoraenequipo.com.mx\/storage\/2025\/11\/sheinbaum-cuestiona-bloqueos-de-carreteras-min.jpg\",\"contentUrl\":\"https:\/\/www.sonoraenequipo.com.mx\/storage\/2025\/11\/sheinbaum-cuestiona-bloqueos-de-carreteras-min.jpg\",\"width\":1195,\"height\":609},{\"@type\":\"BreadcrumbList\",\"@id\":\"https:\/\/www.sonoraenequipo.com.mx\/bloqueos-motivados-por-quienes-pretenden-mantener-privilegios-en-el-uso-del-agua-sheinbaum\/#breadcrumb\",\"itemListElement\":[{\"@type\":\"ListItem\",\"position\":1,\"name\":\"Portada\",\"item\":\"https:\/\/www.sonoraenequipo.com.mx\/\"},{\"@type\":\"ListItem\",\"position\":2,\"name\":\"Bloqueos motivados por quienes pretenden mantener privilegios en el uso del agua: Sheinbaum\"}]},{\"@type\":\"WebSite\",\"@id\":\"https:\/\/www.sonoraenequipo.com.mx\/#website\",\"url\":\"https:\/\/www.sonoraenequipo.com.mx\/\",\"name\":\"Sonora en Equipo.\",\"description\":\"Diario en l\u00ednea con Noticias desde Hermosillo, Sonora\",\"publisher\":{\"@id\":\"https:\/\/www.sonoraenequipo.com.mx\/#organization\"},\"potentialAction\":[{\"@type\":\"SearchAction\",\"target\":{\"@type\":\"EntryPoint\",\"urlTemplate\":\"https:\/\/www.sonoraenequipo.com.mx\/?s={search_term_string}\"},\"query-input\":{\"@type\":\"PropertyValueSpecification\",\"valueRequired\":true,\"valueName\":\"search_term_string\"}}],\"inLanguage\":\"es\"},{\"@type\":\"Organization\",\"@id\":\"https:\/\/www.sonoraenequipo.com.mx\/#organization\",\"name\":\"Sonoraenequipo.com.mx\",\"url\":\"https:\/\/www.sonoraenequipo.com.mx\/\",\"logo\":{\"@type\":\"ImageObject\",\"inLanguage\":\"es\",\"@id\":\"https:\/\/www.sonoraenequipo.com.mx\/#\/schema\/logo\/image\/\",\"url\":\"https:\/\/www.sonoraenequipo.com.mx\/storage\/2019\/01\/sonoraenequipo_opt.png\",\"contentUrl\":\"https:\/\/www.sonoraenequipo.com.mx\/storage\/2019\/01\/sonoraenequipo_opt.png\",\"width\":375,\"height\":125,\"caption\":\"Sonoraenequipo.com.mx\"},\"image\":{\"@id\":\"https:\/\/www.sonoraenequipo.com.mx\/#\/schema\/logo\/image\/\"},\"sameAs\":[\"https:\/\/www.facebook.com\/SonoraEE\/\",\"https:\/\/x.com\/sonoraenequipo\",\"https:\/\/www.youtube.com\/channel\/UC338nW-lPEYmJQs4ZABQ1SQ\"]},{\"@type\":\"Person\",\"@id\":\"https:\/\/www.sonoraenequipo.com.mx\/#\/schema\/person\/50102df0fb23a8fa9e8effad8fa81386\",\"name\":\"enequipo\",\"image\":{\"@type\":\"ImageObject\",\"inLanguage\":\"es\",\"@id\":\"https:\/\/www.sonoraenequipo.com.mx\/#\/schema\/person\/image\/\",\"url\":\"https:\/\/secure.gravatar.com\/avatar\/049821681b589dabc0bc20695993ccebb09f5b5d4d790cd9251b97faac7c652b?s=96&d=blank&r=g\",\"contentUrl\":\"https:\/\/secure.gravatar.com\/avatar\/049821681b589dabc0bc20695993ccebb09f5b5d4d790cd9251b97faac7c652b?s=96&d=blank&r=g\",\"caption\":\"enequipo\"},\"sameAs\":[\"https:\/\/www.facebook.com\/SonoraEE\"]}]}<\/script>\n ","yoast_head_json":{"title":"Sonora en Equipo. Bloqueos motivados por quienes pretenden mantener privilegios en el uso del agua: Sheinbaum Rep\u00fablica","description":"CIUDAD DE M\u00c9XICO. MX. \u2014\u00a0 La presidenta Claudia Sheinbaum Pardo cuestion\u00f3 a los campesinos y transportistas que ayer paralizaron varias entidades del pa\u00eds En Sonora en Equipo publicamos toda la informaci\u00f3n de Sonora, M\u00e9xico y el Mundo de manera oportuna y busca que la libertad de expresi\u00f3n sea real. Visita nuestro medio informativo publicado desde Hermosillo, Sonora. %","robots":{"index":"index","follow":"follow","max-snippet":"max-snippet:-1","max-image-preview":"max-image-preview:large","max-video-preview":"max-video-preview:-1"},"canonical":"https:\/\/www.sonoraenequipo.com.mx\/bloqueos-motivados-por-quienes-pretenden-mantener-privilegios-en-el-uso-del-agua-sheinbaum\/","og_locale":"es_ES","og_type":"article","og_title":"Sonora en Equipo. Bloqueos motivados por quienes pretenden mantener privilegios en el uso del agua: Sheinbaum Rep\u00fablica","og_description":"CIUDAD DE M\u00c9XICO. MX. \u2014\u00a0 La presidenta Claudia Sheinbaum Pardo cuestion\u00f3 a los campesinos y transportistas que ayer paralizaron varias entidades del pa\u00eds En Sonora en Equipo publicamos toda la informaci\u00f3n de Sonora, M\u00e9xico y el Mundo de manera oportuna y busca que la libertad de expresi\u00f3n sea real. Visita nuestro medio informativo publicado desde Hermosillo, Sonora. %","og_url":"https:\/\/www.sonoraenequipo.com.mx\/bloqueos-motivados-por-quienes-pretenden-mantener-privilegios-en-el-uso-del-agua-sheinbaum\/","og_site_name":"Sonora en Equipo.","article_publisher":"https:\/\/www.facebook.com\/SonoraEE\/","article_author":"https:\/\/www.facebook.com\/SonoraEE","article_published_time":"2025-11-25T16:15:52+00:00","article_modified_time":"2025-11-25T18:37:04+00:00","og_image":[{"width":1195,"height":609,"url":"https:\/\/www.sonoraenequipo.com.mx\/storage\/2025\/11\/sheinbaum-cuestiona-bloqueos-de-carreteras-min.jpg","type":"image\/jpeg"}],"author":"enequipo","twitter_card":"summary_large_image","twitter_creator":"@sonoraenequipo","twitter_site":"@sonoraenequipo","twitter_misc":{"Escrito por":"enequipo","Tiempo de lectura":"3 minutos"},"schema":{"@context":"https:\/\/schema.org","@graph":[{"@type":"Article","@id":"https:\/\/www.sonoraenequipo.com.mx\/bloqueos-motivados-por-quienes-pretenden-mantener-privilegios-en-el-uso-del-agua-sheinbaum\/#article","isPartOf":{"@id":"https:\/\/www.sonoraenequipo.com.mx\/bloqueos-motivados-por-quienes-pretenden-mantener-privilegios-en-el-uso-del-agua-sheinbaum\/"},"author":{"name":"enequipo","@id":"https:\/\/www.sonoraenequipo.com.mx\/#\/schema\/person\/50102df0fb23a8fa9e8effad8fa81386"},"headline":"Bloqueos motivados por quienes pretenden mantener privilegios en el uso del agua: Sheinbaum","datePublished":"2025-11-25T16:15:52+00:00","dateModified":"2025-11-25T18:37:04+00:00","mainEntityOfPage":{"@id":"https:\/\/www.sonoraenequipo.com.mx\/bloqueos-motivados-por-quienes-pretenden-mantener-privilegios-en-el-uso-del-agua-sheinbaum\/"},"wordCount":610,"commentCount":0,"publisher":{"@id":"https:\/\/www.sonoraenequipo.com.mx\/#organization"},"image":{"@id":"https:\/\/www.sonoraenequipo.com.mx\/bloqueos-motivados-por-quienes-pretenden-mantener-privilegios-en-el-uso-del-agua-sheinbaum\/#primaryimage"},"thumbnailUrl":"https:\/\/www.sonoraenequipo.com.mx\/storage\/2025\/11\/sheinbaum-cuestiona-bloqueos-de-carreteras-min.jpg","articleSection":["Rep\u00fablica"],"inLanguage":"es","potentialAction":[{"@type":"CommentAction","name":"Comment","target":["https:\/\/www.sonoraenequipo.com.mx\/bloqueos-motivados-por-quienes-pretenden-mantener-privilegios-en-el-uso-del-agua-sheinbaum\/#respond"]}]},{"@type":"WebPage","@id":"https:\/\/www.sonoraenequipo.com.mx\/bloqueos-motivados-por-quienes-pretenden-mantener-privilegios-en-el-uso-del-agua-sheinbaum\/","url":"https:\/\/www.sonoraenequipo.com.mx\/bloqueos-motivados-por-quienes-pretenden-mantener-privilegios-en-el-uso-del-agua-sheinbaum\/","name":"Sonora en Equipo. Bloqueos motivados por quienes pretenden mantener privilegios en el uso del agua: Sheinbaum Rep\u00fablica","isPartOf":{"@id":"https:\/\/www.sonoraenequipo.com.mx\/#website"},"primaryImageOfPage":{"@id":"https:\/\/www.sonoraenequipo.com.mx\/bloqueos-motivados-por-quienes-pretenden-mantener-privilegios-en-el-uso-del-agua-sheinbaum\/#primaryimage"},"image":{"@id":"https:\/\/www.sonoraenequipo.com.mx\/bloqueos-motivados-por-quienes-pretenden-mantener-privilegios-en-el-uso-del-agua-sheinbaum\/#primaryimage"},"thumbnailUrl":"https:\/\/www.sonoraenequipo.com.mx\/storage\/2025\/11\/sheinbaum-cuestiona-bloqueos-de-carreteras-min.jpg","datePublished":"2025-11-25T16:15:52+00:00","dateModified":"2025-11-25T18:37:04+00:00","description":"CIUDAD DE M\u00c9XICO. MX. \u2014\u00a0 La presidenta Claudia Sheinbaum Pardo cuestion\u00f3 a los campesinos y transportistas que ayer paralizaron varias entidades del pa\u00eds En Sonora en Equipo publicamos toda la informaci\u00f3n de Sonora, M\u00e9xico y el Mundo de manera oportuna y busca que la libertad de expresi\u00f3n sea real. Visita nuestro medio informativo publicado desde Hermosillo, Sonora. %","breadcrumb":{"@id":"https:\/\/www.sonoraenequipo.com.mx\/bloqueos-motivados-por-quienes-pretenden-mantener-privilegios-en-el-uso-del-agua-sheinbaum\/#breadcrumb"},"inLanguage":"es","potentialAction":[{"@type":"ReadAction","target":["https:\/\/www.sonoraenequipo.com.mx\/bloqueos-motivados-por-quienes-pretenden-mantener-privilegios-en-el-uso-del-agua-sheinbaum\/"]}]},{"@type":"ImageObject","inLanguage":"es","@id":"https:\/\/www.sonoraenequipo.com.mx\/bloqueos-motivados-por-quienes-pretenden-mantener-privilegios-en-el-uso-del-agua-sheinbaum\/#primaryimage","url":"https:\/\/www.sonoraenequipo.com.mx\/storage\/2025\/11\/sheinbaum-cuestiona-bloqueos-de-carreteras-min.jpg","contentUrl":"https:\/\/www.sonoraenequipo.com.mx\/storage\/2025\/11\/sheinbaum-cuestiona-bloqueos-de-carreteras-min.jpg","width":1195,"height":609},{"@type":"BreadcrumbList","@id":"https:\/\/www.sonoraenequipo.com.mx\/bloqueos-motivados-por-quienes-pretenden-mantener-privilegios-en-el-uso-del-agua-sheinbaum\/#breadcrumb","itemListElement":[{"@type":"ListItem","position":1,"name":"Portada","item":"https:\/\/www.sonoraenequipo.com.mx\/"},{"@type":"ListItem","position":2,"name":"Bloqueos motivados por quienes pretenden mantener privilegios en el uso del agua: Sheinbaum"}]},{"@type":"WebSite","@id":"https:\/\/www.sonoraenequipo.com.mx\/#website","url":"https:\/\/www.sonoraenequipo.com.mx\/","name":"Sonora en Equipo.","description":"Diario en l\u00ednea con Noticias desde Hermosillo, Sonora","publisher":{"@id":"https:\/\/www.sonoraenequipo.com.mx\/#organization"},"potentialAction":[{"@type":"SearchAction","target":{"@type":"EntryPoint","urlTemplate":"https:\/\/www.sonoraenequipo.com.mx\/?s={search_term_string}"},"query-input":{"@type":"PropertyValueSpecification","valueRequired":true,"valueName":"search_term_string"}}],"inLanguage":"es"},{"@type":"Organization","@id":"https:\/\/www.sonoraenequipo.com.mx\/#organization","name":"Sonoraenequipo.com.mx","url":"https:\/\/www.sonoraenequipo.com.mx\/","logo":{"@type":"ImageObject","inLanguage":"es","@id":"https:\/\/www.sonoraenequipo.com.mx\/#\/schema\/logo\/image\/","url":"https:\/\/www.sonoraenequipo.com.mx\/storage\/2019\/01\/sonoraenequipo_opt.png","contentUrl":"https:\/\/www.sonoraenequipo.com.mx\/storage\/2019\/01\/sonoraenequipo_opt.png","width":375,"height":125,"caption":"Sonoraenequipo.com.mx"},"image":{"@id":"https:\/\/www.sonoraenequipo.com.mx\/#\/schema\/logo\/image\/"},"sameAs":["https:\/\/www.facebook.com\/SonoraEE\/","https:\/\/x.com\/sonoraenequipo","https:\/\/www.youtube.com\/channel\/UC338nW-lPEYmJQs4ZABQ1SQ"]},{"@type":"Person","@id":"https:\/\/www.sonoraenequipo.com.mx\/#\/schema\/person\/50102df0fb23a8fa9e8effad8fa81386","name":"enequipo","image":{"@type":"ImageObject","inLanguage":"es","@id":"https:\/\/www.sonoraenequipo.com.mx\/#\/schema\/person\/image\/","url":"https:\/\/secure.gravatar.com\/avatar\/049821681b589dabc0bc20695993ccebb09f5b5d4d790cd9251b97faac7c652b?s=96&d=blank&r=g","contentUrl":"https:\/\/secure.gravatar.com\/avatar\/049821681b589dabc0bc20695993ccebb09f5b5d4d790cd9251b97faac7c652b?s=96&d=blank&r=g","caption":"enequipo"},"sameAs":["https:\/\/www.facebook.com\/SonoraEE"]}]}},"jetpack_featured_media_url":"https:\/\/www.sonoraenequipo.com.mx\/storage\/2025\/11\/sheinbaum-cuestiona-bloqueos-de-carreteras-min.jpg","_links":{"self":[{"href":"https:\/\/www.sonoraenequipo.com.mx\/api\/wp\/v2\/posts\/229437","targetHints":{"allow":["GET"]}}],"collection":[{"href":"https:\/\/www.sonoraenequipo.com.mx\/api\/wp\/v2\/posts"}],"about":[{"href":"https:\/\/www.sonoraenequipo.com.mx\/api\/wp\/v2\/types\/post"}],"author":[{"embeddable":true,"href":"https:\/\/www.sonoraenequipo.com.mx\/api\/wp\/v2\/users\/1"}],"replies":[{"embeddable":true,"href":"https:\/\/www.sonoraenequipo.com.mx\/api\/wp\/v2\/comments?post=229437"}],"version-history":[{"count":1,"href":"https:\/\/www.sonoraenequipo.com.mx\/api\/wp\/v2\/posts\/229437\/revisions"}],"predecessor-version":[{"id":229438,"href":"https:\/\/www.sonoraenequipo.com.mx\/api\/wp\/v2\/posts\/229437\/revisions\/229438"}],"wp:featuredmedia":[{"embeddable":true,"href":"https:\/\/www.sonoraenequipo.com.mx\/api\/wp\/v2\/media\/229432"}],"wp:attachment":[{"href":"https:\/\/www.sonoraenequipo.com.mx\/api\/wp\/v2\/media?parent=229437"}],"wp:term":[{"taxonomy":"category","embeddable":true,"href":"https:\/\/www.sonoraenequipo.com.mx\/api\/wp\/v2\/categories?post=229437"},{"taxonomy":"post_tag","embeddable":true,"href":"https:\/\/www.sonoraenequipo.com.mx\/api\/wp\/v2\/tags?post=229437"}],"curies":[{"name":"wp","href":"https:\/\/api.w.org\/{rel}","templated":true}]}}