{"id":229440,"date":"2025-11-25T10:00:08","date_gmt":"2025-11-25T17:00:08","guid":{"rendered":"https:\/\/www.sonoraenequipo.com.mx\/?p=229440"},"modified":"2025-11-25T11:50:11","modified_gmt":"2025-11-25T18:50:11","slug":"el-acoso-contra-mujeres-debe-estar-en-los-codigos-penales-federal-y-estatales-sheinbaum","status":"publish","type":"post","link":"https:\/\/www.sonoraenequipo.com.mx\/el-acoso-contra-mujeres-debe-estar-en-los-codigos-penales-federal-y-estatales-sheinbaum\/","title":{"rendered":"El acoso contra mujeres debe estar en los c\u00f3digos penales federal y estatales: Sheinbaum"},"content":{"rendered":"<p><b>CIUDAD DE M\u00c9XICO. MX. \u2014 <\/b>La presidenta Claudia Sheinbaum sostuvo que el acuerdo con los 32 gobernadores para homologar el delito de abuso contra la mujer con las leyes estatales con el C\u00f3digo Penal Penal Federal es un esfuerzo muy importante porque \u201cel acoso y abuso contra mujeres tiene que ser sancionado, es un delito y debe estar en los c\u00f3digos de procedimientos penales federal y estatales\u201d .<\/p>\n<p>&nbsp;<\/p>\n<p>&nbsp;<\/p>\n<p> <\/p>\n<p>Adem\u00e1s, la mandataria dijo que debe haber un proceso de educaci\u00f3n, formaci\u00f3n, y concientizaci\u00f3n que cualquier acci\u00f3n de violencia contra la mujer no sea costumbre sino que se cambien las conductas\u201d. Esto es atender las causas y procurar la cero impunidad, por lo que dijo que el objetivo es que la homologaci\u00f3n de este delito se concrete este a\u00f1o<\/p>\n<p>&nbsp;<\/p>\n<p>&nbsp;<\/p>\n<p>Sheinbaum destac\u00f3 que ha habido acercamientos con los administradores en M\u00e9xico de las diversas plataformas de redes sociales que han expresado su disposici\u00f3n para sumarse a este programa de combatir la violencia contra la mujer desde su \u00e1mbito. Se pretende que el acuerdo con estas plataformas se concrete en dos semanas , como parte de los 16 d\u00edas de activismo nacional contra la violencia a la mujer.<\/p>\n<p>&nbsp;<\/p>\n<p>&nbsp;<\/p>\n<p>En este contexto, hizo un llamado a las personas que se van a manifestar hoy por la erradicaci\u00f3n de la violencia contra las mujeres lo hagan de manera pac\u00edfica . Todos estamos de acuerdo , dijo, en promover acciones para que esta violencia no exista pero es m\u00e1s eficaz las movilizaciones si se hacen de manera pac\u00edfica.<\/p>\n<p>&nbsp;<\/p>\n<p>&nbsp;<\/p>\n<p>Justific\u00f3 el reforzamiento de la seguridad en torno a Palacio Nacional y los monumentos p\u00fablicos, porque es de dominio p\u00fablico que hay grupos violentos que se enfocan a llamar la atenci\u00f3n mediante acciones violentas.<\/p>\n<p>&nbsp;<\/p>\n<p>&nbsp;<\/p>\n<p>Por otro lado, a pregunta expresa sobre la posibilidad que, al igual que la promoci\u00f3n de la homologaci\u00f3n del tipo delictivo de acoso, se podr\u00eda impulsar para el caso de la despenalizaci\u00f3n del aborto donde hay una docena entidades donde a\u00fan se sanciona, la Presidenta dijo que este tema se les ha dejado a los congresos locales.<\/p>\n<p>&nbsp;<\/p>\n<p>&nbsp;<\/p>\n<p>Hace 22 a\u00f1os que se iniciaron las modificaciones en las entidades con una reforma en la Ciudad de M\u00e9xico y posteriormente se ha aprobado en otras entidades.<\/p>\n<p>&nbsp;<\/p>\n<p>&nbsp;<\/p>\n<p>&nbsp;<\/p>\n<p>PUBLICADO EL 25 DE NOVIEMBRE DE 2025 Con informaci\u00f3n de Alonso Urrutia y Emir Olivares)<\/p>\n","protected":false},"excerpt":{"rendered":"<p>CIUDAD DE M\u00c9XICO. MX. \u2014 La presidenta Claudia Sheinbaum sostuvo que el acuerdo con los&#8230;<\/p>\n","protected":false},"author":1,"featured_media":229441,"comment_status":"open","ping_status":"open","sticky":false,"template":"","format":"standard","meta":{"_monsterinsights_skip_tracking":false,"_monsterinsights_sitenote_active":false,"_monsterinsights_sitenote_note":"","_monsterinsights_sitenote_category":0,"footnotes":""},"categories":[5],"tags":[],"class_list":["post"],"yoast_head":" \n<title>Sonora en Equipo. El acoso contra mujeres debe estar en los c\u00f3digos penales federal y estatales: Sheinbaum Rep\u00fablica<\/title>\n<meta name=\"description\" content=\"CIUDAD DE M\u00c9XICO. MX. \u2014 La presidenta Claudia Sheinbaum sostuvo que el acuerdo con los 32 gobernadores para homologar el delito de abuso contra la mujer En Sonora en Equipo publicamos toda la informaci\u00f3n de Sonora, M\u00e9xico y el Mundo de manera oportuna y busca que la libertad de expresi\u00f3n sea real. Visita nuestro medio informativo publicado desde Hermosillo, Sonora. %\" \/>\n<meta name=\"robots\" content=\"index, follow, max-snippet:-1, max-image-preview:large, max-video-preview:-1\" \/>\n<link rel=\"canonical\" href=\"https:\/\/www.sonoraenequipo.com.mx\/el-acoso-contra-mujeres-debe-estar-en-los-codigos-penales-federal-y-estatales-sheinbaum\/\" \/>\n<meta property=\"og:locale\" content=\"es_ES\" \/>\n<meta property=\"og:type\" content=\"article\" \/>\n<meta property=\"og:title\" content=\"Sonora en Equipo. El acoso contra mujeres debe estar en los c\u00f3digos penales federal y estatales: Sheinbaum Rep\u00fablica\" \/>\n<meta property=\"og:description\" content=\"CIUDAD DE M\u00c9XICO. MX. \u2014 La presidenta Claudia Sheinbaum sostuvo que el acuerdo con los 32 gobernadores para homologar el delito de abuso contra la mujer En Sonora en Equipo publicamos toda la informaci\u00f3n de Sonora, M\u00e9xico y el Mundo de manera oportuna y busca que la libertad de expresi\u00f3n sea real. Visita nuestro medio informativo publicado desde Hermosillo, Sonora. %\" \/>\n<meta property=\"og:url\" content=\"https:\/\/www.sonoraenequipo.com.mx\/el-acoso-contra-mujeres-debe-estar-en-los-codigos-penales-federal-y-estatales-sheinbaum\/\" \/>\n<meta property=\"og:site_name\" content=\"Sonora en Equipo.\" \/>\n<meta property=\"article:publisher\" content=\"https:\/\/www.facebook.com\/SonoraEE\/\" \/>\n<meta property=\"article:author\" content=\"https:\/\/www.facebook.com\/SonoraEE\" \/>\n<meta property=\"article:published_time\" content=\"2025-11-25T17:00:08+00:00\" \/>\n<meta property=\"article:modified_time\" content=\"2025-11-25T18:50:11+00:00\" \/>\n<meta property=\"og:image\" content=\"https:\/\/www.sonoraenequipo.com.mx\/storage\/2025\/11\/comromiso-nacional-min-1.jpg\" \/>\n\t<meta property=\"og:image:width\" content=\"1000\" \/>\n\t<meta property=\"og:image:height\" content=\"562\" \/>\n\t<meta property=\"og:image:type\" content=\"image\/jpeg\" \/>\n<meta name=\"author\" content=\"enequipo\" \/>\n<meta name=\"twitter:card\" content=\"summary_large_image\" \/>\n<meta name=\"twitter:creator\" content=\"@sonoraenequipo\" \/>\n<meta name=\"twitter:site\" content=\"@sonoraenequipo\" \/>\n<meta name=\"twitter:label1\" content=\"Escrito por\" \/>\n\t<meta name=\"twitter:data1\" content=\"enequipo\" \/>\n\t<meta name=\"twitter:label2\" content=\"Tiempo de lectura\" \/>\n\t<meta name=\"twitter:data2\" content=\"2 minutos\" \/>\n<script type=\"application\/ld+json\" class=\"yoast-schema-graph\">{\"@context\":\"https:\/\/schema.org\",\"@graph\":[{\"@type\":\"Article\",\"@id\":\"https:\/\/www.sonoraenequipo.com.mx\/el-acoso-contra-mujeres-debe-estar-en-los-codigos-penales-federal-y-estatales-sheinbaum\/#article\",\"isPartOf\":{\"@id\":\"https:\/\/www.sonoraenequipo.com.mx\/el-acoso-contra-mujeres-debe-estar-en-los-codigos-penales-federal-y-estatales-sheinbaum\/\"},\"author\":{\"name\":\"enequipo\",\"@id\":\"https:\/\/www.sonoraenequipo.com.mx\/#\/schema\/person\/50102df0fb23a8fa9e8effad8fa81386\"},\"headline\":\"El acoso contra mujeres debe estar en los c\u00f3digos penales federal y estatales: Sheinbaum\",\"datePublished\":\"2025-11-25T17:00:08+00:00\",\"dateModified\":\"2025-11-25T18:50:11+00:00\",\"mainEntityOfPage\":{\"@id\":\"https:\/\/www.sonoraenequipo.com.mx\/el-acoso-contra-mujeres-debe-estar-en-los-codigos-penales-federal-y-estatales-sheinbaum\/\"},\"wordCount\":432,\"commentCount\":0,\"publisher\":{\"@id\":\"https:\/\/www.sonoraenequipo.com.mx\/#organization\"},\"image\":{\"@id\":\"https:\/\/www.sonoraenequipo.com.mx\/el-acoso-contra-mujeres-debe-estar-en-los-codigos-penales-federal-y-estatales-sheinbaum\/#primaryimage\"},\"thumbnailUrl\":\"https:\/\/www.sonoraenequipo.com.mx\/storage\/2025\/11\/comromiso-nacional-min-1.jpg\",\"articleSection\":[\"Rep\u00fablica\"],\"inLanguage\":\"es\",\"potentialAction\":[{\"@type\":\"CommentAction\",\"name\":\"Comment\",\"target\":[\"https:\/\/www.sonoraenequipo.com.mx\/el-acoso-contra-mujeres-debe-estar-en-los-codigos-penales-federal-y-estatales-sheinbaum\/#respond\"]}]},{\"@type\":\"WebPage\",\"@id\":\"https:\/\/www.sonoraenequipo.com.mx\/el-acoso-contra-mujeres-debe-estar-en-los-codigos-penales-federal-y-estatales-sheinbaum\/\",\"url\":\"https:\/\/www.sonoraenequipo.com.mx\/el-acoso-contra-mujeres-debe-estar-en-los-codigos-penales-federal-y-estatales-sheinbaum\/\",\"name\":\"Sonora en Equipo. El acoso contra mujeres debe estar en los c\u00f3digos penales federal y estatales: Sheinbaum Rep\u00fablica\",\"isPartOf\":{\"@id\":\"https:\/\/www.sonoraenequipo.com.mx\/#website\"},\"primaryImageOfPage\":{\"@id\":\"https:\/\/www.sonoraenequipo.com.mx\/el-acoso-contra-mujeres-debe-estar-en-los-codigos-penales-federal-y-estatales-sheinbaum\/#primaryimage\"},\"image\":{\"@id\":\"https:\/\/www.sonoraenequipo.com.mx\/el-acoso-contra-mujeres-debe-estar-en-los-codigos-penales-federal-y-estatales-sheinbaum\/#primaryimage\"},\"thumbnailUrl\":\"https:\/\/www.sonoraenequipo.com.mx\/storage\/2025\/11\/comromiso-nacional-min-1.jpg\",\"datePublished\":\"2025-11-25T17:00:08+00:00\",\"dateModified\":\"2025-11-25T18:50:11+00:00\",\"description\":\"CIUDAD DE M\u00c9XICO. MX. \u2014 La presidenta Claudia Sheinbaum sostuvo que el acuerdo con los 32 gobernadores para homologar el delito de abuso contra la mujer En Sonora en Equipo publicamos toda la informaci\u00f3n de Sonora, M\u00e9xico y el Mundo de manera oportuna y busca que la libertad de expresi\u00f3n sea real. Visita nuestro medio informativo publicado desde Hermosillo, Sonora. %\",\"breadcrumb\":{\"@id\":\"https:\/\/www.sonoraenequipo.com.mx\/el-acoso-contra-mujeres-debe-estar-en-los-codigos-penales-federal-y-estatales-sheinbaum\/#breadcrumb\"},\"inLanguage\":\"es\",\"potentialAction\":[{\"@type\":\"ReadAction\",\"target\":[\"https:\/\/www.sonoraenequipo.com.mx\/el-acoso-contra-mujeres-debe-estar-en-los-codigos-penales-federal-y-estatales-sheinbaum\/\"]}]},{\"@type\":\"ImageObject\",\"inLanguage\":\"es\",\"@id\":\"https:\/\/www.sonoraenequipo.com.mx\/el-acoso-contra-mujeres-debe-estar-en-los-codigos-penales-federal-y-estatales-sheinbaum\/#primaryimage\",\"url\":\"https:\/\/www.sonoraenequipo.com.mx\/storage\/2025\/11\/comromiso-nacional-min-1.jpg\",\"contentUrl\":\"https:\/\/www.sonoraenequipo.com.mx\/storage\/2025\/11\/comromiso-nacional-min-1.jpg\",\"width\":1000,\"height\":562},{\"@type\":\"BreadcrumbList\",\"@id\":\"https:\/\/www.sonoraenequipo.com.mx\/el-acoso-contra-mujeres-debe-estar-en-los-codigos-penales-federal-y-estatales-sheinbaum\/#breadcrumb\",\"itemListElement\":[{\"@type\":\"ListItem\",\"position\":1,\"name\":\"Portada\",\"item\":\"https:\/\/www.sonoraenequipo.com.mx\/\"},{\"@type\":\"ListItem\",\"position\":2,\"name\":\"El acoso contra mujeres debe estar en los c\u00f3digos penales federal y estatales: Sheinbaum\"}]},{\"@type\":\"WebSite\",\"@id\":\"https:\/\/www.sonoraenequipo.com.mx\/#website\",\"url\":\"https:\/\/www.sonoraenequipo.com.mx\/\",\"name\":\"Sonora en Equipo.\",\"description\":\"Diario en l\u00ednea con Noticias desde Hermosillo, Sonora\",\"publisher\":{\"@id\":\"https:\/\/www.sonoraenequipo.com.mx\/#organization\"},\"potentialAction\":[{\"@type\":\"SearchAction\",\"target\":{\"@type\":\"EntryPoint\",\"urlTemplate\":\"https:\/\/www.sonoraenequipo.com.mx\/?s={search_term_string}\"},\"query-input\":{\"@type\":\"PropertyValueSpecification\",\"valueRequired\":true,\"valueName\":\"search_term_string\"}}],\"inLanguage\":\"es\"},{\"@type\":\"Organization\",\"@id\":\"https:\/\/www.sonoraenequipo.com.mx\/#organization\",\"name\":\"Sonoraenequipo.com.mx\",\"url\":\"https:\/\/www.sonoraenequipo.com.mx\/\",\"logo\":{\"@type\":\"ImageObject\",\"inLanguage\":\"es\",\"@id\":\"https:\/\/www.sonoraenequipo.com.mx\/#\/schema\/logo\/image\/\",\"url\":\"https:\/\/www.sonoraenequipo.com.mx\/storage\/2019\/01\/sonoraenequipo_opt.png\",\"contentUrl\":\"https:\/\/www.sonoraenequipo.com.mx\/storage\/2019\/01\/sonoraenequipo_opt.png\",\"width\":375,\"height\":125,\"caption\":\"Sonoraenequipo.com.mx\"},\"image\":{\"@id\":\"https:\/\/www.sonoraenequipo.com.mx\/#\/schema\/logo\/image\/\"},\"sameAs\":[\"https:\/\/www.facebook.com\/SonoraEE\/\",\"https:\/\/x.com\/sonoraenequipo\",\"https:\/\/www.youtube.com\/channel\/UC338nW-lPEYmJQs4ZABQ1SQ\"]},{\"@type\":\"Person\",\"@id\":\"https:\/\/www.sonoraenequipo.com.mx\/#\/schema\/person\/50102df0fb23a8fa9e8effad8fa81386\",\"name\":\"enequipo\",\"image\":{\"@type\":\"ImageObject\",\"inLanguage\":\"es\",\"@id\":\"https:\/\/www.sonoraenequipo.com.mx\/#\/schema\/person\/image\/\",\"url\":\"https:\/\/secure.gravatar.com\/avatar\/049821681b589dabc0bc20695993ccebb09f5b5d4d790cd9251b97faac7c652b?s=96&d=blank&r=g\",\"contentUrl\":\"https:\/\/secure.gravatar.com\/avatar\/049821681b589dabc0bc20695993ccebb09f5b5d4d790cd9251b97faac7c652b?s=96&d=blank&r=g\",\"caption\":\"enequipo\"},\"sameAs\":[\"https:\/\/www.facebook.com\/SonoraEE\"]}]}<\/script>\n ","yoast_head_json":{"title":"Sonora en Equipo. El acoso contra mujeres debe estar en los c\u00f3digos penales federal y estatales: Sheinbaum Rep\u00fablica","description":"CIUDAD DE M\u00c9XICO. MX. \u2014 La presidenta Claudia Sheinbaum sostuvo que el acuerdo con los 32 gobernadores para homologar el delito de abuso contra la mujer En Sonora en Equipo publicamos toda la informaci\u00f3n de Sonora, M\u00e9xico y el Mundo de manera oportuna y busca que la libertad de expresi\u00f3n sea real. Visita nuestro medio informativo publicado desde Hermosillo, Sonora. %","robots":{"index":"index","follow":"follow","max-snippet":"max-snippet:-1","max-image-preview":"max-image-preview:large","max-video-preview":"max-video-preview:-1"},"canonical":"https:\/\/www.sonoraenequipo.com.mx\/el-acoso-contra-mujeres-debe-estar-en-los-codigos-penales-federal-y-estatales-sheinbaum\/","og_locale":"es_ES","og_type":"article","og_title":"Sonora en Equipo. El acoso contra mujeres debe estar en los c\u00f3digos penales federal y estatales: Sheinbaum Rep\u00fablica","og_description":"CIUDAD DE M\u00c9XICO. MX. \u2014 La presidenta Claudia Sheinbaum sostuvo que el acuerdo con los 32 gobernadores para homologar el delito de abuso contra la mujer En Sonora en Equipo publicamos toda la informaci\u00f3n de Sonora, M\u00e9xico y el Mundo de manera oportuna y busca que la libertad de expresi\u00f3n sea real. Visita nuestro medio informativo publicado desde Hermosillo, Sonora. %","og_url":"https:\/\/www.sonoraenequipo.com.mx\/el-acoso-contra-mujeres-debe-estar-en-los-codigos-penales-federal-y-estatales-sheinbaum\/","og_site_name":"Sonora en Equipo.","article_publisher":"https:\/\/www.facebook.com\/SonoraEE\/","article_author":"https:\/\/www.facebook.com\/SonoraEE","article_published_time":"2025-11-25T17:00:08+00:00","article_modified_time":"2025-11-25T18:50:11+00:00","og_image":[{"width":1000,"height":562,"url":"https:\/\/www.sonoraenequipo.com.mx\/storage\/2025\/11\/comromiso-nacional-min-1.jpg","type":"image\/jpeg"}],"author":"enequipo","twitter_card":"summary_large_image","twitter_creator":"@sonoraenequipo","twitter_site":"@sonoraenequipo","twitter_misc":{"Escrito por":"enequipo","Tiempo de lectura":"2 minutos"},"schema":{"@context":"https:\/\/schema.org","@graph":[{"@type":"Article","@id":"https:\/\/www.sonoraenequipo.com.mx\/el-acoso-contra-mujeres-debe-estar-en-los-codigos-penales-federal-y-estatales-sheinbaum\/#article","isPartOf":{"@id":"https:\/\/www.sonoraenequipo.com.mx\/el-acoso-contra-mujeres-debe-estar-en-los-codigos-penales-federal-y-estatales-sheinbaum\/"},"author":{"name":"enequipo","@id":"https:\/\/www.sonoraenequipo.com.mx\/#\/schema\/person\/50102df0fb23a8fa9e8effad8fa81386"},"headline":"El acoso contra mujeres debe estar en los c\u00f3digos penales federal y estatales: Sheinbaum","datePublished":"2025-11-25T17:00:08+00:00","dateModified":"2025-11-25T18:50:11+00:00","mainEntityOfPage":{"@id":"https:\/\/www.sonoraenequipo.com.mx\/el-acoso-contra-mujeres-debe-estar-en-los-codigos-penales-federal-y-estatales-sheinbaum\/"},"wordCount":432,"commentCount":0,"publisher":{"@id":"https:\/\/www.sonoraenequipo.com.mx\/#organization"},"image":{"@id":"https:\/\/www.sonoraenequipo.com.mx\/el-acoso-contra-mujeres-debe-estar-en-los-codigos-penales-federal-y-estatales-sheinbaum\/#primaryimage"},"thumbnailUrl":"https:\/\/www.sonoraenequipo.com.mx\/storage\/2025\/11\/comromiso-nacional-min-1.jpg","articleSection":["Rep\u00fablica"],"inLanguage":"es","potentialAction":[{"@type":"CommentAction","name":"Comment","target":["https:\/\/www.sonoraenequipo.com.mx\/el-acoso-contra-mujeres-debe-estar-en-los-codigos-penales-federal-y-estatales-sheinbaum\/#respond"]}]},{"@type":"WebPage","@id":"https:\/\/www.sonoraenequipo.com.mx\/el-acoso-contra-mujeres-debe-estar-en-los-codigos-penales-federal-y-estatales-sheinbaum\/","url":"https:\/\/www.sonoraenequipo.com.mx\/el-acoso-contra-mujeres-debe-estar-en-los-codigos-penales-federal-y-estatales-sheinbaum\/","name":"Sonora en Equipo. El acoso contra mujeres debe estar en los c\u00f3digos penales federal y estatales: Sheinbaum Rep\u00fablica","isPartOf":{"@id":"https:\/\/www.sonoraenequipo.com.mx\/#website"},"primaryImageOfPage":{"@id":"https:\/\/www.sonoraenequipo.com.mx\/el-acoso-contra-mujeres-debe-estar-en-los-codigos-penales-federal-y-estatales-sheinbaum\/#primaryimage"},"image":{"@id":"https:\/\/www.sonoraenequipo.com.mx\/el-acoso-contra-mujeres-debe-estar-en-los-codigos-penales-federal-y-estatales-sheinbaum\/#primaryimage"},"thumbnailUrl":"https:\/\/www.sonoraenequipo.com.mx\/storage\/2025\/11\/comromiso-nacional-min-1.jpg","datePublished":"2025-11-25T17:00:08+00:00","dateModified":"2025-11-25T18:50:11+00:00","description":"CIUDAD DE M\u00c9XICO. MX. \u2014 La presidenta Claudia Sheinbaum sostuvo que el acuerdo con los 32 gobernadores para homologar el delito de abuso contra la mujer En Sonora en Equipo publicamos toda la informaci\u00f3n de Sonora, M\u00e9xico y el Mundo de manera oportuna y busca que la libertad de expresi\u00f3n sea real. Visita nuestro medio informativo publicado desde Hermosillo, Sonora. %","breadcrumb":{"@id":"https:\/\/www.sonoraenequipo.com.mx\/el-acoso-contra-mujeres-debe-estar-en-los-codigos-penales-federal-y-estatales-sheinbaum\/#breadcrumb"},"inLanguage":"es","potentialAction":[{"@type":"ReadAction","target":["https:\/\/www.sonoraenequipo.com.mx\/el-acoso-contra-mujeres-debe-estar-en-los-codigos-penales-federal-y-estatales-sheinbaum\/"]}]},{"@type":"ImageObject","inLanguage":"es","@id":"https:\/\/www.sonoraenequipo.com.mx\/el-acoso-contra-mujeres-debe-estar-en-los-codigos-penales-federal-y-estatales-sheinbaum\/#primaryimage","url":"https:\/\/www.sonoraenequipo.com.mx\/storage\/2025\/11\/comromiso-nacional-min-1.jpg","contentUrl":"https:\/\/www.sonoraenequipo.com.mx\/storage\/2025\/11\/comromiso-nacional-min-1.jpg","width":1000,"height":562},{"@type":"BreadcrumbList","@id":"https:\/\/www.sonoraenequipo.com.mx\/el-acoso-contra-mujeres-debe-estar-en-los-codigos-penales-federal-y-estatales-sheinbaum\/#breadcrumb","itemListElement":[{"@type":"ListItem","position":1,"name":"Portada","item":"https:\/\/www.sonoraenequipo.com.mx\/"},{"@type":"ListItem","position":2,"name":"El acoso contra mujeres debe estar en los c\u00f3digos penales federal y estatales: Sheinbaum"}]},{"@type":"WebSite","@id":"https:\/\/www.sonoraenequipo.com.mx\/#website","url":"https:\/\/www.sonoraenequipo.com.mx\/","name":"Sonora en Equipo.","description":"Diario en l\u00ednea con Noticias desde Hermosillo, Sonora","publisher":{"@id":"https:\/\/www.sonoraenequipo.com.mx\/#organization"},"potentialAction":[{"@type":"SearchAction","target":{"@type":"EntryPoint","urlTemplate":"https:\/\/www.sonoraenequipo.com.mx\/?s={search_term_string}"},"query-input":{"@type":"PropertyValueSpecification","valueRequired":true,"valueName":"search_term_string"}}],"inLanguage":"es"},{"@type":"Organization","@id":"https:\/\/www.sonoraenequipo.com.mx\/#organization","name":"Sonoraenequipo.com.mx","url":"https:\/\/www.sonoraenequipo.com.mx\/","logo":{"@type":"ImageObject","inLanguage":"es","@id":"https:\/\/www.sonoraenequipo.com.mx\/#\/schema\/logo\/image\/","url":"https:\/\/www.sonoraenequipo.com.mx\/storage\/2019\/01\/sonoraenequipo_opt.png","contentUrl":"https:\/\/www.sonoraenequipo.com.mx\/storage\/2019\/01\/sonoraenequipo_opt.png","width":375,"height":125,"caption":"Sonoraenequipo.com.mx"},"image":{"@id":"https:\/\/www.sonoraenequipo.com.mx\/#\/schema\/logo\/image\/"},"sameAs":["https:\/\/www.facebook.com\/SonoraEE\/","https:\/\/x.com\/sonoraenequipo","https:\/\/www.youtube.com\/channel\/UC338nW-lPEYmJQs4ZABQ1SQ"]},{"@type":"Person","@id":"https:\/\/www.sonoraenequipo.com.mx\/#\/schema\/person\/50102df0fb23a8fa9e8effad8fa81386","name":"enequipo","image":{"@type":"ImageObject","inLanguage":"es","@id":"https:\/\/www.sonoraenequipo.com.mx\/#\/schema\/person\/image\/","url":"https:\/\/secure.gravatar.com\/avatar\/049821681b589dabc0bc20695993ccebb09f5b5d4d790cd9251b97faac7c652b?s=96&d=blank&r=g","contentUrl":"https:\/\/secure.gravatar.com\/avatar\/049821681b589dabc0bc20695993ccebb09f5b5d4d790cd9251b97faac7c652b?s=96&d=blank&r=g","caption":"enequipo"},"sameAs":["https:\/\/www.facebook.com\/SonoraEE"]}]}},"jetpack_featured_media_url":"https:\/\/www.sonoraenequipo.com.mx\/storage\/2025\/11\/comromiso-nacional-min-1.jpg","_links":{"self":[{"href":"https:\/\/www.sonoraenequipo.com.mx\/api\/wp\/v2\/posts\/229440","targetHints":{"allow":["GET"]}}],"collection":[{"href":"https:\/\/www.sonoraenequipo.com.mx\/api\/wp\/v2\/posts"}],"about":[{"href":"https:\/\/www.sonoraenequipo.com.mx\/api\/wp\/v2\/types\/post"}],"author":[{"embeddable":true,"href":"https:\/\/www.sonoraenequipo.com.mx\/api\/wp\/v2\/users\/1"}],"replies":[{"embeddable":true,"href":"https:\/\/www.sonoraenequipo.com.mx\/api\/wp\/v2\/comments?post=229440"}],"version-history":[{"count":1,"href":"https:\/\/www.sonoraenequipo.com.mx\/api\/wp\/v2\/posts\/229440\/revisions"}],"predecessor-version":[{"id":229444,"href":"https:\/\/www.sonoraenequipo.com.mx\/api\/wp\/v2\/posts\/229440\/revisions\/229444"}],"wp:featuredmedia":[{"embeddable":true,"href":"https:\/\/www.sonoraenequipo.com.mx\/api\/wp\/v2\/media\/229441"}],"wp:attachment":[{"href":"https:\/\/www.sonoraenequipo.com.mx\/api\/wp\/v2\/media?parent=229440"}],"wp:term":[{"taxonomy":"category","embeddable":true,"href":"https:\/\/www.sonoraenequipo.com.mx\/api\/wp\/v2\/categories?post=229440"},{"taxonomy":"post_tag","embeddable":true,"href":"https:\/\/www.sonoraenequipo.com.mx\/api\/wp\/v2\/tags?post=229440"}],"curies":[{"name":"wp","href":"https:\/\/api.w.org\/{rel}","templated":true}]}}