{"id":229446,"date":"2025-11-25T12:40:10","date_gmt":"2025-11-25T19:40:10","guid":{"rendered":"https:\/\/www.sonoraenequipo.com.mx\/?p=229446"},"modified":"2025-11-25T12:40:10","modified_gmt":"2025-11-25T19:40:10","slug":"continua-esta-semana-ayuntamiento-de-hermosillo-con-jornadas-de-bacheo","status":"publish","type":"post","link":"https:\/\/www.sonoraenequipo.com.mx\/continua-esta-semana-ayuntamiento-de-hermosillo-con-jornadas-de-bacheo\/","title":{"rendered":"Contin\u00faa esta semana Ayuntamiento de Hermosillo con jornadas de bacheo"},"content":{"rendered":"<p><strong>HERMOSILLO, SONORA, MX.<\/strong> \u2014 El Ayuntamiento de Hermosillo inici\u00f3 la semana con una jornada m\u00e1s de bacheo en distintos puntos de la ciudad, con el objetivo de mejorar la movilidad y ofrecer traslados m\u00e1s seguros a todas y todos los hermosillenses.<\/p>\n<p>&nbsp;<\/p>\n<p>Los puntos donde se realiz\u00f3 el bacheo son Agust\u00edn del Campo entre Cima y Mendoza en la colonia Casa Bonita; 12 de Octubre entre Luis Encinas y Veracruz colonia San Benito; Maza de Ju\u00e1rez y \u00c1lvaro Mu\u00f1oz en la colonia Santa Isabel; bulevar. Francisco Serna entre Hermenegildo Galeana y Rodolfo Campod\u00f3nico en la colonia Malec\u00f3n.<\/p>\n<p>&nbsp;<\/p>\n<p>Adem\u00e1s en bulevar Francisco Serna entre R\u00edo San Miguel y Reforma en la colonia Proyecto R\u00edo Sonora; Luis Donaldo Colosio entre Las Cruces y Paseo de las Quintas en la colonia Residencial Santa Fe; en calle Mineral de la Esperanza y Mina Plomosa se realiz\u00f3 bacheo con concreto hidr\u00e1ulico.<\/p>\n<p>&nbsp;<\/p>\n<p>Se trabaj\u00f3 en calle Segunda de Jacintos esquina Segunda de Narcisos; Cormor\u00e1n entre Escorpi\u00f3n Dorado y Toboso Amarillo en Palo verde Indeur; calle Cero esquina paseo Margarita; Bacerac entre calle Cero y calle Dos en la colonia Paseo Margarita; Paseo Margarita entre calle Cero y Paseo Margarita; Paseo de la Violetas entre calle Cero y Paseo Margarita; Cerrada Garnacha esquina Villa Merlot colonia Merlot; Cerrada Chenn esquina Villa Merlot colonia Merlot y Sierra Murrieta entre Rom\u00e1n Yocupicio y bulevar Francisco Serna en colonia Loma Linda.<\/p>\n<p><strong>Fecha de publicaci\u00f3n\u00a0 martes 25 de noviembre de 2025<\/strong><\/p>\n","protected":false},"excerpt":{"rendered":"<p>HERMOSILLO, SONORA, MX. \u2014 El Ayuntamiento de Hermosillo inici\u00f3 la semana con una jornada m\u00e1s&#8230;<\/p>\n","protected":false},"author":1,"featured_media":229447,"comment_status":"open","ping_status":"open","sticky":false,"template":"","format":"standard","meta":{"_monsterinsights_skip_tracking":false,"_monsterinsights_sitenote_active":false,"_monsterinsights_sitenote_note":"","_monsterinsights_sitenote_category":0,"footnotes":""},"categories":[4],"tags":[11974],"class_list":["post"],"yoast_head":" \n<title>Sonora en Equipo. Contin\u00faa esta semana Ayuntamiento de Hermosillo con jornadas de bacheo Municipios<\/title>\n<meta name=\"description\" content=\"HERMOSILLO, SONORA, MX. \u2014 El Ayuntamiento de Hermosillo inici\u00f3 la semana con una jornada m\u00e1s de bacheo en distintos puntos de la ciudad, con el objetivo En Sonora en Equipo publicamos toda la informaci\u00f3n de Sonora, M\u00e9xico y el Mundo de manera oportuna y busca que la libertad de expresi\u00f3n sea real. Visita nuestro medio informativo publicado desde Hermosillo, Sonora. %\" \/>\n<meta name=\"robots\" content=\"index, follow, max-snippet:-1, max-image-preview:large, max-video-preview:-1\" \/>\n<link rel=\"canonical\" href=\"https:\/\/www.sonoraenequipo.com.mx\/continua-esta-semana-ayuntamiento-de-hermosillo-con-jornadas-de-bacheo\/\" \/>\n<meta property=\"og:locale\" content=\"es_ES\" \/>\n<meta property=\"og:type\" content=\"article\" \/>\n<meta property=\"og:title\" content=\"Sonora en Equipo. Contin\u00faa esta semana Ayuntamiento de Hermosillo con jornadas de bacheo Municipios\" \/>\n<meta property=\"og:description\" content=\"HERMOSILLO, SONORA, MX. \u2014 El Ayuntamiento de Hermosillo inici\u00f3 la semana con una jornada m\u00e1s de bacheo en distintos puntos de la ciudad, con el objetivo En Sonora en Equipo publicamos toda la informaci\u00f3n de Sonora, M\u00e9xico y el Mundo de manera oportuna y busca que la libertad de expresi\u00f3n sea real. Visita nuestro medio informativo publicado desde Hermosillo, Sonora. %\" \/>\n<meta property=\"og:url\" content=\"https:\/\/www.sonoraenequipo.com.mx\/continua-esta-semana-ayuntamiento-de-hermosillo-con-jornadas-de-bacheo\/\" \/>\n<meta property=\"og:site_name\" content=\"Sonora en Equipo.\" \/>\n<meta property=\"article:publisher\" content=\"https:\/\/www.facebook.com\/SonoraEE\/\" \/>\n<meta property=\"article:author\" content=\"https:\/\/www.facebook.com\/SonoraEE\" \/>\n<meta property=\"article:published_time\" content=\"2025-11-25T19:40:10+00:00\" \/>\n<meta property=\"og:image\" content=\"https:\/\/www.sonoraenequipo.com.mx\/storage\/2025\/11\/bacheo-hmo-5.jpg\" \/>\n\t<meta property=\"og:image:width\" content=\"600\" \/>\n\t<meta property=\"og:image:height\" content=\"400\" \/>\n\t<meta property=\"og:image:type\" content=\"image\/jpeg\" \/>\n<meta name=\"author\" content=\"enequipo\" \/>\n<meta name=\"twitter:card\" content=\"summary_large_image\" \/>\n<meta name=\"twitter:creator\" content=\"@sonoraenequipo\" \/>\n<meta name=\"twitter:site\" content=\"@sonoraenequipo\" \/>\n<meta name=\"twitter:label1\" content=\"Escrito por\" \/>\n\t<meta name=\"twitter:data1\" content=\"enequipo\" \/>\n\t<meta name=\"twitter:label2\" content=\"Tiempo de lectura\" \/>\n\t<meta name=\"twitter:data2\" content=\"1 minuto\" \/>\n<script type=\"application\/ld+json\" class=\"yoast-schema-graph\">{\"@context\":\"https:\/\/schema.org\",\"@graph\":[{\"@type\":\"Article\",\"@id\":\"https:\/\/www.sonoraenequipo.com.mx\/continua-esta-semana-ayuntamiento-de-hermosillo-con-jornadas-de-bacheo\/#article\",\"isPartOf\":{\"@id\":\"https:\/\/www.sonoraenequipo.com.mx\/continua-esta-semana-ayuntamiento-de-hermosillo-con-jornadas-de-bacheo\/\"},\"author\":{\"name\":\"enequipo\",\"@id\":\"https:\/\/www.sonoraenequipo.com.mx\/#\/schema\/person\/50102df0fb23a8fa9e8effad8fa81386\"},\"headline\":\"Contin\u00faa esta semana Ayuntamiento de Hermosillo con jornadas de bacheo\",\"datePublished\":\"2025-11-25T19:40:10+00:00\",\"mainEntityOfPage\":{\"@id\":\"https:\/\/www.sonoraenequipo.com.mx\/continua-esta-semana-ayuntamiento-de-hermosillo-con-jornadas-de-bacheo\/\"},\"wordCount\":264,\"commentCount\":0,\"publisher\":{\"@id\":\"https:\/\/www.sonoraenequipo.com.mx\/#organization\"},\"image\":{\"@id\":\"https:\/\/www.sonoraenequipo.com.mx\/continua-esta-semana-ayuntamiento-de-hermosillo-con-jornadas-de-bacheo\/#primaryimage\"},\"thumbnailUrl\":\"https:\/\/www.sonoraenequipo.com.mx\/storage\/2025\/11\/bacheo-hmo-5.jpg\",\"keywords\":[\"bacheo Hermosillo\"],\"articleSection\":[\"Municipios\"],\"inLanguage\":\"es\",\"potentialAction\":[{\"@type\":\"CommentAction\",\"name\":\"Comment\",\"target\":[\"https:\/\/www.sonoraenequipo.com.mx\/continua-esta-semana-ayuntamiento-de-hermosillo-con-jornadas-de-bacheo\/#respond\"]}]},{\"@type\":\"WebPage\",\"@id\":\"https:\/\/www.sonoraenequipo.com.mx\/continua-esta-semana-ayuntamiento-de-hermosillo-con-jornadas-de-bacheo\/\",\"url\":\"https:\/\/www.sonoraenequipo.com.mx\/continua-esta-semana-ayuntamiento-de-hermosillo-con-jornadas-de-bacheo\/\",\"name\":\"Sonora en Equipo. Contin\u00faa esta semana Ayuntamiento de Hermosillo con jornadas de bacheo Municipios\",\"isPartOf\":{\"@id\":\"https:\/\/www.sonoraenequipo.com.mx\/#website\"},\"primaryImageOfPage\":{\"@id\":\"https:\/\/www.sonoraenequipo.com.mx\/continua-esta-semana-ayuntamiento-de-hermosillo-con-jornadas-de-bacheo\/#primaryimage\"},\"image\":{\"@id\":\"https:\/\/www.sonoraenequipo.com.mx\/continua-esta-semana-ayuntamiento-de-hermosillo-con-jornadas-de-bacheo\/#primaryimage\"},\"thumbnailUrl\":\"https:\/\/www.sonoraenequipo.com.mx\/storage\/2025\/11\/bacheo-hmo-5.jpg\",\"datePublished\":\"2025-11-25T19:40:10+00:00\",\"description\":\"HERMOSILLO, SONORA, MX. \u2014 El Ayuntamiento de Hermosillo inici\u00f3 la semana con una jornada m\u00e1s de bacheo en distintos puntos de la ciudad, con el objetivo En Sonora en Equipo publicamos toda la informaci\u00f3n de Sonora, M\u00e9xico y el Mundo de manera oportuna y busca que la libertad de expresi\u00f3n sea real. Visita nuestro medio informativo publicado desde Hermosillo, Sonora. %\",\"breadcrumb\":{\"@id\":\"https:\/\/www.sonoraenequipo.com.mx\/continua-esta-semana-ayuntamiento-de-hermosillo-con-jornadas-de-bacheo\/#breadcrumb\"},\"inLanguage\":\"es\",\"potentialAction\":[{\"@type\":\"ReadAction\",\"target\":[\"https:\/\/www.sonoraenequipo.com.mx\/continua-esta-semana-ayuntamiento-de-hermosillo-con-jornadas-de-bacheo\/\"]}]},{\"@type\":\"ImageObject\",\"inLanguage\":\"es\",\"@id\":\"https:\/\/www.sonoraenequipo.com.mx\/continua-esta-semana-ayuntamiento-de-hermosillo-con-jornadas-de-bacheo\/#primaryimage\",\"url\":\"https:\/\/www.sonoraenequipo.com.mx\/storage\/2025\/11\/bacheo-hmo-5.jpg\",\"contentUrl\":\"https:\/\/www.sonoraenequipo.com.mx\/storage\/2025\/11\/bacheo-hmo-5.jpg\",\"width\":600,\"height\":400},{\"@type\":\"BreadcrumbList\",\"@id\":\"https:\/\/www.sonoraenequipo.com.mx\/continua-esta-semana-ayuntamiento-de-hermosillo-con-jornadas-de-bacheo\/#breadcrumb\",\"itemListElement\":[{\"@type\":\"ListItem\",\"position\":1,\"name\":\"Portada\",\"item\":\"https:\/\/www.sonoraenequipo.com.mx\/\"},{\"@type\":\"ListItem\",\"position\":2,\"name\":\"Contin\u00faa esta semana Ayuntamiento de Hermosillo con jornadas de bacheo\"}]},{\"@type\":\"WebSite\",\"@id\":\"https:\/\/www.sonoraenequipo.com.mx\/#website\",\"url\":\"https:\/\/www.sonoraenequipo.com.mx\/\",\"name\":\"Sonora en Equipo.\",\"description\":\"Diario en l\u00ednea con Noticias desde Hermosillo, Sonora\",\"publisher\":{\"@id\":\"https:\/\/www.sonoraenequipo.com.mx\/#organization\"},\"potentialAction\":[{\"@type\":\"SearchAction\",\"target\":{\"@type\":\"EntryPoint\",\"urlTemplate\":\"https:\/\/www.sonoraenequipo.com.mx\/?s={search_term_string}\"},\"query-input\":{\"@type\":\"PropertyValueSpecification\",\"valueRequired\":true,\"valueName\":\"search_term_string\"}}],\"inLanguage\":\"es\"},{\"@type\":\"Organization\",\"@id\":\"https:\/\/www.sonoraenequipo.com.mx\/#organization\",\"name\":\"Sonoraenequipo.com.mx\",\"url\":\"https:\/\/www.sonoraenequipo.com.mx\/\",\"logo\":{\"@type\":\"ImageObject\",\"inLanguage\":\"es\",\"@id\":\"https:\/\/www.sonoraenequipo.com.mx\/#\/schema\/logo\/image\/\",\"url\":\"https:\/\/www.sonoraenequipo.com.mx\/storage\/2019\/01\/sonoraenequipo_opt.png\",\"contentUrl\":\"https:\/\/www.sonoraenequipo.com.mx\/storage\/2019\/01\/sonoraenequipo_opt.png\",\"width\":375,\"height\":125,\"caption\":\"Sonoraenequipo.com.mx\"},\"image\":{\"@id\":\"https:\/\/www.sonoraenequipo.com.mx\/#\/schema\/logo\/image\/\"},\"sameAs\":[\"https:\/\/www.facebook.com\/SonoraEE\/\",\"https:\/\/x.com\/sonoraenequipo\",\"https:\/\/www.youtube.com\/channel\/UC338nW-lPEYmJQs4ZABQ1SQ\"]},{\"@type\":\"Person\",\"@id\":\"https:\/\/www.sonoraenequipo.com.mx\/#\/schema\/person\/50102df0fb23a8fa9e8effad8fa81386\",\"name\":\"enequipo\",\"image\":{\"@type\":\"ImageObject\",\"inLanguage\":\"es\",\"@id\":\"https:\/\/www.sonoraenequipo.com.mx\/#\/schema\/person\/image\/\",\"url\":\"https:\/\/secure.gravatar.com\/avatar\/049821681b589dabc0bc20695993ccebb09f5b5d4d790cd9251b97faac7c652b?s=96&d=blank&r=g\",\"contentUrl\":\"https:\/\/secure.gravatar.com\/avatar\/049821681b589dabc0bc20695993ccebb09f5b5d4d790cd9251b97faac7c652b?s=96&d=blank&r=g\",\"caption\":\"enequipo\"},\"sameAs\":[\"https:\/\/www.facebook.com\/SonoraEE\"]}]}<\/script>\n ","yoast_head_json":{"title":"Sonora en Equipo. Contin\u00faa esta semana Ayuntamiento de Hermosillo con jornadas de bacheo Municipios","description":"HERMOSILLO, SONORA, MX. \u2014 El Ayuntamiento de Hermosillo inici\u00f3 la semana con una jornada m\u00e1s de bacheo en distintos puntos de la ciudad, con el objetivo En Sonora en Equipo publicamos toda la informaci\u00f3n de Sonora, M\u00e9xico y el Mundo de manera oportuna y busca que la libertad de expresi\u00f3n sea real. Visita nuestro medio informativo publicado desde Hermosillo, Sonora. %","robots":{"index":"index","follow":"follow","max-snippet":"max-snippet:-1","max-image-preview":"max-image-preview:large","max-video-preview":"max-video-preview:-1"},"canonical":"https:\/\/www.sonoraenequipo.com.mx\/continua-esta-semana-ayuntamiento-de-hermosillo-con-jornadas-de-bacheo\/","og_locale":"es_ES","og_type":"article","og_title":"Sonora en Equipo. Contin\u00faa esta semana Ayuntamiento de Hermosillo con jornadas de bacheo Municipios","og_description":"HERMOSILLO, SONORA, MX. \u2014 El Ayuntamiento de Hermosillo inici\u00f3 la semana con una jornada m\u00e1s de bacheo en distintos puntos de la ciudad, con el objetivo En Sonora en Equipo publicamos toda la informaci\u00f3n de Sonora, M\u00e9xico y el Mundo de manera oportuna y busca que la libertad de expresi\u00f3n sea real. Visita nuestro medio informativo publicado desde Hermosillo, Sonora. %","og_url":"https:\/\/www.sonoraenequipo.com.mx\/continua-esta-semana-ayuntamiento-de-hermosillo-con-jornadas-de-bacheo\/","og_site_name":"Sonora en Equipo.","article_publisher":"https:\/\/www.facebook.com\/SonoraEE\/","article_author":"https:\/\/www.facebook.com\/SonoraEE","article_published_time":"2025-11-25T19:40:10+00:00","og_image":[{"width":600,"height":400,"url":"https:\/\/www.sonoraenequipo.com.mx\/storage\/2025\/11\/bacheo-hmo-5.jpg","type":"image\/jpeg"}],"author":"enequipo","twitter_card":"summary_large_image","twitter_creator":"@sonoraenequipo","twitter_site":"@sonoraenequipo","twitter_misc":{"Escrito por":"enequipo","Tiempo de lectura":"1 minuto"},"schema":{"@context":"https:\/\/schema.org","@graph":[{"@type":"Article","@id":"https:\/\/www.sonoraenequipo.com.mx\/continua-esta-semana-ayuntamiento-de-hermosillo-con-jornadas-de-bacheo\/#article","isPartOf":{"@id":"https:\/\/www.sonoraenequipo.com.mx\/continua-esta-semana-ayuntamiento-de-hermosillo-con-jornadas-de-bacheo\/"},"author":{"name":"enequipo","@id":"https:\/\/www.sonoraenequipo.com.mx\/#\/schema\/person\/50102df0fb23a8fa9e8effad8fa81386"},"headline":"Contin\u00faa esta semana Ayuntamiento de Hermosillo con jornadas de bacheo","datePublished":"2025-11-25T19:40:10+00:00","mainEntityOfPage":{"@id":"https:\/\/www.sonoraenequipo.com.mx\/continua-esta-semana-ayuntamiento-de-hermosillo-con-jornadas-de-bacheo\/"},"wordCount":264,"commentCount":0,"publisher":{"@id":"https:\/\/www.sonoraenequipo.com.mx\/#organization"},"image":{"@id":"https:\/\/www.sonoraenequipo.com.mx\/continua-esta-semana-ayuntamiento-de-hermosillo-con-jornadas-de-bacheo\/#primaryimage"},"thumbnailUrl":"https:\/\/www.sonoraenequipo.com.mx\/storage\/2025\/11\/bacheo-hmo-5.jpg","keywords":["bacheo Hermosillo"],"articleSection":["Municipios"],"inLanguage":"es","potentialAction":[{"@type":"CommentAction","name":"Comment","target":["https:\/\/www.sonoraenequipo.com.mx\/continua-esta-semana-ayuntamiento-de-hermosillo-con-jornadas-de-bacheo\/#respond"]}]},{"@type":"WebPage","@id":"https:\/\/www.sonoraenequipo.com.mx\/continua-esta-semana-ayuntamiento-de-hermosillo-con-jornadas-de-bacheo\/","url":"https:\/\/www.sonoraenequipo.com.mx\/continua-esta-semana-ayuntamiento-de-hermosillo-con-jornadas-de-bacheo\/","name":"Sonora en Equipo. Contin\u00faa esta semana Ayuntamiento de Hermosillo con jornadas de bacheo Municipios","isPartOf":{"@id":"https:\/\/www.sonoraenequipo.com.mx\/#website"},"primaryImageOfPage":{"@id":"https:\/\/www.sonoraenequipo.com.mx\/continua-esta-semana-ayuntamiento-de-hermosillo-con-jornadas-de-bacheo\/#primaryimage"},"image":{"@id":"https:\/\/www.sonoraenequipo.com.mx\/continua-esta-semana-ayuntamiento-de-hermosillo-con-jornadas-de-bacheo\/#primaryimage"},"thumbnailUrl":"https:\/\/www.sonoraenequipo.com.mx\/storage\/2025\/11\/bacheo-hmo-5.jpg","datePublished":"2025-11-25T19:40:10+00:00","description":"HERMOSILLO, SONORA, MX. \u2014 El Ayuntamiento de Hermosillo inici\u00f3 la semana con una jornada m\u00e1s de bacheo en distintos puntos de la ciudad, con el objetivo En Sonora en Equipo publicamos toda la informaci\u00f3n de Sonora, M\u00e9xico y el Mundo de manera oportuna y busca que la libertad de expresi\u00f3n sea real. Visita nuestro medio informativo publicado desde Hermosillo, Sonora. %","breadcrumb":{"@id":"https:\/\/www.sonoraenequipo.com.mx\/continua-esta-semana-ayuntamiento-de-hermosillo-con-jornadas-de-bacheo\/#breadcrumb"},"inLanguage":"es","potentialAction":[{"@type":"ReadAction","target":["https:\/\/www.sonoraenequipo.com.mx\/continua-esta-semana-ayuntamiento-de-hermosillo-con-jornadas-de-bacheo\/"]}]},{"@type":"ImageObject","inLanguage":"es","@id":"https:\/\/www.sonoraenequipo.com.mx\/continua-esta-semana-ayuntamiento-de-hermosillo-con-jornadas-de-bacheo\/#primaryimage","url":"https:\/\/www.sonoraenequipo.com.mx\/storage\/2025\/11\/bacheo-hmo-5.jpg","contentUrl":"https:\/\/www.sonoraenequipo.com.mx\/storage\/2025\/11\/bacheo-hmo-5.jpg","width":600,"height":400},{"@type":"BreadcrumbList","@id":"https:\/\/www.sonoraenequipo.com.mx\/continua-esta-semana-ayuntamiento-de-hermosillo-con-jornadas-de-bacheo\/#breadcrumb","itemListElement":[{"@type":"ListItem","position":1,"name":"Portada","item":"https:\/\/www.sonoraenequipo.com.mx\/"},{"@type":"ListItem","position":2,"name":"Contin\u00faa esta semana Ayuntamiento de Hermosillo con jornadas de bacheo"}]},{"@type":"WebSite","@id":"https:\/\/www.sonoraenequipo.com.mx\/#website","url":"https:\/\/www.sonoraenequipo.com.mx\/","name":"Sonora en Equipo.","description":"Diario en l\u00ednea con Noticias desde Hermosillo, Sonora","publisher":{"@id":"https:\/\/www.sonoraenequipo.com.mx\/#organization"},"potentialAction":[{"@type":"SearchAction","target":{"@type":"EntryPoint","urlTemplate":"https:\/\/www.sonoraenequipo.com.mx\/?s={search_term_string}"},"query-input":{"@type":"PropertyValueSpecification","valueRequired":true,"valueName":"search_term_string"}}],"inLanguage":"es"},{"@type":"Organization","@id":"https:\/\/www.sonoraenequipo.com.mx\/#organization","name":"Sonoraenequipo.com.mx","url":"https:\/\/www.sonoraenequipo.com.mx\/","logo":{"@type":"ImageObject","inLanguage":"es","@id":"https:\/\/www.sonoraenequipo.com.mx\/#\/schema\/logo\/image\/","url":"https:\/\/www.sonoraenequipo.com.mx\/storage\/2019\/01\/sonoraenequipo_opt.png","contentUrl":"https:\/\/www.sonoraenequipo.com.mx\/storage\/2019\/01\/sonoraenequipo_opt.png","width":375,"height":125,"caption":"Sonoraenequipo.com.mx"},"image":{"@id":"https:\/\/www.sonoraenequipo.com.mx\/#\/schema\/logo\/image\/"},"sameAs":["https:\/\/www.facebook.com\/SonoraEE\/","https:\/\/x.com\/sonoraenequipo","https:\/\/www.youtube.com\/channel\/UC338nW-lPEYmJQs4ZABQ1SQ"]},{"@type":"Person","@id":"https:\/\/www.sonoraenequipo.com.mx\/#\/schema\/person\/50102df0fb23a8fa9e8effad8fa81386","name":"enequipo","image":{"@type":"ImageObject","inLanguage":"es","@id":"https:\/\/www.sonoraenequipo.com.mx\/#\/schema\/person\/image\/","url":"https:\/\/secure.gravatar.com\/avatar\/049821681b589dabc0bc20695993ccebb09f5b5d4d790cd9251b97faac7c652b?s=96&d=blank&r=g","contentUrl":"https:\/\/secure.gravatar.com\/avatar\/049821681b589dabc0bc20695993ccebb09f5b5d4d790cd9251b97faac7c652b?s=96&d=blank&r=g","caption":"enequipo"},"sameAs":["https:\/\/www.facebook.com\/SonoraEE"]}]}},"jetpack_featured_media_url":"https:\/\/www.sonoraenequipo.com.mx\/storage\/2025\/11\/bacheo-hmo-5.jpg","_links":{"self":[{"href":"https:\/\/www.sonoraenequipo.com.mx\/api\/wp\/v2\/posts\/229446","targetHints":{"allow":["GET"]}}],"collection":[{"href":"https:\/\/www.sonoraenequipo.com.mx\/api\/wp\/v2\/posts"}],"about":[{"href":"https:\/\/www.sonoraenequipo.com.mx\/api\/wp\/v2\/types\/post"}],"author":[{"embeddable":true,"href":"https:\/\/www.sonoraenequipo.com.mx\/api\/wp\/v2\/users\/1"}],"replies":[{"embeddable":true,"href":"https:\/\/www.sonoraenequipo.com.mx\/api\/wp\/v2\/comments?post=229446"}],"version-history":[{"count":1,"href":"https:\/\/www.sonoraenequipo.com.mx\/api\/wp\/v2\/posts\/229446\/revisions"}],"predecessor-version":[{"id":229448,"href":"https:\/\/www.sonoraenequipo.com.mx\/api\/wp\/v2\/posts\/229446\/revisions\/229448"}],"wp:featuredmedia":[{"embeddable":true,"href":"https:\/\/www.sonoraenequipo.com.mx\/api\/wp\/v2\/media\/229447"}],"wp:attachment":[{"href":"https:\/\/www.sonoraenequipo.com.mx\/api\/wp\/v2\/media?parent=229446"}],"wp:term":[{"taxonomy":"category","embeddable":true,"href":"https:\/\/www.sonoraenequipo.com.mx\/api\/wp\/v2\/categories?post=229446"},{"taxonomy":"post_tag","embeddable":true,"href":"https:\/\/www.sonoraenequipo.com.mx\/api\/wp\/v2\/tags?post=229446"}],"curies":[{"name":"wp","href":"https:\/\/api.w.org\/{rel}","templated":true}]}}