{"id":229539,"date":"2025-11-26T13:30:59","date_gmt":"2025-11-26T20:30:59","guid":{"rendered":"https:\/\/www.sonoraenequipo.com.mx\/?p=229539"},"modified":"2025-11-26T13:30:59","modified_gmt":"2025-11-26T20:30:59","slug":"aumento-poblacion-ocupada-en-sonora-en-3t-de-2025","status":"publish","type":"post","link":"https:\/\/www.sonoraenequipo.com.mx\/aumento-poblacion-ocupada-en-sonora-en-3t-de-2025\/","title":{"rendered":"Aument\u00f3 poblaci\u00f3n ocupada en Sonora En 3T de 2025"},"content":{"rendered":"<p>La Encuesta Nacional de Ocupaci\u00f3n y Empleo (ENOE) muestra el comportamiento del mercado laboral mexicano sobre la poblaci\u00f3n econ\u00f3micamente activa (PEA), la ocupaci\u00f3n, la informalidad laboral, la subocupaci\u00f3n y la desocupaci\u00f3n. La ENOE ofrece las estimaciones para cuatro tama\u00f1os de localidad a nivel nacional, de las 32 entidades federativas, as\u00ed como de 39 ciudades autorepresentadas de inter\u00e9s.<\/p>\n<p>&nbsp;<\/p>\n<ol>\n<li><strong> PRINCIPALES RESULTADOS PARA SONORA<\/strong><\/li>\n<\/ol>\n<p>&nbsp;<\/p>\n<p>En el tercer trimestre (3T) de 2025, 1.4 millones de personas se encontraban ocupadas: 47 mil m\u00e1s en relaci\u00f3n con el tercer trimestre de 2024. La disminuci\u00f3n m\u00e1s significativa se concentr\u00f3 en las actividades del sector de la construcci\u00f3n.<\/p>\n<p>&nbsp;<\/p>\n<p>La poblaci\u00f3n desocupada sum\u00f3 52 mil personas. Esta cantidad represent\u00f3 una tasa de desocupaci\u00f3n de 3.5\u2009% de la PEA, cifra menor a la del mismo trimestre de un a\u00f1o anterior.<\/p>\n<p>La poblaci\u00f3n subocupada fue de 93 mil personas, lo que represent\u00f3 6.5\u2009% de la poblaci\u00f3n ocupada. El porcentaje fue superior al del tercer trimestre de 2024 (6.0\u2009%).<\/p>\n<p>&nbsp;<\/p>\n<p>La tasa de condiciones cr\u00edticas de ocupaci\u00f3n \u2014que se calcula a partir de salarios m\u00ednimos equivalentes, base de enero de 2025\u2014 fue de 26.6 por ciento. En 2024, fue de 26.7 por ciento. Por su parte, en el tercer trimestre de 2025, la tasa de informalidad laboral 2 (TIL2) se ubic\u00f3 en<\/p>\n<p>42.0 por ciento. En el mismo periodo de 2024, fue de 38.4\u2009% (ver cuadro 1).<\/p>\n<ol>\n<li><strong> INDICADORES SELECCIONADOS<\/strong><\/li>\n<\/ol>\n<p>&nbsp;<\/p>\n<p><strong>Composici\u00f3n de la poblaci\u00f3n de 15 a\u00f1os y m\u00e1s<\/strong><\/p>\n<p>&nbsp;<\/p>\n<p>En el tercer trimestre de 2025, la PEA fue de 1.5 millones de personas (una tasa de participaci\u00f3n de 62.1\u2009%). Un a\u00f1o antes, fue de 1.4 millones, pero con una tasa de participaci\u00f3n m\u00e1s baja (60.6\u2009%), lo que signific\u00f3 un incremento de<\/p>\n<p>47\u2009mil personas. La PEA femenina fue de 643 mil y la masculina, de 846 mil:<\/p>\n<p>37 mil y 10 mil personas m\u00e1s que en el tercer trimestre de 2024, respectivamente. As\u00ed,<\/p>\n<p>51 de cada 100 mujeres y 74 de cada 100 hombres en edad de trabajar fueron personas econ\u00f3micamente activas.<\/p>\n<p><strong>Fecha de publicaci\u00f3n\u00a0 mi\u00e9rcoles 26 de noviembre de 2025<\/strong><\/p>\n","protected":false},"excerpt":{"rendered":"<p>La Encuesta Nacional de Ocupaci\u00f3n y Empleo (ENOE) muestra el comportamiento del mercado laboral mexicano&#8230;<\/p>\n","protected":false},"author":1,"featured_media":177605,"comment_status":"open","ping_status":"open","sticky":false,"template":"","format":"standard","meta":{"_monsterinsights_skip_tracking":false,"_monsterinsights_sitenote_active":false,"_monsterinsights_sitenote_note":"","_monsterinsights_sitenote_category":0,"footnotes":""},"categories":[6493],"tags":[12108,8504,15],"class_list":["post"],"yoast_head":" \n<title>Sonora en Equipo. Aument\u00f3 poblaci\u00f3n ocupada en Sonora En 3T de 2025 PALABRAS Y N\u00daMEROS<\/title>\n<meta name=\"description\" content=\"La Encuesta Nacional de Ocupaci\u00f3n y Empleo (ENOE) muestra el comportamiento del mercado laboral mexicano sobre la poblaci\u00f3n econ\u00f3micamente activa (PEA), En Sonora en Equipo publicamos toda la informaci\u00f3n de Sonora, M\u00e9xico y el Mundo de manera oportuna y busca que la libertad de expresi\u00f3n sea real. Visita nuestro medio informativo publicado desde Hermosillo, Sonora. %\" \/>\n<meta name=\"robots\" content=\"index, follow, max-snippet:-1, max-image-preview:large, max-video-preview:-1\" \/>\n<link rel=\"canonical\" href=\"https:\/\/www.sonoraenequipo.com.mx\/aumento-poblacion-ocupada-en-sonora-en-3t-de-2025\/\" \/>\n<meta property=\"og:locale\" content=\"es_ES\" \/>\n<meta property=\"og:type\" content=\"article\" \/>\n<meta property=\"og:title\" content=\"Sonora en Equipo. Aument\u00f3 poblaci\u00f3n ocupada en Sonora En 3T de 2025 PALABRAS Y N\u00daMEROS\" \/>\n<meta property=\"og:description\" content=\"La Encuesta Nacional de Ocupaci\u00f3n y Empleo (ENOE) muestra el comportamiento del mercado laboral mexicano sobre la poblaci\u00f3n econ\u00f3micamente activa (PEA), En Sonora en Equipo publicamos toda la informaci\u00f3n de Sonora, M\u00e9xico y el Mundo de manera oportuna y busca que la libertad de expresi\u00f3n sea real. Visita nuestro medio informativo publicado desde Hermosillo, Sonora. %\" \/>\n<meta property=\"og:url\" content=\"https:\/\/www.sonoraenequipo.com.mx\/aumento-poblacion-ocupada-en-sonora-en-3t-de-2025\/\" \/>\n<meta property=\"og:site_name\" content=\"Sonora en Equipo.\" \/>\n<meta property=\"article:publisher\" content=\"https:\/\/www.facebook.com\/SonoraEE\/\" \/>\n<meta property=\"article:author\" content=\"https:\/\/www.facebook.com\/SonoraEE\" \/>\n<meta property=\"article:published_time\" content=\"2025-11-26T20:30:59+00:00\" \/>\n<meta property=\"og:image\" content=\"https:\/\/www.sonoraenequipo.com.mx\/storage\/2023\/10\/obra-insustria-de-la-construccion...-min.jpg\" \/>\n\t<meta property=\"og:image:width\" content=\"900\" \/>\n\t<meta property=\"og:image:height\" content=\"506\" \/>\n\t<meta property=\"og:image:type\" content=\"image\/jpeg\" \/>\n<meta name=\"author\" content=\"enequipo\" \/>\n<meta name=\"twitter:card\" content=\"summary_large_image\" \/>\n<meta name=\"twitter:creator\" content=\"@sonoraenequipo\" \/>\n<meta name=\"twitter:site\" content=\"@sonoraenequipo\" \/>\n<meta name=\"twitter:label1\" content=\"Escrito por\" \/>\n\t<meta name=\"twitter:data1\" content=\"enequipo\" \/>\n\t<meta name=\"twitter:label2\" content=\"Tiempo de lectura\" \/>\n\t<meta name=\"twitter:data2\" content=\"2 minutos\" \/>\n<script type=\"application\/ld+json\" class=\"yoast-schema-graph\">{\"@context\":\"https:\/\/schema.org\",\"@graph\":[{\"@type\":\"Article\",\"@id\":\"https:\/\/www.sonoraenequipo.com.mx\/aumento-poblacion-ocupada-en-sonora-en-3t-de-2025\/#article\",\"isPartOf\":{\"@id\":\"https:\/\/www.sonoraenequipo.com.mx\/aumento-poblacion-ocupada-en-sonora-en-3t-de-2025\/\"},\"author\":{\"name\":\"enequipo\",\"@id\":\"https:\/\/www.sonoraenequipo.com.mx\/#\/schema\/person\/50102df0fb23a8fa9e8effad8fa81386\"},\"headline\":\"Aument\u00f3 poblaci\u00f3n ocupada en Sonora En 3T de 2025\",\"datePublished\":\"2025-11-26T20:30:59+00:00\",\"mainEntityOfPage\":{\"@id\":\"https:\/\/www.sonoraenequipo.com.mx\/aumento-poblacion-ocupada-en-sonora-en-3t-de-2025\/\"},\"wordCount\":345,\"commentCount\":0,\"publisher\":{\"@id\":\"https:\/\/www.sonoraenequipo.com.mx\/#organization\"},\"image\":{\"@id\":\"https:\/\/www.sonoraenequipo.com.mx\/aumento-poblacion-ocupada-en-sonora-en-3t-de-2025\/#primaryimage\"},\"thumbnailUrl\":\"https:\/\/www.sonoraenequipo.com.mx\/storage\/2023\/10\/obra-insustria-de-la-construccion...-min.jpg\",\"keywords\":[\"ocupada\",\"poblaci\u00f3n\",\"Sonora\"],\"articleSection\":[\"PALABRAS Y N\u00daMEROS\"],\"inLanguage\":\"es\",\"potentialAction\":[{\"@type\":\"CommentAction\",\"name\":\"Comment\",\"target\":[\"https:\/\/www.sonoraenequipo.com.mx\/aumento-poblacion-ocupada-en-sonora-en-3t-de-2025\/#respond\"]}]},{\"@type\":\"WebPage\",\"@id\":\"https:\/\/www.sonoraenequipo.com.mx\/aumento-poblacion-ocupada-en-sonora-en-3t-de-2025\/\",\"url\":\"https:\/\/www.sonoraenequipo.com.mx\/aumento-poblacion-ocupada-en-sonora-en-3t-de-2025\/\",\"name\":\"Sonora en Equipo. Aument\u00f3 poblaci\u00f3n ocupada en Sonora En 3T de 2025 PALABRAS Y N\u00daMEROS\",\"isPartOf\":{\"@id\":\"https:\/\/www.sonoraenequipo.com.mx\/#website\"},\"primaryImageOfPage\":{\"@id\":\"https:\/\/www.sonoraenequipo.com.mx\/aumento-poblacion-ocupada-en-sonora-en-3t-de-2025\/#primaryimage\"},\"image\":{\"@id\":\"https:\/\/www.sonoraenequipo.com.mx\/aumento-poblacion-ocupada-en-sonora-en-3t-de-2025\/#primaryimage\"},\"thumbnailUrl\":\"https:\/\/www.sonoraenequipo.com.mx\/storage\/2023\/10\/obra-insustria-de-la-construccion...-min.jpg\",\"datePublished\":\"2025-11-26T20:30:59+00:00\",\"description\":\"La Encuesta Nacional de Ocupaci\u00f3n y Empleo (ENOE) muestra el comportamiento del mercado laboral mexicano sobre la poblaci\u00f3n econ\u00f3micamente activa (PEA), En Sonora en Equipo publicamos toda la informaci\u00f3n de Sonora, M\u00e9xico y el Mundo de manera oportuna y busca que la libertad de expresi\u00f3n sea real. Visita nuestro medio informativo publicado desde Hermosillo, Sonora. %\",\"breadcrumb\":{\"@id\":\"https:\/\/www.sonoraenequipo.com.mx\/aumento-poblacion-ocupada-en-sonora-en-3t-de-2025\/#breadcrumb\"},\"inLanguage\":\"es\",\"potentialAction\":[{\"@type\":\"ReadAction\",\"target\":[\"https:\/\/www.sonoraenequipo.com.mx\/aumento-poblacion-ocupada-en-sonora-en-3t-de-2025\/\"]}]},{\"@type\":\"ImageObject\",\"inLanguage\":\"es\",\"@id\":\"https:\/\/www.sonoraenequipo.com.mx\/aumento-poblacion-ocupada-en-sonora-en-3t-de-2025\/#primaryimage\",\"url\":\"https:\/\/www.sonoraenequipo.com.mx\/storage\/2023\/10\/obra-insustria-de-la-construccion...-min.jpg\",\"contentUrl\":\"https:\/\/www.sonoraenequipo.com.mx\/storage\/2023\/10\/obra-insustria-de-la-construccion...-min.jpg\",\"width\":900,\"height\":506,\"caption\":\"sector de la construcci\u00f3n el que mas creci\u00f3 en Sonora en el tercer trimestre de 2025. en la imagen modernizaci\u00f3n del paso a desnivel en Luis Encinas y Am\u00e9ricas\"},{\"@type\":\"BreadcrumbList\",\"@id\":\"https:\/\/www.sonoraenequipo.com.mx\/aumento-poblacion-ocupada-en-sonora-en-3t-de-2025\/#breadcrumb\",\"itemListElement\":[{\"@type\":\"ListItem\",\"position\":1,\"name\":\"Portada\",\"item\":\"https:\/\/www.sonoraenequipo.com.mx\/\"},{\"@type\":\"ListItem\",\"position\":2,\"name\":\"Aument\u00f3 poblaci\u00f3n ocupada en Sonora En 3T de 2025\"}]},{\"@type\":\"WebSite\",\"@id\":\"https:\/\/www.sonoraenequipo.com.mx\/#website\",\"url\":\"https:\/\/www.sonoraenequipo.com.mx\/\",\"name\":\"Sonora en Equipo.\",\"description\":\"Diario en l\u00ednea con Noticias desde Hermosillo, Sonora\",\"publisher\":{\"@id\":\"https:\/\/www.sonoraenequipo.com.mx\/#organization\"},\"potentialAction\":[{\"@type\":\"SearchAction\",\"target\":{\"@type\":\"EntryPoint\",\"urlTemplate\":\"https:\/\/www.sonoraenequipo.com.mx\/?s={search_term_string}\"},\"query-input\":{\"@type\":\"PropertyValueSpecification\",\"valueRequired\":true,\"valueName\":\"search_term_string\"}}],\"inLanguage\":\"es\"},{\"@type\":\"Organization\",\"@id\":\"https:\/\/www.sonoraenequipo.com.mx\/#organization\",\"name\":\"Sonoraenequipo.com.mx\",\"url\":\"https:\/\/www.sonoraenequipo.com.mx\/\",\"logo\":{\"@type\":\"ImageObject\",\"inLanguage\":\"es\",\"@id\":\"https:\/\/www.sonoraenequipo.com.mx\/#\/schema\/logo\/image\/\",\"url\":\"https:\/\/www.sonoraenequipo.com.mx\/storage\/2019\/01\/sonoraenequipo_opt.png\",\"contentUrl\":\"https:\/\/www.sonoraenequipo.com.mx\/storage\/2019\/01\/sonoraenequipo_opt.png\",\"width\":375,\"height\":125,\"caption\":\"Sonoraenequipo.com.mx\"},\"image\":{\"@id\":\"https:\/\/www.sonoraenequipo.com.mx\/#\/schema\/logo\/image\/\"},\"sameAs\":[\"https:\/\/www.facebook.com\/SonoraEE\/\",\"https:\/\/x.com\/sonoraenequipo\",\"https:\/\/www.youtube.com\/channel\/UC338nW-lPEYmJQs4ZABQ1SQ\"]},{\"@type\":\"Person\",\"@id\":\"https:\/\/www.sonoraenequipo.com.mx\/#\/schema\/person\/50102df0fb23a8fa9e8effad8fa81386\",\"name\":\"enequipo\",\"image\":{\"@type\":\"ImageObject\",\"inLanguage\":\"es\",\"@id\":\"https:\/\/www.sonoraenequipo.com.mx\/#\/schema\/person\/image\/\",\"url\":\"https:\/\/secure.gravatar.com\/avatar\/049821681b589dabc0bc20695993ccebb09f5b5d4d790cd9251b97faac7c652b?s=96&d=blank&r=g\",\"contentUrl\":\"https:\/\/secure.gravatar.com\/avatar\/049821681b589dabc0bc20695993ccebb09f5b5d4d790cd9251b97faac7c652b?s=96&d=blank&r=g\",\"caption\":\"enequipo\"},\"sameAs\":[\"https:\/\/www.facebook.com\/SonoraEE\"]}]}<\/script>\n ","yoast_head_json":{"title":"Sonora en Equipo. Aument\u00f3 poblaci\u00f3n ocupada en Sonora En 3T de 2025 PALABRAS Y N\u00daMEROS","description":"La Encuesta Nacional de Ocupaci\u00f3n y Empleo (ENOE) muestra el comportamiento del mercado laboral mexicano sobre la poblaci\u00f3n econ\u00f3micamente activa (PEA), En Sonora en Equipo publicamos toda la informaci\u00f3n de Sonora, M\u00e9xico y el Mundo de manera oportuna y busca que la libertad de expresi\u00f3n sea real. Visita nuestro medio informativo publicado desde Hermosillo, Sonora. %","robots":{"index":"index","follow":"follow","max-snippet":"max-snippet:-1","max-image-preview":"max-image-preview:large","max-video-preview":"max-video-preview:-1"},"canonical":"https:\/\/www.sonoraenequipo.com.mx\/aumento-poblacion-ocupada-en-sonora-en-3t-de-2025\/","og_locale":"es_ES","og_type":"article","og_title":"Sonora en Equipo. Aument\u00f3 poblaci\u00f3n ocupada en Sonora En 3T de 2025 PALABRAS Y N\u00daMEROS","og_description":"La Encuesta Nacional de Ocupaci\u00f3n y Empleo (ENOE) muestra el comportamiento del mercado laboral mexicano sobre la poblaci\u00f3n econ\u00f3micamente activa (PEA), En Sonora en Equipo publicamos toda la informaci\u00f3n de Sonora, M\u00e9xico y el Mundo de manera oportuna y busca que la libertad de expresi\u00f3n sea real. Visita nuestro medio informativo publicado desde Hermosillo, Sonora. %","og_url":"https:\/\/www.sonoraenequipo.com.mx\/aumento-poblacion-ocupada-en-sonora-en-3t-de-2025\/","og_site_name":"Sonora en Equipo.","article_publisher":"https:\/\/www.facebook.com\/SonoraEE\/","article_author":"https:\/\/www.facebook.com\/SonoraEE","article_published_time":"2025-11-26T20:30:59+00:00","og_image":[{"width":900,"height":506,"url":"https:\/\/www.sonoraenequipo.com.mx\/storage\/2023\/10\/obra-insustria-de-la-construccion...-min.jpg","type":"image\/jpeg"}],"author":"enequipo","twitter_card":"summary_large_image","twitter_creator":"@sonoraenequipo","twitter_site":"@sonoraenequipo","twitter_misc":{"Escrito por":"enequipo","Tiempo de lectura":"2 minutos"},"schema":{"@context":"https:\/\/schema.org","@graph":[{"@type":"Article","@id":"https:\/\/www.sonoraenequipo.com.mx\/aumento-poblacion-ocupada-en-sonora-en-3t-de-2025\/#article","isPartOf":{"@id":"https:\/\/www.sonoraenequipo.com.mx\/aumento-poblacion-ocupada-en-sonora-en-3t-de-2025\/"},"author":{"name":"enequipo","@id":"https:\/\/www.sonoraenequipo.com.mx\/#\/schema\/person\/50102df0fb23a8fa9e8effad8fa81386"},"headline":"Aument\u00f3 poblaci\u00f3n ocupada en Sonora En 3T de 2025","datePublished":"2025-11-26T20:30:59+00:00","mainEntityOfPage":{"@id":"https:\/\/www.sonoraenequipo.com.mx\/aumento-poblacion-ocupada-en-sonora-en-3t-de-2025\/"},"wordCount":345,"commentCount":0,"publisher":{"@id":"https:\/\/www.sonoraenequipo.com.mx\/#organization"},"image":{"@id":"https:\/\/www.sonoraenequipo.com.mx\/aumento-poblacion-ocupada-en-sonora-en-3t-de-2025\/#primaryimage"},"thumbnailUrl":"https:\/\/www.sonoraenequipo.com.mx\/storage\/2023\/10\/obra-insustria-de-la-construccion...-min.jpg","keywords":["ocupada","poblaci\u00f3n","Sonora"],"articleSection":["PALABRAS Y N\u00daMEROS"],"inLanguage":"es","potentialAction":[{"@type":"CommentAction","name":"Comment","target":["https:\/\/www.sonoraenequipo.com.mx\/aumento-poblacion-ocupada-en-sonora-en-3t-de-2025\/#respond"]}]},{"@type":"WebPage","@id":"https:\/\/www.sonoraenequipo.com.mx\/aumento-poblacion-ocupada-en-sonora-en-3t-de-2025\/","url":"https:\/\/www.sonoraenequipo.com.mx\/aumento-poblacion-ocupada-en-sonora-en-3t-de-2025\/","name":"Sonora en Equipo. Aument\u00f3 poblaci\u00f3n ocupada en Sonora En 3T de 2025 PALABRAS Y N\u00daMEROS","isPartOf":{"@id":"https:\/\/www.sonoraenequipo.com.mx\/#website"},"primaryImageOfPage":{"@id":"https:\/\/www.sonoraenequipo.com.mx\/aumento-poblacion-ocupada-en-sonora-en-3t-de-2025\/#primaryimage"},"image":{"@id":"https:\/\/www.sonoraenequipo.com.mx\/aumento-poblacion-ocupada-en-sonora-en-3t-de-2025\/#primaryimage"},"thumbnailUrl":"https:\/\/www.sonoraenequipo.com.mx\/storage\/2023\/10\/obra-insustria-de-la-construccion...-min.jpg","datePublished":"2025-11-26T20:30:59+00:00","description":"La Encuesta Nacional de Ocupaci\u00f3n y Empleo (ENOE) muestra el comportamiento del mercado laboral mexicano sobre la poblaci\u00f3n econ\u00f3micamente activa (PEA), En Sonora en Equipo publicamos toda la informaci\u00f3n de Sonora, M\u00e9xico y el Mundo de manera oportuna y busca que la libertad de expresi\u00f3n sea real. Visita nuestro medio informativo publicado desde Hermosillo, Sonora. %","breadcrumb":{"@id":"https:\/\/www.sonoraenequipo.com.mx\/aumento-poblacion-ocupada-en-sonora-en-3t-de-2025\/#breadcrumb"},"inLanguage":"es","potentialAction":[{"@type":"ReadAction","target":["https:\/\/www.sonoraenequipo.com.mx\/aumento-poblacion-ocupada-en-sonora-en-3t-de-2025\/"]}]},{"@type":"ImageObject","inLanguage":"es","@id":"https:\/\/www.sonoraenequipo.com.mx\/aumento-poblacion-ocupada-en-sonora-en-3t-de-2025\/#primaryimage","url":"https:\/\/www.sonoraenequipo.com.mx\/storage\/2023\/10\/obra-insustria-de-la-construccion...-min.jpg","contentUrl":"https:\/\/www.sonoraenequipo.com.mx\/storage\/2023\/10\/obra-insustria-de-la-construccion...-min.jpg","width":900,"height":506,"caption":"sector de la construcci\u00f3n el que mas creci\u00f3 en Sonora en el tercer trimestre de 2025. en la imagen modernizaci\u00f3n del paso a desnivel en Luis Encinas y Am\u00e9ricas"},{"@type":"BreadcrumbList","@id":"https:\/\/www.sonoraenequipo.com.mx\/aumento-poblacion-ocupada-en-sonora-en-3t-de-2025\/#breadcrumb","itemListElement":[{"@type":"ListItem","position":1,"name":"Portada","item":"https:\/\/www.sonoraenequipo.com.mx\/"},{"@type":"ListItem","position":2,"name":"Aument\u00f3 poblaci\u00f3n ocupada en Sonora En 3T de 2025"}]},{"@type":"WebSite","@id":"https:\/\/www.sonoraenequipo.com.mx\/#website","url":"https:\/\/www.sonoraenequipo.com.mx\/","name":"Sonora en Equipo.","description":"Diario en l\u00ednea con Noticias desde Hermosillo, Sonora","publisher":{"@id":"https:\/\/www.sonoraenequipo.com.mx\/#organization"},"potentialAction":[{"@type":"SearchAction","target":{"@type":"EntryPoint","urlTemplate":"https:\/\/www.sonoraenequipo.com.mx\/?s={search_term_string}"},"query-input":{"@type":"PropertyValueSpecification","valueRequired":true,"valueName":"search_term_string"}}],"inLanguage":"es"},{"@type":"Organization","@id":"https:\/\/www.sonoraenequipo.com.mx\/#organization","name":"Sonoraenequipo.com.mx","url":"https:\/\/www.sonoraenequipo.com.mx\/","logo":{"@type":"ImageObject","inLanguage":"es","@id":"https:\/\/www.sonoraenequipo.com.mx\/#\/schema\/logo\/image\/","url":"https:\/\/www.sonoraenequipo.com.mx\/storage\/2019\/01\/sonoraenequipo_opt.png","contentUrl":"https:\/\/www.sonoraenequipo.com.mx\/storage\/2019\/01\/sonoraenequipo_opt.png","width":375,"height":125,"caption":"Sonoraenequipo.com.mx"},"image":{"@id":"https:\/\/www.sonoraenequipo.com.mx\/#\/schema\/logo\/image\/"},"sameAs":["https:\/\/www.facebook.com\/SonoraEE\/","https:\/\/x.com\/sonoraenequipo","https:\/\/www.youtube.com\/channel\/UC338nW-lPEYmJQs4ZABQ1SQ"]},{"@type":"Person","@id":"https:\/\/www.sonoraenequipo.com.mx\/#\/schema\/person\/50102df0fb23a8fa9e8effad8fa81386","name":"enequipo","image":{"@type":"ImageObject","inLanguage":"es","@id":"https:\/\/www.sonoraenequipo.com.mx\/#\/schema\/person\/image\/","url":"https:\/\/secure.gravatar.com\/avatar\/049821681b589dabc0bc20695993ccebb09f5b5d4d790cd9251b97faac7c652b?s=96&d=blank&r=g","contentUrl":"https:\/\/secure.gravatar.com\/avatar\/049821681b589dabc0bc20695993ccebb09f5b5d4d790cd9251b97faac7c652b?s=96&d=blank&r=g","caption":"enequipo"},"sameAs":["https:\/\/www.facebook.com\/SonoraEE"]}]}},"jetpack_featured_media_url":"https:\/\/www.sonoraenequipo.com.mx\/storage\/2023\/10\/obra-insustria-de-la-construccion...-min.jpg","_links":{"self":[{"href":"https:\/\/www.sonoraenequipo.com.mx\/api\/wp\/v2\/posts\/229539","targetHints":{"allow":["GET"]}}],"collection":[{"href":"https:\/\/www.sonoraenequipo.com.mx\/api\/wp\/v2\/posts"}],"about":[{"href":"https:\/\/www.sonoraenequipo.com.mx\/api\/wp\/v2\/types\/post"}],"author":[{"embeddable":true,"href":"https:\/\/www.sonoraenequipo.com.mx\/api\/wp\/v2\/users\/1"}],"replies":[{"embeddable":true,"href":"https:\/\/www.sonoraenequipo.com.mx\/api\/wp\/v2\/comments?post=229539"}],"version-history":[{"count":1,"href":"https:\/\/www.sonoraenequipo.com.mx\/api\/wp\/v2\/posts\/229539\/revisions"}],"predecessor-version":[{"id":229540,"href":"https:\/\/www.sonoraenequipo.com.mx\/api\/wp\/v2\/posts\/229539\/revisions\/229540"}],"wp:featuredmedia":[{"embeddable":true,"href":"https:\/\/www.sonoraenequipo.com.mx\/api\/wp\/v2\/media\/177605"}],"wp:attachment":[{"href":"https:\/\/www.sonoraenequipo.com.mx\/api\/wp\/v2\/media?parent=229539"}],"wp:term":[{"taxonomy":"category","embeddable":true,"href":"https:\/\/www.sonoraenequipo.com.mx\/api\/wp\/v2\/categories?post=229539"},{"taxonomy":"post_tag","embeddable":true,"href":"https:\/\/www.sonoraenequipo.com.mx\/api\/wp\/v2\/tags?post=229539"}],"curies":[{"name":"wp","href":"https:\/\/api.w.org\/{rel}","templated":true}]}}