{"id":229549,"date":"2025-11-26T15:46:49","date_gmt":"2025-11-26T22:46:49","guid":{"rendered":"https:\/\/www.sonoraenequipo.com.mx\/?p=229549"},"modified":"2025-11-26T15:47:33","modified_gmt":"2025-11-26T22:47:33","slug":"alcalde-de-cajeme-veta-a-comediante-brincos-dieras-por-contenido-misogino-en-su-espectaculo","status":"publish","type":"post","link":"https:\/\/www.sonoraenequipo.com.mx\/alcalde-de-cajeme-veta-a-comediante-brincos-dieras-por-contenido-misogino-en-su-espectaculo\/","title":{"rendered":"Alcalde de Cajeme veta a comediante \u201cBrincos Dieras por contenido mis\u00f3gino en su show"},"content":{"rendered":"<p><strong>CAJEME, SONORA, MX.<\/strong><strong> \u0336 \u0336\u00a0 <\/strong>El alcalde de Cajeme Javier Lamarque Cano (Morena) dio a conocer que el comediante Roberto Carlos Oliva Barajas conocido en la far\u00e1ndula como el payaso \u201dBrincos Dieras\u201d estar\u00e1 vetado de la ciudad mientras \u00e9l siga siendo el presidente municipal.<\/p>\n<p>Estas declaraciones las dio en el marco del D\u00eda Internacional de la Eliminaci\u00f3n de la Violencia contra la Mujer. Durante una conferencia de prensa, Lamarque explic\u00f3 que la decisi\u00f3n busca garantizar el respeto y la seguridad de las mujeres en eventos p\u00fablicos.<\/p>\n<p>El alcalde detall\u00f3 que en una ocasi\u00f3n anterior no detect\u00f3 el tipo de contenido mis\u00f3gino que hace el comediante, pero asegur\u00f3 que esa situaci\u00f3n no volver\u00e1 a pasar. El Edil sonorense advirti\u00f3 que el municipio no volver\u00e1 a utilizar espect\u00e1culos donde se promueva contenido denigrante hacia las mujeres, o donde se utilicen comentarios que sexualicen o ridiculicen a quienes participan durante las presentaciones.<\/p>\n<p>El primer edil dijo que el comediante vino hace tiempo y \u00e9l no advirti\u00f3 el contenido de su espect\u00e1culo ya se hab\u00eda pasado, pero ya no vuelve a pasar, todo el mundo se r\u00ede con \u00e9l, pero no lo han visto lo que hace, y c\u00f3mo las mujeres se prestan lament\u00f3, aqu\u00ed mejor no va a venir nunca m\u00e1s, mientras que yo sea presidente municipal, reiter\u00f3 el morenista Entonces todo ese tipo de actos tienen que desaparecer. Se\u00f1al\u00f3 tajante.<\/p>\n<p><strong>Fecha de publicaci\u00f3n\u00a0 mi\u00e9rcoles 26 de noviembre de 2025<\/strong><\/p>\n<p>&nbsp;<\/p>\n","protected":false},"excerpt":{"rendered":"<p>CAJEME, SONORA, MX. \u0336 \u0336\u00a0 El alcalde de Cajeme Javier Lamarque Cano (Morena) dio a&#8230;<\/p>\n","protected":false},"author":1,"featured_media":229550,"comment_status":"open","ping_status":"open","sticky":false,"template":"","format":"standard","meta":{"_monsterinsights_skip_tracking":false,"_monsterinsights_sitenote_active":false,"_monsterinsights_sitenote_note":"","_monsterinsights_sitenote_category":0,"footnotes":""},"categories":[2987],"tags":[12111,6346],"class_list":["post"],"yoast_head":" \n<title>Sonora en Equipo. Alcalde de Cajeme veta a comediante \u201cBrincos Dieras por contenido mis\u00f3gino en su show Showbiz<\/title>\n<meta name=\"description\" content=\"CAJEME, SONORA, MX. \u0336 \u0336\u00a0 El alcalde de Cajeme Javier Lamarque Cano (Morena) dio a conocer que el comediante Roberto Carlos Oliva Barajas conocido en la En Sonora en Equipo publicamos toda la informaci\u00f3n de Sonora, M\u00e9xico y el Mundo de manera oportuna y busca que la libertad de expresi\u00f3n sea real. Visita nuestro medio informativo publicado desde Hermosillo, Sonora. %\" \/>\n<meta name=\"robots\" content=\"index, follow, max-snippet:-1, max-image-preview:large, max-video-preview:-1\" \/>\n<link rel=\"canonical\" href=\"https:\/\/www.sonoraenequipo.com.mx\/alcalde-de-cajeme-veta-a-comediante-brincos-dieras-por-contenido-misogino-en-su-espectaculo\/\" \/>\n<meta property=\"og:locale\" content=\"es_ES\" \/>\n<meta property=\"og:type\" content=\"article\" \/>\n<meta property=\"og:title\" content=\"Sonora en Equipo. Alcalde de Cajeme veta a comediante \u201cBrincos Dieras por contenido mis\u00f3gino en su show Showbiz\" \/>\n<meta property=\"og:description\" content=\"CAJEME, SONORA, MX. \u0336 \u0336\u00a0 El alcalde de Cajeme Javier Lamarque Cano (Morena) dio a conocer que el comediante Roberto Carlos Oliva Barajas conocido en la En Sonora en Equipo publicamos toda la informaci\u00f3n de Sonora, M\u00e9xico y el Mundo de manera oportuna y busca que la libertad de expresi\u00f3n sea real. Visita nuestro medio informativo publicado desde Hermosillo, Sonora. %\" \/>\n<meta property=\"og:url\" content=\"https:\/\/www.sonoraenequipo.com.mx\/alcalde-de-cajeme-veta-a-comediante-brincos-dieras-por-contenido-misogino-en-su-espectaculo\/\" \/>\n<meta property=\"og:site_name\" content=\"Sonora en Equipo.\" \/>\n<meta property=\"article:publisher\" content=\"https:\/\/www.facebook.com\/SonoraEE\/\" \/>\n<meta property=\"article:author\" content=\"https:\/\/www.facebook.com\/SonoraEE\" \/>\n<meta property=\"article:published_time\" content=\"2025-11-26T22:46:49+00:00\" \/>\n<meta property=\"article:modified_time\" content=\"2025-11-26T22:47:33+00:00\" \/>\n<meta property=\"og:image\" content=\"https:\/\/www.sonoraenequipo.com.mx\/storage\/2025\/11\/jlm.jpg\" \/>\n\t<meta property=\"og:image:width\" content=\"600\" \/>\n\t<meta property=\"og:image:height\" content=\"400\" \/>\n\t<meta property=\"og:image:type\" content=\"image\/jpeg\" \/>\n<meta name=\"author\" content=\"enequipo\" \/>\n<meta name=\"twitter:card\" content=\"summary_large_image\" \/>\n<meta name=\"twitter:creator\" content=\"@sonoraenequipo\" \/>\n<meta name=\"twitter:site\" content=\"@sonoraenequipo\" \/>\n<meta name=\"twitter:label1\" content=\"Escrito por\" \/>\n\t<meta name=\"twitter:data1\" content=\"enequipo\" \/>\n\t<meta name=\"twitter:label2\" content=\"Tiempo de lectura\" \/>\n\t<meta name=\"twitter:data2\" content=\"1 minuto\" \/>\n<script type=\"application\/ld+json\" class=\"yoast-schema-graph\">{\"@context\":\"https:\/\/schema.org\",\"@graph\":[{\"@type\":\"Article\",\"@id\":\"https:\/\/www.sonoraenequipo.com.mx\/alcalde-de-cajeme-veta-a-comediante-brincos-dieras-por-contenido-misogino-en-su-espectaculo\/#article\",\"isPartOf\":{\"@id\":\"https:\/\/www.sonoraenequipo.com.mx\/alcalde-de-cajeme-veta-a-comediante-brincos-dieras-por-contenido-misogino-en-su-espectaculo\/\"},\"author\":{\"name\":\"enequipo\",\"@id\":\"https:\/\/www.sonoraenequipo.com.mx\/#\/schema\/person\/50102df0fb23a8fa9e8effad8fa81386\"},\"headline\":\"Alcalde de Cajeme veta a comediante \u201cBrincos Dieras por contenido mis\u00f3gino en su show\",\"datePublished\":\"2025-11-26T22:46:49+00:00\",\"dateModified\":\"2025-11-26T22:47:33+00:00\",\"mainEntityOfPage\":{\"@id\":\"https:\/\/www.sonoraenequipo.com.mx\/alcalde-de-cajeme-veta-a-comediante-brincos-dieras-por-contenido-misogino-en-su-espectaculo\/\"},\"wordCount\":266,\"commentCount\":0,\"publisher\":{\"@id\":\"https:\/\/www.sonoraenequipo.com.mx\/#organization\"},\"image\":{\"@id\":\"https:\/\/www.sonoraenequipo.com.mx\/alcalde-de-cajeme-veta-a-comediante-brincos-dieras-por-contenido-misogino-en-su-espectaculo\/#primaryimage\"},\"thumbnailUrl\":\"https:\/\/www.sonoraenequipo.com.mx\/storage\/2025\/11\/jlm.jpg\",\"keywords\":[\"brincos dieras\",\"javier lamarque\"],\"articleSection\":[\"Showbiz\"],\"inLanguage\":\"es\",\"potentialAction\":[{\"@type\":\"CommentAction\",\"name\":\"Comment\",\"target\":[\"https:\/\/www.sonoraenequipo.com.mx\/alcalde-de-cajeme-veta-a-comediante-brincos-dieras-por-contenido-misogino-en-su-espectaculo\/#respond\"]}]},{\"@type\":\"WebPage\",\"@id\":\"https:\/\/www.sonoraenequipo.com.mx\/alcalde-de-cajeme-veta-a-comediante-brincos-dieras-por-contenido-misogino-en-su-espectaculo\/\",\"url\":\"https:\/\/www.sonoraenequipo.com.mx\/alcalde-de-cajeme-veta-a-comediante-brincos-dieras-por-contenido-misogino-en-su-espectaculo\/\",\"name\":\"Sonora en Equipo. Alcalde de Cajeme veta a comediante \u201cBrincos Dieras por contenido mis\u00f3gino en su show Showbiz\",\"isPartOf\":{\"@id\":\"https:\/\/www.sonoraenequipo.com.mx\/#website\"},\"primaryImageOfPage\":{\"@id\":\"https:\/\/www.sonoraenequipo.com.mx\/alcalde-de-cajeme-veta-a-comediante-brincos-dieras-por-contenido-misogino-en-su-espectaculo\/#primaryimage\"},\"image\":{\"@id\":\"https:\/\/www.sonoraenequipo.com.mx\/alcalde-de-cajeme-veta-a-comediante-brincos-dieras-por-contenido-misogino-en-su-espectaculo\/#primaryimage\"},\"thumbnailUrl\":\"https:\/\/www.sonoraenequipo.com.mx\/storage\/2025\/11\/jlm.jpg\",\"datePublished\":\"2025-11-26T22:46:49+00:00\",\"dateModified\":\"2025-11-26T22:47:33+00:00\",\"description\":\"CAJEME, SONORA, MX. \u0336 \u0336\u00a0 El alcalde de Cajeme Javier Lamarque Cano (Morena) dio a conocer que el comediante Roberto Carlos Oliva Barajas conocido en la En Sonora en Equipo publicamos toda la informaci\u00f3n de Sonora, M\u00e9xico y el Mundo de manera oportuna y busca que la libertad de expresi\u00f3n sea real. Visita nuestro medio informativo publicado desde Hermosillo, Sonora. %\",\"breadcrumb\":{\"@id\":\"https:\/\/www.sonoraenequipo.com.mx\/alcalde-de-cajeme-veta-a-comediante-brincos-dieras-por-contenido-misogino-en-su-espectaculo\/#breadcrumb\"},\"inLanguage\":\"es\",\"potentialAction\":[{\"@type\":\"ReadAction\",\"target\":[\"https:\/\/www.sonoraenequipo.com.mx\/alcalde-de-cajeme-veta-a-comediante-brincos-dieras-por-contenido-misogino-en-su-espectaculo\/\"]}]},{\"@type\":\"ImageObject\",\"inLanguage\":\"es\",\"@id\":\"https:\/\/www.sonoraenequipo.com.mx\/alcalde-de-cajeme-veta-a-comediante-brincos-dieras-por-contenido-misogino-en-su-espectaculo\/#primaryimage\",\"url\":\"https:\/\/www.sonoraenequipo.com.mx\/storage\/2025\/11\/jlm.jpg\",\"contentUrl\":\"https:\/\/www.sonoraenequipo.com.mx\/storage\/2025\/11\/jlm.jpg\",\"width\":600,\"height\":400},{\"@type\":\"BreadcrumbList\",\"@id\":\"https:\/\/www.sonoraenequipo.com.mx\/alcalde-de-cajeme-veta-a-comediante-brincos-dieras-por-contenido-misogino-en-su-espectaculo\/#breadcrumb\",\"itemListElement\":[{\"@type\":\"ListItem\",\"position\":1,\"name\":\"Portada\",\"item\":\"https:\/\/www.sonoraenequipo.com.mx\/\"},{\"@type\":\"ListItem\",\"position\":2,\"name\":\"Alcalde de Cajeme veta a comediante \u201cBrincos Dieras por contenido mis\u00f3gino en su show\"}]},{\"@type\":\"WebSite\",\"@id\":\"https:\/\/www.sonoraenequipo.com.mx\/#website\",\"url\":\"https:\/\/www.sonoraenequipo.com.mx\/\",\"name\":\"Sonora en Equipo.\",\"description\":\"Diario en l\u00ednea con Noticias desde Hermosillo, Sonora\",\"publisher\":{\"@id\":\"https:\/\/www.sonoraenequipo.com.mx\/#organization\"},\"potentialAction\":[{\"@type\":\"SearchAction\",\"target\":{\"@type\":\"EntryPoint\",\"urlTemplate\":\"https:\/\/www.sonoraenequipo.com.mx\/?s={search_term_string}\"},\"query-input\":{\"@type\":\"PropertyValueSpecification\",\"valueRequired\":true,\"valueName\":\"search_term_string\"}}],\"inLanguage\":\"es\"},{\"@type\":\"Organization\",\"@id\":\"https:\/\/www.sonoraenequipo.com.mx\/#organization\",\"name\":\"Sonoraenequipo.com.mx\",\"url\":\"https:\/\/www.sonoraenequipo.com.mx\/\",\"logo\":{\"@type\":\"ImageObject\",\"inLanguage\":\"es\",\"@id\":\"https:\/\/www.sonoraenequipo.com.mx\/#\/schema\/logo\/image\/\",\"url\":\"https:\/\/www.sonoraenequipo.com.mx\/storage\/2019\/01\/sonoraenequipo_opt.png\",\"contentUrl\":\"https:\/\/www.sonoraenequipo.com.mx\/storage\/2019\/01\/sonoraenequipo_opt.png\",\"width\":375,\"height\":125,\"caption\":\"Sonoraenequipo.com.mx\"},\"image\":{\"@id\":\"https:\/\/www.sonoraenequipo.com.mx\/#\/schema\/logo\/image\/\"},\"sameAs\":[\"https:\/\/www.facebook.com\/SonoraEE\/\",\"https:\/\/x.com\/sonoraenequipo\",\"https:\/\/www.youtube.com\/channel\/UC338nW-lPEYmJQs4ZABQ1SQ\"]},{\"@type\":\"Person\",\"@id\":\"https:\/\/www.sonoraenequipo.com.mx\/#\/schema\/person\/50102df0fb23a8fa9e8effad8fa81386\",\"name\":\"enequipo\",\"image\":{\"@type\":\"ImageObject\",\"inLanguage\":\"es\",\"@id\":\"https:\/\/www.sonoraenequipo.com.mx\/#\/schema\/person\/image\/\",\"url\":\"https:\/\/secure.gravatar.com\/avatar\/049821681b589dabc0bc20695993ccebb09f5b5d4d790cd9251b97faac7c652b?s=96&d=blank&r=g\",\"contentUrl\":\"https:\/\/secure.gravatar.com\/avatar\/049821681b589dabc0bc20695993ccebb09f5b5d4d790cd9251b97faac7c652b?s=96&d=blank&r=g\",\"caption\":\"enequipo\"},\"sameAs\":[\"https:\/\/www.facebook.com\/SonoraEE\"]}]}<\/script>\n ","yoast_head_json":{"title":"Sonora en Equipo. Alcalde de Cajeme veta a comediante \u201cBrincos Dieras por contenido mis\u00f3gino en su show Showbiz","description":"CAJEME, SONORA, MX. \u0336 \u0336\u00a0 El alcalde de Cajeme Javier Lamarque Cano (Morena) dio a conocer que el comediante Roberto Carlos Oliva Barajas conocido en la En Sonora en Equipo publicamos toda la informaci\u00f3n de Sonora, M\u00e9xico y el Mundo de manera oportuna y busca que la libertad de expresi\u00f3n sea real. Visita nuestro medio informativo publicado desde Hermosillo, Sonora. %","robots":{"index":"index","follow":"follow","max-snippet":"max-snippet:-1","max-image-preview":"max-image-preview:large","max-video-preview":"max-video-preview:-1"},"canonical":"https:\/\/www.sonoraenequipo.com.mx\/alcalde-de-cajeme-veta-a-comediante-brincos-dieras-por-contenido-misogino-en-su-espectaculo\/","og_locale":"es_ES","og_type":"article","og_title":"Sonora en Equipo. Alcalde de Cajeme veta a comediante \u201cBrincos Dieras por contenido mis\u00f3gino en su show Showbiz","og_description":"CAJEME, SONORA, MX. \u0336 \u0336\u00a0 El alcalde de Cajeme Javier Lamarque Cano (Morena) dio a conocer que el comediante Roberto Carlos Oliva Barajas conocido en la En Sonora en Equipo publicamos toda la informaci\u00f3n de Sonora, M\u00e9xico y el Mundo de manera oportuna y busca que la libertad de expresi\u00f3n sea real. Visita nuestro medio informativo publicado desde Hermosillo, Sonora. %","og_url":"https:\/\/www.sonoraenequipo.com.mx\/alcalde-de-cajeme-veta-a-comediante-brincos-dieras-por-contenido-misogino-en-su-espectaculo\/","og_site_name":"Sonora en Equipo.","article_publisher":"https:\/\/www.facebook.com\/SonoraEE\/","article_author":"https:\/\/www.facebook.com\/SonoraEE","article_published_time":"2025-11-26T22:46:49+00:00","article_modified_time":"2025-11-26T22:47:33+00:00","og_image":[{"width":600,"height":400,"url":"https:\/\/www.sonoraenequipo.com.mx\/storage\/2025\/11\/jlm.jpg","type":"image\/jpeg"}],"author":"enequipo","twitter_card":"summary_large_image","twitter_creator":"@sonoraenequipo","twitter_site":"@sonoraenequipo","twitter_misc":{"Escrito por":"enequipo","Tiempo de lectura":"1 minuto"},"schema":{"@context":"https:\/\/schema.org","@graph":[{"@type":"Article","@id":"https:\/\/www.sonoraenequipo.com.mx\/alcalde-de-cajeme-veta-a-comediante-brincos-dieras-por-contenido-misogino-en-su-espectaculo\/#article","isPartOf":{"@id":"https:\/\/www.sonoraenequipo.com.mx\/alcalde-de-cajeme-veta-a-comediante-brincos-dieras-por-contenido-misogino-en-su-espectaculo\/"},"author":{"name":"enequipo","@id":"https:\/\/www.sonoraenequipo.com.mx\/#\/schema\/person\/50102df0fb23a8fa9e8effad8fa81386"},"headline":"Alcalde de Cajeme veta a comediante \u201cBrincos Dieras por contenido mis\u00f3gino en su show","datePublished":"2025-11-26T22:46:49+00:00","dateModified":"2025-11-26T22:47:33+00:00","mainEntityOfPage":{"@id":"https:\/\/www.sonoraenequipo.com.mx\/alcalde-de-cajeme-veta-a-comediante-brincos-dieras-por-contenido-misogino-en-su-espectaculo\/"},"wordCount":266,"commentCount":0,"publisher":{"@id":"https:\/\/www.sonoraenequipo.com.mx\/#organization"},"image":{"@id":"https:\/\/www.sonoraenequipo.com.mx\/alcalde-de-cajeme-veta-a-comediante-brincos-dieras-por-contenido-misogino-en-su-espectaculo\/#primaryimage"},"thumbnailUrl":"https:\/\/www.sonoraenequipo.com.mx\/storage\/2025\/11\/jlm.jpg","keywords":["brincos dieras","javier lamarque"],"articleSection":["Showbiz"],"inLanguage":"es","potentialAction":[{"@type":"CommentAction","name":"Comment","target":["https:\/\/www.sonoraenequipo.com.mx\/alcalde-de-cajeme-veta-a-comediante-brincos-dieras-por-contenido-misogino-en-su-espectaculo\/#respond"]}]},{"@type":"WebPage","@id":"https:\/\/www.sonoraenequipo.com.mx\/alcalde-de-cajeme-veta-a-comediante-brincos-dieras-por-contenido-misogino-en-su-espectaculo\/","url":"https:\/\/www.sonoraenequipo.com.mx\/alcalde-de-cajeme-veta-a-comediante-brincos-dieras-por-contenido-misogino-en-su-espectaculo\/","name":"Sonora en Equipo. Alcalde de Cajeme veta a comediante \u201cBrincos Dieras por contenido mis\u00f3gino en su show Showbiz","isPartOf":{"@id":"https:\/\/www.sonoraenequipo.com.mx\/#website"},"primaryImageOfPage":{"@id":"https:\/\/www.sonoraenequipo.com.mx\/alcalde-de-cajeme-veta-a-comediante-brincos-dieras-por-contenido-misogino-en-su-espectaculo\/#primaryimage"},"image":{"@id":"https:\/\/www.sonoraenequipo.com.mx\/alcalde-de-cajeme-veta-a-comediante-brincos-dieras-por-contenido-misogino-en-su-espectaculo\/#primaryimage"},"thumbnailUrl":"https:\/\/www.sonoraenequipo.com.mx\/storage\/2025\/11\/jlm.jpg","datePublished":"2025-11-26T22:46:49+00:00","dateModified":"2025-11-26T22:47:33+00:00","description":"CAJEME, SONORA, MX. \u0336 \u0336\u00a0 El alcalde de Cajeme Javier Lamarque Cano (Morena) dio a conocer que el comediante Roberto Carlos Oliva Barajas conocido en la En Sonora en Equipo publicamos toda la informaci\u00f3n de Sonora, M\u00e9xico y el Mundo de manera oportuna y busca que la libertad de expresi\u00f3n sea real. Visita nuestro medio informativo publicado desde Hermosillo, Sonora. %","breadcrumb":{"@id":"https:\/\/www.sonoraenequipo.com.mx\/alcalde-de-cajeme-veta-a-comediante-brincos-dieras-por-contenido-misogino-en-su-espectaculo\/#breadcrumb"},"inLanguage":"es","potentialAction":[{"@type":"ReadAction","target":["https:\/\/www.sonoraenequipo.com.mx\/alcalde-de-cajeme-veta-a-comediante-brincos-dieras-por-contenido-misogino-en-su-espectaculo\/"]}]},{"@type":"ImageObject","inLanguage":"es","@id":"https:\/\/www.sonoraenequipo.com.mx\/alcalde-de-cajeme-veta-a-comediante-brincos-dieras-por-contenido-misogino-en-su-espectaculo\/#primaryimage","url":"https:\/\/www.sonoraenequipo.com.mx\/storage\/2025\/11\/jlm.jpg","contentUrl":"https:\/\/www.sonoraenequipo.com.mx\/storage\/2025\/11\/jlm.jpg","width":600,"height":400},{"@type":"BreadcrumbList","@id":"https:\/\/www.sonoraenequipo.com.mx\/alcalde-de-cajeme-veta-a-comediante-brincos-dieras-por-contenido-misogino-en-su-espectaculo\/#breadcrumb","itemListElement":[{"@type":"ListItem","position":1,"name":"Portada","item":"https:\/\/www.sonoraenequipo.com.mx\/"},{"@type":"ListItem","position":2,"name":"Alcalde de Cajeme veta a comediante \u201cBrincos Dieras por contenido mis\u00f3gino en su show"}]},{"@type":"WebSite","@id":"https:\/\/www.sonoraenequipo.com.mx\/#website","url":"https:\/\/www.sonoraenequipo.com.mx\/","name":"Sonora en Equipo.","description":"Diario en l\u00ednea con Noticias desde Hermosillo, Sonora","publisher":{"@id":"https:\/\/www.sonoraenequipo.com.mx\/#organization"},"potentialAction":[{"@type":"SearchAction","target":{"@type":"EntryPoint","urlTemplate":"https:\/\/www.sonoraenequipo.com.mx\/?s={search_term_string}"},"query-input":{"@type":"PropertyValueSpecification","valueRequired":true,"valueName":"search_term_string"}}],"inLanguage":"es"},{"@type":"Organization","@id":"https:\/\/www.sonoraenequipo.com.mx\/#organization","name":"Sonoraenequipo.com.mx","url":"https:\/\/www.sonoraenequipo.com.mx\/","logo":{"@type":"ImageObject","inLanguage":"es","@id":"https:\/\/www.sonoraenequipo.com.mx\/#\/schema\/logo\/image\/","url":"https:\/\/www.sonoraenequipo.com.mx\/storage\/2019\/01\/sonoraenequipo_opt.png","contentUrl":"https:\/\/www.sonoraenequipo.com.mx\/storage\/2019\/01\/sonoraenequipo_opt.png","width":375,"height":125,"caption":"Sonoraenequipo.com.mx"},"image":{"@id":"https:\/\/www.sonoraenequipo.com.mx\/#\/schema\/logo\/image\/"},"sameAs":["https:\/\/www.facebook.com\/SonoraEE\/","https:\/\/x.com\/sonoraenequipo","https:\/\/www.youtube.com\/channel\/UC338nW-lPEYmJQs4ZABQ1SQ"]},{"@type":"Person","@id":"https:\/\/www.sonoraenequipo.com.mx\/#\/schema\/person\/50102df0fb23a8fa9e8effad8fa81386","name":"enequipo","image":{"@type":"ImageObject","inLanguage":"es","@id":"https:\/\/www.sonoraenequipo.com.mx\/#\/schema\/person\/image\/","url":"https:\/\/secure.gravatar.com\/avatar\/049821681b589dabc0bc20695993ccebb09f5b5d4d790cd9251b97faac7c652b?s=96&d=blank&r=g","contentUrl":"https:\/\/secure.gravatar.com\/avatar\/049821681b589dabc0bc20695993ccebb09f5b5d4d790cd9251b97faac7c652b?s=96&d=blank&r=g","caption":"enequipo"},"sameAs":["https:\/\/www.facebook.com\/SonoraEE"]}]}},"jetpack_featured_media_url":"https:\/\/www.sonoraenequipo.com.mx\/storage\/2025\/11\/jlm.jpg","_links":{"self":[{"href":"https:\/\/www.sonoraenequipo.com.mx\/api\/wp\/v2\/posts\/229549","targetHints":{"allow":["GET"]}}],"collection":[{"href":"https:\/\/www.sonoraenequipo.com.mx\/api\/wp\/v2\/posts"}],"about":[{"href":"https:\/\/www.sonoraenequipo.com.mx\/api\/wp\/v2\/types\/post"}],"author":[{"embeddable":true,"href":"https:\/\/www.sonoraenequipo.com.mx\/api\/wp\/v2\/users\/1"}],"replies":[{"embeddable":true,"href":"https:\/\/www.sonoraenequipo.com.mx\/api\/wp\/v2\/comments?post=229549"}],"version-history":[{"count":2,"href":"https:\/\/www.sonoraenequipo.com.mx\/api\/wp\/v2\/posts\/229549\/revisions"}],"predecessor-version":[{"id":229552,"href":"https:\/\/www.sonoraenequipo.com.mx\/api\/wp\/v2\/posts\/229549\/revisions\/229552"}],"wp:featuredmedia":[{"embeddable":true,"href":"https:\/\/www.sonoraenequipo.com.mx\/api\/wp\/v2\/media\/229550"}],"wp:attachment":[{"href":"https:\/\/www.sonoraenequipo.com.mx\/api\/wp\/v2\/media?parent=229549"}],"wp:term":[{"taxonomy":"category","embeddable":true,"href":"https:\/\/www.sonoraenequipo.com.mx\/api\/wp\/v2\/categories?post=229549"},{"taxonomy":"post_tag","embeddable":true,"href":"https:\/\/www.sonoraenequipo.com.mx\/api\/wp\/v2\/tags?post=229549"}],"curies":[{"name":"wp","href":"https:\/\/api.w.org\/{rel}","templated":true}]}}