{"id":229556,"date":"2025-11-26T16:52:55","date_gmt":"2025-11-26T23:52:55","guid":{"rendered":"https:\/\/www.sonoraenequipo.com.mx\/?p=229556"},"modified":"2025-11-26T16:52:55","modified_gmt":"2025-11-26T23:52:55","slug":"cadetes-de-policia-municipal-fortalecen-preparacion-con-practica-de-vialidad-en-cajeme","status":"publish","type":"post","link":"https:\/\/www.sonoraenequipo.com.mx\/cadetes-de-policia-municipal-fortalecen-preparacion-con-practica-de-vialidad-en-cajeme\/","title":{"rendered":"Cadetes de polic\u00eda municipal fortalecen \u00a0preparaci\u00f3n con pr\u00e1ctica de vialidad en Cajeme"},"content":{"rendered":"<p><strong>CAJEME, SONORA, MX.<\/strong><strong> \u0336 \u0336\u00a0 <\/strong>Con el prop\u00f3sito de fortalecer las competencias t\u00e9cnicas y operativas de los futuros elementos de seguridad, cadetes de la Academia de Polic\u00eda Municipal de Cajeme participaron en una capacitaci\u00f3n integral sobre vialidad, impartida por personal del \u00e1rea de Tr\u00e1nsito Municipal.<\/p>\n<p>&nbsp;<\/p>\n<p>La jornada formativa incluy\u00f3 una sesi\u00f3n te\u00f3rica en la que se abordaron temas fundamentales para el ejercicio de sus funciones, tales como normatividad de tr\u00e1nsito, tipos de se\u00f1alizaci\u00f3n, responsabilidades del agente en la v\u00eda p\u00fablica, manejo de incidentes viales y protocolos de actuaci\u00f3n que garantizan la seguridad de peatones, ciclistas y automovilistas.<\/p>\n<p>&nbsp;<\/p>\n<p>Posteriormente, las y los cadetes llevaron estos conocimientos al campo durante una pr\u00e1ctica supervisada, donde realizaron ejercicios de control de tr\u00e1fico, aplicaci\u00f3n de se\u00f1alamientos y orientaci\u00f3n a conductores, con lo cual se busca que las y los participantes desarrollen habilidades esenciales para el desempe\u00f1o de sus futuras labores.<\/p>\n<p>&nbsp;<\/p>\n<p>La capacitaci\u00f3n forma parte del programa acad\u00e9mico de la Academia de Polic\u00eda Municipal, dise\u00f1ado para impulsar la profesionalizaci\u00f3n y preparaci\u00f3n continua de quienes pr\u00f3ximamente integrar\u00e1n la Secretar\u00eda de Seguridad P\u00fablica Municipal de Cajeme.<\/p>\n<p><strong>Fecha de publicaci\u00f3n\u00a0 mi\u00e9rcoles 26 de noviembre de 2025<\/strong><\/p>\n<p>&nbsp;<\/p>\n","protected":false},"excerpt":{"rendered":"<p>CAJEME, SONORA, MX. \u0336 \u0336\u00a0 Con el prop\u00f3sito de fortalecer las competencias t\u00e9cnicas y operativas&#8230;<\/p>\n","protected":false},"author":1,"featured_media":229557,"comment_status":"open","ping_status":"open","sticky":false,"template":"","format":"standard","meta":{"_monsterinsights_skip_tracking":false,"_monsterinsights_sitenote_active":false,"_monsterinsights_sitenote_note":"","_monsterinsights_sitenote_category":0,"footnotes":""},"categories":[4],"tags":[6759,476],"class_list":["post"],"yoast_head":" \n<title>Sonora en Equipo. Cadetes de polic\u00eda municipal fortalecen \u00a0preparaci\u00f3n con pr\u00e1ctica de vialidad en Cajeme Municipios<\/title>\n<meta name=\"description\" content=\"CAJEME, SONORA, MX. \u0336 \u0336\u00a0 Con el prop\u00f3sito de fortalecer las competencias t\u00e9cnicas y operativas de los futuros elementos de seguridad, cadetes de la En Sonora en Equipo publicamos toda la informaci\u00f3n de Sonora, M\u00e9xico y el Mundo de manera oportuna y busca que la libertad de expresi\u00f3n sea real. Visita nuestro medio informativo publicado desde Hermosillo, Sonora. %\" \/>\n<meta name=\"robots\" content=\"index, follow, max-snippet:-1, max-image-preview:large, max-video-preview:-1\" \/>\n<link rel=\"canonical\" href=\"https:\/\/www.sonoraenequipo.com.mx\/cadetes-de-policia-municipal-fortalecen-preparacion-con-practica-de-vialidad-en-cajeme\/\" \/>\n<meta property=\"og:locale\" content=\"es_ES\" \/>\n<meta property=\"og:type\" content=\"article\" \/>\n<meta property=\"og:title\" content=\"Sonora en Equipo. Cadetes de polic\u00eda municipal fortalecen \u00a0preparaci\u00f3n con pr\u00e1ctica de vialidad en Cajeme Municipios\" \/>\n<meta property=\"og:description\" content=\"CAJEME, SONORA, MX. \u0336 \u0336\u00a0 Con el prop\u00f3sito de fortalecer las competencias t\u00e9cnicas y operativas de los futuros elementos de seguridad, cadetes de la En Sonora en Equipo publicamos toda la informaci\u00f3n de Sonora, M\u00e9xico y el Mundo de manera oportuna y busca que la libertad de expresi\u00f3n sea real. Visita nuestro medio informativo publicado desde Hermosillo, Sonora. %\" \/>\n<meta property=\"og:url\" content=\"https:\/\/www.sonoraenequipo.com.mx\/cadetes-de-policia-municipal-fortalecen-preparacion-con-practica-de-vialidad-en-cajeme\/\" \/>\n<meta property=\"og:site_name\" content=\"Sonora en Equipo.\" \/>\n<meta property=\"article:publisher\" content=\"https:\/\/www.facebook.com\/SonoraEE\/\" \/>\n<meta property=\"article:author\" content=\"https:\/\/www.facebook.com\/SonoraEE\" \/>\n<meta property=\"article:published_time\" content=\"2025-11-26T23:52:55+00:00\" \/>\n<meta property=\"og:image\" content=\"https:\/\/www.sonoraenequipo.com.mx\/storage\/2025\/11\/cadetes-transito-cajeme.jpg\" \/>\n\t<meta property=\"og:image:width\" content=\"600\" \/>\n\t<meta property=\"og:image:height\" content=\"400\" \/>\n\t<meta property=\"og:image:type\" content=\"image\/jpeg\" \/>\n<meta name=\"author\" content=\"enequipo\" \/>\n<meta name=\"twitter:card\" content=\"summary_large_image\" \/>\n<meta name=\"twitter:creator\" content=\"@sonoraenequipo\" \/>\n<meta name=\"twitter:site\" content=\"@sonoraenequipo\" \/>\n<meta name=\"twitter:label1\" content=\"Escrito por\" \/>\n\t<meta name=\"twitter:data1\" content=\"enequipo\" \/>\n\t<meta name=\"twitter:label2\" content=\"Tiempo de lectura\" \/>\n\t<meta name=\"twitter:data2\" content=\"1 minuto\" \/>\n<script type=\"application\/ld+json\" class=\"yoast-schema-graph\">{\"@context\":\"https:\/\/schema.org\",\"@graph\":[{\"@type\":\"Article\",\"@id\":\"https:\/\/www.sonoraenequipo.com.mx\/cadetes-de-policia-municipal-fortalecen-preparacion-con-practica-de-vialidad-en-cajeme\/#article\",\"isPartOf\":{\"@id\":\"https:\/\/www.sonoraenequipo.com.mx\/cadetes-de-policia-municipal-fortalecen-preparacion-con-practica-de-vialidad-en-cajeme\/\"},\"author\":{\"name\":\"enequipo\",\"@id\":\"https:\/\/www.sonoraenequipo.com.mx\/#\/schema\/person\/50102df0fb23a8fa9e8effad8fa81386\"},\"headline\":\"Cadetes de polic\u00eda municipal fortalecen \u00a0preparaci\u00f3n con pr\u00e1ctica de vialidad en Cajeme\",\"datePublished\":\"2025-11-26T23:52:55+00:00\",\"mainEntityOfPage\":{\"@id\":\"https:\/\/www.sonoraenequipo.com.mx\/cadetes-de-policia-municipal-fortalecen-preparacion-con-practica-de-vialidad-en-cajeme\/\"},\"wordCount\":233,\"commentCount\":0,\"publisher\":{\"@id\":\"https:\/\/www.sonoraenequipo.com.mx\/#organization\"},\"image\":{\"@id\":\"https:\/\/www.sonoraenequipo.com.mx\/cadetes-de-policia-municipal-fortalecen-preparacion-con-practica-de-vialidad-en-cajeme\/#primaryimage\"},\"thumbnailUrl\":\"https:\/\/www.sonoraenequipo.com.mx\/storage\/2025\/11\/cadetes-transito-cajeme.jpg\",\"keywords\":[\"cadetes\",\"Cajeme\"],\"articleSection\":[\"Municipios\"],\"inLanguage\":\"es\",\"potentialAction\":[{\"@type\":\"CommentAction\",\"name\":\"Comment\",\"target\":[\"https:\/\/www.sonoraenequipo.com.mx\/cadetes-de-policia-municipal-fortalecen-preparacion-con-practica-de-vialidad-en-cajeme\/#respond\"]}]},{\"@type\":\"WebPage\",\"@id\":\"https:\/\/www.sonoraenequipo.com.mx\/cadetes-de-policia-municipal-fortalecen-preparacion-con-practica-de-vialidad-en-cajeme\/\",\"url\":\"https:\/\/www.sonoraenequipo.com.mx\/cadetes-de-policia-municipal-fortalecen-preparacion-con-practica-de-vialidad-en-cajeme\/\",\"name\":\"Sonora en Equipo. Cadetes de polic\u00eda municipal fortalecen \u00a0preparaci\u00f3n con pr\u00e1ctica de vialidad en Cajeme Municipios\",\"isPartOf\":{\"@id\":\"https:\/\/www.sonoraenequipo.com.mx\/#website\"},\"primaryImageOfPage\":{\"@id\":\"https:\/\/www.sonoraenequipo.com.mx\/cadetes-de-policia-municipal-fortalecen-preparacion-con-practica-de-vialidad-en-cajeme\/#primaryimage\"},\"image\":{\"@id\":\"https:\/\/www.sonoraenequipo.com.mx\/cadetes-de-policia-municipal-fortalecen-preparacion-con-practica-de-vialidad-en-cajeme\/#primaryimage\"},\"thumbnailUrl\":\"https:\/\/www.sonoraenequipo.com.mx\/storage\/2025\/11\/cadetes-transito-cajeme.jpg\",\"datePublished\":\"2025-11-26T23:52:55+00:00\",\"description\":\"CAJEME, SONORA, MX. \u0336 \u0336\u00a0 Con el prop\u00f3sito de fortalecer las competencias t\u00e9cnicas y operativas de los futuros elementos de seguridad, cadetes de la En Sonora en Equipo publicamos toda la informaci\u00f3n de Sonora, M\u00e9xico y el Mundo de manera oportuna y busca que la libertad de expresi\u00f3n sea real. Visita nuestro medio informativo publicado desde Hermosillo, Sonora. %\",\"breadcrumb\":{\"@id\":\"https:\/\/www.sonoraenequipo.com.mx\/cadetes-de-policia-municipal-fortalecen-preparacion-con-practica-de-vialidad-en-cajeme\/#breadcrumb\"},\"inLanguage\":\"es\",\"potentialAction\":[{\"@type\":\"ReadAction\",\"target\":[\"https:\/\/www.sonoraenequipo.com.mx\/cadetes-de-policia-municipal-fortalecen-preparacion-con-practica-de-vialidad-en-cajeme\/\"]}]},{\"@type\":\"ImageObject\",\"inLanguage\":\"es\",\"@id\":\"https:\/\/www.sonoraenequipo.com.mx\/cadetes-de-policia-municipal-fortalecen-preparacion-con-practica-de-vialidad-en-cajeme\/#primaryimage\",\"url\":\"https:\/\/www.sonoraenequipo.com.mx\/storage\/2025\/11\/cadetes-transito-cajeme.jpg\",\"contentUrl\":\"https:\/\/www.sonoraenequipo.com.mx\/storage\/2025\/11\/cadetes-transito-cajeme.jpg\",\"width\":600,\"height\":400},{\"@type\":\"BreadcrumbList\",\"@id\":\"https:\/\/www.sonoraenequipo.com.mx\/cadetes-de-policia-municipal-fortalecen-preparacion-con-practica-de-vialidad-en-cajeme\/#breadcrumb\",\"itemListElement\":[{\"@type\":\"ListItem\",\"position\":1,\"name\":\"Portada\",\"item\":\"https:\/\/www.sonoraenequipo.com.mx\/\"},{\"@type\":\"ListItem\",\"position\":2,\"name\":\"Cadetes de polic\u00eda municipal fortalecen \u00a0preparaci\u00f3n con pr\u00e1ctica de vialidad en Cajeme\"}]},{\"@type\":\"WebSite\",\"@id\":\"https:\/\/www.sonoraenequipo.com.mx\/#website\",\"url\":\"https:\/\/www.sonoraenequipo.com.mx\/\",\"name\":\"Sonora en Equipo.\",\"description\":\"Diario en l\u00ednea con Noticias desde Hermosillo, Sonora\",\"publisher\":{\"@id\":\"https:\/\/www.sonoraenequipo.com.mx\/#organization\"},\"potentialAction\":[{\"@type\":\"SearchAction\",\"target\":{\"@type\":\"EntryPoint\",\"urlTemplate\":\"https:\/\/www.sonoraenequipo.com.mx\/?s={search_term_string}\"},\"query-input\":{\"@type\":\"PropertyValueSpecification\",\"valueRequired\":true,\"valueName\":\"search_term_string\"}}],\"inLanguage\":\"es\"},{\"@type\":\"Organization\",\"@id\":\"https:\/\/www.sonoraenequipo.com.mx\/#organization\",\"name\":\"Sonoraenequipo.com.mx\",\"url\":\"https:\/\/www.sonoraenequipo.com.mx\/\",\"logo\":{\"@type\":\"ImageObject\",\"inLanguage\":\"es\",\"@id\":\"https:\/\/www.sonoraenequipo.com.mx\/#\/schema\/logo\/image\/\",\"url\":\"https:\/\/www.sonoraenequipo.com.mx\/storage\/2019\/01\/sonoraenequipo_opt.png\",\"contentUrl\":\"https:\/\/www.sonoraenequipo.com.mx\/storage\/2019\/01\/sonoraenequipo_opt.png\",\"width\":375,\"height\":125,\"caption\":\"Sonoraenequipo.com.mx\"},\"image\":{\"@id\":\"https:\/\/www.sonoraenequipo.com.mx\/#\/schema\/logo\/image\/\"},\"sameAs\":[\"https:\/\/www.facebook.com\/SonoraEE\/\",\"https:\/\/x.com\/sonoraenequipo\",\"https:\/\/www.youtube.com\/channel\/UC338nW-lPEYmJQs4ZABQ1SQ\"]},{\"@type\":\"Person\",\"@id\":\"https:\/\/www.sonoraenequipo.com.mx\/#\/schema\/person\/50102df0fb23a8fa9e8effad8fa81386\",\"name\":\"enequipo\",\"image\":{\"@type\":\"ImageObject\",\"inLanguage\":\"es\",\"@id\":\"https:\/\/www.sonoraenequipo.com.mx\/#\/schema\/person\/image\/\",\"url\":\"https:\/\/secure.gravatar.com\/avatar\/049821681b589dabc0bc20695993ccebb09f5b5d4d790cd9251b97faac7c652b?s=96&d=blank&r=g\",\"contentUrl\":\"https:\/\/secure.gravatar.com\/avatar\/049821681b589dabc0bc20695993ccebb09f5b5d4d790cd9251b97faac7c652b?s=96&d=blank&r=g\",\"caption\":\"enequipo\"},\"sameAs\":[\"https:\/\/www.facebook.com\/SonoraEE\"]}]}<\/script>\n ","yoast_head_json":{"title":"Sonora en Equipo. Cadetes de polic\u00eda municipal fortalecen \u00a0preparaci\u00f3n con pr\u00e1ctica de vialidad en Cajeme Municipios","description":"CAJEME, SONORA, MX. \u0336 \u0336\u00a0 Con el prop\u00f3sito de fortalecer las competencias t\u00e9cnicas y operativas de los futuros elementos de seguridad, cadetes de la En Sonora en Equipo publicamos toda la informaci\u00f3n de Sonora, M\u00e9xico y el Mundo de manera oportuna y busca que la libertad de expresi\u00f3n sea real. Visita nuestro medio informativo publicado desde Hermosillo, Sonora. %","robots":{"index":"index","follow":"follow","max-snippet":"max-snippet:-1","max-image-preview":"max-image-preview:large","max-video-preview":"max-video-preview:-1"},"canonical":"https:\/\/www.sonoraenequipo.com.mx\/cadetes-de-policia-municipal-fortalecen-preparacion-con-practica-de-vialidad-en-cajeme\/","og_locale":"es_ES","og_type":"article","og_title":"Sonora en Equipo. Cadetes de polic\u00eda municipal fortalecen \u00a0preparaci\u00f3n con pr\u00e1ctica de vialidad en Cajeme Municipios","og_description":"CAJEME, SONORA, MX. \u0336 \u0336\u00a0 Con el prop\u00f3sito de fortalecer las competencias t\u00e9cnicas y operativas de los futuros elementos de seguridad, cadetes de la En Sonora en Equipo publicamos toda la informaci\u00f3n de Sonora, M\u00e9xico y el Mundo de manera oportuna y busca que la libertad de expresi\u00f3n sea real. Visita nuestro medio informativo publicado desde Hermosillo, Sonora. %","og_url":"https:\/\/www.sonoraenequipo.com.mx\/cadetes-de-policia-municipal-fortalecen-preparacion-con-practica-de-vialidad-en-cajeme\/","og_site_name":"Sonora en Equipo.","article_publisher":"https:\/\/www.facebook.com\/SonoraEE\/","article_author":"https:\/\/www.facebook.com\/SonoraEE","article_published_time":"2025-11-26T23:52:55+00:00","og_image":[{"width":600,"height":400,"url":"https:\/\/www.sonoraenequipo.com.mx\/storage\/2025\/11\/cadetes-transito-cajeme.jpg","type":"image\/jpeg"}],"author":"enequipo","twitter_card":"summary_large_image","twitter_creator":"@sonoraenequipo","twitter_site":"@sonoraenequipo","twitter_misc":{"Escrito por":"enequipo","Tiempo de lectura":"1 minuto"},"schema":{"@context":"https:\/\/schema.org","@graph":[{"@type":"Article","@id":"https:\/\/www.sonoraenequipo.com.mx\/cadetes-de-policia-municipal-fortalecen-preparacion-con-practica-de-vialidad-en-cajeme\/#article","isPartOf":{"@id":"https:\/\/www.sonoraenequipo.com.mx\/cadetes-de-policia-municipal-fortalecen-preparacion-con-practica-de-vialidad-en-cajeme\/"},"author":{"name":"enequipo","@id":"https:\/\/www.sonoraenequipo.com.mx\/#\/schema\/person\/50102df0fb23a8fa9e8effad8fa81386"},"headline":"Cadetes de polic\u00eda municipal fortalecen \u00a0preparaci\u00f3n con pr\u00e1ctica de vialidad en Cajeme","datePublished":"2025-11-26T23:52:55+00:00","mainEntityOfPage":{"@id":"https:\/\/www.sonoraenequipo.com.mx\/cadetes-de-policia-municipal-fortalecen-preparacion-con-practica-de-vialidad-en-cajeme\/"},"wordCount":233,"commentCount":0,"publisher":{"@id":"https:\/\/www.sonoraenequipo.com.mx\/#organization"},"image":{"@id":"https:\/\/www.sonoraenequipo.com.mx\/cadetes-de-policia-municipal-fortalecen-preparacion-con-practica-de-vialidad-en-cajeme\/#primaryimage"},"thumbnailUrl":"https:\/\/www.sonoraenequipo.com.mx\/storage\/2025\/11\/cadetes-transito-cajeme.jpg","keywords":["cadetes","Cajeme"],"articleSection":["Municipios"],"inLanguage":"es","potentialAction":[{"@type":"CommentAction","name":"Comment","target":["https:\/\/www.sonoraenequipo.com.mx\/cadetes-de-policia-municipal-fortalecen-preparacion-con-practica-de-vialidad-en-cajeme\/#respond"]}]},{"@type":"WebPage","@id":"https:\/\/www.sonoraenequipo.com.mx\/cadetes-de-policia-municipal-fortalecen-preparacion-con-practica-de-vialidad-en-cajeme\/","url":"https:\/\/www.sonoraenequipo.com.mx\/cadetes-de-policia-municipal-fortalecen-preparacion-con-practica-de-vialidad-en-cajeme\/","name":"Sonora en Equipo. Cadetes de polic\u00eda municipal fortalecen \u00a0preparaci\u00f3n con pr\u00e1ctica de vialidad en Cajeme Municipios","isPartOf":{"@id":"https:\/\/www.sonoraenequipo.com.mx\/#website"},"primaryImageOfPage":{"@id":"https:\/\/www.sonoraenequipo.com.mx\/cadetes-de-policia-municipal-fortalecen-preparacion-con-practica-de-vialidad-en-cajeme\/#primaryimage"},"image":{"@id":"https:\/\/www.sonoraenequipo.com.mx\/cadetes-de-policia-municipal-fortalecen-preparacion-con-practica-de-vialidad-en-cajeme\/#primaryimage"},"thumbnailUrl":"https:\/\/www.sonoraenequipo.com.mx\/storage\/2025\/11\/cadetes-transito-cajeme.jpg","datePublished":"2025-11-26T23:52:55+00:00","description":"CAJEME, SONORA, MX. \u0336 \u0336\u00a0 Con el prop\u00f3sito de fortalecer las competencias t\u00e9cnicas y operativas de los futuros elementos de seguridad, cadetes de la En Sonora en Equipo publicamos toda la informaci\u00f3n de Sonora, M\u00e9xico y el Mundo de manera oportuna y busca que la libertad de expresi\u00f3n sea real. Visita nuestro medio informativo publicado desde Hermosillo, Sonora. %","breadcrumb":{"@id":"https:\/\/www.sonoraenequipo.com.mx\/cadetes-de-policia-municipal-fortalecen-preparacion-con-practica-de-vialidad-en-cajeme\/#breadcrumb"},"inLanguage":"es","potentialAction":[{"@type":"ReadAction","target":["https:\/\/www.sonoraenequipo.com.mx\/cadetes-de-policia-municipal-fortalecen-preparacion-con-practica-de-vialidad-en-cajeme\/"]}]},{"@type":"ImageObject","inLanguage":"es","@id":"https:\/\/www.sonoraenequipo.com.mx\/cadetes-de-policia-municipal-fortalecen-preparacion-con-practica-de-vialidad-en-cajeme\/#primaryimage","url":"https:\/\/www.sonoraenequipo.com.mx\/storage\/2025\/11\/cadetes-transito-cajeme.jpg","contentUrl":"https:\/\/www.sonoraenequipo.com.mx\/storage\/2025\/11\/cadetes-transito-cajeme.jpg","width":600,"height":400},{"@type":"BreadcrumbList","@id":"https:\/\/www.sonoraenequipo.com.mx\/cadetes-de-policia-municipal-fortalecen-preparacion-con-practica-de-vialidad-en-cajeme\/#breadcrumb","itemListElement":[{"@type":"ListItem","position":1,"name":"Portada","item":"https:\/\/www.sonoraenequipo.com.mx\/"},{"@type":"ListItem","position":2,"name":"Cadetes de polic\u00eda municipal fortalecen \u00a0preparaci\u00f3n con pr\u00e1ctica de vialidad en Cajeme"}]},{"@type":"WebSite","@id":"https:\/\/www.sonoraenequipo.com.mx\/#website","url":"https:\/\/www.sonoraenequipo.com.mx\/","name":"Sonora en Equipo.","description":"Diario en l\u00ednea con Noticias desde Hermosillo, Sonora","publisher":{"@id":"https:\/\/www.sonoraenequipo.com.mx\/#organization"},"potentialAction":[{"@type":"SearchAction","target":{"@type":"EntryPoint","urlTemplate":"https:\/\/www.sonoraenequipo.com.mx\/?s={search_term_string}"},"query-input":{"@type":"PropertyValueSpecification","valueRequired":true,"valueName":"search_term_string"}}],"inLanguage":"es"},{"@type":"Organization","@id":"https:\/\/www.sonoraenequipo.com.mx\/#organization","name":"Sonoraenequipo.com.mx","url":"https:\/\/www.sonoraenequipo.com.mx\/","logo":{"@type":"ImageObject","inLanguage":"es","@id":"https:\/\/www.sonoraenequipo.com.mx\/#\/schema\/logo\/image\/","url":"https:\/\/www.sonoraenequipo.com.mx\/storage\/2019\/01\/sonoraenequipo_opt.png","contentUrl":"https:\/\/www.sonoraenequipo.com.mx\/storage\/2019\/01\/sonoraenequipo_opt.png","width":375,"height":125,"caption":"Sonoraenequipo.com.mx"},"image":{"@id":"https:\/\/www.sonoraenequipo.com.mx\/#\/schema\/logo\/image\/"},"sameAs":["https:\/\/www.facebook.com\/SonoraEE\/","https:\/\/x.com\/sonoraenequipo","https:\/\/www.youtube.com\/channel\/UC338nW-lPEYmJQs4ZABQ1SQ"]},{"@type":"Person","@id":"https:\/\/www.sonoraenequipo.com.mx\/#\/schema\/person\/50102df0fb23a8fa9e8effad8fa81386","name":"enequipo","image":{"@type":"ImageObject","inLanguage":"es","@id":"https:\/\/www.sonoraenequipo.com.mx\/#\/schema\/person\/image\/","url":"https:\/\/secure.gravatar.com\/avatar\/049821681b589dabc0bc20695993ccebb09f5b5d4d790cd9251b97faac7c652b?s=96&d=blank&r=g","contentUrl":"https:\/\/secure.gravatar.com\/avatar\/049821681b589dabc0bc20695993ccebb09f5b5d4d790cd9251b97faac7c652b?s=96&d=blank&r=g","caption":"enequipo"},"sameAs":["https:\/\/www.facebook.com\/SonoraEE"]}]}},"jetpack_featured_media_url":"https:\/\/www.sonoraenequipo.com.mx\/storage\/2025\/11\/cadetes-transito-cajeme.jpg","_links":{"self":[{"href":"https:\/\/www.sonoraenequipo.com.mx\/api\/wp\/v2\/posts\/229556","targetHints":{"allow":["GET"]}}],"collection":[{"href":"https:\/\/www.sonoraenequipo.com.mx\/api\/wp\/v2\/posts"}],"about":[{"href":"https:\/\/www.sonoraenequipo.com.mx\/api\/wp\/v2\/types\/post"}],"author":[{"embeddable":true,"href":"https:\/\/www.sonoraenequipo.com.mx\/api\/wp\/v2\/users\/1"}],"replies":[{"embeddable":true,"href":"https:\/\/www.sonoraenequipo.com.mx\/api\/wp\/v2\/comments?post=229556"}],"version-history":[{"count":1,"href":"https:\/\/www.sonoraenequipo.com.mx\/api\/wp\/v2\/posts\/229556\/revisions"}],"predecessor-version":[{"id":229558,"href":"https:\/\/www.sonoraenequipo.com.mx\/api\/wp\/v2\/posts\/229556\/revisions\/229558"}],"wp:featuredmedia":[{"embeddable":true,"href":"https:\/\/www.sonoraenequipo.com.mx\/api\/wp\/v2\/media\/229557"}],"wp:attachment":[{"href":"https:\/\/www.sonoraenequipo.com.mx\/api\/wp\/v2\/media?parent=229556"}],"wp:term":[{"taxonomy":"category","embeddable":true,"href":"https:\/\/www.sonoraenequipo.com.mx\/api\/wp\/v2\/categories?post=229556"},{"taxonomy":"post_tag","embeddable":true,"href":"https:\/\/www.sonoraenequipo.com.mx\/api\/wp\/v2\/tags?post=229556"}],"curies":[{"name":"wp","href":"https:\/\/api.w.org\/{rel}","templated":true}]}}