{"id":229588,"date":"2025-11-26T23:00:12","date_gmt":"2025-11-27T06:00:12","guid":{"rendered":"https:\/\/www.sonoraenequipo.com.mx\/?p=229588"},"modified":"2025-11-27T09:10:39","modified_gmt":"2025-11-27T16:10:39","slug":"llama-segob-a-productores-y-transportistas-a-actuar-con-responsabilidad-tras-fracaso-en-reunion","status":"publish","type":"post","link":"https:\/\/www.sonoraenequipo.com.mx\/llama-segob-a-productores-y-transportistas-a-actuar-con-responsabilidad-tras-fracaso-en-reunion\/","title":{"rendered":"Llama Segob a productores y transportistas a actuar con responsabilidad, tras fracaso en reuni\u00f3n"},"content":{"rendered":"<p>&nbsp;<\/p>\n<p>&nbsp;<\/p>\n<p>La Secretar\u00eda de Gobernaci\u00f3n (Segob) reiter\u00f3 la noche del martes su llamado a productores agr\u00edcolas y transportistas que mantienen bloqueos en carreteras del pa\u00eds a sentarse a dialogar y evitar afectaciones a la poblaci\u00f3n, luego del fracaso de la negociaci\u00f3n llevada a cabo durante la jornada.<\/p>\n<p>&nbsp;<\/p>\n<p>&nbsp;<\/p>\n<p>En un comunicado, la dependencia destac\u00f3 que el cierre de vialidades \u201c<strong><em>impide el ejercicio del derecho al libre tr\u00e1nsito de la ciudadan\u00eda y afecta gravemente el paso de servicios y productos necesarios para la vida y econom\u00eda de las comunidades\u201d,<\/em><\/strong> de acuerdo a Aristegui Noticias.<\/p>\n<p>&nbsp;<\/p>\n<p>&nbsp;<\/p>\n<p>Adem\u00e1s, subray\u00f3 que, aunque el gobierno est\u00e1 obligado a atender todas las demandas sociales,<em><strong> \u201cquienes se manifiestan deben actuar con responsabilidad y evitar da\u00f1ar la vida y actividades de la ciudadan\u00eda\u201d.<\/strong><\/em><\/p>\n<p>&nbsp;<\/p>\n<p>&nbsp;<\/p>\n<p>La autoridad federal asegur\u00f3 que la v\u00eda para alcanzar soluciones es el di\u00e1logo: <strong><em>\u201cReiteramos que la afectaci\u00f3n a terceros no es la v\u00eda para lograr una soluci\u00f3n. Por el contrario, el di\u00e1logo para llegar a un entendimiento es la ruta correcta para el establecimiento de consensos\u201d.<\/em><\/strong><\/p>\n<p>&nbsp;<\/p>\n<p>&nbsp;<\/p>\n<p>Durante la reuni\u00f3n de trabajo en Segob, participaron representantes de las secretar\u00edas de Agricultura y Desarrollo Rural, de Econom\u00eda, de Infraestructura, Comunicaciones y Transportes, as\u00ed como de Seguridad y Protecci\u00f3n Ciudadana, adem\u00e1s de funcionarios de la Conagua. Sin embargo,<em><strong> \u201clos manifestantes no aceptaron la realizaci\u00f3n de mesas de trabajo, ni tampoco accedieron a la liberaci\u00f3n de las carreteras bloqueadas\u201d<\/strong><\/em>, se\u00f1al\u00f3 la dependencia.<\/p>\n<p>&nbsp;<\/p>\n<p>&nbsp;<\/p>\n<p>El subsecretario de Gobernaci\u00f3n, C\u00e9sar Y\u00e1\u00f1ez, descart\u00f3 que el Gobierno vaya a usar la fuerza y reiter\u00f3 que el bloqueo<em><strong> \u201cno tiene raz\u00f3n de ser\u201d.<\/strong><\/em><\/p>\n<p>&nbsp;<\/p>\n<p>&nbsp;<\/p>\n<p>Los l\u00edderes de las organizaciones agr\u00edcolas y de transporte explicaron que la ruptura de la mesa se produjo luego de solicitar al gobierno compromisos claros sobre sus demandas. Heraclio Rodr\u00edguez, dirigente del Frente Nacional para el Rescate del Campo Mexicano (FNRCM), afirm\u00f3: <em><strong>\u201cNosotros le pedimos que hicieran una declaraci\u00f3n o que nos dijeran, de los puntos que hab\u00edamos tratado, el gobierno qu\u00e9 se compromet\u00eda a resolver. No habl\u00f3 nadie, nunca se comprometieron a nada y nosotros obviamente no nos vamos a retirar de los puentes, de las carreteras ni las aduanas hasta en tanto no nos den una certeza de que las cosas van a funcionar\u201d.<\/strong><\/em><\/p>\n<p>&nbsp;<\/p>\n<p>&nbsp;<\/p>\n<p>Entre las demandas de los manifestantes se encuentran la solicitud de mil 200 millones de pesos que el gobierno adeuda a productores, la apertura de ventanillas para registrar a los agricultores de trigo, el freno a la Ley de Aguas que se discute en el Congreso, as\u00ed como mayor seguridad en carreteras.<\/p>\n<p>&nbsp;<\/p>\n<p>&nbsp;<\/p>\n<p>Baltazar Vald\u00e9s, l\u00edder del FNRCM, envi\u00f3 un mensaje a los productores que han tomado casetas y aduanas: <strong><em>\u201cEs el momento de resistir compa\u00f1eros, necesitamos permanecer ah\u00ed, esto nos ha abierto la puerta y estoy seguro que si resistimos van a volver a buscarnos\u201d.<\/em><\/strong><\/p>\n<p>&nbsp;<\/p>\n<p>&nbsp;<\/p>\n<p>El secretario de Agricultura, Julio Berdegu\u00e9, inform\u00f3 que a partir de este mi\u00e9rcoles funcionarios federales se desplegar\u00e1n en los estados para sostener reuniones directas con los productores.<\/p>\n<p>&nbsp;<\/p>\n<p>&nbsp;<\/p>\n<p>La Comisi\u00f3n Nacional del Agua (Conagua) reiter\u00f3 su apoyo para que los manifestantes asistan a la mesa de trabajo en la C\u00e1mara de Diputados, donde se discute la Ley General de Aguas, inform\u00f3 la Secretar\u00eda de Gobernaci\u00f3n.<\/p>\n<p>&nbsp;<\/p>\n<p>&nbsp;<\/p>\n<p>La ruptura del di\u00e1logo fue documentada en un video difundido por el activista Adri\u00e1n LeBar\u00f3n:<\/p>\n<p>&nbsp;<\/p>\n<p>&nbsp;<\/p>\n<p>&nbsp;<\/p>\n<p>PUBLICADO EL 26 DE NOVIEMBRE DE 2025 Con informaci\u00f3n de RIO DOCE)<\/p>\n","protected":false},"excerpt":{"rendered":"<p>&nbsp; &nbsp; La Secretar\u00eda de Gobernaci\u00f3n (Segob) reiter\u00f3 la noche del martes su llamado a&#8230;<\/p>\n","protected":false},"author":1,"featured_media":229589,"comment_status":"open","ping_status":"open","sticky":false,"template":"","format":"standard","meta":{"_monsterinsights_skip_tracking":false,"_monsterinsights_sitenote_active":false,"_monsterinsights_sitenote_note":"","_monsterinsights_sitenote_category":0,"footnotes":""},"categories":[5],"tags":[],"class_list":["post"],"yoast_head":" \n<title>Sonora en Equipo. Llama Segob a productores y transportistas a actuar con responsabilidad, tras fracaso en reuni\u00f3n Rep\u00fablica<\/title>\n<meta name=\"description\" content=\"&nbsp; &nbsp; La Secretar\u00eda de Gobernaci\u00f3n (Segob) reiter\u00f3 la noche del martes su llamado a productores agr\u00edcolas y transportistas que mantienen bloqueos En Sonora en Equipo publicamos toda la informaci\u00f3n de Sonora, M\u00e9xico y el Mundo de manera oportuna y busca que la libertad de expresi\u00f3n sea real. Visita nuestro medio informativo publicado desde Hermosillo, Sonora. %\" \/>\n<meta name=\"robots\" content=\"index, follow, max-snippet:-1, max-image-preview:large, max-video-preview:-1\" \/>\n<link rel=\"canonical\" href=\"https:\/\/www.sonoraenequipo.com.mx\/llama-segob-a-productores-y-transportistas-a-actuar-con-responsabilidad-tras-fracaso-en-reunion\/\" \/>\n<meta property=\"og:locale\" content=\"es_ES\" \/>\n<meta property=\"og:type\" content=\"article\" \/>\n<meta property=\"og:title\" content=\"Sonora en Equipo. Llama Segob a productores y transportistas a actuar con responsabilidad, tras fracaso en reuni\u00f3n Rep\u00fablica\" \/>\n<meta property=\"og:description\" content=\"&nbsp; &nbsp; La Secretar\u00eda de Gobernaci\u00f3n (Segob) reiter\u00f3 la noche del martes su llamado a productores agr\u00edcolas y transportistas que mantienen bloqueos En Sonora en Equipo publicamos toda la informaci\u00f3n de Sonora, M\u00e9xico y el Mundo de manera oportuna y busca que la libertad de expresi\u00f3n sea real. Visita nuestro medio informativo publicado desde Hermosillo, Sonora. %\" \/>\n<meta property=\"og:url\" content=\"https:\/\/www.sonoraenequipo.com.mx\/llama-segob-a-productores-y-transportistas-a-actuar-con-responsabilidad-tras-fracaso-en-reunion\/\" \/>\n<meta property=\"og:site_name\" content=\"Sonora en Equipo.\" \/>\n<meta property=\"article:publisher\" content=\"https:\/\/www.facebook.com\/SonoraEE\/\" \/>\n<meta property=\"article:author\" content=\"https:\/\/www.facebook.com\/SonoraEE\" \/>\n<meta property=\"article:published_time\" content=\"2025-11-27T06:00:12+00:00\" \/>\n<meta property=\"article:modified_time\" content=\"2025-11-27T16:10:39+00:00\" \/>\n<meta property=\"og:image\" content=\"https:\/\/www.sonoraenequipo.com.mx\/storage\/2025\/11\/blosqueo-de-transportistas-min.jpg\" \/>\n\t<meta property=\"og:image:width\" content=\"1000\" \/>\n\t<meta property=\"og:image:height\" content=\"525\" \/>\n\t<meta property=\"og:image:type\" content=\"image\/jpeg\" \/>\n<meta name=\"author\" content=\"enequipo\" \/>\n<meta name=\"twitter:card\" content=\"summary_large_image\" \/>\n<meta name=\"twitter:creator\" content=\"@sonoraenequipo\" \/>\n<meta name=\"twitter:site\" content=\"@sonoraenequipo\" \/>\n<meta name=\"twitter:label1\" content=\"Escrito por\" \/>\n\t<meta name=\"twitter:data1\" content=\"enequipo\" \/>\n\t<meta name=\"twitter:label2\" content=\"Tiempo de lectura\" \/>\n\t<meta name=\"twitter:data2\" content=\"3 minutos\" \/>\n<script type=\"application\/ld+json\" class=\"yoast-schema-graph\">{\"@context\":\"https:\/\/schema.org\",\"@graph\":[{\"@type\":\"Article\",\"@id\":\"https:\/\/www.sonoraenequipo.com.mx\/llama-segob-a-productores-y-transportistas-a-actuar-con-responsabilidad-tras-fracaso-en-reunion\/#article\",\"isPartOf\":{\"@id\":\"https:\/\/www.sonoraenequipo.com.mx\/llama-segob-a-productores-y-transportistas-a-actuar-con-responsabilidad-tras-fracaso-en-reunion\/\"},\"author\":{\"name\":\"enequipo\",\"@id\":\"https:\/\/www.sonoraenequipo.com.mx\/#\/schema\/person\/50102df0fb23a8fa9e8effad8fa81386\"},\"headline\":\"Llama Segob a productores y transportistas a actuar con responsabilidad, tras fracaso en reuni\u00f3n\",\"datePublished\":\"2025-11-27T06:00:12+00:00\",\"dateModified\":\"2025-11-27T16:10:39+00:00\",\"mainEntityOfPage\":{\"@id\":\"https:\/\/www.sonoraenequipo.com.mx\/llama-segob-a-productores-y-transportistas-a-actuar-con-responsabilidad-tras-fracaso-en-reunion\/\"},\"wordCount\":635,\"commentCount\":0,\"publisher\":{\"@id\":\"https:\/\/www.sonoraenequipo.com.mx\/#organization\"},\"image\":{\"@id\":\"https:\/\/www.sonoraenequipo.com.mx\/llama-segob-a-productores-y-transportistas-a-actuar-con-responsabilidad-tras-fracaso-en-reunion\/#primaryimage\"},\"thumbnailUrl\":\"https:\/\/www.sonoraenequipo.com.mx\/storage\/2025\/11\/blosqueo-de-transportistas-min.jpg\",\"articleSection\":[\"Rep\u00fablica\"],\"inLanguage\":\"es\",\"potentialAction\":[{\"@type\":\"CommentAction\",\"name\":\"Comment\",\"target\":[\"https:\/\/www.sonoraenequipo.com.mx\/llama-segob-a-productores-y-transportistas-a-actuar-con-responsabilidad-tras-fracaso-en-reunion\/#respond\"]}]},{\"@type\":\"WebPage\",\"@id\":\"https:\/\/www.sonoraenequipo.com.mx\/llama-segob-a-productores-y-transportistas-a-actuar-con-responsabilidad-tras-fracaso-en-reunion\/\",\"url\":\"https:\/\/www.sonoraenequipo.com.mx\/llama-segob-a-productores-y-transportistas-a-actuar-con-responsabilidad-tras-fracaso-en-reunion\/\",\"name\":\"Sonora en Equipo. Llama Segob a productores y transportistas a actuar con responsabilidad, tras fracaso en reuni\u00f3n Rep\u00fablica\",\"isPartOf\":{\"@id\":\"https:\/\/www.sonoraenequipo.com.mx\/#website\"},\"primaryImageOfPage\":{\"@id\":\"https:\/\/www.sonoraenequipo.com.mx\/llama-segob-a-productores-y-transportistas-a-actuar-con-responsabilidad-tras-fracaso-en-reunion\/#primaryimage\"},\"image\":{\"@id\":\"https:\/\/www.sonoraenequipo.com.mx\/llama-segob-a-productores-y-transportistas-a-actuar-con-responsabilidad-tras-fracaso-en-reunion\/#primaryimage\"},\"thumbnailUrl\":\"https:\/\/www.sonoraenequipo.com.mx\/storage\/2025\/11\/blosqueo-de-transportistas-min.jpg\",\"datePublished\":\"2025-11-27T06:00:12+00:00\",\"dateModified\":\"2025-11-27T16:10:39+00:00\",\"description\":\"&nbsp; &nbsp; La Secretar\u00eda de Gobernaci\u00f3n (Segob) reiter\u00f3 la noche del martes su llamado a productores agr\u00edcolas y transportistas que mantienen bloqueos En Sonora en Equipo publicamos toda la informaci\u00f3n de Sonora, M\u00e9xico y el Mundo de manera oportuna y busca que la libertad de expresi\u00f3n sea real. Visita nuestro medio informativo publicado desde Hermosillo, Sonora. %\",\"breadcrumb\":{\"@id\":\"https:\/\/www.sonoraenequipo.com.mx\/llama-segob-a-productores-y-transportistas-a-actuar-con-responsabilidad-tras-fracaso-en-reunion\/#breadcrumb\"},\"inLanguage\":\"es\",\"potentialAction\":[{\"@type\":\"ReadAction\",\"target\":[\"https:\/\/www.sonoraenequipo.com.mx\/llama-segob-a-productores-y-transportistas-a-actuar-con-responsabilidad-tras-fracaso-en-reunion\/\"]}]},{\"@type\":\"ImageObject\",\"inLanguage\":\"es\",\"@id\":\"https:\/\/www.sonoraenequipo.com.mx\/llama-segob-a-productores-y-transportistas-a-actuar-con-responsabilidad-tras-fracaso-en-reunion\/#primaryimage\",\"url\":\"https:\/\/www.sonoraenequipo.com.mx\/storage\/2025\/11\/blosqueo-de-transportistas-min.jpg\",\"contentUrl\":\"https:\/\/www.sonoraenequipo.com.mx\/storage\/2025\/11\/blosqueo-de-transportistas-min.jpg\",\"width\":1000,\"height\":525},{\"@type\":\"BreadcrumbList\",\"@id\":\"https:\/\/www.sonoraenequipo.com.mx\/llama-segob-a-productores-y-transportistas-a-actuar-con-responsabilidad-tras-fracaso-en-reunion\/#breadcrumb\",\"itemListElement\":[{\"@type\":\"ListItem\",\"position\":1,\"name\":\"Portada\",\"item\":\"https:\/\/www.sonoraenequipo.com.mx\/\"},{\"@type\":\"ListItem\",\"position\":2,\"name\":\"Llama Segob a productores y transportistas a actuar con responsabilidad, tras fracaso en reuni\u00f3n\"}]},{\"@type\":\"WebSite\",\"@id\":\"https:\/\/www.sonoraenequipo.com.mx\/#website\",\"url\":\"https:\/\/www.sonoraenequipo.com.mx\/\",\"name\":\"Sonora en Equipo.\",\"description\":\"Diario en l\u00ednea con Noticias desde Hermosillo, Sonora\",\"publisher\":{\"@id\":\"https:\/\/www.sonoraenequipo.com.mx\/#organization\"},\"potentialAction\":[{\"@type\":\"SearchAction\",\"target\":{\"@type\":\"EntryPoint\",\"urlTemplate\":\"https:\/\/www.sonoraenequipo.com.mx\/?s={search_term_string}\"},\"query-input\":{\"@type\":\"PropertyValueSpecification\",\"valueRequired\":true,\"valueName\":\"search_term_string\"}}],\"inLanguage\":\"es\"},{\"@type\":\"Organization\",\"@id\":\"https:\/\/www.sonoraenequipo.com.mx\/#organization\",\"name\":\"Sonoraenequipo.com.mx\",\"url\":\"https:\/\/www.sonoraenequipo.com.mx\/\",\"logo\":{\"@type\":\"ImageObject\",\"inLanguage\":\"es\",\"@id\":\"https:\/\/www.sonoraenequipo.com.mx\/#\/schema\/logo\/image\/\",\"url\":\"https:\/\/www.sonoraenequipo.com.mx\/storage\/2019\/01\/sonoraenequipo_opt.png\",\"contentUrl\":\"https:\/\/www.sonoraenequipo.com.mx\/storage\/2019\/01\/sonoraenequipo_opt.png\",\"width\":375,\"height\":125,\"caption\":\"Sonoraenequipo.com.mx\"},\"image\":{\"@id\":\"https:\/\/www.sonoraenequipo.com.mx\/#\/schema\/logo\/image\/\"},\"sameAs\":[\"https:\/\/www.facebook.com\/SonoraEE\/\",\"https:\/\/x.com\/sonoraenequipo\",\"https:\/\/www.youtube.com\/channel\/UC338nW-lPEYmJQs4ZABQ1SQ\"]},{\"@type\":\"Person\",\"@id\":\"https:\/\/www.sonoraenequipo.com.mx\/#\/schema\/person\/50102df0fb23a8fa9e8effad8fa81386\",\"name\":\"enequipo\",\"image\":{\"@type\":\"ImageObject\",\"inLanguage\":\"es\",\"@id\":\"https:\/\/www.sonoraenequipo.com.mx\/#\/schema\/person\/image\/\",\"url\":\"https:\/\/secure.gravatar.com\/avatar\/049821681b589dabc0bc20695993ccebb09f5b5d4d790cd9251b97faac7c652b?s=96&d=blank&r=g\",\"contentUrl\":\"https:\/\/secure.gravatar.com\/avatar\/049821681b589dabc0bc20695993ccebb09f5b5d4d790cd9251b97faac7c652b?s=96&d=blank&r=g\",\"caption\":\"enequipo\"},\"sameAs\":[\"https:\/\/www.facebook.com\/SonoraEE\"]}]}<\/script>\n ","yoast_head_json":{"title":"Sonora en Equipo. Llama Segob a productores y transportistas a actuar con responsabilidad, tras fracaso en reuni\u00f3n Rep\u00fablica","description":"&nbsp; &nbsp; La Secretar\u00eda de Gobernaci\u00f3n (Segob) reiter\u00f3 la noche del martes su llamado a productores agr\u00edcolas y transportistas que mantienen bloqueos En Sonora en Equipo publicamos toda la informaci\u00f3n de Sonora, M\u00e9xico y el Mundo de manera oportuna y busca que la libertad de expresi\u00f3n sea real. Visita nuestro medio informativo publicado desde Hermosillo, Sonora. %","robots":{"index":"index","follow":"follow","max-snippet":"max-snippet:-1","max-image-preview":"max-image-preview:large","max-video-preview":"max-video-preview:-1"},"canonical":"https:\/\/www.sonoraenequipo.com.mx\/llama-segob-a-productores-y-transportistas-a-actuar-con-responsabilidad-tras-fracaso-en-reunion\/","og_locale":"es_ES","og_type":"article","og_title":"Sonora en Equipo. Llama Segob a productores y transportistas a actuar con responsabilidad, tras fracaso en reuni\u00f3n Rep\u00fablica","og_description":"&nbsp; &nbsp; La Secretar\u00eda de Gobernaci\u00f3n (Segob) reiter\u00f3 la noche del martes su llamado a productores agr\u00edcolas y transportistas que mantienen bloqueos En Sonora en Equipo publicamos toda la informaci\u00f3n de Sonora, M\u00e9xico y el Mundo de manera oportuna y busca que la libertad de expresi\u00f3n sea real. Visita nuestro medio informativo publicado desde Hermosillo, Sonora. %","og_url":"https:\/\/www.sonoraenequipo.com.mx\/llama-segob-a-productores-y-transportistas-a-actuar-con-responsabilidad-tras-fracaso-en-reunion\/","og_site_name":"Sonora en Equipo.","article_publisher":"https:\/\/www.facebook.com\/SonoraEE\/","article_author":"https:\/\/www.facebook.com\/SonoraEE","article_published_time":"2025-11-27T06:00:12+00:00","article_modified_time":"2025-11-27T16:10:39+00:00","og_image":[{"width":1000,"height":525,"url":"https:\/\/www.sonoraenequipo.com.mx\/storage\/2025\/11\/blosqueo-de-transportistas-min.jpg","type":"image\/jpeg"}],"author":"enequipo","twitter_card":"summary_large_image","twitter_creator":"@sonoraenequipo","twitter_site":"@sonoraenequipo","twitter_misc":{"Escrito por":"enequipo","Tiempo de lectura":"3 minutos"},"schema":{"@context":"https:\/\/schema.org","@graph":[{"@type":"Article","@id":"https:\/\/www.sonoraenequipo.com.mx\/llama-segob-a-productores-y-transportistas-a-actuar-con-responsabilidad-tras-fracaso-en-reunion\/#article","isPartOf":{"@id":"https:\/\/www.sonoraenequipo.com.mx\/llama-segob-a-productores-y-transportistas-a-actuar-con-responsabilidad-tras-fracaso-en-reunion\/"},"author":{"name":"enequipo","@id":"https:\/\/www.sonoraenequipo.com.mx\/#\/schema\/person\/50102df0fb23a8fa9e8effad8fa81386"},"headline":"Llama Segob a productores y transportistas a actuar con responsabilidad, tras fracaso en reuni\u00f3n","datePublished":"2025-11-27T06:00:12+00:00","dateModified":"2025-11-27T16:10:39+00:00","mainEntityOfPage":{"@id":"https:\/\/www.sonoraenequipo.com.mx\/llama-segob-a-productores-y-transportistas-a-actuar-con-responsabilidad-tras-fracaso-en-reunion\/"},"wordCount":635,"commentCount":0,"publisher":{"@id":"https:\/\/www.sonoraenequipo.com.mx\/#organization"},"image":{"@id":"https:\/\/www.sonoraenequipo.com.mx\/llama-segob-a-productores-y-transportistas-a-actuar-con-responsabilidad-tras-fracaso-en-reunion\/#primaryimage"},"thumbnailUrl":"https:\/\/www.sonoraenequipo.com.mx\/storage\/2025\/11\/blosqueo-de-transportistas-min.jpg","articleSection":["Rep\u00fablica"],"inLanguage":"es","potentialAction":[{"@type":"CommentAction","name":"Comment","target":["https:\/\/www.sonoraenequipo.com.mx\/llama-segob-a-productores-y-transportistas-a-actuar-con-responsabilidad-tras-fracaso-en-reunion\/#respond"]}]},{"@type":"WebPage","@id":"https:\/\/www.sonoraenequipo.com.mx\/llama-segob-a-productores-y-transportistas-a-actuar-con-responsabilidad-tras-fracaso-en-reunion\/","url":"https:\/\/www.sonoraenequipo.com.mx\/llama-segob-a-productores-y-transportistas-a-actuar-con-responsabilidad-tras-fracaso-en-reunion\/","name":"Sonora en Equipo. Llama Segob a productores y transportistas a actuar con responsabilidad, tras fracaso en reuni\u00f3n Rep\u00fablica","isPartOf":{"@id":"https:\/\/www.sonoraenequipo.com.mx\/#website"},"primaryImageOfPage":{"@id":"https:\/\/www.sonoraenequipo.com.mx\/llama-segob-a-productores-y-transportistas-a-actuar-con-responsabilidad-tras-fracaso-en-reunion\/#primaryimage"},"image":{"@id":"https:\/\/www.sonoraenequipo.com.mx\/llama-segob-a-productores-y-transportistas-a-actuar-con-responsabilidad-tras-fracaso-en-reunion\/#primaryimage"},"thumbnailUrl":"https:\/\/www.sonoraenequipo.com.mx\/storage\/2025\/11\/blosqueo-de-transportistas-min.jpg","datePublished":"2025-11-27T06:00:12+00:00","dateModified":"2025-11-27T16:10:39+00:00","description":"&nbsp; &nbsp; La Secretar\u00eda de Gobernaci\u00f3n (Segob) reiter\u00f3 la noche del martes su llamado a productores agr\u00edcolas y transportistas que mantienen bloqueos En Sonora en Equipo publicamos toda la informaci\u00f3n de Sonora, M\u00e9xico y el Mundo de manera oportuna y busca que la libertad de expresi\u00f3n sea real. Visita nuestro medio informativo publicado desde Hermosillo, Sonora. %","breadcrumb":{"@id":"https:\/\/www.sonoraenequipo.com.mx\/llama-segob-a-productores-y-transportistas-a-actuar-con-responsabilidad-tras-fracaso-en-reunion\/#breadcrumb"},"inLanguage":"es","potentialAction":[{"@type":"ReadAction","target":["https:\/\/www.sonoraenequipo.com.mx\/llama-segob-a-productores-y-transportistas-a-actuar-con-responsabilidad-tras-fracaso-en-reunion\/"]}]},{"@type":"ImageObject","inLanguage":"es","@id":"https:\/\/www.sonoraenequipo.com.mx\/llama-segob-a-productores-y-transportistas-a-actuar-con-responsabilidad-tras-fracaso-en-reunion\/#primaryimage","url":"https:\/\/www.sonoraenequipo.com.mx\/storage\/2025\/11\/blosqueo-de-transportistas-min.jpg","contentUrl":"https:\/\/www.sonoraenequipo.com.mx\/storage\/2025\/11\/blosqueo-de-transportistas-min.jpg","width":1000,"height":525},{"@type":"BreadcrumbList","@id":"https:\/\/www.sonoraenequipo.com.mx\/llama-segob-a-productores-y-transportistas-a-actuar-con-responsabilidad-tras-fracaso-en-reunion\/#breadcrumb","itemListElement":[{"@type":"ListItem","position":1,"name":"Portada","item":"https:\/\/www.sonoraenequipo.com.mx\/"},{"@type":"ListItem","position":2,"name":"Llama Segob a productores y transportistas a actuar con responsabilidad, tras fracaso en reuni\u00f3n"}]},{"@type":"WebSite","@id":"https:\/\/www.sonoraenequipo.com.mx\/#website","url":"https:\/\/www.sonoraenequipo.com.mx\/","name":"Sonora en Equipo.","description":"Diario en l\u00ednea con Noticias desde Hermosillo, Sonora","publisher":{"@id":"https:\/\/www.sonoraenequipo.com.mx\/#organization"},"potentialAction":[{"@type":"SearchAction","target":{"@type":"EntryPoint","urlTemplate":"https:\/\/www.sonoraenequipo.com.mx\/?s={search_term_string}"},"query-input":{"@type":"PropertyValueSpecification","valueRequired":true,"valueName":"search_term_string"}}],"inLanguage":"es"},{"@type":"Organization","@id":"https:\/\/www.sonoraenequipo.com.mx\/#organization","name":"Sonoraenequipo.com.mx","url":"https:\/\/www.sonoraenequipo.com.mx\/","logo":{"@type":"ImageObject","inLanguage":"es","@id":"https:\/\/www.sonoraenequipo.com.mx\/#\/schema\/logo\/image\/","url":"https:\/\/www.sonoraenequipo.com.mx\/storage\/2019\/01\/sonoraenequipo_opt.png","contentUrl":"https:\/\/www.sonoraenequipo.com.mx\/storage\/2019\/01\/sonoraenequipo_opt.png","width":375,"height":125,"caption":"Sonoraenequipo.com.mx"},"image":{"@id":"https:\/\/www.sonoraenequipo.com.mx\/#\/schema\/logo\/image\/"},"sameAs":["https:\/\/www.facebook.com\/SonoraEE\/","https:\/\/x.com\/sonoraenequipo","https:\/\/www.youtube.com\/channel\/UC338nW-lPEYmJQs4ZABQ1SQ"]},{"@type":"Person","@id":"https:\/\/www.sonoraenequipo.com.mx\/#\/schema\/person\/50102df0fb23a8fa9e8effad8fa81386","name":"enequipo","image":{"@type":"ImageObject","inLanguage":"es","@id":"https:\/\/www.sonoraenequipo.com.mx\/#\/schema\/person\/image\/","url":"https:\/\/secure.gravatar.com\/avatar\/049821681b589dabc0bc20695993ccebb09f5b5d4d790cd9251b97faac7c652b?s=96&d=blank&r=g","contentUrl":"https:\/\/secure.gravatar.com\/avatar\/049821681b589dabc0bc20695993ccebb09f5b5d4d790cd9251b97faac7c652b?s=96&d=blank&r=g","caption":"enequipo"},"sameAs":["https:\/\/www.facebook.com\/SonoraEE"]}]}},"jetpack_featured_media_url":"https:\/\/www.sonoraenequipo.com.mx\/storage\/2025\/11\/blosqueo-de-transportistas-min.jpg","_links":{"self":[{"href":"https:\/\/www.sonoraenequipo.com.mx\/api\/wp\/v2\/posts\/229588","targetHints":{"allow":["GET"]}}],"collection":[{"href":"https:\/\/www.sonoraenequipo.com.mx\/api\/wp\/v2\/posts"}],"about":[{"href":"https:\/\/www.sonoraenequipo.com.mx\/api\/wp\/v2\/types\/post"}],"author":[{"embeddable":true,"href":"https:\/\/www.sonoraenequipo.com.mx\/api\/wp\/v2\/users\/1"}],"replies":[{"embeddable":true,"href":"https:\/\/www.sonoraenequipo.com.mx\/api\/wp\/v2\/comments?post=229588"}],"version-history":[{"count":2,"href":"https:\/\/www.sonoraenequipo.com.mx\/api\/wp\/v2\/posts\/229588\/revisions"}],"predecessor-version":[{"id":229591,"href":"https:\/\/www.sonoraenequipo.com.mx\/api\/wp\/v2\/posts\/229588\/revisions\/229591"}],"wp:featuredmedia":[{"embeddable":true,"href":"https:\/\/www.sonoraenequipo.com.mx\/api\/wp\/v2\/media\/229589"}],"wp:attachment":[{"href":"https:\/\/www.sonoraenequipo.com.mx\/api\/wp\/v2\/media?parent=229588"}],"wp:term":[{"taxonomy":"category","embeddable":true,"href":"https:\/\/www.sonoraenequipo.com.mx\/api\/wp\/v2\/categories?post=229588"},{"taxonomy":"post_tag","embeddable":true,"href":"https:\/\/www.sonoraenequipo.com.mx\/api\/wp\/v2\/tags?post=229588"}],"curies":[{"name":"wp","href":"https:\/\/api.w.org\/{rel}","templated":true}]}}