{"id":229602,"date":"2025-11-27T12:05:06","date_gmt":"2025-11-27T19:05:06","guid":{"rendered":"https:\/\/www.sonoraenequipo.com.mx\/?p=229602"},"modified":"2025-11-27T12:05:06","modified_gmt":"2025-11-27T19:05:06","slug":"salud-mental-y-adicciones-entre-los-grandes-desafios-para-el-desarrollo-comunitario-en-hermosillo","status":"publish","type":"post","link":"https:\/\/www.sonoraenequipo.com.mx\/salud-mental-y-adicciones-entre-los-grandes-desafios-para-el-desarrollo-comunitario-en-hermosillo\/","title":{"rendered":"Salud mental y adicciones, entre los grandes desaf\u00edos para el desarrollo comunitario en Hermosillo"},"content":{"rendered":"<p><strong>HERMOSILLO, SONORA, MX.<\/strong> \u2014 Con la participaci\u00f3n de organizaciones y actores clave que trabajan temas relacionados con la salud mental y la prevenci\u00f3n de adicciones en la comunidad, la organizaci\u00f3n ciudadana Hermosillo \u00bfC\u00f3mo Vamos? llev\u00f3 a cabo el II Conversatorio sobre Salud Mental y Prevenci\u00f3n de Adicciones 2025, un espacio de di\u00e1logo y reflexi\u00f3n que busca identificar retos, reconocer capacidades, compartir experiencias y fortalecer la articulaci\u00f3n de acciones desde la sociedad civil.<\/p>\n<p>&nbsp;<\/p>\n<p>En el encuentro dieron la bienvenida el Mtro. Ernesto Urbina Miranda, director general de Hermosillo \u00bfC\u00f3mo Vamos? quien expuso que de acuerdo con el Informe de Indicadores 2025 de la organizaci\u00f3n, la drogadicci\u00f3n se encuentra entre los tres problemas p\u00fablicos que m\u00e1s preocupa a los hermosillenses, se\u00f1alando que entre 2022 y 2024, las carpetas de investigaci\u00f3n por narcomenudeo en Hermosillo pr\u00e1cticamente se duplicaron, al pasar de 1,391 a 2,567. Tambi\u00e9n indic\u00f3 que m\u00e1s del 70% de las personas atendidas en centros de rehabilitaci\u00f3n es por el consumo de metanfetamina (cristal).<\/p>\n<p>&nbsp;<\/p>\n<p>Por su parte, el Dr. Jes\u00fas Labor\u00edn \u00c1lvarez, profesor investigador del Centro de Investigaci\u00f3n en Alimentaci\u00f3n y Desarrollo (CIAD) y coordinador de la Mesa Tem\u00e1tica de Salud Mental y Adicciones, realiz\u00f3 un llamado a reconocer la salud mental como un pilar de desarrollo humano y comunitario en donde las organizaciones civiles son los principales espacios de atenci\u00f3n a este problema ante los grandes rezagos presupuestales y de infrasestructura del sector p\u00fablico.<\/p>\n<p>&nbsp;<\/p>\n<p>Desde ese punto de partida, la jornada avanz\u00f3 rumbo a los dos paneles centrales donde se compartieron datos, conocimiento, pr\u00e1ctica en territorio y diagn\u00f3sticos recientes sobre la situaci\u00f3n en la capital de Sonora.<\/p>\n<p>&nbsp;<\/p>\n<p><strong>Un di\u00e1logo sobre la importancia de la prevenci\u00f3n<\/strong><\/p>\n<p>&nbsp;<\/p>\n<p>El primer panel, denominado \u201cContexto, Retos y Oportunidades de las Organizaciones Civiles en la Prevenci\u00f3n de Adicciones y el Cuidado de la Salud Mental\u201d, reuni\u00f3 a voces con experiencias diversas, pero profundamente complementarias. A partir de su trabajo en territorio, Berenice Dom\u00ednguez Olmedo, de Fundaci\u00f3n Don Jorge Aguilar Heredia A.C.; Marco Polo Guti\u00e9rrez Ruelas, de Malala Academia IAP; y la Dra. Eunice Gaxiola Villa, de la Universidad de Sonora, narraron c\u00f3mo la prevenci\u00f3n se vuelve m\u00e1s efectiva cuando se construye desde la cercan\u00eda con las familias, el acompa\u00f1amiento comunitario y la formaci\u00f3n constante de ni\u00f1as, ni\u00f1os y adolescentes.<\/p>\n<p>&nbsp;<\/p>\n<p>Coincidieron en que, aunque la Ley General de Salud y la nueva Ley de Salud Mental de Sonora ofrecen un marco prometedor, a\u00fan persisten brechas que limitan el alcance de los programas preventivos. El di\u00e1logo, moderado por Octavio S\u00e1nchez Monta\u00f1o, coordinador de la Mesa de Seguridad Ciudadana de Hermosillo \u00bfC\u00f3mo Vamos?, puso sobre la mesa preguntas fundamentales: \u00bfestamos colaborando lo suficiente entre instituciones?, \u00bfcu\u00e1les son las condiciones m\u00ednimas para articular esfuerzos de forma real?, y \u00bfqu\u00e9 indicadores pueden demostrar que la prevenci\u00f3n avanza en la direcci\u00f3n correcta?<\/p>\n<p>&nbsp;<\/p>\n<p>Al finalizar la conversaci\u00f3n, se concluy\u00f3 que la prevenci\u00f3n sigue siendo la mejor ruta, pero tambi\u00e9n la m\u00e1s fr\u00e1gil si no existe continuidad.<\/p>\n<p>&nbsp;<\/p>\n<p>C\u00f3mo atender, rehabilitar y acompa\u00f1ar a quienes ya viven la problem\u00e1tica<\/p>\n<p>&nbsp;<\/p>\n<p>\u201cRehabilitaci\u00f3n y atenci\u00f3n (NNA y j\u00f3venes)\u201d fue el nombre del segundo panel, mismo que llev\u00f3 la conversaci\u00f3n hacia una dimensi\u00f3n igualmente importante: el tratamiento y la rehabilitaci\u00f3n. Con una mirada basada en evidencia, la Dra. Fara Gisela Arreola Romero, del Centro de Integraci\u00f3n Juvenil Hermosillo; el Dr. Christian Mart\u00ednez Leyva, de Cl\u00ednica Los Altos; y Jes\u00fas Francisco C\u00f3rdova junto con Briyith Kassandra Boj\u00f3rquez, de Cl\u00ednica Jayil Nogales, compartieron la realidad que enfrentan las cl\u00ednicas y centros especializados en otras ciudades del estado.<\/p>\n<p>&nbsp;<\/p>\n<p>Durante la conversaci\u00f3n describieron que, aunque la infraestructura ha mejorado en algunos aspectos, particularmente en inversi\u00f3n y reducci\u00f3n de estigma, a\u00fan resulta insuficiente para atender la creciente demanda, sobre todo en el caso de ni\u00f1as, ni\u00f1os y adolescentes. Moderado por el coordinador de la Mesa Tem\u00e1tica de Salud Mental y Adicciones de la organizaci\u00f3n, Dr. Jes\u00fas Labor\u00edn, el panel explor\u00f3 temas como la limitaci\u00f3n de servicios especializados, los riesgos de reca\u00edda en comunidades con presencia de crimen organizado y la necesidad de protocolos m\u00e1s s\u00f3lidos para asegurar la continuidad en la atenci\u00f3n.<\/p>\n<p>&nbsp;<\/p>\n<p>Ambos paneles coincidieron en que la rehabilitaci\u00f3n no depende \u00fanicamente del tratamiento cl\u00ednico, sino de un ecosistema de apoyo que incluya familia, comunidad, instituciones de salud, academia, organizaciones civiles, as\u00ed como ciudadanas y ciudadanos comprometidos.<\/p>\n<p>&nbsp;<\/p>\n<p>En este segundo conversatorio se reiter\u00f3 la importancia de analizar los datos para poder tomar decisiones que impacten; tambi\u00e9n se enfatiz\u00f3 que la salud mental es parte fundamental de nuestro desarrollo individual y colectivo.<\/p>\n<p>&nbsp;<\/p>\n<p>Para concluir, Urbina Miranda destac\u00f3 que \u201cHermosillo requiere un modelo integral que atienda desde la prevenci\u00f3n y el acompa\u00f1amiento temprano, hasta la rehabilitaci\u00f3n y la reinserci\u00f3n comunitaria\u201d. Tambi\u00e9n reforz\u00f3 la necesidad de avanzar hacia pol\u00edticas p\u00fablicas incluyentes, que reconozcan la aportaci\u00f3n de las organizaciones y especialistas realizan desde la sociedad civil, poniendo en el centro la dimensi\u00f3n humana de las adicciones, la reducci\u00f3n de brechas de desigualdad y garanticen atenci\u00f3n digna y accesible para todas y todos.<\/p>\n<p><strong>Fecha de publicaci\u00f3n\u00a0 jueves 27 de noviembre de 2025<\/strong><\/p>\n","protected":false},"excerpt":{"rendered":"<p>HERMOSILLO, SONORA, MX. \u2014 Con la participaci\u00f3n de organizaciones y actores clave que trabajan temas&#8230;<\/p>\n","protected":false},"author":1,"featured_media":181147,"comment_status":"open","ping_status":"open","sticky":false,"template":"","format":"standard","meta":{"_monsterinsights_skip_tracking":false,"_monsterinsights_sitenote_active":false,"_monsterinsights_sitenote_note":"","_monsterinsights_sitenote_category":0,"footnotes":""},"categories":[4],"tags":[],"class_list":["post"],"yoast_head":" \n<title>Sonora en Equipo. Salud mental y adicciones, entre los grandes desaf\u00edos para el desarrollo comunitario en Hermosillo Municipios<\/title>\n<meta name=\"description\" content=\"HERMOSILLO, SONORA, MX. \u2014 Con la participaci\u00f3n de organizaciones y actores clave que trabajan temas relacionados con la salud mental y la prevenci\u00f3n de En Sonora en Equipo publicamos toda la informaci\u00f3n de Sonora, M\u00e9xico y el Mundo de manera oportuna y busca que la libertad de expresi\u00f3n sea real. Visita nuestro medio informativo publicado desde Hermosillo, Sonora. %\" \/>\n<meta name=\"robots\" content=\"index, follow, max-snippet:-1, max-image-preview:large, max-video-preview:-1\" \/>\n<link rel=\"canonical\" href=\"https:\/\/www.sonoraenequipo.com.mx\/salud-mental-y-adicciones-entre-los-grandes-desafios-para-el-desarrollo-comunitario-en-hermosillo\/\" \/>\n<meta property=\"og:locale\" content=\"es_ES\" \/>\n<meta property=\"og:type\" content=\"article\" \/>\n<meta property=\"og:title\" content=\"Sonora en Equipo. Salud mental y adicciones, entre los grandes desaf\u00edos para el desarrollo comunitario en Hermosillo Municipios\" \/>\n<meta property=\"og:description\" content=\"HERMOSILLO, SONORA, MX. \u2014 Con la participaci\u00f3n de organizaciones y actores clave que trabajan temas relacionados con la salud mental y la prevenci\u00f3n de En Sonora en Equipo publicamos toda la informaci\u00f3n de Sonora, M\u00e9xico y el Mundo de manera oportuna y busca que la libertad de expresi\u00f3n sea real. Visita nuestro medio informativo publicado desde Hermosillo, Sonora. %\" \/>\n<meta property=\"og:url\" content=\"https:\/\/www.sonoraenequipo.com.mx\/salud-mental-y-adicciones-entre-los-grandes-desafios-para-el-desarrollo-comunitario-en-hermosillo\/\" \/>\n<meta property=\"og:site_name\" content=\"Sonora en Equipo.\" \/>\n<meta property=\"article:publisher\" content=\"https:\/\/www.facebook.com\/SonoraEE\/\" \/>\n<meta property=\"article:author\" content=\"https:\/\/www.facebook.com\/SonoraEE\" \/>\n<meta property=\"article:published_time\" content=\"2025-11-27T19:05:06+00:00\" \/>\n<meta property=\"og:image\" content=\"https:\/\/www.sonoraenequipo.com.mx\/storage\/2023\/12\/salud-mental.jpg\" \/>\n\t<meta property=\"og:image:width\" content=\"600\" \/>\n\t<meta property=\"og:image:height\" content=\"409\" \/>\n\t<meta property=\"og:image:type\" content=\"image\/jpeg\" \/>\n<meta name=\"author\" content=\"enequipo\" \/>\n<meta name=\"twitter:card\" content=\"summary_large_image\" \/>\n<meta name=\"twitter:creator\" content=\"@sonoraenequipo\" \/>\n<meta name=\"twitter:site\" content=\"@sonoraenequipo\" \/>\n<meta name=\"twitter:label1\" content=\"Escrito por\" \/>\n\t<meta name=\"twitter:data1\" content=\"enequipo\" \/>\n\t<meta name=\"twitter:label2\" content=\"Tiempo de lectura\" \/>\n\t<meta name=\"twitter:data2\" content=\"5 minutos\" \/>\n<script type=\"application\/ld+json\" class=\"yoast-schema-graph\">{\"@context\":\"https:\/\/schema.org\",\"@graph\":[{\"@type\":\"Article\",\"@id\":\"https:\/\/www.sonoraenequipo.com.mx\/salud-mental-y-adicciones-entre-los-grandes-desafios-para-el-desarrollo-comunitario-en-hermosillo\/#article\",\"isPartOf\":{\"@id\":\"https:\/\/www.sonoraenequipo.com.mx\/salud-mental-y-adicciones-entre-los-grandes-desafios-para-el-desarrollo-comunitario-en-hermosillo\/\"},\"author\":{\"name\":\"enequipo\",\"@id\":\"https:\/\/www.sonoraenequipo.com.mx\/#\/schema\/person\/50102df0fb23a8fa9e8effad8fa81386\"},\"headline\":\"Salud mental y adicciones, entre los grandes desaf\u00edos para el desarrollo comunitario en Hermosillo\",\"datePublished\":\"2025-11-27T19:05:06+00:00\",\"mainEntityOfPage\":{\"@id\":\"https:\/\/www.sonoraenequipo.com.mx\/salud-mental-y-adicciones-entre-los-grandes-desafios-para-el-desarrollo-comunitario-en-hermosillo\/\"},\"wordCount\":945,\"commentCount\":0,\"publisher\":{\"@id\":\"https:\/\/www.sonoraenequipo.com.mx\/#organization\"},\"image\":{\"@id\":\"https:\/\/www.sonoraenequipo.com.mx\/salud-mental-y-adicciones-entre-los-grandes-desafios-para-el-desarrollo-comunitario-en-hermosillo\/#primaryimage\"},\"thumbnailUrl\":\"https:\/\/www.sonoraenequipo.com.mx\/storage\/2023\/12\/salud-mental.jpg\",\"articleSection\":[\"Municipios\"],\"inLanguage\":\"es\",\"potentialAction\":[{\"@type\":\"CommentAction\",\"name\":\"Comment\",\"target\":[\"https:\/\/www.sonoraenequipo.com.mx\/salud-mental-y-adicciones-entre-los-grandes-desafios-para-el-desarrollo-comunitario-en-hermosillo\/#respond\"]}]},{\"@type\":\"WebPage\",\"@id\":\"https:\/\/www.sonoraenequipo.com.mx\/salud-mental-y-adicciones-entre-los-grandes-desafios-para-el-desarrollo-comunitario-en-hermosillo\/\",\"url\":\"https:\/\/www.sonoraenequipo.com.mx\/salud-mental-y-adicciones-entre-los-grandes-desafios-para-el-desarrollo-comunitario-en-hermosillo\/\",\"name\":\"Sonora en Equipo. Salud mental y adicciones, entre los grandes desaf\u00edos para el desarrollo comunitario en Hermosillo Municipios\",\"isPartOf\":{\"@id\":\"https:\/\/www.sonoraenequipo.com.mx\/#website\"},\"primaryImageOfPage\":{\"@id\":\"https:\/\/www.sonoraenequipo.com.mx\/salud-mental-y-adicciones-entre-los-grandes-desafios-para-el-desarrollo-comunitario-en-hermosillo\/#primaryimage\"},\"image\":{\"@id\":\"https:\/\/www.sonoraenequipo.com.mx\/salud-mental-y-adicciones-entre-los-grandes-desafios-para-el-desarrollo-comunitario-en-hermosillo\/#primaryimage\"},\"thumbnailUrl\":\"https:\/\/www.sonoraenequipo.com.mx\/storage\/2023\/12\/salud-mental.jpg\",\"datePublished\":\"2025-11-27T19:05:06+00:00\",\"description\":\"HERMOSILLO, SONORA, MX. \u2014 Con la participaci\u00f3n de organizaciones y actores clave que trabajan temas relacionados con la salud mental y la prevenci\u00f3n de En Sonora en Equipo publicamos toda la informaci\u00f3n de Sonora, M\u00e9xico y el Mundo de manera oportuna y busca que la libertad de expresi\u00f3n sea real. Visita nuestro medio informativo publicado desde Hermosillo, Sonora. %\",\"breadcrumb\":{\"@id\":\"https:\/\/www.sonoraenequipo.com.mx\/salud-mental-y-adicciones-entre-los-grandes-desafios-para-el-desarrollo-comunitario-en-hermosillo\/#breadcrumb\"},\"inLanguage\":\"es\",\"potentialAction\":[{\"@type\":\"ReadAction\",\"target\":[\"https:\/\/www.sonoraenequipo.com.mx\/salud-mental-y-adicciones-entre-los-grandes-desafios-para-el-desarrollo-comunitario-en-hermosillo\/\"]}]},{\"@type\":\"ImageObject\",\"inLanguage\":\"es\",\"@id\":\"https:\/\/www.sonoraenequipo.com.mx\/salud-mental-y-adicciones-entre-los-grandes-desafios-para-el-desarrollo-comunitario-en-hermosillo\/#primaryimage\",\"url\":\"https:\/\/www.sonoraenequipo.com.mx\/storage\/2023\/12\/salud-mental.jpg\",\"contentUrl\":\"https:\/\/www.sonoraenequipo.com.mx\/storage\/2023\/12\/salud-mental.jpg\",\"width\":600,\"height\":409},{\"@type\":\"BreadcrumbList\",\"@id\":\"https:\/\/www.sonoraenequipo.com.mx\/salud-mental-y-adicciones-entre-los-grandes-desafios-para-el-desarrollo-comunitario-en-hermosillo\/#breadcrumb\",\"itemListElement\":[{\"@type\":\"ListItem\",\"position\":1,\"name\":\"Portada\",\"item\":\"https:\/\/www.sonoraenequipo.com.mx\/\"},{\"@type\":\"ListItem\",\"position\":2,\"name\":\"Salud mental y adicciones, entre los grandes desaf\u00edos para el desarrollo comunitario en Hermosillo\"}]},{\"@type\":\"WebSite\",\"@id\":\"https:\/\/www.sonoraenequipo.com.mx\/#website\",\"url\":\"https:\/\/www.sonoraenequipo.com.mx\/\",\"name\":\"Sonora en Equipo.\",\"description\":\"Diario en l\u00ednea con Noticias desde Hermosillo, Sonora\",\"publisher\":{\"@id\":\"https:\/\/www.sonoraenequipo.com.mx\/#organization\"},\"potentialAction\":[{\"@type\":\"SearchAction\",\"target\":{\"@type\":\"EntryPoint\",\"urlTemplate\":\"https:\/\/www.sonoraenequipo.com.mx\/?s={search_term_string}\"},\"query-input\":{\"@type\":\"PropertyValueSpecification\",\"valueRequired\":true,\"valueName\":\"search_term_string\"}}],\"inLanguage\":\"es\"},{\"@type\":\"Organization\",\"@id\":\"https:\/\/www.sonoraenequipo.com.mx\/#organization\",\"name\":\"Sonoraenequipo.com.mx\",\"url\":\"https:\/\/www.sonoraenequipo.com.mx\/\",\"logo\":{\"@type\":\"ImageObject\",\"inLanguage\":\"es\",\"@id\":\"https:\/\/www.sonoraenequipo.com.mx\/#\/schema\/logo\/image\/\",\"url\":\"https:\/\/www.sonoraenequipo.com.mx\/storage\/2019\/01\/sonoraenequipo_opt.png\",\"contentUrl\":\"https:\/\/www.sonoraenequipo.com.mx\/storage\/2019\/01\/sonoraenequipo_opt.png\",\"width\":375,\"height\":125,\"caption\":\"Sonoraenequipo.com.mx\"},\"image\":{\"@id\":\"https:\/\/www.sonoraenequipo.com.mx\/#\/schema\/logo\/image\/\"},\"sameAs\":[\"https:\/\/www.facebook.com\/SonoraEE\/\",\"https:\/\/x.com\/sonoraenequipo\",\"https:\/\/www.youtube.com\/channel\/UC338nW-lPEYmJQs4ZABQ1SQ\"]},{\"@type\":\"Person\",\"@id\":\"https:\/\/www.sonoraenequipo.com.mx\/#\/schema\/person\/50102df0fb23a8fa9e8effad8fa81386\",\"name\":\"enequipo\",\"image\":{\"@type\":\"ImageObject\",\"inLanguage\":\"es\",\"@id\":\"https:\/\/www.sonoraenequipo.com.mx\/#\/schema\/person\/image\/\",\"url\":\"https:\/\/secure.gravatar.com\/avatar\/049821681b589dabc0bc20695993ccebb09f5b5d4d790cd9251b97faac7c652b?s=96&d=blank&r=g\",\"contentUrl\":\"https:\/\/secure.gravatar.com\/avatar\/049821681b589dabc0bc20695993ccebb09f5b5d4d790cd9251b97faac7c652b?s=96&d=blank&r=g\",\"caption\":\"enequipo\"},\"sameAs\":[\"https:\/\/www.facebook.com\/SonoraEE\"]}]}<\/script>\n ","yoast_head_json":{"title":"Sonora en Equipo. Salud mental y adicciones, entre los grandes desaf\u00edos para el desarrollo comunitario en Hermosillo Municipios","description":"HERMOSILLO, SONORA, MX. \u2014 Con la participaci\u00f3n de organizaciones y actores clave que trabajan temas relacionados con la salud mental y la prevenci\u00f3n de En Sonora en Equipo publicamos toda la informaci\u00f3n de Sonora, M\u00e9xico y el Mundo de manera oportuna y busca que la libertad de expresi\u00f3n sea real. Visita nuestro medio informativo publicado desde Hermosillo, Sonora. %","robots":{"index":"index","follow":"follow","max-snippet":"max-snippet:-1","max-image-preview":"max-image-preview:large","max-video-preview":"max-video-preview:-1"},"canonical":"https:\/\/www.sonoraenequipo.com.mx\/salud-mental-y-adicciones-entre-los-grandes-desafios-para-el-desarrollo-comunitario-en-hermosillo\/","og_locale":"es_ES","og_type":"article","og_title":"Sonora en Equipo. Salud mental y adicciones, entre los grandes desaf\u00edos para el desarrollo comunitario en Hermosillo Municipios","og_description":"HERMOSILLO, SONORA, MX. \u2014 Con la participaci\u00f3n de organizaciones y actores clave que trabajan temas relacionados con la salud mental y la prevenci\u00f3n de En Sonora en Equipo publicamos toda la informaci\u00f3n de Sonora, M\u00e9xico y el Mundo de manera oportuna y busca que la libertad de expresi\u00f3n sea real. Visita nuestro medio informativo publicado desde Hermosillo, Sonora. %","og_url":"https:\/\/www.sonoraenequipo.com.mx\/salud-mental-y-adicciones-entre-los-grandes-desafios-para-el-desarrollo-comunitario-en-hermosillo\/","og_site_name":"Sonora en Equipo.","article_publisher":"https:\/\/www.facebook.com\/SonoraEE\/","article_author":"https:\/\/www.facebook.com\/SonoraEE","article_published_time":"2025-11-27T19:05:06+00:00","og_image":[{"width":600,"height":409,"url":"https:\/\/www.sonoraenequipo.com.mx\/storage\/2023\/12\/salud-mental.jpg","type":"image\/jpeg"}],"author":"enequipo","twitter_card":"summary_large_image","twitter_creator":"@sonoraenequipo","twitter_site":"@sonoraenequipo","twitter_misc":{"Escrito por":"enequipo","Tiempo de lectura":"5 minutos"},"schema":{"@context":"https:\/\/schema.org","@graph":[{"@type":"Article","@id":"https:\/\/www.sonoraenequipo.com.mx\/salud-mental-y-adicciones-entre-los-grandes-desafios-para-el-desarrollo-comunitario-en-hermosillo\/#article","isPartOf":{"@id":"https:\/\/www.sonoraenequipo.com.mx\/salud-mental-y-adicciones-entre-los-grandes-desafios-para-el-desarrollo-comunitario-en-hermosillo\/"},"author":{"name":"enequipo","@id":"https:\/\/www.sonoraenequipo.com.mx\/#\/schema\/person\/50102df0fb23a8fa9e8effad8fa81386"},"headline":"Salud mental y adicciones, entre los grandes desaf\u00edos para el desarrollo comunitario en Hermosillo","datePublished":"2025-11-27T19:05:06+00:00","mainEntityOfPage":{"@id":"https:\/\/www.sonoraenequipo.com.mx\/salud-mental-y-adicciones-entre-los-grandes-desafios-para-el-desarrollo-comunitario-en-hermosillo\/"},"wordCount":945,"commentCount":0,"publisher":{"@id":"https:\/\/www.sonoraenequipo.com.mx\/#organization"},"image":{"@id":"https:\/\/www.sonoraenequipo.com.mx\/salud-mental-y-adicciones-entre-los-grandes-desafios-para-el-desarrollo-comunitario-en-hermosillo\/#primaryimage"},"thumbnailUrl":"https:\/\/www.sonoraenequipo.com.mx\/storage\/2023\/12\/salud-mental.jpg","articleSection":["Municipios"],"inLanguage":"es","potentialAction":[{"@type":"CommentAction","name":"Comment","target":["https:\/\/www.sonoraenequipo.com.mx\/salud-mental-y-adicciones-entre-los-grandes-desafios-para-el-desarrollo-comunitario-en-hermosillo\/#respond"]}]},{"@type":"WebPage","@id":"https:\/\/www.sonoraenequipo.com.mx\/salud-mental-y-adicciones-entre-los-grandes-desafios-para-el-desarrollo-comunitario-en-hermosillo\/","url":"https:\/\/www.sonoraenequipo.com.mx\/salud-mental-y-adicciones-entre-los-grandes-desafios-para-el-desarrollo-comunitario-en-hermosillo\/","name":"Sonora en Equipo. Salud mental y adicciones, entre los grandes desaf\u00edos para el desarrollo comunitario en Hermosillo Municipios","isPartOf":{"@id":"https:\/\/www.sonoraenequipo.com.mx\/#website"},"primaryImageOfPage":{"@id":"https:\/\/www.sonoraenequipo.com.mx\/salud-mental-y-adicciones-entre-los-grandes-desafios-para-el-desarrollo-comunitario-en-hermosillo\/#primaryimage"},"image":{"@id":"https:\/\/www.sonoraenequipo.com.mx\/salud-mental-y-adicciones-entre-los-grandes-desafios-para-el-desarrollo-comunitario-en-hermosillo\/#primaryimage"},"thumbnailUrl":"https:\/\/www.sonoraenequipo.com.mx\/storage\/2023\/12\/salud-mental.jpg","datePublished":"2025-11-27T19:05:06+00:00","description":"HERMOSILLO, SONORA, MX. \u2014 Con la participaci\u00f3n de organizaciones y actores clave que trabajan temas relacionados con la salud mental y la prevenci\u00f3n de En Sonora en Equipo publicamos toda la informaci\u00f3n de Sonora, M\u00e9xico y el Mundo de manera oportuna y busca que la libertad de expresi\u00f3n sea real. Visita nuestro medio informativo publicado desde Hermosillo, Sonora. %","breadcrumb":{"@id":"https:\/\/www.sonoraenequipo.com.mx\/salud-mental-y-adicciones-entre-los-grandes-desafios-para-el-desarrollo-comunitario-en-hermosillo\/#breadcrumb"},"inLanguage":"es","potentialAction":[{"@type":"ReadAction","target":["https:\/\/www.sonoraenequipo.com.mx\/salud-mental-y-adicciones-entre-los-grandes-desafios-para-el-desarrollo-comunitario-en-hermosillo\/"]}]},{"@type":"ImageObject","inLanguage":"es","@id":"https:\/\/www.sonoraenequipo.com.mx\/salud-mental-y-adicciones-entre-los-grandes-desafios-para-el-desarrollo-comunitario-en-hermosillo\/#primaryimage","url":"https:\/\/www.sonoraenequipo.com.mx\/storage\/2023\/12\/salud-mental.jpg","contentUrl":"https:\/\/www.sonoraenequipo.com.mx\/storage\/2023\/12\/salud-mental.jpg","width":600,"height":409},{"@type":"BreadcrumbList","@id":"https:\/\/www.sonoraenequipo.com.mx\/salud-mental-y-adicciones-entre-los-grandes-desafios-para-el-desarrollo-comunitario-en-hermosillo\/#breadcrumb","itemListElement":[{"@type":"ListItem","position":1,"name":"Portada","item":"https:\/\/www.sonoraenequipo.com.mx\/"},{"@type":"ListItem","position":2,"name":"Salud mental y adicciones, entre los grandes desaf\u00edos para el desarrollo comunitario en Hermosillo"}]},{"@type":"WebSite","@id":"https:\/\/www.sonoraenequipo.com.mx\/#website","url":"https:\/\/www.sonoraenequipo.com.mx\/","name":"Sonora en Equipo.","description":"Diario en l\u00ednea con Noticias desde Hermosillo, Sonora","publisher":{"@id":"https:\/\/www.sonoraenequipo.com.mx\/#organization"},"potentialAction":[{"@type":"SearchAction","target":{"@type":"EntryPoint","urlTemplate":"https:\/\/www.sonoraenequipo.com.mx\/?s={search_term_string}"},"query-input":{"@type":"PropertyValueSpecification","valueRequired":true,"valueName":"search_term_string"}}],"inLanguage":"es"},{"@type":"Organization","@id":"https:\/\/www.sonoraenequipo.com.mx\/#organization","name":"Sonoraenequipo.com.mx","url":"https:\/\/www.sonoraenequipo.com.mx\/","logo":{"@type":"ImageObject","inLanguage":"es","@id":"https:\/\/www.sonoraenequipo.com.mx\/#\/schema\/logo\/image\/","url":"https:\/\/www.sonoraenequipo.com.mx\/storage\/2019\/01\/sonoraenequipo_opt.png","contentUrl":"https:\/\/www.sonoraenequipo.com.mx\/storage\/2019\/01\/sonoraenequipo_opt.png","width":375,"height":125,"caption":"Sonoraenequipo.com.mx"},"image":{"@id":"https:\/\/www.sonoraenequipo.com.mx\/#\/schema\/logo\/image\/"},"sameAs":["https:\/\/www.facebook.com\/SonoraEE\/","https:\/\/x.com\/sonoraenequipo","https:\/\/www.youtube.com\/channel\/UC338nW-lPEYmJQs4ZABQ1SQ"]},{"@type":"Person","@id":"https:\/\/www.sonoraenequipo.com.mx\/#\/schema\/person\/50102df0fb23a8fa9e8effad8fa81386","name":"enequipo","image":{"@type":"ImageObject","inLanguage":"es","@id":"https:\/\/www.sonoraenequipo.com.mx\/#\/schema\/person\/image\/","url":"https:\/\/secure.gravatar.com\/avatar\/049821681b589dabc0bc20695993ccebb09f5b5d4d790cd9251b97faac7c652b?s=96&d=blank&r=g","contentUrl":"https:\/\/secure.gravatar.com\/avatar\/049821681b589dabc0bc20695993ccebb09f5b5d4d790cd9251b97faac7c652b?s=96&d=blank&r=g","caption":"enequipo"},"sameAs":["https:\/\/www.facebook.com\/SonoraEE"]}]}},"jetpack_featured_media_url":"https:\/\/www.sonoraenequipo.com.mx\/storage\/2023\/12\/salud-mental.jpg","_links":{"self":[{"href":"https:\/\/www.sonoraenequipo.com.mx\/api\/wp\/v2\/posts\/229602","targetHints":{"allow":["GET"]}}],"collection":[{"href":"https:\/\/www.sonoraenequipo.com.mx\/api\/wp\/v2\/posts"}],"about":[{"href":"https:\/\/www.sonoraenequipo.com.mx\/api\/wp\/v2\/types\/post"}],"author":[{"embeddable":true,"href":"https:\/\/www.sonoraenequipo.com.mx\/api\/wp\/v2\/users\/1"}],"replies":[{"embeddable":true,"href":"https:\/\/www.sonoraenequipo.com.mx\/api\/wp\/v2\/comments?post=229602"}],"version-history":[{"count":1,"href":"https:\/\/www.sonoraenequipo.com.mx\/api\/wp\/v2\/posts\/229602\/revisions"}],"predecessor-version":[{"id":229603,"href":"https:\/\/www.sonoraenequipo.com.mx\/api\/wp\/v2\/posts\/229602\/revisions\/229603"}],"wp:featuredmedia":[{"embeddable":true,"href":"https:\/\/www.sonoraenequipo.com.mx\/api\/wp\/v2\/media\/181147"}],"wp:attachment":[{"href":"https:\/\/www.sonoraenequipo.com.mx\/api\/wp\/v2\/media?parent=229602"}],"wp:term":[{"taxonomy":"category","embeddable":true,"href":"https:\/\/www.sonoraenequipo.com.mx\/api\/wp\/v2\/categories?post=229602"},{"taxonomy":"post_tag","embeddable":true,"href":"https:\/\/www.sonoraenequipo.com.mx\/api\/wp\/v2\/tags?post=229602"}],"curies":[{"name":"wp","href":"https:\/\/api.w.org\/{rel}","templated":true}]}}