{"id":229604,"date":"2025-11-27T12:22:56","date_gmt":"2025-11-27T19:22:56","guid":{"rendered":"https:\/\/www.sonoraenequipo.com.mx\/?p=229604"},"modified":"2025-11-27T12:23:50","modified_gmt":"2025-11-27T19:23:50","slug":"dueno-de-miss-universo-tiene-una-orden-de-aprehension-por-delincuencia-organizada","status":"publish","type":"post","link":"https:\/\/www.sonoraenequipo.com.mx\/dueno-de-miss-universo-tiene-una-orden-de-aprehension-por-delincuencia-organizada\/","title":{"rendered":"Due\u00f1o de Miss Universo, tiene orden de aprehensi\u00f3n por delincuencia organizada"},"content":{"rendered":"<p>El orgullo mexicano por el triunfo de F\u00e1tima Bosch en el concurso de Miss Universo empieza a enfangarse. Ra\u00fal Rocha Cant\u00fa, empresario mexicano due\u00f1o de un conglomerado de corporaciones \u2014incluido el concurso de belleza\u2014, est\u00e1 siendo investigado por la Fiscal\u00eda Especializada en Materia de Delincuencia Organizada. El Poder Judicial de la Federaci\u00f3n ha aprobado una orden de aprehensi\u00f3n contra un grupo de 13 personas en los que aparece el nombre de Rocha, seg\u00fan la resoluci\u00f3n a la que ha tenido acceso EL PA\u00cdS. Las autoridades buscan al magnate por su participaci\u00f3n en una red de tr\u00e1fico de drogas, armas y combustible entre Guatemala y M\u00e9xico, seg\u00fan ha publicado el diario Reforma.<\/p>\n<p>&nbsp;<\/p>\n<p>&nbsp;<\/p>\n<p>La Fiscal\u00eda General de la Rep\u00fablica ha expuesto unas horas despu\u00e9s que a\u00fan recaba \u201cdatos fundamentales\u201d para ahondar en la investigaci\u00f3n que tiene en el foco a Rocha. Y ha mantenido que dar\u00e1n a conocer su situaci\u00f3n jur\u00eddica \u201cen cuanto los elementos de prueba se ratifiquen con toda certeza\u201d. La orden de captura contra Rocha fue emitida el pasado 15 de septiembre en Quer\u00e9taro. Sin embargo, la investigaci\u00f3n inici\u00f3 el pasado 29 de noviembre de 2024 por una denuncia an\u00f3nima que se\u00f1alaba al empresario y a un entramado de conexiones por traficar armas y drogas desde la frontera sur para vend\u00e9rselas al crimen organizado. La red que presuntamente dirige y financia el empresario, tambi\u00e9n se dedica al contrabando de combustible que nutre a varias gasolineras con hidrocarburos clandestinos en M\u00e9xico. Al ser preguntado por este peri\u00f3dico por el caso, Rocha ha negado su involucraci\u00f3n en la trama. \u201cEs completamente falso que yo tenga una orden de captura\u201d, ha zanjado el empresario, quien tambi\u00e9n es C\u00f3nsul Honor\u00edfico de M\u00e9xico en Guatemala.<\/p>\n<p>&nbsp;<\/p>\n<p>La UCO hall\u00f3 un sobre con 7.620 euros a nombre del expresidente de la Diputaci\u00f3n de Almer\u00eda y una tabla con \u201cingresos declarados y cobrados en efectivo\u201d<\/p>\n<p>&nbsp;<\/p>\n<p>Rocha es a su vez propietario de la empresa Soluciones Gas\u00edferas del Sur S.A de C.V, una entidad que tiene contratos con Petr\u00f3leos Mexicanos (Pemex), un acuerdo que estuvo en medio de la pol\u00e9mica despu\u00e9s del concurso que gan\u00f3 la tabasque\u00f1a F\u00e1tima Bosch. La reci\u00e9n coronada Miss Universo 2025 es hija de Bernardo Bosch, parte de la plantilla estrat\u00e9gica de Pemex desde hace casi tres d\u00e9cadas y actual asesor de la direcci\u00f3n general de la empresa en Exploraci\u00f3n y Producci\u00f3n.<\/p>\n<p>&nbsp;<\/p>\n<p>Cuando dos jueces del certamen renunciaron en medio de denuncias de presi\u00f3n para favorecer a Bosch en el concurso, las cr\u00edticas acorralaron a Rocha. Sin embargo, el empresario neg\u00f3 el complot para ama\u00f1ar el triunfo de la tabasque\u00f1a, pero reconoci\u00f3 la existencia de un v\u00ednculo empresarial con Pemex. \u201cDurante el periodo en que se llevaron a cabo las gestiones de esta licitaci\u00f3n, no ten\u00eda ninguna relaci\u00f3n directa o indirecta con cualquier miembro o directivo de Miss Universo, ni mucho menos con cualquier integrante de la familia Bosch\u201d, indic\u00f3 Rocha. La presidenta, Claudia Sheinbaum, cuando le preguntaron por el caso, asegur\u00f3 que se trataba de una acusaci\u00f3n rid\u00edcula.<\/p>\n<p>&nbsp;<\/p>\n<p>Ahora, el empresario due\u00f1o de un conglomerado de corporaciones de material y planeaci\u00f3n industrial, casinos, as\u00ed como de varias empresas dedicadas a la distribuci\u00f3n de combustibles, est\u00e1 en medio en la diana de la Fiscal\u00eda. Los investigadores le vinculan a una de las propiedades donde se guardaba el huachicol tra\u00eddo por contrabando desde Guatemala, y apuntan a las llamadas entre los integrantes de la red en las que aparece su nombre.<\/p>\n<p><strong>Fecha de publicaci\u00f3n\u00a0 jueves 27 de noviembre de 2025\/El Pa\u00eds<\/strong><\/p>\n","protected":false},"excerpt":{"rendered":"<p>El orgullo mexicano por el triunfo de F\u00e1tima Bosch en el concurso de Miss Universo&#8230;<\/p>\n","protected":false},"author":1,"featured_media":229605,"comment_status":"open","ping_status":"open","sticky":false,"template":"","format":"standard","meta":{"_monsterinsights_skip_tracking":false,"_monsterinsights_sitenote_active":false,"_monsterinsights_sitenote_note":"","_monsterinsights_sitenote_category":0,"footnotes":""},"categories":[5],"tags":[9733,12113],"class_list":["post"],"yoast_head":" \n<title>Sonora en Equipo. Due\u00f1o de Miss Universo, tiene orden de aprehensi\u00f3n por delincuencia organizada Rep\u00fablica<\/title>\n<meta name=\"description\" content=\"El orgullo mexicano por el triunfo de F\u00e1tima Bosch en el concurso de Miss Universo empieza a enfangarse. Ra\u00fal Rocha Cant\u00fa, empresario mexicano due\u00f1o de un En Sonora en Equipo publicamos toda la informaci\u00f3n de Sonora, M\u00e9xico y el Mundo de manera oportuna y busca que la libertad de expresi\u00f3n sea real. Visita nuestro medio informativo publicado desde Hermosillo, Sonora. %\" \/>\n<meta name=\"robots\" content=\"index, follow, max-snippet:-1, max-image-preview:large, max-video-preview:-1\" \/>\n<link rel=\"canonical\" href=\"https:\/\/www.sonoraenequipo.com.mx\/dueno-de-miss-universo-tiene-una-orden-de-aprehension-por-delincuencia-organizada\/\" \/>\n<meta property=\"og:locale\" content=\"es_ES\" \/>\n<meta property=\"og:type\" content=\"article\" \/>\n<meta property=\"og:title\" content=\"Sonora en Equipo. Due\u00f1o de Miss Universo, tiene orden de aprehensi\u00f3n por delincuencia organizada Rep\u00fablica\" \/>\n<meta property=\"og:description\" content=\"El orgullo mexicano por el triunfo de F\u00e1tima Bosch en el concurso de Miss Universo empieza a enfangarse. Ra\u00fal Rocha Cant\u00fa, empresario mexicano due\u00f1o de un En Sonora en Equipo publicamos toda la informaci\u00f3n de Sonora, M\u00e9xico y el Mundo de manera oportuna y busca que la libertad de expresi\u00f3n sea real. Visita nuestro medio informativo publicado desde Hermosillo, Sonora. %\" \/>\n<meta property=\"og:url\" content=\"https:\/\/www.sonoraenequipo.com.mx\/dueno-de-miss-universo-tiene-una-orden-de-aprehension-por-delincuencia-organizada\/\" \/>\n<meta property=\"og:site_name\" content=\"Sonora en Equipo.\" \/>\n<meta property=\"article:publisher\" content=\"https:\/\/www.facebook.com\/SonoraEE\/\" \/>\n<meta property=\"article:author\" content=\"https:\/\/www.facebook.com\/SonoraEE\" \/>\n<meta property=\"article:published_time\" content=\"2025-11-27T19:22:56+00:00\" \/>\n<meta property=\"article:modified_time\" content=\"2025-11-27T19:23:50+00:00\" \/>\n<meta property=\"og:image\" content=\"https:\/\/www.sonoraenequipo.com.mx\/storage\/2025\/11\/raul-rocha.jpg\" \/>\n\t<meta property=\"og:image:width\" content=\"600\" \/>\n\t<meta property=\"og:image:height\" content=\"400\" \/>\n\t<meta property=\"og:image:type\" content=\"image\/jpeg\" \/>\n<meta name=\"author\" content=\"enequipo\" \/>\n<meta name=\"twitter:card\" content=\"summary_large_image\" \/>\n<meta name=\"twitter:creator\" content=\"@sonoraenequipo\" \/>\n<meta name=\"twitter:site\" content=\"@sonoraenequipo\" \/>\n<meta name=\"twitter:label1\" content=\"Escrito por\" \/>\n\t<meta name=\"twitter:data1\" content=\"enequipo\" \/>\n\t<meta name=\"twitter:label2\" content=\"Tiempo de lectura\" \/>\n\t<meta name=\"twitter:data2\" content=\"3 minutos\" \/>\n<script type=\"application\/ld+json\" class=\"yoast-schema-graph\">{\"@context\":\"https:\/\/schema.org\",\"@graph\":[{\"@type\":\"Article\",\"@id\":\"https:\/\/www.sonoraenequipo.com.mx\/dueno-de-miss-universo-tiene-una-orden-de-aprehension-por-delincuencia-organizada\/#article\",\"isPartOf\":{\"@id\":\"https:\/\/www.sonoraenequipo.com.mx\/dueno-de-miss-universo-tiene-una-orden-de-aprehension-por-delincuencia-organizada\/\"},\"author\":{\"name\":\"enequipo\",\"@id\":\"https:\/\/www.sonoraenequipo.com.mx\/#\/schema\/person\/50102df0fb23a8fa9e8effad8fa81386\"},\"headline\":\"Due\u00f1o de Miss Universo, tiene orden de aprehensi\u00f3n por delincuencia organizada\",\"datePublished\":\"2025-11-27T19:22:56+00:00\",\"dateModified\":\"2025-11-27T19:23:50+00:00\",\"mainEntityOfPage\":{\"@id\":\"https:\/\/www.sonoraenequipo.com.mx\/dueno-de-miss-universo-tiene-una-orden-de-aprehension-por-delincuencia-organizada\/\"},\"wordCount\":655,\"commentCount\":0,\"publisher\":{\"@id\":\"https:\/\/www.sonoraenequipo.com.mx\/#organization\"},\"image\":{\"@id\":\"https:\/\/www.sonoraenequipo.com.mx\/dueno-de-miss-universo-tiene-una-orden-de-aprehension-por-delincuencia-organizada\/#primaryimage\"},\"thumbnailUrl\":\"https:\/\/www.sonoraenequipo.com.mx\/storage\/2025\/11\/raul-rocha.jpg\",\"keywords\":[\"miss Universo\",\"Raul Rocha Cant\u00fa\"],\"articleSection\":[\"Rep\u00fablica\"],\"inLanguage\":\"es\",\"potentialAction\":[{\"@type\":\"CommentAction\",\"name\":\"Comment\",\"target\":[\"https:\/\/www.sonoraenequipo.com.mx\/dueno-de-miss-universo-tiene-una-orden-de-aprehension-por-delincuencia-organizada\/#respond\"]}]},{\"@type\":\"WebPage\",\"@id\":\"https:\/\/www.sonoraenequipo.com.mx\/dueno-de-miss-universo-tiene-una-orden-de-aprehension-por-delincuencia-organizada\/\",\"url\":\"https:\/\/www.sonoraenequipo.com.mx\/dueno-de-miss-universo-tiene-una-orden-de-aprehension-por-delincuencia-organizada\/\",\"name\":\"Sonora en Equipo. Due\u00f1o de Miss Universo, tiene orden de aprehensi\u00f3n por delincuencia organizada Rep\u00fablica\",\"isPartOf\":{\"@id\":\"https:\/\/www.sonoraenequipo.com.mx\/#website\"},\"primaryImageOfPage\":{\"@id\":\"https:\/\/www.sonoraenequipo.com.mx\/dueno-de-miss-universo-tiene-una-orden-de-aprehension-por-delincuencia-organizada\/#primaryimage\"},\"image\":{\"@id\":\"https:\/\/www.sonoraenequipo.com.mx\/dueno-de-miss-universo-tiene-una-orden-de-aprehension-por-delincuencia-organizada\/#primaryimage\"},\"thumbnailUrl\":\"https:\/\/www.sonoraenequipo.com.mx\/storage\/2025\/11\/raul-rocha.jpg\",\"datePublished\":\"2025-11-27T19:22:56+00:00\",\"dateModified\":\"2025-11-27T19:23:50+00:00\",\"description\":\"El orgullo mexicano por el triunfo de F\u00e1tima Bosch en el concurso de Miss Universo empieza a enfangarse. Ra\u00fal Rocha Cant\u00fa, empresario mexicano due\u00f1o de un En Sonora en Equipo publicamos toda la informaci\u00f3n de Sonora, M\u00e9xico y el Mundo de manera oportuna y busca que la libertad de expresi\u00f3n sea real. Visita nuestro medio informativo publicado desde Hermosillo, Sonora. %\",\"breadcrumb\":{\"@id\":\"https:\/\/www.sonoraenequipo.com.mx\/dueno-de-miss-universo-tiene-una-orden-de-aprehension-por-delincuencia-organizada\/#breadcrumb\"},\"inLanguage\":\"es\",\"potentialAction\":[{\"@type\":\"ReadAction\",\"target\":[\"https:\/\/www.sonoraenequipo.com.mx\/dueno-de-miss-universo-tiene-una-orden-de-aprehension-por-delincuencia-organizada\/\"]}]},{\"@type\":\"ImageObject\",\"inLanguage\":\"es\",\"@id\":\"https:\/\/www.sonoraenequipo.com.mx\/dueno-de-miss-universo-tiene-una-orden-de-aprehension-por-delincuencia-organizada\/#primaryimage\",\"url\":\"https:\/\/www.sonoraenequipo.com.mx\/storage\/2025\/11\/raul-rocha.jpg\",\"contentUrl\":\"https:\/\/www.sonoraenequipo.com.mx\/storage\/2025\/11\/raul-rocha.jpg\",\"width\":600,\"height\":400},{\"@type\":\"BreadcrumbList\",\"@id\":\"https:\/\/www.sonoraenequipo.com.mx\/dueno-de-miss-universo-tiene-una-orden-de-aprehension-por-delincuencia-organizada\/#breadcrumb\",\"itemListElement\":[{\"@type\":\"ListItem\",\"position\":1,\"name\":\"Portada\",\"item\":\"https:\/\/www.sonoraenequipo.com.mx\/\"},{\"@type\":\"ListItem\",\"position\":2,\"name\":\"Due\u00f1o de Miss Universo, tiene orden de aprehensi\u00f3n por delincuencia organizada\"}]},{\"@type\":\"WebSite\",\"@id\":\"https:\/\/www.sonoraenequipo.com.mx\/#website\",\"url\":\"https:\/\/www.sonoraenequipo.com.mx\/\",\"name\":\"Sonora en Equipo.\",\"description\":\"Diario en l\u00ednea con Noticias desde Hermosillo, Sonora\",\"publisher\":{\"@id\":\"https:\/\/www.sonoraenequipo.com.mx\/#organization\"},\"potentialAction\":[{\"@type\":\"SearchAction\",\"target\":{\"@type\":\"EntryPoint\",\"urlTemplate\":\"https:\/\/www.sonoraenequipo.com.mx\/?s={search_term_string}\"},\"query-input\":{\"@type\":\"PropertyValueSpecification\",\"valueRequired\":true,\"valueName\":\"search_term_string\"}}],\"inLanguage\":\"es\"},{\"@type\":\"Organization\",\"@id\":\"https:\/\/www.sonoraenequipo.com.mx\/#organization\",\"name\":\"Sonoraenequipo.com.mx\",\"url\":\"https:\/\/www.sonoraenequipo.com.mx\/\",\"logo\":{\"@type\":\"ImageObject\",\"inLanguage\":\"es\",\"@id\":\"https:\/\/www.sonoraenequipo.com.mx\/#\/schema\/logo\/image\/\",\"url\":\"https:\/\/www.sonoraenequipo.com.mx\/storage\/2019\/01\/sonoraenequipo_opt.png\",\"contentUrl\":\"https:\/\/www.sonoraenequipo.com.mx\/storage\/2019\/01\/sonoraenequipo_opt.png\",\"width\":375,\"height\":125,\"caption\":\"Sonoraenequipo.com.mx\"},\"image\":{\"@id\":\"https:\/\/www.sonoraenequipo.com.mx\/#\/schema\/logo\/image\/\"},\"sameAs\":[\"https:\/\/www.facebook.com\/SonoraEE\/\",\"https:\/\/x.com\/sonoraenequipo\",\"https:\/\/www.youtube.com\/channel\/UC338nW-lPEYmJQs4ZABQ1SQ\"]},{\"@type\":\"Person\",\"@id\":\"https:\/\/www.sonoraenequipo.com.mx\/#\/schema\/person\/50102df0fb23a8fa9e8effad8fa81386\",\"name\":\"enequipo\",\"image\":{\"@type\":\"ImageObject\",\"inLanguage\":\"es\",\"@id\":\"https:\/\/www.sonoraenequipo.com.mx\/#\/schema\/person\/image\/\",\"url\":\"https:\/\/secure.gravatar.com\/avatar\/049821681b589dabc0bc20695993ccebb09f5b5d4d790cd9251b97faac7c652b?s=96&d=blank&r=g\",\"contentUrl\":\"https:\/\/secure.gravatar.com\/avatar\/049821681b589dabc0bc20695993ccebb09f5b5d4d790cd9251b97faac7c652b?s=96&d=blank&r=g\",\"caption\":\"enequipo\"},\"sameAs\":[\"https:\/\/www.facebook.com\/SonoraEE\"]}]}<\/script>\n ","yoast_head_json":{"title":"Sonora en Equipo. Due\u00f1o de Miss Universo, tiene orden de aprehensi\u00f3n por delincuencia organizada Rep\u00fablica","description":"El orgullo mexicano por el triunfo de F\u00e1tima Bosch en el concurso de Miss Universo empieza a enfangarse. Ra\u00fal Rocha Cant\u00fa, empresario mexicano due\u00f1o de un En Sonora en Equipo publicamos toda la informaci\u00f3n de Sonora, M\u00e9xico y el Mundo de manera oportuna y busca que la libertad de expresi\u00f3n sea real. Visita nuestro medio informativo publicado desde Hermosillo, Sonora. %","robots":{"index":"index","follow":"follow","max-snippet":"max-snippet:-1","max-image-preview":"max-image-preview:large","max-video-preview":"max-video-preview:-1"},"canonical":"https:\/\/www.sonoraenequipo.com.mx\/dueno-de-miss-universo-tiene-una-orden-de-aprehension-por-delincuencia-organizada\/","og_locale":"es_ES","og_type":"article","og_title":"Sonora en Equipo. Due\u00f1o de Miss Universo, tiene orden de aprehensi\u00f3n por delincuencia organizada Rep\u00fablica","og_description":"El orgullo mexicano por el triunfo de F\u00e1tima Bosch en el concurso de Miss Universo empieza a enfangarse. Ra\u00fal Rocha Cant\u00fa, empresario mexicano due\u00f1o de un En Sonora en Equipo publicamos toda la informaci\u00f3n de Sonora, M\u00e9xico y el Mundo de manera oportuna y busca que la libertad de expresi\u00f3n sea real. Visita nuestro medio informativo publicado desde Hermosillo, Sonora. %","og_url":"https:\/\/www.sonoraenequipo.com.mx\/dueno-de-miss-universo-tiene-una-orden-de-aprehension-por-delincuencia-organizada\/","og_site_name":"Sonora en Equipo.","article_publisher":"https:\/\/www.facebook.com\/SonoraEE\/","article_author":"https:\/\/www.facebook.com\/SonoraEE","article_published_time":"2025-11-27T19:22:56+00:00","article_modified_time":"2025-11-27T19:23:50+00:00","og_image":[{"width":600,"height":400,"url":"https:\/\/www.sonoraenequipo.com.mx\/storage\/2025\/11\/raul-rocha.jpg","type":"image\/jpeg"}],"author":"enequipo","twitter_card":"summary_large_image","twitter_creator":"@sonoraenequipo","twitter_site":"@sonoraenequipo","twitter_misc":{"Escrito por":"enequipo","Tiempo de lectura":"3 minutos"},"schema":{"@context":"https:\/\/schema.org","@graph":[{"@type":"Article","@id":"https:\/\/www.sonoraenequipo.com.mx\/dueno-de-miss-universo-tiene-una-orden-de-aprehension-por-delincuencia-organizada\/#article","isPartOf":{"@id":"https:\/\/www.sonoraenequipo.com.mx\/dueno-de-miss-universo-tiene-una-orden-de-aprehension-por-delincuencia-organizada\/"},"author":{"name":"enequipo","@id":"https:\/\/www.sonoraenequipo.com.mx\/#\/schema\/person\/50102df0fb23a8fa9e8effad8fa81386"},"headline":"Due\u00f1o de Miss Universo, tiene orden de aprehensi\u00f3n por delincuencia organizada","datePublished":"2025-11-27T19:22:56+00:00","dateModified":"2025-11-27T19:23:50+00:00","mainEntityOfPage":{"@id":"https:\/\/www.sonoraenequipo.com.mx\/dueno-de-miss-universo-tiene-una-orden-de-aprehension-por-delincuencia-organizada\/"},"wordCount":655,"commentCount":0,"publisher":{"@id":"https:\/\/www.sonoraenequipo.com.mx\/#organization"},"image":{"@id":"https:\/\/www.sonoraenequipo.com.mx\/dueno-de-miss-universo-tiene-una-orden-de-aprehension-por-delincuencia-organizada\/#primaryimage"},"thumbnailUrl":"https:\/\/www.sonoraenequipo.com.mx\/storage\/2025\/11\/raul-rocha.jpg","keywords":["miss Universo","Raul Rocha Cant\u00fa"],"articleSection":["Rep\u00fablica"],"inLanguage":"es","potentialAction":[{"@type":"CommentAction","name":"Comment","target":["https:\/\/www.sonoraenequipo.com.mx\/dueno-de-miss-universo-tiene-una-orden-de-aprehension-por-delincuencia-organizada\/#respond"]}]},{"@type":"WebPage","@id":"https:\/\/www.sonoraenequipo.com.mx\/dueno-de-miss-universo-tiene-una-orden-de-aprehension-por-delincuencia-organizada\/","url":"https:\/\/www.sonoraenequipo.com.mx\/dueno-de-miss-universo-tiene-una-orden-de-aprehension-por-delincuencia-organizada\/","name":"Sonora en Equipo. Due\u00f1o de Miss Universo, tiene orden de aprehensi\u00f3n por delincuencia organizada Rep\u00fablica","isPartOf":{"@id":"https:\/\/www.sonoraenequipo.com.mx\/#website"},"primaryImageOfPage":{"@id":"https:\/\/www.sonoraenequipo.com.mx\/dueno-de-miss-universo-tiene-una-orden-de-aprehension-por-delincuencia-organizada\/#primaryimage"},"image":{"@id":"https:\/\/www.sonoraenequipo.com.mx\/dueno-de-miss-universo-tiene-una-orden-de-aprehension-por-delincuencia-organizada\/#primaryimage"},"thumbnailUrl":"https:\/\/www.sonoraenequipo.com.mx\/storage\/2025\/11\/raul-rocha.jpg","datePublished":"2025-11-27T19:22:56+00:00","dateModified":"2025-11-27T19:23:50+00:00","description":"El orgullo mexicano por el triunfo de F\u00e1tima Bosch en el concurso de Miss Universo empieza a enfangarse. Ra\u00fal Rocha Cant\u00fa, empresario mexicano due\u00f1o de un En Sonora en Equipo publicamos toda la informaci\u00f3n de Sonora, M\u00e9xico y el Mundo de manera oportuna y busca que la libertad de expresi\u00f3n sea real. Visita nuestro medio informativo publicado desde Hermosillo, Sonora. %","breadcrumb":{"@id":"https:\/\/www.sonoraenequipo.com.mx\/dueno-de-miss-universo-tiene-una-orden-de-aprehension-por-delincuencia-organizada\/#breadcrumb"},"inLanguage":"es","potentialAction":[{"@type":"ReadAction","target":["https:\/\/www.sonoraenequipo.com.mx\/dueno-de-miss-universo-tiene-una-orden-de-aprehension-por-delincuencia-organizada\/"]}]},{"@type":"ImageObject","inLanguage":"es","@id":"https:\/\/www.sonoraenequipo.com.mx\/dueno-de-miss-universo-tiene-una-orden-de-aprehension-por-delincuencia-organizada\/#primaryimage","url":"https:\/\/www.sonoraenequipo.com.mx\/storage\/2025\/11\/raul-rocha.jpg","contentUrl":"https:\/\/www.sonoraenequipo.com.mx\/storage\/2025\/11\/raul-rocha.jpg","width":600,"height":400},{"@type":"BreadcrumbList","@id":"https:\/\/www.sonoraenequipo.com.mx\/dueno-de-miss-universo-tiene-una-orden-de-aprehension-por-delincuencia-organizada\/#breadcrumb","itemListElement":[{"@type":"ListItem","position":1,"name":"Portada","item":"https:\/\/www.sonoraenequipo.com.mx\/"},{"@type":"ListItem","position":2,"name":"Due\u00f1o de Miss Universo, tiene orden de aprehensi\u00f3n por delincuencia organizada"}]},{"@type":"WebSite","@id":"https:\/\/www.sonoraenequipo.com.mx\/#website","url":"https:\/\/www.sonoraenequipo.com.mx\/","name":"Sonora en Equipo.","description":"Diario en l\u00ednea con Noticias desde Hermosillo, Sonora","publisher":{"@id":"https:\/\/www.sonoraenequipo.com.mx\/#organization"},"potentialAction":[{"@type":"SearchAction","target":{"@type":"EntryPoint","urlTemplate":"https:\/\/www.sonoraenequipo.com.mx\/?s={search_term_string}"},"query-input":{"@type":"PropertyValueSpecification","valueRequired":true,"valueName":"search_term_string"}}],"inLanguage":"es"},{"@type":"Organization","@id":"https:\/\/www.sonoraenequipo.com.mx\/#organization","name":"Sonoraenequipo.com.mx","url":"https:\/\/www.sonoraenequipo.com.mx\/","logo":{"@type":"ImageObject","inLanguage":"es","@id":"https:\/\/www.sonoraenequipo.com.mx\/#\/schema\/logo\/image\/","url":"https:\/\/www.sonoraenequipo.com.mx\/storage\/2019\/01\/sonoraenequipo_opt.png","contentUrl":"https:\/\/www.sonoraenequipo.com.mx\/storage\/2019\/01\/sonoraenequipo_opt.png","width":375,"height":125,"caption":"Sonoraenequipo.com.mx"},"image":{"@id":"https:\/\/www.sonoraenequipo.com.mx\/#\/schema\/logo\/image\/"},"sameAs":["https:\/\/www.facebook.com\/SonoraEE\/","https:\/\/x.com\/sonoraenequipo","https:\/\/www.youtube.com\/channel\/UC338nW-lPEYmJQs4ZABQ1SQ"]},{"@type":"Person","@id":"https:\/\/www.sonoraenequipo.com.mx\/#\/schema\/person\/50102df0fb23a8fa9e8effad8fa81386","name":"enequipo","image":{"@type":"ImageObject","inLanguage":"es","@id":"https:\/\/www.sonoraenequipo.com.mx\/#\/schema\/person\/image\/","url":"https:\/\/secure.gravatar.com\/avatar\/049821681b589dabc0bc20695993ccebb09f5b5d4d790cd9251b97faac7c652b?s=96&d=blank&r=g","contentUrl":"https:\/\/secure.gravatar.com\/avatar\/049821681b589dabc0bc20695993ccebb09f5b5d4d790cd9251b97faac7c652b?s=96&d=blank&r=g","caption":"enequipo"},"sameAs":["https:\/\/www.facebook.com\/SonoraEE"]}]}},"jetpack_featured_media_url":"https:\/\/www.sonoraenequipo.com.mx\/storage\/2025\/11\/raul-rocha.jpg","_links":{"self":[{"href":"https:\/\/www.sonoraenequipo.com.mx\/api\/wp\/v2\/posts\/229604","targetHints":{"allow":["GET"]}}],"collection":[{"href":"https:\/\/www.sonoraenequipo.com.mx\/api\/wp\/v2\/posts"}],"about":[{"href":"https:\/\/www.sonoraenequipo.com.mx\/api\/wp\/v2\/types\/post"}],"author":[{"embeddable":true,"href":"https:\/\/www.sonoraenequipo.com.mx\/api\/wp\/v2\/users\/1"}],"replies":[{"embeddable":true,"href":"https:\/\/www.sonoraenequipo.com.mx\/api\/wp\/v2\/comments?post=229604"}],"version-history":[{"count":2,"href":"https:\/\/www.sonoraenequipo.com.mx\/api\/wp\/v2\/posts\/229604\/revisions"}],"predecessor-version":[{"id":229607,"href":"https:\/\/www.sonoraenequipo.com.mx\/api\/wp\/v2\/posts\/229604\/revisions\/229607"}],"wp:featuredmedia":[{"embeddable":true,"href":"https:\/\/www.sonoraenequipo.com.mx\/api\/wp\/v2\/media\/229605"}],"wp:attachment":[{"href":"https:\/\/www.sonoraenequipo.com.mx\/api\/wp\/v2\/media?parent=229604"}],"wp:term":[{"taxonomy":"category","embeddable":true,"href":"https:\/\/www.sonoraenequipo.com.mx\/api\/wp\/v2\/categories?post=229604"},{"taxonomy":"post_tag","embeddable":true,"href":"https:\/\/www.sonoraenequipo.com.mx\/api\/wp\/v2\/tags?post=229604"}],"curies":[{"name":"wp","href":"https:\/\/api.w.org\/{rel}","templated":true}]}}