{"id":229608,"date":"2025-11-27T10:20:25","date_gmt":"2025-11-27T17:20:25","guid":{"rendered":"https:\/\/www.sonoraenequipo.com.mx\/?p=229608"},"modified":"2025-11-27T12:55:32","modified_gmt":"2025-11-27T19:55:32","slug":"mexico-pais-de-al-donde-mas-se-redujo-la-pobreza-cepal","status":"publish","type":"post","link":"https:\/\/www.sonoraenequipo.com.mx\/mexico-pais-de-al-donde-mas-se-redujo-la-pobreza-cepal\/","title":{"rendered":"M\u00e9xico, pa\u00eds de AL donde m\u00e1s se redujo la pobreza: Cepal"},"content":{"rendered":"<p><strong>CIUDAD DE M\u00c9XICO.MX. \u2014<\/strong> M\u00e9xico es el pa\u00eds de Am\u00e9rica Latina y el Caribe donde m\u00e1s se redujeron pobreza y pobreza extrema durante la \u00faltima d\u00e9cada, pero a\u00fan el 10 por ciento de la poblaci\u00f3n con mayores ingresos acapara una tercera parte del ingreso nacional, mientras el 10 por ciento m\u00e1s pobre se queda apenas con 2 por ciento. La desigualdad podr\u00eda ser mayor si se toman en cuenta registros tributarios y cuentas nacionales, report\u00f3 la Comisi\u00f3n Econ\u00f3mica para Am\u00e9rica Latina y el Caribe (Cepal).<\/p>\n<p>&nbsp;<\/p>\n<p>&nbsp;<\/p>\n<p>&nbsp;<\/p>\n<p> <\/p>\n<p>El pa\u00eds, junto con Brasil, inclin\u00f3 la balanza en la baja de la pobreza en toda la regi\u00f3n, particularmente en el \u00faltimo a\u00f1o. \u201cEn M\u00e9xico, de los 3 puntos porcentuales de reducci\u00f3n, 2 puntos se explican por una mejora en los salarios, impulsados en buena medida por el fuerte incremento del salario m\u00ednimo, que fue de alrededor de 135 por ciento real entre 2018 y 2025\u201d, explic\u00f3 Jos\u00e9 Manuel Salazar-Xirinachs, secretario ejecutivo de la Cepal.<\/p>\n<p>&nbsp;<\/p>\n<p>&nbsp;<\/p>\n<p>&nbsp;<\/p>\n<p>Durante la presentaci\u00f3n del Panorama Social de Am\u00e9rica Latina y el Caribe 2025, el economista destac\u00f3 que si bien las remuneraciones en el mercado laboral llevaron la batuta en la reducci\u00f3n de los indicadores de pobreza, tambi\u00e9n contribuyeron las becas universales, las transferencias a poblaciones vulnerables y la ampliaci\u00f3n de pensiones a adultos mayores.<\/p>\n<p>&nbsp;<\/p>\n<p>&nbsp;<\/p>\n<p>De acuerdo con datos de ingreso recuperados por el organismo, el a\u00f1o pasado M\u00e9xico cerr\u00f3 con una reducci\u00f3n de 0.6 por ciento en pobreza extrema y de 3.1 por ciento en pobreza general. El caso mexicano fue determinante para inclinar la balanza en toda la regi\u00f3n y fueron los incrementos salariales, por encima de la transferencias de gobierno, los que en mayor medida explicaron esta reducci\u00f3n en las carencias por ingresos, puntualiz\u00f3 la organizaci\u00f3n.<\/p>\n<p>&nbsp;<\/p>\n<p>&nbsp;<\/p>\n<p>El informe de la Cepal reporta que hasta el a\u00f1o pasado 25.5 por ciento de la poblaci\u00f3n latinoamericana (162 millones de personas) se encontraba en pobreza por ingresos, 2.2 puntos porcentuales menos que en 2023 y el valor m\u00e1s bajo desde que hay datos comparables. A la par, la pobreza extrema cubri\u00f3 a 9.8 por ciento (62 millones de personas) en 2024, lo que representa 0.8 puntos porcentuales menos que el a\u00f1o anterior, pero estos niveles se encuentran 2.1 puntos por encima de lo registrado en 2014.<\/p>\n<p>&nbsp;<\/p>\n<p>&nbsp;<\/p>\n<p>La reducci\u00f3n de pobreza en Am\u00e9rica Latina durante 2024 <strong><em>\u201cse explica principalmente por M\u00e9xico y, en menor medida, por Brasil, que aportaron 60 y 30 por ciento de dicha disminuci\u00f3n, respectivamente\u201d<\/em><\/strong>, apunta el informe.<\/p>\n<p>&nbsp;<\/p>\n<p>&nbsp;<\/p>\n<p>Salazar-Xirinachs sostuvo que si bien esta contribuci\u00f3n de M\u00e9xico y Brasil a la reducci\u00f3n de la pobreza en la regi\u00f3n se debe al peso demogr\u00e1fico de ambos pa\u00edses \u2013los m\u00e1s poblados de Am\u00e9rica Latina y el Caribe\u2013, a ello se suman las pol\u00edticas salariales y de transferencias que se aplican a fin de reducir las carencias sociales.<\/p>\n<p>&nbsp;<\/p>\n<h3>Brechas<\/h3>\n<p>&nbsp;<\/p>\n<p>Aun con las reducciones en los indicadores de pobreza y pobreza extrema \u2013impulsadas por los incrementos en las remuneraciones y los programas sociales\u2013 la desigualdad persiste en M\u00e9xico y en el resto de los pa\u00edses de la regi\u00f3n.<\/p>\n<p>&nbsp;<\/p>\n<p>&nbsp;<\/p>\n<p>El organismo indica que si bien hay una \u201clenta tendencia a la reducci\u00f3n\u201d, esta brecha es la segunda m\u00e1s alta del mundo, s\u00f3lo por debajo de \u00c1frica Subsahariana.<\/p>\n<p>&nbsp;<\/p>\n<p>&nbsp;<\/p>\n<p><em><strong>\u201cMediciones m\u00e1s completas, que agregan informaci\u00f3n de encuestas, registros tributarios y cuentas nacionales, sugieren que la desigualdad es a\u00fan mayor: la participaci\u00f3n del 10 por ciento m\u00e1s rico superar\u00eda 50 por ciento del ingreso total en promedio en la regi\u00f3n.\u201d<\/strong><\/em><\/p>\n<p>&nbsp;<\/p>\n<p>&nbsp;<\/p>\n<p>&nbsp;<\/p>\n<p>En el caso de M\u00e9xico, el 10 por ciento de la poblaci\u00f3n con mayores ingresos acapara 33.5 por ciento del ingreso nacional, mientras el 10 por ciento m\u00e1s pobre se queda apenas con 2 por ciento. Esto, pese a que el pa\u00eds ha liderado la reducci\u00f3n de la pobreza y pobreza extrema en la \u00faltima d\u00e9cada, lo que a su vez ha resultado en una reducci\u00f3n de 14 por ciento en la desigualdad durante el mismo periodo.<\/p>\n<p>&nbsp;<\/p>\n<p>&nbsp;<\/p>\n<p>&nbsp;<\/p>\n<p>A la vez, el \u00edndice de Gini en el pa\u00eds se acort\u00f3 de 0.50 a 0.43, pero este indicador, que mide la desigualdad y los de carencias sociales, podr\u00eda estancarse en medio del curso de la econom\u00eda global.<\/p>\n<p>&nbsp;<\/p>\n<p>&nbsp;<\/p>\n<p>Alberto Arenas, director de la Divisi\u00f3n de Desarrollo Social, dijo en conferencia de prensa que la reducci\u00f3n en los flujos de remesas \u2013que en el acumulado a septiembre llevan una contracci\u00f3n anual de 5.5 por ciento\u2013 <strong><em>\u201cpuede llegar a tener efectos\u201d<\/em><\/strong> en la tasa a la que se reduce la pobreza; a la par, las transferencias gubernamentales no desplazan la necesidad de pol\u00edticas de largo plazo para erradicar la pobreza multidimensional.<\/p>\n<p>&nbsp;<\/p>\n<p>&nbsp;<\/p>\n<p>PUBLICADO EL 27 DE NOVIEMBRE DE 2025 Con informaci\u00f3n de Dora Villanueva)<\/p>\n","protected":false},"excerpt":{"rendered":"<p>CIUDAD DE M\u00c9XICO.MX. \u2014 M\u00e9xico es el pa\u00eds de Am\u00e9rica Latina y el Caribe donde&#8230;<\/p>\n","protected":false},"author":1,"featured_media":229610,"comment_status":"open","ping_status":"open","sticky":false,"template":"","format":"standard","meta":{"_monsterinsights_skip_tracking":false,"_monsterinsights_sitenote_active":false,"_monsterinsights_sitenote_note":"","_monsterinsights_sitenote_category":0,"footnotes":""},"categories":[5],"tags":[],"class_list":["post"],"yoast_head":" \n<title>Sonora en Equipo. M\u00e9xico, pa\u00eds de AL donde m\u00e1s se redujo la pobreza: Cepal Rep\u00fablica<\/title>\n<meta name=\"description\" content=\"CIUDAD DE M\u00c9XICO.MX. \u2014 M\u00e9xico es el pa\u00eds de Am\u00e9rica Latina y el Caribe donde m\u00e1s se redujeron pobreza y pobreza extrema durante la \u00faltima d\u00e9cada, pero a\u00fan En Sonora en Equipo publicamos toda la informaci\u00f3n de Sonora, M\u00e9xico y el Mundo de manera oportuna y busca que la libertad de expresi\u00f3n sea real. Visita nuestro medio informativo publicado desde Hermosillo, Sonora. %\" \/>\n<meta name=\"robots\" content=\"index, follow, max-snippet:-1, max-image-preview:large, max-video-preview:-1\" \/>\n<link rel=\"canonical\" href=\"https:\/\/www.sonoraenequipo.com.mx\/mexico-pais-de-al-donde-mas-se-redujo-la-pobreza-cepal\/\" \/>\n<meta property=\"og:locale\" content=\"es_ES\" \/>\n<meta property=\"og:type\" content=\"article\" \/>\n<meta property=\"og:title\" content=\"Sonora en Equipo. M\u00e9xico, pa\u00eds de AL donde m\u00e1s se redujo la pobreza: Cepal Rep\u00fablica\" \/>\n<meta property=\"og:description\" content=\"CIUDAD DE M\u00c9XICO.MX. \u2014 M\u00e9xico es el pa\u00eds de Am\u00e9rica Latina y el Caribe donde m\u00e1s se redujeron pobreza y pobreza extrema durante la \u00faltima d\u00e9cada, pero a\u00fan En Sonora en Equipo publicamos toda la informaci\u00f3n de Sonora, M\u00e9xico y el Mundo de manera oportuna y busca que la libertad de expresi\u00f3n sea real. Visita nuestro medio informativo publicado desde Hermosillo, Sonora. %\" \/>\n<meta property=\"og:url\" content=\"https:\/\/www.sonoraenequipo.com.mx\/mexico-pais-de-al-donde-mas-se-redujo-la-pobreza-cepal\/\" \/>\n<meta property=\"og:site_name\" content=\"Sonora en Equipo.\" \/>\n<meta property=\"article:publisher\" content=\"https:\/\/www.facebook.com\/SonoraEE\/\" \/>\n<meta property=\"article:author\" content=\"https:\/\/www.facebook.com\/SonoraEE\" \/>\n<meta property=\"article:published_time\" content=\"2025-11-27T17:20:25+00:00\" \/>\n<meta property=\"article:modified_time\" content=\"2025-11-27T19:55:32+00:00\" \/>\n<meta property=\"og:image\" content=\"https:\/\/www.sonoraenequipo.com.mx\/storage\/2025\/11\/cepal.-jose-manuel-salazar-min.jpg\" \/>\n\t<meta property=\"og:image:width\" content=\"1000\" \/>\n\t<meta property=\"og:image:height\" content=\"666\" \/>\n\t<meta property=\"og:image:type\" content=\"image\/jpeg\" \/>\n<meta name=\"author\" content=\"enequipo\" \/>\n<meta name=\"twitter:card\" content=\"summary_large_image\" \/>\n<meta name=\"twitter:creator\" content=\"@sonoraenequipo\" \/>\n<meta name=\"twitter:site\" content=\"@sonoraenequipo\" \/>\n<meta name=\"twitter:label1\" content=\"Escrito por\" \/>\n\t<meta name=\"twitter:data1\" content=\"enequipo\" \/>\n\t<meta name=\"twitter:label2\" content=\"Tiempo de lectura\" \/>\n\t<meta name=\"twitter:data2\" content=\"4 minutos\" \/>\n<script type=\"application\/ld+json\" class=\"yoast-schema-graph\">{\"@context\":\"https:\/\/schema.org\",\"@graph\":[{\"@type\":\"Article\",\"@id\":\"https:\/\/www.sonoraenequipo.com.mx\/mexico-pais-de-al-donde-mas-se-redujo-la-pobreza-cepal\/#article\",\"isPartOf\":{\"@id\":\"https:\/\/www.sonoraenequipo.com.mx\/mexico-pais-de-al-donde-mas-se-redujo-la-pobreza-cepal\/\"},\"author\":{\"name\":\"enequipo\",\"@id\":\"https:\/\/www.sonoraenequipo.com.mx\/#\/schema\/person\/50102df0fb23a8fa9e8effad8fa81386\"},\"headline\":\"M\u00e9xico, pa\u00eds de AL donde m\u00e1s se redujo la pobreza: Cepal\",\"datePublished\":\"2025-11-27T17:20:25+00:00\",\"dateModified\":\"2025-11-27T19:55:32+00:00\",\"mainEntityOfPage\":{\"@id\":\"https:\/\/www.sonoraenequipo.com.mx\/mexico-pais-de-al-donde-mas-se-redujo-la-pobreza-cepal\/\"},\"wordCount\":854,\"commentCount\":0,\"publisher\":{\"@id\":\"https:\/\/www.sonoraenequipo.com.mx\/#organization\"},\"image\":{\"@id\":\"https:\/\/www.sonoraenequipo.com.mx\/mexico-pais-de-al-donde-mas-se-redujo-la-pobreza-cepal\/#primaryimage\"},\"thumbnailUrl\":\"https:\/\/www.sonoraenequipo.com.mx\/storage\/2025\/11\/cepal.-jose-manuel-salazar-min.jpg\",\"articleSection\":[\"Rep\u00fablica\"],\"inLanguage\":\"es\",\"potentialAction\":[{\"@type\":\"CommentAction\",\"name\":\"Comment\",\"target\":[\"https:\/\/www.sonoraenequipo.com.mx\/mexico-pais-de-al-donde-mas-se-redujo-la-pobreza-cepal\/#respond\"]}]},{\"@type\":\"WebPage\",\"@id\":\"https:\/\/www.sonoraenequipo.com.mx\/mexico-pais-de-al-donde-mas-se-redujo-la-pobreza-cepal\/\",\"url\":\"https:\/\/www.sonoraenequipo.com.mx\/mexico-pais-de-al-donde-mas-se-redujo-la-pobreza-cepal\/\",\"name\":\"Sonora en Equipo. M\u00e9xico, pa\u00eds de AL donde m\u00e1s se redujo la pobreza: Cepal Rep\u00fablica\",\"isPartOf\":{\"@id\":\"https:\/\/www.sonoraenequipo.com.mx\/#website\"},\"primaryImageOfPage\":{\"@id\":\"https:\/\/www.sonoraenequipo.com.mx\/mexico-pais-de-al-donde-mas-se-redujo-la-pobreza-cepal\/#primaryimage\"},\"image\":{\"@id\":\"https:\/\/www.sonoraenequipo.com.mx\/mexico-pais-de-al-donde-mas-se-redujo-la-pobreza-cepal\/#primaryimage\"},\"thumbnailUrl\":\"https:\/\/www.sonoraenequipo.com.mx\/storage\/2025\/11\/cepal.-jose-manuel-salazar-min.jpg\",\"datePublished\":\"2025-11-27T17:20:25+00:00\",\"dateModified\":\"2025-11-27T19:55:32+00:00\",\"description\":\"CIUDAD DE M\u00c9XICO.MX. \u2014 M\u00e9xico es el pa\u00eds de Am\u00e9rica Latina y el Caribe donde m\u00e1s se redujeron pobreza y pobreza extrema durante la \u00faltima d\u00e9cada, pero a\u00fan En Sonora en Equipo publicamos toda la informaci\u00f3n de Sonora, M\u00e9xico y el Mundo de manera oportuna y busca que la libertad de expresi\u00f3n sea real. Visita nuestro medio informativo publicado desde Hermosillo, Sonora. %\",\"breadcrumb\":{\"@id\":\"https:\/\/www.sonoraenequipo.com.mx\/mexico-pais-de-al-donde-mas-se-redujo-la-pobreza-cepal\/#breadcrumb\"},\"inLanguage\":\"es\",\"potentialAction\":[{\"@type\":\"ReadAction\",\"target\":[\"https:\/\/www.sonoraenequipo.com.mx\/mexico-pais-de-al-donde-mas-se-redujo-la-pobreza-cepal\/\"]}]},{\"@type\":\"ImageObject\",\"inLanguage\":\"es\",\"@id\":\"https:\/\/www.sonoraenequipo.com.mx\/mexico-pais-de-al-donde-mas-se-redujo-la-pobreza-cepal\/#primaryimage\",\"url\":\"https:\/\/www.sonoraenequipo.com.mx\/storage\/2025\/11\/cepal.-jose-manuel-salazar-min.jpg\",\"contentUrl\":\"https:\/\/www.sonoraenequipo.com.mx\/storage\/2025\/11\/cepal.-jose-manuel-salazar-min.jpg\",\"width\":1000,\"height\":666},{\"@type\":\"BreadcrumbList\",\"@id\":\"https:\/\/www.sonoraenequipo.com.mx\/mexico-pais-de-al-donde-mas-se-redujo-la-pobreza-cepal\/#breadcrumb\",\"itemListElement\":[{\"@type\":\"ListItem\",\"position\":1,\"name\":\"Portada\",\"item\":\"https:\/\/www.sonoraenequipo.com.mx\/\"},{\"@type\":\"ListItem\",\"position\":2,\"name\":\"M\u00e9xico, pa\u00eds de AL donde m\u00e1s se redujo la pobreza: Cepal\"}]},{\"@type\":\"WebSite\",\"@id\":\"https:\/\/www.sonoraenequipo.com.mx\/#website\",\"url\":\"https:\/\/www.sonoraenequipo.com.mx\/\",\"name\":\"Sonora en Equipo.\",\"description\":\"Diario en l\u00ednea con Noticias desde Hermosillo, Sonora\",\"publisher\":{\"@id\":\"https:\/\/www.sonoraenequipo.com.mx\/#organization\"},\"potentialAction\":[{\"@type\":\"SearchAction\",\"target\":{\"@type\":\"EntryPoint\",\"urlTemplate\":\"https:\/\/www.sonoraenequipo.com.mx\/?s={search_term_string}\"},\"query-input\":{\"@type\":\"PropertyValueSpecification\",\"valueRequired\":true,\"valueName\":\"search_term_string\"}}],\"inLanguage\":\"es\"},{\"@type\":\"Organization\",\"@id\":\"https:\/\/www.sonoraenequipo.com.mx\/#organization\",\"name\":\"Sonoraenequipo.com.mx\",\"url\":\"https:\/\/www.sonoraenequipo.com.mx\/\",\"logo\":{\"@type\":\"ImageObject\",\"inLanguage\":\"es\",\"@id\":\"https:\/\/www.sonoraenequipo.com.mx\/#\/schema\/logo\/image\/\",\"url\":\"https:\/\/www.sonoraenequipo.com.mx\/storage\/2019\/01\/sonoraenequipo_opt.png\",\"contentUrl\":\"https:\/\/www.sonoraenequipo.com.mx\/storage\/2019\/01\/sonoraenequipo_opt.png\",\"width\":375,\"height\":125,\"caption\":\"Sonoraenequipo.com.mx\"},\"image\":{\"@id\":\"https:\/\/www.sonoraenequipo.com.mx\/#\/schema\/logo\/image\/\"},\"sameAs\":[\"https:\/\/www.facebook.com\/SonoraEE\/\",\"https:\/\/x.com\/sonoraenequipo\",\"https:\/\/www.youtube.com\/channel\/UC338nW-lPEYmJQs4ZABQ1SQ\"]},{\"@type\":\"Person\",\"@id\":\"https:\/\/www.sonoraenequipo.com.mx\/#\/schema\/person\/50102df0fb23a8fa9e8effad8fa81386\",\"name\":\"enequipo\",\"image\":{\"@type\":\"ImageObject\",\"inLanguage\":\"es\",\"@id\":\"https:\/\/www.sonoraenequipo.com.mx\/#\/schema\/person\/image\/\",\"url\":\"https:\/\/secure.gravatar.com\/avatar\/049821681b589dabc0bc20695993ccebb09f5b5d4d790cd9251b97faac7c652b?s=96&d=blank&r=g\",\"contentUrl\":\"https:\/\/secure.gravatar.com\/avatar\/049821681b589dabc0bc20695993ccebb09f5b5d4d790cd9251b97faac7c652b?s=96&d=blank&r=g\",\"caption\":\"enequipo\"},\"sameAs\":[\"https:\/\/www.facebook.com\/SonoraEE\"]}]}<\/script>\n ","yoast_head_json":{"title":"Sonora en Equipo. M\u00e9xico, pa\u00eds de AL donde m\u00e1s se redujo la pobreza: Cepal Rep\u00fablica","description":"CIUDAD DE M\u00c9XICO.MX. \u2014 M\u00e9xico es el pa\u00eds de Am\u00e9rica Latina y el Caribe donde m\u00e1s se redujeron pobreza y pobreza extrema durante la \u00faltima d\u00e9cada, pero a\u00fan En Sonora en Equipo publicamos toda la informaci\u00f3n de Sonora, M\u00e9xico y el Mundo de manera oportuna y busca que la libertad de expresi\u00f3n sea real. Visita nuestro medio informativo publicado desde Hermosillo, Sonora. %","robots":{"index":"index","follow":"follow","max-snippet":"max-snippet:-1","max-image-preview":"max-image-preview:large","max-video-preview":"max-video-preview:-1"},"canonical":"https:\/\/www.sonoraenequipo.com.mx\/mexico-pais-de-al-donde-mas-se-redujo-la-pobreza-cepal\/","og_locale":"es_ES","og_type":"article","og_title":"Sonora en Equipo. M\u00e9xico, pa\u00eds de AL donde m\u00e1s se redujo la pobreza: Cepal Rep\u00fablica","og_description":"CIUDAD DE M\u00c9XICO.MX. \u2014 M\u00e9xico es el pa\u00eds de Am\u00e9rica Latina y el Caribe donde m\u00e1s se redujeron pobreza y pobreza extrema durante la \u00faltima d\u00e9cada, pero a\u00fan En Sonora en Equipo publicamos toda la informaci\u00f3n de Sonora, M\u00e9xico y el Mundo de manera oportuna y busca que la libertad de expresi\u00f3n sea real. Visita nuestro medio informativo publicado desde Hermosillo, Sonora. %","og_url":"https:\/\/www.sonoraenequipo.com.mx\/mexico-pais-de-al-donde-mas-se-redujo-la-pobreza-cepal\/","og_site_name":"Sonora en Equipo.","article_publisher":"https:\/\/www.facebook.com\/SonoraEE\/","article_author":"https:\/\/www.facebook.com\/SonoraEE","article_published_time":"2025-11-27T17:20:25+00:00","article_modified_time":"2025-11-27T19:55:32+00:00","og_image":[{"width":1000,"height":666,"url":"https:\/\/www.sonoraenequipo.com.mx\/storage\/2025\/11\/cepal.-jose-manuel-salazar-min.jpg","type":"image\/jpeg"}],"author":"enequipo","twitter_card":"summary_large_image","twitter_creator":"@sonoraenequipo","twitter_site":"@sonoraenequipo","twitter_misc":{"Escrito por":"enequipo","Tiempo de lectura":"4 minutos"},"schema":{"@context":"https:\/\/schema.org","@graph":[{"@type":"Article","@id":"https:\/\/www.sonoraenequipo.com.mx\/mexico-pais-de-al-donde-mas-se-redujo-la-pobreza-cepal\/#article","isPartOf":{"@id":"https:\/\/www.sonoraenequipo.com.mx\/mexico-pais-de-al-donde-mas-se-redujo-la-pobreza-cepal\/"},"author":{"name":"enequipo","@id":"https:\/\/www.sonoraenequipo.com.mx\/#\/schema\/person\/50102df0fb23a8fa9e8effad8fa81386"},"headline":"M\u00e9xico, pa\u00eds de AL donde m\u00e1s se redujo la pobreza: Cepal","datePublished":"2025-11-27T17:20:25+00:00","dateModified":"2025-11-27T19:55:32+00:00","mainEntityOfPage":{"@id":"https:\/\/www.sonoraenequipo.com.mx\/mexico-pais-de-al-donde-mas-se-redujo-la-pobreza-cepal\/"},"wordCount":854,"commentCount":0,"publisher":{"@id":"https:\/\/www.sonoraenequipo.com.mx\/#organization"},"image":{"@id":"https:\/\/www.sonoraenequipo.com.mx\/mexico-pais-de-al-donde-mas-se-redujo-la-pobreza-cepal\/#primaryimage"},"thumbnailUrl":"https:\/\/www.sonoraenequipo.com.mx\/storage\/2025\/11\/cepal.-jose-manuel-salazar-min.jpg","articleSection":["Rep\u00fablica"],"inLanguage":"es","potentialAction":[{"@type":"CommentAction","name":"Comment","target":["https:\/\/www.sonoraenequipo.com.mx\/mexico-pais-de-al-donde-mas-se-redujo-la-pobreza-cepal\/#respond"]}]},{"@type":"WebPage","@id":"https:\/\/www.sonoraenequipo.com.mx\/mexico-pais-de-al-donde-mas-se-redujo-la-pobreza-cepal\/","url":"https:\/\/www.sonoraenequipo.com.mx\/mexico-pais-de-al-donde-mas-se-redujo-la-pobreza-cepal\/","name":"Sonora en Equipo. M\u00e9xico, pa\u00eds de AL donde m\u00e1s se redujo la pobreza: Cepal Rep\u00fablica","isPartOf":{"@id":"https:\/\/www.sonoraenequipo.com.mx\/#website"},"primaryImageOfPage":{"@id":"https:\/\/www.sonoraenequipo.com.mx\/mexico-pais-de-al-donde-mas-se-redujo-la-pobreza-cepal\/#primaryimage"},"image":{"@id":"https:\/\/www.sonoraenequipo.com.mx\/mexico-pais-de-al-donde-mas-se-redujo-la-pobreza-cepal\/#primaryimage"},"thumbnailUrl":"https:\/\/www.sonoraenequipo.com.mx\/storage\/2025\/11\/cepal.-jose-manuel-salazar-min.jpg","datePublished":"2025-11-27T17:20:25+00:00","dateModified":"2025-11-27T19:55:32+00:00","description":"CIUDAD DE M\u00c9XICO.MX. \u2014 M\u00e9xico es el pa\u00eds de Am\u00e9rica Latina y el Caribe donde m\u00e1s se redujeron pobreza y pobreza extrema durante la \u00faltima d\u00e9cada, pero a\u00fan En Sonora en Equipo publicamos toda la informaci\u00f3n de Sonora, M\u00e9xico y el Mundo de manera oportuna y busca que la libertad de expresi\u00f3n sea real. Visita nuestro medio informativo publicado desde Hermosillo, Sonora. %","breadcrumb":{"@id":"https:\/\/www.sonoraenequipo.com.mx\/mexico-pais-de-al-donde-mas-se-redujo-la-pobreza-cepal\/#breadcrumb"},"inLanguage":"es","potentialAction":[{"@type":"ReadAction","target":["https:\/\/www.sonoraenequipo.com.mx\/mexico-pais-de-al-donde-mas-se-redujo-la-pobreza-cepal\/"]}]},{"@type":"ImageObject","inLanguage":"es","@id":"https:\/\/www.sonoraenequipo.com.mx\/mexico-pais-de-al-donde-mas-se-redujo-la-pobreza-cepal\/#primaryimage","url":"https:\/\/www.sonoraenequipo.com.mx\/storage\/2025\/11\/cepal.-jose-manuel-salazar-min.jpg","contentUrl":"https:\/\/www.sonoraenequipo.com.mx\/storage\/2025\/11\/cepal.-jose-manuel-salazar-min.jpg","width":1000,"height":666},{"@type":"BreadcrumbList","@id":"https:\/\/www.sonoraenequipo.com.mx\/mexico-pais-de-al-donde-mas-se-redujo-la-pobreza-cepal\/#breadcrumb","itemListElement":[{"@type":"ListItem","position":1,"name":"Portada","item":"https:\/\/www.sonoraenequipo.com.mx\/"},{"@type":"ListItem","position":2,"name":"M\u00e9xico, pa\u00eds de AL donde m\u00e1s se redujo la pobreza: Cepal"}]},{"@type":"WebSite","@id":"https:\/\/www.sonoraenequipo.com.mx\/#website","url":"https:\/\/www.sonoraenequipo.com.mx\/","name":"Sonora en Equipo.","description":"Diario en l\u00ednea con Noticias desde Hermosillo, Sonora","publisher":{"@id":"https:\/\/www.sonoraenequipo.com.mx\/#organization"},"potentialAction":[{"@type":"SearchAction","target":{"@type":"EntryPoint","urlTemplate":"https:\/\/www.sonoraenequipo.com.mx\/?s={search_term_string}"},"query-input":{"@type":"PropertyValueSpecification","valueRequired":true,"valueName":"search_term_string"}}],"inLanguage":"es"},{"@type":"Organization","@id":"https:\/\/www.sonoraenequipo.com.mx\/#organization","name":"Sonoraenequipo.com.mx","url":"https:\/\/www.sonoraenequipo.com.mx\/","logo":{"@type":"ImageObject","inLanguage":"es","@id":"https:\/\/www.sonoraenequipo.com.mx\/#\/schema\/logo\/image\/","url":"https:\/\/www.sonoraenequipo.com.mx\/storage\/2019\/01\/sonoraenequipo_opt.png","contentUrl":"https:\/\/www.sonoraenequipo.com.mx\/storage\/2019\/01\/sonoraenequipo_opt.png","width":375,"height":125,"caption":"Sonoraenequipo.com.mx"},"image":{"@id":"https:\/\/www.sonoraenequipo.com.mx\/#\/schema\/logo\/image\/"},"sameAs":["https:\/\/www.facebook.com\/SonoraEE\/","https:\/\/x.com\/sonoraenequipo","https:\/\/www.youtube.com\/channel\/UC338nW-lPEYmJQs4ZABQ1SQ"]},{"@type":"Person","@id":"https:\/\/www.sonoraenequipo.com.mx\/#\/schema\/person\/50102df0fb23a8fa9e8effad8fa81386","name":"enequipo","image":{"@type":"ImageObject","inLanguage":"es","@id":"https:\/\/www.sonoraenequipo.com.mx\/#\/schema\/person\/image\/","url":"https:\/\/secure.gravatar.com\/avatar\/049821681b589dabc0bc20695993ccebb09f5b5d4d790cd9251b97faac7c652b?s=96&d=blank&r=g","contentUrl":"https:\/\/secure.gravatar.com\/avatar\/049821681b589dabc0bc20695993ccebb09f5b5d4d790cd9251b97faac7c652b?s=96&d=blank&r=g","caption":"enequipo"},"sameAs":["https:\/\/www.facebook.com\/SonoraEE"]}]}},"jetpack_featured_media_url":"https:\/\/www.sonoraenequipo.com.mx\/storage\/2025\/11\/cepal.-jose-manuel-salazar-min.jpg","_links":{"self":[{"href":"https:\/\/www.sonoraenequipo.com.mx\/api\/wp\/v2\/posts\/229608","targetHints":{"allow":["GET"]}}],"collection":[{"href":"https:\/\/www.sonoraenequipo.com.mx\/api\/wp\/v2\/posts"}],"about":[{"href":"https:\/\/www.sonoraenequipo.com.mx\/api\/wp\/v2\/types\/post"}],"author":[{"embeddable":true,"href":"https:\/\/www.sonoraenequipo.com.mx\/api\/wp\/v2\/users\/1"}],"replies":[{"embeddable":true,"href":"https:\/\/www.sonoraenequipo.com.mx\/api\/wp\/v2\/comments?post=229608"}],"version-history":[{"count":1,"href":"https:\/\/www.sonoraenequipo.com.mx\/api\/wp\/v2\/posts\/229608\/revisions"}],"predecessor-version":[{"id":229617,"href":"https:\/\/www.sonoraenequipo.com.mx\/api\/wp\/v2\/posts\/229608\/revisions\/229617"}],"wp:featuredmedia":[{"embeddable":true,"href":"https:\/\/www.sonoraenequipo.com.mx\/api\/wp\/v2\/media\/229610"}],"wp:attachment":[{"href":"https:\/\/www.sonoraenequipo.com.mx\/api\/wp\/v2\/media?parent=229608"}],"wp:term":[{"taxonomy":"category","embeddable":true,"href":"https:\/\/www.sonoraenequipo.com.mx\/api\/wp\/v2\/categories?post=229608"},{"taxonomy":"post_tag","embeddable":true,"href":"https:\/\/www.sonoraenequipo.com.mx\/api\/wp\/v2\/tags?post=229608"}],"curies":[{"name":"wp","href":"https:\/\/api.w.org\/{rel}","templated":true}]}}