{"id":229633,"date":"2025-11-27T09:40:05","date_gmt":"2025-11-27T16:40:05","guid":{"rendered":"https:\/\/www.sonoraenequipo.com.mx\/?p=229633"},"modified":"2025-11-27T13:41:03","modified_gmt":"2025-11-27T20:41:03","slug":"gertz-no-me-ha-manifestado-su-intencion-de-renunciar-a-la-fgr-sheinbaum","status":"publish","type":"post","link":"https:\/\/www.sonoraenequipo.com.mx\/gertz-no-me-ha-manifestado-su-intencion-de-renunciar-a-la-fgr-sheinbaum\/","title":{"rendered":"Gertz no me ha manifestado su intenci\u00f3n de renunciar a la FGR: Sheinbaum"},"content":{"rendered":"<p><strong>CIUDAD DE M\u00c9XICO. MX. \u2014\u00a0<\/strong> Sin abundar en torno al contenido, la presidenta Claudia Sheinbaum inform\u00f3 que recibi\u00f3 un documento del Senado de la Rep\u00fablica que est\u00e1 analizando contenido la Consejer\u00eda Jur\u00eddica y cuya decisi\u00f3n en torno al mismo notificar\u00e1 ma\u00f1ana. Sin embargo, a pesar de la insistencia de si este documento era la renuncia del fiscal General de la Rep\u00fablica, Alejandro Gertz Manero, dijo que prefiere analizar el documento sin abundar<\/p>\n<p>&nbsp;<\/p>\n<p>&nbsp;<\/p>\n<p>&nbsp;<\/p>\n<p> <\/p>\n<p>-\u00bfEl fiscal le ha manifestado su intenci\u00f3n de renunciar?<\/p>\n<p>&nbsp;<\/p>\n<p>&nbsp;<\/p>\n<p>-No, no me lo ha manifestado, respondi\u00f3 la mandataria sin abundar.<\/p>\n<p>&nbsp;<\/p>\n<p>&nbsp;<\/p>\n<p>Al ser cuestionada sobre su valoraci\u00f3n del desempe\u00f1o de Gertz, consider\u00f3 que ha hecho un buen trabajo en la fiscal\u00eda, pero considero que es necesaria una mayor coordinaci\u00f3n con las fiscal\u00edas estatales para mejorar las tareas de seguridad. Hay temas en este rubro que es muy importante que haya mayor colaboraci\u00f3n de la FGR.<\/p>\n<p>&nbsp;<\/p>\n<p>&nbsp;<\/p>\n<p>-\u00bfEste documento que recibi\u00f3 del Senado es la carta de renuncia?<\/p>\n<p>&nbsp;<\/p>\n<p>&nbsp;<\/p>\n<p>-Prefiero analizarlo.<\/p>\n<p>&nbsp;<\/p>\n<p>&nbsp;<\/p>\n<p>Sobre la presencia en Palacio Nacional ayer del coordinador de la Junta de Coordinaci\u00f3n Pol\u00edtica del Senado, la mandataria coment\u00f3 que s\u00f3lo abordaron los temas de la agenda legislativa.<\/p>\n<p>&nbsp;<\/p>\n<p>&nbsp;<\/p>\n<p>Por otro lado, al referirse al caso de Ra\u00fal Rocha, directivo de Miss Universo que es investigado por la FGR , Sheinbaum asegur\u00f3 que corresponder\u00e1 a la propia FGR hablar sobre esta situaci\u00f3n. Si realmente existe una investigaci\u00f3n, si hay ya una carpeta integrada y si ya hay una orden de aprehensi\u00f3n.<\/p>\n<p>&nbsp;<\/p>\n<p>&nbsp;<\/p>\n<p>En otro orden, sobre la desaparici\u00f3n de dos agentes de la Secretar\u00eda de Seguridad P\u00fablica y Protecci\u00f3n Ciudadana en Jalisco, la Presidenta dijo que el titular de esa dependencia, Omar Garc\u00eda Harfuch, informar\u00e1 al respecto. Solo coment\u00f3 que ellos estaban realizando su trabajo.<\/p>\n<p>&nbsp;<\/p>\n<p>&nbsp;<\/p>\n<p>PUBLICADO EL 27 DE NOVIEMBRE DE 2025 Con informaci\u00f3n de Alonso Urrutia y Alma E. Mu\u00f1oz)<\/p>\n","protected":false},"excerpt":{"rendered":"<p>CIUDAD DE M\u00c9XICO. MX. \u2014\u00a0 Sin abundar en torno al contenido, la presidenta Claudia Sheinbaum&#8230;<\/p>\n","protected":false},"author":1,"featured_media":229623,"comment_status":"open","ping_status":"open","sticky":false,"template":"","format":"standard","meta":{"_monsterinsights_skip_tracking":false,"_monsterinsights_sitenote_active":false,"_monsterinsights_sitenote_note":"","_monsterinsights_sitenote_category":0,"footnotes":""},"categories":[5],"tags":[],"class_list":["post"],"yoast_head":" \n<title>Sonora en Equipo. Gertz no me ha manifestado su intenci\u00f3n de renunciar a la FGR: Sheinbaum Rep\u00fablica<\/title>\n<meta name=\"description\" content=\"CIUDAD DE M\u00c9XICO. MX. \u2014\u00a0 Sin abundar en torno al contenido, la presidenta Claudia Sheinbaum inform\u00f3 que recibi\u00f3 un documento del Senado de la Rep\u00fablica En Sonora en Equipo publicamos toda la informaci\u00f3n de Sonora, M\u00e9xico y el Mundo de manera oportuna y busca que la libertad de expresi\u00f3n sea real. Visita nuestro medio informativo publicado desde Hermosillo, Sonora. %\" \/>\n<meta name=\"robots\" content=\"index, follow, max-snippet:-1, max-image-preview:large, max-video-preview:-1\" \/>\n<link rel=\"canonical\" href=\"https:\/\/www.sonoraenequipo.com.mx\/gertz-no-me-ha-manifestado-su-intencion-de-renunciar-a-la-fgr-sheinbaum\/\" \/>\n<meta property=\"og:locale\" content=\"es_ES\" \/>\n<meta property=\"og:type\" content=\"article\" \/>\n<meta property=\"og:title\" content=\"Sonora en Equipo. Gertz no me ha manifestado su intenci\u00f3n de renunciar a la FGR: Sheinbaum Rep\u00fablica\" \/>\n<meta property=\"og:description\" content=\"CIUDAD DE M\u00c9XICO. MX. \u2014\u00a0 Sin abundar en torno al contenido, la presidenta Claudia Sheinbaum inform\u00f3 que recibi\u00f3 un documento del Senado de la Rep\u00fablica En Sonora en Equipo publicamos toda la informaci\u00f3n de Sonora, M\u00e9xico y el Mundo de manera oportuna y busca que la libertad de expresi\u00f3n sea real. Visita nuestro medio informativo publicado desde Hermosillo, Sonora. %\" \/>\n<meta property=\"og:url\" content=\"https:\/\/www.sonoraenequipo.com.mx\/gertz-no-me-ha-manifestado-su-intencion-de-renunciar-a-la-fgr-sheinbaum\/\" \/>\n<meta property=\"og:site_name\" content=\"Sonora en Equipo.\" \/>\n<meta property=\"article:publisher\" content=\"https:\/\/www.facebook.com\/SonoraEE\/\" \/>\n<meta property=\"article:author\" content=\"https:\/\/www.facebook.com\/SonoraEE\" \/>\n<meta property=\"article:published_time\" content=\"2025-11-27T16:40:05+00:00\" \/>\n<meta property=\"article:modified_time\" content=\"2025-11-27T20:41:03+00:00\" \/>\n<meta property=\"og:image\" content=\"https:\/\/www.sonoraenequipo.com.mx\/storage\/2025\/11\/CSPardo.2711-min.jpg\" \/>\n\t<meta property=\"og:image:width\" content=\"993\" \/>\n\t<meta property=\"og:image:height\" content=\"697\" \/>\n\t<meta property=\"og:image:type\" content=\"image\/jpeg\" \/>\n<meta name=\"author\" content=\"enequipo\" \/>\n<meta name=\"twitter:card\" content=\"summary_large_image\" \/>\n<meta name=\"twitter:creator\" content=\"@sonoraenequipo\" \/>\n<meta name=\"twitter:site\" content=\"@sonoraenequipo\" \/>\n<meta name=\"twitter:label1\" content=\"Escrito por\" \/>\n\t<meta name=\"twitter:data1\" content=\"enequipo\" \/>\n\t<meta name=\"twitter:label2\" content=\"Tiempo de lectura\" \/>\n\t<meta name=\"twitter:data2\" content=\"2 minutos\" \/>\n<script type=\"application\/ld+json\" class=\"yoast-schema-graph\">{\"@context\":\"https:\/\/schema.org\",\"@graph\":[{\"@type\":\"Article\",\"@id\":\"https:\/\/www.sonoraenequipo.com.mx\/gertz-no-me-ha-manifestado-su-intencion-de-renunciar-a-la-fgr-sheinbaum\/#article\",\"isPartOf\":{\"@id\":\"https:\/\/www.sonoraenequipo.com.mx\/gertz-no-me-ha-manifestado-su-intencion-de-renunciar-a-la-fgr-sheinbaum\/\"},\"author\":{\"name\":\"enequipo\",\"@id\":\"https:\/\/www.sonoraenequipo.com.mx\/#\/schema\/person\/50102df0fb23a8fa9e8effad8fa81386\"},\"headline\":\"Gertz no me ha manifestado su intenci\u00f3n de renunciar a la FGR: Sheinbaum\",\"datePublished\":\"2025-11-27T16:40:05+00:00\",\"dateModified\":\"2025-11-27T20:41:03+00:00\",\"mainEntityOfPage\":{\"@id\":\"https:\/\/www.sonoraenequipo.com.mx\/gertz-no-me-ha-manifestado-su-intencion-de-renunciar-a-la-fgr-sheinbaum\/\"},\"wordCount\":358,\"commentCount\":0,\"publisher\":{\"@id\":\"https:\/\/www.sonoraenequipo.com.mx\/#organization\"},\"image\":{\"@id\":\"https:\/\/www.sonoraenequipo.com.mx\/gertz-no-me-ha-manifestado-su-intencion-de-renunciar-a-la-fgr-sheinbaum\/#primaryimage\"},\"thumbnailUrl\":\"https:\/\/www.sonoraenequipo.com.mx\/storage\/2025\/11\/CSPardo.2711-min.jpg\",\"articleSection\":[\"Rep\u00fablica\"],\"inLanguage\":\"es\",\"potentialAction\":[{\"@type\":\"CommentAction\",\"name\":\"Comment\",\"target\":[\"https:\/\/www.sonoraenequipo.com.mx\/gertz-no-me-ha-manifestado-su-intencion-de-renunciar-a-la-fgr-sheinbaum\/#respond\"]}]},{\"@type\":\"WebPage\",\"@id\":\"https:\/\/www.sonoraenequipo.com.mx\/gertz-no-me-ha-manifestado-su-intencion-de-renunciar-a-la-fgr-sheinbaum\/\",\"url\":\"https:\/\/www.sonoraenequipo.com.mx\/gertz-no-me-ha-manifestado-su-intencion-de-renunciar-a-la-fgr-sheinbaum\/\",\"name\":\"Sonora en Equipo. Gertz no me ha manifestado su intenci\u00f3n de renunciar a la FGR: Sheinbaum Rep\u00fablica\",\"isPartOf\":{\"@id\":\"https:\/\/www.sonoraenequipo.com.mx\/#website\"},\"primaryImageOfPage\":{\"@id\":\"https:\/\/www.sonoraenequipo.com.mx\/gertz-no-me-ha-manifestado-su-intencion-de-renunciar-a-la-fgr-sheinbaum\/#primaryimage\"},\"image\":{\"@id\":\"https:\/\/www.sonoraenequipo.com.mx\/gertz-no-me-ha-manifestado-su-intencion-de-renunciar-a-la-fgr-sheinbaum\/#primaryimage\"},\"thumbnailUrl\":\"https:\/\/www.sonoraenequipo.com.mx\/storage\/2025\/11\/CSPardo.2711-min.jpg\",\"datePublished\":\"2025-11-27T16:40:05+00:00\",\"dateModified\":\"2025-11-27T20:41:03+00:00\",\"description\":\"CIUDAD DE M\u00c9XICO. MX. \u2014\u00a0 Sin abundar en torno al contenido, la presidenta Claudia Sheinbaum inform\u00f3 que recibi\u00f3 un documento del Senado de la Rep\u00fablica En Sonora en Equipo publicamos toda la informaci\u00f3n de Sonora, M\u00e9xico y el Mundo de manera oportuna y busca que la libertad de expresi\u00f3n sea real. Visita nuestro medio informativo publicado desde Hermosillo, Sonora. %\",\"breadcrumb\":{\"@id\":\"https:\/\/www.sonoraenequipo.com.mx\/gertz-no-me-ha-manifestado-su-intencion-de-renunciar-a-la-fgr-sheinbaum\/#breadcrumb\"},\"inLanguage\":\"es\",\"potentialAction\":[{\"@type\":\"ReadAction\",\"target\":[\"https:\/\/www.sonoraenequipo.com.mx\/gertz-no-me-ha-manifestado-su-intencion-de-renunciar-a-la-fgr-sheinbaum\/\"]}]},{\"@type\":\"ImageObject\",\"inLanguage\":\"es\",\"@id\":\"https:\/\/www.sonoraenequipo.com.mx\/gertz-no-me-ha-manifestado-su-intencion-de-renunciar-a-la-fgr-sheinbaum\/#primaryimage\",\"url\":\"https:\/\/www.sonoraenequipo.com.mx\/storage\/2025\/11\/CSPardo.2711-min.jpg\",\"contentUrl\":\"https:\/\/www.sonoraenequipo.com.mx\/storage\/2025\/11\/CSPardo.2711-min.jpg\",\"width\":993,\"height\":697},{\"@type\":\"BreadcrumbList\",\"@id\":\"https:\/\/www.sonoraenequipo.com.mx\/gertz-no-me-ha-manifestado-su-intencion-de-renunciar-a-la-fgr-sheinbaum\/#breadcrumb\",\"itemListElement\":[{\"@type\":\"ListItem\",\"position\":1,\"name\":\"Portada\",\"item\":\"https:\/\/www.sonoraenequipo.com.mx\/\"},{\"@type\":\"ListItem\",\"position\":2,\"name\":\"Gertz no me ha manifestado su intenci\u00f3n de renunciar a la FGR: Sheinbaum\"}]},{\"@type\":\"WebSite\",\"@id\":\"https:\/\/www.sonoraenequipo.com.mx\/#website\",\"url\":\"https:\/\/www.sonoraenequipo.com.mx\/\",\"name\":\"Sonora en Equipo.\",\"description\":\"Diario en l\u00ednea con Noticias desde Hermosillo, Sonora\",\"publisher\":{\"@id\":\"https:\/\/www.sonoraenequipo.com.mx\/#organization\"},\"potentialAction\":[{\"@type\":\"SearchAction\",\"target\":{\"@type\":\"EntryPoint\",\"urlTemplate\":\"https:\/\/www.sonoraenequipo.com.mx\/?s={search_term_string}\"},\"query-input\":{\"@type\":\"PropertyValueSpecification\",\"valueRequired\":true,\"valueName\":\"search_term_string\"}}],\"inLanguage\":\"es\"},{\"@type\":\"Organization\",\"@id\":\"https:\/\/www.sonoraenequipo.com.mx\/#organization\",\"name\":\"Sonoraenequipo.com.mx\",\"url\":\"https:\/\/www.sonoraenequipo.com.mx\/\",\"logo\":{\"@type\":\"ImageObject\",\"inLanguage\":\"es\",\"@id\":\"https:\/\/www.sonoraenequipo.com.mx\/#\/schema\/logo\/image\/\",\"url\":\"https:\/\/www.sonoraenequipo.com.mx\/storage\/2019\/01\/sonoraenequipo_opt.png\",\"contentUrl\":\"https:\/\/www.sonoraenequipo.com.mx\/storage\/2019\/01\/sonoraenequipo_opt.png\",\"width\":375,\"height\":125,\"caption\":\"Sonoraenequipo.com.mx\"},\"image\":{\"@id\":\"https:\/\/www.sonoraenequipo.com.mx\/#\/schema\/logo\/image\/\"},\"sameAs\":[\"https:\/\/www.facebook.com\/SonoraEE\/\",\"https:\/\/x.com\/sonoraenequipo\",\"https:\/\/www.youtube.com\/channel\/UC338nW-lPEYmJQs4ZABQ1SQ\"]},{\"@type\":\"Person\",\"@id\":\"https:\/\/www.sonoraenequipo.com.mx\/#\/schema\/person\/50102df0fb23a8fa9e8effad8fa81386\",\"name\":\"enequipo\",\"image\":{\"@type\":\"ImageObject\",\"inLanguage\":\"es\",\"@id\":\"https:\/\/www.sonoraenequipo.com.mx\/#\/schema\/person\/image\/\",\"url\":\"https:\/\/secure.gravatar.com\/avatar\/049821681b589dabc0bc20695993ccebb09f5b5d4d790cd9251b97faac7c652b?s=96&d=blank&r=g\",\"contentUrl\":\"https:\/\/secure.gravatar.com\/avatar\/049821681b589dabc0bc20695993ccebb09f5b5d4d790cd9251b97faac7c652b?s=96&d=blank&r=g\",\"caption\":\"enequipo\"},\"sameAs\":[\"https:\/\/www.facebook.com\/SonoraEE\"]}]}<\/script>\n ","yoast_head_json":{"title":"Sonora en Equipo. Gertz no me ha manifestado su intenci\u00f3n de renunciar a la FGR: Sheinbaum Rep\u00fablica","description":"CIUDAD DE M\u00c9XICO. MX. \u2014\u00a0 Sin abundar en torno al contenido, la presidenta Claudia Sheinbaum inform\u00f3 que recibi\u00f3 un documento del Senado de la Rep\u00fablica En Sonora en Equipo publicamos toda la informaci\u00f3n de Sonora, M\u00e9xico y el Mundo de manera oportuna y busca que la libertad de expresi\u00f3n sea real. Visita nuestro medio informativo publicado desde Hermosillo, Sonora. %","robots":{"index":"index","follow":"follow","max-snippet":"max-snippet:-1","max-image-preview":"max-image-preview:large","max-video-preview":"max-video-preview:-1"},"canonical":"https:\/\/www.sonoraenequipo.com.mx\/gertz-no-me-ha-manifestado-su-intencion-de-renunciar-a-la-fgr-sheinbaum\/","og_locale":"es_ES","og_type":"article","og_title":"Sonora en Equipo. Gertz no me ha manifestado su intenci\u00f3n de renunciar a la FGR: Sheinbaum Rep\u00fablica","og_description":"CIUDAD DE M\u00c9XICO. MX. \u2014\u00a0 Sin abundar en torno al contenido, la presidenta Claudia Sheinbaum inform\u00f3 que recibi\u00f3 un documento del Senado de la Rep\u00fablica En Sonora en Equipo publicamos toda la informaci\u00f3n de Sonora, M\u00e9xico y el Mundo de manera oportuna y busca que la libertad de expresi\u00f3n sea real. Visita nuestro medio informativo publicado desde Hermosillo, Sonora. %","og_url":"https:\/\/www.sonoraenequipo.com.mx\/gertz-no-me-ha-manifestado-su-intencion-de-renunciar-a-la-fgr-sheinbaum\/","og_site_name":"Sonora en Equipo.","article_publisher":"https:\/\/www.facebook.com\/SonoraEE\/","article_author":"https:\/\/www.facebook.com\/SonoraEE","article_published_time":"2025-11-27T16:40:05+00:00","article_modified_time":"2025-11-27T20:41:03+00:00","og_image":[{"width":993,"height":697,"url":"https:\/\/www.sonoraenequipo.com.mx\/storage\/2025\/11\/CSPardo.2711-min.jpg","type":"image\/jpeg"}],"author":"enequipo","twitter_card":"summary_large_image","twitter_creator":"@sonoraenequipo","twitter_site":"@sonoraenequipo","twitter_misc":{"Escrito por":"enequipo","Tiempo de lectura":"2 minutos"},"schema":{"@context":"https:\/\/schema.org","@graph":[{"@type":"Article","@id":"https:\/\/www.sonoraenequipo.com.mx\/gertz-no-me-ha-manifestado-su-intencion-de-renunciar-a-la-fgr-sheinbaum\/#article","isPartOf":{"@id":"https:\/\/www.sonoraenequipo.com.mx\/gertz-no-me-ha-manifestado-su-intencion-de-renunciar-a-la-fgr-sheinbaum\/"},"author":{"name":"enequipo","@id":"https:\/\/www.sonoraenequipo.com.mx\/#\/schema\/person\/50102df0fb23a8fa9e8effad8fa81386"},"headline":"Gertz no me ha manifestado su intenci\u00f3n de renunciar a la FGR: Sheinbaum","datePublished":"2025-11-27T16:40:05+00:00","dateModified":"2025-11-27T20:41:03+00:00","mainEntityOfPage":{"@id":"https:\/\/www.sonoraenequipo.com.mx\/gertz-no-me-ha-manifestado-su-intencion-de-renunciar-a-la-fgr-sheinbaum\/"},"wordCount":358,"commentCount":0,"publisher":{"@id":"https:\/\/www.sonoraenequipo.com.mx\/#organization"},"image":{"@id":"https:\/\/www.sonoraenequipo.com.mx\/gertz-no-me-ha-manifestado-su-intencion-de-renunciar-a-la-fgr-sheinbaum\/#primaryimage"},"thumbnailUrl":"https:\/\/www.sonoraenequipo.com.mx\/storage\/2025\/11\/CSPardo.2711-min.jpg","articleSection":["Rep\u00fablica"],"inLanguage":"es","potentialAction":[{"@type":"CommentAction","name":"Comment","target":["https:\/\/www.sonoraenequipo.com.mx\/gertz-no-me-ha-manifestado-su-intencion-de-renunciar-a-la-fgr-sheinbaum\/#respond"]}]},{"@type":"WebPage","@id":"https:\/\/www.sonoraenequipo.com.mx\/gertz-no-me-ha-manifestado-su-intencion-de-renunciar-a-la-fgr-sheinbaum\/","url":"https:\/\/www.sonoraenequipo.com.mx\/gertz-no-me-ha-manifestado-su-intencion-de-renunciar-a-la-fgr-sheinbaum\/","name":"Sonora en Equipo. Gertz no me ha manifestado su intenci\u00f3n de renunciar a la FGR: Sheinbaum Rep\u00fablica","isPartOf":{"@id":"https:\/\/www.sonoraenequipo.com.mx\/#website"},"primaryImageOfPage":{"@id":"https:\/\/www.sonoraenequipo.com.mx\/gertz-no-me-ha-manifestado-su-intencion-de-renunciar-a-la-fgr-sheinbaum\/#primaryimage"},"image":{"@id":"https:\/\/www.sonoraenequipo.com.mx\/gertz-no-me-ha-manifestado-su-intencion-de-renunciar-a-la-fgr-sheinbaum\/#primaryimage"},"thumbnailUrl":"https:\/\/www.sonoraenequipo.com.mx\/storage\/2025\/11\/CSPardo.2711-min.jpg","datePublished":"2025-11-27T16:40:05+00:00","dateModified":"2025-11-27T20:41:03+00:00","description":"CIUDAD DE M\u00c9XICO. MX. \u2014\u00a0 Sin abundar en torno al contenido, la presidenta Claudia Sheinbaum inform\u00f3 que recibi\u00f3 un documento del Senado de la Rep\u00fablica En Sonora en Equipo publicamos toda la informaci\u00f3n de Sonora, M\u00e9xico y el Mundo de manera oportuna y busca que la libertad de expresi\u00f3n sea real. Visita nuestro medio informativo publicado desde Hermosillo, Sonora. %","breadcrumb":{"@id":"https:\/\/www.sonoraenequipo.com.mx\/gertz-no-me-ha-manifestado-su-intencion-de-renunciar-a-la-fgr-sheinbaum\/#breadcrumb"},"inLanguage":"es","potentialAction":[{"@type":"ReadAction","target":["https:\/\/www.sonoraenequipo.com.mx\/gertz-no-me-ha-manifestado-su-intencion-de-renunciar-a-la-fgr-sheinbaum\/"]}]},{"@type":"ImageObject","inLanguage":"es","@id":"https:\/\/www.sonoraenequipo.com.mx\/gertz-no-me-ha-manifestado-su-intencion-de-renunciar-a-la-fgr-sheinbaum\/#primaryimage","url":"https:\/\/www.sonoraenequipo.com.mx\/storage\/2025\/11\/CSPardo.2711-min.jpg","contentUrl":"https:\/\/www.sonoraenequipo.com.mx\/storage\/2025\/11\/CSPardo.2711-min.jpg","width":993,"height":697},{"@type":"BreadcrumbList","@id":"https:\/\/www.sonoraenequipo.com.mx\/gertz-no-me-ha-manifestado-su-intencion-de-renunciar-a-la-fgr-sheinbaum\/#breadcrumb","itemListElement":[{"@type":"ListItem","position":1,"name":"Portada","item":"https:\/\/www.sonoraenequipo.com.mx\/"},{"@type":"ListItem","position":2,"name":"Gertz no me ha manifestado su intenci\u00f3n de renunciar a la FGR: Sheinbaum"}]},{"@type":"WebSite","@id":"https:\/\/www.sonoraenequipo.com.mx\/#website","url":"https:\/\/www.sonoraenequipo.com.mx\/","name":"Sonora en Equipo.","description":"Diario en l\u00ednea con Noticias desde Hermosillo, Sonora","publisher":{"@id":"https:\/\/www.sonoraenequipo.com.mx\/#organization"},"potentialAction":[{"@type":"SearchAction","target":{"@type":"EntryPoint","urlTemplate":"https:\/\/www.sonoraenequipo.com.mx\/?s={search_term_string}"},"query-input":{"@type":"PropertyValueSpecification","valueRequired":true,"valueName":"search_term_string"}}],"inLanguage":"es"},{"@type":"Organization","@id":"https:\/\/www.sonoraenequipo.com.mx\/#organization","name":"Sonoraenequipo.com.mx","url":"https:\/\/www.sonoraenequipo.com.mx\/","logo":{"@type":"ImageObject","inLanguage":"es","@id":"https:\/\/www.sonoraenequipo.com.mx\/#\/schema\/logo\/image\/","url":"https:\/\/www.sonoraenequipo.com.mx\/storage\/2019\/01\/sonoraenequipo_opt.png","contentUrl":"https:\/\/www.sonoraenequipo.com.mx\/storage\/2019\/01\/sonoraenequipo_opt.png","width":375,"height":125,"caption":"Sonoraenequipo.com.mx"},"image":{"@id":"https:\/\/www.sonoraenequipo.com.mx\/#\/schema\/logo\/image\/"},"sameAs":["https:\/\/www.facebook.com\/SonoraEE\/","https:\/\/x.com\/sonoraenequipo","https:\/\/www.youtube.com\/channel\/UC338nW-lPEYmJQs4ZABQ1SQ"]},{"@type":"Person","@id":"https:\/\/www.sonoraenequipo.com.mx\/#\/schema\/person\/50102df0fb23a8fa9e8effad8fa81386","name":"enequipo","image":{"@type":"ImageObject","inLanguage":"es","@id":"https:\/\/www.sonoraenequipo.com.mx\/#\/schema\/person\/image\/","url":"https:\/\/secure.gravatar.com\/avatar\/049821681b589dabc0bc20695993ccebb09f5b5d4d790cd9251b97faac7c652b?s=96&d=blank&r=g","contentUrl":"https:\/\/secure.gravatar.com\/avatar\/049821681b589dabc0bc20695993ccebb09f5b5d4d790cd9251b97faac7c652b?s=96&d=blank&r=g","caption":"enequipo"},"sameAs":["https:\/\/www.facebook.com\/SonoraEE"]}]}},"jetpack_featured_media_url":"https:\/\/www.sonoraenequipo.com.mx\/storage\/2025\/11\/CSPardo.2711-min.jpg","_links":{"self":[{"href":"https:\/\/www.sonoraenequipo.com.mx\/api\/wp\/v2\/posts\/229633","targetHints":{"allow":["GET"]}}],"collection":[{"href":"https:\/\/www.sonoraenequipo.com.mx\/api\/wp\/v2\/posts"}],"about":[{"href":"https:\/\/www.sonoraenequipo.com.mx\/api\/wp\/v2\/types\/post"}],"author":[{"embeddable":true,"href":"https:\/\/www.sonoraenequipo.com.mx\/api\/wp\/v2\/users\/1"}],"replies":[{"embeddable":true,"href":"https:\/\/www.sonoraenequipo.com.mx\/api\/wp\/v2\/comments?post=229633"}],"version-history":[{"count":1,"href":"https:\/\/www.sonoraenequipo.com.mx\/api\/wp\/v2\/posts\/229633\/revisions"}],"predecessor-version":[{"id":229635,"href":"https:\/\/www.sonoraenequipo.com.mx\/api\/wp\/v2\/posts\/229633\/revisions\/229635"}],"wp:featuredmedia":[{"embeddable":true,"href":"https:\/\/www.sonoraenequipo.com.mx\/api\/wp\/v2\/media\/229623"}],"wp:attachment":[{"href":"https:\/\/www.sonoraenequipo.com.mx\/api\/wp\/v2\/media?parent=229633"}],"wp:term":[{"taxonomy":"category","embeddable":true,"href":"https:\/\/www.sonoraenequipo.com.mx\/api\/wp\/v2\/categories?post=229633"},{"taxonomy":"post_tag","embeddable":true,"href":"https:\/\/www.sonoraenequipo.com.mx\/api\/wp\/v2\/tags?post=229633"}],"curies":[{"name":"wp","href":"https:\/\/api.w.org\/{rel}","templated":true}]}}